{"id":102810,"date":"2020-12-15T20:25:39","date_gmt":"2020-12-16T03:25:39","guid":{"rendered":"https:\/\/www.sonoraenequipo.com.mx\/?p=102810"},"modified":"2020-12-15T22:11:14","modified_gmt":"2020-12-16T05:11:14","slug":"morena-pospone-discusion-sobre-reforma-al-banxico-hasta-febrero-del-2021","status":"publish","type":"post","link":"https:\/\/www.sonoraenequipo.com.mx\/morena-pospone-discusion-sobre-reforma-al-banxico-hasta-febrero-del-2021\/","title":{"rendered":"Se pospone discusi\u00f3n sobre reforma al Banxico hasta febrero del 2021"},"content":{"rendered":"<p>CIUDAD DE M\u00c9XICO. MX. \u2014 La minuta del Senado que reforma la Ley del Banco de M\u00e9xico qued\u00f3 excluida de la sesi\u00f3n de hoy de la C\u00e1mara de Diputados y se trasladar\u00e1 para su debate y discusi\u00f3n al a\u00f1o que viene.<\/p>\n<p>&nbsp;<\/p>\n<p>&nbsp;<\/p>\n<p> <\/p>\n<p>&nbsp;<\/p>\n<p>En su cuenta de Twitter, la diputada del PAN, Laura Rojas,\u00a0 inform\u00f3 que diputados y senadores en ejercicio de parlamento abierto escucharemos a los sectores involucrados.<\/p>\n<p>&nbsp;<\/p>\n<p>El coordinador de la bancada de Morena en la C\u00e1mara de Diputados, Ignacio Mier Velazco, dijo que propuso a la Junta de Coordinaci\u00f3n Pol\u00edtica (Jucopo) la creaci\u00f3n de un grupo de trabajo con la participaci\u00f3n de todos los sectores que tienen que ver con la reforma a la Ley del Banco de M\u00e9xico.<\/p>\n<p>&nbsp;<\/p>\n<p>La legislaci\u00f3n, que obtuvo la aprobaci\u00f3n del Senado la semana pasada, obligar\u00eda al Banxico a comprar divisas a los bancos locales, que terminan con d\u00f3lares en exceso por remesas y turismo. Muchos de los d\u00f3lares que circulan en M\u00e9xico provienen del tr\u00e1fico de drogas u otras actividades ilegales, y los funcionarios ven el riesgo de que el Banco Central enfrente sanciones estadounidenses por manejar inadvertidamente dinero sucio.<\/p>\n<p>&nbsp;<\/p>\n<p>El domingo, la Asociaci\u00f3n de Bancos de M\u00e9xico (ABM), que re\u00fane a los principales bancos como Santander, BBVA y Citibanamex, emiti\u00f3 un comunicado atacando la legislaci\u00f3n y apoyando al Banco Central.<\/p>\n<p>&nbsp;<\/p>\n<p>La ley propuesta aumentar\u00eda el riesgo de lavado de dinero y financiamiento del terrorismo y da\u00f1ar\u00eda la econom\u00eda al socavar <em>\u00abla confianza internacional ganada durante muchos a\u00f1os por el Banco de M\u00e9xico y los bancos mexicanos\u00bb,<\/em> dijeron los bancos en el comunicado.<\/p>\n<p>&nbsp;<\/p>\n<p>Banxico tambi\u00e9n emiti\u00f3 un comunicado el domingo, diciendo que estaba abierto a trabajar con los legisladores en la b\u00fasqueda de soluciones para ayudar a los bancos a descargar su exceso de d\u00f3lares.<\/p>\n<p>&nbsp;<\/p>\n<p>Los partidarios dicen que el proyecto de ley facilitar\u00eda a los migrantes mexicanos cambiar d\u00f3lares en un mercado que se ha visto afectado por el endurecimiento de los controles estadounidenses contra el lavado de dinero.<\/p>\n<p>&nbsp;<\/p>\n<p>El s\u00e1bado, los l\u00edderes del Senado de Morena dijeron que la mayor\u00eda respaldaba el proyecto de ley y que el Banco Central deber\u00eda establecer controles para reducir el riesgo de aceptar efectivo il\u00edcito. El proyecto de ley evitar\u00e1 que los migrantes tengan que vender d\u00f3lares con p\u00e9rdidas a los cambistas, dijeron los legisladores.<\/p>\n<p>&nbsp;<\/p>\n<p><em>\u201cNo intentamos ni pretendemos de ninguna manera limitar la autonom\u00eda del Banco de M\u00e9xico\u201d<\/em>, dijo Ignacio Mier, l\u00edder de Morena en la C\u00e1mara Baja, en una entrevista telef\u00f3nica, rechazando que el Congreso est\u00e9 tratando de acelerar el proyecto de ley.<\/p>\n<p>&nbsp;<\/p>\n<p>&nbsp;<\/p>\n<p>El Banco Central dijo que el efectivo representa solo el 1 por ciento del total de las remesas y no justifica el da\u00f1o colateral que podr\u00eda causar la factura.<\/p>\n<p>&nbsp;<\/p>\n<p>&nbsp;<\/p>\n<p>Dado que la mayor\u00eda de las remesas se env\u00edan por cable a casa, toda la justificaci\u00f3n declarada del proyecto de ley es cuestionable, dijo Carlos Serrano, economista jefe de BBVA M\u00e9xico.<\/p>\n<p>&nbsp;<\/p>\n<p>&nbsp;<\/p>\n<p>\u201cEsto no ser\u00e1 un beneficio para la gran masa de trabajadores mexicanos en Estados Unidos , ni para sus familiares en M\u00e9xico\u201d, dijo Serrano.<\/p>\n<p>&nbsp;<\/p>\n<p>&nbsp;<\/p>\n<p>(Publicada el 15\/12\/2020)<\/p>\n<p>&nbsp;<\/p>\n<p>&nbsp;<\/p>\n","protected":false},"excerpt":{"rendered":"<p>CIUDAD DE M\u00c9XICO. MX. \u2014 La minuta del Senado que reforma la Ley del Banco&#8230;<\/p>\n","protected":false},"author":1,"featured_media":102811,"comment_status":"open","ping_status":"open","sticky":false,"template":"","format":"standard","meta":{"_monsterinsights_skip_tracking":false,"_monsterinsights_sitenote_active":false,"_monsterinsights_sitenote_note":"","_monsterinsights_sitenote_category":0,"footnotes":""},"categories":[5],"tags":[],"class_list":["post"],"yoast_head":" \n<title>Sonora en Equipo. Se pospone discusi\u00f3n sobre reforma al Banxico hasta febrero del 2021 Rep\u00fablica<\/title>\n<meta name=\"description\" content=\"CIUDAD DE M\u00c9XICO. MX. \u2014 La minuta del Senado que reforma la Ley del Banco de M\u00e9xico qued\u00f3 excluida de la sesi\u00f3n de hoy de la C\u00e1mara de Diputados y se En Sonora en Equipo publicamos toda la informaci\u00f3n de Sonora, M\u00e9xico y el Mundo de manera oportuna y busca que la libertad de expresi\u00f3n sea real. Visita nuestro medio informativo publicado desde Hermosillo, Sonora. %\" \/>\n<meta name=\"robots\" content=\"index, follow, max-snippet:-1, max-image-preview:large, max-video-preview:-1\" \/>\n<link rel=\"canonical\" href=\"https:\/\/www.sonoraenequipo.com.mx\/morena-pospone-discusion-sobre-reforma-al-banxico-hasta-febrero-del-2021\/\" \/>\n<meta property=\"og:locale\" content=\"es_ES\" \/>\n<meta property=\"og:type\" content=\"article\" \/>\n<meta property=\"og:title\" content=\"Sonora en Equipo. Se pospone discusi\u00f3n sobre reforma al Banxico hasta febrero del 2021 Rep\u00fablica\" \/>\n<meta property=\"og:description\" content=\"CIUDAD DE M\u00c9XICO. MX. \u2014 La minuta del Senado que reforma la Ley del Banco de M\u00e9xico qued\u00f3 excluida de la sesi\u00f3n de hoy de la C\u00e1mara de Diputados y se En Sonora en Equipo publicamos toda la informaci\u00f3n de Sonora, M\u00e9xico y el Mundo de manera oportuna y busca que la libertad de expresi\u00f3n sea real. Visita nuestro medio informativo publicado desde Hermosillo, Sonora. %\" \/>\n<meta property=\"og:url\" content=\"https:\/\/www.sonoraenequipo.com.mx\/morena-pospone-discusion-sobre-reforma-al-banxico-hasta-febrero-del-2021\/\" \/>\n<meta property=\"og:site_name\" content=\"Sonora en Equipo.\" \/>\n<meta property=\"article:publisher\" content=\"https:\/\/www.facebook.com\/SonoraEE\/\" \/>\n<meta property=\"article:author\" content=\"https:\/\/www.facebook.com\/SonoraEE\" \/>\n<meta property=\"article:published_time\" content=\"2020-12-16T03:25:39+00:00\" \/>\n<meta property=\"article:modified_time\" content=\"2020-12-16T05:11:14+00:00\" \/>\n<meta property=\"og:image\" content=\"https:\/\/www.sonoraenequipo.com.mx\/storage\/2020\/12\/banxico_opt.jpg\" \/>\n\t<meta property=\"og:image:width\" content=\"723\" \/>\n\t<meta property=\"og:image:height\" content=\"450\" \/>\n\t<meta property=\"og:image:type\" content=\"image\/jpeg\" \/>\n<meta name=\"author\" content=\"enequipo\" \/>\n<meta name=\"twitter:card\" content=\"summary_large_image\" \/>\n<meta name=\"twitter:creator\" content=\"@sonoraenequipo\" \/>\n<meta name=\"twitter:site\" content=\"@sonoraenequipo\" \/>\n<meta name=\"twitter:label1\" content=\"Escrito por\" \/>\n\t<meta name=\"twitter:data1\" content=\"enequipo\" \/>\n\t<meta name=\"twitter:label2\" content=\"Tiempo de lectura\" \/>\n\t<meta name=\"twitter:data2\" content=\"3 minutos\" \/>\n<script type=\"application\/ld+json\" class=\"yoast-schema-graph\">{\"@context\":\"https:\/\/schema.org\",\"@graph\":[{\"@type\":\"Article\",\"@id\":\"https:\/\/www.sonoraenequipo.com.mx\/morena-pospone-discusion-sobre-reforma-al-banxico-hasta-febrero-del-2021\/#article\",\"isPartOf\":{\"@id\":\"https:\/\/www.sonoraenequipo.com.mx\/morena-pospone-discusion-sobre-reforma-al-banxico-hasta-febrero-del-2021\/\"},\"author\":{\"name\":\"enequipo\",\"@id\":\"https:\/\/www.sonoraenequipo.com.mx\/#\/schema\/person\/50102df0fb23a8fa9e8effad8fa81386\"},\"headline\":\"Se pospone discusi\u00f3n sobre reforma al Banxico hasta febrero del 2021\",\"datePublished\":\"2020-12-16T03:25:39+00:00\",\"dateModified\":\"2020-12-16T05:11:14+00:00\",\"mainEntityOfPage\":{\"@id\":\"https:\/\/www.sonoraenequipo.com.mx\/morena-pospone-discusion-sobre-reforma-al-banxico-hasta-febrero-del-2021\/\"},\"wordCount\":588,\"commentCount\":0,\"publisher\":{\"@id\":\"https:\/\/www.sonoraenequipo.com.mx\/#organization\"},\"image\":{\"@id\":\"https:\/\/www.sonoraenequipo.com.mx\/morena-pospone-discusion-sobre-reforma-al-banxico-hasta-febrero-del-2021\/#primaryimage\"},\"thumbnailUrl\":\"https:\/\/www.sonoraenequipo.com.mx\/storage\/2020\/12\/banxico_opt.jpg\",\"articleSection\":[\"Rep\u00fablica\"],\"inLanguage\":\"es\",\"potentialAction\":[{\"@type\":\"CommentAction\",\"name\":\"Comment\",\"target\":[\"https:\/\/www.sonoraenequipo.com.mx\/morena-pospone-discusion-sobre-reforma-al-banxico-hasta-febrero-del-2021\/#respond\"]}]},{\"@type\":\"WebPage\",\"@id\":\"https:\/\/www.sonoraenequipo.com.mx\/morena-pospone-discusion-sobre-reforma-al-banxico-hasta-febrero-del-2021\/\",\"url\":\"https:\/\/www.sonoraenequipo.com.mx\/morena-pospone-discusion-sobre-reforma-al-banxico-hasta-febrero-del-2021\/\",\"name\":\"Sonora en Equipo. Se pospone discusi\u00f3n sobre reforma al Banxico hasta febrero del 2021 Rep\u00fablica\",\"isPartOf\":{\"@id\":\"https:\/\/www.sonoraenequipo.com.mx\/#website\"},\"primaryImageOfPage\":{\"@id\":\"https:\/\/www.sonoraenequipo.com.mx\/morena-pospone-discusion-sobre-reforma-al-banxico-hasta-febrero-del-2021\/#primaryimage\"},\"image\":{\"@id\":\"https:\/\/www.sonoraenequipo.com.mx\/morena-pospone-discusion-sobre-reforma-al-banxico-hasta-febrero-del-2021\/#primaryimage\"},\"thumbnailUrl\":\"https:\/\/www.sonoraenequipo.com.mx\/storage\/2020\/12\/banxico_opt.jpg\",\"datePublished\":\"2020-12-16T03:25:39+00:00\",\"dateModified\":\"2020-12-16T05:11:14+00:00\",\"description\":\"CIUDAD DE M\u00c9XICO. MX. \u2014 La minuta del Senado que reforma la Ley del Banco de M\u00e9xico qued\u00f3 excluida de la sesi\u00f3n de hoy de la C\u00e1mara de Diputados y se En Sonora en Equipo publicamos toda la informaci\u00f3n de Sonora, M\u00e9xico y el Mundo de manera oportuna y busca que la libertad de expresi\u00f3n sea real. Visita nuestro medio informativo publicado desde Hermosillo, Sonora. %\",\"breadcrumb\":{\"@id\":\"https:\/\/www.sonoraenequipo.com.mx\/morena-pospone-discusion-sobre-reforma-al-banxico-hasta-febrero-del-2021\/#breadcrumb\"},\"inLanguage\":\"es\",\"potentialAction\":[{\"@type\":\"ReadAction\",\"target\":[\"https:\/\/www.sonoraenequipo.com.mx\/morena-pospone-discusion-sobre-reforma-al-banxico-hasta-febrero-del-2021\/\"]}]},{\"@type\":\"ImageObject\",\"inLanguage\":\"es\",\"@id\":\"https:\/\/www.sonoraenequipo.com.mx\/morena-pospone-discusion-sobre-reforma-al-banxico-hasta-febrero-del-2021\/#primaryimage\",\"url\":\"https:\/\/www.sonoraenequipo.com.mx\/storage\/2020\/12\/banxico_opt.jpg\",\"contentUrl\":\"https:\/\/www.sonoraenequipo.com.mx\/storage\/2020\/12\/banxico_opt.jpg\",\"width\":723,\"height\":450},{\"@type\":\"BreadcrumbList\",\"@id\":\"https:\/\/www.sonoraenequipo.com.mx\/morena-pospone-discusion-sobre-reforma-al-banxico-hasta-febrero-del-2021\/#breadcrumb\",\"itemListElement\":[{\"@type\":\"ListItem\",\"position\":1,\"name\":\"Portada\",\"item\":\"https:\/\/www.sonoraenequipo.com.mx\/\"},{\"@type\":\"ListItem\",\"position\":2,\"name\":\"Se pospone discusi\u00f3n sobre reforma al Banxico hasta febrero del 2021\"}]},{\"@type\":\"WebSite\",\"@id\":\"https:\/\/www.sonoraenequipo.com.mx\/#website\",\"url\":\"https:\/\/www.sonoraenequipo.com.mx\/\",\"name\":\"Sonora en Equipo.\",\"description\":\"Diario en l\u00ednea con Noticias desde Hermosillo, Sonora\",\"publisher\":{\"@id\":\"https:\/\/www.sonoraenequipo.com.mx\/#organization\"},\"potentialAction\":[{\"@type\":\"SearchAction\",\"target\":{\"@type\":\"EntryPoint\",\"urlTemplate\":\"https:\/\/www.sonoraenequipo.com.mx\/?s={search_term_string}\"},\"query-input\":{\"@type\":\"PropertyValueSpecification\",\"valueRequired\":true,\"valueName\":\"search_term_string\"}}],\"inLanguage\":\"es\"},{\"@type\":\"Organization\",\"@id\":\"https:\/\/www.sonoraenequipo.com.mx\/#organization\",\"name\":\"Sonoraenequipo.com.mx\",\"url\":\"https:\/\/www.sonoraenequipo.com.mx\/\",\"logo\":{\"@type\":\"ImageObject\",\"inLanguage\":\"es\",\"@id\":\"https:\/\/www.sonoraenequipo.com.mx\/#\/schema\/logo\/image\/\",\"url\":\"https:\/\/www.sonoraenequipo.com.mx\/storage\/2019\/01\/sonoraenequipo_opt.png\",\"contentUrl\":\"https:\/\/www.sonoraenequipo.com.mx\/storage\/2019\/01\/sonoraenequipo_opt.png\",\"width\":375,\"height\":125,\"caption\":\"Sonoraenequipo.com.mx\"},\"image\":{\"@id\":\"https:\/\/www.sonoraenequipo.com.mx\/#\/schema\/logo\/image\/\"},\"sameAs\":[\"https:\/\/www.facebook.com\/SonoraEE\/\",\"https:\/\/x.com\/sonoraenequipo\",\"https:\/\/www.youtube.com\/channel\/UC338nW-lPEYmJQs4ZABQ1SQ\"]},{\"@type\":\"Person\",\"@id\":\"https:\/\/www.sonoraenequipo.com.mx\/#\/schema\/person\/50102df0fb23a8fa9e8effad8fa81386\",\"name\":\"enequipo\",\"image\":{\"@type\":\"ImageObject\",\"inLanguage\":\"es\",\"@id\":\"https:\/\/www.sonoraenequipo.com.mx\/#\/schema\/person\/image\/\",\"url\":\"https:\/\/secure.gravatar.com\/avatar\/049821681b589dabc0bc20695993ccebb09f5b5d4d790cd9251b97faac7c652b?s=96&d=blank&r=g\",\"contentUrl\":\"https:\/\/secure.gravatar.com\/avatar\/049821681b589dabc0bc20695993ccebb09f5b5d4d790cd9251b97faac7c652b?s=96&d=blank&r=g\",\"caption\":\"enequipo\"},\"sameAs\":[\"https:\/\/www.facebook.com\/SonoraEE\"]}]}<\/script>\n ","yoast_head_json":{"title":"Sonora en Equipo. Se pospone discusi\u00f3n sobre reforma al Banxico hasta febrero del 2021 Rep\u00fablica","description":"CIUDAD DE M\u00c9XICO. MX. \u2014 La minuta del Senado que reforma la Ley del Banco de M\u00e9xico qued\u00f3 excluida de la sesi\u00f3n de hoy de la C\u00e1mara de Diputados y se En Sonora en Equipo publicamos toda la informaci\u00f3n de Sonora, M\u00e9xico y el Mundo de manera oportuna y busca que la libertad de expresi\u00f3n sea real. Visita nuestro medio informativo publicado desde Hermosillo, Sonora. %","robots":{"index":"index","follow":"follow","max-snippet":"max-snippet:-1","max-image-preview":"max-image-preview:large","max-video-preview":"max-video-preview:-1"},"canonical":"https:\/\/www.sonoraenequipo.com.mx\/morena-pospone-discusion-sobre-reforma-al-banxico-hasta-febrero-del-2021\/","og_locale":"es_ES","og_type":"article","og_title":"Sonora en Equipo. Se pospone discusi\u00f3n sobre reforma al Banxico hasta febrero del 2021 Rep\u00fablica","og_description":"CIUDAD DE M\u00c9XICO. MX. \u2014 La minuta del Senado que reforma la Ley del Banco de M\u00e9xico qued\u00f3 excluida de la sesi\u00f3n de hoy de la C\u00e1mara de Diputados y se En Sonora en Equipo publicamos toda la informaci\u00f3n de Sonora, M\u00e9xico y el Mundo de manera oportuna y busca que la libertad de expresi\u00f3n sea real. Visita nuestro medio informativo publicado desde Hermosillo, Sonora. %","og_url":"https:\/\/www.sonoraenequipo.com.mx\/morena-pospone-discusion-sobre-reforma-al-banxico-hasta-febrero-del-2021\/","og_site_name":"Sonora en Equipo.","article_publisher":"https:\/\/www.facebook.com\/SonoraEE\/","article_author":"https:\/\/www.facebook.com\/SonoraEE","article_published_time":"2020-12-16T03:25:39+00:00","article_modified_time":"2020-12-16T05:11:14+00:00","og_image":[{"width":723,"height":450,"url":"https:\/\/www.sonoraenequipo.com.mx\/storage\/2020\/12\/banxico_opt.jpg","type":"image\/jpeg"}],"author":"enequipo","twitter_card":"summary_large_image","twitter_creator":"@sonoraenequipo","twitter_site":"@sonoraenequipo","twitter_misc":{"Escrito por":"enequipo","Tiempo de lectura":"3 minutos"},"schema":{"@context":"https:\/\/schema.org","@graph":[{"@type":"Article","@id":"https:\/\/www.sonoraenequipo.com.mx\/morena-pospone-discusion-sobre-reforma-al-banxico-hasta-febrero-del-2021\/#article","isPartOf":{"@id":"https:\/\/www.sonoraenequipo.com.mx\/morena-pospone-discusion-sobre-reforma-al-banxico-hasta-febrero-del-2021\/"},"author":{"name":"enequipo","@id":"https:\/\/www.sonoraenequipo.com.mx\/#\/schema\/person\/50102df0fb23a8fa9e8effad8fa81386"},"headline":"Se pospone discusi\u00f3n sobre reforma al Banxico hasta febrero del 2021","datePublished":"2020-12-16T03:25:39+00:00","dateModified":"2020-12-16T05:11:14+00:00","mainEntityOfPage":{"@id":"https:\/\/www.sonoraenequipo.com.mx\/morena-pospone-discusion-sobre-reforma-al-banxico-hasta-febrero-del-2021\/"},"wordCount":588,"commentCount":0,"publisher":{"@id":"https:\/\/www.sonoraenequipo.com.mx\/#organization"},"image":{"@id":"https:\/\/www.sonoraenequipo.com.mx\/morena-pospone-discusion-sobre-reforma-al-banxico-hasta-febrero-del-2021\/#primaryimage"},"thumbnailUrl":"https:\/\/www.sonoraenequipo.com.mx\/storage\/2020\/12\/banxico_opt.jpg","articleSection":["Rep\u00fablica"],"inLanguage":"es","potentialAction":[{"@type":"CommentAction","name":"Comment","target":["https:\/\/www.sonoraenequipo.com.mx\/morena-pospone-discusion-sobre-reforma-al-banxico-hasta-febrero-del-2021\/#respond"]}]},{"@type":"WebPage","@id":"https:\/\/www.sonoraenequipo.com.mx\/morena-pospone-discusion-sobre-reforma-al-banxico-hasta-febrero-del-2021\/","url":"https:\/\/www.sonoraenequipo.com.mx\/morena-pospone-discusion-sobre-reforma-al-banxico-hasta-febrero-del-2021\/","name":"Sonora en Equipo. Se pospone discusi\u00f3n sobre reforma al Banxico hasta febrero del 2021 Rep\u00fablica","isPartOf":{"@id":"https:\/\/www.sonoraenequipo.com.mx\/#website"},"primaryImageOfPage":{"@id":"https:\/\/www.sonoraenequipo.com.mx\/morena-pospone-discusion-sobre-reforma-al-banxico-hasta-febrero-del-2021\/#primaryimage"},"image":{"@id":"https:\/\/www.sonoraenequipo.com.mx\/morena-pospone-discusion-sobre-reforma-al-banxico-hasta-febrero-del-2021\/#primaryimage"},"thumbnailUrl":"https:\/\/www.sonoraenequipo.com.mx\/storage\/2020\/12\/banxico_opt.jpg","datePublished":"2020-12-16T03:25:39+00:00","dateModified":"2020-12-16T05:11:14+00:00","description":"CIUDAD DE M\u00c9XICO. MX. \u2014 La minuta del Senado que reforma la Ley del Banco de M\u00e9xico qued\u00f3 excluida de la sesi\u00f3n de hoy de la C\u00e1mara de Diputados y se En Sonora en Equipo publicamos toda la informaci\u00f3n de Sonora, M\u00e9xico y el Mundo de manera oportuna y busca que la libertad de expresi\u00f3n sea real. Visita nuestro medio informativo publicado desde Hermosillo, Sonora. %","breadcrumb":{"@id":"https:\/\/www.sonoraenequipo.com.mx\/morena-pospone-discusion-sobre-reforma-al-banxico-hasta-febrero-del-2021\/#breadcrumb"},"inLanguage":"es","potentialAction":[{"@type":"ReadAction","target":["https:\/\/www.sonoraenequipo.com.mx\/morena-pospone-discusion-sobre-reforma-al-banxico-hasta-febrero-del-2021\/"]}]},{"@type":"ImageObject","inLanguage":"es","@id":"https:\/\/www.sonoraenequipo.com.mx\/morena-pospone-discusion-sobre-reforma-al-banxico-hasta-febrero-del-2021\/#primaryimage","url":"https:\/\/www.sonoraenequipo.com.mx\/storage\/2020\/12\/banxico_opt.jpg","contentUrl":"https:\/\/www.sonoraenequipo.com.mx\/storage\/2020\/12\/banxico_opt.jpg","width":723,"height":450},{"@type":"BreadcrumbList","@id":"https:\/\/www.sonoraenequipo.com.mx\/morena-pospone-discusion-sobre-reforma-al-banxico-hasta-febrero-del-2021\/#breadcrumb","itemListElement":[{"@type":"ListItem","position":1,"name":"Portada","item":"https:\/\/www.sonoraenequipo.com.mx\/"},{"@type":"ListItem","position":2,"name":"Se pospone discusi\u00f3n sobre reforma al Banxico hasta febrero del 2021"}]},{"@type":"WebSite","@id":"https:\/\/www.sonoraenequipo.com.mx\/#website","url":"https:\/\/www.sonoraenequipo.com.mx\/","name":"Sonora en Equipo.","description":"Diario en l\u00ednea con Noticias desde Hermosillo, Sonora","publisher":{"@id":"https:\/\/www.sonoraenequipo.com.mx\/#organization"},"potentialAction":[{"@type":"SearchAction","target":{"@type":"EntryPoint","urlTemplate":"https:\/\/www.sonoraenequipo.com.mx\/?s={search_term_string}"},"query-input":{"@type":"PropertyValueSpecification","valueRequired":true,"valueName":"search_term_string"}}],"inLanguage":"es"},{"@type":"Organization","@id":"https:\/\/www.sonoraenequipo.com.mx\/#organization","name":"Sonoraenequipo.com.mx","url":"https:\/\/www.sonoraenequipo.com.mx\/","logo":{"@type":"ImageObject","inLanguage":"es","@id":"https:\/\/www.sonoraenequipo.com.mx\/#\/schema\/logo\/image\/","url":"https:\/\/www.sonoraenequipo.com.mx\/storage\/2019\/01\/sonoraenequipo_opt.png","contentUrl":"https:\/\/www.sonoraenequipo.com.mx\/storage\/2019\/01\/sonoraenequipo_opt.png","width":375,"height":125,"caption":"Sonoraenequipo.com.mx"},"image":{"@id":"https:\/\/www.sonoraenequipo.com.mx\/#\/schema\/logo\/image\/"},"sameAs":["https:\/\/www.facebook.com\/SonoraEE\/","https:\/\/x.com\/sonoraenequipo","https:\/\/www.youtube.com\/channel\/UC338nW-lPEYmJQs4ZABQ1SQ"]},{"@type":"Person","@id":"https:\/\/www.sonoraenequipo.com.mx\/#\/schema\/person\/50102df0fb23a8fa9e8effad8fa81386","name":"enequipo","image":{"@type":"ImageObject","inLanguage":"es","@id":"https:\/\/www.sonoraenequipo.com.mx\/#\/schema\/person\/image\/","url":"https:\/\/secure.gravatar.com\/avatar\/049821681b589dabc0bc20695993ccebb09f5b5d4d790cd9251b97faac7c652b?s=96&d=blank&r=g","contentUrl":"https:\/\/secure.gravatar.com\/avatar\/049821681b589dabc0bc20695993ccebb09f5b5d4d790cd9251b97faac7c652b?s=96&d=blank&r=g","caption":"enequipo"},"sameAs":["https:\/\/www.facebook.com\/SonoraEE"]}]}},"jetpack_featured_media_url":"https:\/\/www.sonoraenequipo.com.mx\/storage\/2020\/12\/banxico_opt.jpg","_links":{"self":[{"href":"https:\/\/www.sonoraenequipo.com.mx\/api\/wp\/v2\/posts\/102810","targetHints":{"allow":["GET"]}}],"collection":[{"href":"https:\/\/www.sonoraenequipo.com.mx\/api\/wp\/v2\/posts"}],"about":[{"href":"https:\/\/www.sonoraenequipo.com.mx\/api\/wp\/v2\/types\/post"}],"author":[{"embeddable":true,"href":"https:\/\/www.sonoraenequipo.com.mx\/api\/wp\/v2\/users\/1"}],"replies":[{"embeddable":true,"href":"https:\/\/www.sonoraenequipo.com.mx\/api\/wp\/v2\/comments?post=102810"}],"version-history":[{"count":3,"href":"https:\/\/www.sonoraenequipo.com.mx\/api\/wp\/v2\/posts\/102810\/revisions"}],"predecessor-version":[{"id":102834,"href":"https:\/\/www.sonoraenequipo.com.mx\/api\/wp\/v2\/posts\/102810\/revisions\/102834"}],"wp:featuredmedia":[{"embeddable":true,"href":"https:\/\/www.sonoraenequipo.com.mx\/api\/wp\/v2\/media\/102811"}],"wp:attachment":[{"href":"https:\/\/www.sonoraenequipo.com.mx\/api\/wp\/v2\/media?parent=102810"}],"wp:term":[{"taxonomy":"category","embeddable":true,"href":"https:\/\/www.sonoraenequipo.com.mx\/api\/wp\/v2\/categories?post=102810"},{"taxonomy":"post_tag","embeddable":true,"href":"https:\/\/www.sonoraenequipo.com.mx\/api\/wp\/v2\/tags?post=102810"}],"curies":[{"name":"wp","href":"https:\/\/api.w.org\/{rel}","templated":true}]}}