{"id":102823,"date":"2020-12-15T20:36:32","date_gmt":"2020-12-16T03:36:32","guid":{"rendered":"https:\/\/www.sonoraenequipo.com.mx\/?p=102823"},"modified":"2020-12-15T20:36:32","modified_gmt":"2020-12-16T03:36:32","slug":"para-ripley-empresario-cajemense-se-suicida-autodecapitandose","status":"publish","type":"post","link":"https:\/\/www.sonoraenequipo.com.mx\/para-ripley-empresario-cajemense-se-suicida-autodecapitandose\/","title":{"rendered":"Para Ripley Empresario cajemense se suicida autodecapit\u00e1ndose"},"content":{"rendered":"<p>CIUDAD OBREG\u00d3N, SONORA,MX.\u2500 \u00a0Con 88 actos de investigaci\u00f3n, evidencias cient\u00edficas y tecnol\u00f3gicas, realizadas por la Trilog\u00eda Investigadora de la Fiscal\u00eda General de Justicia del Estado de Sonora (FGJE), se estableci\u00f3 que el deceso del empresario Rodrigo Pe\u00f1u\u00f1uri Ram\u00edrez fue suicidio por decapitaci\u00f3n.<\/p>\n<p>&nbsp;<\/p>\n<p>La Fiscal General en la entidad expuso que esta fue una investigaci\u00f3n dif\u00edcil, at\u00edpica y compleja que s\u00f3lo Peritos, Agentes del Ministerio P\u00fablico, de la Agencia Ministerial de Investigaci\u00f3n Criminal (AMIC), todos de gran experiencia, pueden lograr.<\/p>\n<p>&nbsp;<\/p>\n<p>No se ten\u00eda registro de un caso similar en el Estado, s\u00f3lo se hall\u00f3 uno en M\u00e9xico, en Torre\u00f3n, Coahuila, y otro en Espa\u00f1a.<\/p>\n<p>&nbsp;<\/p>\n<p>\u201cEl de Torre\u00f3n es muy similar a este, se utiliz\u00f3 el mismo tipo de veh\u00edculo pick up y una cuerda casi con las mismas caracter\u00edsticas, por eso, dentro de la carpeta de investigaci\u00f3n se integr\u00f3 una ecuaci\u00f3n Fisicomatem\u00e1tico\u201d, revel\u00f3.<\/p>\n<p>&nbsp;<\/p>\n<p>Pe\u00f1u\u00f1uri Ram\u00edrez fue encontrado sin vida el 6 de junio pasado por la ma\u00f1ana, record\u00f3 la Fiscal sonorense, su cuerpo qued\u00f3 en el autom\u00f3vil de su propiedad, Toyota Tundra, color plata, modelo 2016, en calle Bamb\u00fa y 600, en el Valle del Yaqui.<\/p>\n<p>&nbsp;<\/p>\n<p>En la caja de la unidad automotriz se localiz\u00f3 la extremidad superior desprendida, por lo que de inmediato se inici\u00f3 con las indagatorias por el probable delito de homicidio, ya que toda muerte violenta es investigada as\u00ed por la FGJE por protocolo, explic\u00f3.<\/p>\n<p>&nbsp;<\/p>\n<p>Una vez resguardada la escena del hecho por el primer respondiente que fueron agentes de la Polic\u00eda Municipal, dijo, se hizo cargo personal de Servicios Periciales, quienes procesaron el \u00e1rea y recolectaron diversos indicios.<\/p>\n<p>&nbsp;<\/p>\n<p>Dentro de los 88 actos de investigaci\u00f3n se aportaron videograbaciones de c\u00e1maras del C5i de la Secretar\u00eda de Seguridad P\u00fablica del Estado de Sonora (SSP) y de c\u00e1maras de particulares, as\u00ed como del Sistema de Posicionamiento Global (GPS, por sus siglas en ingl\u00e9s) del auto del ahora fallecido.<\/p>\n<p>&nbsp;<\/p>\n<p>En los videos del acceso a la colonia Casa Blanca se ve salir a Rodrigo Pe\u00f1u\u00f1uri conduciendo su pick up Toyota Tundra y as\u00ed lo hace por varios minutos, siempre captado por las c\u00e1maras, hasta que toma al Valle del Yaqui donde es ubicado por GPS.<\/p>\n<p>&nbsp;<\/p>\n<p>A las 07:51 horas del 6 de junio el sistema del auto registra un movimiento de 14 kil\u00f3metros por hora, para las 07:56 horas concluye su movimiento y queda embancado, para despu\u00e9s ser localizado por testigos que reportan el hecho y es atendido por polic\u00edas municipales, el primer respondiente.<\/p>\n<p>&nbsp;<\/p>\n<p>Dentro de los datos de pruebas recolectados en el sitio, se localiz\u00f3 una cuerda de polipropileno trenzado con fibras salientes, de color amarilla, atada a un poste de energ\u00eda el\u00e9ctrica, soga que adquiri\u00f3 el ahora occiso en una ferreter\u00eda local, lo cual qued\u00f3 registrado en el pago con tarjeta y por la ubicaci\u00f3n de su veh\u00edculo.<\/p>\n<p>&nbsp;<\/p>\n<p>Dentro de los an\u00e1lisis forenses realizados al tel\u00e9fono celular de Rodrigo Pe\u00f1u\u00f1uri, se localizaron b\u00fasquedas con d\u00edas anteriores referente a mec\u00e1nicas y maniobras suicidas.<\/p>\n<p>&nbsp;<\/p>\n<p>Tambi\u00e9n se revel\u00f3 que, a los d\u00edas previos, el ahora fallecido realiz\u00f3 algunos recorridos inusuales en lugares en despoblado, sali\u00e9ndose de sus rutas frecuentes.<\/p>\n<p>&nbsp;<\/p>\n<p>Investigadores de la Fiscal\u00eda establecieron que la persona lleg\u00f3 al lugar donde fue localizado, at\u00f3 la cuerda a un poste de concreto y la pas\u00f3 por la ventana posterior del veh\u00edculo, la cual mantuvo abierta, se coloc\u00f3 la soga con el resultado de suicidio.<\/p>\n<p>&nbsp;<\/p>\n<p>El pick up ten\u00eda la llave de encendido abierta y el cambio de velocidades autom\u00e1tico en marcha cuando fue localizado, en el interior de la unidad hab\u00eda manchas hem\u00e1ticas en diferentes direcciones, de explosi\u00f3n, as\u00ed como el cuerpo hac\u00eda atr\u00e1s.<\/p>\n<p>&nbsp;<\/p>\n<p>La necropsia realizada al cuerpo indic\u00f3 datos compatibles con suicidio por decapitaci\u00f3n, descartando el uso de alg\u00fan tipo de arma blanca.<\/p>\n<p>&nbsp;<\/p>\n<p>Adem\u00e1s, el cuerpo present\u00f3 en la espalda una laceraci\u00f3n de 70 cent\u00edmetros, aproximadamente, que fue causada al momento del \u201cjal\u00f3n\u201d con el asiento del piloto o conductor y que esta, a su vez, tuvo da\u00f1os y qued\u00f3 fuera de su posici\u00f3n original,<\/p>\n<p>&nbsp;<\/p>\n<p>Con apoyo de investigadores del Departamento de F\u00edsica de la Universidad de Sonora (Unison), se establecieron los par\u00e1metros o variables para este tipo de suceso, como la velocidad de movimiento, tipo y anchura de la cuerda, as\u00ed como la fuerza de tracci\u00f3n.<\/p>\n<p>&nbsp;<\/p>\n<p>\u201cValores que caen dentro de los rangos establecidos por distintos autores y que ubican este suceso de manera definitiva como un suicidio por ahorcamiento y decapitaci\u00f3n\u201d, puntualiz\u00f3 la Fiscal General de Justicia en Sonora.<\/p>\n<p>Fecha de publicaci\u00f3n 15\/dic\/2021<\/p>\n<p>&nbsp;<\/p>\n<p>&nbsp;<\/p>\n<p>&nbsp;<\/p>\n<p>CIUDAD OBREG\u00d3N, SONORA,MX.\u2500 \u00a0Con 88 actos de investigaci\u00f3n, evidencias cient\u00edficas y tecnol\u00f3gicas, realizadas por la Trilog\u00eda Investigadora de la Fiscal\u00eda General de Justicia del Estado de Sonora (FGJE), se estableci\u00f3 que el deceso del empresario Rodrigo Pe\u00f1u\u00f1uri Ram\u00edrez fue suicidio por decapitaci\u00f3n.<\/p>\n<p>&nbsp;<\/p>\n<p>La Fiscal General en la entidad expuso que esta fue una investigaci\u00f3n dif\u00edcil, at\u00edpica y compleja que s\u00f3lo Peritos, Agentes del Ministerio P\u00fablico, de la Agencia Ministerial de Investigaci\u00f3n Criminal (AMIC), todos de gran experiencia, pueden lograr.<\/p>\n<p>&nbsp;<\/p>\n<p>No se ten\u00eda registro de un caso similar en el Estado, s\u00f3lo se hall\u00f3 uno en M\u00e9xico, en Torre\u00f3n, Coahuila, y otro en Espa\u00f1a.<\/p>\n<p>&nbsp;<\/p>\n<p>\u201cEl de Torre\u00f3n es muy similar a este, se utiliz\u00f3 el mismo tipo de veh\u00edculo pick up y una cuerda casi con las mismas caracter\u00edsticas, por eso, dentro de la carpeta de investigaci\u00f3n se integr\u00f3 una ecuaci\u00f3n Fisicomatem\u00e1tico\u201d, revel\u00f3.<\/p>\n<p>&nbsp;<\/p>\n<p>Pe\u00f1u\u00f1uri Ram\u00edrez fue encontrado sin vida el 6 de junio pasado por la ma\u00f1ana, record\u00f3 la Fiscal sonorense, su cuerpo qued\u00f3 en el autom\u00f3vil de su propiedad, Toyota Tundra, color plata, modelo 2016, en calle Bamb\u00fa y 600, en el Valle del Yaqui.<\/p>\n<p>&nbsp;<\/p>\n<p>En la caja de la unidad automotriz se localiz\u00f3 la extremidad superior desprendida, por lo que de inmediato se inici\u00f3 con las indagatorias por el probable delito de homicidio, ya que toda muerte violenta es investigada as\u00ed por la FGJE por protocolo, explic\u00f3.<\/p>\n<p>&nbsp;<\/p>\n<p>Una vez resguardada la escena del hecho por el primer respondiente que fueron agentes de la Polic\u00eda Municipal, dijo, se hizo cargo personal de Servicios Periciales, quienes procesaron el \u00e1rea y recolectaron diversos indicios.<\/p>\n<p>&nbsp;<\/p>\n<p>Dentro de los 88 actos de investigaci\u00f3n se aportaron videograbaciones de c\u00e1maras del C5i de la Secretar\u00eda de Seguridad P\u00fablica del Estado de Sonora (SSP) y de c\u00e1maras de particulares, as\u00ed como del Sistema de Posicionamiento Global (GPS, por sus siglas en ingl\u00e9s) del auto del ahora fallecido.<\/p>\n<p>&nbsp;<\/p>\n<p>En los videos del acceso a la colonia Casa Blanca se ve salir a Rodrigo Pe\u00f1u\u00f1uri conduciendo su pick up Toyota Tundra y as\u00ed lo hace por varios minutos, siempre captado por las c\u00e1maras, hasta que toma al Valle del Yaqui donde es ubicado por GPS.<\/p>\n<p>&nbsp;<\/p>\n<p>A las 07:51 horas del 6 de junio el sistema del auto registra un movimiento de 14 kil\u00f3metros por hora, para las 07:56 horas concluye su movimiento y queda embancado, para despu\u00e9s ser localizado por testigos que reportan el hecho y es atendido por polic\u00edas municipales, el primer respondiente.<\/p>\n<p>&nbsp;<\/p>\n<p>Dentro de los datos de pruebas recolectados en el sitio, se localiz\u00f3 una cuerda de polipropileno trenzado con fibras salientes, de color amarilla, atada a un poste de energ\u00eda el\u00e9ctrica, soga que adquiri\u00f3 el ahora occiso en una ferreter\u00eda local, lo cual qued\u00f3 registrado en el pago con tarjeta y por la ubicaci\u00f3n de su veh\u00edculo.<\/p>\n<p>&nbsp;<\/p>\n<p>Dentro de los an\u00e1lisis forenses realizados al tel\u00e9fono celular de Rodrigo Pe\u00f1u\u00f1uri, se localizaron b\u00fasquedas con d\u00edas anteriores referente a mec\u00e1nicas y maniobras suicidas.<\/p>\n<p>&nbsp;<\/p>\n<p>Tambi\u00e9n se revel\u00f3 que, a los d\u00edas previos, el ahora fallecido realiz\u00f3 algunos recorridos inusuales en lugares en despoblado, sali\u00e9ndose de sus rutas frecuentes.<\/p>\n<p>&nbsp;<\/p>\n<p>Investigadores de la Fiscal\u00eda establecieron que la persona lleg\u00f3 al lugar donde fue localizado, at\u00f3 la cuerda a un poste de concreto y la pas\u00f3 por la ventana posterior del veh\u00edculo, la cual mantuvo abierta, se coloc\u00f3 la soga con el resultado de suicidio.<\/p>\n<p>&nbsp;<\/p>\n<p>El pick up ten\u00eda la llave de encendido abierta y el cambio de velocidades autom\u00e1tico en marcha cuando fue localizado, en el interior de la unidad hab\u00eda manchas hem\u00e1ticas en diferentes direcciones, de explosi\u00f3n, as\u00ed como el cuerpo hac\u00eda atr\u00e1s.<\/p>\n<p>&nbsp;<\/p>\n<p>La necropsia realizada al cuerpo indic\u00f3 datos compatibles con suicidio por decapitaci\u00f3n, descartando el uso de alg\u00fan tipo de arma blanca.<\/p>\n<p>&nbsp;<\/p>\n<p>Adem\u00e1s, el cuerpo present\u00f3 en la espalda una laceraci\u00f3n de 70 cent\u00edmetros, aproximadamente, que fue causada al momento del \u201cjal\u00f3n\u201d con el asiento del piloto o conductor y que esta, a su vez, tuvo da\u00f1os y qued\u00f3 fuera de su posici\u00f3n original,<\/p>\n<p>&nbsp;<\/p>\n<p>Con apoyo de investigadores del Departamento de F\u00edsica de la Universidad de Sonora (Unison), se establecieron los par\u00e1metros o variables para este tipo de suceso, como la velocidad de movimiento, tipo y anchura de la cuerda, as\u00ed como la fuerza de tracci\u00f3n.<\/p>\n<p>&nbsp;<\/p>\n<p>\u201cValores que caen dentro de los rangos establecidos por distintos autores y que ubican este suceso de manera definitiva como un suicidio por ahorcamiento y decapitaci\u00f3n\u201d, puntualiz\u00f3 la Fiscal General de Justicia en Sonora.<\/p>\n<p>Fecha de publicaci\u00f3n 15\/dic\/2021<\/p>\n<p>&nbsp;<\/p>\n","protected":false},"excerpt":{"rendered":"<p>CIUDAD OBREG\u00d3N, SONORA,MX.\u2500 \u00a0Con 88 actos de investigaci\u00f3n, evidencias cient\u00edficas y tecnol\u00f3gicas, realizadas por la&#8230;<\/p>\n","protected":false},"author":1,"featured_media":102824,"comment_status":"open","ping_status":"open","sticky":false,"template":"","format":"standard","meta":{"_monsterinsights_skip_tracking":false,"_monsterinsights_sitenote_active":false,"_monsterinsights_sitenote_note":"","_monsterinsights_sitenote_category":0,"footnotes":""},"categories":[3144],"tags":[],"class_list":["post"],"yoast_head":" \n<title>Sonora en Equipo. Para Ripley Empresario cajemense se suicida autodecapit\u00e1ndose Polic\u00edaca<\/title>\n<meta name=\"description\" content=\"CIUDAD OBREG\u00d3N, SONORA,MX.\u2500 \u00a0Con 88 actos de investigaci\u00f3n, evidencias cient\u00edficas y tecnol\u00f3gicas, realizadas por la Trilog\u00eda Investigadora de la Fiscal\u00eda En Sonora en Equipo publicamos toda la informaci\u00f3n de Sonora, M\u00e9xico y el Mundo de manera oportuna y busca que la libertad de expresi\u00f3n sea real. Visita nuestro medio informativo publicado desde Hermosillo, Sonora. %\" \/>\n<meta name=\"robots\" content=\"index, follow, max-snippet:-1, max-image-preview:large, max-video-preview:-1\" \/>\n<link rel=\"canonical\" href=\"https:\/\/www.sonoraenequipo.com.mx\/para-ripley-empresario-cajemense-se-suicida-autodecapitandose\/\" \/>\n<meta property=\"og:locale\" content=\"es_ES\" \/>\n<meta property=\"og:type\" content=\"article\" \/>\n<meta property=\"og:title\" content=\"Sonora en Equipo. Para Ripley Empresario cajemense se suicida autodecapit\u00e1ndose Polic\u00edaca\" \/>\n<meta property=\"og:description\" content=\"CIUDAD OBREG\u00d3N, SONORA,MX.\u2500 \u00a0Con 88 actos de investigaci\u00f3n, evidencias cient\u00edficas y tecnol\u00f3gicas, realizadas por la Trilog\u00eda Investigadora de la Fiscal\u00eda En Sonora en Equipo publicamos toda la informaci\u00f3n de Sonora, M\u00e9xico y el Mundo de manera oportuna y busca que la libertad de expresi\u00f3n sea real. Visita nuestro medio informativo publicado desde Hermosillo, Sonora. %\" \/>\n<meta property=\"og:url\" content=\"https:\/\/www.sonoraenequipo.com.mx\/para-ripley-empresario-cajemense-se-suicida-autodecapitandose\/\" \/>\n<meta property=\"og:site_name\" content=\"Sonora en Equipo.\" \/>\n<meta property=\"article:publisher\" content=\"https:\/\/www.facebook.com\/SonoraEE\/\" \/>\n<meta property=\"article:author\" content=\"https:\/\/www.facebook.com\/SonoraEE\" \/>\n<meta property=\"article:published_time\" content=\"2020-12-16T03:36:32+00:00\" \/>\n<meta property=\"og:image\" content=\"https:\/\/www.sonoraenequipo.com.mx\/storage\/2020\/12\/rodrigo.jpg\" \/>\n\t<meta property=\"og:image:width\" content=\"600\" \/>\n\t<meta property=\"og:image:height\" content=\"337\" \/>\n\t<meta property=\"og:image:type\" content=\"image\/jpeg\" \/>\n<meta name=\"author\" content=\"enequipo\" \/>\n<meta name=\"twitter:card\" content=\"summary_large_image\" \/>\n<meta name=\"twitter:creator\" content=\"@sonoraenequipo\" \/>\n<meta name=\"twitter:site\" content=\"@sonoraenequipo\" \/>\n<meta name=\"twitter:label1\" content=\"Escrito por\" \/>\n\t<meta name=\"twitter:data1\" content=\"enequipo\" \/>\n\t<meta name=\"twitter:label2\" content=\"Tiempo de lectura\" \/>\n\t<meta name=\"twitter:data2\" content=\"8 minutos\" \/>\n<script type=\"application\/ld+json\" class=\"yoast-schema-graph\">{\"@context\":\"https:\/\/schema.org\",\"@graph\":[{\"@type\":\"Article\",\"@id\":\"https:\/\/www.sonoraenequipo.com.mx\/para-ripley-empresario-cajemense-se-suicida-autodecapitandose\/#article\",\"isPartOf\":{\"@id\":\"https:\/\/www.sonoraenequipo.com.mx\/para-ripley-empresario-cajemense-se-suicida-autodecapitandose\/\"},\"author\":{\"name\":\"enequipo\",\"@id\":\"https:\/\/www.sonoraenequipo.com.mx\/#\/schema\/person\/50102df0fb23a8fa9e8effad8fa81386\"},\"headline\":\"Para Ripley Empresario cajemense se suicida autodecapit\u00e1ndose\",\"datePublished\":\"2020-12-16T03:36:32+00:00\",\"mainEntityOfPage\":{\"@id\":\"https:\/\/www.sonoraenequipo.com.mx\/para-ripley-empresario-cajemense-se-suicida-autodecapitandose\/\"},\"wordCount\":1668,\"commentCount\":0,\"publisher\":{\"@id\":\"https:\/\/www.sonoraenequipo.com.mx\/#organization\"},\"image\":{\"@id\":\"https:\/\/www.sonoraenequipo.com.mx\/para-ripley-empresario-cajemense-se-suicida-autodecapitandose\/#primaryimage\"},\"thumbnailUrl\":\"https:\/\/www.sonoraenequipo.com.mx\/storage\/2020\/12\/rodrigo.jpg\",\"articleSection\":[\"Polic\u00edaca\"],\"inLanguage\":\"es\",\"potentialAction\":[{\"@type\":\"CommentAction\",\"name\":\"Comment\",\"target\":[\"https:\/\/www.sonoraenequipo.com.mx\/para-ripley-empresario-cajemense-se-suicida-autodecapitandose\/#respond\"]}]},{\"@type\":\"WebPage\",\"@id\":\"https:\/\/www.sonoraenequipo.com.mx\/para-ripley-empresario-cajemense-se-suicida-autodecapitandose\/\",\"url\":\"https:\/\/www.sonoraenequipo.com.mx\/para-ripley-empresario-cajemense-se-suicida-autodecapitandose\/\",\"name\":\"Sonora en Equipo. Para Ripley Empresario cajemense se suicida autodecapit\u00e1ndose Polic\u00edaca\",\"isPartOf\":{\"@id\":\"https:\/\/www.sonoraenequipo.com.mx\/#website\"},\"primaryImageOfPage\":{\"@id\":\"https:\/\/www.sonoraenequipo.com.mx\/para-ripley-empresario-cajemense-se-suicida-autodecapitandose\/#primaryimage\"},\"image\":{\"@id\":\"https:\/\/www.sonoraenequipo.com.mx\/para-ripley-empresario-cajemense-se-suicida-autodecapitandose\/#primaryimage\"},\"thumbnailUrl\":\"https:\/\/www.sonoraenequipo.com.mx\/storage\/2020\/12\/rodrigo.jpg\",\"datePublished\":\"2020-12-16T03:36:32+00:00\",\"description\":\"CIUDAD OBREG\u00d3N, SONORA,MX.\u2500 \u00a0Con 88 actos de investigaci\u00f3n, evidencias cient\u00edficas y tecnol\u00f3gicas, realizadas por la Trilog\u00eda Investigadora de la Fiscal\u00eda En Sonora en Equipo publicamos toda la informaci\u00f3n de Sonora, M\u00e9xico y el Mundo de manera oportuna y busca que la libertad de expresi\u00f3n sea real. Visita nuestro medio informativo publicado desde Hermosillo, Sonora. %\",\"breadcrumb\":{\"@id\":\"https:\/\/www.sonoraenequipo.com.mx\/para-ripley-empresario-cajemense-se-suicida-autodecapitandose\/#breadcrumb\"},\"inLanguage\":\"es\",\"potentialAction\":[{\"@type\":\"ReadAction\",\"target\":[\"https:\/\/www.sonoraenequipo.com.mx\/para-ripley-empresario-cajemense-se-suicida-autodecapitandose\/\"]}]},{\"@type\":\"ImageObject\",\"inLanguage\":\"es\",\"@id\":\"https:\/\/www.sonoraenequipo.com.mx\/para-ripley-empresario-cajemense-se-suicida-autodecapitandose\/#primaryimage\",\"url\":\"https:\/\/www.sonoraenequipo.com.mx\/storage\/2020\/12\/rodrigo.jpg\",\"contentUrl\":\"https:\/\/www.sonoraenequipo.com.mx\/storage\/2020\/12\/rodrigo.jpg\",\"width\":600,\"height\":337},{\"@type\":\"BreadcrumbList\",\"@id\":\"https:\/\/www.sonoraenequipo.com.mx\/para-ripley-empresario-cajemense-se-suicida-autodecapitandose\/#breadcrumb\",\"itemListElement\":[{\"@type\":\"ListItem\",\"position\":1,\"name\":\"Portada\",\"item\":\"https:\/\/www.sonoraenequipo.com.mx\/\"},{\"@type\":\"ListItem\",\"position\":2,\"name\":\"Para Ripley Empresario cajemense se suicida autodecapit\u00e1ndose\"}]},{\"@type\":\"WebSite\",\"@id\":\"https:\/\/www.sonoraenequipo.com.mx\/#website\",\"url\":\"https:\/\/www.sonoraenequipo.com.mx\/\",\"name\":\"Sonora en Equipo.\",\"description\":\"Diario en l\u00ednea con Noticias desde Hermosillo, Sonora\",\"publisher\":{\"@id\":\"https:\/\/www.sonoraenequipo.com.mx\/#organization\"},\"potentialAction\":[{\"@type\":\"SearchAction\",\"target\":{\"@type\":\"EntryPoint\",\"urlTemplate\":\"https:\/\/www.sonoraenequipo.com.mx\/?s={search_term_string}\"},\"query-input\":{\"@type\":\"PropertyValueSpecification\",\"valueRequired\":true,\"valueName\":\"search_term_string\"}}],\"inLanguage\":\"es\"},{\"@type\":\"Organization\",\"@id\":\"https:\/\/www.sonoraenequipo.com.mx\/#organization\",\"name\":\"Sonoraenequipo.com.mx\",\"url\":\"https:\/\/www.sonoraenequipo.com.mx\/\",\"logo\":{\"@type\":\"ImageObject\",\"inLanguage\":\"es\",\"@id\":\"https:\/\/www.sonoraenequipo.com.mx\/#\/schema\/logo\/image\/\",\"url\":\"https:\/\/www.sonoraenequipo.com.mx\/storage\/2019\/01\/sonoraenequipo_opt.png\",\"contentUrl\":\"https:\/\/www.sonoraenequipo.com.mx\/storage\/2019\/01\/sonoraenequipo_opt.png\",\"width\":375,\"height\":125,\"caption\":\"Sonoraenequipo.com.mx\"},\"image\":{\"@id\":\"https:\/\/www.sonoraenequipo.com.mx\/#\/schema\/logo\/image\/\"},\"sameAs\":[\"https:\/\/www.facebook.com\/SonoraEE\/\",\"https:\/\/x.com\/sonoraenequipo\",\"https:\/\/www.youtube.com\/channel\/UC338nW-lPEYmJQs4ZABQ1SQ\"]},{\"@type\":\"Person\",\"@id\":\"https:\/\/www.sonoraenequipo.com.mx\/#\/schema\/person\/50102df0fb23a8fa9e8effad8fa81386\",\"name\":\"enequipo\",\"image\":{\"@type\":\"ImageObject\",\"inLanguage\":\"es\",\"@id\":\"https:\/\/www.sonoraenequipo.com.mx\/#\/schema\/person\/image\/\",\"url\":\"https:\/\/secure.gravatar.com\/avatar\/049821681b589dabc0bc20695993ccebb09f5b5d4d790cd9251b97faac7c652b?s=96&d=blank&r=g\",\"contentUrl\":\"https:\/\/secure.gravatar.com\/avatar\/049821681b589dabc0bc20695993ccebb09f5b5d4d790cd9251b97faac7c652b?s=96&d=blank&r=g\",\"caption\":\"enequipo\"},\"sameAs\":[\"https:\/\/www.facebook.com\/SonoraEE\"]}]}<\/script>\n ","yoast_head_json":{"title":"Sonora en Equipo. Para Ripley Empresario cajemense se suicida autodecapit\u00e1ndose Polic\u00edaca","description":"CIUDAD OBREG\u00d3N, SONORA,MX.\u2500 \u00a0Con 88 actos de investigaci\u00f3n, evidencias cient\u00edficas y tecnol\u00f3gicas, realizadas por la Trilog\u00eda Investigadora de la Fiscal\u00eda En Sonora en Equipo publicamos toda la informaci\u00f3n de Sonora, M\u00e9xico y el Mundo de manera oportuna y busca que la libertad de expresi\u00f3n sea real. Visita nuestro medio informativo publicado desde Hermosillo, Sonora. %","robots":{"index":"index","follow":"follow","max-snippet":"max-snippet:-1","max-image-preview":"max-image-preview:large","max-video-preview":"max-video-preview:-1"},"canonical":"https:\/\/www.sonoraenequipo.com.mx\/para-ripley-empresario-cajemense-se-suicida-autodecapitandose\/","og_locale":"es_ES","og_type":"article","og_title":"Sonora en Equipo. Para Ripley Empresario cajemense se suicida autodecapit\u00e1ndose Polic\u00edaca","og_description":"CIUDAD OBREG\u00d3N, SONORA,MX.\u2500 \u00a0Con 88 actos de investigaci\u00f3n, evidencias cient\u00edficas y tecnol\u00f3gicas, realizadas por la Trilog\u00eda Investigadora de la Fiscal\u00eda En Sonora en Equipo publicamos toda la informaci\u00f3n de Sonora, M\u00e9xico y el Mundo de manera oportuna y busca que la libertad de expresi\u00f3n sea real. Visita nuestro medio informativo publicado desde Hermosillo, Sonora. %","og_url":"https:\/\/www.sonoraenequipo.com.mx\/para-ripley-empresario-cajemense-se-suicida-autodecapitandose\/","og_site_name":"Sonora en Equipo.","article_publisher":"https:\/\/www.facebook.com\/SonoraEE\/","article_author":"https:\/\/www.facebook.com\/SonoraEE","article_published_time":"2020-12-16T03:36:32+00:00","og_image":[{"width":600,"height":337,"url":"https:\/\/www.sonoraenequipo.com.mx\/storage\/2020\/12\/rodrigo.jpg","type":"image\/jpeg"}],"author":"enequipo","twitter_card":"summary_large_image","twitter_creator":"@sonoraenequipo","twitter_site":"@sonoraenequipo","twitter_misc":{"Escrito por":"enequipo","Tiempo de lectura":"8 minutos"},"schema":{"@context":"https:\/\/schema.org","@graph":[{"@type":"Article","@id":"https:\/\/www.sonoraenequipo.com.mx\/para-ripley-empresario-cajemense-se-suicida-autodecapitandose\/#article","isPartOf":{"@id":"https:\/\/www.sonoraenequipo.com.mx\/para-ripley-empresario-cajemense-se-suicida-autodecapitandose\/"},"author":{"name":"enequipo","@id":"https:\/\/www.sonoraenequipo.com.mx\/#\/schema\/person\/50102df0fb23a8fa9e8effad8fa81386"},"headline":"Para Ripley Empresario cajemense se suicida autodecapit\u00e1ndose","datePublished":"2020-12-16T03:36:32+00:00","mainEntityOfPage":{"@id":"https:\/\/www.sonoraenequipo.com.mx\/para-ripley-empresario-cajemense-se-suicida-autodecapitandose\/"},"wordCount":1668,"commentCount":0,"publisher":{"@id":"https:\/\/www.sonoraenequipo.com.mx\/#organization"},"image":{"@id":"https:\/\/www.sonoraenequipo.com.mx\/para-ripley-empresario-cajemense-se-suicida-autodecapitandose\/#primaryimage"},"thumbnailUrl":"https:\/\/www.sonoraenequipo.com.mx\/storage\/2020\/12\/rodrigo.jpg","articleSection":["Polic\u00edaca"],"inLanguage":"es","potentialAction":[{"@type":"CommentAction","name":"Comment","target":["https:\/\/www.sonoraenequipo.com.mx\/para-ripley-empresario-cajemense-se-suicida-autodecapitandose\/#respond"]}]},{"@type":"WebPage","@id":"https:\/\/www.sonoraenequipo.com.mx\/para-ripley-empresario-cajemense-se-suicida-autodecapitandose\/","url":"https:\/\/www.sonoraenequipo.com.mx\/para-ripley-empresario-cajemense-se-suicida-autodecapitandose\/","name":"Sonora en Equipo. Para Ripley Empresario cajemense se suicida autodecapit\u00e1ndose Polic\u00edaca","isPartOf":{"@id":"https:\/\/www.sonoraenequipo.com.mx\/#website"},"primaryImageOfPage":{"@id":"https:\/\/www.sonoraenequipo.com.mx\/para-ripley-empresario-cajemense-se-suicida-autodecapitandose\/#primaryimage"},"image":{"@id":"https:\/\/www.sonoraenequipo.com.mx\/para-ripley-empresario-cajemense-se-suicida-autodecapitandose\/#primaryimage"},"thumbnailUrl":"https:\/\/www.sonoraenequipo.com.mx\/storage\/2020\/12\/rodrigo.jpg","datePublished":"2020-12-16T03:36:32+00:00","description":"CIUDAD OBREG\u00d3N, SONORA,MX.\u2500 \u00a0Con 88 actos de investigaci\u00f3n, evidencias cient\u00edficas y tecnol\u00f3gicas, realizadas por la Trilog\u00eda Investigadora de la Fiscal\u00eda En Sonora en Equipo publicamos toda la informaci\u00f3n de Sonora, M\u00e9xico y el Mundo de manera oportuna y busca que la libertad de expresi\u00f3n sea real. Visita nuestro medio informativo publicado desde Hermosillo, Sonora. %","breadcrumb":{"@id":"https:\/\/www.sonoraenequipo.com.mx\/para-ripley-empresario-cajemense-se-suicida-autodecapitandose\/#breadcrumb"},"inLanguage":"es","potentialAction":[{"@type":"ReadAction","target":["https:\/\/www.sonoraenequipo.com.mx\/para-ripley-empresario-cajemense-se-suicida-autodecapitandose\/"]}]},{"@type":"ImageObject","inLanguage":"es","@id":"https:\/\/www.sonoraenequipo.com.mx\/para-ripley-empresario-cajemense-se-suicida-autodecapitandose\/#primaryimage","url":"https:\/\/www.sonoraenequipo.com.mx\/storage\/2020\/12\/rodrigo.jpg","contentUrl":"https:\/\/www.sonoraenequipo.com.mx\/storage\/2020\/12\/rodrigo.jpg","width":600,"height":337},{"@type":"BreadcrumbList","@id":"https:\/\/www.sonoraenequipo.com.mx\/para-ripley-empresario-cajemense-se-suicida-autodecapitandose\/#breadcrumb","itemListElement":[{"@type":"ListItem","position":1,"name":"Portada","item":"https:\/\/www.sonoraenequipo.com.mx\/"},{"@type":"ListItem","position":2,"name":"Para Ripley Empresario cajemense se suicida autodecapit\u00e1ndose"}]},{"@type":"WebSite","@id":"https:\/\/www.sonoraenequipo.com.mx\/#website","url":"https:\/\/www.sonoraenequipo.com.mx\/","name":"Sonora en Equipo.","description":"Diario en l\u00ednea con Noticias desde Hermosillo, Sonora","publisher":{"@id":"https:\/\/www.sonoraenequipo.com.mx\/#organization"},"potentialAction":[{"@type":"SearchAction","target":{"@type":"EntryPoint","urlTemplate":"https:\/\/www.sonoraenequipo.com.mx\/?s={search_term_string}"},"query-input":{"@type":"PropertyValueSpecification","valueRequired":true,"valueName":"search_term_string"}}],"inLanguage":"es"},{"@type":"Organization","@id":"https:\/\/www.sonoraenequipo.com.mx\/#organization","name":"Sonoraenequipo.com.mx","url":"https:\/\/www.sonoraenequipo.com.mx\/","logo":{"@type":"ImageObject","inLanguage":"es","@id":"https:\/\/www.sonoraenequipo.com.mx\/#\/schema\/logo\/image\/","url":"https:\/\/www.sonoraenequipo.com.mx\/storage\/2019\/01\/sonoraenequipo_opt.png","contentUrl":"https:\/\/www.sonoraenequipo.com.mx\/storage\/2019\/01\/sonoraenequipo_opt.png","width":375,"height":125,"caption":"Sonoraenequipo.com.mx"},"image":{"@id":"https:\/\/www.sonoraenequipo.com.mx\/#\/schema\/logo\/image\/"},"sameAs":["https:\/\/www.facebook.com\/SonoraEE\/","https:\/\/x.com\/sonoraenequipo","https:\/\/www.youtube.com\/channel\/UC338nW-lPEYmJQs4ZABQ1SQ"]},{"@type":"Person","@id":"https:\/\/www.sonoraenequipo.com.mx\/#\/schema\/person\/50102df0fb23a8fa9e8effad8fa81386","name":"enequipo","image":{"@type":"ImageObject","inLanguage":"es","@id":"https:\/\/www.sonoraenequipo.com.mx\/#\/schema\/person\/image\/","url":"https:\/\/secure.gravatar.com\/avatar\/049821681b589dabc0bc20695993ccebb09f5b5d4d790cd9251b97faac7c652b?s=96&d=blank&r=g","contentUrl":"https:\/\/secure.gravatar.com\/avatar\/049821681b589dabc0bc20695993ccebb09f5b5d4d790cd9251b97faac7c652b?s=96&d=blank&r=g","caption":"enequipo"},"sameAs":["https:\/\/www.facebook.com\/SonoraEE"]}]}},"jetpack_featured_media_url":"https:\/\/www.sonoraenequipo.com.mx\/storage\/2020\/12\/rodrigo.jpg","_links":{"self":[{"href":"https:\/\/www.sonoraenequipo.com.mx\/api\/wp\/v2\/posts\/102823","targetHints":{"allow":["GET"]}}],"collection":[{"href":"https:\/\/www.sonoraenequipo.com.mx\/api\/wp\/v2\/posts"}],"about":[{"href":"https:\/\/www.sonoraenequipo.com.mx\/api\/wp\/v2\/types\/post"}],"author":[{"embeddable":true,"href":"https:\/\/www.sonoraenequipo.com.mx\/api\/wp\/v2\/users\/1"}],"replies":[{"embeddable":true,"href":"https:\/\/www.sonoraenequipo.com.mx\/api\/wp\/v2\/comments?post=102823"}],"version-history":[{"count":1,"href":"https:\/\/www.sonoraenequipo.com.mx\/api\/wp\/v2\/posts\/102823\/revisions"}],"predecessor-version":[{"id":102825,"href":"https:\/\/www.sonoraenequipo.com.mx\/api\/wp\/v2\/posts\/102823\/revisions\/102825"}],"wp:featuredmedia":[{"embeddable":true,"href":"https:\/\/www.sonoraenequipo.com.mx\/api\/wp\/v2\/media\/102824"}],"wp:attachment":[{"href":"https:\/\/www.sonoraenequipo.com.mx\/api\/wp\/v2\/media?parent=102823"}],"wp:term":[{"taxonomy":"category","embeddable":true,"href":"https:\/\/www.sonoraenequipo.com.mx\/api\/wp\/v2\/categories?post=102823"},{"taxonomy":"post_tag","embeddable":true,"href":"https:\/\/www.sonoraenequipo.com.mx\/api\/wp\/v2\/tags?post=102823"}],"curies":[{"name":"wp","href":"https:\/\/api.w.org\/{rel}","templated":true}]}}