{"id":102835,"date":"2020-12-15T23:55:39","date_gmt":"2020-12-16T06:55:39","guid":{"rendered":"https:\/\/www.sonoraenequipo.com.mx\/?p=102835"},"modified":"2020-12-15T22:19:56","modified_gmt":"2020-12-16T05:19:56","slug":"sin-anticuerpos-contra-covid-75-de-los-mexicanos-revela-encuesta","status":"publish","type":"post","link":"https:\/\/www.sonoraenequipo.com.mx\/sin-anticuerpos-contra-covid-75-de-los-mexicanos-revela-encuesta\/","title":{"rendered":"Sin anticuerpos contra COVID, 75% de los mexicanos, revela encuesta"},"content":{"rendered":"<p>CIUDAD DE M\u00c9XICO.MX. \u2014 En M\u00e9xico, 75 por ciento de la poblaci\u00f3n sigue sin infectarse de COVID-19 y por lo tanto, carece de inmunidad, revel\u00f3 el director general del Instituto Nacional de Salud P\u00fablica (INSP), Juan Rivera Dommarco.<\/p>\n<p>&nbsp;<\/p>\n<p> <\/p>\n<p>&nbsp;<\/p>\n<p>El titular del instituto present\u00f3 los resultados preliminares de la Encuesta Nacional de Salud y Nutrici\u00f3n COVID-19 de este a\u00f1o (Ensanut COVID 2020), con la cual se estima que solo 25 por ciento de los mexicanos ya se habr\u00edan infectado de coronavirus, lo que equivale a 31 millones de personas, de una poblaci\u00f3n de m\u00e1s de 125 millones de habitantes.<\/p>\n<p>&nbsp;<\/p>\n<p>&nbsp;<\/p>\n<p>En conferencia, refiri\u00f3 que tener a tres cuartas partes de la poblaci\u00f3n sin anticuerpos para el SARS-CoV-2 \u201c<em>es un porcentaje alt\u00edsimo, no debemos descuidarnos, no porque venga la vacuna hay que desprotegernos, la mayor\u00eda estamos vulnerables<\/em>\u201d.<\/p>\n<p>&nbsp;<\/p>\n<p>&nbsp;<\/p>\n<p>Record\u00f3 que a\u00fan en los casos positivos, hay probabilidad de una reinfecci\u00f3n, pues no hay estudios concluyentes respecto a que las personas ya infectadas tengan una inmunidad permanente, y por el contrario, se han detectado algunos casos de reinfecci\u00f3n aunque aislados.<\/p>\n<p>&nbsp;<\/p>\n<p>Rivera Dommarco detall\u00f3 que de la proporci\u00f3n de personas ya expuestas al virus, 70 por ciento nunca tuvo s\u00edntomas de COVID-19.<br \/>\nMuchos son asintom\u00e1ticos.<\/p>\n<p>&nbsp;<\/p>\n<p>Esto significa que <em>\u201cmuch\u00edsima gente de los que estamos aqu\u00ed somos asintom\u00e1ticos y por lo tanto podemos estar transmitiendo la enfermedad sin darnos cuenta, por lo que hay que tomar todas las medidas de prevenci\u00f3n<\/em>\u201d, se\u00f1al\u00f3 Rivera Dommarco.<\/p>\n<p>&nbsp;<\/p>\n<p>En tanto, otro 10 por ciento de la poblaci\u00f3n infectada tuvo alg\u00fan s\u00edntoma y 20 por ciento, s\u00ed tuvieron signos de COVID-19, de acuerdo con los datos de la medici\u00f3n.<\/p>\n<p>&nbsp;<\/p>\n<p>Para llevar a cabo la encuesta, se tomaron muestras de sangre a habitantes de m\u00e1s de nueve mil 400 hogares en todo el pa\u00eds, lo que permiti\u00f3 tener resultados representativos de toda la poblaci\u00f3n.<\/p>\n<p>&nbsp;<\/p>\n<p>Las muestras se analizan para determinar si las personas ten\u00edan en su organismo anticuerpos para el virus SARS-CoV-2, lo que evidencia que ya se contagiaron en alg\u00fan momento de la epidemia.<\/p>\n<p>&nbsp;<\/p>\n<p>La toma de sangre se realiz\u00f3 en el antebrazo de ni\u00f1os, adolescentes y adultos de los hogares participantes.<\/p>\n<p>&nbsp;<\/p>\n<p>Rivera Dommarco precis\u00f3 que se han analizado 7 mil 98 muestras, equivalente a 74.4 por ciento del total, por lo que son resultados preliminares y podr\u00eda haber peque\u00f1os cambios cuando se tengan los resultados finales.<\/p>\n<p>&nbsp;<\/p>\n<p>&nbsp;<\/p>\n<p>(Publicada el 15\/12\/2020 \/ Con informaci\u00f3n de Gerardo Su\u00e1rez)<\/p>\n","protected":false},"excerpt":{"rendered":"<p>CIUDAD DE M\u00c9XICO.MX. \u2014 En M\u00e9xico, 75 por ciento de la poblaci\u00f3n sigue sin infectarse&#8230;<\/p>\n","protected":false},"author":1,"featured_media":102836,"comment_status":"open","ping_status":"open","sticky":false,"template":"","format":"standard","meta":{"_monsterinsights_skip_tracking":false,"_monsterinsights_sitenote_active":false,"_monsterinsights_sitenote_note":"","_monsterinsights_sitenote_category":0,"footnotes":""},"categories":[5],"tags":[],"class_list":["post"],"yoast_head":" \n<title>Sonora en Equipo. Sin anticuerpos contra COVID, 75% de los mexicanos, revela encuesta Rep\u00fablica<\/title>\n<meta name=\"description\" content=\"CIUDAD DE M\u00c9XICO.MX. \u2014 En M\u00e9xico, 75 por ciento de la poblaci\u00f3n sigue sin infectarse de COVID-19 y por lo tanto, carece de inmunidad, revel\u00f3 el director En Sonora en Equipo publicamos toda la informaci\u00f3n de Sonora, M\u00e9xico y el Mundo de manera oportuna y busca que la libertad de expresi\u00f3n sea real. Visita nuestro medio informativo publicado desde Hermosillo, Sonora. %\" \/>\n<meta name=\"robots\" content=\"index, follow, max-snippet:-1, max-image-preview:large, max-video-preview:-1\" \/>\n<link rel=\"canonical\" href=\"https:\/\/www.sonoraenequipo.com.mx\/sin-anticuerpos-contra-covid-75-de-los-mexicanos-revela-encuesta\/\" \/>\n<meta property=\"og:locale\" content=\"es_ES\" \/>\n<meta property=\"og:type\" content=\"article\" \/>\n<meta property=\"og:title\" content=\"Sonora en Equipo. Sin anticuerpos contra COVID, 75% de los mexicanos, revela encuesta Rep\u00fablica\" \/>\n<meta property=\"og:description\" content=\"CIUDAD DE M\u00c9XICO.MX. \u2014 En M\u00e9xico, 75 por ciento de la poblaci\u00f3n sigue sin infectarse de COVID-19 y por lo tanto, carece de inmunidad, revel\u00f3 el director En Sonora en Equipo publicamos toda la informaci\u00f3n de Sonora, M\u00e9xico y el Mundo de manera oportuna y busca que la libertad de expresi\u00f3n sea real. Visita nuestro medio informativo publicado desde Hermosillo, Sonora. %\" \/>\n<meta property=\"og:url\" content=\"https:\/\/www.sonoraenequipo.com.mx\/sin-anticuerpos-contra-covid-75-de-los-mexicanos-revela-encuesta\/\" \/>\n<meta property=\"og:site_name\" content=\"Sonora en Equipo.\" \/>\n<meta property=\"article:publisher\" content=\"https:\/\/www.facebook.com\/SonoraEE\/\" \/>\n<meta property=\"article:author\" content=\"https:\/\/www.facebook.com\/SonoraEE\" \/>\n<meta property=\"article:published_time\" content=\"2020-12-16T06:55:39+00:00\" \/>\n<meta property=\"og:image\" content=\"https:\/\/www.sonoraenequipo.com.mx\/storage\/2020\/12\/coivd-mexico_opt1.jpg\" \/>\n\t<meta property=\"og:image:width\" content=\"709\" \/>\n\t<meta property=\"og:image:height\" content=\"400\" \/>\n\t<meta property=\"og:image:type\" content=\"image\/jpeg\" \/>\n<meta name=\"author\" content=\"enequipo\" \/>\n<meta name=\"twitter:card\" content=\"summary_large_image\" \/>\n<meta name=\"twitter:creator\" content=\"@sonoraenequipo\" \/>\n<meta name=\"twitter:site\" content=\"@sonoraenequipo\" \/>\n<meta name=\"twitter:label1\" content=\"Escrito por\" \/>\n\t<meta name=\"twitter:data1\" content=\"enequipo\" \/>\n\t<meta name=\"twitter:label2\" content=\"Tiempo de lectura\" \/>\n\t<meta name=\"twitter:data2\" content=\"2 minutos\" \/>\n<script type=\"application\/ld+json\" class=\"yoast-schema-graph\">{\"@context\":\"https:\/\/schema.org\",\"@graph\":[{\"@type\":\"Article\",\"@id\":\"https:\/\/www.sonoraenequipo.com.mx\/sin-anticuerpos-contra-covid-75-de-los-mexicanos-revela-encuesta\/#article\",\"isPartOf\":{\"@id\":\"https:\/\/www.sonoraenequipo.com.mx\/sin-anticuerpos-contra-covid-75-de-los-mexicanos-revela-encuesta\/\"},\"author\":{\"name\":\"enequipo\",\"@id\":\"https:\/\/www.sonoraenequipo.com.mx\/#\/schema\/person\/50102df0fb23a8fa9e8effad8fa81386\"},\"headline\":\"Sin anticuerpos contra COVID, 75% de los mexicanos, revela encuesta\",\"datePublished\":\"2020-12-16T06:55:39+00:00\",\"mainEntityOfPage\":{\"@id\":\"https:\/\/www.sonoraenequipo.com.mx\/sin-anticuerpos-contra-covid-75-de-los-mexicanos-revela-encuesta\/\"},\"wordCount\":440,\"commentCount\":0,\"publisher\":{\"@id\":\"https:\/\/www.sonoraenequipo.com.mx\/#organization\"},\"image\":{\"@id\":\"https:\/\/www.sonoraenequipo.com.mx\/sin-anticuerpos-contra-covid-75-de-los-mexicanos-revela-encuesta\/#primaryimage\"},\"thumbnailUrl\":\"https:\/\/www.sonoraenequipo.com.mx\/storage\/2020\/12\/coivd-mexico_opt1.jpg\",\"articleSection\":[\"Rep\u00fablica\"],\"inLanguage\":\"es\",\"potentialAction\":[{\"@type\":\"CommentAction\",\"name\":\"Comment\",\"target\":[\"https:\/\/www.sonoraenequipo.com.mx\/sin-anticuerpos-contra-covid-75-de-los-mexicanos-revela-encuesta\/#respond\"]}]},{\"@type\":\"WebPage\",\"@id\":\"https:\/\/www.sonoraenequipo.com.mx\/sin-anticuerpos-contra-covid-75-de-los-mexicanos-revela-encuesta\/\",\"url\":\"https:\/\/www.sonoraenequipo.com.mx\/sin-anticuerpos-contra-covid-75-de-los-mexicanos-revela-encuesta\/\",\"name\":\"Sonora en Equipo. Sin anticuerpos contra COVID, 75% de los mexicanos, revela encuesta Rep\u00fablica\",\"isPartOf\":{\"@id\":\"https:\/\/www.sonoraenequipo.com.mx\/#website\"},\"primaryImageOfPage\":{\"@id\":\"https:\/\/www.sonoraenequipo.com.mx\/sin-anticuerpos-contra-covid-75-de-los-mexicanos-revela-encuesta\/#primaryimage\"},\"image\":{\"@id\":\"https:\/\/www.sonoraenequipo.com.mx\/sin-anticuerpos-contra-covid-75-de-los-mexicanos-revela-encuesta\/#primaryimage\"},\"thumbnailUrl\":\"https:\/\/www.sonoraenequipo.com.mx\/storage\/2020\/12\/coivd-mexico_opt1.jpg\",\"datePublished\":\"2020-12-16T06:55:39+00:00\",\"description\":\"CIUDAD DE M\u00c9XICO.MX. \u2014 En M\u00e9xico, 75 por ciento de la poblaci\u00f3n sigue sin infectarse de COVID-19 y por lo tanto, carece de inmunidad, revel\u00f3 el director En Sonora en Equipo publicamos toda la informaci\u00f3n de Sonora, M\u00e9xico y el Mundo de manera oportuna y busca que la libertad de expresi\u00f3n sea real. Visita nuestro medio informativo publicado desde Hermosillo, Sonora. %\",\"breadcrumb\":{\"@id\":\"https:\/\/www.sonoraenequipo.com.mx\/sin-anticuerpos-contra-covid-75-de-los-mexicanos-revela-encuesta\/#breadcrumb\"},\"inLanguage\":\"es\",\"potentialAction\":[{\"@type\":\"ReadAction\",\"target\":[\"https:\/\/www.sonoraenequipo.com.mx\/sin-anticuerpos-contra-covid-75-de-los-mexicanos-revela-encuesta\/\"]}]},{\"@type\":\"ImageObject\",\"inLanguage\":\"es\",\"@id\":\"https:\/\/www.sonoraenequipo.com.mx\/sin-anticuerpos-contra-covid-75-de-los-mexicanos-revela-encuesta\/#primaryimage\",\"url\":\"https:\/\/www.sonoraenequipo.com.mx\/storage\/2020\/12\/coivd-mexico_opt1.jpg\",\"contentUrl\":\"https:\/\/www.sonoraenequipo.com.mx\/storage\/2020\/12\/coivd-mexico_opt1.jpg\",\"width\":709,\"height\":400},{\"@type\":\"BreadcrumbList\",\"@id\":\"https:\/\/www.sonoraenequipo.com.mx\/sin-anticuerpos-contra-covid-75-de-los-mexicanos-revela-encuesta\/#breadcrumb\",\"itemListElement\":[{\"@type\":\"ListItem\",\"position\":1,\"name\":\"Portada\",\"item\":\"https:\/\/www.sonoraenequipo.com.mx\/\"},{\"@type\":\"ListItem\",\"position\":2,\"name\":\"Sin anticuerpos contra COVID, 75% de los mexicanos, revela encuesta\"}]},{\"@type\":\"WebSite\",\"@id\":\"https:\/\/www.sonoraenequipo.com.mx\/#website\",\"url\":\"https:\/\/www.sonoraenequipo.com.mx\/\",\"name\":\"Sonora en Equipo.\",\"description\":\"Diario en l\u00ednea con Noticias desde Hermosillo, Sonora\",\"publisher\":{\"@id\":\"https:\/\/www.sonoraenequipo.com.mx\/#organization\"},\"potentialAction\":[{\"@type\":\"SearchAction\",\"target\":{\"@type\":\"EntryPoint\",\"urlTemplate\":\"https:\/\/www.sonoraenequipo.com.mx\/?s={search_term_string}\"},\"query-input\":{\"@type\":\"PropertyValueSpecification\",\"valueRequired\":true,\"valueName\":\"search_term_string\"}}],\"inLanguage\":\"es\"},{\"@type\":\"Organization\",\"@id\":\"https:\/\/www.sonoraenequipo.com.mx\/#organization\",\"name\":\"Sonoraenequipo.com.mx\",\"url\":\"https:\/\/www.sonoraenequipo.com.mx\/\",\"logo\":{\"@type\":\"ImageObject\",\"inLanguage\":\"es\",\"@id\":\"https:\/\/www.sonoraenequipo.com.mx\/#\/schema\/logo\/image\/\",\"url\":\"https:\/\/www.sonoraenequipo.com.mx\/storage\/2019\/01\/sonoraenequipo_opt.png\",\"contentUrl\":\"https:\/\/www.sonoraenequipo.com.mx\/storage\/2019\/01\/sonoraenequipo_opt.png\",\"width\":375,\"height\":125,\"caption\":\"Sonoraenequipo.com.mx\"},\"image\":{\"@id\":\"https:\/\/www.sonoraenequipo.com.mx\/#\/schema\/logo\/image\/\"},\"sameAs\":[\"https:\/\/www.facebook.com\/SonoraEE\/\",\"https:\/\/x.com\/sonoraenequipo\",\"https:\/\/www.youtube.com\/channel\/UC338nW-lPEYmJQs4ZABQ1SQ\"]},{\"@type\":\"Person\",\"@id\":\"https:\/\/www.sonoraenequipo.com.mx\/#\/schema\/person\/50102df0fb23a8fa9e8effad8fa81386\",\"name\":\"enequipo\",\"image\":{\"@type\":\"ImageObject\",\"inLanguage\":\"es\",\"@id\":\"https:\/\/www.sonoraenequipo.com.mx\/#\/schema\/person\/image\/\",\"url\":\"https:\/\/secure.gravatar.com\/avatar\/049821681b589dabc0bc20695993ccebb09f5b5d4d790cd9251b97faac7c652b?s=96&d=blank&r=g\",\"contentUrl\":\"https:\/\/secure.gravatar.com\/avatar\/049821681b589dabc0bc20695993ccebb09f5b5d4d790cd9251b97faac7c652b?s=96&d=blank&r=g\",\"caption\":\"enequipo\"},\"sameAs\":[\"https:\/\/www.facebook.com\/SonoraEE\"]}]}<\/script>\n ","yoast_head_json":{"title":"Sonora en Equipo. Sin anticuerpos contra COVID, 75% de los mexicanos, revela encuesta Rep\u00fablica","description":"CIUDAD DE M\u00c9XICO.MX. \u2014 En M\u00e9xico, 75 por ciento de la poblaci\u00f3n sigue sin infectarse de COVID-19 y por lo tanto, carece de inmunidad, revel\u00f3 el director En Sonora en Equipo publicamos toda la informaci\u00f3n de Sonora, M\u00e9xico y el Mundo de manera oportuna y busca que la libertad de expresi\u00f3n sea real. Visita nuestro medio informativo publicado desde Hermosillo, Sonora. %","robots":{"index":"index","follow":"follow","max-snippet":"max-snippet:-1","max-image-preview":"max-image-preview:large","max-video-preview":"max-video-preview:-1"},"canonical":"https:\/\/www.sonoraenequipo.com.mx\/sin-anticuerpos-contra-covid-75-de-los-mexicanos-revela-encuesta\/","og_locale":"es_ES","og_type":"article","og_title":"Sonora en Equipo. Sin anticuerpos contra COVID, 75% de los mexicanos, revela encuesta Rep\u00fablica","og_description":"CIUDAD DE M\u00c9XICO.MX. \u2014 En M\u00e9xico, 75 por ciento de la poblaci\u00f3n sigue sin infectarse de COVID-19 y por lo tanto, carece de inmunidad, revel\u00f3 el director En Sonora en Equipo publicamos toda la informaci\u00f3n de Sonora, M\u00e9xico y el Mundo de manera oportuna y busca que la libertad de expresi\u00f3n sea real. Visita nuestro medio informativo publicado desde Hermosillo, Sonora. %","og_url":"https:\/\/www.sonoraenequipo.com.mx\/sin-anticuerpos-contra-covid-75-de-los-mexicanos-revela-encuesta\/","og_site_name":"Sonora en Equipo.","article_publisher":"https:\/\/www.facebook.com\/SonoraEE\/","article_author":"https:\/\/www.facebook.com\/SonoraEE","article_published_time":"2020-12-16T06:55:39+00:00","og_image":[{"width":709,"height":400,"url":"https:\/\/www.sonoraenequipo.com.mx\/storage\/2020\/12\/coivd-mexico_opt1.jpg","type":"image\/jpeg"}],"author":"enequipo","twitter_card":"summary_large_image","twitter_creator":"@sonoraenequipo","twitter_site":"@sonoraenequipo","twitter_misc":{"Escrito por":"enequipo","Tiempo de lectura":"2 minutos"},"schema":{"@context":"https:\/\/schema.org","@graph":[{"@type":"Article","@id":"https:\/\/www.sonoraenequipo.com.mx\/sin-anticuerpos-contra-covid-75-de-los-mexicanos-revela-encuesta\/#article","isPartOf":{"@id":"https:\/\/www.sonoraenequipo.com.mx\/sin-anticuerpos-contra-covid-75-de-los-mexicanos-revela-encuesta\/"},"author":{"name":"enequipo","@id":"https:\/\/www.sonoraenequipo.com.mx\/#\/schema\/person\/50102df0fb23a8fa9e8effad8fa81386"},"headline":"Sin anticuerpos contra COVID, 75% de los mexicanos, revela encuesta","datePublished":"2020-12-16T06:55:39+00:00","mainEntityOfPage":{"@id":"https:\/\/www.sonoraenequipo.com.mx\/sin-anticuerpos-contra-covid-75-de-los-mexicanos-revela-encuesta\/"},"wordCount":440,"commentCount":0,"publisher":{"@id":"https:\/\/www.sonoraenequipo.com.mx\/#organization"},"image":{"@id":"https:\/\/www.sonoraenequipo.com.mx\/sin-anticuerpos-contra-covid-75-de-los-mexicanos-revela-encuesta\/#primaryimage"},"thumbnailUrl":"https:\/\/www.sonoraenequipo.com.mx\/storage\/2020\/12\/coivd-mexico_opt1.jpg","articleSection":["Rep\u00fablica"],"inLanguage":"es","potentialAction":[{"@type":"CommentAction","name":"Comment","target":["https:\/\/www.sonoraenequipo.com.mx\/sin-anticuerpos-contra-covid-75-de-los-mexicanos-revela-encuesta\/#respond"]}]},{"@type":"WebPage","@id":"https:\/\/www.sonoraenequipo.com.mx\/sin-anticuerpos-contra-covid-75-de-los-mexicanos-revela-encuesta\/","url":"https:\/\/www.sonoraenequipo.com.mx\/sin-anticuerpos-contra-covid-75-de-los-mexicanos-revela-encuesta\/","name":"Sonora en Equipo. Sin anticuerpos contra COVID, 75% de los mexicanos, revela encuesta Rep\u00fablica","isPartOf":{"@id":"https:\/\/www.sonoraenequipo.com.mx\/#website"},"primaryImageOfPage":{"@id":"https:\/\/www.sonoraenequipo.com.mx\/sin-anticuerpos-contra-covid-75-de-los-mexicanos-revela-encuesta\/#primaryimage"},"image":{"@id":"https:\/\/www.sonoraenequipo.com.mx\/sin-anticuerpos-contra-covid-75-de-los-mexicanos-revela-encuesta\/#primaryimage"},"thumbnailUrl":"https:\/\/www.sonoraenequipo.com.mx\/storage\/2020\/12\/coivd-mexico_opt1.jpg","datePublished":"2020-12-16T06:55:39+00:00","description":"CIUDAD DE M\u00c9XICO.MX. \u2014 En M\u00e9xico, 75 por ciento de la poblaci\u00f3n sigue sin infectarse de COVID-19 y por lo tanto, carece de inmunidad, revel\u00f3 el director En Sonora en Equipo publicamos toda la informaci\u00f3n de Sonora, M\u00e9xico y el Mundo de manera oportuna y busca que la libertad de expresi\u00f3n sea real. Visita nuestro medio informativo publicado desde Hermosillo, Sonora. %","breadcrumb":{"@id":"https:\/\/www.sonoraenequipo.com.mx\/sin-anticuerpos-contra-covid-75-de-los-mexicanos-revela-encuesta\/#breadcrumb"},"inLanguage":"es","potentialAction":[{"@type":"ReadAction","target":["https:\/\/www.sonoraenequipo.com.mx\/sin-anticuerpos-contra-covid-75-de-los-mexicanos-revela-encuesta\/"]}]},{"@type":"ImageObject","inLanguage":"es","@id":"https:\/\/www.sonoraenequipo.com.mx\/sin-anticuerpos-contra-covid-75-de-los-mexicanos-revela-encuesta\/#primaryimage","url":"https:\/\/www.sonoraenequipo.com.mx\/storage\/2020\/12\/coivd-mexico_opt1.jpg","contentUrl":"https:\/\/www.sonoraenequipo.com.mx\/storage\/2020\/12\/coivd-mexico_opt1.jpg","width":709,"height":400},{"@type":"BreadcrumbList","@id":"https:\/\/www.sonoraenequipo.com.mx\/sin-anticuerpos-contra-covid-75-de-los-mexicanos-revela-encuesta\/#breadcrumb","itemListElement":[{"@type":"ListItem","position":1,"name":"Portada","item":"https:\/\/www.sonoraenequipo.com.mx\/"},{"@type":"ListItem","position":2,"name":"Sin anticuerpos contra COVID, 75% de los mexicanos, revela encuesta"}]},{"@type":"WebSite","@id":"https:\/\/www.sonoraenequipo.com.mx\/#website","url":"https:\/\/www.sonoraenequipo.com.mx\/","name":"Sonora en Equipo.","description":"Diario en l\u00ednea con Noticias desde Hermosillo, Sonora","publisher":{"@id":"https:\/\/www.sonoraenequipo.com.mx\/#organization"},"potentialAction":[{"@type":"SearchAction","target":{"@type":"EntryPoint","urlTemplate":"https:\/\/www.sonoraenequipo.com.mx\/?s={search_term_string}"},"query-input":{"@type":"PropertyValueSpecification","valueRequired":true,"valueName":"search_term_string"}}],"inLanguage":"es"},{"@type":"Organization","@id":"https:\/\/www.sonoraenequipo.com.mx\/#organization","name":"Sonoraenequipo.com.mx","url":"https:\/\/www.sonoraenequipo.com.mx\/","logo":{"@type":"ImageObject","inLanguage":"es","@id":"https:\/\/www.sonoraenequipo.com.mx\/#\/schema\/logo\/image\/","url":"https:\/\/www.sonoraenequipo.com.mx\/storage\/2019\/01\/sonoraenequipo_opt.png","contentUrl":"https:\/\/www.sonoraenequipo.com.mx\/storage\/2019\/01\/sonoraenequipo_opt.png","width":375,"height":125,"caption":"Sonoraenequipo.com.mx"},"image":{"@id":"https:\/\/www.sonoraenequipo.com.mx\/#\/schema\/logo\/image\/"},"sameAs":["https:\/\/www.facebook.com\/SonoraEE\/","https:\/\/x.com\/sonoraenequipo","https:\/\/www.youtube.com\/channel\/UC338nW-lPEYmJQs4ZABQ1SQ"]},{"@type":"Person","@id":"https:\/\/www.sonoraenequipo.com.mx\/#\/schema\/person\/50102df0fb23a8fa9e8effad8fa81386","name":"enequipo","image":{"@type":"ImageObject","inLanguage":"es","@id":"https:\/\/www.sonoraenequipo.com.mx\/#\/schema\/person\/image\/","url":"https:\/\/secure.gravatar.com\/avatar\/049821681b589dabc0bc20695993ccebb09f5b5d4d790cd9251b97faac7c652b?s=96&d=blank&r=g","contentUrl":"https:\/\/secure.gravatar.com\/avatar\/049821681b589dabc0bc20695993ccebb09f5b5d4d790cd9251b97faac7c652b?s=96&d=blank&r=g","caption":"enequipo"},"sameAs":["https:\/\/www.facebook.com\/SonoraEE"]}]}},"jetpack_featured_media_url":"https:\/\/www.sonoraenequipo.com.mx\/storage\/2020\/12\/coivd-mexico_opt1.jpg","_links":{"self":[{"href":"https:\/\/www.sonoraenequipo.com.mx\/api\/wp\/v2\/posts\/102835","targetHints":{"allow":["GET"]}}],"collection":[{"href":"https:\/\/www.sonoraenequipo.com.mx\/api\/wp\/v2\/posts"}],"about":[{"href":"https:\/\/www.sonoraenequipo.com.mx\/api\/wp\/v2\/types\/post"}],"author":[{"embeddable":true,"href":"https:\/\/www.sonoraenequipo.com.mx\/api\/wp\/v2\/users\/1"}],"replies":[{"embeddable":true,"href":"https:\/\/www.sonoraenequipo.com.mx\/api\/wp\/v2\/comments?post=102835"}],"version-history":[{"count":1,"href":"https:\/\/www.sonoraenequipo.com.mx\/api\/wp\/v2\/posts\/102835\/revisions"}],"predecessor-version":[{"id":102837,"href":"https:\/\/www.sonoraenequipo.com.mx\/api\/wp\/v2\/posts\/102835\/revisions\/102837"}],"wp:featuredmedia":[{"embeddable":true,"href":"https:\/\/www.sonoraenequipo.com.mx\/api\/wp\/v2\/media\/102836"}],"wp:attachment":[{"href":"https:\/\/www.sonoraenequipo.com.mx\/api\/wp\/v2\/media?parent=102835"}],"wp:term":[{"taxonomy":"category","embeddable":true,"href":"https:\/\/www.sonoraenequipo.com.mx\/api\/wp\/v2\/categories?post=102835"},{"taxonomy":"post_tag","embeddable":true,"href":"https:\/\/www.sonoraenequipo.com.mx\/api\/wp\/v2\/tags?post=102835"}],"curies":[{"name":"wp","href":"https:\/\/api.w.org\/{rel}","templated":true}]}}