{"id":102863,"date":"2020-12-16T11:05:01","date_gmt":"2020-12-16T18:05:01","guid":{"rendered":"https:\/\/www.sonoraenequipo.com.mx\/?p=102863"},"modified":"2020-12-16T14:40:21","modified_gmt":"2020-12-16T21:40:21","slug":"diputados-aprueban-en-lo-general-hasta-7-anos-de-carcel-y-multa-de-hasta-43-mil-pesos-a-quienes-tomen-casetas","status":"publish","type":"post","link":"https:\/\/www.sonoraenequipo.com.mx\/diputados-aprueban-en-lo-general-hasta-7-anos-de-carcel-y-multa-de-hasta-43-mil-pesos-a-quienes-tomen-casetas\/","title":{"rendered":"Diputados aprueban, en lo general, hasta 7 a\u00f1os de c\u00e1rcel y multa de hasta 43 mil pesos a quienes tomen casetas"},"content":{"rendered":"<p>CIUDAD DE M\u00c9XICO. MX. \u2014 La C\u00e1mara de Diputados aprob\u00f3 este martes, en lo general, el dictamen que reforma la Ley de V\u00edas Generales de Comunicaci\u00f3n para castigar con hasta siete a\u00f1os de prisi\u00f3n y con una multa de hasta 43 mil 440 pesos a quienes impidan o lucren con el cobro de cuotas a los veh\u00edculos que circulan por dichas v\u00edas.<\/p>\n<p>&nbsp;<\/p>\n<p> <\/p>\n<p>&nbsp;<\/p>\n<p>El pleno aval\u00f3 la reforma al art\u00edculo 533 de dicha ley con 344 votos a favor, 85 en contra y 24 abstenciones.<\/p>\n<p>&nbsp;<\/p>\n<p><em>\u00abA quienes da\u00f1en, perjudiquen o destruyan las v\u00edas generales de comunicaci\u00f3n, o los medios de transporte, o interrumpan la construcci\u00f3n de dichas v\u00edas, o para obtener un lucro interrumpan el tr\u00e1nsito de los medios de transporte y la operaci\u00f3n de los servicios de peaje, o total o parcialmente interrumpan o deterioren los dem\u00e1s servicios que operen en las v\u00edas generales de comunicaci\u00f3n o los medios de transporte, se impondr\u00e1 sanci\u00f3n de tres meses a siete a\u00f1os de prisi\u00f3n y multa de 100 a 500 veces el valor diario de la Unidad de Medida y Actualizaci\u00f3n\u00bb,<\/em> se\u00f1ala textualmente la reforma avalada.<\/p>\n<p>&nbsp;<\/p>\n<p>Al fundamentar el dictamen , el presidente de la Comisi\u00f3n de Comunicaciones y Transportes, diputado V\u00edctor Manuel P\u00e9rez D\u00edaz (PAN), precis\u00f3 que la intenci\u00f3n es brindar mayor certeza jur\u00eddica y garantizar el Estado de derecho en las v\u00edas generales de comunicaci\u00f3n.<\/p>\n<p>&nbsp;<\/p>\n<p>Los bloqueos, a\u00f1adi\u00f3, de acuerdo con datos de la Secretar\u00eda de Comunicaciones y Transportes y de la Asociaci\u00f3n Mexicana de Concesionarios de Infraestructura Vial, durante 2019 y lo que va del presente a\u00f1o, originaron p\u00e9rdidas sectoriales cercanas a los siete mil millones de pesos.<\/p>\n<p>&nbsp;<\/p>\n<p>En 2020, los bloqueos a las v\u00edas f\u00e9rreas se han incrementado 119 por ciento respecto a 2019, y en promedio su duraci\u00f3n es de 12 d\u00edas.<\/p>\n<p><a class=\"twitter-timeline\" data-width=\"640\" data-height=\"960\" data-dnt=\"true\" href=\"https:\/\/twitter.com\/Mx_Diputados?ref_src=twsrc%5Etfw\">Tweets by Mx_Diputados<\/a><script async src=\"https:\/\/platform.twitter.com\/widgets.js\" charset=\"utf-8\"><\/script><\/p>\n<p>&nbsp;<\/p>\n<p>&nbsp;<\/p>\n<p>(Publicada el 16\/12\/2020)<\/p>\n","protected":false},"excerpt":{"rendered":"<p>CIUDAD DE M\u00c9XICO. MX. \u2014 La C\u00e1mara de Diputados aprob\u00f3 este martes, en lo general,&#8230;<\/p>\n","protected":false},"author":1,"featured_media":102864,"comment_status":"open","ping_status":"open","sticky":false,"template":"","format":"standard","meta":{"_monsterinsights_skip_tracking":false,"_monsterinsights_sitenote_active":false,"_monsterinsights_sitenote_note":"","_monsterinsights_sitenote_category":0,"footnotes":""},"categories":[5],"tags":[],"class_list":["post"],"yoast_head":" \n<title>Sonora en Equipo. Diputados aprueban, en lo general, hasta 7 a\u00f1os de c\u00e1rcel y multa de hasta 43 mil pesos a quienes tomen casetas Rep\u00fablica<\/title>\n<meta name=\"description\" content=\"CIUDAD DE M\u00c9XICO. MX. \u2014 La C\u00e1mara de Diputados aprob\u00f3 este martes, en lo general, el dictamen que reforma la Ley de V\u00edas Generales de Comunicaci\u00f3n para En Sonora en Equipo publicamos toda la informaci\u00f3n de Sonora, M\u00e9xico y el Mundo de manera oportuna y busca que la libertad de expresi\u00f3n sea real. Visita nuestro medio informativo publicado desde Hermosillo, Sonora. %\" \/>\n<meta name=\"robots\" content=\"index, follow, max-snippet:-1, max-image-preview:large, max-video-preview:-1\" \/>\n<link rel=\"canonical\" href=\"https:\/\/www.sonoraenequipo.com.mx\/diputados-aprueban-en-lo-general-hasta-7-anos-de-carcel-y-multa-de-hasta-43-mil-pesos-a-quienes-tomen-casetas\/\" \/>\n<meta property=\"og:locale\" content=\"es_ES\" \/>\n<meta property=\"og:type\" content=\"article\" \/>\n<meta property=\"og:title\" content=\"Sonora en Equipo. Diputados aprueban, en lo general, hasta 7 a\u00f1os de c\u00e1rcel y multa de hasta 43 mil pesos a quienes tomen casetas Rep\u00fablica\" \/>\n<meta property=\"og:description\" content=\"CIUDAD DE M\u00c9XICO. MX. \u2014 La C\u00e1mara de Diputados aprob\u00f3 este martes, en lo general, el dictamen que reforma la Ley de V\u00edas Generales de Comunicaci\u00f3n para En Sonora en Equipo publicamos toda la informaci\u00f3n de Sonora, M\u00e9xico y el Mundo de manera oportuna y busca que la libertad de expresi\u00f3n sea real. Visita nuestro medio informativo publicado desde Hermosillo, Sonora. %\" \/>\n<meta property=\"og:url\" content=\"https:\/\/www.sonoraenequipo.com.mx\/diputados-aprueban-en-lo-general-hasta-7-anos-de-carcel-y-multa-de-hasta-43-mil-pesos-a-quienes-tomen-casetas\/\" \/>\n<meta property=\"og:site_name\" content=\"Sonora en Equipo.\" \/>\n<meta property=\"article:publisher\" content=\"https:\/\/www.facebook.com\/SonoraEE\/\" \/>\n<meta property=\"article:author\" content=\"https:\/\/www.facebook.com\/SonoraEE\" \/>\n<meta property=\"article:published_time\" content=\"2020-12-16T18:05:01+00:00\" \/>\n<meta property=\"article:modified_time\" content=\"2020-12-16T21:40:21+00:00\" \/>\n<meta property=\"og:image\" content=\"https:\/\/www.sonoraenequipo.com.mx\/storage\/2020\/12\/Toma-de-casetas_opt.jpg\" \/>\n\t<meta property=\"og:image:width\" content=\"872\" \/>\n\t<meta property=\"og:image:height\" content=\"400\" \/>\n\t<meta property=\"og:image:type\" content=\"image\/jpeg\" \/>\n<meta name=\"author\" content=\"enequipo\" \/>\n<meta name=\"twitter:card\" content=\"summary_large_image\" \/>\n<meta name=\"twitter:creator\" content=\"@sonoraenequipo\" \/>\n<meta name=\"twitter:site\" content=\"@sonoraenequipo\" \/>\n<meta name=\"twitter:label1\" content=\"Escrito por\" \/>\n\t<meta name=\"twitter:data1\" content=\"enequipo\" \/>\n\t<meta name=\"twitter:label2\" content=\"Tiempo de lectura\" \/>\n\t<meta name=\"twitter:data2\" content=\"2 minutos\" \/>\n<script type=\"application\/ld+json\" class=\"yoast-schema-graph\">{\"@context\":\"https:\/\/schema.org\",\"@graph\":[{\"@type\":\"Article\",\"@id\":\"https:\/\/www.sonoraenequipo.com.mx\/diputados-aprueban-en-lo-general-hasta-7-anos-de-carcel-y-multa-de-hasta-43-mil-pesos-a-quienes-tomen-casetas\/#article\",\"isPartOf\":{\"@id\":\"https:\/\/www.sonoraenequipo.com.mx\/diputados-aprueban-en-lo-general-hasta-7-anos-de-carcel-y-multa-de-hasta-43-mil-pesos-a-quienes-tomen-casetas\/\"},\"author\":{\"name\":\"enequipo\",\"@id\":\"https:\/\/www.sonoraenequipo.com.mx\/#\/schema\/person\/50102df0fb23a8fa9e8effad8fa81386\"},\"headline\":\"Diputados aprueban, en lo general, hasta 7 a\u00f1os de c\u00e1rcel y multa de hasta 43 mil pesos a quienes tomen casetas\",\"datePublished\":\"2020-12-16T18:05:01+00:00\",\"dateModified\":\"2020-12-16T21:40:21+00:00\",\"mainEntityOfPage\":{\"@id\":\"https:\/\/www.sonoraenequipo.com.mx\/diputados-aprueban-en-lo-general-hasta-7-anos-de-carcel-y-multa-de-hasta-43-mil-pesos-a-quienes-tomen-casetas\/\"},\"wordCount\":357,\"commentCount\":0,\"publisher\":{\"@id\":\"https:\/\/www.sonoraenequipo.com.mx\/#organization\"},\"image\":{\"@id\":\"https:\/\/www.sonoraenequipo.com.mx\/diputados-aprueban-en-lo-general-hasta-7-anos-de-carcel-y-multa-de-hasta-43-mil-pesos-a-quienes-tomen-casetas\/#primaryimage\"},\"thumbnailUrl\":\"https:\/\/www.sonoraenequipo.com.mx\/storage\/2020\/12\/Toma-de-casetas_opt.jpg\",\"articleSection\":[\"Rep\u00fablica\"],\"inLanguage\":\"es\",\"potentialAction\":[{\"@type\":\"CommentAction\",\"name\":\"Comment\",\"target\":[\"https:\/\/www.sonoraenequipo.com.mx\/diputados-aprueban-en-lo-general-hasta-7-anos-de-carcel-y-multa-de-hasta-43-mil-pesos-a-quienes-tomen-casetas\/#respond\"]}]},{\"@type\":\"WebPage\",\"@id\":\"https:\/\/www.sonoraenequipo.com.mx\/diputados-aprueban-en-lo-general-hasta-7-anos-de-carcel-y-multa-de-hasta-43-mil-pesos-a-quienes-tomen-casetas\/\",\"url\":\"https:\/\/www.sonoraenequipo.com.mx\/diputados-aprueban-en-lo-general-hasta-7-anos-de-carcel-y-multa-de-hasta-43-mil-pesos-a-quienes-tomen-casetas\/\",\"name\":\"Sonora en Equipo. Diputados aprueban, en lo general, hasta 7 a\u00f1os de c\u00e1rcel y multa de hasta 43 mil pesos a quienes tomen casetas Rep\u00fablica\",\"isPartOf\":{\"@id\":\"https:\/\/www.sonoraenequipo.com.mx\/#website\"},\"primaryImageOfPage\":{\"@id\":\"https:\/\/www.sonoraenequipo.com.mx\/diputados-aprueban-en-lo-general-hasta-7-anos-de-carcel-y-multa-de-hasta-43-mil-pesos-a-quienes-tomen-casetas\/#primaryimage\"},\"image\":{\"@id\":\"https:\/\/www.sonoraenequipo.com.mx\/diputados-aprueban-en-lo-general-hasta-7-anos-de-carcel-y-multa-de-hasta-43-mil-pesos-a-quienes-tomen-casetas\/#primaryimage\"},\"thumbnailUrl\":\"https:\/\/www.sonoraenequipo.com.mx\/storage\/2020\/12\/Toma-de-casetas_opt.jpg\",\"datePublished\":\"2020-12-16T18:05:01+00:00\",\"dateModified\":\"2020-12-16T21:40:21+00:00\",\"description\":\"CIUDAD DE M\u00c9XICO. MX. \u2014 La C\u00e1mara de Diputados aprob\u00f3 este martes, en lo general, el dictamen que reforma la Ley de V\u00edas Generales de Comunicaci\u00f3n para En Sonora en Equipo publicamos toda la informaci\u00f3n de Sonora, M\u00e9xico y el Mundo de manera oportuna y busca que la libertad de expresi\u00f3n sea real. Visita nuestro medio informativo publicado desde Hermosillo, Sonora. %\",\"breadcrumb\":{\"@id\":\"https:\/\/www.sonoraenequipo.com.mx\/diputados-aprueban-en-lo-general-hasta-7-anos-de-carcel-y-multa-de-hasta-43-mil-pesos-a-quienes-tomen-casetas\/#breadcrumb\"},\"inLanguage\":\"es\",\"potentialAction\":[{\"@type\":\"ReadAction\",\"target\":[\"https:\/\/www.sonoraenequipo.com.mx\/diputados-aprueban-en-lo-general-hasta-7-anos-de-carcel-y-multa-de-hasta-43-mil-pesos-a-quienes-tomen-casetas\/\"]}]},{\"@type\":\"ImageObject\",\"inLanguage\":\"es\",\"@id\":\"https:\/\/www.sonoraenequipo.com.mx\/diputados-aprueban-en-lo-general-hasta-7-anos-de-carcel-y-multa-de-hasta-43-mil-pesos-a-quienes-tomen-casetas\/#primaryimage\",\"url\":\"https:\/\/www.sonoraenequipo.com.mx\/storage\/2020\/12\/Toma-de-casetas_opt.jpg\",\"contentUrl\":\"https:\/\/www.sonoraenequipo.com.mx\/storage\/2020\/12\/Toma-de-casetas_opt.jpg\",\"width\":872,\"height\":400},{\"@type\":\"BreadcrumbList\",\"@id\":\"https:\/\/www.sonoraenequipo.com.mx\/diputados-aprueban-en-lo-general-hasta-7-anos-de-carcel-y-multa-de-hasta-43-mil-pesos-a-quienes-tomen-casetas\/#breadcrumb\",\"itemListElement\":[{\"@type\":\"ListItem\",\"position\":1,\"name\":\"Portada\",\"item\":\"https:\/\/www.sonoraenequipo.com.mx\/\"},{\"@type\":\"ListItem\",\"position\":2,\"name\":\"Diputados aprueban, en lo general, hasta 7 a\u00f1os de c\u00e1rcel y multa de hasta 43 mil pesos a quienes tomen casetas\"}]},{\"@type\":\"WebSite\",\"@id\":\"https:\/\/www.sonoraenequipo.com.mx\/#website\",\"url\":\"https:\/\/www.sonoraenequipo.com.mx\/\",\"name\":\"Sonora en Equipo.\",\"description\":\"Diario en l\u00ednea con Noticias desde Hermosillo, Sonora\",\"publisher\":{\"@id\":\"https:\/\/www.sonoraenequipo.com.mx\/#organization\"},\"potentialAction\":[{\"@type\":\"SearchAction\",\"target\":{\"@type\":\"EntryPoint\",\"urlTemplate\":\"https:\/\/www.sonoraenequipo.com.mx\/?s={search_term_string}\"},\"query-input\":{\"@type\":\"PropertyValueSpecification\",\"valueRequired\":true,\"valueName\":\"search_term_string\"}}],\"inLanguage\":\"es\"},{\"@type\":\"Organization\",\"@id\":\"https:\/\/www.sonoraenequipo.com.mx\/#organization\",\"name\":\"Sonoraenequipo.com.mx\",\"url\":\"https:\/\/www.sonoraenequipo.com.mx\/\",\"logo\":{\"@type\":\"ImageObject\",\"inLanguage\":\"es\",\"@id\":\"https:\/\/www.sonoraenequipo.com.mx\/#\/schema\/logo\/image\/\",\"url\":\"https:\/\/www.sonoraenequipo.com.mx\/storage\/2019\/01\/sonoraenequipo_opt.png\",\"contentUrl\":\"https:\/\/www.sonoraenequipo.com.mx\/storage\/2019\/01\/sonoraenequipo_opt.png\",\"width\":375,\"height\":125,\"caption\":\"Sonoraenequipo.com.mx\"},\"image\":{\"@id\":\"https:\/\/www.sonoraenequipo.com.mx\/#\/schema\/logo\/image\/\"},\"sameAs\":[\"https:\/\/www.facebook.com\/SonoraEE\/\",\"https:\/\/x.com\/sonoraenequipo\",\"https:\/\/www.youtube.com\/channel\/UC338nW-lPEYmJQs4ZABQ1SQ\"]},{\"@type\":\"Person\",\"@id\":\"https:\/\/www.sonoraenequipo.com.mx\/#\/schema\/person\/50102df0fb23a8fa9e8effad8fa81386\",\"name\":\"enequipo\",\"image\":{\"@type\":\"ImageObject\",\"inLanguage\":\"es\",\"@id\":\"https:\/\/www.sonoraenequipo.com.mx\/#\/schema\/person\/image\/\",\"url\":\"https:\/\/secure.gravatar.com\/avatar\/049821681b589dabc0bc20695993ccebb09f5b5d4d790cd9251b97faac7c652b?s=96&d=blank&r=g\",\"contentUrl\":\"https:\/\/secure.gravatar.com\/avatar\/049821681b589dabc0bc20695993ccebb09f5b5d4d790cd9251b97faac7c652b?s=96&d=blank&r=g\",\"caption\":\"enequipo\"},\"sameAs\":[\"https:\/\/www.facebook.com\/SonoraEE\"]}]}<\/script>\n ","yoast_head_json":{"title":"Sonora en Equipo. Diputados aprueban, en lo general, hasta 7 a\u00f1os de c\u00e1rcel y multa de hasta 43 mil pesos a quienes tomen casetas Rep\u00fablica","description":"CIUDAD DE M\u00c9XICO. MX. \u2014 La C\u00e1mara de Diputados aprob\u00f3 este martes, en lo general, el dictamen que reforma la Ley de V\u00edas Generales de Comunicaci\u00f3n para En Sonora en Equipo publicamos toda la informaci\u00f3n de Sonora, M\u00e9xico y el Mundo de manera oportuna y busca que la libertad de expresi\u00f3n sea real. Visita nuestro medio informativo publicado desde Hermosillo, Sonora. %","robots":{"index":"index","follow":"follow","max-snippet":"max-snippet:-1","max-image-preview":"max-image-preview:large","max-video-preview":"max-video-preview:-1"},"canonical":"https:\/\/www.sonoraenequipo.com.mx\/diputados-aprueban-en-lo-general-hasta-7-anos-de-carcel-y-multa-de-hasta-43-mil-pesos-a-quienes-tomen-casetas\/","og_locale":"es_ES","og_type":"article","og_title":"Sonora en Equipo. Diputados aprueban, en lo general, hasta 7 a\u00f1os de c\u00e1rcel y multa de hasta 43 mil pesos a quienes tomen casetas Rep\u00fablica","og_description":"CIUDAD DE M\u00c9XICO. MX. \u2014 La C\u00e1mara de Diputados aprob\u00f3 este martes, en lo general, el dictamen que reforma la Ley de V\u00edas Generales de Comunicaci\u00f3n para En Sonora en Equipo publicamos toda la informaci\u00f3n de Sonora, M\u00e9xico y el Mundo de manera oportuna y busca que la libertad de expresi\u00f3n sea real. Visita nuestro medio informativo publicado desde Hermosillo, Sonora. %","og_url":"https:\/\/www.sonoraenequipo.com.mx\/diputados-aprueban-en-lo-general-hasta-7-anos-de-carcel-y-multa-de-hasta-43-mil-pesos-a-quienes-tomen-casetas\/","og_site_name":"Sonora en Equipo.","article_publisher":"https:\/\/www.facebook.com\/SonoraEE\/","article_author":"https:\/\/www.facebook.com\/SonoraEE","article_published_time":"2020-12-16T18:05:01+00:00","article_modified_time":"2020-12-16T21:40:21+00:00","og_image":[{"width":872,"height":400,"url":"https:\/\/www.sonoraenequipo.com.mx\/storage\/2020\/12\/Toma-de-casetas_opt.jpg","type":"image\/jpeg"}],"author":"enequipo","twitter_card":"summary_large_image","twitter_creator":"@sonoraenequipo","twitter_site":"@sonoraenequipo","twitter_misc":{"Escrito por":"enequipo","Tiempo de lectura":"2 minutos"},"schema":{"@context":"https:\/\/schema.org","@graph":[{"@type":"Article","@id":"https:\/\/www.sonoraenequipo.com.mx\/diputados-aprueban-en-lo-general-hasta-7-anos-de-carcel-y-multa-de-hasta-43-mil-pesos-a-quienes-tomen-casetas\/#article","isPartOf":{"@id":"https:\/\/www.sonoraenequipo.com.mx\/diputados-aprueban-en-lo-general-hasta-7-anos-de-carcel-y-multa-de-hasta-43-mil-pesos-a-quienes-tomen-casetas\/"},"author":{"name":"enequipo","@id":"https:\/\/www.sonoraenequipo.com.mx\/#\/schema\/person\/50102df0fb23a8fa9e8effad8fa81386"},"headline":"Diputados aprueban, en lo general, hasta 7 a\u00f1os de c\u00e1rcel y multa de hasta 43 mil pesos a quienes tomen casetas","datePublished":"2020-12-16T18:05:01+00:00","dateModified":"2020-12-16T21:40:21+00:00","mainEntityOfPage":{"@id":"https:\/\/www.sonoraenequipo.com.mx\/diputados-aprueban-en-lo-general-hasta-7-anos-de-carcel-y-multa-de-hasta-43-mil-pesos-a-quienes-tomen-casetas\/"},"wordCount":357,"commentCount":0,"publisher":{"@id":"https:\/\/www.sonoraenequipo.com.mx\/#organization"},"image":{"@id":"https:\/\/www.sonoraenequipo.com.mx\/diputados-aprueban-en-lo-general-hasta-7-anos-de-carcel-y-multa-de-hasta-43-mil-pesos-a-quienes-tomen-casetas\/#primaryimage"},"thumbnailUrl":"https:\/\/www.sonoraenequipo.com.mx\/storage\/2020\/12\/Toma-de-casetas_opt.jpg","articleSection":["Rep\u00fablica"],"inLanguage":"es","potentialAction":[{"@type":"CommentAction","name":"Comment","target":["https:\/\/www.sonoraenequipo.com.mx\/diputados-aprueban-en-lo-general-hasta-7-anos-de-carcel-y-multa-de-hasta-43-mil-pesos-a-quienes-tomen-casetas\/#respond"]}]},{"@type":"WebPage","@id":"https:\/\/www.sonoraenequipo.com.mx\/diputados-aprueban-en-lo-general-hasta-7-anos-de-carcel-y-multa-de-hasta-43-mil-pesos-a-quienes-tomen-casetas\/","url":"https:\/\/www.sonoraenequipo.com.mx\/diputados-aprueban-en-lo-general-hasta-7-anos-de-carcel-y-multa-de-hasta-43-mil-pesos-a-quienes-tomen-casetas\/","name":"Sonora en Equipo. Diputados aprueban, en lo general, hasta 7 a\u00f1os de c\u00e1rcel y multa de hasta 43 mil pesos a quienes tomen casetas Rep\u00fablica","isPartOf":{"@id":"https:\/\/www.sonoraenequipo.com.mx\/#website"},"primaryImageOfPage":{"@id":"https:\/\/www.sonoraenequipo.com.mx\/diputados-aprueban-en-lo-general-hasta-7-anos-de-carcel-y-multa-de-hasta-43-mil-pesos-a-quienes-tomen-casetas\/#primaryimage"},"image":{"@id":"https:\/\/www.sonoraenequipo.com.mx\/diputados-aprueban-en-lo-general-hasta-7-anos-de-carcel-y-multa-de-hasta-43-mil-pesos-a-quienes-tomen-casetas\/#primaryimage"},"thumbnailUrl":"https:\/\/www.sonoraenequipo.com.mx\/storage\/2020\/12\/Toma-de-casetas_opt.jpg","datePublished":"2020-12-16T18:05:01+00:00","dateModified":"2020-12-16T21:40:21+00:00","description":"CIUDAD DE M\u00c9XICO. MX. \u2014 La C\u00e1mara de Diputados aprob\u00f3 este martes, en lo general, el dictamen que reforma la Ley de V\u00edas Generales de Comunicaci\u00f3n para En Sonora en Equipo publicamos toda la informaci\u00f3n de Sonora, M\u00e9xico y el Mundo de manera oportuna y busca que la libertad de expresi\u00f3n sea real. Visita nuestro medio informativo publicado desde Hermosillo, Sonora. %","breadcrumb":{"@id":"https:\/\/www.sonoraenequipo.com.mx\/diputados-aprueban-en-lo-general-hasta-7-anos-de-carcel-y-multa-de-hasta-43-mil-pesos-a-quienes-tomen-casetas\/#breadcrumb"},"inLanguage":"es","potentialAction":[{"@type":"ReadAction","target":["https:\/\/www.sonoraenequipo.com.mx\/diputados-aprueban-en-lo-general-hasta-7-anos-de-carcel-y-multa-de-hasta-43-mil-pesos-a-quienes-tomen-casetas\/"]}]},{"@type":"ImageObject","inLanguage":"es","@id":"https:\/\/www.sonoraenequipo.com.mx\/diputados-aprueban-en-lo-general-hasta-7-anos-de-carcel-y-multa-de-hasta-43-mil-pesos-a-quienes-tomen-casetas\/#primaryimage","url":"https:\/\/www.sonoraenequipo.com.mx\/storage\/2020\/12\/Toma-de-casetas_opt.jpg","contentUrl":"https:\/\/www.sonoraenequipo.com.mx\/storage\/2020\/12\/Toma-de-casetas_opt.jpg","width":872,"height":400},{"@type":"BreadcrumbList","@id":"https:\/\/www.sonoraenequipo.com.mx\/diputados-aprueban-en-lo-general-hasta-7-anos-de-carcel-y-multa-de-hasta-43-mil-pesos-a-quienes-tomen-casetas\/#breadcrumb","itemListElement":[{"@type":"ListItem","position":1,"name":"Portada","item":"https:\/\/www.sonoraenequipo.com.mx\/"},{"@type":"ListItem","position":2,"name":"Diputados aprueban, en lo general, hasta 7 a\u00f1os de c\u00e1rcel y multa de hasta 43 mil pesos a quienes tomen casetas"}]},{"@type":"WebSite","@id":"https:\/\/www.sonoraenequipo.com.mx\/#website","url":"https:\/\/www.sonoraenequipo.com.mx\/","name":"Sonora en Equipo.","description":"Diario en l\u00ednea con Noticias desde Hermosillo, Sonora","publisher":{"@id":"https:\/\/www.sonoraenequipo.com.mx\/#organization"},"potentialAction":[{"@type":"SearchAction","target":{"@type":"EntryPoint","urlTemplate":"https:\/\/www.sonoraenequipo.com.mx\/?s={search_term_string}"},"query-input":{"@type":"PropertyValueSpecification","valueRequired":true,"valueName":"search_term_string"}}],"inLanguage":"es"},{"@type":"Organization","@id":"https:\/\/www.sonoraenequipo.com.mx\/#organization","name":"Sonoraenequipo.com.mx","url":"https:\/\/www.sonoraenequipo.com.mx\/","logo":{"@type":"ImageObject","inLanguage":"es","@id":"https:\/\/www.sonoraenequipo.com.mx\/#\/schema\/logo\/image\/","url":"https:\/\/www.sonoraenequipo.com.mx\/storage\/2019\/01\/sonoraenequipo_opt.png","contentUrl":"https:\/\/www.sonoraenequipo.com.mx\/storage\/2019\/01\/sonoraenequipo_opt.png","width":375,"height":125,"caption":"Sonoraenequipo.com.mx"},"image":{"@id":"https:\/\/www.sonoraenequipo.com.mx\/#\/schema\/logo\/image\/"},"sameAs":["https:\/\/www.facebook.com\/SonoraEE\/","https:\/\/x.com\/sonoraenequipo","https:\/\/www.youtube.com\/channel\/UC338nW-lPEYmJQs4ZABQ1SQ"]},{"@type":"Person","@id":"https:\/\/www.sonoraenequipo.com.mx\/#\/schema\/person\/50102df0fb23a8fa9e8effad8fa81386","name":"enequipo","image":{"@type":"ImageObject","inLanguage":"es","@id":"https:\/\/www.sonoraenequipo.com.mx\/#\/schema\/person\/image\/","url":"https:\/\/secure.gravatar.com\/avatar\/049821681b589dabc0bc20695993ccebb09f5b5d4d790cd9251b97faac7c652b?s=96&d=blank&r=g","contentUrl":"https:\/\/secure.gravatar.com\/avatar\/049821681b589dabc0bc20695993ccebb09f5b5d4d790cd9251b97faac7c652b?s=96&d=blank&r=g","caption":"enequipo"},"sameAs":["https:\/\/www.facebook.com\/SonoraEE"]}]}},"jetpack_featured_media_url":"https:\/\/www.sonoraenequipo.com.mx\/storage\/2020\/12\/Toma-de-casetas_opt.jpg","_links":{"self":[{"href":"https:\/\/www.sonoraenequipo.com.mx\/api\/wp\/v2\/posts\/102863","targetHints":{"allow":["GET"]}}],"collection":[{"href":"https:\/\/www.sonoraenequipo.com.mx\/api\/wp\/v2\/posts"}],"about":[{"href":"https:\/\/www.sonoraenequipo.com.mx\/api\/wp\/v2\/types\/post"}],"author":[{"embeddable":true,"href":"https:\/\/www.sonoraenequipo.com.mx\/api\/wp\/v2\/users\/1"}],"replies":[{"embeddable":true,"href":"https:\/\/www.sonoraenequipo.com.mx\/api\/wp\/v2\/comments?post=102863"}],"version-history":[{"count":1,"href":"https:\/\/www.sonoraenequipo.com.mx\/api\/wp\/v2\/posts\/102863\/revisions"}],"predecessor-version":[{"id":102865,"href":"https:\/\/www.sonoraenequipo.com.mx\/api\/wp\/v2\/posts\/102863\/revisions\/102865"}],"wp:featuredmedia":[{"embeddable":true,"href":"https:\/\/www.sonoraenequipo.com.mx\/api\/wp\/v2\/media\/102864"}],"wp:attachment":[{"href":"https:\/\/www.sonoraenequipo.com.mx\/api\/wp\/v2\/media?parent=102863"}],"wp:term":[{"taxonomy":"category","embeddable":true,"href":"https:\/\/www.sonoraenequipo.com.mx\/api\/wp\/v2\/categories?post=102863"},{"taxonomy":"post_tag","embeddable":true,"href":"https:\/\/www.sonoraenequipo.com.mx\/api\/wp\/v2\/tags?post=102863"}],"curies":[{"name":"wp","href":"https:\/\/api.w.org\/{rel}","templated":true}]}}