{"id":102872,"date":"2020-12-16T17:13:58","date_gmt":"2020-12-17T00:13:58","guid":{"rendered":"https:\/\/www.sonoraenequipo.com.mx\/?p=102872"},"modified":"2020-12-16T17:13:58","modified_gmt":"2020-12-17T00:13:58","slug":"llegara-vacuna-del-covid-a-sonora-en-cuanto-haya-disponibilidad-amlo","status":"publish","type":"post","link":"https:\/\/www.sonoraenequipo.com.mx\/llegara-vacuna-del-covid-a-sonora-en-cuanto-haya-disponibilidad-amlo\/","title":{"rendered":"Llegar\u00e1 vacuna del covid a Sonora en cuanto haya disponibilidad: AMLO"},"content":{"rendered":"<p>MOCTEZUMA, SONORA,MX.\u2500Al ser una entidad fronteriza y uno de los estados con mayor \u00edndice de padecimientos cr\u00f3nicos que provocan complicaciones graves y hasta la muerte en pacientes con COVID-19, Sonora debe ser prioridad en la distribuci\u00f3n y aplicaci\u00f3n de la vacuna contra Sars-Cov2, sostuvo la gobernadora Claudia Pavlovich Arellano ante el presidente Andr\u00e9s Manuel L\u00f3pez Obrador, a lo que el mandatario federal respondi\u00f3 que en cuanto haya disponibilidad del inmunol\u00f3gico este llegar\u00e1 a todo el estado.<\/p>\n<p>&nbsp;<\/p>\n<p>&nbsp;<\/p>\n<p>En el marco de la inauguraci\u00f3n del cuartel de la Guardia Nacional en Moctezuma, la gobernadora Pavlovich agradeci\u00f3 al Presidente de la Rep\u00fablica su presencia, una vez m\u00e1s, en Sonora, en esta ocasi\u00f3n para entregar este compromiso a favor de la seguridad de las y los sonorenses de esta regi\u00f3n de la sierra sonorense.<\/p>\n<p>&nbsp;<\/p>\n<p>&nbsp;<\/p>\n<p>En su mensaje, la mandataria estatal reiter\u00f3 ante el presidente L\u00f3pez Obrador la petici\u00f3n que ha enviado ya al gobierno federal para que Sonora sea de los primeros estados a los que llegue la vacuna contra el COVID-19, toda vez que esta entidad presenta condiciones que hacen a la poblaci\u00f3n m\u00e1s vulnerable ante la pandemia, entre ellas, una de las prevalencias m\u00e1s altas en enfermedades cr\u00f3nico degenerativas, pero tambi\u00e9n ser un estado que sirve al pa\u00eds para mantener el din\u00e1mico comercio trasfronterizo entre M\u00e9xico y Estados Unidos.<\/p>\n<p>&nbsp;<\/p>\n<p>&nbsp;<\/p>\n<p>\u201cQuiero decirle que por nuestros puertos fronterizos, que son siete, van y vienen 18 mil millones de d\u00f3lares en producci\u00f3n cada a\u00f1o. Pero tambi\u00e9n tenemos retos propios de nuestra din\u00e1mica; somos uno de los estados con mayor \u00edndice de comorbilidades, como hipertensi\u00f3n, diabetes, obesidad y esas enfermedades son literalmente letales, frente a una pandemia como la que vivimos\u00bb, indic\u00f3.<\/p>\n<p>&nbsp;<\/p>\n<p>&nbsp;<\/p>\n<p>La gobernadora Pavlovich explic\u00f3 que en Sonora el campo genera miles de empleos para trabajadores de diferentes estados; a trav\u00e9s de sus carreteras se exporta gran parte de los productos mexicanos y es tambi\u00e9n por esta movilidad que debe tenerse en cuenta a la entidad para que iniciar pronto el proceso de vacunaci\u00f3n contra el COVID-19.<\/p>\n<p>&nbsp;<\/p>\n<p>&nbsp;<\/p>\n<p>\u201c\u00bfPor qu\u00e9 le digo todo esto? Porque viene un gran reto Presidente, el reto de la vacunaci\u00f3n. Quiero pedirle que considere estas dos condiciones. La primera, econ\u00f3micamente estrat\u00e9gica para el pa\u00eds: seguridad alimentaria, intercambio comercial y generaci\u00f3n de empleo. La segunda, y m\u00e1s importante sobre la vida y la posibilidad de sobrevivir: nuestras comorbilidades y, por lo tanto, alta mortalidad con respecto a esta terrible enfermedad. Le pido Presidente, considerar a Sonora, entre sus prioridades\u201d, recalc\u00f3.<\/p>\n<p>&nbsp;<\/p>\n<p>&nbsp;<\/p>\n<p>La mandataria estatal reiter\u00f3 el llamado al trabajo conjunto en favor de las y los ciudadanos y recalc\u00f3 que hay muchos sonorenses con condiciones que los colocan ante la posibilidad de perder la batalla frente a la pandemia.<\/p>\n<p>&nbsp;<\/p>\n<p>&nbsp;<\/p>\n<p>\u201cHemos perdido a muchas y muchos sonorenses. No queremos seguir lamentando m\u00e1s p\u00e9rdidas, sino tener esperanza de vida. Se lo reitero Presidente, aqu\u00ed est\u00e1n las dos manos de la Gobernadora, que siempre trabajar\u00e1 a su lado, a entrarle con todo mi esfuerzo, soy una convencida de que la unidad es muy importante en momentos de incertidumbre\u201d, se\u00f1al\u00f3.<\/p>\n<p>&nbsp;<\/p>\n<p>&nbsp;<\/p>\n<p>Al respecto, el presidente Andr\u00e9s Manuel L\u00f3pez Obrador manifest\u00f3 el respaldo hacia la gesti\u00f3n de la gobernadora Claudia Pavlovich Arellano en materia de combate a la pandemia por COVID-19 y se comprometi\u00f3 a un trabajo conjunto en favor de las y los sonorenses.<\/p>\n<p>&nbsp;<\/p>\n<p>&nbsp;<\/p>\n<p>\u00abQue tengan los sonorenses, mujeres y hombres, la seguridad de que al tener la disponibilidad de la vacuna, se va aplicar en todo Sonora, hasta en las comunidades m\u00e1s apartadas, los municipios de la sierra, en todos lados cuando tengamos esta vacuna\u00bb, coment\u00f3.<\/p>\n<p>&nbsp;<\/p>\n<p>&nbsp;<\/p>\n<p>El mandatario federal anunci\u00f3 que el gobierno federal tiene disponibilidad de recursos para adquirir suficiente vacuna para que puedan acceder todos los mexicanos y en torno a la entrega del edificio de la Guardia Nacional, refrend\u00f3 el compromiso de seguir fortaleciendo la presencia de elementos en todo el pa\u00eds y en Sonora para combatir la inseguridad en la regi\u00f3n.<\/p>\n<p>&nbsp;<\/p>\n<p>&nbsp;<\/p>\n<p>Presentes: Ricardo Mej\u00eda Berdeja, subsecretario de Seguridad y Protecci\u00f3n Ciudadana; Luis Cresencio Sandoval Gonz\u00e1lez, secretario de la Defensa Nacional; Jos\u00e9 Rafael Ojeda Dur\u00e1n, secretario de Marina; Luis Rodr\u00edguez Bucio, comandante de la Guardia Nacional; Celestino \u00c1vila Astudillo, comandante de la Segunda Regi\u00f3n Militar; Jorge Ambia Minero, comandante de la cuarta Zona Militar; Cruz Adriana Sep\u00falveda Rodr\u00edguez, presidenta municipal de Moctezuma; Benedicto Santamar\u00eda Gonz\u00e1lez, coordinador estatal de la Guardia Nacional; Jes\u00fas Ram\u00edrez Cuevas, coordinador general de Comunicaci\u00f3n Social y vocero del Gobierno de la Rep\u00fablica.<\/p>\n<p>Fecha de publicaci\u00f3n 16\/dic\/2021<\/p>\n<p>&nbsp;<\/p>\n","protected":false},"excerpt":{"rendered":"<p>MOCTEZUMA, SONORA,MX.\u2500Al ser una entidad fronteriza y uno de los estados con mayor \u00edndice de&#8230;<\/p>\n","protected":false},"author":1,"featured_media":102873,"comment_status":"open","ping_status":"open","sticky":false,"template":"","format":"standard","meta":{"_monsterinsights_skip_tracking":false,"_monsterinsights_sitenote_active":false,"_monsterinsights_sitenote_note":"","_monsterinsights_sitenote_category":0,"footnotes":""},"categories":[22],"tags":[546,15],"class_list":["post"],"yoast_head":" \n<title>Sonora en Equipo. Llegar\u00e1 vacuna del covid a Sonora en cuanto haya disponibilidad: AMLO Sonora<\/title>\n<meta name=\"description\" content=\"MOCTEZUMA, SONORA,MX.\u2500Al ser una entidad fronteriza y uno de los estados con mayor \u00edndice de padecimientos cr\u00f3nicos que provocan complicaciones graves y En Sonora en Equipo publicamos toda la informaci\u00f3n de Sonora, M\u00e9xico y el Mundo de manera oportuna y busca que la libertad de expresi\u00f3n sea real. Visita nuestro medio informativo publicado desde Hermosillo, Sonora. %\" \/>\n<meta name=\"robots\" content=\"index, follow, max-snippet:-1, max-image-preview:large, max-video-preview:-1\" \/>\n<link rel=\"canonical\" href=\"https:\/\/www.sonoraenequipo.com.mx\/llegara-vacuna-del-covid-a-sonora-en-cuanto-haya-disponibilidad-amlo\/\" \/>\n<meta property=\"og:locale\" content=\"es_ES\" \/>\n<meta property=\"og:type\" content=\"article\" \/>\n<meta property=\"og:title\" content=\"Sonora en Equipo. Llegar\u00e1 vacuna del covid a Sonora en cuanto haya disponibilidad: AMLO Sonora\" \/>\n<meta property=\"og:description\" content=\"MOCTEZUMA, SONORA,MX.\u2500Al ser una entidad fronteriza y uno de los estados con mayor \u00edndice de padecimientos cr\u00f3nicos que provocan complicaciones graves y En Sonora en Equipo publicamos toda la informaci\u00f3n de Sonora, M\u00e9xico y el Mundo de manera oportuna y busca que la libertad de expresi\u00f3n sea real. Visita nuestro medio informativo publicado desde Hermosillo, Sonora. %\" \/>\n<meta property=\"og:url\" content=\"https:\/\/www.sonoraenequipo.com.mx\/llegara-vacuna-del-covid-a-sonora-en-cuanto-haya-disponibilidad-amlo\/\" \/>\n<meta property=\"og:site_name\" content=\"Sonora en Equipo.\" \/>\n<meta property=\"article:publisher\" content=\"https:\/\/www.facebook.com\/SonoraEE\/\" \/>\n<meta property=\"article:author\" content=\"https:\/\/www.facebook.com\/SonoraEE\" \/>\n<meta property=\"article:published_time\" content=\"2020-12-17T00:13:58+00:00\" \/>\n<meta property=\"og:image\" content=\"https:\/\/www.sonoraenequipo.com.mx\/storage\/2020\/12\/CPA161220.jpg\" \/>\n\t<meta property=\"og:image:width\" content=\"600\" \/>\n\t<meta property=\"og:image:height\" content=\"400\" \/>\n\t<meta property=\"og:image:type\" content=\"image\/jpeg\" \/>\n<meta name=\"author\" content=\"enequipo\" \/>\n<meta name=\"twitter:card\" content=\"summary_large_image\" \/>\n<meta name=\"twitter:creator\" content=\"@sonoraenequipo\" \/>\n<meta name=\"twitter:site\" content=\"@sonoraenequipo\" \/>\n<meta name=\"twitter:label1\" content=\"Escrito por\" \/>\n\t<meta name=\"twitter:data1\" content=\"enequipo\" \/>\n\t<meta name=\"twitter:label2\" content=\"Tiempo de lectura\" \/>\n\t<meta name=\"twitter:data2\" content=\"4 minutos\" \/>\n<script type=\"application\/ld+json\" class=\"yoast-schema-graph\">{\"@context\":\"https:\/\/schema.org\",\"@graph\":[{\"@type\":\"Article\",\"@id\":\"https:\/\/www.sonoraenequipo.com.mx\/llegara-vacuna-del-covid-a-sonora-en-cuanto-haya-disponibilidad-amlo\/#article\",\"isPartOf\":{\"@id\":\"https:\/\/www.sonoraenequipo.com.mx\/llegara-vacuna-del-covid-a-sonora-en-cuanto-haya-disponibilidad-amlo\/\"},\"author\":{\"name\":\"enequipo\",\"@id\":\"https:\/\/www.sonoraenequipo.com.mx\/#\/schema\/person\/50102df0fb23a8fa9e8effad8fa81386\"},\"headline\":\"Llegar\u00e1 vacuna del covid a Sonora en cuanto haya disponibilidad: AMLO\",\"datePublished\":\"2020-12-17T00:13:58+00:00\",\"mainEntityOfPage\":{\"@id\":\"https:\/\/www.sonoraenequipo.com.mx\/llegara-vacuna-del-covid-a-sonora-en-cuanto-haya-disponibilidad-amlo\/\"},\"wordCount\":832,\"commentCount\":0,\"publisher\":{\"@id\":\"https:\/\/www.sonoraenequipo.com.mx\/#organization\"},\"image\":{\"@id\":\"https:\/\/www.sonoraenequipo.com.mx\/llegara-vacuna-del-covid-a-sonora-en-cuanto-haya-disponibilidad-amlo\/#primaryimage\"},\"thumbnailUrl\":\"https:\/\/www.sonoraenequipo.com.mx\/storage\/2020\/12\/CPA161220.jpg\",\"keywords\":[\"AMLO\",\"Sonora\"],\"articleSection\":[\"Sonora\"],\"inLanguage\":\"es\",\"potentialAction\":[{\"@type\":\"CommentAction\",\"name\":\"Comment\",\"target\":[\"https:\/\/www.sonoraenequipo.com.mx\/llegara-vacuna-del-covid-a-sonora-en-cuanto-haya-disponibilidad-amlo\/#respond\"]}]},{\"@type\":\"WebPage\",\"@id\":\"https:\/\/www.sonoraenequipo.com.mx\/llegara-vacuna-del-covid-a-sonora-en-cuanto-haya-disponibilidad-amlo\/\",\"url\":\"https:\/\/www.sonoraenequipo.com.mx\/llegara-vacuna-del-covid-a-sonora-en-cuanto-haya-disponibilidad-amlo\/\",\"name\":\"Sonora en Equipo. Llegar\u00e1 vacuna del covid a Sonora en cuanto haya disponibilidad: AMLO Sonora\",\"isPartOf\":{\"@id\":\"https:\/\/www.sonoraenequipo.com.mx\/#website\"},\"primaryImageOfPage\":{\"@id\":\"https:\/\/www.sonoraenequipo.com.mx\/llegara-vacuna-del-covid-a-sonora-en-cuanto-haya-disponibilidad-amlo\/#primaryimage\"},\"image\":{\"@id\":\"https:\/\/www.sonoraenequipo.com.mx\/llegara-vacuna-del-covid-a-sonora-en-cuanto-haya-disponibilidad-amlo\/#primaryimage\"},\"thumbnailUrl\":\"https:\/\/www.sonoraenequipo.com.mx\/storage\/2020\/12\/CPA161220.jpg\",\"datePublished\":\"2020-12-17T00:13:58+00:00\",\"description\":\"MOCTEZUMA, SONORA,MX.\u2500Al ser una entidad fronteriza y uno de los estados con mayor \u00edndice de padecimientos cr\u00f3nicos que provocan complicaciones graves y En Sonora en Equipo publicamos toda la informaci\u00f3n de Sonora, M\u00e9xico y el Mundo de manera oportuna y busca que la libertad de expresi\u00f3n sea real. Visita nuestro medio informativo publicado desde Hermosillo, Sonora. %\",\"breadcrumb\":{\"@id\":\"https:\/\/www.sonoraenequipo.com.mx\/llegara-vacuna-del-covid-a-sonora-en-cuanto-haya-disponibilidad-amlo\/#breadcrumb\"},\"inLanguage\":\"es\",\"potentialAction\":[{\"@type\":\"ReadAction\",\"target\":[\"https:\/\/www.sonoraenequipo.com.mx\/llegara-vacuna-del-covid-a-sonora-en-cuanto-haya-disponibilidad-amlo\/\"]}]},{\"@type\":\"ImageObject\",\"inLanguage\":\"es\",\"@id\":\"https:\/\/www.sonoraenequipo.com.mx\/llegara-vacuna-del-covid-a-sonora-en-cuanto-haya-disponibilidad-amlo\/#primaryimage\",\"url\":\"https:\/\/www.sonoraenequipo.com.mx\/storage\/2020\/12\/CPA161220.jpg\",\"contentUrl\":\"https:\/\/www.sonoraenequipo.com.mx\/storage\/2020\/12\/CPA161220.jpg\",\"width\":600,\"height\":400},{\"@type\":\"BreadcrumbList\",\"@id\":\"https:\/\/www.sonoraenequipo.com.mx\/llegara-vacuna-del-covid-a-sonora-en-cuanto-haya-disponibilidad-amlo\/#breadcrumb\",\"itemListElement\":[{\"@type\":\"ListItem\",\"position\":1,\"name\":\"Portada\",\"item\":\"https:\/\/www.sonoraenequipo.com.mx\/\"},{\"@type\":\"ListItem\",\"position\":2,\"name\":\"Llegar\u00e1 vacuna del covid a Sonora en cuanto haya disponibilidad: AMLO\"}]},{\"@type\":\"WebSite\",\"@id\":\"https:\/\/www.sonoraenequipo.com.mx\/#website\",\"url\":\"https:\/\/www.sonoraenequipo.com.mx\/\",\"name\":\"Sonora en Equipo.\",\"description\":\"Diario en l\u00ednea con Noticias desde Hermosillo, Sonora\",\"publisher\":{\"@id\":\"https:\/\/www.sonoraenequipo.com.mx\/#organization\"},\"potentialAction\":[{\"@type\":\"SearchAction\",\"target\":{\"@type\":\"EntryPoint\",\"urlTemplate\":\"https:\/\/www.sonoraenequipo.com.mx\/?s={search_term_string}\"},\"query-input\":{\"@type\":\"PropertyValueSpecification\",\"valueRequired\":true,\"valueName\":\"search_term_string\"}}],\"inLanguage\":\"es\"},{\"@type\":\"Organization\",\"@id\":\"https:\/\/www.sonoraenequipo.com.mx\/#organization\",\"name\":\"Sonoraenequipo.com.mx\",\"url\":\"https:\/\/www.sonoraenequipo.com.mx\/\",\"logo\":{\"@type\":\"ImageObject\",\"inLanguage\":\"es\",\"@id\":\"https:\/\/www.sonoraenequipo.com.mx\/#\/schema\/logo\/image\/\",\"url\":\"https:\/\/www.sonoraenequipo.com.mx\/storage\/2019\/01\/sonoraenequipo_opt.png\",\"contentUrl\":\"https:\/\/www.sonoraenequipo.com.mx\/storage\/2019\/01\/sonoraenequipo_opt.png\",\"width\":375,\"height\":125,\"caption\":\"Sonoraenequipo.com.mx\"},\"image\":{\"@id\":\"https:\/\/www.sonoraenequipo.com.mx\/#\/schema\/logo\/image\/\"},\"sameAs\":[\"https:\/\/www.facebook.com\/SonoraEE\/\",\"https:\/\/x.com\/sonoraenequipo\",\"https:\/\/www.youtube.com\/channel\/UC338nW-lPEYmJQs4ZABQ1SQ\"]},{\"@type\":\"Person\",\"@id\":\"https:\/\/www.sonoraenequipo.com.mx\/#\/schema\/person\/50102df0fb23a8fa9e8effad8fa81386\",\"name\":\"enequipo\",\"image\":{\"@type\":\"ImageObject\",\"inLanguage\":\"es\",\"@id\":\"https:\/\/www.sonoraenequipo.com.mx\/#\/schema\/person\/image\/\",\"url\":\"https:\/\/secure.gravatar.com\/avatar\/049821681b589dabc0bc20695993ccebb09f5b5d4d790cd9251b97faac7c652b?s=96&d=blank&r=g\",\"contentUrl\":\"https:\/\/secure.gravatar.com\/avatar\/049821681b589dabc0bc20695993ccebb09f5b5d4d790cd9251b97faac7c652b?s=96&d=blank&r=g\",\"caption\":\"enequipo\"},\"sameAs\":[\"https:\/\/www.facebook.com\/SonoraEE\"]}]}<\/script>\n ","yoast_head_json":{"title":"Sonora en Equipo. Llegar\u00e1 vacuna del covid a Sonora en cuanto haya disponibilidad: AMLO Sonora","description":"MOCTEZUMA, SONORA,MX.\u2500Al ser una entidad fronteriza y uno de los estados con mayor \u00edndice de padecimientos cr\u00f3nicos que provocan complicaciones graves y En Sonora en Equipo publicamos toda la informaci\u00f3n de Sonora, M\u00e9xico y el Mundo de manera oportuna y busca que la libertad de expresi\u00f3n sea real. Visita nuestro medio informativo publicado desde Hermosillo, Sonora. %","robots":{"index":"index","follow":"follow","max-snippet":"max-snippet:-1","max-image-preview":"max-image-preview:large","max-video-preview":"max-video-preview:-1"},"canonical":"https:\/\/www.sonoraenequipo.com.mx\/llegara-vacuna-del-covid-a-sonora-en-cuanto-haya-disponibilidad-amlo\/","og_locale":"es_ES","og_type":"article","og_title":"Sonora en Equipo. Llegar\u00e1 vacuna del covid a Sonora en cuanto haya disponibilidad: AMLO Sonora","og_description":"MOCTEZUMA, SONORA,MX.\u2500Al ser una entidad fronteriza y uno de los estados con mayor \u00edndice de padecimientos cr\u00f3nicos que provocan complicaciones graves y En Sonora en Equipo publicamos toda la informaci\u00f3n de Sonora, M\u00e9xico y el Mundo de manera oportuna y busca que la libertad de expresi\u00f3n sea real. Visita nuestro medio informativo publicado desde Hermosillo, Sonora. %","og_url":"https:\/\/www.sonoraenequipo.com.mx\/llegara-vacuna-del-covid-a-sonora-en-cuanto-haya-disponibilidad-amlo\/","og_site_name":"Sonora en Equipo.","article_publisher":"https:\/\/www.facebook.com\/SonoraEE\/","article_author":"https:\/\/www.facebook.com\/SonoraEE","article_published_time":"2020-12-17T00:13:58+00:00","og_image":[{"width":600,"height":400,"url":"https:\/\/www.sonoraenequipo.com.mx\/storage\/2020\/12\/CPA161220.jpg","type":"image\/jpeg"}],"author":"enequipo","twitter_card":"summary_large_image","twitter_creator":"@sonoraenequipo","twitter_site":"@sonoraenequipo","twitter_misc":{"Escrito por":"enequipo","Tiempo de lectura":"4 minutos"},"schema":{"@context":"https:\/\/schema.org","@graph":[{"@type":"Article","@id":"https:\/\/www.sonoraenequipo.com.mx\/llegara-vacuna-del-covid-a-sonora-en-cuanto-haya-disponibilidad-amlo\/#article","isPartOf":{"@id":"https:\/\/www.sonoraenequipo.com.mx\/llegara-vacuna-del-covid-a-sonora-en-cuanto-haya-disponibilidad-amlo\/"},"author":{"name":"enequipo","@id":"https:\/\/www.sonoraenequipo.com.mx\/#\/schema\/person\/50102df0fb23a8fa9e8effad8fa81386"},"headline":"Llegar\u00e1 vacuna del covid a Sonora en cuanto haya disponibilidad: AMLO","datePublished":"2020-12-17T00:13:58+00:00","mainEntityOfPage":{"@id":"https:\/\/www.sonoraenequipo.com.mx\/llegara-vacuna-del-covid-a-sonora-en-cuanto-haya-disponibilidad-amlo\/"},"wordCount":832,"commentCount":0,"publisher":{"@id":"https:\/\/www.sonoraenequipo.com.mx\/#organization"},"image":{"@id":"https:\/\/www.sonoraenequipo.com.mx\/llegara-vacuna-del-covid-a-sonora-en-cuanto-haya-disponibilidad-amlo\/#primaryimage"},"thumbnailUrl":"https:\/\/www.sonoraenequipo.com.mx\/storage\/2020\/12\/CPA161220.jpg","keywords":["AMLO","Sonora"],"articleSection":["Sonora"],"inLanguage":"es","potentialAction":[{"@type":"CommentAction","name":"Comment","target":["https:\/\/www.sonoraenequipo.com.mx\/llegara-vacuna-del-covid-a-sonora-en-cuanto-haya-disponibilidad-amlo\/#respond"]}]},{"@type":"WebPage","@id":"https:\/\/www.sonoraenequipo.com.mx\/llegara-vacuna-del-covid-a-sonora-en-cuanto-haya-disponibilidad-amlo\/","url":"https:\/\/www.sonoraenequipo.com.mx\/llegara-vacuna-del-covid-a-sonora-en-cuanto-haya-disponibilidad-amlo\/","name":"Sonora en Equipo. Llegar\u00e1 vacuna del covid a Sonora en cuanto haya disponibilidad: AMLO Sonora","isPartOf":{"@id":"https:\/\/www.sonoraenequipo.com.mx\/#website"},"primaryImageOfPage":{"@id":"https:\/\/www.sonoraenequipo.com.mx\/llegara-vacuna-del-covid-a-sonora-en-cuanto-haya-disponibilidad-amlo\/#primaryimage"},"image":{"@id":"https:\/\/www.sonoraenequipo.com.mx\/llegara-vacuna-del-covid-a-sonora-en-cuanto-haya-disponibilidad-amlo\/#primaryimage"},"thumbnailUrl":"https:\/\/www.sonoraenequipo.com.mx\/storage\/2020\/12\/CPA161220.jpg","datePublished":"2020-12-17T00:13:58+00:00","description":"MOCTEZUMA, SONORA,MX.\u2500Al ser una entidad fronteriza y uno de los estados con mayor \u00edndice de padecimientos cr\u00f3nicos que provocan complicaciones graves y En Sonora en Equipo publicamos toda la informaci\u00f3n de Sonora, M\u00e9xico y el Mundo de manera oportuna y busca que la libertad de expresi\u00f3n sea real. Visita nuestro medio informativo publicado desde Hermosillo, Sonora. %","breadcrumb":{"@id":"https:\/\/www.sonoraenequipo.com.mx\/llegara-vacuna-del-covid-a-sonora-en-cuanto-haya-disponibilidad-amlo\/#breadcrumb"},"inLanguage":"es","potentialAction":[{"@type":"ReadAction","target":["https:\/\/www.sonoraenequipo.com.mx\/llegara-vacuna-del-covid-a-sonora-en-cuanto-haya-disponibilidad-amlo\/"]}]},{"@type":"ImageObject","inLanguage":"es","@id":"https:\/\/www.sonoraenequipo.com.mx\/llegara-vacuna-del-covid-a-sonora-en-cuanto-haya-disponibilidad-amlo\/#primaryimage","url":"https:\/\/www.sonoraenequipo.com.mx\/storage\/2020\/12\/CPA161220.jpg","contentUrl":"https:\/\/www.sonoraenequipo.com.mx\/storage\/2020\/12\/CPA161220.jpg","width":600,"height":400},{"@type":"BreadcrumbList","@id":"https:\/\/www.sonoraenequipo.com.mx\/llegara-vacuna-del-covid-a-sonora-en-cuanto-haya-disponibilidad-amlo\/#breadcrumb","itemListElement":[{"@type":"ListItem","position":1,"name":"Portada","item":"https:\/\/www.sonoraenequipo.com.mx\/"},{"@type":"ListItem","position":2,"name":"Llegar\u00e1 vacuna del covid a Sonora en cuanto haya disponibilidad: AMLO"}]},{"@type":"WebSite","@id":"https:\/\/www.sonoraenequipo.com.mx\/#website","url":"https:\/\/www.sonoraenequipo.com.mx\/","name":"Sonora en Equipo.","description":"Diario en l\u00ednea con Noticias desde Hermosillo, Sonora","publisher":{"@id":"https:\/\/www.sonoraenequipo.com.mx\/#organization"},"potentialAction":[{"@type":"SearchAction","target":{"@type":"EntryPoint","urlTemplate":"https:\/\/www.sonoraenequipo.com.mx\/?s={search_term_string}"},"query-input":{"@type":"PropertyValueSpecification","valueRequired":true,"valueName":"search_term_string"}}],"inLanguage":"es"},{"@type":"Organization","@id":"https:\/\/www.sonoraenequipo.com.mx\/#organization","name":"Sonoraenequipo.com.mx","url":"https:\/\/www.sonoraenequipo.com.mx\/","logo":{"@type":"ImageObject","inLanguage":"es","@id":"https:\/\/www.sonoraenequipo.com.mx\/#\/schema\/logo\/image\/","url":"https:\/\/www.sonoraenequipo.com.mx\/storage\/2019\/01\/sonoraenequipo_opt.png","contentUrl":"https:\/\/www.sonoraenequipo.com.mx\/storage\/2019\/01\/sonoraenequipo_opt.png","width":375,"height":125,"caption":"Sonoraenequipo.com.mx"},"image":{"@id":"https:\/\/www.sonoraenequipo.com.mx\/#\/schema\/logo\/image\/"},"sameAs":["https:\/\/www.facebook.com\/SonoraEE\/","https:\/\/x.com\/sonoraenequipo","https:\/\/www.youtube.com\/channel\/UC338nW-lPEYmJQs4ZABQ1SQ"]},{"@type":"Person","@id":"https:\/\/www.sonoraenequipo.com.mx\/#\/schema\/person\/50102df0fb23a8fa9e8effad8fa81386","name":"enequipo","image":{"@type":"ImageObject","inLanguage":"es","@id":"https:\/\/www.sonoraenequipo.com.mx\/#\/schema\/person\/image\/","url":"https:\/\/secure.gravatar.com\/avatar\/049821681b589dabc0bc20695993ccebb09f5b5d4d790cd9251b97faac7c652b?s=96&d=blank&r=g","contentUrl":"https:\/\/secure.gravatar.com\/avatar\/049821681b589dabc0bc20695993ccebb09f5b5d4d790cd9251b97faac7c652b?s=96&d=blank&r=g","caption":"enequipo"},"sameAs":["https:\/\/www.facebook.com\/SonoraEE"]}]}},"jetpack_featured_media_url":"https:\/\/www.sonoraenequipo.com.mx\/storage\/2020\/12\/CPA161220.jpg","_links":{"self":[{"href":"https:\/\/www.sonoraenequipo.com.mx\/api\/wp\/v2\/posts\/102872","targetHints":{"allow":["GET"]}}],"collection":[{"href":"https:\/\/www.sonoraenequipo.com.mx\/api\/wp\/v2\/posts"}],"about":[{"href":"https:\/\/www.sonoraenequipo.com.mx\/api\/wp\/v2\/types\/post"}],"author":[{"embeddable":true,"href":"https:\/\/www.sonoraenequipo.com.mx\/api\/wp\/v2\/users\/1"}],"replies":[{"embeddable":true,"href":"https:\/\/www.sonoraenequipo.com.mx\/api\/wp\/v2\/comments?post=102872"}],"version-history":[{"count":1,"href":"https:\/\/www.sonoraenequipo.com.mx\/api\/wp\/v2\/posts\/102872\/revisions"}],"predecessor-version":[{"id":102874,"href":"https:\/\/www.sonoraenequipo.com.mx\/api\/wp\/v2\/posts\/102872\/revisions\/102874"}],"wp:featuredmedia":[{"embeddable":true,"href":"https:\/\/www.sonoraenequipo.com.mx\/api\/wp\/v2\/media\/102873"}],"wp:attachment":[{"href":"https:\/\/www.sonoraenequipo.com.mx\/api\/wp\/v2\/media?parent=102872"}],"wp:term":[{"taxonomy":"category","embeddable":true,"href":"https:\/\/www.sonoraenequipo.com.mx\/api\/wp\/v2\/categories?post=102872"},{"taxonomy":"post_tag","embeddable":true,"href":"https:\/\/www.sonoraenequipo.com.mx\/api\/wp\/v2\/tags?post=102872"}],"curies":[{"name":"wp","href":"https:\/\/api.w.org\/{rel}","templated":true}]}}