{"id":102877,"date":"2020-12-16T17:41:46","date_gmt":"2020-12-17T00:41:46","guid":{"rendered":"https:\/\/www.sonoraenequipo.com.mx\/?p=102877"},"modified":"2020-12-16T17:41:46","modified_gmt":"2020-12-17T00:41:46","slug":"llaman-a-extremar-precauciones-por-frio-intenso-en-sonora","status":"publish","type":"post","link":"https:\/\/www.sonoraenequipo.com.mx\/llaman-a-extremar-precauciones-por-frio-intenso-en-sonora\/","title":{"rendered":"Llaman a extremar precauciones por fr\u00edo intenso en Sonora"},"content":{"rendered":"<p>HERMOSILLO, SONORA,MX.\u2500\u2500 Temperaturas fr\u00edas de hasta seis cent\u00edgrados bajo cero estar\u00e1n registr\u00e1ndose en el norte del estado. La Secretar\u00eda de Gobierno a trav\u00e9s de la Coordinaci\u00f3n Estatal de Protecci\u00f3n Civil llama a la poblaci\u00f3n a protegerse y brindar cuidados a las personas adultas mayores y poblaci\u00f3n infantil.<\/p>\n<p>&nbsp;<\/p>\n<p>La dependencia reiter\u00f3 el llamado a extremar precauciones por el fr\u00edo intenso que registran amplias regiones del norte de Sonora y la cordillera lim\u00edtrofe con el estado de Chihuahua, en lo que puntualiz\u00f3 que la parte alta de la zona serrana registrar\u00e1 temperaturas de cuatro bajo cero a tres cent\u00edgrados.<\/p>\n<p>&nbsp;<\/p>\n<p>El organismo advierte no encender braseros en espacios cerrados, no sobrecargar contactos el\u00e9ctricos y apagar fogatas al aire libre en su totalidad, usar gorro y bufanda y no respirar aire fr\u00edo, usar cubre boca, usar crema corporal, tomar l\u00edquido abundantemente, consumir frutas y verduras que contengan vitaminas A y C, as\u00ed como vacunarse contra la influenza.<\/p>\n<p>&nbsp;<\/p>\n<p>Condiciones estables, con noches y amaneceres con temperaturas de seis cent\u00edgrados bajo cero, con vientos ligeros a moderados en localidades serranas y norte de Sonora estar\u00e1n registr\u00e1ndose producto de la masa de aire polar que impulsa al frente fr\u00edo No. 21, que estar\u00e1 recorriendo el d\u00eda de hoy, el oriente y sur del territorio nacional, manteniendo en Sonora, las bajas temperatura y rachas moderadas de viento, sin probabilidad de lluvia.<\/p>\n<p>&nbsp;<\/p>\n<p>Hoy se esperan rachas de viento de 50 a 60 kil\u00f3metros por hora en el Golfo de California y rachas de 40 kil\u00f3metros por hora en las regiones norte, noreste y oriente, con temperaturas m\u00e1ximas entre los 18 y los 20 cent\u00edgrados en la sierra.<\/p>\n<p>&nbsp;<\/p>\n<p>En la zona del gran Desierto de Altar se esperan noches y amaneceres con temperaturas entre los dos bajo cero y los tres cent\u00edgrados, en el centro del estado de dos a cuatro cent\u00edgrados y, en el sur de la entidad, las temperaturas oscilar\u00e1n durante la noche y a tempranas horas entre los 2 y los 7 cent\u00edgrados.<\/p>\n<p>&nbsp;<\/p>\n<p>Temperaturas m\u00e1ximas de 20 grados en el Desierto de Altar y noroeste del estado el d\u00eda de hoy, en tanto que en la sierra y el norte ser\u00e1n inferiores a los 21 cent\u00edgrados durante el d\u00eda. Cielo mayormente despejado, con vientos de 15 a 30 kil\u00f3metros por hora en las regiones costeras, principalmente en el centro y norte del Golfo de California y en las regiones, norte, noreste y regi\u00f3n serrana de la entidad, rachas de 40 km\/h.<\/p>\n<p>&nbsp;<\/p>\n<p>Hermosillo amaneci\u00f3 con temperaturas entre los 6 a 9 cent\u00edgrados con humedad relativa del 51 por ciento. Se espera para hoy una m\u00e1xima de 25 cent\u00edgrados, cielo mayormente despejado y sin probabilidad de lluvia, con un \u00edndice de rayos UV en un valor alto de 8 a 10. Ayer la m\u00e1xima fue de 23 cent\u00edgrados. Ma\u00f1ana podr\u00eda registrarse una temperatura m\u00e1xima de 26 y una m\u00ednima de 7 cent\u00edgrados y sin probabilidad de lluvias para la capital de Sonora.<\/p>\n<p>&nbsp;<\/p>\n<p>Ciudad Obreg\u00f3n amaneci\u00f3 con 9 cent\u00edgrados y humedad del 56 por ciento. Se espera para hoy una m\u00e1xima de 28 cent\u00edgrados, cielo despejado, sin probabilidad de lluvia y un \u00edndice de rayos UV en un valor alto de 8 a 10. Ayer la m\u00e1xima fue de 27 cent\u00edgrados y se pronostica para ma\u00f1ana una temperatura m\u00e1xima de 28 con una m\u00ednima de 9 cent\u00edgrados y sin probabilidad de lluvia para la ciudad cabecera municipal de Cajeme.<\/p>\n<p>&nbsp;<\/p>\n<p>Las temperaturas m\u00e1ximas de ayer, en cent\u00edgrados: San Luis R\u00edo Colorado 18.5, Sonoyta 19.5, Heroica Caborca 20, Altar 19.5, Puerto Pe\u00f1asco 20, Santa Cruz 13.6, Heroica Nogales 13.5, Agua Prieta 14, Cabullona 13.5, Magdalena de Kino 19, \u00cdmuris 18.6, Bacad\u00e9huachi 23, N\u00e1cori Chico 19.7, Bacerac 15.5, Moctezuma 20.5, Hu\u00e1sabas 21, Tepache 21.5, Sahuaripa 23.8, Trincheras 18.6, Cananea 10, Querobabi 19, Carb\u00f3 19, Cucurpe 20, Bavi\u00e1cora 21.5, Ures 22.8, Poblado Miguel Alem\u00e1n 22.8, M\u00e1tape 21.6, Cobachi 22, Suaqui Grande 25, \u00d3navas 28, Ortiz 26.5, C\u00f3corit 26, Tesopaco 25.7, Heroica Guaymas 23.5, Y\u00e9cora 16.7, \u00c1lamos 25, Etchojoa 24, Navojoa 25 y Huatabampo 24.<\/p>\n<p>&nbsp;<\/p>\n<p>Se pronostica para el pr\u00f3ximo viernes, que podr\u00eda ingresar un nuevo frente fr\u00edo por el noroeste de Sonora, manteniendo las bajas temperaturas y vientos fuertes, pero sin probabilidad de lluvias.<\/p>\n<p>&nbsp;<\/p>\n<p>#SigamosSonora #PonteListo<\/p>\n<p>&nbsp;<\/p>\n<p>Con informaci\u00f3n de la Comisi\u00f3n Nacional del Agua (CONAGUA), Comit\u00e9 Estatal de Salud Vegetal de Sonora (CESAVESON), Comisi\u00f3n Estatal del Agua (CEA), Unidades Municipales de Protecci\u00f3n Civil (UMPC) y servicios meteorol\u00f3gicos oficiales de los Estados Unidos.<\/p>\n<p>Fecha de publicaci\u00f3n 16\/dic\/2021<\/p>\n","protected":false},"excerpt":{"rendered":"<p>HERMOSILLO, SONORA,MX.\u2500\u2500 Temperaturas fr\u00edas de hasta seis cent\u00edgrados bajo cero estar\u00e1n registr\u00e1ndose en el norte&#8230;<\/p>\n","protected":false},"author":1,"featured_media":102137,"comment_status":"open","ping_status":"open","sticky":false,"template":"","format":"standard","meta":{"_monsterinsights_skip_tracking":false,"_monsterinsights_sitenote_active":false,"_monsterinsights_sitenote_note":"","_monsterinsights_sitenote_category":0,"footnotes":""},"categories":[22],"tags":[5281,15],"class_list":["post"],"yoast_head":" \n<title>Sonora en Equipo. Llaman a extremar precauciones por fr\u00edo intenso en Sonora Sonora<\/title>\n<meta name=\"description\" content=\"HERMOSILLO, SONORA,MX.\u2500\u2500 Temperaturas fr\u00edas de hasta seis cent\u00edgrados bajo cero estar\u00e1n registr\u00e1ndose en el norte del estado. La Secretar\u00eda de Gobierno a En Sonora en Equipo publicamos toda la informaci\u00f3n de Sonora, M\u00e9xico y el Mundo de manera oportuna y busca que la libertad de expresi\u00f3n sea real. Visita nuestro medio informativo publicado desde Hermosillo, Sonora. %\" \/>\n<meta name=\"robots\" content=\"index, follow, max-snippet:-1, max-image-preview:large, max-video-preview:-1\" \/>\n<link rel=\"canonical\" href=\"https:\/\/www.sonoraenequipo.com.mx\/llaman-a-extremar-precauciones-por-frio-intenso-en-sonora\/\" \/>\n<meta property=\"og:locale\" content=\"es_ES\" \/>\n<meta property=\"og:type\" content=\"article\" \/>\n<meta property=\"og:title\" content=\"Sonora en Equipo. Llaman a extremar precauciones por fr\u00edo intenso en Sonora Sonora\" \/>\n<meta property=\"og:description\" content=\"HERMOSILLO, SONORA,MX.\u2500\u2500 Temperaturas fr\u00edas de hasta seis cent\u00edgrados bajo cero estar\u00e1n registr\u00e1ndose en el norte del estado. La Secretar\u00eda de Gobierno a En Sonora en Equipo publicamos toda la informaci\u00f3n de Sonora, M\u00e9xico y el Mundo de manera oportuna y busca que la libertad de expresi\u00f3n sea real. Visita nuestro medio informativo publicado desde Hermosillo, Sonora. %\" \/>\n<meta property=\"og:url\" content=\"https:\/\/www.sonoraenequipo.com.mx\/llaman-a-extremar-precauciones-por-frio-intenso-en-sonora\/\" \/>\n<meta property=\"og:site_name\" content=\"Sonora en Equipo.\" \/>\n<meta property=\"article:publisher\" content=\"https:\/\/www.facebook.com\/SonoraEE\/\" \/>\n<meta property=\"article:author\" content=\"https:\/\/www.facebook.com\/SonoraEE\" \/>\n<meta property=\"article:published_time\" content=\"2020-12-17T00:41:46+00:00\" \/>\n<meta property=\"og:image\" content=\"https:\/\/www.sonoraenequipo.com.mx\/storage\/2020\/12\/chilly-willy.jpg\" \/>\n\t<meta property=\"og:image:width\" content=\"600\" \/>\n\t<meta property=\"og:image:height\" content=\"400\" \/>\n\t<meta property=\"og:image:type\" content=\"image\/jpeg\" \/>\n<meta name=\"author\" content=\"enequipo\" \/>\n<meta name=\"twitter:card\" content=\"summary_large_image\" \/>\n<meta name=\"twitter:creator\" content=\"@sonoraenequipo\" \/>\n<meta name=\"twitter:site\" content=\"@sonoraenequipo\" \/>\n<meta name=\"twitter:label1\" content=\"Escrito por\" \/>\n\t<meta name=\"twitter:data1\" content=\"enequipo\" \/>\n\t<meta name=\"twitter:label2\" content=\"Tiempo de lectura\" \/>\n\t<meta name=\"twitter:data2\" content=\"4 minutos\" \/>\n<script type=\"application\/ld+json\" class=\"yoast-schema-graph\">{\"@context\":\"https:\/\/schema.org\",\"@graph\":[{\"@type\":\"Article\",\"@id\":\"https:\/\/www.sonoraenequipo.com.mx\/llaman-a-extremar-precauciones-por-frio-intenso-en-sonora\/#article\",\"isPartOf\":{\"@id\":\"https:\/\/www.sonoraenequipo.com.mx\/llaman-a-extremar-precauciones-por-frio-intenso-en-sonora\/\"},\"author\":{\"name\":\"enequipo\",\"@id\":\"https:\/\/www.sonoraenequipo.com.mx\/#\/schema\/person\/50102df0fb23a8fa9e8effad8fa81386\"},\"headline\":\"Llaman a extremar precauciones por fr\u00edo intenso en Sonora\",\"datePublished\":\"2020-12-17T00:41:46+00:00\",\"mainEntityOfPage\":{\"@id\":\"https:\/\/www.sonoraenequipo.com.mx\/llaman-a-extremar-precauciones-por-frio-intenso-en-sonora\/\"},\"wordCount\":764,\"commentCount\":0,\"publisher\":{\"@id\":\"https:\/\/www.sonoraenequipo.com.mx\/#organization\"},\"image\":{\"@id\":\"https:\/\/www.sonoraenequipo.com.mx\/llaman-a-extremar-precauciones-por-frio-intenso-en-sonora\/#primaryimage\"},\"thumbnailUrl\":\"https:\/\/www.sonoraenequipo.com.mx\/storage\/2020\/12\/chilly-willy.jpg\",\"keywords\":[\"clima frio\",\"Sonora\"],\"articleSection\":[\"Sonora\"],\"inLanguage\":\"es\",\"potentialAction\":[{\"@type\":\"CommentAction\",\"name\":\"Comment\",\"target\":[\"https:\/\/www.sonoraenequipo.com.mx\/llaman-a-extremar-precauciones-por-frio-intenso-en-sonora\/#respond\"]}]},{\"@type\":\"WebPage\",\"@id\":\"https:\/\/www.sonoraenequipo.com.mx\/llaman-a-extremar-precauciones-por-frio-intenso-en-sonora\/\",\"url\":\"https:\/\/www.sonoraenequipo.com.mx\/llaman-a-extremar-precauciones-por-frio-intenso-en-sonora\/\",\"name\":\"Sonora en Equipo. Llaman a extremar precauciones por fr\u00edo intenso en Sonora Sonora\",\"isPartOf\":{\"@id\":\"https:\/\/www.sonoraenequipo.com.mx\/#website\"},\"primaryImageOfPage\":{\"@id\":\"https:\/\/www.sonoraenequipo.com.mx\/llaman-a-extremar-precauciones-por-frio-intenso-en-sonora\/#primaryimage\"},\"image\":{\"@id\":\"https:\/\/www.sonoraenequipo.com.mx\/llaman-a-extremar-precauciones-por-frio-intenso-en-sonora\/#primaryimage\"},\"thumbnailUrl\":\"https:\/\/www.sonoraenequipo.com.mx\/storage\/2020\/12\/chilly-willy.jpg\",\"datePublished\":\"2020-12-17T00:41:46+00:00\",\"description\":\"HERMOSILLO, SONORA,MX.\u2500\u2500 Temperaturas fr\u00edas de hasta seis cent\u00edgrados bajo cero estar\u00e1n registr\u00e1ndose en el norte del estado. La Secretar\u00eda de Gobierno a En Sonora en Equipo publicamos toda la informaci\u00f3n de Sonora, M\u00e9xico y el Mundo de manera oportuna y busca que la libertad de expresi\u00f3n sea real. Visita nuestro medio informativo publicado desde Hermosillo, Sonora. %\",\"breadcrumb\":{\"@id\":\"https:\/\/www.sonoraenequipo.com.mx\/llaman-a-extremar-precauciones-por-frio-intenso-en-sonora\/#breadcrumb\"},\"inLanguage\":\"es\",\"potentialAction\":[{\"@type\":\"ReadAction\",\"target\":[\"https:\/\/www.sonoraenequipo.com.mx\/llaman-a-extremar-precauciones-por-frio-intenso-en-sonora\/\"]}]},{\"@type\":\"ImageObject\",\"inLanguage\":\"es\",\"@id\":\"https:\/\/www.sonoraenequipo.com.mx\/llaman-a-extremar-precauciones-por-frio-intenso-en-sonora\/#primaryimage\",\"url\":\"https:\/\/www.sonoraenequipo.com.mx\/storage\/2020\/12\/chilly-willy.jpg\",\"contentUrl\":\"https:\/\/www.sonoraenequipo.com.mx\/storage\/2020\/12\/chilly-willy.jpg\",\"width\":600,\"height\":400},{\"@type\":\"BreadcrumbList\",\"@id\":\"https:\/\/www.sonoraenequipo.com.mx\/llaman-a-extremar-precauciones-por-frio-intenso-en-sonora\/#breadcrumb\",\"itemListElement\":[{\"@type\":\"ListItem\",\"position\":1,\"name\":\"Portada\",\"item\":\"https:\/\/www.sonoraenequipo.com.mx\/\"},{\"@type\":\"ListItem\",\"position\":2,\"name\":\"Llaman a extremar precauciones por fr\u00edo intenso en Sonora\"}]},{\"@type\":\"WebSite\",\"@id\":\"https:\/\/www.sonoraenequipo.com.mx\/#website\",\"url\":\"https:\/\/www.sonoraenequipo.com.mx\/\",\"name\":\"Sonora en Equipo.\",\"description\":\"Diario en l\u00ednea con Noticias desde Hermosillo, Sonora\",\"publisher\":{\"@id\":\"https:\/\/www.sonoraenequipo.com.mx\/#organization\"},\"potentialAction\":[{\"@type\":\"SearchAction\",\"target\":{\"@type\":\"EntryPoint\",\"urlTemplate\":\"https:\/\/www.sonoraenequipo.com.mx\/?s={search_term_string}\"},\"query-input\":{\"@type\":\"PropertyValueSpecification\",\"valueRequired\":true,\"valueName\":\"search_term_string\"}}],\"inLanguage\":\"es\"},{\"@type\":\"Organization\",\"@id\":\"https:\/\/www.sonoraenequipo.com.mx\/#organization\",\"name\":\"Sonoraenequipo.com.mx\",\"url\":\"https:\/\/www.sonoraenequipo.com.mx\/\",\"logo\":{\"@type\":\"ImageObject\",\"inLanguage\":\"es\",\"@id\":\"https:\/\/www.sonoraenequipo.com.mx\/#\/schema\/logo\/image\/\",\"url\":\"https:\/\/www.sonoraenequipo.com.mx\/storage\/2019\/01\/sonoraenequipo_opt.png\",\"contentUrl\":\"https:\/\/www.sonoraenequipo.com.mx\/storage\/2019\/01\/sonoraenequipo_opt.png\",\"width\":375,\"height\":125,\"caption\":\"Sonoraenequipo.com.mx\"},\"image\":{\"@id\":\"https:\/\/www.sonoraenequipo.com.mx\/#\/schema\/logo\/image\/\"},\"sameAs\":[\"https:\/\/www.facebook.com\/SonoraEE\/\",\"https:\/\/x.com\/sonoraenequipo\",\"https:\/\/www.youtube.com\/channel\/UC338nW-lPEYmJQs4ZABQ1SQ\"]},{\"@type\":\"Person\",\"@id\":\"https:\/\/www.sonoraenequipo.com.mx\/#\/schema\/person\/50102df0fb23a8fa9e8effad8fa81386\",\"name\":\"enequipo\",\"image\":{\"@type\":\"ImageObject\",\"inLanguage\":\"es\",\"@id\":\"https:\/\/www.sonoraenequipo.com.mx\/#\/schema\/person\/image\/\",\"url\":\"https:\/\/secure.gravatar.com\/avatar\/049821681b589dabc0bc20695993ccebb09f5b5d4d790cd9251b97faac7c652b?s=96&d=blank&r=g\",\"contentUrl\":\"https:\/\/secure.gravatar.com\/avatar\/049821681b589dabc0bc20695993ccebb09f5b5d4d790cd9251b97faac7c652b?s=96&d=blank&r=g\",\"caption\":\"enequipo\"},\"sameAs\":[\"https:\/\/www.facebook.com\/SonoraEE\"]}]}<\/script>\n ","yoast_head_json":{"title":"Sonora en Equipo. Llaman a extremar precauciones por fr\u00edo intenso en Sonora Sonora","description":"HERMOSILLO, SONORA,MX.\u2500\u2500 Temperaturas fr\u00edas de hasta seis cent\u00edgrados bajo cero estar\u00e1n registr\u00e1ndose en el norte del estado. La Secretar\u00eda de Gobierno a En Sonora en Equipo publicamos toda la informaci\u00f3n de Sonora, M\u00e9xico y el Mundo de manera oportuna y busca que la libertad de expresi\u00f3n sea real. Visita nuestro medio informativo publicado desde Hermosillo, Sonora. %","robots":{"index":"index","follow":"follow","max-snippet":"max-snippet:-1","max-image-preview":"max-image-preview:large","max-video-preview":"max-video-preview:-1"},"canonical":"https:\/\/www.sonoraenequipo.com.mx\/llaman-a-extremar-precauciones-por-frio-intenso-en-sonora\/","og_locale":"es_ES","og_type":"article","og_title":"Sonora en Equipo. Llaman a extremar precauciones por fr\u00edo intenso en Sonora Sonora","og_description":"HERMOSILLO, SONORA,MX.\u2500\u2500 Temperaturas fr\u00edas de hasta seis cent\u00edgrados bajo cero estar\u00e1n registr\u00e1ndose en el norte del estado. La Secretar\u00eda de Gobierno a En Sonora en Equipo publicamos toda la informaci\u00f3n de Sonora, M\u00e9xico y el Mundo de manera oportuna y busca que la libertad de expresi\u00f3n sea real. Visita nuestro medio informativo publicado desde Hermosillo, Sonora. %","og_url":"https:\/\/www.sonoraenequipo.com.mx\/llaman-a-extremar-precauciones-por-frio-intenso-en-sonora\/","og_site_name":"Sonora en Equipo.","article_publisher":"https:\/\/www.facebook.com\/SonoraEE\/","article_author":"https:\/\/www.facebook.com\/SonoraEE","article_published_time":"2020-12-17T00:41:46+00:00","og_image":[{"width":600,"height":400,"url":"https:\/\/www.sonoraenequipo.com.mx\/storage\/2020\/12\/chilly-willy.jpg","type":"image\/jpeg"}],"author":"enequipo","twitter_card":"summary_large_image","twitter_creator":"@sonoraenequipo","twitter_site":"@sonoraenequipo","twitter_misc":{"Escrito por":"enequipo","Tiempo de lectura":"4 minutos"},"schema":{"@context":"https:\/\/schema.org","@graph":[{"@type":"Article","@id":"https:\/\/www.sonoraenequipo.com.mx\/llaman-a-extremar-precauciones-por-frio-intenso-en-sonora\/#article","isPartOf":{"@id":"https:\/\/www.sonoraenequipo.com.mx\/llaman-a-extremar-precauciones-por-frio-intenso-en-sonora\/"},"author":{"name":"enequipo","@id":"https:\/\/www.sonoraenequipo.com.mx\/#\/schema\/person\/50102df0fb23a8fa9e8effad8fa81386"},"headline":"Llaman a extremar precauciones por fr\u00edo intenso en Sonora","datePublished":"2020-12-17T00:41:46+00:00","mainEntityOfPage":{"@id":"https:\/\/www.sonoraenequipo.com.mx\/llaman-a-extremar-precauciones-por-frio-intenso-en-sonora\/"},"wordCount":764,"commentCount":0,"publisher":{"@id":"https:\/\/www.sonoraenequipo.com.mx\/#organization"},"image":{"@id":"https:\/\/www.sonoraenequipo.com.mx\/llaman-a-extremar-precauciones-por-frio-intenso-en-sonora\/#primaryimage"},"thumbnailUrl":"https:\/\/www.sonoraenequipo.com.mx\/storage\/2020\/12\/chilly-willy.jpg","keywords":["clima frio","Sonora"],"articleSection":["Sonora"],"inLanguage":"es","potentialAction":[{"@type":"CommentAction","name":"Comment","target":["https:\/\/www.sonoraenequipo.com.mx\/llaman-a-extremar-precauciones-por-frio-intenso-en-sonora\/#respond"]}]},{"@type":"WebPage","@id":"https:\/\/www.sonoraenequipo.com.mx\/llaman-a-extremar-precauciones-por-frio-intenso-en-sonora\/","url":"https:\/\/www.sonoraenequipo.com.mx\/llaman-a-extremar-precauciones-por-frio-intenso-en-sonora\/","name":"Sonora en Equipo. Llaman a extremar precauciones por fr\u00edo intenso en Sonora Sonora","isPartOf":{"@id":"https:\/\/www.sonoraenequipo.com.mx\/#website"},"primaryImageOfPage":{"@id":"https:\/\/www.sonoraenequipo.com.mx\/llaman-a-extremar-precauciones-por-frio-intenso-en-sonora\/#primaryimage"},"image":{"@id":"https:\/\/www.sonoraenequipo.com.mx\/llaman-a-extremar-precauciones-por-frio-intenso-en-sonora\/#primaryimage"},"thumbnailUrl":"https:\/\/www.sonoraenequipo.com.mx\/storage\/2020\/12\/chilly-willy.jpg","datePublished":"2020-12-17T00:41:46+00:00","description":"HERMOSILLO, SONORA,MX.\u2500\u2500 Temperaturas fr\u00edas de hasta seis cent\u00edgrados bajo cero estar\u00e1n registr\u00e1ndose en el norte del estado. La Secretar\u00eda de Gobierno a En Sonora en Equipo publicamos toda la informaci\u00f3n de Sonora, M\u00e9xico y el Mundo de manera oportuna y busca que la libertad de expresi\u00f3n sea real. Visita nuestro medio informativo publicado desde Hermosillo, Sonora. %","breadcrumb":{"@id":"https:\/\/www.sonoraenequipo.com.mx\/llaman-a-extremar-precauciones-por-frio-intenso-en-sonora\/#breadcrumb"},"inLanguage":"es","potentialAction":[{"@type":"ReadAction","target":["https:\/\/www.sonoraenequipo.com.mx\/llaman-a-extremar-precauciones-por-frio-intenso-en-sonora\/"]}]},{"@type":"ImageObject","inLanguage":"es","@id":"https:\/\/www.sonoraenequipo.com.mx\/llaman-a-extremar-precauciones-por-frio-intenso-en-sonora\/#primaryimage","url":"https:\/\/www.sonoraenequipo.com.mx\/storage\/2020\/12\/chilly-willy.jpg","contentUrl":"https:\/\/www.sonoraenequipo.com.mx\/storage\/2020\/12\/chilly-willy.jpg","width":600,"height":400},{"@type":"BreadcrumbList","@id":"https:\/\/www.sonoraenequipo.com.mx\/llaman-a-extremar-precauciones-por-frio-intenso-en-sonora\/#breadcrumb","itemListElement":[{"@type":"ListItem","position":1,"name":"Portada","item":"https:\/\/www.sonoraenequipo.com.mx\/"},{"@type":"ListItem","position":2,"name":"Llaman a extremar precauciones por fr\u00edo intenso en Sonora"}]},{"@type":"WebSite","@id":"https:\/\/www.sonoraenequipo.com.mx\/#website","url":"https:\/\/www.sonoraenequipo.com.mx\/","name":"Sonora en Equipo.","description":"Diario en l\u00ednea con Noticias desde Hermosillo, Sonora","publisher":{"@id":"https:\/\/www.sonoraenequipo.com.mx\/#organization"},"potentialAction":[{"@type":"SearchAction","target":{"@type":"EntryPoint","urlTemplate":"https:\/\/www.sonoraenequipo.com.mx\/?s={search_term_string}"},"query-input":{"@type":"PropertyValueSpecification","valueRequired":true,"valueName":"search_term_string"}}],"inLanguage":"es"},{"@type":"Organization","@id":"https:\/\/www.sonoraenequipo.com.mx\/#organization","name":"Sonoraenequipo.com.mx","url":"https:\/\/www.sonoraenequipo.com.mx\/","logo":{"@type":"ImageObject","inLanguage":"es","@id":"https:\/\/www.sonoraenequipo.com.mx\/#\/schema\/logo\/image\/","url":"https:\/\/www.sonoraenequipo.com.mx\/storage\/2019\/01\/sonoraenequipo_opt.png","contentUrl":"https:\/\/www.sonoraenequipo.com.mx\/storage\/2019\/01\/sonoraenequipo_opt.png","width":375,"height":125,"caption":"Sonoraenequipo.com.mx"},"image":{"@id":"https:\/\/www.sonoraenequipo.com.mx\/#\/schema\/logo\/image\/"},"sameAs":["https:\/\/www.facebook.com\/SonoraEE\/","https:\/\/x.com\/sonoraenequipo","https:\/\/www.youtube.com\/channel\/UC338nW-lPEYmJQs4ZABQ1SQ"]},{"@type":"Person","@id":"https:\/\/www.sonoraenequipo.com.mx\/#\/schema\/person\/50102df0fb23a8fa9e8effad8fa81386","name":"enequipo","image":{"@type":"ImageObject","inLanguage":"es","@id":"https:\/\/www.sonoraenequipo.com.mx\/#\/schema\/person\/image\/","url":"https:\/\/secure.gravatar.com\/avatar\/049821681b589dabc0bc20695993ccebb09f5b5d4d790cd9251b97faac7c652b?s=96&d=blank&r=g","contentUrl":"https:\/\/secure.gravatar.com\/avatar\/049821681b589dabc0bc20695993ccebb09f5b5d4d790cd9251b97faac7c652b?s=96&d=blank&r=g","caption":"enequipo"},"sameAs":["https:\/\/www.facebook.com\/SonoraEE"]}]}},"jetpack_featured_media_url":"https:\/\/www.sonoraenequipo.com.mx\/storage\/2020\/12\/chilly-willy.jpg","_links":{"self":[{"href":"https:\/\/www.sonoraenequipo.com.mx\/api\/wp\/v2\/posts\/102877","targetHints":{"allow":["GET"]}}],"collection":[{"href":"https:\/\/www.sonoraenequipo.com.mx\/api\/wp\/v2\/posts"}],"about":[{"href":"https:\/\/www.sonoraenequipo.com.mx\/api\/wp\/v2\/types\/post"}],"author":[{"embeddable":true,"href":"https:\/\/www.sonoraenequipo.com.mx\/api\/wp\/v2\/users\/1"}],"replies":[{"embeddable":true,"href":"https:\/\/www.sonoraenequipo.com.mx\/api\/wp\/v2\/comments?post=102877"}],"version-history":[{"count":1,"href":"https:\/\/www.sonoraenequipo.com.mx\/api\/wp\/v2\/posts\/102877\/revisions"}],"predecessor-version":[{"id":102878,"href":"https:\/\/www.sonoraenequipo.com.mx\/api\/wp\/v2\/posts\/102877\/revisions\/102878"}],"wp:featuredmedia":[{"embeddable":true,"href":"https:\/\/www.sonoraenequipo.com.mx\/api\/wp\/v2\/media\/102137"}],"wp:attachment":[{"href":"https:\/\/www.sonoraenequipo.com.mx\/api\/wp\/v2\/media?parent=102877"}],"wp:term":[{"taxonomy":"category","embeddable":true,"href":"https:\/\/www.sonoraenequipo.com.mx\/api\/wp\/v2\/categories?post=102877"},{"taxonomy":"post_tag","embeddable":true,"href":"https:\/\/www.sonoraenequipo.com.mx\/api\/wp\/v2\/tags?post=102877"}],"curies":[{"name":"wp","href":"https:\/\/api.w.org\/{rel}","templated":true}]}}