{"id":102890,"date":"2020-12-16T18:04:12","date_gmt":"2020-12-17T01:04:12","guid":{"rendered":"https:\/\/www.sonoraenequipo.com.mx\/?p=102890"},"modified":"2020-12-16T18:07:27","modified_gmt":"2020-12-17T01:07:27","slug":"padres-de-ninos-con-cancer-denuncian-ante-fiscalia-a-la-titular-de-la-cndh","status":"publish","type":"post","link":"https:\/\/www.sonoraenequipo.com.mx\/padres-de-ninos-con-cancer-denuncian-ante-fiscalia-a-la-titular-de-la-cndh\/","title":{"rendered":"Padres de ni\u00f1os con c\u00e1ncer denuncian ante Fiscal\u00eda a la titular de la CNDH."},"content":{"rendered":"<p>CIUDAD DE M\u00c9XICO. MX. \u2014 Los padres de ni\u00f1os enfermos con c\u00e1ncer agrupados en el Movimiento Nacional por la Salud, interpusieron ante la Fiscal\u00eda General de la Rep\u00fablica (FGR) una denuncia en contra de la Titular de la Comisi\u00f3n Nacional de los Derechos Humanos (CNDH), Rosario Piedra Ibarra, por la omisi\u00f3n de esa Instituci\u00f3n ante el desabasto de medicamentos y quimioterapias a lo largo de m\u00e1s de dos a\u00f1os.<\/p>\n<p>&nbsp;<\/p>\n<p>&nbsp;<\/p>\n<p> <\/p>\n<p>&nbsp;<\/p>\n<p>&nbsp;<\/p>\n<p>La representante legal de los padres, Andrea Rocha, se\u00f1al\u00f3 que se han interpuesto 552 quejas ante la Comisi\u00f3n de Derechos Humanos por falta de medicamentos oncol\u00f3gicos, pero a\u00f1adi\u00f3 que nunca han tenido un pronunciamiento en contra de las autoridades que no han cumplido con la entrega de las medicinas.<\/p>\n<p>&nbsp;<\/p>\n<p>&nbsp;<\/p>\n<p>En entrevista, indic\u00f3 que con estas acciones se ha configurado el delito de abuso de autoridad, debido a que la actual ombudsperson no ha realizado su labor de velar por el bien, en este caso de los menores y parece como si no estuviera haciendo nada.<\/p>\n<p>&nbsp;<\/p>\n<p>&nbsp;<\/p>\n<p>Cabe destacar que las primeras quejas que interpusieron datan desde enero del 2019 y hasta el momento, el organismo no ha emitido recomendaci\u00f3n alguna, por lo que en la denuncia interpuesta este mi\u00e9rcoles, solicitan que se judicialice la carpeta de Investigaci\u00f3n.<\/p>\n<p>&nbsp;<\/p>\n<p>&nbsp;<\/p>\n<p>En ese sentido, adelantaron que si en enero pr\u00f3ximo no hay respuesta proceder\u00e1n a cerrar el aeropuerto y carreteras, anunci\u00f3 uno de los padres, Israel Rivas.<\/p>\n<p>&nbsp;<\/p>\n<p>&nbsp;<\/p>\n<p>La pr\u00f3xima semana los integrantes del Movimiento Nacional por la Salud acudir\u00e1n a la C\u00e1mara de Senadores para buscar la destituci\u00f3n de Rosario Piedra Ibarra.<\/p>\n<p>&nbsp;<\/p>\n<p>&nbsp;<\/p>\n<p>(Publicada el 16\/12\/2020)<\/p>\n","protected":false},"excerpt":{"rendered":"<p>CIUDAD DE M\u00c9XICO. MX. \u2014 Los padres de ni\u00f1os enfermos con c\u00e1ncer agrupados en el&#8230;<\/p>\n","protected":false},"author":1,"featured_media":102888,"comment_status":"open","ping_status":"open","sticky":false,"template":"","format":"standard","meta":{"_monsterinsights_skip_tracking":false,"_monsterinsights_sitenote_active":false,"_monsterinsights_sitenote_note":"","_monsterinsights_sitenote_category":0,"footnotes":""},"categories":[5],"tags":[],"class_list":["post"],"yoast_head":" \n<title>Sonora en Equipo. Padres de ni\u00f1os con c\u00e1ncer denuncian ante Fiscal\u00eda a la titular de la CNDH. Rep\u00fablica<\/title>\n<meta name=\"description\" content=\"CIUDAD DE M\u00c9XICO. MX. \u2014 Los padres de ni\u00f1os enfermos con c\u00e1ncer agrupados en el Movimiento Nacional por la Salud, interpusieron ante la Fiscal\u00eda General En Sonora en Equipo publicamos toda la informaci\u00f3n de Sonora, M\u00e9xico y el Mundo de manera oportuna y busca que la libertad de expresi\u00f3n sea real. Visita nuestro medio informativo publicado desde Hermosillo, Sonora. %\" \/>\n<meta name=\"robots\" content=\"index, follow, max-snippet:-1, max-image-preview:large, max-video-preview:-1\" \/>\n<link rel=\"canonical\" href=\"https:\/\/www.sonoraenequipo.com.mx\/padres-de-ninos-con-cancer-denuncian-ante-fiscalia-a-la-titular-de-la-cndh\/\" \/>\n<meta property=\"og:locale\" content=\"es_ES\" \/>\n<meta property=\"og:type\" content=\"article\" \/>\n<meta property=\"og:title\" content=\"Sonora en Equipo. Padres de ni\u00f1os con c\u00e1ncer denuncian ante Fiscal\u00eda a la titular de la CNDH. Rep\u00fablica\" \/>\n<meta property=\"og:description\" content=\"CIUDAD DE M\u00c9XICO. MX. \u2014 Los padres de ni\u00f1os enfermos con c\u00e1ncer agrupados en el Movimiento Nacional por la Salud, interpusieron ante la Fiscal\u00eda General En Sonora en Equipo publicamos toda la informaci\u00f3n de Sonora, M\u00e9xico y el Mundo de manera oportuna y busca que la libertad de expresi\u00f3n sea real. Visita nuestro medio informativo publicado desde Hermosillo, Sonora. %\" \/>\n<meta property=\"og:url\" content=\"https:\/\/www.sonoraenequipo.com.mx\/padres-de-ninos-con-cancer-denuncian-ante-fiscalia-a-la-titular-de-la-cndh\/\" \/>\n<meta property=\"og:site_name\" content=\"Sonora en Equipo.\" \/>\n<meta property=\"article:publisher\" content=\"https:\/\/www.facebook.com\/SonoraEE\/\" \/>\n<meta property=\"article:author\" content=\"https:\/\/www.facebook.com\/SonoraEE\" \/>\n<meta property=\"article:published_time\" content=\"2020-12-17T01:04:12+00:00\" \/>\n<meta property=\"article:modified_time\" content=\"2020-12-17T01:07:27+00:00\" \/>\n<meta property=\"og:image\" content=\"https:\/\/www.sonoraenequipo.com.mx\/storage\/2020\/12\/denuncian-a-cndh_opt.jpg\" \/>\n\t<meta property=\"og:image:width\" content=\"690\" \/>\n\t<meta property=\"og:image:height\" content=\"400\" \/>\n\t<meta property=\"og:image:type\" content=\"image\/jpeg\" \/>\n<meta name=\"author\" content=\"enequipo\" \/>\n<meta name=\"twitter:card\" content=\"summary_large_image\" \/>\n<meta name=\"twitter:creator\" content=\"@sonoraenequipo\" \/>\n<meta name=\"twitter:site\" content=\"@sonoraenequipo\" \/>\n<meta name=\"twitter:label1\" content=\"Escrito por\" \/>\n\t<meta name=\"twitter:data1\" content=\"enequipo\" \/>\n\t<meta name=\"twitter:label2\" content=\"Tiempo de lectura\" \/>\n\t<meta name=\"twitter:data2\" content=\"1 minuto\" \/>\n<script type=\"application\/ld+json\" class=\"yoast-schema-graph\">{\"@context\":\"https:\/\/schema.org\",\"@graph\":[{\"@type\":\"Article\",\"@id\":\"https:\/\/www.sonoraenequipo.com.mx\/padres-de-ninos-con-cancer-denuncian-ante-fiscalia-a-la-titular-de-la-cndh\/#article\",\"isPartOf\":{\"@id\":\"https:\/\/www.sonoraenequipo.com.mx\/padres-de-ninos-con-cancer-denuncian-ante-fiscalia-a-la-titular-de-la-cndh\/\"},\"author\":{\"name\":\"enequipo\",\"@id\":\"https:\/\/www.sonoraenequipo.com.mx\/#\/schema\/person\/50102df0fb23a8fa9e8effad8fa81386\"},\"headline\":\"Padres de ni\u00f1os con c\u00e1ncer denuncian ante Fiscal\u00eda a la titular de la CNDH.\",\"datePublished\":\"2020-12-17T01:04:12+00:00\",\"dateModified\":\"2020-12-17T01:07:27+00:00\",\"mainEntityOfPage\":{\"@id\":\"https:\/\/www.sonoraenequipo.com.mx\/padres-de-ninos-con-cancer-denuncian-ante-fiscalia-a-la-titular-de-la-cndh\/\"},\"wordCount\":309,\"commentCount\":0,\"publisher\":{\"@id\":\"https:\/\/www.sonoraenequipo.com.mx\/#organization\"},\"image\":{\"@id\":\"https:\/\/www.sonoraenequipo.com.mx\/padres-de-ninos-con-cancer-denuncian-ante-fiscalia-a-la-titular-de-la-cndh\/#primaryimage\"},\"thumbnailUrl\":\"https:\/\/www.sonoraenequipo.com.mx\/storage\/2020\/12\/denuncian-a-cndh_opt.jpg\",\"articleSection\":[\"Rep\u00fablica\"],\"inLanguage\":\"es\",\"potentialAction\":[{\"@type\":\"CommentAction\",\"name\":\"Comment\",\"target\":[\"https:\/\/www.sonoraenequipo.com.mx\/padres-de-ninos-con-cancer-denuncian-ante-fiscalia-a-la-titular-de-la-cndh\/#respond\"]}]},{\"@type\":\"WebPage\",\"@id\":\"https:\/\/www.sonoraenequipo.com.mx\/padres-de-ninos-con-cancer-denuncian-ante-fiscalia-a-la-titular-de-la-cndh\/\",\"url\":\"https:\/\/www.sonoraenequipo.com.mx\/padres-de-ninos-con-cancer-denuncian-ante-fiscalia-a-la-titular-de-la-cndh\/\",\"name\":\"Sonora en Equipo. Padres de ni\u00f1os con c\u00e1ncer denuncian ante Fiscal\u00eda a la titular de la CNDH. Rep\u00fablica\",\"isPartOf\":{\"@id\":\"https:\/\/www.sonoraenequipo.com.mx\/#website\"},\"primaryImageOfPage\":{\"@id\":\"https:\/\/www.sonoraenequipo.com.mx\/padres-de-ninos-con-cancer-denuncian-ante-fiscalia-a-la-titular-de-la-cndh\/#primaryimage\"},\"image\":{\"@id\":\"https:\/\/www.sonoraenequipo.com.mx\/padres-de-ninos-con-cancer-denuncian-ante-fiscalia-a-la-titular-de-la-cndh\/#primaryimage\"},\"thumbnailUrl\":\"https:\/\/www.sonoraenequipo.com.mx\/storage\/2020\/12\/denuncian-a-cndh_opt.jpg\",\"datePublished\":\"2020-12-17T01:04:12+00:00\",\"dateModified\":\"2020-12-17T01:07:27+00:00\",\"description\":\"CIUDAD DE M\u00c9XICO. MX. \u2014 Los padres de ni\u00f1os enfermos con c\u00e1ncer agrupados en el Movimiento Nacional por la Salud, interpusieron ante la Fiscal\u00eda General En Sonora en Equipo publicamos toda la informaci\u00f3n de Sonora, M\u00e9xico y el Mundo de manera oportuna y busca que la libertad de expresi\u00f3n sea real. Visita nuestro medio informativo publicado desde Hermosillo, Sonora. %\",\"breadcrumb\":{\"@id\":\"https:\/\/www.sonoraenequipo.com.mx\/padres-de-ninos-con-cancer-denuncian-ante-fiscalia-a-la-titular-de-la-cndh\/#breadcrumb\"},\"inLanguage\":\"es\",\"potentialAction\":[{\"@type\":\"ReadAction\",\"target\":[\"https:\/\/www.sonoraenequipo.com.mx\/padres-de-ninos-con-cancer-denuncian-ante-fiscalia-a-la-titular-de-la-cndh\/\"]}]},{\"@type\":\"ImageObject\",\"inLanguage\":\"es\",\"@id\":\"https:\/\/www.sonoraenequipo.com.mx\/padres-de-ninos-con-cancer-denuncian-ante-fiscalia-a-la-titular-de-la-cndh\/#primaryimage\",\"url\":\"https:\/\/www.sonoraenequipo.com.mx\/storage\/2020\/12\/denuncian-a-cndh_opt.jpg\",\"contentUrl\":\"https:\/\/www.sonoraenequipo.com.mx\/storage\/2020\/12\/denuncian-a-cndh_opt.jpg\",\"width\":690,\"height\":400},{\"@type\":\"BreadcrumbList\",\"@id\":\"https:\/\/www.sonoraenequipo.com.mx\/padres-de-ninos-con-cancer-denuncian-ante-fiscalia-a-la-titular-de-la-cndh\/#breadcrumb\",\"itemListElement\":[{\"@type\":\"ListItem\",\"position\":1,\"name\":\"Portada\",\"item\":\"https:\/\/www.sonoraenequipo.com.mx\/\"},{\"@type\":\"ListItem\",\"position\":2,\"name\":\"Padres de ni\u00f1os con c\u00e1ncer denuncian ante Fiscal\u00eda a la titular de la CNDH.\"}]},{\"@type\":\"WebSite\",\"@id\":\"https:\/\/www.sonoraenequipo.com.mx\/#website\",\"url\":\"https:\/\/www.sonoraenequipo.com.mx\/\",\"name\":\"Sonora en Equipo.\",\"description\":\"Diario en l\u00ednea con Noticias desde Hermosillo, Sonora\",\"publisher\":{\"@id\":\"https:\/\/www.sonoraenequipo.com.mx\/#organization\"},\"potentialAction\":[{\"@type\":\"SearchAction\",\"target\":{\"@type\":\"EntryPoint\",\"urlTemplate\":\"https:\/\/www.sonoraenequipo.com.mx\/?s={search_term_string}\"},\"query-input\":{\"@type\":\"PropertyValueSpecification\",\"valueRequired\":true,\"valueName\":\"search_term_string\"}}],\"inLanguage\":\"es\"},{\"@type\":\"Organization\",\"@id\":\"https:\/\/www.sonoraenequipo.com.mx\/#organization\",\"name\":\"Sonoraenequipo.com.mx\",\"url\":\"https:\/\/www.sonoraenequipo.com.mx\/\",\"logo\":{\"@type\":\"ImageObject\",\"inLanguage\":\"es\",\"@id\":\"https:\/\/www.sonoraenequipo.com.mx\/#\/schema\/logo\/image\/\",\"url\":\"https:\/\/www.sonoraenequipo.com.mx\/storage\/2019\/01\/sonoraenequipo_opt.png\",\"contentUrl\":\"https:\/\/www.sonoraenequipo.com.mx\/storage\/2019\/01\/sonoraenequipo_opt.png\",\"width\":375,\"height\":125,\"caption\":\"Sonoraenequipo.com.mx\"},\"image\":{\"@id\":\"https:\/\/www.sonoraenequipo.com.mx\/#\/schema\/logo\/image\/\"},\"sameAs\":[\"https:\/\/www.facebook.com\/SonoraEE\/\",\"https:\/\/x.com\/sonoraenequipo\",\"https:\/\/www.youtube.com\/channel\/UC338nW-lPEYmJQs4ZABQ1SQ\"]},{\"@type\":\"Person\",\"@id\":\"https:\/\/www.sonoraenequipo.com.mx\/#\/schema\/person\/50102df0fb23a8fa9e8effad8fa81386\",\"name\":\"enequipo\",\"image\":{\"@type\":\"ImageObject\",\"inLanguage\":\"es\",\"@id\":\"https:\/\/www.sonoraenequipo.com.mx\/#\/schema\/person\/image\/\",\"url\":\"https:\/\/secure.gravatar.com\/avatar\/049821681b589dabc0bc20695993ccebb09f5b5d4d790cd9251b97faac7c652b?s=96&d=blank&r=g\",\"contentUrl\":\"https:\/\/secure.gravatar.com\/avatar\/049821681b589dabc0bc20695993ccebb09f5b5d4d790cd9251b97faac7c652b?s=96&d=blank&r=g\",\"caption\":\"enequipo\"},\"sameAs\":[\"https:\/\/www.facebook.com\/SonoraEE\"]}]}<\/script>\n ","yoast_head_json":{"title":"Sonora en Equipo. Padres de ni\u00f1os con c\u00e1ncer denuncian ante Fiscal\u00eda a la titular de la CNDH. Rep\u00fablica","description":"CIUDAD DE M\u00c9XICO. MX. \u2014 Los padres de ni\u00f1os enfermos con c\u00e1ncer agrupados en el Movimiento Nacional por la Salud, interpusieron ante la Fiscal\u00eda General En Sonora en Equipo publicamos toda la informaci\u00f3n de Sonora, M\u00e9xico y el Mundo de manera oportuna y busca que la libertad de expresi\u00f3n sea real. Visita nuestro medio informativo publicado desde Hermosillo, Sonora. %","robots":{"index":"index","follow":"follow","max-snippet":"max-snippet:-1","max-image-preview":"max-image-preview:large","max-video-preview":"max-video-preview:-1"},"canonical":"https:\/\/www.sonoraenequipo.com.mx\/padres-de-ninos-con-cancer-denuncian-ante-fiscalia-a-la-titular-de-la-cndh\/","og_locale":"es_ES","og_type":"article","og_title":"Sonora en Equipo. Padres de ni\u00f1os con c\u00e1ncer denuncian ante Fiscal\u00eda a la titular de la CNDH. Rep\u00fablica","og_description":"CIUDAD DE M\u00c9XICO. MX. \u2014 Los padres de ni\u00f1os enfermos con c\u00e1ncer agrupados en el Movimiento Nacional por la Salud, interpusieron ante la Fiscal\u00eda General En Sonora en Equipo publicamos toda la informaci\u00f3n de Sonora, M\u00e9xico y el Mundo de manera oportuna y busca que la libertad de expresi\u00f3n sea real. Visita nuestro medio informativo publicado desde Hermosillo, Sonora. %","og_url":"https:\/\/www.sonoraenequipo.com.mx\/padres-de-ninos-con-cancer-denuncian-ante-fiscalia-a-la-titular-de-la-cndh\/","og_site_name":"Sonora en Equipo.","article_publisher":"https:\/\/www.facebook.com\/SonoraEE\/","article_author":"https:\/\/www.facebook.com\/SonoraEE","article_published_time":"2020-12-17T01:04:12+00:00","article_modified_time":"2020-12-17T01:07:27+00:00","og_image":[{"width":690,"height":400,"url":"https:\/\/www.sonoraenequipo.com.mx\/storage\/2020\/12\/denuncian-a-cndh_opt.jpg","type":"image\/jpeg"}],"author":"enequipo","twitter_card":"summary_large_image","twitter_creator":"@sonoraenequipo","twitter_site":"@sonoraenequipo","twitter_misc":{"Escrito por":"enequipo","Tiempo de lectura":"1 minuto"},"schema":{"@context":"https:\/\/schema.org","@graph":[{"@type":"Article","@id":"https:\/\/www.sonoraenequipo.com.mx\/padres-de-ninos-con-cancer-denuncian-ante-fiscalia-a-la-titular-de-la-cndh\/#article","isPartOf":{"@id":"https:\/\/www.sonoraenequipo.com.mx\/padres-de-ninos-con-cancer-denuncian-ante-fiscalia-a-la-titular-de-la-cndh\/"},"author":{"name":"enequipo","@id":"https:\/\/www.sonoraenequipo.com.mx\/#\/schema\/person\/50102df0fb23a8fa9e8effad8fa81386"},"headline":"Padres de ni\u00f1os con c\u00e1ncer denuncian ante Fiscal\u00eda a la titular de la CNDH.","datePublished":"2020-12-17T01:04:12+00:00","dateModified":"2020-12-17T01:07:27+00:00","mainEntityOfPage":{"@id":"https:\/\/www.sonoraenequipo.com.mx\/padres-de-ninos-con-cancer-denuncian-ante-fiscalia-a-la-titular-de-la-cndh\/"},"wordCount":309,"commentCount":0,"publisher":{"@id":"https:\/\/www.sonoraenequipo.com.mx\/#organization"},"image":{"@id":"https:\/\/www.sonoraenequipo.com.mx\/padres-de-ninos-con-cancer-denuncian-ante-fiscalia-a-la-titular-de-la-cndh\/#primaryimage"},"thumbnailUrl":"https:\/\/www.sonoraenequipo.com.mx\/storage\/2020\/12\/denuncian-a-cndh_opt.jpg","articleSection":["Rep\u00fablica"],"inLanguage":"es","potentialAction":[{"@type":"CommentAction","name":"Comment","target":["https:\/\/www.sonoraenequipo.com.mx\/padres-de-ninos-con-cancer-denuncian-ante-fiscalia-a-la-titular-de-la-cndh\/#respond"]}]},{"@type":"WebPage","@id":"https:\/\/www.sonoraenequipo.com.mx\/padres-de-ninos-con-cancer-denuncian-ante-fiscalia-a-la-titular-de-la-cndh\/","url":"https:\/\/www.sonoraenequipo.com.mx\/padres-de-ninos-con-cancer-denuncian-ante-fiscalia-a-la-titular-de-la-cndh\/","name":"Sonora en Equipo. Padres de ni\u00f1os con c\u00e1ncer denuncian ante Fiscal\u00eda a la titular de la CNDH. Rep\u00fablica","isPartOf":{"@id":"https:\/\/www.sonoraenequipo.com.mx\/#website"},"primaryImageOfPage":{"@id":"https:\/\/www.sonoraenequipo.com.mx\/padres-de-ninos-con-cancer-denuncian-ante-fiscalia-a-la-titular-de-la-cndh\/#primaryimage"},"image":{"@id":"https:\/\/www.sonoraenequipo.com.mx\/padres-de-ninos-con-cancer-denuncian-ante-fiscalia-a-la-titular-de-la-cndh\/#primaryimage"},"thumbnailUrl":"https:\/\/www.sonoraenequipo.com.mx\/storage\/2020\/12\/denuncian-a-cndh_opt.jpg","datePublished":"2020-12-17T01:04:12+00:00","dateModified":"2020-12-17T01:07:27+00:00","description":"CIUDAD DE M\u00c9XICO. MX. \u2014 Los padres de ni\u00f1os enfermos con c\u00e1ncer agrupados en el Movimiento Nacional por la Salud, interpusieron ante la Fiscal\u00eda General En Sonora en Equipo publicamos toda la informaci\u00f3n de Sonora, M\u00e9xico y el Mundo de manera oportuna y busca que la libertad de expresi\u00f3n sea real. Visita nuestro medio informativo publicado desde Hermosillo, Sonora. %","breadcrumb":{"@id":"https:\/\/www.sonoraenequipo.com.mx\/padres-de-ninos-con-cancer-denuncian-ante-fiscalia-a-la-titular-de-la-cndh\/#breadcrumb"},"inLanguage":"es","potentialAction":[{"@type":"ReadAction","target":["https:\/\/www.sonoraenequipo.com.mx\/padres-de-ninos-con-cancer-denuncian-ante-fiscalia-a-la-titular-de-la-cndh\/"]}]},{"@type":"ImageObject","inLanguage":"es","@id":"https:\/\/www.sonoraenequipo.com.mx\/padres-de-ninos-con-cancer-denuncian-ante-fiscalia-a-la-titular-de-la-cndh\/#primaryimage","url":"https:\/\/www.sonoraenequipo.com.mx\/storage\/2020\/12\/denuncian-a-cndh_opt.jpg","contentUrl":"https:\/\/www.sonoraenequipo.com.mx\/storage\/2020\/12\/denuncian-a-cndh_opt.jpg","width":690,"height":400},{"@type":"BreadcrumbList","@id":"https:\/\/www.sonoraenequipo.com.mx\/padres-de-ninos-con-cancer-denuncian-ante-fiscalia-a-la-titular-de-la-cndh\/#breadcrumb","itemListElement":[{"@type":"ListItem","position":1,"name":"Portada","item":"https:\/\/www.sonoraenequipo.com.mx\/"},{"@type":"ListItem","position":2,"name":"Padres de ni\u00f1os con c\u00e1ncer denuncian ante Fiscal\u00eda a la titular de la CNDH."}]},{"@type":"WebSite","@id":"https:\/\/www.sonoraenequipo.com.mx\/#website","url":"https:\/\/www.sonoraenequipo.com.mx\/","name":"Sonora en Equipo.","description":"Diario en l\u00ednea con Noticias desde Hermosillo, Sonora","publisher":{"@id":"https:\/\/www.sonoraenequipo.com.mx\/#organization"},"potentialAction":[{"@type":"SearchAction","target":{"@type":"EntryPoint","urlTemplate":"https:\/\/www.sonoraenequipo.com.mx\/?s={search_term_string}"},"query-input":{"@type":"PropertyValueSpecification","valueRequired":true,"valueName":"search_term_string"}}],"inLanguage":"es"},{"@type":"Organization","@id":"https:\/\/www.sonoraenequipo.com.mx\/#organization","name":"Sonoraenequipo.com.mx","url":"https:\/\/www.sonoraenequipo.com.mx\/","logo":{"@type":"ImageObject","inLanguage":"es","@id":"https:\/\/www.sonoraenequipo.com.mx\/#\/schema\/logo\/image\/","url":"https:\/\/www.sonoraenequipo.com.mx\/storage\/2019\/01\/sonoraenequipo_opt.png","contentUrl":"https:\/\/www.sonoraenequipo.com.mx\/storage\/2019\/01\/sonoraenequipo_opt.png","width":375,"height":125,"caption":"Sonoraenequipo.com.mx"},"image":{"@id":"https:\/\/www.sonoraenequipo.com.mx\/#\/schema\/logo\/image\/"},"sameAs":["https:\/\/www.facebook.com\/SonoraEE\/","https:\/\/x.com\/sonoraenequipo","https:\/\/www.youtube.com\/channel\/UC338nW-lPEYmJQs4ZABQ1SQ"]},{"@type":"Person","@id":"https:\/\/www.sonoraenequipo.com.mx\/#\/schema\/person\/50102df0fb23a8fa9e8effad8fa81386","name":"enequipo","image":{"@type":"ImageObject","inLanguage":"es","@id":"https:\/\/www.sonoraenequipo.com.mx\/#\/schema\/person\/image\/","url":"https:\/\/secure.gravatar.com\/avatar\/049821681b589dabc0bc20695993ccebb09f5b5d4d790cd9251b97faac7c652b?s=96&d=blank&r=g","contentUrl":"https:\/\/secure.gravatar.com\/avatar\/049821681b589dabc0bc20695993ccebb09f5b5d4d790cd9251b97faac7c652b?s=96&d=blank&r=g","caption":"enequipo"},"sameAs":["https:\/\/www.facebook.com\/SonoraEE"]}]}},"jetpack_featured_media_url":"https:\/\/www.sonoraenequipo.com.mx\/storage\/2020\/12\/denuncian-a-cndh_opt.jpg","_links":{"self":[{"href":"https:\/\/www.sonoraenequipo.com.mx\/api\/wp\/v2\/posts\/102890","targetHints":{"allow":["GET"]}}],"collection":[{"href":"https:\/\/www.sonoraenequipo.com.mx\/api\/wp\/v2\/posts"}],"about":[{"href":"https:\/\/www.sonoraenequipo.com.mx\/api\/wp\/v2\/types\/post"}],"author":[{"embeddable":true,"href":"https:\/\/www.sonoraenequipo.com.mx\/api\/wp\/v2\/users\/1"}],"replies":[{"embeddable":true,"href":"https:\/\/www.sonoraenequipo.com.mx\/api\/wp\/v2\/comments?post=102890"}],"version-history":[{"count":1,"href":"https:\/\/www.sonoraenequipo.com.mx\/api\/wp\/v2\/posts\/102890\/revisions"}],"predecessor-version":[{"id":102891,"href":"https:\/\/www.sonoraenequipo.com.mx\/api\/wp\/v2\/posts\/102890\/revisions\/102891"}],"wp:featuredmedia":[{"embeddable":true,"href":"https:\/\/www.sonoraenequipo.com.mx\/api\/wp\/v2\/media\/102888"}],"wp:attachment":[{"href":"https:\/\/www.sonoraenequipo.com.mx\/api\/wp\/v2\/media?parent=102890"}],"wp:term":[{"taxonomy":"category","embeddable":true,"href":"https:\/\/www.sonoraenequipo.com.mx\/api\/wp\/v2\/categories?post=102890"},{"taxonomy":"post_tag","embeddable":true,"href":"https:\/\/www.sonoraenequipo.com.mx\/api\/wp\/v2\/tags?post=102890"}],"curies":[{"name":"wp","href":"https:\/\/api.w.org\/{rel}","templated":true}]}}