{"id":102924,"date":"2020-12-16T18:21:06","date_gmt":"2020-12-17T01:21:06","guid":{"rendered":"https:\/\/www.sonoraenequipo.com.mx\/?p=102924"},"modified":"2020-12-16T20:30:25","modified_gmt":"2020-12-17T03:30:25","slug":"mike-pence-vicepresidente-de-estados-unidos-sera-vacunado-publicamente","status":"publish","type":"post","link":"https:\/\/www.sonoraenequipo.com.mx\/mike-pence-vicepresidente-de-estados-unidos-sera-vacunado-publicamente\/","title":{"rendered":"Mike Pence, vicepresidente de Estados Unidos, ser\u00e1 vacunado p\u00fablicamente"},"content":{"rendered":"<p>WASHINGTON, ESTADOS UNIDOS. \u2014 El vicepresidente de Estados Unidos, Mike Pence ser\u00e1 vacunado contra COVID-19 el viernes frente a las c\u00e1maras como un esfuerzo de relaciones p\u00fablicas para generar confianza en la vacuna.<\/p>\n<p>&nbsp;<\/p>\n<p> <\/p>\n<p>&nbsp;<\/p>\n<p>&nbsp;<\/p>\n<p>A Pence, quien dirigi\u00f3 el grupo de trabajo sobre el coronavirus de la Casa Blanca, se le inyectar\u00e1 la vacuna Pfizer-BioNTech recientemente aprobada junto con su esposa, Karen Pence.<\/p>\n<p>&nbsp;<\/p>\n<p>La Casa Blanca anunci\u00f3 los planes en un correo electr\u00f3nico masivo el mi\u00e9rcoles por la noche.<\/p>\n<p>&nbsp;<\/p>\n<p>&nbsp;<\/p>\n<p>El anuncio en may\u00fasculas dec\u00eda:<em> \u201cEL VICEPRESIDENTE MIKE PENCE RECIBIR\u00c1 P\u00daBLICAMENTE LA VACUNA COVID-19 PARA CONSTRUIR LA CONFIANZA ENTRE LOS ESTADOS UNIDOS\u201d.<\/em><\/p>\n<p>&nbsp;<\/p>\n<p>&nbsp;<\/p>\n<p><em>\u201cEl viernes 18 de diciembre, el vicepresidente Mike Pence y la segunda dama Karen Pence recibir\u00e1n p\u00fablicamente una vacuna COVID-19 para promover la seguridad y eficacia de la vacuna y generar confianza entre el pueblo estadounidense\u201d<\/em>, dijo el comunicado de la Casa Blanca.<\/p>\n<p>&nbsp;<\/p>\n<p>&nbsp;<\/p>\n<p><em>\u201cEl Vicepresidente Pence y la Segunda Dama Pence estar\u00e1n acompa\u00f1ados por el Cirujano General Jerome Adams, quien tambi\u00e9n recibir\u00e1 la vacuna. Este evento tendr\u00e1 lugar en la Casa Blanca \u201d.<\/em><\/p>\n<p>&nbsp;<\/p>\n<p>&nbsp;<\/p>\n<p>Pence, de 61 a\u00f1os, es uno de los \u00fanicos altos funcionarios estadounidenses con una oficina en la planta baja en el ala oeste que no contrat\u00f3 COVID-19 este a\u00f1o. \u00c9l adopt\u00f3 r\u00e1pidamente el saludo de golpe de codo como una t\u00e1ctica de reducci\u00f3n de riesgos durante la pandemia.<\/p>\n<p>&nbsp;<\/p>\n<p>&nbsp;<\/p>\n<p>El presidente Trump luch\u00f3 contra el virus en octubre y estuvo hospitalizado durante tres noches. El jefe de gabinete de la Casa Blanca, Mark Meadows, el asesor de seguridad nacional Robert O\u2019Brien, la secretaria de prensa de la Casa Blanca Kayleigh McEnany y la consejera del presidente Hope Hicks tambi\u00e9n contrajeron el virus y se recuperaron del mismo.<\/p>\n<p>&nbsp;<\/p>\n<p>&nbsp;<\/p>\n<p>El jefe de gabinete de Pence, Marc Short, tambi\u00e9n contrajo COVID-19.<\/p>\n<p>&nbsp;<\/p>\n<p>Se espera que el presidente electo Joe Biden sea vacunado la pr\u00f3xima semana, tambi\u00e9n para alentar al p\u00fablico a recibir el tratamiento de dos dosis cuando est\u00e9 m\u00e1s disponible.<\/p>\n<p>&nbsp;<\/p>\n<p>&nbsp;<\/p>\n<p>Un miembro de la prensa que se uni\u00f3 a Biden para un viaje de campa\u00f1a al Senado el martes a Georgia dio positivo por COVID-19, dijo el mi\u00e9rcoles la oficina de prensa de Biden.<\/p>\n<p>&nbsp;<\/p>\n<p>&nbsp;<\/p>\n<p>(Publicada el 16\/12\/2020 \/Con informaci\u00f3n de EFE\u00a0 )<\/p>\n","protected":false},"excerpt":{"rendered":"<p>WASHINGTON, ESTADOS UNIDOS. \u2014 El vicepresidente de Estados Unidos, Mike Pence ser\u00e1 vacunado contra COVID-19&#8230;<\/p>\n","protected":false},"author":1,"featured_media":102928,"comment_status":"open","ping_status":"open","sticky":false,"template":"","format":"standard","meta":{"_monsterinsights_skip_tracking":false,"_monsterinsights_sitenote_active":false,"_monsterinsights_sitenote_note":"","_monsterinsights_sitenote_category":0,"footnotes":""},"categories":[3],"tags":[],"class_list":["post"],"yoast_head":" \n<title>Sonora en Equipo. Mike Pence, vicepresidente de Estados Unidos, ser\u00e1 vacunado p\u00fablicamente MUNDO<\/title>\n<meta name=\"description\" content=\"WASHINGTON, ESTADOS UNIDOS. \u2014 El vicepresidente de Estados Unidos, Mike Pence ser\u00e1 vacunado contra COVID-19 el viernes frente a las c\u00e1maras como un En Sonora en Equipo publicamos toda la informaci\u00f3n de Sonora, M\u00e9xico y el Mundo de manera oportuna y busca que la libertad de expresi\u00f3n sea real. Visita nuestro medio informativo publicado desde Hermosillo, Sonora. %\" \/>\n<meta name=\"robots\" content=\"index, follow, max-snippet:-1, max-image-preview:large, max-video-preview:-1\" \/>\n<link rel=\"canonical\" href=\"https:\/\/www.sonoraenequipo.com.mx\/mike-pence-vicepresidente-de-estados-unidos-sera-vacunado-publicamente\/\" \/>\n<meta property=\"og:locale\" content=\"es_ES\" \/>\n<meta property=\"og:type\" content=\"article\" \/>\n<meta property=\"og:title\" content=\"Sonora en Equipo. Mike Pence, vicepresidente de Estados Unidos, ser\u00e1 vacunado p\u00fablicamente MUNDO\" \/>\n<meta property=\"og:description\" content=\"WASHINGTON, ESTADOS UNIDOS. \u2014 El vicepresidente de Estados Unidos, Mike Pence ser\u00e1 vacunado contra COVID-19 el viernes frente a las c\u00e1maras como un En Sonora en Equipo publicamos toda la informaci\u00f3n de Sonora, M\u00e9xico y el Mundo de manera oportuna y busca que la libertad de expresi\u00f3n sea real. Visita nuestro medio informativo publicado desde Hermosillo, Sonora. %\" \/>\n<meta property=\"og:url\" content=\"https:\/\/www.sonoraenequipo.com.mx\/mike-pence-vicepresidente-de-estados-unidos-sera-vacunado-publicamente\/\" \/>\n<meta property=\"og:site_name\" content=\"Sonora en Equipo.\" \/>\n<meta property=\"article:publisher\" content=\"https:\/\/www.facebook.com\/SonoraEE\/\" \/>\n<meta property=\"article:author\" content=\"https:\/\/www.facebook.com\/SonoraEE\" \/>\n<meta property=\"article:published_time\" content=\"2020-12-17T01:21:06+00:00\" \/>\n<meta property=\"article:modified_time\" content=\"2020-12-17T03:30:25+00:00\" \/>\n<meta property=\"og:image\" content=\"https:\/\/www.sonoraenequipo.com.mx\/storage\/2020\/12\/mike_opt.jpg\" \/>\n\t<meta property=\"og:image:width\" content=\"622\" \/>\n\t<meta property=\"og:image:height\" content=\"400\" \/>\n\t<meta property=\"og:image:type\" content=\"image\/jpeg\" \/>\n<meta name=\"author\" content=\"enequipo\" \/>\n<meta name=\"twitter:card\" content=\"summary_large_image\" \/>\n<meta name=\"twitter:creator\" content=\"@sonoraenequipo\" \/>\n<meta name=\"twitter:site\" content=\"@sonoraenequipo\" \/>\n<meta name=\"twitter:label1\" content=\"Escrito por\" \/>\n\t<meta name=\"twitter:data1\" content=\"enequipo\" \/>\n\t<meta name=\"twitter:label2\" content=\"Tiempo de lectura\" \/>\n\t<meta name=\"twitter:data2\" content=\"2 minutos\" \/>\n<script type=\"application\/ld+json\" class=\"yoast-schema-graph\">{\"@context\":\"https:\/\/schema.org\",\"@graph\":[{\"@type\":\"Article\",\"@id\":\"https:\/\/www.sonoraenequipo.com.mx\/mike-pence-vicepresidente-de-estados-unidos-sera-vacunado-publicamente\/#article\",\"isPartOf\":{\"@id\":\"https:\/\/www.sonoraenequipo.com.mx\/mike-pence-vicepresidente-de-estados-unidos-sera-vacunado-publicamente\/\"},\"author\":{\"name\":\"enequipo\",\"@id\":\"https:\/\/www.sonoraenequipo.com.mx\/#\/schema\/person\/50102df0fb23a8fa9e8effad8fa81386\"},\"headline\":\"Mike Pence, vicepresidente de Estados Unidos, ser\u00e1 vacunado p\u00fablicamente\",\"datePublished\":\"2020-12-17T01:21:06+00:00\",\"dateModified\":\"2020-12-17T03:30:25+00:00\",\"mainEntityOfPage\":{\"@id\":\"https:\/\/www.sonoraenequipo.com.mx\/mike-pence-vicepresidente-de-estados-unidos-sera-vacunado-publicamente\/\"},\"wordCount\":413,\"commentCount\":0,\"publisher\":{\"@id\":\"https:\/\/www.sonoraenequipo.com.mx\/#organization\"},\"image\":{\"@id\":\"https:\/\/www.sonoraenequipo.com.mx\/mike-pence-vicepresidente-de-estados-unidos-sera-vacunado-publicamente\/#primaryimage\"},\"thumbnailUrl\":\"https:\/\/www.sonoraenequipo.com.mx\/storage\/2020\/12\/mike_opt.jpg\",\"articleSection\":[\"MUNDO\"],\"inLanguage\":\"es\",\"potentialAction\":[{\"@type\":\"CommentAction\",\"name\":\"Comment\",\"target\":[\"https:\/\/www.sonoraenequipo.com.mx\/mike-pence-vicepresidente-de-estados-unidos-sera-vacunado-publicamente\/#respond\"]}]},{\"@type\":\"WebPage\",\"@id\":\"https:\/\/www.sonoraenequipo.com.mx\/mike-pence-vicepresidente-de-estados-unidos-sera-vacunado-publicamente\/\",\"url\":\"https:\/\/www.sonoraenequipo.com.mx\/mike-pence-vicepresidente-de-estados-unidos-sera-vacunado-publicamente\/\",\"name\":\"Sonora en Equipo. Mike Pence, vicepresidente de Estados Unidos, ser\u00e1 vacunado p\u00fablicamente MUNDO\",\"isPartOf\":{\"@id\":\"https:\/\/www.sonoraenequipo.com.mx\/#website\"},\"primaryImageOfPage\":{\"@id\":\"https:\/\/www.sonoraenequipo.com.mx\/mike-pence-vicepresidente-de-estados-unidos-sera-vacunado-publicamente\/#primaryimage\"},\"image\":{\"@id\":\"https:\/\/www.sonoraenequipo.com.mx\/mike-pence-vicepresidente-de-estados-unidos-sera-vacunado-publicamente\/#primaryimage\"},\"thumbnailUrl\":\"https:\/\/www.sonoraenequipo.com.mx\/storage\/2020\/12\/mike_opt.jpg\",\"datePublished\":\"2020-12-17T01:21:06+00:00\",\"dateModified\":\"2020-12-17T03:30:25+00:00\",\"description\":\"WASHINGTON, ESTADOS UNIDOS. \u2014 El vicepresidente de Estados Unidos, Mike Pence ser\u00e1 vacunado contra COVID-19 el viernes frente a las c\u00e1maras como un En Sonora en Equipo publicamos toda la informaci\u00f3n de Sonora, M\u00e9xico y el Mundo de manera oportuna y busca que la libertad de expresi\u00f3n sea real. Visita nuestro medio informativo publicado desde Hermosillo, Sonora. %\",\"breadcrumb\":{\"@id\":\"https:\/\/www.sonoraenequipo.com.mx\/mike-pence-vicepresidente-de-estados-unidos-sera-vacunado-publicamente\/#breadcrumb\"},\"inLanguage\":\"es\",\"potentialAction\":[{\"@type\":\"ReadAction\",\"target\":[\"https:\/\/www.sonoraenequipo.com.mx\/mike-pence-vicepresidente-de-estados-unidos-sera-vacunado-publicamente\/\"]}]},{\"@type\":\"ImageObject\",\"inLanguage\":\"es\",\"@id\":\"https:\/\/www.sonoraenequipo.com.mx\/mike-pence-vicepresidente-de-estados-unidos-sera-vacunado-publicamente\/#primaryimage\",\"url\":\"https:\/\/www.sonoraenequipo.com.mx\/storage\/2020\/12\/mike_opt.jpg\",\"contentUrl\":\"https:\/\/www.sonoraenequipo.com.mx\/storage\/2020\/12\/mike_opt.jpg\",\"width\":622,\"height\":400},{\"@type\":\"BreadcrumbList\",\"@id\":\"https:\/\/www.sonoraenequipo.com.mx\/mike-pence-vicepresidente-de-estados-unidos-sera-vacunado-publicamente\/#breadcrumb\",\"itemListElement\":[{\"@type\":\"ListItem\",\"position\":1,\"name\":\"Portada\",\"item\":\"https:\/\/www.sonoraenequipo.com.mx\/\"},{\"@type\":\"ListItem\",\"position\":2,\"name\":\"Mike Pence, vicepresidente de Estados Unidos, ser\u00e1 vacunado p\u00fablicamente\"}]},{\"@type\":\"WebSite\",\"@id\":\"https:\/\/www.sonoraenequipo.com.mx\/#website\",\"url\":\"https:\/\/www.sonoraenequipo.com.mx\/\",\"name\":\"Sonora en Equipo.\",\"description\":\"Diario en l\u00ednea con Noticias desde Hermosillo, Sonora\",\"publisher\":{\"@id\":\"https:\/\/www.sonoraenequipo.com.mx\/#organization\"},\"potentialAction\":[{\"@type\":\"SearchAction\",\"target\":{\"@type\":\"EntryPoint\",\"urlTemplate\":\"https:\/\/www.sonoraenequipo.com.mx\/?s={search_term_string}\"},\"query-input\":{\"@type\":\"PropertyValueSpecification\",\"valueRequired\":true,\"valueName\":\"search_term_string\"}}],\"inLanguage\":\"es\"},{\"@type\":\"Organization\",\"@id\":\"https:\/\/www.sonoraenequipo.com.mx\/#organization\",\"name\":\"Sonoraenequipo.com.mx\",\"url\":\"https:\/\/www.sonoraenequipo.com.mx\/\",\"logo\":{\"@type\":\"ImageObject\",\"inLanguage\":\"es\",\"@id\":\"https:\/\/www.sonoraenequipo.com.mx\/#\/schema\/logo\/image\/\",\"url\":\"https:\/\/www.sonoraenequipo.com.mx\/storage\/2019\/01\/sonoraenequipo_opt.png\",\"contentUrl\":\"https:\/\/www.sonoraenequipo.com.mx\/storage\/2019\/01\/sonoraenequipo_opt.png\",\"width\":375,\"height\":125,\"caption\":\"Sonoraenequipo.com.mx\"},\"image\":{\"@id\":\"https:\/\/www.sonoraenequipo.com.mx\/#\/schema\/logo\/image\/\"},\"sameAs\":[\"https:\/\/www.facebook.com\/SonoraEE\/\",\"https:\/\/x.com\/sonoraenequipo\",\"https:\/\/www.youtube.com\/channel\/UC338nW-lPEYmJQs4ZABQ1SQ\"]},{\"@type\":\"Person\",\"@id\":\"https:\/\/www.sonoraenequipo.com.mx\/#\/schema\/person\/50102df0fb23a8fa9e8effad8fa81386\",\"name\":\"enequipo\",\"image\":{\"@type\":\"ImageObject\",\"inLanguage\":\"es\",\"@id\":\"https:\/\/www.sonoraenequipo.com.mx\/#\/schema\/person\/image\/\",\"url\":\"https:\/\/secure.gravatar.com\/avatar\/049821681b589dabc0bc20695993ccebb09f5b5d4d790cd9251b97faac7c652b?s=96&d=blank&r=g\",\"contentUrl\":\"https:\/\/secure.gravatar.com\/avatar\/049821681b589dabc0bc20695993ccebb09f5b5d4d790cd9251b97faac7c652b?s=96&d=blank&r=g\",\"caption\":\"enequipo\"},\"sameAs\":[\"https:\/\/www.facebook.com\/SonoraEE\"]}]}<\/script>\n ","yoast_head_json":{"title":"Sonora en Equipo. Mike Pence, vicepresidente de Estados Unidos, ser\u00e1 vacunado p\u00fablicamente MUNDO","description":"WASHINGTON, ESTADOS UNIDOS. \u2014 El vicepresidente de Estados Unidos, Mike Pence ser\u00e1 vacunado contra COVID-19 el viernes frente a las c\u00e1maras como un En Sonora en Equipo publicamos toda la informaci\u00f3n de Sonora, M\u00e9xico y el Mundo de manera oportuna y busca que la libertad de expresi\u00f3n sea real. Visita nuestro medio informativo publicado desde Hermosillo, Sonora. %","robots":{"index":"index","follow":"follow","max-snippet":"max-snippet:-1","max-image-preview":"max-image-preview:large","max-video-preview":"max-video-preview:-1"},"canonical":"https:\/\/www.sonoraenequipo.com.mx\/mike-pence-vicepresidente-de-estados-unidos-sera-vacunado-publicamente\/","og_locale":"es_ES","og_type":"article","og_title":"Sonora en Equipo. Mike Pence, vicepresidente de Estados Unidos, ser\u00e1 vacunado p\u00fablicamente MUNDO","og_description":"WASHINGTON, ESTADOS UNIDOS. \u2014 El vicepresidente de Estados Unidos, Mike Pence ser\u00e1 vacunado contra COVID-19 el viernes frente a las c\u00e1maras como un En Sonora en Equipo publicamos toda la informaci\u00f3n de Sonora, M\u00e9xico y el Mundo de manera oportuna y busca que la libertad de expresi\u00f3n sea real. Visita nuestro medio informativo publicado desde Hermosillo, Sonora. %","og_url":"https:\/\/www.sonoraenequipo.com.mx\/mike-pence-vicepresidente-de-estados-unidos-sera-vacunado-publicamente\/","og_site_name":"Sonora en Equipo.","article_publisher":"https:\/\/www.facebook.com\/SonoraEE\/","article_author":"https:\/\/www.facebook.com\/SonoraEE","article_published_time":"2020-12-17T01:21:06+00:00","article_modified_time":"2020-12-17T03:30:25+00:00","og_image":[{"width":622,"height":400,"url":"https:\/\/www.sonoraenequipo.com.mx\/storage\/2020\/12\/mike_opt.jpg","type":"image\/jpeg"}],"author":"enequipo","twitter_card":"summary_large_image","twitter_creator":"@sonoraenequipo","twitter_site":"@sonoraenequipo","twitter_misc":{"Escrito por":"enequipo","Tiempo de lectura":"2 minutos"},"schema":{"@context":"https:\/\/schema.org","@graph":[{"@type":"Article","@id":"https:\/\/www.sonoraenequipo.com.mx\/mike-pence-vicepresidente-de-estados-unidos-sera-vacunado-publicamente\/#article","isPartOf":{"@id":"https:\/\/www.sonoraenequipo.com.mx\/mike-pence-vicepresidente-de-estados-unidos-sera-vacunado-publicamente\/"},"author":{"name":"enequipo","@id":"https:\/\/www.sonoraenequipo.com.mx\/#\/schema\/person\/50102df0fb23a8fa9e8effad8fa81386"},"headline":"Mike Pence, vicepresidente de Estados Unidos, ser\u00e1 vacunado p\u00fablicamente","datePublished":"2020-12-17T01:21:06+00:00","dateModified":"2020-12-17T03:30:25+00:00","mainEntityOfPage":{"@id":"https:\/\/www.sonoraenequipo.com.mx\/mike-pence-vicepresidente-de-estados-unidos-sera-vacunado-publicamente\/"},"wordCount":413,"commentCount":0,"publisher":{"@id":"https:\/\/www.sonoraenequipo.com.mx\/#organization"},"image":{"@id":"https:\/\/www.sonoraenequipo.com.mx\/mike-pence-vicepresidente-de-estados-unidos-sera-vacunado-publicamente\/#primaryimage"},"thumbnailUrl":"https:\/\/www.sonoraenequipo.com.mx\/storage\/2020\/12\/mike_opt.jpg","articleSection":["MUNDO"],"inLanguage":"es","potentialAction":[{"@type":"CommentAction","name":"Comment","target":["https:\/\/www.sonoraenequipo.com.mx\/mike-pence-vicepresidente-de-estados-unidos-sera-vacunado-publicamente\/#respond"]}]},{"@type":"WebPage","@id":"https:\/\/www.sonoraenequipo.com.mx\/mike-pence-vicepresidente-de-estados-unidos-sera-vacunado-publicamente\/","url":"https:\/\/www.sonoraenequipo.com.mx\/mike-pence-vicepresidente-de-estados-unidos-sera-vacunado-publicamente\/","name":"Sonora en Equipo. Mike Pence, vicepresidente de Estados Unidos, ser\u00e1 vacunado p\u00fablicamente MUNDO","isPartOf":{"@id":"https:\/\/www.sonoraenequipo.com.mx\/#website"},"primaryImageOfPage":{"@id":"https:\/\/www.sonoraenequipo.com.mx\/mike-pence-vicepresidente-de-estados-unidos-sera-vacunado-publicamente\/#primaryimage"},"image":{"@id":"https:\/\/www.sonoraenequipo.com.mx\/mike-pence-vicepresidente-de-estados-unidos-sera-vacunado-publicamente\/#primaryimage"},"thumbnailUrl":"https:\/\/www.sonoraenequipo.com.mx\/storage\/2020\/12\/mike_opt.jpg","datePublished":"2020-12-17T01:21:06+00:00","dateModified":"2020-12-17T03:30:25+00:00","description":"WASHINGTON, ESTADOS UNIDOS. \u2014 El vicepresidente de Estados Unidos, Mike Pence ser\u00e1 vacunado contra COVID-19 el viernes frente a las c\u00e1maras como un En Sonora en Equipo publicamos toda la informaci\u00f3n de Sonora, M\u00e9xico y el Mundo de manera oportuna y busca que la libertad de expresi\u00f3n sea real. Visita nuestro medio informativo publicado desde Hermosillo, Sonora. %","breadcrumb":{"@id":"https:\/\/www.sonoraenequipo.com.mx\/mike-pence-vicepresidente-de-estados-unidos-sera-vacunado-publicamente\/#breadcrumb"},"inLanguage":"es","potentialAction":[{"@type":"ReadAction","target":["https:\/\/www.sonoraenequipo.com.mx\/mike-pence-vicepresidente-de-estados-unidos-sera-vacunado-publicamente\/"]}]},{"@type":"ImageObject","inLanguage":"es","@id":"https:\/\/www.sonoraenequipo.com.mx\/mike-pence-vicepresidente-de-estados-unidos-sera-vacunado-publicamente\/#primaryimage","url":"https:\/\/www.sonoraenequipo.com.mx\/storage\/2020\/12\/mike_opt.jpg","contentUrl":"https:\/\/www.sonoraenequipo.com.mx\/storage\/2020\/12\/mike_opt.jpg","width":622,"height":400},{"@type":"BreadcrumbList","@id":"https:\/\/www.sonoraenequipo.com.mx\/mike-pence-vicepresidente-de-estados-unidos-sera-vacunado-publicamente\/#breadcrumb","itemListElement":[{"@type":"ListItem","position":1,"name":"Portada","item":"https:\/\/www.sonoraenequipo.com.mx\/"},{"@type":"ListItem","position":2,"name":"Mike Pence, vicepresidente de Estados Unidos, ser\u00e1 vacunado p\u00fablicamente"}]},{"@type":"WebSite","@id":"https:\/\/www.sonoraenequipo.com.mx\/#website","url":"https:\/\/www.sonoraenequipo.com.mx\/","name":"Sonora en Equipo.","description":"Diario en l\u00ednea con Noticias desde Hermosillo, Sonora","publisher":{"@id":"https:\/\/www.sonoraenequipo.com.mx\/#organization"},"potentialAction":[{"@type":"SearchAction","target":{"@type":"EntryPoint","urlTemplate":"https:\/\/www.sonoraenequipo.com.mx\/?s={search_term_string}"},"query-input":{"@type":"PropertyValueSpecification","valueRequired":true,"valueName":"search_term_string"}}],"inLanguage":"es"},{"@type":"Organization","@id":"https:\/\/www.sonoraenequipo.com.mx\/#organization","name":"Sonoraenequipo.com.mx","url":"https:\/\/www.sonoraenequipo.com.mx\/","logo":{"@type":"ImageObject","inLanguage":"es","@id":"https:\/\/www.sonoraenequipo.com.mx\/#\/schema\/logo\/image\/","url":"https:\/\/www.sonoraenequipo.com.mx\/storage\/2019\/01\/sonoraenequipo_opt.png","contentUrl":"https:\/\/www.sonoraenequipo.com.mx\/storage\/2019\/01\/sonoraenequipo_opt.png","width":375,"height":125,"caption":"Sonoraenequipo.com.mx"},"image":{"@id":"https:\/\/www.sonoraenequipo.com.mx\/#\/schema\/logo\/image\/"},"sameAs":["https:\/\/www.facebook.com\/SonoraEE\/","https:\/\/x.com\/sonoraenequipo","https:\/\/www.youtube.com\/channel\/UC338nW-lPEYmJQs4ZABQ1SQ"]},{"@type":"Person","@id":"https:\/\/www.sonoraenequipo.com.mx\/#\/schema\/person\/50102df0fb23a8fa9e8effad8fa81386","name":"enequipo","image":{"@type":"ImageObject","inLanguage":"es","@id":"https:\/\/www.sonoraenequipo.com.mx\/#\/schema\/person\/image\/","url":"https:\/\/secure.gravatar.com\/avatar\/049821681b589dabc0bc20695993ccebb09f5b5d4d790cd9251b97faac7c652b?s=96&d=blank&r=g","contentUrl":"https:\/\/secure.gravatar.com\/avatar\/049821681b589dabc0bc20695993ccebb09f5b5d4d790cd9251b97faac7c652b?s=96&d=blank&r=g","caption":"enequipo"},"sameAs":["https:\/\/www.facebook.com\/SonoraEE"]}]}},"jetpack_featured_media_url":"https:\/\/www.sonoraenequipo.com.mx\/storage\/2020\/12\/mike_opt.jpg","_links":{"self":[{"href":"https:\/\/www.sonoraenequipo.com.mx\/api\/wp\/v2\/posts\/102924","targetHints":{"allow":["GET"]}}],"collection":[{"href":"https:\/\/www.sonoraenequipo.com.mx\/api\/wp\/v2\/posts"}],"about":[{"href":"https:\/\/www.sonoraenequipo.com.mx\/api\/wp\/v2\/types\/post"}],"author":[{"embeddable":true,"href":"https:\/\/www.sonoraenequipo.com.mx\/api\/wp\/v2\/users\/1"}],"replies":[{"embeddable":true,"href":"https:\/\/www.sonoraenequipo.com.mx\/api\/wp\/v2\/comments?post=102924"}],"version-history":[{"count":1,"href":"https:\/\/www.sonoraenequipo.com.mx\/api\/wp\/v2\/posts\/102924\/revisions"}],"predecessor-version":[{"id":102930,"href":"https:\/\/www.sonoraenequipo.com.mx\/api\/wp\/v2\/posts\/102924\/revisions\/102930"}],"wp:featuredmedia":[{"embeddable":true,"href":"https:\/\/www.sonoraenequipo.com.mx\/api\/wp\/v2\/media\/102928"}],"wp:attachment":[{"href":"https:\/\/www.sonoraenequipo.com.mx\/api\/wp\/v2\/media?parent=102924"}],"wp:term":[{"taxonomy":"category","embeddable":true,"href":"https:\/\/www.sonoraenequipo.com.mx\/api\/wp\/v2\/categories?post=102924"},{"taxonomy":"post_tag","embeddable":true,"href":"https:\/\/www.sonoraenequipo.com.mx\/api\/wp\/v2\/tags?post=102924"}],"curies":[{"name":"wp","href":"https:\/\/api.w.org\/{rel}","templated":true}]}}