{"id":103114,"date":"2020-12-19T08:16:39","date_gmt":"2020-12-19T15:16:39","guid":{"rendered":"https:\/\/www.sonoraenequipo.com.mx\/?p=103114"},"modified":"2020-12-19T18:34:35","modified_gmt":"2020-12-20T01:34:35","slug":"define-junta-universitaria-aspirantes-al-cargo-de-rector-de-la-universidad-de-sonora","status":"publish","type":"post","link":"https:\/\/www.sonoraenequipo.com.mx\/define-junta-universitaria-aspirantes-al-cargo-de-rector-de-la-universidad-de-sonora\/","title":{"rendered":"Define Junta Universitaria aspirantes al cargo de Rector de la Universidad de Sonora"},"content":{"rendered":"<p>HERMOSILLO, SONORA. MX. \u2014 Con base en el numeral 2 de la convocatoria del Proceso de Nombramiento de Rector de la Universidad de Sonora para el periodo 2021-2025, la Junta Universitaria acord\u00f3, durante la sesi\u00f3n plenaria realizada los d\u00edas 16 y 17 de diciembre, que, de acuerdo con la revisi\u00f3n documental de los expedientes presentados por los seis aspirantes a este cargo, cinco de ellos son quienes acreditaron los requisitos estipulados en dicho documento.<\/p>\n<p>&nbsp;<\/p>\n<p> <\/p>\n<p>&nbsp;<\/p>\n<p>En esta ocasi\u00f3n y de acuerdo con el orden de registro, los aspirantes que participar\u00e1n en la siguiente etapa del proceso son: Juan Bautista Lagarda Mu\u00f1oz, Jes\u00fas Guillermo Moreno R\u00edos, Mar\u00eda Rita Plancarte Mart\u00ednez, Joel Enrique Espejel Blanco, y Ezequiel Rodr\u00edguez J\u00e1uregui; como parte de este proceso, el m\u00e1ximo \u00f3rgano de gobierno continuar\u00e1 evaluando el perfil de cada uno de estos aspirantes.<\/p>\n<p>&nbsp;<\/p>\n<p>A partir del 18 de diciembre en la secci\u00f3n de Aspirantes <a href=\"https:\/\/procesorector.unison.mx\/aspirantesr.html\"><strong>https:\/\/procesorector.unison.mx\/aspirantesr.html<\/strong><\/a> se encontrar\u00e1 disponible la informaci\u00f3n curricular de cada uno de ellos, as\u00ed como su visi\u00f3n sobre la Universidad de Sonora y una s\u00edntesis ejecutiva del programa de desarrollo para la misma.<\/p>\n<p>&nbsp;<\/p>\n<p>La siguiente etapa del proceso estipulada en el numeral 4 de la convocatoria establece que, del 4 al 29 de enero de 2021, la Junta Universitaria realizar\u00e1 una campa\u00f1a de difusi\u00f3n del curr\u00edculum vitae y de los programas de desarrollo de los aspirantes anteriormente mencionados en los diferentes medios de comunicaci\u00f3n institucionales (radio, televisi\u00f3n, portal institucional, Twitter, y canal de YouTube).<\/p>\n<p>&nbsp;<\/p>\n<p>Se invita a la comunidad universitaria y sociedad en general a seguir este proceso a trav\u00e9s del sitio <a href=\"https:\/\/procesorector.unison.mx\/\"><strong>https:\/\/procesorector.unison.mx\/<\/strong><\/a><\/p>\n<p>&nbsp;<\/p>\n<p>(Publicada el 19\/12\/2020)<\/p>\n","protected":false},"excerpt":{"rendered":"<p>HERMOSILLO, SONORA. MX. \u2014 Con base en el numeral 2 de la convocatoria del Proceso&#8230;<\/p>\n","protected":false},"author":1,"featured_media":103116,"comment_status":"open","ping_status":"open","sticky":false,"template":"","format":"standard","meta":{"_monsterinsights_skip_tracking":false,"_monsterinsights_sitenote_active":false,"_monsterinsights_sitenote_note":"","_monsterinsights_sitenote_category":0,"footnotes":""},"categories":[22],"tags":[],"class_list":["post"],"yoast_head":" \n<title>Sonora en Equipo. Define Junta Universitaria aspirantes al cargo de Rector de la Universidad de Sonora Sonora<\/title>\n<meta name=\"description\" content=\"HERMOSILLO, SONORA. MX. \u2014 Con base en el numeral 2 de la convocatoria del Proceso de Nombramiento de Rector de la Universidad de Sonora para el periodo En Sonora en Equipo publicamos toda la informaci\u00f3n de Sonora, M\u00e9xico y el Mundo de manera oportuna y busca que la libertad de expresi\u00f3n sea real. Visita nuestro medio informativo publicado desde Hermosillo, Sonora. %\" \/>\n<meta name=\"robots\" content=\"index, follow, max-snippet:-1, max-image-preview:large, max-video-preview:-1\" \/>\n<link rel=\"canonical\" href=\"https:\/\/www.sonoraenequipo.com.mx\/define-junta-universitaria-aspirantes-al-cargo-de-rector-de-la-universidad-de-sonora\/\" \/>\n<meta property=\"og:locale\" content=\"es_ES\" \/>\n<meta property=\"og:type\" content=\"article\" \/>\n<meta property=\"og:title\" content=\"Sonora en Equipo. Define Junta Universitaria aspirantes al cargo de Rector de la Universidad de Sonora Sonora\" \/>\n<meta property=\"og:description\" content=\"HERMOSILLO, SONORA. MX. \u2014 Con base en el numeral 2 de la convocatoria del Proceso de Nombramiento de Rector de la Universidad de Sonora para el periodo En Sonora en Equipo publicamos toda la informaci\u00f3n de Sonora, M\u00e9xico y el Mundo de manera oportuna y busca que la libertad de expresi\u00f3n sea real. Visita nuestro medio informativo publicado desde Hermosillo, Sonora. %\" \/>\n<meta property=\"og:url\" content=\"https:\/\/www.sonoraenequipo.com.mx\/define-junta-universitaria-aspirantes-al-cargo-de-rector-de-la-universidad-de-sonora\/\" \/>\n<meta property=\"og:site_name\" content=\"Sonora en Equipo.\" \/>\n<meta property=\"article:publisher\" content=\"https:\/\/www.facebook.com\/SonoraEE\/\" \/>\n<meta property=\"article:author\" content=\"https:\/\/www.facebook.com\/SonoraEE\" \/>\n<meta property=\"article:published_time\" content=\"2020-12-19T15:16:39+00:00\" \/>\n<meta property=\"article:modified_time\" content=\"2020-12-20T01:34:35+00:00\" \/>\n<meta property=\"og:image\" content=\"https:\/\/www.sonoraenequipo.com.mx\/storage\/2020\/12\/CARGO-DE-RECTOR_opt1.jpg\" \/>\n\t<meta property=\"og:image:width\" content=\"525\" \/>\n\t<meta property=\"og:image:height\" content=\"400\" \/>\n\t<meta property=\"og:image:type\" content=\"image\/jpeg\" \/>\n<meta name=\"author\" content=\"enequipo\" \/>\n<meta name=\"twitter:card\" content=\"summary_large_image\" \/>\n<meta name=\"twitter:creator\" content=\"@sonoraenequipo\" \/>\n<meta name=\"twitter:site\" content=\"@sonoraenequipo\" \/>\n<meta name=\"twitter:label1\" content=\"Escrito por\" \/>\n\t<meta name=\"twitter:data1\" content=\"enequipo\" \/>\n\t<meta name=\"twitter:label2\" content=\"Tiempo de lectura\" \/>\n\t<meta name=\"twitter:data2\" content=\"1 minuto\" \/>\n<script type=\"application\/ld+json\" class=\"yoast-schema-graph\">{\"@context\":\"https:\/\/schema.org\",\"@graph\":[{\"@type\":\"Article\",\"@id\":\"https:\/\/www.sonoraenequipo.com.mx\/define-junta-universitaria-aspirantes-al-cargo-de-rector-de-la-universidad-de-sonora\/#article\",\"isPartOf\":{\"@id\":\"https:\/\/www.sonoraenequipo.com.mx\/define-junta-universitaria-aspirantes-al-cargo-de-rector-de-la-universidad-de-sonora\/\"},\"author\":{\"name\":\"enequipo\",\"@id\":\"https:\/\/www.sonoraenequipo.com.mx\/#\/schema\/person\/50102df0fb23a8fa9e8effad8fa81386\"},\"headline\":\"Define Junta Universitaria aspirantes al cargo de Rector de la Universidad de Sonora\",\"datePublished\":\"2020-12-19T15:16:39+00:00\",\"dateModified\":\"2020-12-20T01:34:35+00:00\",\"mainEntityOfPage\":{\"@id\":\"https:\/\/www.sonoraenequipo.com.mx\/define-junta-universitaria-aspirantes-al-cargo-de-rector-de-la-universidad-de-sonora\/\"},\"wordCount\":302,\"commentCount\":0,\"publisher\":{\"@id\":\"https:\/\/www.sonoraenequipo.com.mx\/#organization\"},\"image\":{\"@id\":\"https:\/\/www.sonoraenequipo.com.mx\/define-junta-universitaria-aspirantes-al-cargo-de-rector-de-la-universidad-de-sonora\/#primaryimage\"},\"thumbnailUrl\":\"https:\/\/www.sonoraenequipo.com.mx\/storage\/2020\/12\/CARGO-DE-RECTOR_opt1.jpg\",\"articleSection\":[\"Sonora\"],\"inLanguage\":\"es\",\"potentialAction\":[{\"@type\":\"CommentAction\",\"name\":\"Comment\",\"target\":[\"https:\/\/www.sonoraenequipo.com.mx\/define-junta-universitaria-aspirantes-al-cargo-de-rector-de-la-universidad-de-sonora\/#respond\"]}]},{\"@type\":\"WebPage\",\"@id\":\"https:\/\/www.sonoraenequipo.com.mx\/define-junta-universitaria-aspirantes-al-cargo-de-rector-de-la-universidad-de-sonora\/\",\"url\":\"https:\/\/www.sonoraenequipo.com.mx\/define-junta-universitaria-aspirantes-al-cargo-de-rector-de-la-universidad-de-sonora\/\",\"name\":\"Sonora en Equipo. Define Junta Universitaria aspirantes al cargo de Rector de la Universidad de Sonora Sonora\",\"isPartOf\":{\"@id\":\"https:\/\/www.sonoraenequipo.com.mx\/#website\"},\"primaryImageOfPage\":{\"@id\":\"https:\/\/www.sonoraenequipo.com.mx\/define-junta-universitaria-aspirantes-al-cargo-de-rector-de-la-universidad-de-sonora\/#primaryimage\"},\"image\":{\"@id\":\"https:\/\/www.sonoraenequipo.com.mx\/define-junta-universitaria-aspirantes-al-cargo-de-rector-de-la-universidad-de-sonora\/#primaryimage\"},\"thumbnailUrl\":\"https:\/\/www.sonoraenequipo.com.mx\/storage\/2020\/12\/CARGO-DE-RECTOR_opt1.jpg\",\"datePublished\":\"2020-12-19T15:16:39+00:00\",\"dateModified\":\"2020-12-20T01:34:35+00:00\",\"description\":\"HERMOSILLO, SONORA. MX. \u2014 Con base en el numeral 2 de la convocatoria del Proceso de Nombramiento de Rector de la Universidad de Sonora para el periodo En Sonora en Equipo publicamos toda la informaci\u00f3n de Sonora, M\u00e9xico y el Mundo de manera oportuna y busca que la libertad de expresi\u00f3n sea real. Visita nuestro medio informativo publicado desde Hermosillo, Sonora. %\",\"breadcrumb\":{\"@id\":\"https:\/\/www.sonoraenequipo.com.mx\/define-junta-universitaria-aspirantes-al-cargo-de-rector-de-la-universidad-de-sonora\/#breadcrumb\"},\"inLanguage\":\"es\",\"potentialAction\":[{\"@type\":\"ReadAction\",\"target\":[\"https:\/\/www.sonoraenequipo.com.mx\/define-junta-universitaria-aspirantes-al-cargo-de-rector-de-la-universidad-de-sonora\/\"]}]},{\"@type\":\"ImageObject\",\"inLanguage\":\"es\",\"@id\":\"https:\/\/www.sonoraenequipo.com.mx\/define-junta-universitaria-aspirantes-al-cargo-de-rector-de-la-universidad-de-sonora\/#primaryimage\",\"url\":\"https:\/\/www.sonoraenequipo.com.mx\/storage\/2020\/12\/CARGO-DE-RECTOR_opt1.jpg\",\"contentUrl\":\"https:\/\/www.sonoraenequipo.com.mx\/storage\/2020\/12\/CARGO-DE-RECTOR_opt1.jpg\",\"width\":525,\"height\":400},{\"@type\":\"BreadcrumbList\",\"@id\":\"https:\/\/www.sonoraenequipo.com.mx\/define-junta-universitaria-aspirantes-al-cargo-de-rector-de-la-universidad-de-sonora\/#breadcrumb\",\"itemListElement\":[{\"@type\":\"ListItem\",\"position\":1,\"name\":\"Portada\",\"item\":\"https:\/\/www.sonoraenequipo.com.mx\/\"},{\"@type\":\"ListItem\",\"position\":2,\"name\":\"Define Junta Universitaria aspirantes al cargo de Rector de la Universidad de Sonora\"}]},{\"@type\":\"WebSite\",\"@id\":\"https:\/\/www.sonoraenequipo.com.mx\/#website\",\"url\":\"https:\/\/www.sonoraenequipo.com.mx\/\",\"name\":\"Sonora en Equipo.\",\"description\":\"Diario en l\u00ednea con Noticias desde Hermosillo, Sonora\",\"publisher\":{\"@id\":\"https:\/\/www.sonoraenequipo.com.mx\/#organization\"},\"potentialAction\":[{\"@type\":\"SearchAction\",\"target\":{\"@type\":\"EntryPoint\",\"urlTemplate\":\"https:\/\/www.sonoraenequipo.com.mx\/?s={search_term_string}\"},\"query-input\":{\"@type\":\"PropertyValueSpecification\",\"valueRequired\":true,\"valueName\":\"search_term_string\"}}],\"inLanguage\":\"es\"},{\"@type\":\"Organization\",\"@id\":\"https:\/\/www.sonoraenequipo.com.mx\/#organization\",\"name\":\"Sonoraenequipo.com.mx\",\"url\":\"https:\/\/www.sonoraenequipo.com.mx\/\",\"logo\":{\"@type\":\"ImageObject\",\"inLanguage\":\"es\",\"@id\":\"https:\/\/www.sonoraenequipo.com.mx\/#\/schema\/logo\/image\/\",\"url\":\"https:\/\/www.sonoraenequipo.com.mx\/storage\/2019\/01\/sonoraenequipo_opt.png\",\"contentUrl\":\"https:\/\/www.sonoraenequipo.com.mx\/storage\/2019\/01\/sonoraenequipo_opt.png\",\"width\":375,\"height\":125,\"caption\":\"Sonoraenequipo.com.mx\"},\"image\":{\"@id\":\"https:\/\/www.sonoraenequipo.com.mx\/#\/schema\/logo\/image\/\"},\"sameAs\":[\"https:\/\/www.facebook.com\/SonoraEE\/\",\"https:\/\/x.com\/sonoraenequipo\",\"https:\/\/www.youtube.com\/channel\/UC338nW-lPEYmJQs4ZABQ1SQ\"]},{\"@type\":\"Person\",\"@id\":\"https:\/\/www.sonoraenequipo.com.mx\/#\/schema\/person\/50102df0fb23a8fa9e8effad8fa81386\",\"name\":\"enequipo\",\"image\":{\"@type\":\"ImageObject\",\"inLanguage\":\"es\",\"@id\":\"https:\/\/www.sonoraenequipo.com.mx\/#\/schema\/person\/image\/\",\"url\":\"https:\/\/secure.gravatar.com\/avatar\/049821681b589dabc0bc20695993ccebb09f5b5d4d790cd9251b97faac7c652b?s=96&d=blank&r=g\",\"contentUrl\":\"https:\/\/secure.gravatar.com\/avatar\/049821681b589dabc0bc20695993ccebb09f5b5d4d790cd9251b97faac7c652b?s=96&d=blank&r=g\",\"caption\":\"enequipo\"},\"sameAs\":[\"https:\/\/www.facebook.com\/SonoraEE\"]}]}<\/script>\n ","yoast_head_json":{"title":"Sonora en Equipo. Define Junta Universitaria aspirantes al cargo de Rector de la Universidad de Sonora Sonora","description":"HERMOSILLO, SONORA. MX. \u2014 Con base en el numeral 2 de la convocatoria del Proceso de Nombramiento de Rector de la Universidad de Sonora para el periodo En Sonora en Equipo publicamos toda la informaci\u00f3n de Sonora, M\u00e9xico y el Mundo de manera oportuna y busca que la libertad de expresi\u00f3n sea real. Visita nuestro medio informativo publicado desde Hermosillo, Sonora. %","robots":{"index":"index","follow":"follow","max-snippet":"max-snippet:-1","max-image-preview":"max-image-preview:large","max-video-preview":"max-video-preview:-1"},"canonical":"https:\/\/www.sonoraenequipo.com.mx\/define-junta-universitaria-aspirantes-al-cargo-de-rector-de-la-universidad-de-sonora\/","og_locale":"es_ES","og_type":"article","og_title":"Sonora en Equipo. Define Junta Universitaria aspirantes al cargo de Rector de la Universidad de Sonora Sonora","og_description":"HERMOSILLO, SONORA. MX. \u2014 Con base en el numeral 2 de la convocatoria del Proceso de Nombramiento de Rector de la Universidad de Sonora para el periodo En Sonora en Equipo publicamos toda la informaci\u00f3n de Sonora, M\u00e9xico y el Mundo de manera oportuna y busca que la libertad de expresi\u00f3n sea real. Visita nuestro medio informativo publicado desde Hermosillo, Sonora. %","og_url":"https:\/\/www.sonoraenequipo.com.mx\/define-junta-universitaria-aspirantes-al-cargo-de-rector-de-la-universidad-de-sonora\/","og_site_name":"Sonora en Equipo.","article_publisher":"https:\/\/www.facebook.com\/SonoraEE\/","article_author":"https:\/\/www.facebook.com\/SonoraEE","article_published_time":"2020-12-19T15:16:39+00:00","article_modified_time":"2020-12-20T01:34:35+00:00","og_image":[{"width":525,"height":400,"url":"https:\/\/www.sonoraenequipo.com.mx\/storage\/2020\/12\/CARGO-DE-RECTOR_opt1.jpg","type":"image\/jpeg"}],"author":"enequipo","twitter_card":"summary_large_image","twitter_creator":"@sonoraenequipo","twitter_site":"@sonoraenequipo","twitter_misc":{"Escrito por":"enequipo","Tiempo de lectura":"1 minuto"},"schema":{"@context":"https:\/\/schema.org","@graph":[{"@type":"Article","@id":"https:\/\/www.sonoraenequipo.com.mx\/define-junta-universitaria-aspirantes-al-cargo-de-rector-de-la-universidad-de-sonora\/#article","isPartOf":{"@id":"https:\/\/www.sonoraenequipo.com.mx\/define-junta-universitaria-aspirantes-al-cargo-de-rector-de-la-universidad-de-sonora\/"},"author":{"name":"enequipo","@id":"https:\/\/www.sonoraenequipo.com.mx\/#\/schema\/person\/50102df0fb23a8fa9e8effad8fa81386"},"headline":"Define Junta Universitaria aspirantes al cargo de Rector de la Universidad de Sonora","datePublished":"2020-12-19T15:16:39+00:00","dateModified":"2020-12-20T01:34:35+00:00","mainEntityOfPage":{"@id":"https:\/\/www.sonoraenequipo.com.mx\/define-junta-universitaria-aspirantes-al-cargo-de-rector-de-la-universidad-de-sonora\/"},"wordCount":302,"commentCount":0,"publisher":{"@id":"https:\/\/www.sonoraenequipo.com.mx\/#organization"},"image":{"@id":"https:\/\/www.sonoraenequipo.com.mx\/define-junta-universitaria-aspirantes-al-cargo-de-rector-de-la-universidad-de-sonora\/#primaryimage"},"thumbnailUrl":"https:\/\/www.sonoraenequipo.com.mx\/storage\/2020\/12\/CARGO-DE-RECTOR_opt1.jpg","articleSection":["Sonora"],"inLanguage":"es","potentialAction":[{"@type":"CommentAction","name":"Comment","target":["https:\/\/www.sonoraenequipo.com.mx\/define-junta-universitaria-aspirantes-al-cargo-de-rector-de-la-universidad-de-sonora\/#respond"]}]},{"@type":"WebPage","@id":"https:\/\/www.sonoraenequipo.com.mx\/define-junta-universitaria-aspirantes-al-cargo-de-rector-de-la-universidad-de-sonora\/","url":"https:\/\/www.sonoraenequipo.com.mx\/define-junta-universitaria-aspirantes-al-cargo-de-rector-de-la-universidad-de-sonora\/","name":"Sonora en Equipo. Define Junta Universitaria aspirantes al cargo de Rector de la Universidad de Sonora Sonora","isPartOf":{"@id":"https:\/\/www.sonoraenequipo.com.mx\/#website"},"primaryImageOfPage":{"@id":"https:\/\/www.sonoraenequipo.com.mx\/define-junta-universitaria-aspirantes-al-cargo-de-rector-de-la-universidad-de-sonora\/#primaryimage"},"image":{"@id":"https:\/\/www.sonoraenequipo.com.mx\/define-junta-universitaria-aspirantes-al-cargo-de-rector-de-la-universidad-de-sonora\/#primaryimage"},"thumbnailUrl":"https:\/\/www.sonoraenequipo.com.mx\/storage\/2020\/12\/CARGO-DE-RECTOR_opt1.jpg","datePublished":"2020-12-19T15:16:39+00:00","dateModified":"2020-12-20T01:34:35+00:00","description":"HERMOSILLO, SONORA. MX. \u2014 Con base en el numeral 2 de la convocatoria del Proceso de Nombramiento de Rector de la Universidad de Sonora para el periodo En Sonora en Equipo publicamos toda la informaci\u00f3n de Sonora, M\u00e9xico y el Mundo de manera oportuna y busca que la libertad de expresi\u00f3n sea real. Visita nuestro medio informativo publicado desde Hermosillo, Sonora. %","breadcrumb":{"@id":"https:\/\/www.sonoraenequipo.com.mx\/define-junta-universitaria-aspirantes-al-cargo-de-rector-de-la-universidad-de-sonora\/#breadcrumb"},"inLanguage":"es","potentialAction":[{"@type":"ReadAction","target":["https:\/\/www.sonoraenequipo.com.mx\/define-junta-universitaria-aspirantes-al-cargo-de-rector-de-la-universidad-de-sonora\/"]}]},{"@type":"ImageObject","inLanguage":"es","@id":"https:\/\/www.sonoraenequipo.com.mx\/define-junta-universitaria-aspirantes-al-cargo-de-rector-de-la-universidad-de-sonora\/#primaryimage","url":"https:\/\/www.sonoraenequipo.com.mx\/storage\/2020\/12\/CARGO-DE-RECTOR_opt1.jpg","contentUrl":"https:\/\/www.sonoraenequipo.com.mx\/storage\/2020\/12\/CARGO-DE-RECTOR_opt1.jpg","width":525,"height":400},{"@type":"BreadcrumbList","@id":"https:\/\/www.sonoraenequipo.com.mx\/define-junta-universitaria-aspirantes-al-cargo-de-rector-de-la-universidad-de-sonora\/#breadcrumb","itemListElement":[{"@type":"ListItem","position":1,"name":"Portada","item":"https:\/\/www.sonoraenequipo.com.mx\/"},{"@type":"ListItem","position":2,"name":"Define Junta Universitaria aspirantes al cargo de Rector de la Universidad de Sonora"}]},{"@type":"WebSite","@id":"https:\/\/www.sonoraenequipo.com.mx\/#website","url":"https:\/\/www.sonoraenequipo.com.mx\/","name":"Sonora en Equipo.","description":"Diario en l\u00ednea con Noticias desde Hermosillo, Sonora","publisher":{"@id":"https:\/\/www.sonoraenequipo.com.mx\/#organization"},"potentialAction":[{"@type":"SearchAction","target":{"@type":"EntryPoint","urlTemplate":"https:\/\/www.sonoraenequipo.com.mx\/?s={search_term_string}"},"query-input":{"@type":"PropertyValueSpecification","valueRequired":true,"valueName":"search_term_string"}}],"inLanguage":"es"},{"@type":"Organization","@id":"https:\/\/www.sonoraenequipo.com.mx\/#organization","name":"Sonoraenequipo.com.mx","url":"https:\/\/www.sonoraenequipo.com.mx\/","logo":{"@type":"ImageObject","inLanguage":"es","@id":"https:\/\/www.sonoraenequipo.com.mx\/#\/schema\/logo\/image\/","url":"https:\/\/www.sonoraenequipo.com.mx\/storage\/2019\/01\/sonoraenequipo_opt.png","contentUrl":"https:\/\/www.sonoraenequipo.com.mx\/storage\/2019\/01\/sonoraenequipo_opt.png","width":375,"height":125,"caption":"Sonoraenequipo.com.mx"},"image":{"@id":"https:\/\/www.sonoraenequipo.com.mx\/#\/schema\/logo\/image\/"},"sameAs":["https:\/\/www.facebook.com\/SonoraEE\/","https:\/\/x.com\/sonoraenequipo","https:\/\/www.youtube.com\/channel\/UC338nW-lPEYmJQs4ZABQ1SQ"]},{"@type":"Person","@id":"https:\/\/www.sonoraenequipo.com.mx\/#\/schema\/person\/50102df0fb23a8fa9e8effad8fa81386","name":"enequipo","image":{"@type":"ImageObject","inLanguage":"es","@id":"https:\/\/www.sonoraenequipo.com.mx\/#\/schema\/person\/image\/","url":"https:\/\/secure.gravatar.com\/avatar\/049821681b589dabc0bc20695993ccebb09f5b5d4d790cd9251b97faac7c652b?s=96&d=blank&r=g","contentUrl":"https:\/\/secure.gravatar.com\/avatar\/049821681b589dabc0bc20695993ccebb09f5b5d4d790cd9251b97faac7c652b?s=96&d=blank&r=g","caption":"enequipo"},"sameAs":["https:\/\/www.facebook.com\/SonoraEE"]}]}},"jetpack_featured_media_url":"https:\/\/www.sonoraenequipo.com.mx\/storage\/2020\/12\/CARGO-DE-RECTOR_opt1.jpg","_links":{"self":[{"href":"https:\/\/www.sonoraenequipo.com.mx\/api\/wp\/v2\/posts\/103114","targetHints":{"allow":["GET"]}}],"collection":[{"href":"https:\/\/www.sonoraenequipo.com.mx\/api\/wp\/v2\/posts"}],"about":[{"href":"https:\/\/www.sonoraenequipo.com.mx\/api\/wp\/v2\/types\/post"}],"author":[{"embeddable":true,"href":"https:\/\/www.sonoraenequipo.com.mx\/api\/wp\/v2\/users\/1"}],"replies":[{"embeddable":true,"href":"https:\/\/www.sonoraenequipo.com.mx\/api\/wp\/v2\/comments?post=103114"}],"version-history":[{"count":3,"href":"https:\/\/www.sonoraenequipo.com.mx\/api\/wp\/v2\/posts\/103114\/revisions"}],"predecessor-version":[{"id":103120,"href":"https:\/\/www.sonoraenequipo.com.mx\/api\/wp\/v2\/posts\/103114\/revisions\/103120"}],"wp:featuredmedia":[{"embeddable":true,"href":"https:\/\/www.sonoraenequipo.com.mx\/api\/wp\/v2\/media\/103116"}],"wp:attachment":[{"href":"https:\/\/www.sonoraenequipo.com.mx\/api\/wp\/v2\/media?parent=103114"}],"wp:term":[{"taxonomy":"category","embeddable":true,"href":"https:\/\/www.sonoraenequipo.com.mx\/api\/wp\/v2\/categories?post=103114"},{"taxonomy":"post_tag","embeddable":true,"href":"https:\/\/www.sonoraenequipo.com.mx\/api\/wp\/v2\/tags?post=103114"}],"curies":[{"name":"wp","href":"https:\/\/api.w.org\/{rel}","templated":true}]}}