{"id":103121,"date":"2020-12-19T07:08:01","date_gmt":"2020-12-19T14:08:01","guid":{"rendered":"https:\/\/www.sonoraenequipo.com.mx\/?p=103121"},"modified":"2020-12-19T18:35:12","modified_gmt":"2020-12-20T01:35:12","slug":"registra-sonora-23-defunciones-mas-y-253-nuevos-casos-de-covid-19","status":"publish","type":"post","link":"https:\/\/www.sonoraenequipo.com.mx\/registra-sonora-23-defunciones-mas-y-253-nuevos-casos-de-covid-19\/","title":{"rendered":"Registra Sonora 23 defunciones m\u00e1s y 253 nuevos casos de COVID-19"},"content":{"rendered":"<p>HERMOSILLO, SONORA. MX. \u2014 La Secretar\u00eda de Salud confirm\u00f3 este d\u00eda 23 decesos m\u00e1s y 253 nuevos casos por COVID-19, en 157 mujeres y 96 hombres.<\/p>\n<p>&nbsp;<\/p>\n<p> <\/p>\n<p>&nbsp;<\/p>\n<p>Luego de darse a conocer la clasificaci\u00f3n de Sonora en el sem\u00e1foro federal, que lo ubica aun en color naranja, pero en riesgo m\u00e1ximo, en el corte informativo que presenta la Secretar\u00eda de Salud todas las noches se report\u00f3 que desde el inicio de la pandemia se han acumulado en la entidad 47 mil 531 casos de la enfermedad y 3 mil 701 fallecimientos.<\/p>\n<p>&nbsp;<\/p>\n<p>Adem\u00e1s, se confirm\u00f3 que 18 pacientes fueron dados de alta y hasta el momento 40 mil 644 personas se han recuperado en la entidad.<\/p>\n<p>&nbsp;<\/p>\n<p><img loading=\"lazy\" decoding=\"async\" class=\"size-medium  x-right\" src=\"https:\/\/www.sonoraenequipo.com.mx\/storage\/2020\/12\/coronavirus-sonora_opt-649x365.jpg\" alt=\"\" width=\"649\" height=\"365\" \/>Se registraron 23 fallecimientos en 12 hombres y 11 mujeres, siete de ellos residentes de Hermosillo; cinco de Cajeme; tres de San Luis R\u00edo Colorado; dos de Agua Prieta; dos de Nogales; uno de Nacozari de Garc\u00eda; uno de Benjam\u00edn Hill; uno de \u00cdmuris; uno de Moctezuma. Se inform\u00f3 que 16 de las personas fallecidas eran derechohabientes del IMSS, 5 de la Secretar\u00eda de Salud y 2 del Isssteson.<\/p>\n<p>&nbsp;<\/p>\n<p>Este d\u00eda, se registraron 253 nuevos casos por COVID-19, en 157 mujeres y 96 hombres;186 de los nuevos casos son residentes de Hermosillo, 15 de Cajeme, 14 de Nogales, 10 de Cananea, 9 de Agua Prieta, 3 de Guaymas; 3 de San Luis R\u00edo Colorado, 2 de Puerto Pe\u00f1asco, 2 de Ures, 2 de Santa Ana, 2 de Navojoa, 1 de Naco, 1 de Empalme, 1 de Bavi\u00e1cora, 1 de Magdalena de Kino y 1 de Moctezuma. Del total de casos, 23 ocurrieron en trabajadores de la salud de diversas instituciones.<\/p>\n<p>&nbsp;<\/p>\n<p>Hoy se confirmaron cuatro casos pedi\u00e1tricos en cuatro ni\u00f1os, con los que suman 890 casos; hoy no se confirmaron casos en mujeres embarazadas.<\/p>\n<p>&nbsp;<\/p>\n<p>Al momento, se han realizado 89 mil 393 pruebas, se han confirmado 47 mil 531 casos; 7 mil 360 han sido con cuadros leves; 2 mil 711 activos y 4 mil 649 concluyeron su seguimiento; 35 mil 995 pacientes se han curado y 475 pacientes se encuentran hospitalizados; de ellos, 184 se reportan estables, 202 graves y 89 cr\u00edticos, con ventilaci\u00f3n mec\u00e1nica.<\/p>\n<p>&nbsp;<\/p>\n<p>La Secretar\u00eda de Salud llam\u00f3 a la poblaci\u00f3n a actuar como si estuviera Sonora en rojo en el sem\u00e1foro epidemiol\u00f3gico nacional y tomar una actitud preventiva.<\/p>\n<p>&nbsp;<\/p>\n<h3>Casos COVID-19 en Sonora 47,531 casos confirmados y 3,701 defunciones<\/h3>\n<h3><\/h3>\n<h3>Defunciones registradas el 18 de diciembre: 23<\/h3>\n<p><img loading=\"lazy\" decoding=\"async\" class=\"size-medium  x-left\" src=\"https:\/\/www.sonoraenequipo.com.mx\/storage\/2020\/12\/Acumulados-defunciones-y-casos_opt-649x365.jpg\" alt=\"\" width=\"649\" height=\"365\" \/>Hermosillo: 7<br \/>\nCajeme: 5<br \/>\nSan Luis R\u00edo Colorado: 3<br \/>\nNogales: 2<br \/>\nAgua Prieta: 2<br \/>\nNacozari de Garc\u00eda: 1<br \/>\nBenjam\u00edn Hill: 1<br \/>\n\u00cdmuris: 1<br \/>\nMoctezuma: 1<\/p>\n<p><strong>Mujeres: 11\/ Hombres: 12<\/strong><\/p>\n<p>IMSS: 16<br \/>\nSecretar\u00eda de Salud: 5<br \/>\nIsssteson: 2<\/p>\n<h3>Casos confirmados el 18 de diciembre: 253<\/h3>\n<p>Hermosillo: 186<br \/>\nCajeme: 15<br \/>\nNogales: 14<br \/>\nCananea: 10<br \/>\nAgua Prieta: 9<br \/>\nGuaymas: 3<br \/>\nSan Luis R\u00edo Colorado: 3<br \/>\nPuerto Pe\u00f1asco: 2<br \/>\nUres: 2<br \/>\nSanta Ana: 2<br \/>\nNavojoa: 2<br \/>\nNaco: 1<br \/>\nEmpalme: 1<br \/>\nBavi\u00e1cora: 1<br \/>\nMagdalena: 1<br \/>\nMoctezuma: 1<\/p>\n<p><strong>Mujeres: 157\/ Hombres: 96<\/strong><\/p>\n<p>Instituci\u00f3n M\u00e9dica<br \/>\nSecretar\u00eda de Salud: 148<br \/>\nIsssteson: 56<br \/>\nIMSS: 41<br \/>\nIssste: 8<\/p>\n<p>&nbsp;<\/p>\n<p><strong>Acumulados<\/strong><\/p>\n<p>Defunciones: 3,701<br \/>\nHermosillo: 1,163<br \/>\nCajeme: 691<br \/>\nSan Luis R\u00edo Colorado: 331<br \/>\nNogales: 322<br \/>\nGuaymas: 226<br \/>\nNavojoa: 176<br \/>\nAgua Prieta: 141<br \/>\nCaborca: 84<br \/>\nHuatabampo: 78<br \/>\nEmpalme: 63<br \/>\nEtchojoa: 51<br \/>\nPuerto Pe\u00f1asco: 50<br \/>\nCananea: 46<br \/>\nNacozari de Garc\u00eda: 39<br \/>\nMagdalena: 38<br \/>\nBenito Ju\u00e1rez: 28<br \/>\nB\u00e1cum: 26<br \/>\nSanta Ana: 19<br \/>\nSan Ignacio R\u00edo Muerto: 15<br \/>\nGral. Plutarco El\u00edas Calles: 12<br \/>\nFronteras: 11<br \/>\nCumpas: 11<br \/>\n\u00cdmuris: 11<br \/>\nPitiquito: 6<br \/>\nMoctezuma: 6<br \/>\nUres: 5<br \/>\nSan Miguel de Horcasitas: 4<br \/>\nAltar: 4<br \/>\nVilla Hidalgo: 4<br \/>\nNaco: 4<br \/>\nBenjam\u00edn Hill: 4<br \/>\nAconchi: 3<br \/>\nRosario: 3<br \/>\nSahuaripa: 3<br \/>\nS\u00e1ric: 3<br \/>\nBacoachi: 3<br \/>\nCarb\u00f3: 2<br \/>\nRay\u00f3n: 2<br \/>\nBavispe: 2<br \/>\nBavi\u00e1cora: 2<br \/>\nSanta Cruz: 1<br \/>\nOpodepe: 1<br \/>\n\u00c1lamos: 1<br \/>\nArizpe: 1<br \/>\nOquitoa: 1<br \/>\nN\u00e1cori Chico: 1<br \/>\nBan\u00e1michi: 1<br \/>\nGranados: 1<br \/>\nArivechi: 1<\/p>\n<p><strong>Mujeres: 1,575\/Hombres: 2,126<\/strong><\/p>\n<p><strong>Instituci\u00f3n M\u00e9dica<\/strong><\/p>\n<p>IMSS: 2,311<br \/>\nSecretar\u00eda de Salud: 1,044<br \/>\nIsssteson: 260<br \/>\nIssste: 78<br \/>\nSedena: 4<br \/>\nSemar: 4<\/p>\n<p>&nbsp;<\/p>\n<h3><strong>Total de casos confirmados: 47,531<\/strong><\/h3>\n<p><img loading=\"lazy\" decoding=\"async\" class=\"size-medium  x-right\" src=\"https:\/\/www.sonoraenequipo.com.mx\/storage\/2020\/12\/nuevos-casos_opt-649x365.jpg\" alt=\"\" width=\"649\" height=\"365\" \/>Hermosillo: 22,140 municipio con mayor incidencia con un 46% del total.<br \/>\nCajeme: 5,868 que representan el 12% del total.<br \/>\nNogales: 3,516 que representan el 7% del total<br \/>\nSan Luis R\u00edo Colorado: 2,367 que representan 5% del total<\/p>\n<p>Guaymas: 2,118<br \/>\nNavojoa: 2,069<br \/>\nCaborca: 1,885<br \/>\nCananea: 1,521<br \/>\nAgua Prieta: 1,061<br \/>\nHuatabampo: 832<br \/>\nEmpalme: 693<br \/>\nEtchojoa: 531<br \/>\nMagdalena: 449<br \/>\nPuerto Pe\u00f1asco: 335<br \/>\nSanta Ana: 254<br \/>\nNacozari de Garc\u00eda: 248<br \/>\nB\u00e1cum: 168<br \/>\nPitiquito: 140<br \/>\nGral. Plutarco El\u00edas Calles: 140<br \/>\nBenito Ju\u00e1rez: 123<br \/>\nSan Ignacio R\u00edo Muerto: 104<br \/>\n\u00c1lamos: 104<br \/>\n\u00cdmuris: 76<br \/>\nSahuaripa: 68<br \/>\nAltar: 65<br \/>\nUres: 65<br \/>\nCumpas: 56<br \/>\nBavi\u00e1cora: 52<br \/>\nMoctezuma: 52<br \/>\nRosario: 44<br \/>\nFronteras: 38<br \/>\nBacoachi: 35<br \/>\nBenjam\u00edn Hill: 31<br \/>\nNaco: 29<br \/>\nY\u00e9cora: 25<br \/>\nS\u00e1ric: 22<br \/>\nAconchi: 21<br \/>\nSan Miguel de Horcasitas: 17<br \/>\nArizpe: 15<br \/>\nN\u00e1cori Chico: 14<br \/>\nTrincheras: 14<br \/>\nVilla Hidalgo: 12<br \/>\nGranados: 11<br \/>\nQuiriego: 9<br \/>\nCucurpe: 8<br \/>\nBan\u00e1michi: 8<br \/>\nArivechi: 8<br \/>\nBavispe: 6<br \/>\n\u00d3navas: 6<br \/>\nCarb\u00f3: 6<br \/>\nRay\u00f3n: 5<br \/>\nTubutama: 5<br \/>\nDivisaderos: 5<br \/>\nHu\u00e1sabas: 5<br \/>\nSan Felipe de Jes\u00fas: 4<br \/>\nVilla Pesqueira: 4<br \/>\nSanta Cruz: 4<br \/>\nBacerac: 4<br \/>\nSan Javier: 3<br \/>\nHu\u00e9pac: 3<br \/>\nOquitoa: 2<br \/>\nOpodepe: 2<br \/>\nTepache: 2<br \/>\nHuachinera: 1<br \/>\nLa Colorada: 1<br \/>\nSoyopa: 1<br \/>\nSuaqui Grande: 1<\/p>\n<p><strong>Mujeres: 25,696\/Hombres: 21,835<\/strong><\/p>\n<p>Instituci\u00f3n M\u00e9dica<br \/>\nSecretar\u00eda de Salud: 33,728<br \/>\nIMSS: 9,120<br \/>\nIsssteson: 3,598<br \/>\nIssste: 852<br \/>\nSedena: 219<br \/>\nSemar: 14<\/p>\n<p><strong>Casos estudiados: 89,393<\/strong><br \/>\n<strong>Confirmados: 47,531<\/strong><br \/>\n<strong>Descartados: 41,862<\/strong><br \/>\n<strong>Cuadro leve: 7,360<\/strong><br \/>\n<strong>Pacientes activos: 2,711<\/strong><br \/>\n<strong>Pacientes en seguimiento terminado: 4,649<\/strong><br \/>\n<strong>Curados: 35,995<\/strong><br \/>\n<strong>Hospitalizados: 475<\/strong><br \/>\n<strong>Estables: 184<\/strong><br \/>\n<strong>Graves: 202<\/strong><br \/>\n<strong>Pacientes graves con ventilaci\u00f3n mec\u00e1nic<\/strong>a invasiva: 89<\/p>\n<p>&nbsp;<\/p>\n<p>(Publicada el 19\/12\/2020)<\/p>\n","protected":false},"excerpt":{"rendered":"<p>HERMOSILLO, SONORA. MX. \u2014 La Secretar\u00eda de Salud confirm\u00f3 este d\u00eda 23 decesos m\u00e1s y&#8230;<\/p>\n","protected":false},"author":1,"featured_media":103126,"comment_status":"open","ping_status":"open","sticky":false,"template":"","format":"standard","meta":{"_monsterinsights_skip_tracking":false,"_monsterinsights_sitenote_active":false,"_monsterinsights_sitenote_note":"","_monsterinsights_sitenote_category":0,"footnotes":""},"categories":[22],"tags":[],"class_list":["post"],"yoast_head":" \n<title>Sonora en Equipo. Registra Sonora 23 defunciones m\u00e1s y 253 nuevos casos de COVID-19 Sonora<\/title>\n<meta name=\"description\" content=\"HERMOSILLO, SONORA. MX. \u2014 La Secretar\u00eda de Salud confirm\u00f3 este d\u00eda 23 decesos m\u00e1s y 253 nuevos casos por COVID-19, en 157 mujeres y 96 hombres. En Sonora en Equipo publicamos toda la informaci\u00f3n de Sonora, M\u00e9xico y el Mundo de manera oportuna y busca que la libertad de expresi\u00f3n sea real. Visita nuestro medio informativo publicado desde Hermosillo, Sonora. %\" \/>\n<meta name=\"robots\" content=\"index, follow, max-snippet:-1, max-image-preview:large, max-video-preview:-1\" \/>\n<link rel=\"canonical\" href=\"https:\/\/www.sonoraenequipo.com.mx\/registra-sonora-23-defunciones-mas-y-253-nuevos-casos-de-covid-19\/\" \/>\n<meta property=\"og:locale\" content=\"es_ES\" \/>\n<meta property=\"og:type\" content=\"article\" \/>\n<meta property=\"og:title\" content=\"Sonora en Equipo. Registra Sonora 23 defunciones m\u00e1s y 253 nuevos casos de COVID-19 Sonora\" \/>\n<meta property=\"og:description\" content=\"HERMOSILLO, SONORA. MX. \u2014 La Secretar\u00eda de Salud confirm\u00f3 este d\u00eda 23 decesos m\u00e1s y 253 nuevos casos por COVID-19, en 157 mujeres y 96 hombres. En Sonora en Equipo publicamos toda la informaci\u00f3n de Sonora, M\u00e9xico y el Mundo de manera oportuna y busca que la libertad de expresi\u00f3n sea real. Visita nuestro medio informativo publicado desde Hermosillo, Sonora. %\" \/>\n<meta property=\"og:url\" content=\"https:\/\/www.sonoraenequipo.com.mx\/registra-sonora-23-defunciones-mas-y-253-nuevos-casos-de-covid-19\/\" \/>\n<meta property=\"og:site_name\" content=\"Sonora en Equipo.\" \/>\n<meta property=\"article:publisher\" content=\"https:\/\/www.facebook.com\/SonoraEE\/\" \/>\n<meta property=\"article:author\" content=\"https:\/\/www.facebook.com\/SonoraEE\" \/>\n<meta property=\"article:published_time\" content=\"2020-12-19T14:08:01+00:00\" \/>\n<meta property=\"article:modified_time\" content=\"2020-12-20T01:35:12+00:00\" \/>\n<meta property=\"og:image\" content=\"https:\/\/www.sonoraenequipo.com.mx\/storage\/2020\/12\/entidades-con-mayor-numero-de-casos_opt1.jpg\" \/>\n\t<meta property=\"og:image:width\" content=\"1067\" \/>\n\t<meta property=\"og:image:height\" content=\"600\" \/>\n\t<meta property=\"og:image:type\" content=\"image\/jpeg\" \/>\n<meta name=\"author\" content=\"enequipo\" \/>\n<meta name=\"twitter:card\" content=\"summary_large_image\" \/>\n<meta name=\"twitter:creator\" content=\"@sonoraenequipo\" \/>\n<meta name=\"twitter:site\" content=\"@sonoraenequipo\" \/>\n<meta name=\"twitter:label1\" content=\"Escrito por\" \/>\n\t<meta name=\"twitter:data1\" content=\"enequipo\" \/>\n\t<meta name=\"twitter:label2\" content=\"Tiempo de lectura\" \/>\n\t<meta name=\"twitter:data2\" content=\"4 minutos\" \/>\n<script type=\"application\/ld+json\" class=\"yoast-schema-graph\">{\"@context\":\"https:\/\/schema.org\",\"@graph\":[{\"@type\":\"Article\",\"@id\":\"https:\/\/www.sonoraenequipo.com.mx\/registra-sonora-23-defunciones-mas-y-253-nuevos-casos-de-covid-19\/#article\",\"isPartOf\":{\"@id\":\"https:\/\/www.sonoraenequipo.com.mx\/registra-sonora-23-defunciones-mas-y-253-nuevos-casos-de-covid-19\/\"},\"author\":{\"name\":\"enequipo\",\"@id\":\"https:\/\/www.sonoraenequipo.com.mx\/#\/schema\/person\/50102df0fb23a8fa9e8effad8fa81386\"},\"headline\":\"Registra Sonora 23 defunciones m\u00e1s y 253 nuevos casos de COVID-19\",\"datePublished\":\"2020-12-19T14:08:01+00:00\",\"dateModified\":\"2020-12-20T01:35:12+00:00\",\"mainEntityOfPage\":{\"@id\":\"https:\/\/www.sonoraenequipo.com.mx\/registra-sonora-23-defunciones-mas-y-253-nuevos-casos-de-covid-19\/\"},\"wordCount\":742,\"commentCount\":0,\"publisher\":{\"@id\":\"https:\/\/www.sonoraenequipo.com.mx\/#organization\"},\"image\":{\"@id\":\"https:\/\/www.sonoraenequipo.com.mx\/registra-sonora-23-defunciones-mas-y-253-nuevos-casos-de-covid-19\/#primaryimage\"},\"thumbnailUrl\":\"https:\/\/www.sonoraenequipo.com.mx\/storage\/2020\/12\/entidades-con-mayor-numero-de-casos_opt1.jpg\",\"articleSection\":[\"Sonora\"],\"inLanguage\":\"es\",\"potentialAction\":[{\"@type\":\"CommentAction\",\"name\":\"Comment\",\"target\":[\"https:\/\/www.sonoraenequipo.com.mx\/registra-sonora-23-defunciones-mas-y-253-nuevos-casos-de-covid-19\/#respond\"]}]},{\"@type\":\"WebPage\",\"@id\":\"https:\/\/www.sonoraenequipo.com.mx\/registra-sonora-23-defunciones-mas-y-253-nuevos-casos-de-covid-19\/\",\"url\":\"https:\/\/www.sonoraenequipo.com.mx\/registra-sonora-23-defunciones-mas-y-253-nuevos-casos-de-covid-19\/\",\"name\":\"Sonora en Equipo. Registra Sonora 23 defunciones m\u00e1s y 253 nuevos casos de COVID-19 Sonora\",\"isPartOf\":{\"@id\":\"https:\/\/www.sonoraenequipo.com.mx\/#website\"},\"primaryImageOfPage\":{\"@id\":\"https:\/\/www.sonoraenequipo.com.mx\/registra-sonora-23-defunciones-mas-y-253-nuevos-casos-de-covid-19\/#primaryimage\"},\"image\":{\"@id\":\"https:\/\/www.sonoraenequipo.com.mx\/registra-sonora-23-defunciones-mas-y-253-nuevos-casos-de-covid-19\/#primaryimage\"},\"thumbnailUrl\":\"https:\/\/www.sonoraenequipo.com.mx\/storage\/2020\/12\/entidades-con-mayor-numero-de-casos_opt1.jpg\",\"datePublished\":\"2020-12-19T14:08:01+00:00\",\"dateModified\":\"2020-12-20T01:35:12+00:00\",\"description\":\"HERMOSILLO, SONORA. MX. \u2014 La Secretar\u00eda de Salud confirm\u00f3 este d\u00eda 23 decesos m\u00e1s y 253 nuevos casos por COVID-19, en 157 mujeres y 96 hombres. En Sonora en Equipo publicamos toda la informaci\u00f3n de Sonora, M\u00e9xico y el Mundo de manera oportuna y busca que la libertad de expresi\u00f3n sea real. Visita nuestro medio informativo publicado desde Hermosillo, Sonora. %\",\"breadcrumb\":{\"@id\":\"https:\/\/www.sonoraenequipo.com.mx\/registra-sonora-23-defunciones-mas-y-253-nuevos-casos-de-covid-19\/#breadcrumb\"},\"inLanguage\":\"es\",\"potentialAction\":[{\"@type\":\"ReadAction\",\"target\":[\"https:\/\/www.sonoraenequipo.com.mx\/registra-sonora-23-defunciones-mas-y-253-nuevos-casos-de-covid-19\/\"]}]},{\"@type\":\"ImageObject\",\"inLanguage\":\"es\",\"@id\":\"https:\/\/www.sonoraenequipo.com.mx\/registra-sonora-23-defunciones-mas-y-253-nuevos-casos-de-covid-19\/#primaryimage\",\"url\":\"https:\/\/www.sonoraenequipo.com.mx\/storage\/2020\/12\/entidades-con-mayor-numero-de-casos_opt1.jpg\",\"contentUrl\":\"https:\/\/www.sonoraenequipo.com.mx\/storage\/2020\/12\/entidades-con-mayor-numero-de-casos_opt1.jpg\",\"width\":1067,\"height\":600},{\"@type\":\"BreadcrumbList\",\"@id\":\"https:\/\/www.sonoraenequipo.com.mx\/registra-sonora-23-defunciones-mas-y-253-nuevos-casos-de-covid-19\/#breadcrumb\",\"itemListElement\":[{\"@type\":\"ListItem\",\"position\":1,\"name\":\"Portada\",\"item\":\"https:\/\/www.sonoraenequipo.com.mx\/\"},{\"@type\":\"ListItem\",\"position\":2,\"name\":\"Registra Sonora 23 defunciones m\u00e1s y 253 nuevos casos de COVID-19\"}]},{\"@type\":\"WebSite\",\"@id\":\"https:\/\/www.sonoraenequipo.com.mx\/#website\",\"url\":\"https:\/\/www.sonoraenequipo.com.mx\/\",\"name\":\"Sonora en Equipo.\",\"description\":\"Diario en l\u00ednea con Noticias desde Hermosillo, Sonora\",\"publisher\":{\"@id\":\"https:\/\/www.sonoraenequipo.com.mx\/#organization\"},\"potentialAction\":[{\"@type\":\"SearchAction\",\"target\":{\"@type\":\"EntryPoint\",\"urlTemplate\":\"https:\/\/www.sonoraenequipo.com.mx\/?s={search_term_string}\"},\"query-input\":{\"@type\":\"PropertyValueSpecification\",\"valueRequired\":true,\"valueName\":\"search_term_string\"}}],\"inLanguage\":\"es\"},{\"@type\":\"Organization\",\"@id\":\"https:\/\/www.sonoraenequipo.com.mx\/#organization\",\"name\":\"Sonoraenequipo.com.mx\",\"url\":\"https:\/\/www.sonoraenequipo.com.mx\/\",\"logo\":{\"@type\":\"ImageObject\",\"inLanguage\":\"es\",\"@id\":\"https:\/\/www.sonoraenequipo.com.mx\/#\/schema\/logo\/image\/\",\"url\":\"https:\/\/www.sonoraenequipo.com.mx\/storage\/2019\/01\/sonoraenequipo_opt.png\",\"contentUrl\":\"https:\/\/www.sonoraenequipo.com.mx\/storage\/2019\/01\/sonoraenequipo_opt.png\",\"width\":375,\"height\":125,\"caption\":\"Sonoraenequipo.com.mx\"},\"image\":{\"@id\":\"https:\/\/www.sonoraenequipo.com.mx\/#\/schema\/logo\/image\/\"},\"sameAs\":[\"https:\/\/www.facebook.com\/SonoraEE\/\",\"https:\/\/x.com\/sonoraenequipo\",\"https:\/\/www.youtube.com\/channel\/UC338nW-lPEYmJQs4ZABQ1SQ\"]},{\"@type\":\"Person\",\"@id\":\"https:\/\/www.sonoraenequipo.com.mx\/#\/schema\/person\/50102df0fb23a8fa9e8effad8fa81386\",\"name\":\"enequipo\",\"image\":{\"@type\":\"ImageObject\",\"inLanguage\":\"es\",\"@id\":\"https:\/\/www.sonoraenequipo.com.mx\/#\/schema\/person\/image\/\",\"url\":\"https:\/\/secure.gravatar.com\/avatar\/049821681b589dabc0bc20695993ccebb09f5b5d4d790cd9251b97faac7c652b?s=96&d=blank&r=g\",\"contentUrl\":\"https:\/\/secure.gravatar.com\/avatar\/049821681b589dabc0bc20695993ccebb09f5b5d4d790cd9251b97faac7c652b?s=96&d=blank&r=g\",\"caption\":\"enequipo\"},\"sameAs\":[\"https:\/\/www.facebook.com\/SonoraEE\"]}]}<\/script>\n ","yoast_head_json":{"title":"Sonora en Equipo. Registra Sonora 23 defunciones m\u00e1s y 253 nuevos casos de COVID-19 Sonora","description":"HERMOSILLO, SONORA. MX. \u2014 La Secretar\u00eda de Salud confirm\u00f3 este d\u00eda 23 decesos m\u00e1s y 253 nuevos casos por COVID-19, en 157 mujeres y 96 hombres. En Sonora en Equipo publicamos toda la informaci\u00f3n de Sonora, M\u00e9xico y el Mundo de manera oportuna y busca que la libertad de expresi\u00f3n sea real. Visita nuestro medio informativo publicado desde Hermosillo, Sonora. %","robots":{"index":"index","follow":"follow","max-snippet":"max-snippet:-1","max-image-preview":"max-image-preview:large","max-video-preview":"max-video-preview:-1"},"canonical":"https:\/\/www.sonoraenequipo.com.mx\/registra-sonora-23-defunciones-mas-y-253-nuevos-casos-de-covid-19\/","og_locale":"es_ES","og_type":"article","og_title":"Sonora en Equipo. Registra Sonora 23 defunciones m\u00e1s y 253 nuevos casos de COVID-19 Sonora","og_description":"HERMOSILLO, SONORA. MX. \u2014 La Secretar\u00eda de Salud confirm\u00f3 este d\u00eda 23 decesos m\u00e1s y 253 nuevos casos por COVID-19, en 157 mujeres y 96 hombres. En Sonora en Equipo publicamos toda la informaci\u00f3n de Sonora, M\u00e9xico y el Mundo de manera oportuna y busca que la libertad de expresi\u00f3n sea real. Visita nuestro medio informativo publicado desde Hermosillo, Sonora. %","og_url":"https:\/\/www.sonoraenequipo.com.mx\/registra-sonora-23-defunciones-mas-y-253-nuevos-casos-de-covid-19\/","og_site_name":"Sonora en Equipo.","article_publisher":"https:\/\/www.facebook.com\/SonoraEE\/","article_author":"https:\/\/www.facebook.com\/SonoraEE","article_published_time":"2020-12-19T14:08:01+00:00","article_modified_time":"2020-12-20T01:35:12+00:00","og_image":[{"width":1067,"height":600,"url":"https:\/\/www.sonoraenequipo.com.mx\/storage\/2020\/12\/entidades-con-mayor-numero-de-casos_opt1.jpg","type":"image\/jpeg"}],"author":"enequipo","twitter_card":"summary_large_image","twitter_creator":"@sonoraenequipo","twitter_site":"@sonoraenequipo","twitter_misc":{"Escrito por":"enequipo","Tiempo de lectura":"4 minutos"},"schema":{"@context":"https:\/\/schema.org","@graph":[{"@type":"Article","@id":"https:\/\/www.sonoraenequipo.com.mx\/registra-sonora-23-defunciones-mas-y-253-nuevos-casos-de-covid-19\/#article","isPartOf":{"@id":"https:\/\/www.sonoraenequipo.com.mx\/registra-sonora-23-defunciones-mas-y-253-nuevos-casos-de-covid-19\/"},"author":{"name":"enequipo","@id":"https:\/\/www.sonoraenequipo.com.mx\/#\/schema\/person\/50102df0fb23a8fa9e8effad8fa81386"},"headline":"Registra Sonora 23 defunciones m\u00e1s y 253 nuevos casos de COVID-19","datePublished":"2020-12-19T14:08:01+00:00","dateModified":"2020-12-20T01:35:12+00:00","mainEntityOfPage":{"@id":"https:\/\/www.sonoraenequipo.com.mx\/registra-sonora-23-defunciones-mas-y-253-nuevos-casos-de-covid-19\/"},"wordCount":742,"commentCount":0,"publisher":{"@id":"https:\/\/www.sonoraenequipo.com.mx\/#organization"},"image":{"@id":"https:\/\/www.sonoraenequipo.com.mx\/registra-sonora-23-defunciones-mas-y-253-nuevos-casos-de-covid-19\/#primaryimage"},"thumbnailUrl":"https:\/\/www.sonoraenequipo.com.mx\/storage\/2020\/12\/entidades-con-mayor-numero-de-casos_opt1.jpg","articleSection":["Sonora"],"inLanguage":"es","potentialAction":[{"@type":"CommentAction","name":"Comment","target":["https:\/\/www.sonoraenequipo.com.mx\/registra-sonora-23-defunciones-mas-y-253-nuevos-casos-de-covid-19\/#respond"]}]},{"@type":"WebPage","@id":"https:\/\/www.sonoraenequipo.com.mx\/registra-sonora-23-defunciones-mas-y-253-nuevos-casos-de-covid-19\/","url":"https:\/\/www.sonoraenequipo.com.mx\/registra-sonora-23-defunciones-mas-y-253-nuevos-casos-de-covid-19\/","name":"Sonora en Equipo. Registra Sonora 23 defunciones m\u00e1s y 253 nuevos casos de COVID-19 Sonora","isPartOf":{"@id":"https:\/\/www.sonoraenequipo.com.mx\/#website"},"primaryImageOfPage":{"@id":"https:\/\/www.sonoraenequipo.com.mx\/registra-sonora-23-defunciones-mas-y-253-nuevos-casos-de-covid-19\/#primaryimage"},"image":{"@id":"https:\/\/www.sonoraenequipo.com.mx\/registra-sonora-23-defunciones-mas-y-253-nuevos-casos-de-covid-19\/#primaryimage"},"thumbnailUrl":"https:\/\/www.sonoraenequipo.com.mx\/storage\/2020\/12\/entidades-con-mayor-numero-de-casos_opt1.jpg","datePublished":"2020-12-19T14:08:01+00:00","dateModified":"2020-12-20T01:35:12+00:00","description":"HERMOSILLO, SONORA. MX. \u2014 La Secretar\u00eda de Salud confirm\u00f3 este d\u00eda 23 decesos m\u00e1s y 253 nuevos casos por COVID-19, en 157 mujeres y 96 hombres. En Sonora en Equipo publicamos toda la informaci\u00f3n de Sonora, M\u00e9xico y el Mundo de manera oportuna y busca que la libertad de expresi\u00f3n sea real. Visita nuestro medio informativo publicado desde Hermosillo, Sonora. %","breadcrumb":{"@id":"https:\/\/www.sonoraenequipo.com.mx\/registra-sonora-23-defunciones-mas-y-253-nuevos-casos-de-covid-19\/#breadcrumb"},"inLanguage":"es","potentialAction":[{"@type":"ReadAction","target":["https:\/\/www.sonoraenequipo.com.mx\/registra-sonora-23-defunciones-mas-y-253-nuevos-casos-de-covid-19\/"]}]},{"@type":"ImageObject","inLanguage":"es","@id":"https:\/\/www.sonoraenequipo.com.mx\/registra-sonora-23-defunciones-mas-y-253-nuevos-casos-de-covid-19\/#primaryimage","url":"https:\/\/www.sonoraenequipo.com.mx\/storage\/2020\/12\/entidades-con-mayor-numero-de-casos_opt1.jpg","contentUrl":"https:\/\/www.sonoraenequipo.com.mx\/storage\/2020\/12\/entidades-con-mayor-numero-de-casos_opt1.jpg","width":1067,"height":600},{"@type":"BreadcrumbList","@id":"https:\/\/www.sonoraenequipo.com.mx\/registra-sonora-23-defunciones-mas-y-253-nuevos-casos-de-covid-19\/#breadcrumb","itemListElement":[{"@type":"ListItem","position":1,"name":"Portada","item":"https:\/\/www.sonoraenequipo.com.mx\/"},{"@type":"ListItem","position":2,"name":"Registra Sonora 23 defunciones m\u00e1s y 253 nuevos casos de COVID-19"}]},{"@type":"WebSite","@id":"https:\/\/www.sonoraenequipo.com.mx\/#website","url":"https:\/\/www.sonoraenequipo.com.mx\/","name":"Sonora en Equipo.","description":"Diario en l\u00ednea con Noticias desde Hermosillo, Sonora","publisher":{"@id":"https:\/\/www.sonoraenequipo.com.mx\/#organization"},"potentialAction":[{"@type":"SearchAction","target":{"@type":"EntryPoint","urlTemplate":"https:\/\/www.sonoraenequipo.com.mx\/?s={search_term_string}"},"query-input":{"@type":"PropertyValueSpecification","valueRequired":true,"valueName":"search_term_string"}}],"inLanguage":"es"},{"@type":"Organization","@id":"https:\/\/www.sonoraenequipo.com.mx\/#organization","name":"Sonoraenequipo.com.mx","url":"https:\/\/www.sonoraenequipo.com.mx\/","logo":{"@type":"ImageObject","inLanguage":"es","@id":"https:\/\/www.sonoraenequipo.com.mx\/#\/schema\/logo\/image\/","url":"https:\/\/www.sonoraenequipo.com.mx\/storage\/2019\/01\/sonoraenequipo_opt.png","contentUrl":"https:\/\/www.sonoraenequipo.com.mx\/storage\/2019\/01\/sonoraenequipo_opt.png","width":375,"height":125,"caption":"Sonoraenequipo.com.mx"},"image":{"@id":"https:\/\/www.sonoraenequipo.com.mx\/#\/schema\/logo\/image\/"},"sameAs":["https:\/\/www.facebook.com\/SonoraEE\/","https:\/\/x.com\/sonoraenequipo","https:\/\/www.youtube.com\/channel\/UC338nW-lPEYmJQs4ZABQ1SQ"]},{"@type":"Person","@id":"https:\/\/www.sonoraenequipo.com.mx\/#\/schema\/person\/50102df0fb23a8fa9e8effad8fa81386","name":"enequipo","image":{"@type":"ImageObject","inLanguage":"es","@id":"https:\/\/www.sonoraenequipo.com.mx\/#\/schema\/person\/image\/","url":"https:\/\/secure.gravatar.com\/avatar\/049821681b589dabc0bc20695993ccebb09f5b5d4d790cd9251b97faac7c652b?s=96&d=blank&r=g","contentUrl":"https:\/\/secure.gravatar.com\/avatar\/049821681b589dabc0bc20695993ccebb09f5b5d4d790cd9251b97faac7c652b?s=96&d=blank&r=g","caption":"enequipo"},"sameAs":["https:\/\/www.facebook.com\/SonoraEE"]}]}},"jetpack_featured_media_url":"https:\/\/www.sonoraenequipo.com.mx\/storage\/2020\/12\/entidades-con-mayor-numero-de-casos_opt1.jpg","_links":{"self":[{"href":"https:\/\/www.sonoraenequipo.com.mx\/api\/wp\/v2\/posts\/103121","targetHints":{"allow":["GET"]}}],"collection":[{"href":"https:\/\/www.sonoraenequipo.com.mx\/api\/wp\/v2\/posts"}],"about":[{"href":"https:\/\/www.sonoraenequipo.com.mx\/api\/wp\/v2\/types\/post"}],"author":[{"embeddable":true,"href":"https:\/\/www.sonoraenequipo.com.mx\/api\/wp\/v2\/users\/1"}],"replies":[{"embeddable":true,"href":"https:\/\/www.sonoraenequipo.com.mx\/api\/wp\/v2\/comments?post=103121"}],"version-history":[{"count":3,"href":"https:\/\/www.sonoraenequipo.com.mx\/api\/wp\/v2\/posts\/103121\/revisions"}],"predecessor-version":[{"id":103130,"href":"https:\/\/www.sonoraenequipo.com.mx\/api\/wp\/v2\/posts\/103121\/revisions\/103130"}],"wp:featuredmedia":[{"embeddable":true,"href":"https:\/\/www.sonoraenequipo.com.mx\/api\/wp\/v2\/media\/103126"}],"wp:attachment":[{"href":"https:\/\/www.sonoraenequipo.com.mx\/api\/wp\/v2\/media?parent=103121"}],"wp:term":[{"taxonomy":"category","embeddable":true,"href":"https:\/\/www.sonoraenequipo.com.mx\/api\/wp\/v2\/categories?post=103121"},{"taxonomy":"post_tag","embeddable":true,"href":"https:\/\/www.sonoraenequipo.com.mx\/api\/wp\/v2\/tags?post=103121"}],"curies":[{"name":"wp","href":"https:\/\/api.w.org\/{rel}","templated":true}]}}