{"id":103761,"date":"2020-12-29T18:30:35","date_gmt":"2020-12-30T01:30:35","guid":{"rendered":"https:\/\/www.sonoraenequipo.com.mx\/?p=103761"},"modified":"2020-12-29T23:03:27","modified_gmt":"2020-12-30T06:03:27","slug":"nueva-cepa-de-covid-19-podria-ya-estar-en-mexico-lopez-gatell","status":"publish","type":"post","link":"https:\/\/www.sonoraenequipo.com.mx\/nueva-cepa-de-covid-19-podria-ya-estar-en-mexico-lopez-gatell\/","title":{"rendered":"Nueva cepa de COVID-19 podr\u00eda ya estar en M\u00e9xico: L\u00f3pez-Gatell"},"content":{"rendered":"<p>CIUDAD DE M\u00c9XICO. MX. \u2014 El subsecretario de Salud y estratega del Gobierno de M\u00e9xico contra COVID-19, Hugo L\u00f3pez-Gatell, declar\u00f3 que la nueva variante del coronavirus, detectada en Reino Unido, podr\u00eda ya estar en M\u00e9xico, aunque hasta ahora no se ha identificado.<\/p>\n<p>&nbsp;<\/p>\n<p> <\/p>\n<p>&nbsp;<\/p>\n<p>\u201cLa variante ya se hab\u00eda identificado desde septiembre, aunque se notific\u00f3 en la primera semana de diciembre, lo m\u00e1s probable es que la cepa est\u00e9 ya en m\u00faltiples pa\u00edses, podr\u00eda estar en M\u00e9xico\u201d, dijo el funcionario en conferencia de prensa<\/p>\n<p>&nbsp;<\/p>\n<p>\u201cHasta el momento no la hemos identificado, pero podr\u00eda estar en M\u00e9xico de tiempo atr\u00e1s, no que acabe de llegar\u201d, a\u00f1adi\u00f3.<\/p>\n<p>&nbsp;<\/p>\n<p>L\u00f3pez-Gatell explic\u00f3 que la nueva variante se caracteriza por m\u00faltiples mutaciones y \u201cno representa una amenaza adicional a la salud p\u00fablica\u201d m\u00e1s all\u00e1 del hecho de que estamos en un pandemia.<\/p>\n<p>&nbsp;<\/p>\n<p>Adem\u00e1s, dijo que M\u00e9xico no llevar\u00e1 a cabo operativos sanitarios para hallar el virus en lugares como aeropuertos o puertos de llegada.<\/p>\n<p>&nbsp;<\/p>\n<p>\u201cNo es un objetivo t\u00e9cnico de utilidad detectar o estar esperando el virus en un puerto de llegada\u201d, apunt\u00f3.<\/p>\n<p>&nbsp;<\/p>\n<p>Dijo que <em>\u201cla probabilidad de que el virus se introduzca y sea detectable con una estrategia de verificaci\u00f3n de viajeros que se les hagan pruebas y se detenga y se pueda hacer la secuenciaci\u00f3n gen\u00e9tica para decir: \u2018ya no entre al pa\u00eds\u2019 no es factible, no es un mecanismo \u00fatil para inhibir la variante gen\u00e9tica\u201d.<\/em><\/p>\n<p>&nbsp;<\/p>\n<p>Este mes, el Gobierno brit\u00e1nico anunci\u00f3 que hab\u00eda detectado una nueva cepa de la COVID-19 que parece ser un 70% m\u00e1s contagiosa que otras variables y podr\u00eda estar ligada al aumento de infecciones que se registr\u00f3 en Londres y el sureste de Inglaterra desde mediados de noviembre.<\/p>\n<p>&nbsp;<\/p>\n<p>Esa nueva variante ha sido detectada en varios pa\u00edses del mundo.<\/p>\n<p>&nbsp;<\/p>\n<p>Este martes, M\u00e9xico report\u00f3 12 mil 099 nuevos casos confirmados por la COVID-19, con los que se elev\u00f3 la cifra a un total de un mill\u00f3n 401 mil 529 contagios, informaron las autoridades de salud.<\/p>\n<p>&nbsp;<\/p>\n<p>Adem\u00e1s, en las \u00faltimas 24 horas se registraron 990 decesos debido a la pandemia, con lo que el n\u00famero de v\u00edctimas fatales subi\u00f3 a 123 mil 845.<\/p>\n<p>&nbsp;<\/p>\n<p>Con estas cifras, M\u00e9xico se mantiene como el cuarto pa\u00eds del mundo con m\u00e1s muertes por la pandemia, seguido de Estados Unidos, Brasil y la India, seg\u00fan el recuento de la Universidad Johns Hopkins.<\/p>\n<p>&nbsp;<\/p>\n<p>Adem\u00e1s, de acuerdo con esta misma instituci\u00f3n, M\u00e9xico es el decimotercer pa\u00eds del mundo en cuanto a n\u00famero de contagios.<\/p>\n<p>&nbsp;<\/p>\n<p>&nbsp;<\/p>\n<p>(Publicada el 29\/12\/2020 \/ Con informaci\u00f3n de EFE.)<\/p>\n","protected":false},"excerpt":{"rendered":"<p>CIUDAD DE M\u00c9XICO. MX. \u2014 El subsecretario de Salud y estratega del Gobierno de M\u00e9xico&#8230;<\/p>\n","protected":false},"author":1,"featured_media":103762,"comment_status":"open","ping_status":"open","sticky":false,"template":"","format":"standard","meta":{"_monsterinsights_skip_tracking":false,"_monsterinsights_sitenote_active":false,"_monsterinsights_sitenote_note":"","_monsterinsights_sitenote_category":0,"footnotes":""},"categories":[5],"tags":[],"class_list":["post"],"yoast_head":" \n<title>Sonora en Equipo. Nueva cepa de COVID-19 podr\u00eda ya estar en M\u00e9xico: L\u00f3pez-Gatell Rep\u00fablica<\/title>\n<meta name=\"description\" content=\"CIUDAD DE M\u00c9XICO. MX. \u2014 El subsecretario de Salud y estratega del Gobierno de M\u00e9xico contra COVID-19, Hugo L\u00f3pez-Gatell, declar\u00f3 que la nueva variante del En Sonora en Equipo publicamos toda la informaci\u00f3n de Sonora, M\u00e9xico y el Mundo de manera oportuna y busca que la libertad de expresi\u00f3n sea real. Visita nuestro medio informativo publicado desde Hermosillo, Sonora. %\" \/>\n<meta name=\"robots\" content=\"index, follow, max-snippet:-1, max-image-preview:large, max-video-preview:-1\" \/>\n<link rel=\"canonical\" href=\"https:\/\/www.sonoraenequipo.com.mx\/nueva-cepa-de-covid-19-podria-ya-estar-en-mexico-lopez-gatell\/\" \/>\n<meta property=\"og:locale\" content=\"es_ES\" \/>\n<meta property=\"og:type\" content=\"article\" \/>\n<meta property=\"og:title\" content=\"Sonora en Equipo. Nueva cepa de COVID-19 podr\u00eda ya estar en M\u00e9xico: L\u00f3pez-Gatell Rep\u00fablica\" \/>\n<meta property=\"og:description\" content=\"CIUDAD DE M\u00c9XICO. MX. \u2014 El subsecretario de Salud y estratega del Gobierno de M\u00e9xico contra COVID-19, Hugo L\u00f3pez-Gatell, declar\u00f3 que la nueva variante del En Sonora en Equipo publicamos toda la informaci\u00f3n de Sonora, M\u00e9xico y el Mundo de manera oportuna y busca que la libertad de expresi\u00f3n sea real. Visita nuestro medio informativo publicado desde Hermosillo, Sonora. %\" \/>\n<meta property=\"og:url\" content=\"https:\/\/www.sonoraenequipo.com.mx\/nueva-cepa-de-covid-19-podria-ya-estar-en-mexico-lopez-gatell\/\" \/>\n<meta property=\"og:site_name\" content=\"Sonora en Equipo.\" \/>\n<meta property=\"article:publisher\" content=\"https:\/\/www.facebook.com\/SonoraEE\/\" \/>\n<meta property=\"article:author\" content=\"https:\/\/www.facebook.com\/SonoraEE\" \/>\n<meta property=\"article:published_time\" content=\"2020-12-30T01:30:35+00:00\" \/>\n<meta property=\"article:modified_time\" content=\"2020-12-30T06:03:27+00:00\" \/>\n<meta property=\"og:image\" content=\"https:\/\/www.sonoraenequipo.com.mx\/storage\/2020\/12\/nueva-cepa-lopez-gatell_opt.jpg\" \/>\n\t<meta property=\"og:image:width\" content=\"709\" \/>\n\t<meta property=\"og:image:height\" content=\"400\" \/>\n\t<meta property=\"og:image:type\" content=\"image\/jpeg\" \/>\n<meta name=\"author\" content=\"enequipo\" \/>\n<meta name=\"twitter:card\" content=\"summary_large_image\" \/>\n<meta name=\"twitter:creator\" content=\"@sonoraenequipo\" \/>\n<meta name=\"twitter:site\" content=\"@sonoraenequipo\" \/>\n<meta name=\"twitter:label1\" content=\"Escrito por\" \/>\n\t<meta name=\"twitter:data1\" content=\"enequipo\" \/>\n\t<meta name=\"twitter:label2\" content=\"Tiempo de lectura\" \/>\n\t<meta name=\"twitter:data2\" content=\"2 minutos\" \/>\n<script type=\"application\/ld+json\" class=\"yoast-schema-graph\">{\"@context\":\"https:\/\/schema.org\",\"@graph\":[{\"@type\":\"Article\",\"@id\":\"https:\/\/www.sonoraenequipo.com.mx\/nueva-cepa-de-covid-19-podria-ya-estar-en-mexico-lopez-gatell\/#article\",\"isPartOf\":{\"@id\":\"https:\/\/www.sonoraenequipo.com.mx\/nueva-cepa-de-covid-19-podria-ya-estar-en-mexico-lopez-gatell\/\"},\"author\":{\"name\":\"enequipo\",\"@id\":\"https:\/\/www.sonoraenequipo.com.mx\/#\/schema\/person\/50102df0fb23a8fa9e8effad8fa81386\"},\"headline\":\"Nueva cepa de COVID-19 podr\u00eda ya estar en M\u00e9xico: L\u00f3pez-Gatell\",\"datePublished\":\"2020-12-30T01:30:35+00:00\",\"dateModified\":\"2020-12-30T06:03:27+00:00\",\"mainEntityOfPage\":{\"@id\":\"https:\/\/www.sonoraenequipo.com.mx\/nueva-cepa-de-covid-19-podria-ya-estar-en-mexico-lopez-gatell\/\"},\"wordCount\":475,\"commentCount\":0,\"publisher\":{\"@id\":\"https:\/\/www.sonoraenequipo.com.mx\/#organization\"},\"image\":{\"@id\":\"https:\/\/www.sonoraenequipo.com.mx\/nueva-cepa-de-covid-19-podria-ya-estar-en-mexico-lopez-gatell\/#primaryimage\"},\"thumbnailUrl\":\"https:\/\/www.sonoraenequipo.com.mx\/storage\/2020\/12\/nueva-cepa-lopez-gatell_opt.jpg\",\"articleSection\":[\"Rep\u00fablica\"],\"inLanguage\":\"es\",\"potentialAction\":[{\"@type\":\"CommentAction\",\"name\":\"Comment\",\"target\":[\"https:\/\/www.sonoraenequipo.com.mx\/nueva-cepa-de-covid-19-podria-ya-estar-en-mexico-lopez-gatell\/#respond\"]}]},{\"@type\":\"WebPage\",\"@id\":\"https:\/\/www.sonoraenequipo.com.mx\/nueva-cepa-de-covid-19-podria-ya-estar-en-mexico-lopez-gatell\/\",\"url\":\"https:\/\/www.sonoraenequipo.com.mx\/nueva-cepa-de-covid-19-podria-ya-estar-en-mexico-lopez-gatell\/\",\"name\":\"Sonora en Equipo. Nueva cepa de COVID-19 podr\u00eda ya estar en M\u00e9xico: L\u00f3pez-Gatell Rep\u00fablica\",\"isPartOf\":{\"@id\":\"https:\/\/www.sonoraenequipo.com.mx\/#website\"},\"primaryImageOfPage\":{\"@id\":\"https:\/\/www.sonoraenequipo.com.mx\/nueva-cepa-de-covid-19-podria-ya-estar-en-mexico-lopez-gatell\/#primaryimage\"},\"image\":{\"@id\":\"https:\/\/www.sonoraenequipo.com.mx\/nueva-cepa-de-covid-19-podria-ya-estar-en-mexico-lopez-gatell\/#primaryimage\"},\"thumbnailUrl\":\"https:\/\/www.sonoraenequipo.com.mx\/storage\/2020\/12\/nueva-cepa-lopez-gatell_opt.jpg\",\"datePublished\":\"2020-12-30T01:30:35+00:00\",\"dateModified\":\"2020-12-30T06:03:27+00:00\",\"description\":\"CIUDAD DE M\u00c9XICO. MX. \u2014 El subsecretario de Salud y estratega del Gobierno de M\u00e9xico contra COVID-19, Hugo L\u00f3pez-Gatell, declar\u00f3 que la nueva variante del En Sonora en Equipo publicamos toda la informaci\u00f3n de Sonora, M\u00e9xico y el Mundo de manera oportuna y busca que la libertad de expresi\u00f3n sea real. Visita nuestro medio informativo publicado desde Hermosillo, Sonora. %\",\"breadcrumb\":{\"@id\":\"https:\/\/www.sonoraenequipo.com.mx\/nueva-cepa-de-covid-19-podria-ya-estar-en-mexico-lopez-gatell\/#breadcrumb\"},\"inLanguage\":\"es\",\"potentialAction\":[{\"@type\":\"ReadAction\",\"target\":[\"https:\/\/www.sonoraenequipo.com.mx\/nueva-cepa-de-covid-19-podria-ya-estar-en-mexico-lopez-gatell\/\"]}]},{\"@type\":\"ImageObject\",\"inLanguage\":\"es\",\"@id\":\"https:\/\/www.sonoraenequipo.com.mx\/nueva-cepa-de-covid-19-podria-ya-estar-en-mexico-lopez-gatell\/#primaryimage\",\"url\":\"https:\/\/www.sonoraenequipo.com.mx\/storage\/2020\/12\/nueva-cepa-lopez-gatell_opt.jpg\",\"contentUrl\":\"https:\/\/www.sonoraenequipo.com.mx\/storage\/2020\/12\/nueva-cepa-lopez-gatell_opt.jpg\",\"width\":709,\"height\":400},{\"@type\":\"BreadcrumbList\",\"@id\":\"https:\/\/www.sonoraenequipo.com.mx\/nueva-cepa-de-covid-19-podria-ya-estar-en-mexico-lopez-gatell\/#breadcrumb\",\"itemListElement\":[{\"@type\":\"ListItem\",\"position\":1,\"name\":\"Portada\",\"item\":\"https:\/\/www.sonoraenequipo.com.mx\/\"},{\"@type\":\"ListItem\",\"position\":2,\"name\":\"Nueva cepa de COVID-19 podr\u00eda ya estar en M\u00e9xico: L\u00f3pez-Gatell\"}]},{\"@type\":\"WebSite\",\"@id\":\"https:\/\/www.sonoraenequipo.com.mx\/#website\",\"url\":\"https:\/\/www.sonoraenequipo.com.mx\/\",\"name\":\"Sonora en Equipo.\",\"description\":\"Diario en l\u00ednea con Noticias desde Hermosillo, Sonora\",\"publisher\":{\"@id\":\"https:\/\/www.sonoraenequipo.com.mx\/#organization\"},\"potentialAction\":[{\"@type\":\"SearchAction\",\"target\":{\"@type\":\"EntryPoint\",\"urlTemplate\":\"https:\/\/www.sonoraenequipo.com.mx\/?s={search_term_string}\"},\"query-input\":{\"@type\":\"PropertyValueSpecification\",\"valueRequired\":true,\"valueName\":\"search_term_string\"}}],\"inLanguage\":\"es\"},{\"@type\":\"Organization\",\"@id\":\"https:\/\/www.sonoraenequipo.com.mx\/#organization\",\"name\":\"Sonoraenequipo.com.mx\",\"url\":\"https:\/\/www.sonoraenequipo.com.mx\/\",\"logo\":{\"@type\":\"ImageObject\",\"inLanguage\":\"es\",\"@id\":\"https:\/\/www.sonoraenequipo.com.mx\/#\/schema\/logo\/image\/\",\"url\":\"https:\/\/www.sonoraenequipo.com.mx\/storage\/2019\/01\/sonoraenequipo_opt.png\",\"contentUrl\":\"https:\/\/www.sonoraenequipo.com.mx\/storage\/2019\/01\/sonoraenequipo_opt.png\",\"width\":375,\"height\":125,\"caption\":\"Sonoraenequipo.com.mx\"},\"image\":{\"@id\":\"https:\/\/www.sonoraenequipo.com.mx\/#\/schema\/logo\/image\/\"},\"sameAs\":[\"https:\/\/www.facebook.com\/SonoraEE\/\",\"https:\/\/x.com\/sonoraenequipo\",\"https:\/\/www.youtube.com\/channel\/UC338nW-lPEYmJQs4ZABQ1SQ\"]},{\"@type\":\"Person\",\"@id\":\"https:\/\/www.sonoraenequipo.com.mx\/#\/schema\/person\/50102df0fb23a8fa9e8effad8fa81386\",\"name\":\"enequipo\",\"image\":{\"@type\":\"ImageObject\",\"inLanguage\":\"es\",\"@id\":\"https:\/\/www.sonoraenequipo.com.mx\/#\/schema\/person\/image\/\",\"url\":\"https:\/\/secure.gravatar.com\/avatar\/049821681b589dabc0bc20695993ccebb09f5b5d4d790cd9251b97faac7c652b?s=96&d=blank&r=g\",\"contentUrl\":\"https:\/\/secure.gravatar.com\/avatar\/049821681b589dabc0bc20695993ccebb09f5b5d4d790cd9251b97faac7c652b?s=96&d=blank&r=g\",\"caption\":\"enequipo\"},\"sameAs\":[\"https:\/\/www.facebook.com\/SonoraEE\"]}]}<\/script>\n ","yoast_head_json":{"title":"Sonora en Equipo. Nueva cepa de COVID-19 podr\u00eda ya estar en M\u00e9xico: L\u00f3pez-Gatell Rep\u00fablica","description":"CIUDAD DE M\u00c9XICO. MX. \u2014 El subsecretario de Salud y estratega del Gobierno de M\u00e9xico contra COVID-19, Hugo L\u00f3pez-Gatell, declar\u00f3 que la nueva variante del En Sonora en Equipo publicamos toda la informaci\u00f3n de Sonora, M\u00e9xico y el Mundo de manera oportuna y busca que la libertad de expresi\u00f3n sea real. Visita nuestro medio informativo publicado desde Hermosillo, Sonora. %","robots":{"index":"index","follow":"follow","max-snippet":"max-snippet:-1","max-image-preview":"max-image-preview:large","max-video-preview":"max-video-preview:-1"},"canonical":"https:\/\/www.sonoraenequipo.com.mx\/nueva-cepa-de-covid-19-podria-ya-estar-en-mexico-lopez-gatell\/","og_locale":"es_ES","og_type":"article","og_title":"Sonora en Equipo. Nueva cepa de COVID-19 podr\u00eda ya estar en M\u00e9xico: L\u00f3pez-Gatell Rep\u00fablica","og_description":"CIUDAD DE M\u00c9XICO. MX. \u2014 El subsecretario de Salud y estratega del Gobierno de M\u00e9xico contra COVID-19, Hugo L\u00f3pez-Gatell, declar\u00f3 que la nueva variante del En Sonora en Equipo publicamos toda la informaci\u00f3n de Sonora, M\u00e9xico y el Mundo de manera oportuna y busca que la libertad de expresi\u00f3n sea real. Visita nuestro medio informativo publicado desde Hermosillo, Sonora. %","og_url":"https:\/\/www.sonoraenequipo.com.mx\/nueva-cepa-de-covid-19-podria-ya-estar-en-mexico-lopez-gatell\/","og_site_name":"Sonora en Equipo.","article_publisher":"https:\/\/www.facebook.com\/SonoraEE\/","article_author":"https:\/\/www.facebook.com\/SonoraEE","article_published_time":"2020-12-30T01:30:35+00:00","article_modified_time":"2020-12-30T06:03:27+00:00","og_image":[{"width":709,"height":400,"url":"https:\/\/www.sonoraenequipo.com.mx\/storage\/2020\/12\/nueva-cepa-lopez-gatell_opt.jpg","type":"image\/jpeg"}],"author":"enequipo","twitter_card":"summary_large_image","twitter_creator":"@sonoraenequipo","twitter_site":"@sonoraenequipo","twitter_misc":{"Escrito por":"enequipo","Tiempo de lectura":"2 minutos"},"schema":{"@context":"https:\/\/schema.org","@graph":[{"@type":"Article","@id":"https:\/\/www.sonoraenequipo.com.mx\/nueva-cepa-de-covid-19-podria-ya-estar-en-mexico-lopez-gatell\/#article","isPartOf":{"@id":"https:\/\/www.sonoraenequipo.com.mx\/nueva-cepa-de-covid-19-podria-ya-estar-en-mexico-lopez-gatell\/"},"author":{"name":"enequipo","@id":"https:\/\/www.sonoraenequipo.com.mx\/#\/schema\/person\/50102df0fb23a8fa9e8effad8fa81386"},"headline":"Nueva cepa de COVID-19 podr\u00eda ya estar en M\u00e9xico: L\u00f3pez-Gatell","datePublished":"2020-12-30T01:30:35+00:00","dateModified":"2020-12-30T06:03:27+00:00","mainEntityOfPage":{"@id":"https:\/\/www.sonoraenequipo.com.mx\/nueva-cepa-de-covid-19-podria-ya-estar-en-mexico-lopez-gatell\/"},"wordCount":475,"commentCount":0,"publisher":{"@id":"https:\/\/www.sonoraenequipo.com.mx\/#organization"},"image":{"@id":"https:\/\/www.sonoraenequipo.com.mx\/nueva-cepa-de-covid-19-podria-ya-estar-en-mexico-lopez-gatell\/#primaryimage"},"thumbnailUrl":"https:\/\/www.sonoraenequipo.com.mx\/storage\/2020\/12\/nueva-cepa-lopez-gatell_opt.jpg","articleSection":["Rep\u00fablica"],"inLanguage":"es","potentialAction":[{"@type":"CommentAction","name":"Comment","target":["https:\/\/www.sonoraenequipo.com.mx\/nueva-cepa-de-covid-19-podria-ya-estar-en-mexico-lopez-gatell\/#respond"]}]},{"@type":"WebPage","@id":"https:\/\/www.sonoraenequipo.com.mx\/nueva-cepa-de-covid-19-podria-ya-estar-en-mexico-lopez-gatell\/","url":"https:\/\/www.sonoraenequipo.com.mx\/nueva-cepa-de-covid-19-podria-ya-estar-en-mexico-lopez-gatell\/","name":"Sonora en Equipo. Nueva cepa de COVID-19 podr\u00eda ya estar en M\u00e9xico: L\u00f3pez-Gatell Rep\u00fablica","isPartOf":{"@id":"https:\/\/www.sonoraenequipo.com.mx\/#website"},"primaryImageOfPage":{"@id":"https:\/\/www.sonoraenequipo.com.mx\/nueva-cepa-de-covid-19-podria-ya-estar-en-mexico-lopez-gatell\/#primaryimage"},"image":{"@id":"https:\/\/www.sonoraenequipo.com.mx\/nueva-cepa-de-covid-19-podria-ya-estar-en-mexico-lopez-gatell\/#primaryimage"},"thumbnailUrl":"https:\/\/www.sonoraenequipo.com.mx\/storage\/2020\/12\/nueva-cepa-lopez-gatell_opt.jpg","datePublished":"2020-12-30T01:30:35+00:00","dateModified":"2020-12-30T06:03:27+00:00","description":"CIUDAD DE M\u00c9XICO. MX. \u2014 El subsecretario de Salud y estratega del Gobierno de M\u00e9xico contra COVID-19, Hugo L\u00f3pez-Gatell, declar\u00f3 que la nueva variante del En Sonora en Equipo publicamos toda la informaci\u00f3n de Sonora, M\u00e9xico y el Mundo de manera oportuna y busca que la libertad de expresi\u00f3n sea real. Visita nuestro medio informativo publicado desde Hermosillo, Sonora. %","breadcrumb":{"@id":"https:\/\/www.sonoraenequipo.com.mx\/nueva-cepa-de-covid-19-podria-ya-estar-en-mexico-lopez-gatell\/#breadcrumb"},"inLanguage":"es","potentialAction":[{"@type":"ReadAction","target":["https:\/\/www.sonoraenequipo.com.mx\/nueva-cepa-de-covid-19-podria-ya-estar-en-mexico-lopez-gatell\/"]}]},{"@type":"ImageObject","inLanguage":"es","@id":"https:\/\/www.sonoraenequipo.com.mx\/nueva-cepa-de-covid-19-podria-ya-estar-en-mexico-lopez-gatell\/#primaryimage","url":"https:\/\/www.sonoraenequipo.com.mx\/storage\/2020\/12\/nueva-cepa-lopez-gatell_opt.jpg","contentUrl":"https:\/\/www.sonoraenequipo.com.mx\/storage\/2020\/12\/nueva-cepa-lopez-gatell_opt.jpg","width":709,"height":400},{"@type":"BreadcrumbList","@id":"https:\/\/www.sonoraenequipo.com.mx\/nueva-cepa-de-covid-19-podria-ya-estar-en-mexico-lopez-gatell\/#breadcrumb","itemListElement":[{"@type":"ListItem","position":1,"name":"Portada","item":"https:\/\/www.sonoraenequipo.com.mx\/"},{"@type":"ListItem","position":2,"name":"Nueva cepa de COVID-19 podr\u00eda ya estar en M\u00e9xico: L\u00f3pez-Gatell"}]},{"@type":"WebSite","@id":"https:\/\/www.sonoraenequipo.com.mx\/#website","url":"https:\/\/www.sonoraenequipo.com.mx\/","name":"Sonora en Equipo.","description":"Diario en l\u00ednea con Noticias desde Hermosillo, Sonora","publisher":{"@id":"https:\/\/www.sonoraenequipo.com.mx\/#organization"},"potentialAction":[{"@type":"SearchAction","target":{"@type":"EntryPoint","urlTemplate":"https:\/\/www.sonoraenequipo.com.mx\/?s={search_term_string}"},"query-input":{"@type":"PropertyValueSpecification","valueRequired":true,"valueName":"search_term_string"}}],"inLanguage":"es"},{"@type":"Organization","@id":"https:\/\/www.sonoraenequipo.com.mx\/#organization","name":"Sonoraenequipo.com.mx","url":"https:\/\/www.sonoraenequipo.com.mx\/","logo":{"@type":"ImageObject","inLanguage":"es","@id":"https:\/\/www.sonoraenequipo.com.mx\/#\/schema\/logo\/image\/","url":"https:\/\/www.sonoraenequipo.com.mx\/storage\/2019\/01\/sonoraenequipo_opt.png","contentUrl":"https:\/\/www.sonoraenequipo.com.mx\/storage\/2019\/01\/sonoraenequipo_opt.png","width":375,"height":125,"caption":"Sonoraenequipo.com.mx"},"image":{"@id":"https:\/\/www.sonoraenequipo.com.mx\/#\/schema\/logo\/image\/"},"sameAs":["https:\/\/www.facebook.com\/SonoraEE\/","https:\/\/x.com\/sonoraenequipo","https:\/\/www.youtube.com\/channel\/UC338nW-lPEYmJQs4ZABQ1SQ"]},{"@type":"Person","@id":"https:\/\/www.sonoraenequipo.com.mx\/#\/schema\/person\/50102df0fb23a8fa9e8effad8fa81386","name":"enequipo","image":{"@type":"ImageObject","inLanguage":"es","@id":"https:\/\/www.sonoraenequipo.com.mx\/#\/schema\/person\/image\/","url":"https:\/\/secure.gravatar.com\/avatar\/049821681b589dabc0bc20695993ccebb09f5b5d4d790cd9251b97faac7c652b?s=96&d=blank&r=g","contentUrl":"https:\/\/secure.gravatar.com\/avatar\/049821681b589dabc0bc20695993ccebb09f5b5d4d790cd9251b97faac7c652b?s=96&d=blank&r=g","caption":"enequipo"},"sameAs":["https:\/\/www.facebook.com\/SonoraEE"]}]}},"jetpack_featured_media_url":"https:\/\/www.sonoraenequipo.com.mx\/storage\/2020\/12\/nueva-cepa-lopez-gatell_opt.jpg","_links":{"self":[{"href":"https:\/\/www.sonoraenequipo.com.mx\/api\/wp\/v2\/posts\/103761","targetHints":{"allow":["GET"]}}],"collection":[{"href":"https:\/\/www.sonoraenequipo.com.mx\/api\/wp\/v2\/posts"}],"about":[{"href":"https:\/\/www.sonoraenequipo.com.mx\/api\/wp\/v2\/types\/post"}],"author":[{"embeddable":true,"href":"https:\/\/www.sonoraenequipo.com.mx\/api\/wp\/v2\/users\/1"}],"replies":[{"embeddable":true,"href":"https:\/\/www.sonoraenequipo.com.mx\/api\/wp\/v2\/comments?post=103761"}],"version-history":[{"count":1,"href":"https:\/\/www.sonoraenequipo.com.mx\/api\/wp\/v2\/posts\/103761\/revisions"}],"predecessor-version":[{"id":103763,"href":"https:\/\/www.sonoraenequipo.com.mx\/api\/wp\/v2\/posts\/103761\/revisions\/103763"}],"wp:featuredmedia":[{"embeddable":true,"href":"https:\/\/www.sonoraenequipo.com.mx\/api\/wp\/v2\/media\/103762"}],"wp:attachment":[{"href":"https:\/\/www.sonoraenequipo.com.mx\/api\/wp\/v2\/media?parent=103761"}],"wp:term":[{"taxonomy":"category","embeddable":true,"href":"https:\/\/www.sonoraenequipo.com.mx\/api\/wp\/v2\/categories?post=103761"},{"taxonomy":"post_tag","embeddable":true,"href":"https:\/\/www.sonoraenequipo.com.mx\/api\/wp\/v2\/tags?post=103761"}],"curies":[{"name":"wp","href":"https:\/\/api.w.org\/{rel}","templated":true}]}}