{"id":103769,"date":"2020-12-29T20:25:03","date_gmt":"2020-12-30T03:25:03","guid":{"rendered":"https:\/\/www.sonoraenequipo.com.mx\/?p=103769"},"modified":"2020-12-29T23:19:06","modified_gmt":"2020-12-30T06:19:06","slug":"refuerzan-con-una-radio-escolar-la-educacion-en-casa","status":"publish","type":"post","link":"https:\/\/www.sonoraenequipo.com.mx\/refuerzan-con-una-radio-escolar-la-educacion-en-casa\/","title":{"rendered":"Refuerzan con una radio escolar la educaci\u00f3n en casa"},"content":{"rendered":"<p>HERMOSILLO, SONORA. MX. \u2014 Con la radio escolar Radiovisi\u00f3n Coyotes, la secundaria T\u00e9cnica No. 15 \u201cRoberto H. Cruz Hoyos\u201d facilita la estrategia educativa a distancia durante la pandemia, expres\u00f3 Mario C\u00e9sar Gavi\u00f1a Salazar, maestro de la asignatura de Artes.<\/p>\n<p>&nbsp;<\/p>\n<p> <\/p>\n<p>&nbsp;<\/p>\n<p>El creador del proyecto, dijo que el objetivo es facilitar la actividad acad\u00e9mica con la transmisi\u00f3n de dos programas durante la segunda fase del programa <em>\u201cAprende en Casa\u201d,<\/em> aunado a la experiencia de la primera etapa de la contingencia sanitaria.<\/p>\n<p>&nbsp;<\/p>\n<p>En la p\u00e1gina de Facebook: radiovisioncoyotes, se transmiten los programas \u201c<em>En clase con los profes\u201d,<\/em> donde se aborda los aspectos acad\u00e9micos de la clase y <em>\u201cCotorreando con los Coyotes\u201d<\/em>, programa enfocado a fortalecer la parte an\u00edmica de los estudiantes y sus familias, a trav\u00e9s de pl\u00e1ticas de inter\u00e9s con invitados especiales.<\/p>\n<p>&nbsp;<\/p>\n<p><em>\u201cLa radio escolar es transmitida en una fanpage, donde el docente adem\u00e1s de impartir clases, realiza programas y los estudiantes son copart\u00edcipes como conductores e invitados. La idea es que este espacio sea un lugar donde los alumnos y sus familias se sientan acompa\u00f1ados durante esta etapa tan at\u00edpica\u201d<\/em>, explic\u00f3 el docente.<\/p>\n<p>&nbsp;<\/p>\n<p>Radiovisi\u00f3n Coyotes obtuvo el ciclo escolar pasado, un tercer lugar nacional en el concurso <em>\u201cExperiencias Educativas Innovadoras con Tecnolog\u00eda en el Marco del COVID-19, otorgado por la comunidad UNETE en la categor\u00eda de \u201cDifusi\u00f3n del Aprendizaje\u201d.<\/em><\/p>\n<p>&nbsp;<\/p>\n<p>Gavi\u00f1a Salazar destac\u00f3 que es un espacio que brinda a los adolescentes la oportunidad de expresarse, dialogar y obtener conclusiones en los temas analizados en las transmisiones semanales, as\u00ed como en las actividades constantes.<\/p>\n<p>&nbsp;<\/p>\n<p><em>\u201cEn este espacio tambi\u00e9n se realizan diversas actividades, entre ellas, festivales art\u00edsticos virtuales, exposici\u00f3n de trabajos, retos de activaci\u00f3n f\u00edsica y concursos como el que se vivi\u00f3 el pasado 30 de octubre, donde la creatividad y conocimiento sobre la celebraci\u00f3n del D\u00eda de Muertos, se vio reflejada por los alumnos de esta instituci\u00f3n\u201d,<\/em> finaliz\u00f3 Gavi\u00f1a Salazar.<\/p>\n<p>&nbsp;<\/p>\n<p>(Publicada el 29\/12\/2020)<\/p>\n","protected":false},"excerpt":{"rendered":"<p>HERMOSILLO, SONORA. MX. \u2014 Con la radio escolar Radiovisi\u00f3n Coyotes, la secundaria T\u00e9cnica No. 15&#8230;<\/p>\n","protected":false},"author":1,"featured_media":103770,"comment_status":"open","ping_status":"open","sticky":false,"template":"","format":"standard","meta":{"_monsterinsights_skip_tracking":false,"_monsterinsights_sitenote_active":false,"_monsterinsights_sitenote_note":"","_monsterinsights_sitenote_category":0,"footnotes":""},"categories":[22],"tags":[],"class_list":["post"],"yoast_head":" \n<title>Sonora en Equipo. Refuerzan con una radio escolar la educaci\u00f3n en casa Sonora<\/title>\n<meta name=\"description\" content=\"HERMOSILLO, SONORA. MX. \u2014 Con la radio escolar Radiovisi\u00f3n Coyotes, la secundaria T\u00e9cnica No. 15 \u201cRoberto H. Cruz Hoyos\u201d facilita la estrategia educativa En Sonora en Equipo publicamos toda la informaci\u00f3n de Sonora, M\u00e9xico y el Mundo de manera oportuna y busca que la libertad de expresi\u00f3n sea real. Visita nuestro medio informativo publicado desde Hermosillo, Sonora. %\" \/>\n<meta name=\"robots\" content=\"index, follow, max-snippet:-1, max-image-preview:large, max-video-preview:-1\" \/>\n<link rel=\"canonical\" href=\"https:\/\/www.sonoraenequipo.com.mx\/refuerzan-con-una-radio-escolar-la-educacion-en-casa\/\" \/>\n<meta property=\"og:locale\" content=\"es_ES\" \/>\n<meta property=\"og:type\" content=\"article\" \/>\n<meta property=\"og:title\" content=\"Sonora en Equipo. Refuerzan con una radio escolar la educaci\u00f3n en casa Sonora\" \/>\n<meta property=\"og:description\" content=\"HERMOSILLO, SONORA. MX. \u2014 Con la radio escolar Radiovisi\u00f3n Coyotes, la secundaria T\u00e9cnica No. 15 \u201cRoberto H. Cruz Hoyos\u201d facilita la estrategia educativa En Sonora en Equipo publicamos toda la informaci\u00f3n de Sonora, M\u00e9xico y el Mundo de manera oportuna y busca que la libertad de expresi\u00f3n sea real. Visita nuestro medio informativo publicado desde Hermosillo, Sonora. %\" \/>\n<meta property=\"og:url\" content=\"https:\/\/www.sonoraenequipo.com.mx\/refuerzan-con-una-radio-escolar-la-educacion-en-casa\/\" \/>\n<meta property=\"og:site_name\" content=\"Sonora en Equipo.\" \/>\n<meta property=\"article:publisher\" content=\"https:\/\/www.facebook.com\/SonoraEE\/\" \/>\n<meta property=\"article:author\" content=\"https:\/\/www.facebook.com\/SonoraEE\" \/>\n<meta property=\"article:published_time\" content=\"2020-12-30T03:25:03+00:00\" \/>\n<meta property=\"article:modified_time\" content=\"2020-12-30T06:19:06+00:00\" \/>\n<meta property=\"og:image\" content=\"https:\/\/www.sonoraenequipo.com.mx\/storage\/2020\/12\/radio-escolar_opt.jpg\" \/>\n\t<meta property=\"og:image:width\" content=\"711\" \/>\n\t<meta property=\"og:image:height\" content=\"400\" \/>\n\t<meta property=\"og:image:type\" content=\"image\/jpeg\" \/>\n<meta name=\"author\" content=\"enequipo\" \/>\n<meta name=\"twitter:card\" content=\"summary_large_image\" \/>\n<meta name=\"twitter:creator\" content=\"@sonoraenequipo\" \/>\n<meta name=\"twitter:site\" content=\"@sonoraenequipo\" \/>\n<meta name=\"twitter:label1\" content=\"Escrito por\" \/>\n\t<meta name=\"twitter:data1\" content=\"enequipo\" \/>\n\t<meta name=\"twitter:label2\" content=\"Tiempo de lectura\" \/>\n\t<meta name=\"twitter:data2\" content=\"2 minutos\" \/>\n<script type=\"application\/ld+json\" class=\"yoast-schema-graph\">{\"@context\":\"https:\/\/schema.org\",\"@graph\":[{\"@type\":\"Article\",\"@id\":\"https:\/\/www.sonoraenequipo.com.mx\/refuerzan-con-una-radio-escolar-la-educacion-en-casa\/#article\",\"isPartOf\":{\"@id\":\"https:\/\/www.sonoraenequipo.com.mx\/refuerzan-con-una-radio-escolar-la-educacion-en-casa\/\"},\"author\":{\"name\":\"enequipo\",\"@id\":\"https:\/\/www.sonoraenequipo.com.mx\/#\/schema\/person\/50102df0fb23a8fa9e8effad8fa81386\"},\"headline\":\"Refuerzan con una radio escolar la educaci\u00f3n en casa\",\"datePublished\":\"2020-12-30T03:25:03+00:00\",\"dateModified\":\"2020-12-30T06:19:06+00:00\",\"mainEntityOfPage\":{\"@id\":\"https:\/\/www.sonoraenequipo.com.mx\/refuerzan-con-una-radio-escolar-la-educacion-en-casa\/\"},\"wordCount\":355,\"commentCount\":0,\"publisher\":{\"@id\":\"https:\/\/www.sonoraenequipo.com.mx\/#organization\"},\"image\":{\"@id\":\"https:\/\/www.sonoraenequipo.com.mx\/refuerzan-con-una-radio-escolar-la-educacion-en-casa\/#primaryimage\"},\"thumbnailUrl\":\"https:\/\/www.sonoraenequipo.com.mx\/storage\/2020\/12\/radio-escolar_opt.jpg\",\"articleSection\":[\"Sonora\"],\"inLanguage\":\"es\",\"potentialAction\":[{\"@type\":\"CommentAction\",\"name\":\"Comment\",\"target\":[\"https:\/\/www.sonoraenequipo.com.mx\/refuerzan-con-una-radio-escolar-la-educacion-en-casa\/#respond\"]}]},{\"@type\":\"WebPage\",\"@id\":\"https:\/\/www.sonoraenequipo.com.mx\/refuerzan-con-una-radio-escolar-la-educacion-en-casa\/\",\"url\":\"https:\/\/www.sonoraenequipo.com.mx\/refuerzan-con-una-radio-escolar-la-educacion-en-casa\/\",\"name\":\"Sonora en Equipo. Refuerzan con una radio escolar la educaci\u00f3n en casa Sonora\",\"isPartOf\":{\"@id\":\"https:\/\/www.sonoraenequipo.com.mx\/#website\"},\"primaryImageOfPage\":{\"@id\":\"https:\/\/www.sonoraenequipo.com.mx\/refuerzan-con-una-radio-escolar-la-educacion-en-casa\/#primaryimage\"},\"image\":{\"@id\":\"https:\/\/www.sonoraenequipo.com.mx\/refuerzan-con-una-radio-escolar-la-educacion-en-casa\/#primaryimage\"},\"thumbnailUrl\":\"https:\/\/www.sonoraenequipo.com.mx\/storage\/2020\/12\/radio-escolar_opt.jpg\",\"datePublished\":\"2020-12-30T03:25:03+00:00\",\"dateModified\":\"2020-12-30T06:19:06+00:00\",\"description\":\"HERMOSILLO, SONORA. MX. \u2014 Con la radio escolar Radiovisi\u00f3n Coyotes, la secundaria T\u00e9cnica No. 15 \u201cRoberto H. Cruz Hoyos\u201d facilita la estrategia educativa En Sonora en Equipo publicamos toda la informaci\u00f3n de Sonora, M\u00e9xico y el Mundo de manera oportuna y busca que la libertad de expresi\u00f3n sea real. Visita nuestro medio informativo publicado desde Hermosillo, Sonora. %\",\"breadcrumb\":{\"@id\":\"https:\/\/www.sonoraenequipo.com.mx\/refuerzan-con-una-radio-escolar-la-educacion-en-casa\/#breadcrumb\"},\"inLanguage\":\"es\",\"potentialAction\":[{\"@type\":\"ReadAction\",\"target\":[\"https:\/\/www.sonoraenequipo.com.mx\/refuerzan-con-una-radio-escolar-la-educacion-en-casa\/\"]}]},{\"@type\":\"ImageObject\",\"inLanguage\":\"es\",\"@id\":\"https:\/\/www.sonoraenequipo.com.mx\/refuerzan-con-una-radio-escolar-la-educacion-en-casa\/#primaryimage\",\"url\":\"https:\/\/www.sonoraenequipo.com.mx\/storage\/2020\/12\/radio-escolar_opt.jpg\",\"contentUrl\":\"https:\/\/www.sonoraenequipo.com.mx\/storage\/2020\/12\/radio-escolar_opt.jpg\",\"width\":711,\"height\":400},{\"@type\":\"BreadcrumbList\",\"@id\":\"https:\/\/www.sonoraenequipo.com.mx\/refuerzan-con-una-radio-escolar-la-educacion-en-casa\/#breadcrumb\",\"itemListElement\":[{\"@type\":\"ListItem\",\"position\":1,\"name\":\"Portada\",\"item\":\"https:\/\/www.sonoraenequipo.com.mx\/\"},{\"@type\":\"ListItem\",\"position\":2,\"name\":\"Refuerzan con una radio escolar la educaci\u00f3n en casa\"}]},{\"@type\":\"WebSite\",\"@id\":\"https:\/\/www.sonoraenequipo.com.mx\/#website\",\"url\":\"https:\/\/www.sonoraenequipo.com.mx\/\",\"name\":\"Sonora en Equipo.\",\"description\":\"Diario en l\u00ednea con Noticias desde Hermosillo, Sonora\",\"publisher\":{\"@id\":\"https:\/\/www.sonoraenequipo.com.mx\/#organization\"},\"potentialAction\":[{\"@type\":\"SearchAction\",\"target\":{\"@type\":\"EntryPoint\",\"urlTemplate\":\"https:\/\/www.sonoraenequipo.com.mx\/?s={search_term_string}\"},\"query-input\":{\"@type\":\"PropertyValueSpecification\",\"valueRequired\":true,\"valueName\":\"search_term_string\"}}],\"inLanguage\":\"es\"},{\"@type\":\"Organization\",\"@id\":\"https:\/\/www.sonoraenequipo.com.mx\/#organization\",\"name\":\"Sonoraenequipo.com.mx\",\"url\":\"https:\/\/www.sonoraenequipo.com.mx\/\",\"logo\":{\"@type\":\"ImageObject\",\"inLanguage\":\"es\",\"@id\":\"https:\/\/www.sonoraenequipo.com.mx\/#\/schema\/logo\/image\/\",\"url\":\"https:\/\/www.sonoraenequipo.com.mx\/storage\/2019\/01\/sonoraenequipo_opt.png\",\"contentUrl\":\"https:\/\/www.sonoraenequipo.com.mx\/storage\/2019\/01\/sonoraenequipo_opt.png\",\"width\":375,\"height\":125,\"caption\":\"Sonoraenequipo.com.mx\"},\"image\":{\"@id\":\"https:\/\/www.sonoraenequipo.com.mx\/#\/schema\/logo\/image\/\"},\"sameAs\":[\"https:\/\/www.facebook.com\/SonoraEE\/\",\"https:\/\/x.com\/sonoraenequipo\",\"https:\/\/www.youtube.com\/channel\/UC338nW-lPEYmJQs4ZABQ1SQ\"]},{\"@type\":\"Person\",\"@id\":\"https:\/\/www.sonoraenequipo.com.mx\/#\/schema\/person\/50102df0fb23a8fa9e8effad8fa81386\",\"name\":\"enequipo\",\"image\":{\"@type\":\"ImageObject\",\"inLanguage\":\"es\",\"@id\":\"https:\/\/www.sonoraenequipo.com.mx\/#\/schema\/person\/image\/\",\"url\":\"https:\/\/secure.gravatar.com\/avatar\/049821681b589dabc0bc20695993ccebb09f5b5d4d790cd9251b97faac7c652b?s=96&d=blank&r=g\",\"contentUrl\":\"https:\/\/secure.gravatar.com\/avatar\/049821681b589dabc0bc20695993ccebb09f5b5d4d790cd9251b97faac7c652b?s=96&d=blank&r=g\",\"caption\":\"enequipo\"},\"sameAs\":[\"https:\/\/www.facebook.com\/SonoraEE\"]}]}<\/script>\n ","yoast_head_json":{"title":"Sonora en Equipo. Refuerzan con una radio escolar la educaci\u00f3n en casa Sonora","description":"HERMOSILLO, SONORA. MX. \u2014 Con la radio escolar Radiovisi\u00f3n Coyotes, la secundaria T\u00e9cnica No. 15 \u201cRoberto H. Cruz Hoyos\u201d facilita la estrategia educativa En Sonora en Equipo publicamos toda la informaci\u00f3n de Sonora, M\u00e9xico y el Mundo de manera oportuna y busca que la libertad de expresi\u00f3n sea real. Visita nuestro medio informativo publicado desde Hermosillo, Sonora. %","robots":{"index":"index","follow":"follow","max-snippet":"max-snippet:-1","max-image-preview":"max-image-preview:large","max-video-preview":"max-video-preview:-1"},"canonical":"https:\/\/www.sonoraenequipo.com.mx\/refuerzan-con-una-radio-escolar-la-educacion-en-casa\/","og_locale":"es_ES","og_type":"article","og_title":"Sonora en Equipo. Refuerzan con una radio escolar la educaci\u00f3n en casa Sonora","og_description":"HERMOSILLO, SONORA. MX. \u2014 Con la radio escolar Radiovisi\u00f3n Coyotes, la secundaria T\u00e9cnica No. 15 \u201cRoberto H. Cruz Hoyos\u201d facilita la estrategia educativa En Sonora en Equipo publicamos toda la informaci\u00f3n de Sonora, M\u00e9xico y el Mundo de manera oportuna y busca que la libertad de expresi\u00f3n sea real. Visita nuestro medio informativo publicado desde Hermosillo, Sonora. %","og_url":"https:\/\/www.sonoraenequipo.com.mx\/refuerzan-con-una-radio-escolar-la-educacion-en-casa\/","og_site_name":"Sonora en Equipo.","article_publisher":"https:\/\/www.facebook.com\/SonoraEE\/","article_author":"https:\/\/www.facebook.com\/SonoraEE","article_published_time":"2020-12-30T03:25:03+00:00","article_modified_time":"2020-12-30T06:19:06+00:00","og_image":[{"width":711,"height":400,"url":"https:\/\/www.sonoraenequipo.com.mx\/storage\/2020\/12\/radio-escolar_opt.jpg","type":"image\/jpeg"}],"author":"enequipo","twitter_card":"summary_large_image","twitter_creator":"@sonoraenequipo","twitter_site":"@sonoraenequipo","twitter_misc":{"Escrito por":"enequipo","Tiempo de lectura":"2 minutos"},"schema":{"@context":"https:\/\/schema.org","@graph":[{"@type":"Article","@id":"https:\/\/www.sonoraenequipo.com.mx\/refuerzan-con-una-radio-escolar-la-educacion-en-casa\/#article","isPartOf":{"@id":"https:\/\/www.sonoraenequipo.com.mx\/refuerzan-con-una-radio-escolar-la-educacion-en-casa\/"},"author":{"name":"enequipo","@id":"https:\/\/www.sonoraenequipo.com.mx\/#\/schema\/person\/50102df0fb23a8fa9e8effad8fa81386"},"headline":"Refuerzan con una radio escolar la educaci\u00f3n en casa","datePublished":"2020-12-30T03:25:03+00:00","dateModified":"2020-12-30T06:19:06+00:00","mainEntityOfPage":{"@id":"https:\/\/www.sonoraenequipo.com.mx\/refuerzan-con-una-radio-escolar-la-educacion-en-casa\/"},"wordCount":355,"commentCount":0,"publisher":{"@id":"https:\/\/www.sonoraenequipo.com.mx\/#organization"},"image":{"@id":"https:\/\/www.sonoraenequipo.com.mx\/refuerzan-con-una-radio-escolar-la-educacion-en-casa\/#primaryimage"},"thumbnailUrl":"https:\/\/www.sonoraenequipo.com.mx\/storage\/2020\/12\/radio-escolar_opt.jpg","articleSection":["Sonora"],"inLanguage":"es","potentialAction":[{"@type":"CommentAction","name":"Comment","target":["https:\/\/www.sonoraenequipo.com.mx\/refuerzan-con-una-radio-escolar-la-educacion-en-casa\/#respond"]}]},{"@type":"WebPage","@id":"https:\/\/www.sonoraenequipo.com.mx\/refuerzan-con-una-radio-escolar-la-educacion-en-casa\/","url":"https:\/\/www.sonoraenequipo.com.mx\/refuerzan-con-una-radio-escolar-la-educacion-en-casa\/","name":"Sonora en Equipo. Refuerzan con una radio escolar la educaci\u00f3n en casa Sonora","isPartOf":{"@id":"https:\/\/www.sonoraenequipo.com.mx\/#website"},"primaryImageOfPage":{"@id":"https:\/\/www.sonoraenequipo.com.mx\/refuerzan-con-una-radio-escolar-la-educacion-en-casa\/#primaryimage"},"image":{"@id":"https:\/\/www.sonoraenequipo.com.mx\/refuerzan-con-una-radio-escolar-la-educacion-en-casa\/#primaryimage"},"thumbnailUrl":"https:\/\/www.sonoraenequipo.com.mx\/storage\/2020\/12\/radio-escolar_opt.jpg","datePublished":"2020-12-30T03:25:03+00:00","dateModified":"2020-12-30T06:19:06+00:00","description":"HERMOSILLO, SONORA. MX. \u2014 Con la radio escolar Radiovisi\u00f3n Coyotes, la secundaria T\u00e9cnica No. 15 \u201cRoberto H. Cruz Hoyos\u201d facilita la estrategia educativa En Sonora en Equipo publicamos toda la informaci\u00f3n de Sonora, M\u00e9xico y el Mundo de manera oportuna y busca que la libertad de expresi\u00f3n sea real. Visita nuestro medio informativo publicado desde Hermosillo, Sonora. %","breadcrumb":{"@id":"https:\/\/www.sonoraenequipo.com.mx\/refuerzan-con-una-radio-escolar-la-educacion-en-casa\/#breadcrumb"},"inLanguage":"es","potentialAction":[{"@type":"ReadAction","target":["https:\/\/www.sonoraenequipo.com.mx\/refuerzan-con-una-radio-escolar-la-educacion-en-casa\/"]}]},{"@type":"ImageObject","inLanguage":"es","@id":"https:\/\/www.sonoraenequipo.com.mx\/refuerzan-con-una-radio-escolar-la-educacion-en-casa\/#primaryimage","url":"https:\/\/www.sonoraenequipo.com.mx\/storage\/2020\/12\/radio-escolar_opt.jpg","contentUrl":"https:\/\/www.sonoraenequipo.com.mx\/storage\/2020\/12\/radio-escolar_opt.jpg","width":711,"height":400},{"@type":"BreadcrumbList","@id":"https:\/\/www.sonoraenequipo.com.mx\/refuerzan-con-una-radio-escolar-la-educacion-en-casa\/#breadcrumb","itemListElement":[{"@type":"ListItem","position":1,"name":"Portada","item":"https:\/\/www.sonoraenequipo.com.mx\/"},{"@type":"ListItem","position":2,"name":"Refuerzan con una radio escolar la educaci\u00f3n en casa"}]},{"@type":"WebSite","@id":"https:\/\/www.sonoraenequipo.com.mx\/#website","url":"https:\/\/www.sonoraenequipo.com.mx\/","name":"Sonora en Equipo.","description":"Diario en l\u00ednea con Noticias desde Hermosillo, Sonora","publisher":{"@id":"https:\/\/www.sonoraenequipo.com.mx\/#organization"},"potentialAction":[{"@type":"SearchAction","target":{"@type":"EntryPoint","urlTemplate":"https:\/\/www.sonoraenequipo.com.mx\/?s={search_term_string}"},"query-input":{"@type":"PropertyValueSpecification","valueRequired":true,"valueName":"search_term_string"}}],"inLanguage":"es"},{"@type":"Organization","@id":"https:\/\/www.sonoraenequipo.com.mx\/#organization","name":"Sonoraenequipo.com.mx","url":"https:\/\/www.sonoraenequipo.com.mx\/","logo":{"@type":"ImageObject","inLanguage":"es","@id":"https:\/\/www.sonoraenequipo.com.mx\/#\/schema\/logo\/image\/","url":"https:\/\/www.sonoraenequipo.com.mx\/storage\/2019\/01\/sonoraenequipo_opt.png","contentUrl":"https:\/\/www.sonoraenequipo.com.mx\/storage\/2019\/01\/sonoraenequipo_opt.png","width":375,"height":125,"caption":"Sonoraenequipo.com.mx"},"image":{"@id":"https:\/\/www.sonoraenequipo.com.mx\/#\/schema\/logo\/image\/"},"sameAs":["https:\/\/www.facebook.com\/SonoraEE\/","https:\/\/x.com\/sonoraenequipo","https:\/\/www.youtube.com\/channel\/UC338nW-lPEYmJQs4ZABQ1SQ"]},{"@type":"Person","@id":"https:\/\/www.sonoraenequipo.com.mx\/#\/schema\/person\/50102df0fb23a8fa9e8effad8fa81386","name":"enequipo","image":{"@type":"ImageObject","inLanguage":"es","@id":"https:\/\/www.sonoraenequipo.com.mx\/#\/schema\/person\/image\/","url":"https:\/\/secure.gravatar.com\/avatar\/049821681b589dabc0bc20695993ccebb09f5b5d4d790cd9251b97faac7c652b?s=96&d=blank&r=g","contentUrl":"https:\/\/secure.gravatar.com\/avatar\/049821681b589dabc0bc20695993ccebb09f5b5d4d790cd9251b97faac7c652b?s=96&d=blank&r=g","caption":"enequipo"},"sameAs":["https:\/\/www.facebook.com\/SonoraEE"]}]}},"jetpack_featured_media_url":"https:\/\/www.sonoraenequipo.com.mx\/storage\/2020\/12\/radio-escolar_opt.jpg","_links":{"self":[{"href":"https:\/\/www.sonoraenequipo.com.mx\/api\/wp\/v2\/posts\/103769","targetHints":{"allow":["GET"]}}],"collection":[{"href":"https:\/\/www.sonoraenequipo.com.mx\/api\/wp\/v2\/posts"}],"about":[{"href":"https:\/\/www.sonoraenequipo.com.mx\/api\/wp\/v2\/types\/post"}],"author":[{"embeddable":true,"href":"https:\/\/www.sonoraenequipo.com.mx\/api\/wp\/v2\/users\/1"}],"replies":[{"embeddable":true,"href":"https:\/\/www.sonoraenequipo.com.mx\/api\/wp\/v2\/comments?post=103769"}],"version-history":[{"count":1,"href":"https:\/\/www.sonoraenequipo.com.mx\/api\/wp\/v2\/posts\/103769\/revisions"}],"predecessor-version":[{"id":103771,"href":"https:\/\/www.sonoraenequipo.com.mx\/api\/wp\/v2\/posts\/103769\/revisions\/103771"}],"wp:featuredmedia":[{"embeddable":true,"href":"https:\/\/www.sonoraenequipo.com.mx\/api\/wp\/v2\/media\/103770"}],"wp:attachment":[{"href":"https:\/\/www.sonoraenequipo.com.mx\/api\/wp\/v2\/media?parent=103769"}],"wp:term":[{"taxonomy":"category","embeddable":true,"href":"https:\/\/www.sonoraenequipo.com.mx\/api\/wp\/v2\/categories?post=103769"},{"taxonomy":"post_tag","embeddable":true,"href":"https:\/\/www.sonoraenequipo.com.mx\/api\/wp\/v2\/tags?post=103769"}],"curies":[{"name":"wp","href":"https:\/\/api.w.org\/{rel}","templated":true}]}}