{"id":103812,"date":"2020-12-30T21:17:01","date_gmt":"2020-12-31T04:17:01","guid":{"rendered":"https:\/\/www.sonoraenequipo.com.mx\/?p=103812"},"modified":"2020-12-30T21:17:01","modified_gmt":"2020-12-31T04:17:01","slug":"cerrara-sonora-2020-en-un-momento-muy-duro-por-la-pandemia-enrique-clausen","status":"publish","type":"post","link":"https:\/\/www.sonoraenequipo.com.mx\/cerrara-sonora-2020-en-un-momento-muy-duro-por-la-pandemia-enrique-clausen\/","title":{"rendered":"Cerrar\u00e1 Sonora 2020\u00a0 en un momento muy duro por la pandemia Enrique Clausen"},"content":{"rendered":"<p>&nbsp;<\/p>\n<p>&nbsp;<\/p>\n<p><strong>31\u00a0 decesos y 102 nuevos casos este 30 de diciembre<\/strong><\/p>\n<p>HERMOSILLO, SONORA,MX.\u2500\u2500 Al cierre de a\u00f1o se enfrenta uno de los momentos m\u00e1s duros de la pandemia ya que la ocupaci\u00f3n hospitalaria est\u00e1 al tope, m\u00e9dicos exhaustos y los contagios no bajan, expres\u00f3 Enrique Clausen Iberri.<\/p>\n<p>&nbsp;<\/p>\n<p>&nbsp;<\/p>\n<p>Tras confirmarse este mi\u00e9rcoles 31 defunciones y 102 nuevos casos por COVID-19, el secretario de Salud enfatiz\u00f3 que el panorama se visualiza como una cat\u00e1strofe, ya que hay muchas personas saturando los laboratorios para hacerse prueba de detecci\u00f3n de Coronavirus, llenando las farmacias para conseguir medicamento o buscando en redes sociales tanques de ox\u00edgeno.<\/p>\n<p>&nbsp;<\/p>\n<p>&nbsp;<\/p>\n<p>\u201cNecesitamos urgentemente que las familias se resguarden, que apliquen nuevamente el distanciamiento social, pues corremos el riesgo de ver peores escenas que las que tuvimos en el verano\u201d, asegur\u00f3.<\/p>\n<p>&nbsp;<\/p>\n<p>&nbsp;<\/p>\n<p>Clausen Iberri record\u00f3 que este virus es muy contagioso y por el \u00edndice de positividad actual es muy probable que, si una persona tiene contacto con demasiada gente en el d\u00eda, al menos alguna est\u00e9 contagiada.<\/p>\n<p>&nbsp;<\/p>\n<p>&nbsp;<\/p>\n<p>\u201cLa vida social puede esperar, las fiestas pueden esperar, las reuniones pueden esperar, las compras pueden esperar; la pandemia no durar\u00e1 para siempre, pero tardar\u00e1 mucho m\u00e1s en irse si seguimos saliendo sin control; es momento de la cordura y la sensatez\u201d, reiter\u00f3.<\/p>\n<p>&nbsp;<\/p>\n<p>&nbsp;<\/p>\n<p>En cuanto a los datos estad\u00edsticos de este mi\u00e9rcoles, 44 mil 485 personas se han recuperado en Sonora; 15 pacientes COVID fueron dados de alta; se confirmaron 31 decesos en 19 hombres y 12 mujeres residentes de: Hermosillo 13; San Luis R\u00edo Colorado siete; Nogales cuatro; Moctezuma, Empalme, Navojoa, Cajeme, Caborca, \u00cdmuris y Huatabampo uno cada uno; derechohabientes del IMSS 30, SSA uno; acumul\u00e1ndose 3 mil 942 defunciones.<\/p>\n<p>&nbsp;<\/p>\n<p>&nbsp;<\/p>\n<p>Se suman 102 nuevos casos por COVID en 57 mujeres y 45 hombres; acumul\u00e1ndose 50 mil 303 casos en total residentes de: Hermosillo 68; San Luis R\u00edo Colorado 11; Nogales seis; Cajeme cinco; Caborca tres; Huatabampo, Nacozari de Garc\u00eda, Cananea, \u00c1lamos, Cumpas, Moctezuma, Empalme, Navojoa e \u00cdmuris uno cada uno.<\/p>\n<p>&nbsp;<\/p>\n<p>Se confirm\u00f3 un caso pedi\u00e1trico; en un ni\u00f1o; acumul\u00e1ndose 921 casos en total; y no se confirmaron casos en mujeres embarazadas.<\/p>\n<p>&nbsp;<\/p>\n<p>De los 102 casos confirmados este mi\u00e9rcoles, 15 fueron en trabajadores de la salud de diversas instituciones.<\/p>\n<p>&nbsp;<\/p>\n<p>Casos COVID-19 en Sonora 50,303 casos confirmados y 3,942 defunciones<\/p>\n<p>Fecha de publicaci\u00f3n 30\/dic\/2020<\/p>\n<p>&nbsp;<\/p>\n","protected":false},"excerpt":{"rendered":"<p>&nbsp; &nbsp; 31\u00a0 decesos y 102 nuevos casos este 30 de diciembre HERMOSILLO, SONORA,MX.\u2500\u2500 Al&#8230;<\/p>\n","protected":false},"author":1,"featured_media":97270,"comment_status":"open","ping_status":"open","sticky":false,"template":"","format":"standard","meta":{"_monsterinsights_skip_tracking":false,"_monsterinsights_sitenote_active":false,"_monsterinsights_sitenote_note":"","_monsterinsights_sitenote_category":0,"footnotes":""},"categories":[22],"tags":[],"class_list":["post"],"yoast_head":" \n<title>Sonora en Equipo. Cerrar\u00e1 Sonora 2020\u00a0 en un momento muy duro por la pandemia Enrique Clausen Sonora<\/title>\n<meta name=\"description\" content=\"&nbsp; &nbsp; 31\u00a0 decesos y 102 nuevos casos este 30 de diciembre HERMOSILLO, SONORA,MX.\u2500\u2500 Al cierre de a\u00f1o se enfrenta uno de los momentos m\u00e1s duros de En Sonora en Equipo publicamos toda la informaci\u00f3n de Sonora, M\u00e9xico y el Mundo de manera oportuna y busca que la libertad de expresi\u00f3n sea real. Visita nuestro medio informativo publicado desde Hermosillo, Sonora. %\" \/>\n<meta name=\"robots\" content=\"index, follow, max-snippet:-1, max-image-preview:large, max-video-preview:-1\" \/>\n<link rel=\"canonical\" href=\"https:\/\/www.sonoraenequipo.com.mx\/cerrara-sonora-2020-en-un-momento-muy-duro-por-la-pandemia-enrique-clausen\/\" \/>\n<meta property=\"og:locale\" content=\"es_ES\" \/>\n<meta property=\"og:type\" content=\"article\" \/>\n<meta property=\"og:title\" content=\"Sonora en Equipo. Cerrar\u00e1 Sonora 2020\u00a0 en un momento muy duro por la pandemia Enrique Clausen Sonora\" \/>\n<meta property=\"og:description\" content=\"&nbsp; &nbsp; 31\u00a0 decesos y 102 nuevos casos este 30 de diciembre HERMOSILLO, SONORA,MX.\u2500\u2500 Al cierre de a\u00f1o se enfrenta uno de los momentos m\u00e1s duros de En Sonora en Equipo publicamos toda la informaci\u00f3n de Sonora, M\u00e9xico y el Mundo de manera oportuna y busca que la libertad de expresi\u00f3n sea real. Visita nuestro medio informativo publicado desde Hermosillo, Sonora. %\" \/>\n<meta property=\"og:url\" content=\"https:\/\/www.sonoraenequipo.com.mx\/cerrara-sonora-2020-en-un-momento-muy-duro-por-la-pandemia-enrique-clausen\/\" \/>\n<meta property=\"og:site_name\" content=\"Sonora en Equipo.\" \/>\n<meta property=\"article:publisher\" content=\"https:\/\/www.facebook.com\/SonoraEE\/\" \/>\n<meta property=\"article:author\" content=\"https:\/\/www.facebook.com\/SonoraEE\" \/>\n<meta property=\"article:published_time\" content=\"2020-12-31T04:17:01+00:00\" \/>\n<meta property=\"og:image\" content=\"https:\/\/www.sonoraenequipo.com.mx\/storage\/2020\/10\/e-clausen3.jpg\" \/>\n\t<meta property=\"og:image:width\" content=\"600\" \/>\n\t<meta property=\"og:image:height\" content=\"400\" \/>\n\t<meta property=\"og:image:type\" content=\"image\/jpeg\" \/>\n<meta name=\"author\" content=\"enequipo\" \/>\n<meta name=\"twitter:card\" content=\"summary_large_image\" \/>\n<meta name=\"twitter:creator\" content=\"@sonoraenequipo\" \/>\n<meta name=\"twitter:site\" content=\"@sonoraenequipo\" \/>\n<meta name=\"twitter:label1\" content=\"Escrito por\" \/>\n\t<meta name=\"twitter:data1\" content=\"enequipo\" \/>\n\t<meta name=\"twitter:label2\" content=\"Tiempo de lectura\" \/>\n\t<meta name=\"twitter:data2\" content=\"2 minutos\" \/>\n<script type=\"application\/ld+json\" class=\"yoast-schema-graph\">{\"@context\":\"https:\/\/schema.org\",\"@graph\":[{\"@type\":\"Article\",\"@id\":\"https:\/\/www.sonoraenequipo.com.mx\/cerrara-sonora-2020-en-un-momento-muy-duro-por-la-pandemia-enrique-clausen\/#article\",\"isPartOf\":{\"@id\":\"https:\/\/www.sonoraenequipo.com.mx\/cerrara-sonora-2020-en-un-momento-muy-duro-por-la-pandemia-enrique-clausen\/\"},\"author\":{\"name\":\"enequipo\",\"@id\":\"https:\/\/www.sonoraenequipo.com.mx\/#\/schema\/person\/50102df0fb23a8fa9e8effad8fa81386\"},\"headline\":\"Cerrar\u00e1 Sonora 2020\u00a0 en un momento muy duro por la pandemia Enrique Clausen\",\"datePublished\":\"2020-12-31T04:17:01+00:00\",\"mainEntityOfPage\":{\"@id\":\"https:\/\/www.sonoraenequipo.com.mx\/cerrara-sonora-2020-en-un-momento-muy-duro-por-la-pandemia-enrique-clausen\/\"},\"wordCount\":404,\"commentCount\":0,\"publisher\":{\"@id\":\"https:\/\/www.sonoraenequipo.com.mx\/#organization\"},\"image\":{\"@id\":\"https:\/\/www.sonoraenequipo.com.mx\/cerrara-sonora-2020-en-un-momento-muy-duro-por-la-pandemia-enrique-clausen\/#primaryimage\"},\"thumbnailUrl\":\"https:\/\/www.sonoraenequipo.com.mx\/storage\/2020\/10\/e-clausen3.jpg\",\"articleSection\":[\"Sonora\"],\"inLanguage\":\"es\",\"potentialAction\":[{\"@type\":\"CommentAction\",\"name\":\"Comment\",\"target\":[\"https:\/\/www.sonoraenequipo.com.mx\/cerrara-sonora-2020-en-un-momento-muy-duro-por-la-pandemia-enrique-clausen\/#respond\"]}]},{\"@type\":\"WebPage\",\"@id\":\"https:\/\/www.sonoraenequipo.com.mx\/cerrara-sonora-2020-en-un-momento-muy-duro-por-la-pandemia-enrique-clausen\/\",\"url\":\"https:\/\/www.sonoraenequipo.com.mx\/cerrara-sonora-2020-en-un-momento-muy-duro-por-la-pandemia-enrique-clausen\/\",\"name\":\"Sonora en Equipo. Cerrar\u00e1 Sonora 2020\u00a0 en un momento muy duro por la pandemia Enrique Clausen Sonora\",\"isPartOf\":{\"@id\":\"https:\/\/www.sonoraenequipo.com.mx\/#website\"},\"primaryImageOfPage\":{\"@id\":\"https:\/\/www.sonoraenequipo.com.mx\/cerrara-sonora-2020-en-un-momento-muy-duro-por-la-pandemia-enrique-clausen\/#primaryimage\"},\"image\":{\"@id\":\"https:\/\/www.sonoraenequipo.com.mx\/cerrara-sonora-2020-en-un-momento-muy-duro-por-la-pandemia-enrique-clausen\/#primaryimage\"},\"thumbnailUrl\":\"https:\/\/www.sonoraenequipo.com.mx\/storage\/2020\/10\/e-clausen3.jpg\",\"datePublished\":\"2020-12-31T04:17:01+00:00\",\"description\":\"&nbsp; &nbsp; 31\u00a0 decesos y 102 nuevos casos este 30 de diciembre HERMOSILLO, SONORA,MX.\u2500\u2500 Al cierre de a\u00f1o se enfrenta uno de los momentos m\u00e1s duros de En Sonora en Equipo publicamos toda la informaci\u00f3n de Sonora, M\u00e9xico y el Mundo de manera oportuna y busca que la libertad de expresi\u00f3n sea real. Visita nuestro medio informativo publicado desde Hermosillo, Sonora. %\",\"breadcrumb\":{\"@id\":\"https:\/\/www.sonoraenequipo.com.mx\/cerrara-sonora-2020-en-un-momento-muy-duro-por-la-pandemia-enrique-clausen\/#breadcrumb\"},\"inLanguage\":\"es\",\"potentialAction\":[{\"@type\":\"ReadAction\",\"target\":[\"https:\/\/www.sonoraenequipo.com.mx\/cerrara-sonora-2020-en-un-momento-muy-duro-por-la-pandemia-enrique-clausen\/\"]}]},{\"@type\":\"ImageObject\",\"inLanguage\":\"es\",\"@id\":\"https:\/\/www.sonoraenequipo.com.mx\/cerrara-sonora-2020-en-un-momento-muy-duro-por-la-pandemia-enrique-clausen\/#primaryimage\",\"url\":\"https:\/\/www.sonoraenequipo.com.mx\/storage\/2020\/10\/e-clausen3.jpg\",\"contentUrl\":\"https:\/\/www.sonoraenequipo.com.mx\/storage\/2020\/10\/e-clausen3.jpg\",\"width\":600,\"height\":400},{\"@type\":\"BreadcrumbList\",\"@id\":\"https:\/\/www.sonoraenequipo.com.mx\/cerrara-sonora-2020-en-un-momento-muy-duro-por-la-pandemia-enrique-clausen\/#breadcrumb\",\"itemListElement\":[{\"@type\":\"ListItem\",\"position\":1,\"name\":\"Portada\",\"item\":\"https:\/\/www.sonoraenequipo.com.mx\/\"},{\"@type\":\"ListItem\",\"position\":2,\"name\":\"Cerrar\u00e1 Sonora 2020\u00a0 en un momento muy duro por la pandemia Enrique Clausen\"}]},{\"@type\":\"WebSite\",\"@id\":\"https:\/\/www.sonoraenequipo.com.mx\/#website\",\"url\":\"https:\/\/www.sonoraenequipo.com.mx\/\",\"name\":\"Sonora en Equipo.\",\"description\":\"Diario en l\u00ednea con Noticias desde Hermosillo, Sonora\",\"publisher\":{\"@id\":\"https:\/\/www.sonoraenequipo.com.mx\/#organization\"},\"potentialAction\":[{\"@type\":\"SearchAction\",\"target\":{\"@type\":\"EntryPoint\",\"urlTemplate\":\"https:\/\/www.sonoraenequipo.com.mx\/?s={search_term_string}\"},\"query-input\":{\"@type\":\"PropertyValueSpecification\",\"valueRequired\":true,\"valueName\":\"search_term_string\"}}],\"inLanguage\":\"es\"},{\"@type\":\"Organization\",\"@id\":\"https:\/\/www.sonoraenequipo.com.mx\/#organization\",\"name\":\"Sonoraenequipo.com.mx\",\"url\":\"https:\/\/www.sonoraenequipo.com.mx\/\",\"logo\":{\"@type\":\"ImageObject\",\"inLanguage\":\"es\",\"@id\":\"https:\/\/www.sonoraenequipo.com.mx\/#\/schema\/logo\/image\/\",\"url\":\"https:\/\/www.sonoraenequipo.com.mx\/storage\/2019\/01\/sonoraenequipo_opt.png\",\"contentUrl\":\"https:\/\/www.sonoraenequipo.com.mx\/storage\/2019\/01\/sonoraenequipo_opt.png\",\"width\":375,\"height\":125,\"caption\":\"Sonoraenequipo.com.mx\"},\"image\":{\"@id\":\"https:\/\/www.sonoraenequipo.com.mx\/#\/schema\/logo\/image\/\"},\"sameAs\":[\"https:\/\/www.facebook.com\/SonoraEE\/\",\"https:\/\/x.com\/sonoraenequipo\",\"https:\/\/www.youtube.com\/channel\/UC338nW-lPEYmJQs4ZABQ1SQ\"]},{\"@type\":\"Person\",\"@id\":\"https:\/\/www.sonoraenequipo.com.mx\/#\/schema\/person\/50102df0fb23a8fa9e8effad8fa81386\",\"name\":\"enequipo\",\"image\":{\"@type\":\"ImageObject\",\"inLanguage\":\"es\",\"@id\":\"https:\/\/www.sonoraenequipo.com.mx\/#\/schema\/person\/image\/\",\"url\":\"https:\/\/secure.gravatar.com\/avatar\/049821681b589dabc0bc20695993ccebb09f5b5d4d790cd9251b97faac7c652b?s=96&d=blank&r=g\",\"contentUrl\":\"https:\/\/secure.gravatar.com\/avatar\/049821681b589dabc0bc20695993ccebb09f5b5d4d790cd9251b97faac7c652b?s=96&d=blank&r=g\",\"caption\":\"enequipo\"},\"sameAs\":[\"https:\/\/www.facebook.com\/SonoraEE\"]}]}<\/script>\n ","yoast_head_json":{"title":"Sonora en Equipo. Cerrar\u00e1 Sonora 2020\u00a0 en un momento muy duro por la pandemia Enrique Clausen Sonora","description":"&nbsp; &nbsp; 31\u00a0 decesos y 102 nuevos casos este 30 de diciembre HERMOSILLO, SONORA,MX.\u2500\u2500 Al cierre de a\u00f1o se enfrenta uno de los momentos m\u00e1s duros de En Sonora en Equipo publicamos toda la informaci\u00f3n de Sonora, M\u00e9xico y el Mundo de manera oportuna y busca que la libertad de expresi\u00f3n sea real. Visita nuestro medio informativo publicado desde Hermosillo, Sonora. %","robots":{"index":"index","follow":"follow","max-snippet":"max-snippet:-1","max-image-preview":"max-image-preview:large","max-video-preview":"max-video-preview:-1"},"canonical":"https:\/\/www.sonoraenequipo.com.mx\/cerrara-sonora-2020-en-un-momento-muy-duro-por-la-pandemia-enrique-clausen\/","og_locale":"es_ES","og_type":"article","og_title":"Sonora en Equipo. Cerrar\u00e1 Sonora 2020\u00a0 en un momento muy duro por la pandemia Enrique Clausen Sonora","og_description":"&nbsp; &nbsp; 31\u00a0 decesos y 102 nuevos casos este 30 de diciembre HERMOSILLO, SONORA,MX.\u2500\u2500 Al cierre de a\u00f1o se enfrenta uno de los momentos m\u00e1s duros de En Sonora en Equipo publicamos toda la informaci\u00f3n de Sonora, M\u00e9xico y el Mundo de manera oportuna y busca que la libertad de expresi\u00f3n sea real. Visita nuestro medio informativo publicado desde Hermosillo, Sonora. %","og_url":"https:\/\/www.sonoraenequipo.com.mx\/cerrara-sonora-2020-en-un-momento-muy-duro-por-la-pandemia-enrique-clausen\/","og_site_name":"Sonora en Equipo.","article_publisher":"https:\/\/www.facebook.com\/SonoraEE\/","article_author":"https:\/\/www.facebook.com\/SonoraEE","article_published_time":"2020-12-31T04:17:01+00:00","og_image":[{"width":600,"height":400,"url":"https:\/\/www.sonoraenequipo.com.mx\/storage\/2020\/10\/e-clausen3.jpg","type":"image\/jpeg"}],"author":"enequipo","twitter_card":"summary_large_image","twitter_creator":"@sonoraenequipo","twitter_site":"@sonoraenequipo","twitter_misc":{"Escrito por":"enequipo","Tiempo de lectura":"2 minutos"},"schema":{"@context":"https:\/\/schema.org","@graph":[{"@type":"Article","@id":"https:\/\/www.sonoraenequipo.com.mx\/cerrara-sonora-2020-en-un-momento-muy-duro-por-la-pandemia-enrique-clausen\/#article","isPartOf":{"@id":"https:\/\/www.sonoraenequipo.com.mx\/cerrara-sonora-2020-en-un-momento-muy-duro-por-la-pandemia-enrique-clausen\/"},"author":{"name":"enequipo","@id":"https:\/\/www.sonoraenequipo.com.mx\/#\/schema\/person\/50102df0fb23a8fa9e8effad8fa81386"},"headline":"Cerrar\u00e1 Sonora 2020\u00a0 en un momento muy duro por la pandemia Enrique Clausen","datePublished":"2020-12-31T04:17:01+00:00","mainEntityOfPage":{"@id":"https:\/\/www.sonoraenequipo.com.mx\/cerrara-sonora-2020-en-un-momento-muy-duro-por-la-pandemia-enrique-clausen\/"},"wordCount":404,"commentCount":0,"publisher":{"@id":"https:\/\/www.sonoraenequipo.com.mx\/#organization"},"image":{"@id":"https:\/\/www.sonoraenequipo.com.mx\/cerrara-sonora-2020-en-un-momento-muy-duro-por-la-pandemia-enrique-clausen\/#primaryimage"},"thumbnailUrl":"https:\/\/www.sonoraenequipo.com.mx\/storage\/2020\/10\/e-clausen3.jpg","articleSection":["Sonora"],"inLanguage":"es","potentialAction":[{"@type":"CommentAction","name":"Comment","target":["https:\/\/www.sonoraenequipo.com.mx\/cerrara-sonora-2020-en-un-momento-muy-duro-por-la-pandemia-enrique-clausen\/#respond"]}]},{"@type":"WebPage","@id":"https:\/\/www.sonoraenequipo.com.mx\/cerrara-sonora-2020-en-un-momento-muy-duro-por-la-pandemia-enrique-clausen\/","url":"https:\/\/www.sonoraenequipo.com.mx\/cerrara-sonora-2020-en-un-momento-muy-duro-por-la-pandemia-enrique-clausen\/","name":"Sonora en Equipo. Cerrar\u00e1 Sonora 2020\u00a0 en un momento muy duro por la pandemia Enrique Clausen Sonora","isPartOf":{"@id":"https:\/\/www.sonoraenequipo.com.mx\/#website"},"primaryImageOfPage":{"@id":"https:\/\/www.sonoraenequipo.com.mx\/cerrara-sonora-2020-en-un-momento-muy-duro-por-la-pandemia-enrique-clausen\/#primaryimage"},"image":{"@id":"https:\/\/www.sonoraenequipo.com.mx\/cerrara-sonora-2020-en-un-momento-muy-duro-por-la-pandemia-enrique-clausen\/#primaryimage"},"thumbnailUrl":"https:\/\/www.sonoraenequipo.com.mx\/storage\/2020\/10\/e-clausen3.jpg","datePublished":"2020-12-31T04:17:01+00:00","description":"&nbsp; &nbsp; 31\u00a0 decesos y 102 nuevos casos este 30 de diciembre HERMOSILLO, SONORA,MX.\u2500\u2500 Al cierre de a\u00f1o se enfrenta uno de los momentos m\u00e1s duros de En Sonora en Equipo publicamos toda la informaci\u00f3n de Sonora, M\u00e9xico y el Mundo de manera oportuna y busca que la libertad de expresi\u00f3n sea real. Visita nuestro medio informativo publicado desde Hermosillo, Sonora. %","breadcrumb":{"@id":"https:\/\/www.sonoraenequipo.com.mx\/cerrara-sonora-2020-en-un-momento-muy-duro-por-la-pandemia-enrique-clausen\/#breadcrumb"},"inLanguage":"es","potentialAction":[{"@type":"ReadAction","target":["https:\/\/www.sonoraenequipo.com.mx\/cerrara-sonora-2020-en-un-momento-muy-duro-por-la-pandemia-enrique-clausen\/"]}]},{"@type":"ImageObject","inLanguage":"es","@id":"https:\/\/www.sonoraenequipo.com.mx\/cerrara-sonora-2020-en-un-momento-muy-duro-por-la-pandemia-enrique-clausen\/#primaryimage","url":"https:\/\/www.sonoraenequipo.com.mx\/storage\/2020\/10\/e-clausen3.jpg","contentUrl":"https:\/\/www.sonoraenequipo.com.mx\/storage\/2020\/10\/e-clausen3.jpg","width":600,"height":400},{"@type":"BreadcrumbList","@id":"https:\/\/www.sonoraenequipo.com.mx\/cerrara-sonora-2020-en-un-momento-muy-duro-por-la-pandemia-enrique-clausen\/#breadcrumb","itemListElement":[{"@type":"ListItem","position":1,"name":"Portada","item":"https:\/\/www.sonoraenequipo.com.mx\/"},{"@type":"ListItem","position":2,"name":"Cerrar\u00e1 Sonora 2020\u00a0 en un momento muy duro por la pandemia Enrique Clausen"}]},{"@type":"WebSite","@id":"https:\/\/www.sonoraenequipo.com.mx\/#website","url":"https:\/\/www.sonoraenequipo.com.mx\/","name":"Sonora en Equipo.","description":"Diario en l\u00ednea con Noticias desde Hermosillo, Sonora","publisher":{"@id":"https:\/\/www.sonoraenequipo.com.mx\/#organization"},"potentialAction":[{"@type":"SearchAction","target":{"@type":"EntryPoint","urlTemplate":"https:\/\/www.sonoraenequipo.com.mx\/?s={search_term_string}"},"query-input":{"@type":"PropertyValueSpecification","valueRequired":true,"valueName":"search_term_string"}}],"inLanguage":"es"},{"@type":"Organization","@id":"https:\/\/www.sonoraenequipo.com.mx\/#organization","name":"Sonoraenequipo.com.mx","url":"https:\/\/www.sonoraenequipo.com.mx\/","logo":{"@type":"ImageObject","inLanguage":"es","@id":"https:\/\/www.sonoraenequipo.com.mx\/#\/schema\/logo\/image\/","url":"https:\/\/www.sonoraenequipo.com.mx\/storage\/2019\/01\/sonoraenequipo_opt.png","contentUrl":"https:\/\/www.sonoraenequipo.com.mx\/storage\/2019\/01\/sonoraenequipo_opt.png","width":375,"height":125,"caption":"Sonoraenequipo.com.mx"},"image":{"@id":"https:\/\/www.sonoraenequipo.com.mx\/#\/schema\/logo\/image\/"},"sameAs":["https:\/\/www.facebook.com\/SonoraEE\/","https:\/\/x.com\/sonoraenequipo","https:\/\/www.youtube.com\/channel\/UC338nW-lPEYmJQs4ZABQ1SQ"]},{"@type":"Person","@id":"https:\/\/www.sonoraenequipo.com.mx\/#\/schema\/person\/50102df0fb23a8fa9e8effad8fa81386","name":"enequipo","image":{"@type":"ImageObject","inLanguage":"es","@id":"https:\/\/www.sonoraenequipo.com.mx\/#\/schema\/person\/image\/","url":"https:\/\/secure.gravatar.com\/avatar\/049821681b589dabc0bc20695993ccebb09f5b5d4d790cd9251b97faac7c652b?s=96&d=blank&r=g","contentUrl":"https:\/\/secure.gravatar.com\/avatar\/049821681b589dabc0bc20695993ccebb09f5b5d4d790cd9251b97faac7c652b?s=96&d=blank&r=g","caption":"enequipo"},"sameAs":["https:\/\/www.facebook.com\/SonoraEE"]}]}},"jetpack_featured_media_url":"https:\/\/www.sonoraenequipo.com.mx\/storage\/2020\/10\/e-clausen3.jpg","_links":{"self":[{"href":"https:\/\/www.sonoraenequipo.com.mx\/api\/wp\/v2\/posts\/103812","targetHints":{"allow":["GET"]}}],"collection":[{"href":"https:\/\/www.sonoraenequipo.com.mx\/api\/wp\/v2\/posts"}],"about":[{"href":"https:\/\/www.sonoraenequipo.com.mx\/api\/wp\/v2\/types\/post"}],"author":[{"embeddable":true,"href":"https:\/\/www.sonoraenequipo.com.mx\/api\/wp\/v2\/users\/1"}],"replies":[{"embeddable":true,"href":"https:\/\/www.sonoraenequipo.com.mx\/api\/wp\/v2\/comments?post=103812"}],"version-history":[{"count":1,"href":"https:\/\/www.sonoraenequipo.com.mx\/api\/wp\/v2\/posts\/103812\/revisions"}],"predecessor-version":[{"id":103813,"href":"https:\/\/www.sonoraenequipo.com.mx\/api\/wp\/v2\/posts\/103812\/revisions\/103813"}],"wp:featuredmedia":[{"embeddable":true,"href":"https:\/\/www.sonoraenequipo.com.mx\/api\/wp\/v2\/media\/97270"}],"wp:attachment":[{"href":"https:\/\/www.sonoraenequipo.com.mx\/api\/wp\/v2\/media?parent=103812"}],"wp:term":[{"taxonomy":"category","embeddable":true,"href":"https:\/\/www.sonoraenequipo.com.mx\/api\/wp\/v2\/categories?post=103812"},{"taxonomy":"post_tag","embeddable":true,"href":"https:\/\/www.sonoraenequipo.com.mx\/api\/wp\/v2\/tags?post=103812"}],"curies":[{"name":"wp","href":"https:\/\/api.w.org\/{rel}","templated":true}]}}