{"id":103824,"date":"2020-12-31T10:32:43","date_gmt":"2020-12-31T17:32:43","guid":{"rendered":"https:\/\/www.sonoraenequipo.com.mx\/?p=103824"},"modified":"2020-12-31T15:49:07","modified_gmt":"2020-12-31T22:49:07","slug":"alamos-alcalde-cierra-el-ano-trabajando-en-las-comunidades","status":"publish","type":"post","link":"https:\/\/www.sonoraenequipo.com.mx\/alamos-alcalde-cierra-el-ano-trabajando-en-las-comunidades\/","title":{"rendered":"\u00c1LAMOS. Alcalde cierra el a\u00f1o trabajando en las comunidades"},"content":{"rendered":"<p>\u00c1LAMOS, SONORA. MX. \u2014 Si algo ha caracterizado al presidente municipal V\u00edctor Balderrama es su incansable labor y gesti\u00f3n por las necesidades de las familias de su municipio; y al ser el \u00faltimo d\u00eda del a\u00f1o 2020 lo concluye haciendo lo que m\u00e1s le agrada; recorrer las comunidades m\u00e1s vulnerables para llevarles un poco de esperanza.<\/p>\n<p>&nbsp;<\/p>\n<p> <\/p>\n<p>&nbsp;<\/p>\n<p>Desde la comunidad ind\u00edgena de Makorawui V\u00edctor Balderrama dijo; \u00abEstamos cerrando un a\u00f1o con mucho trabajo, un a\u00f1o muy complicado no solo para Alamos si no para el mundo entero, un a\u00f1o que nos ense\u00f1\u00f3 a valorar las peque\u00f1as cosas; pero sobre todo que nos mostr\u00f3 la fragilidad de la vida\u00bb.<\/p>\n<p>&nbsp;<\/p>\n<p>Destac\u00f3 que como gobierno municipal seguir\u00e1n trabajando en el impulso de importantes acciones en beneficio de Alamos y sus familias; seguro estoy apunto, obtendremos grandes resultados para cumplir con los objetivos de trabajo que nos hemos trazado para este 2021.<\/p>\n<p>&nbsp;<\/p>\n<p>Los habitantes de la comunidad recibieron con gran benepl\u00e1cito las atenciones y beneficios que \u00e9l edil les llev\u00f3 que consisti\u00f3 en despensas, juguetes y dulces.<\/p>\n<p>&nbsp;<\/p>\n<p>&nbsp;<\/p>\n<p>(Publicada el 31\/12\/2020)<\/p>\n","protected":false},"excerpt":{"rendered":"<p>\u00c1LAMOS, SONORA. MX. \u2014 Si algo ha caracterizado al presidente municipal V\u00edctor Balderrama es su&#8230;<\/p>\n","protected":false},"author":1,"featured_media":103825,"comment_status":"open","ping_status":"open","sticky":false,"template":"","format":"standard","meta":{"_monsterinsights_skip_tracking":false,"_monsterinsights_sitenote_active":false,"_monsterinsights_sitenote_note":"","_monsterinsights_sitenote_category":0,"footnotes":""},"categories":[4],"tags":[],"class_list":["post"],"yoast_head":" \n<title>Sonora en Equipo. \u00c1LAMOS. Alcalde cierra el a\u00f1o trabajando en las comunidades Municipios<\/title>\n<meta name=\"description\" content=\"\u00c1LAMOS, SONORA. MX. \u2014 Si algo ha caracterizado al presidente municipal V\u00edctor Balderrama es su incansable labor y gesti\u00f3n por las necesidades de las En Sonora en Equipo publicamos toda la informaci\u00f3n de Sonora, M\u00e9xico y el Mundo de manera oportuna y busca que la libertad de expresi\u00f3n sea real. Visita nuestro medio informativo publicado desde Hermosillo, Sonora. %\" \/>\n<meta name=\"robots\" content=\"index, follow, max-snippet:-1, max-image-preview:large, max-video-preview:-1\" \/>\n<link rel=\"canonical\" href=\"https:\/\/www.sonoraenequipo.com.mx\/alamos-alcalde-cierra-el-ano-trabajando-en-las-comunidades\/\" \/>\n<meta property=\"og:locale\" content=\"es_ES\" \/>\n<meta property=\"og:type\" content=\"article\" \/>\n<meta property=\"og:title\" content=\"Sonora en Equipo. \u00c1LAMOS. Alcalde cierra el a\u00f1o trabajando en las comunidades Municipios\" \/>\n<meta property=\"og:description\" content=\"\u00c1LAMOS, SONORA. MX. \u2014 Si algo ha caracterizado al presidente municipal V\u00edctor Balderrama es su incansable labor y gesti\u00f3n por las necesidades de las En Sonora en Equipo publicamos toda la informaci\u00f3n de Sonora, M\u00e9xico y el Mundo de manera oportuna y busca que la libertad de expresi\u00f3n sea real. Visita nuestro medio informativo publicado desde Hermosillo, Sonora. %\" \/>\n<meta property=\"og:url\" content=\"https:\/\/www.sonoraenequipo.com.mx\/alamos-alcalde-cierra-el-ano-trabajando-en-las-comunidades\/\" \/>\n<meta property=\"og:site_name\" content=\"Sonora en Equipo.\" \/>\n<meta property=\"article:publisher\" content=\"https:\/\/www.facebook.com\/SonoraEE\/\" \/>\n<meta property=\"article:author\" content=\"https:\/\/www.facebook.com\/SonoraEE\" \/>\n<meta property=\"article:published_time\" content=\"2020-12-31T17:32:43+00:00\" \/>\n<meta property=\"article:modified_time\" content=\"2020-12-31T22:49:07+00:00\" \/>\n<meta property=\"og:image\" content=\"https:\/\/www.sonoraenequipo.com.mx\/storage\/2020\/12\/entregando-viveres-en-comunidades-de-alamos_opt.jpg\" \/>\n\t<meta property=\"og:image:width\" content=\"496\" \/>\n\t<meta property=\"og:image:height\" content=\"372\" \/>\n\t<meta property=\"og:image:type\" content=\"image\/jpeg\" \/>\n<meta name=\"author\" content=\"enequipo\" \/>\n<meta name=\"twitter:card\" content=\"summary_large_image\" \/>\n<meta name=\"twitter:creator\" content=\"@sonoraenequipo\" \/>\n<meta name=\"twitter:site\" content=\"@sonoraenequipo\" \/>\n<meta name=\"twitter:label1\" content=\"Escrito por\" \/>\n\t<meta name=\"twitter:data1\" content=\"enequipo\" \/>\n\t<meta name=\"twitter:label2\" content=\"Tiempo de lectura\" \/>\n\t<meta name=\"twitter:data2\" content=\"1 minuto\" \/>\n<script type=\"application\/ld+json\" class=\"yoast-schema-graph\">{\"@context\":\"https:\/\/schema.org\",\"@graph\":[{\"@type\":\"Article\",\"@id\":\"https:\/\/www.sonoraenequipo.com.mx\/alamos-alcalde-cierra-el-ano-trabajando-en-las-comunidades\/#article\",\"isPartOf\":{\"@id\":\"https:\/\/www.sonoraenequipo.com.mx\/alamos-alcalde-cierra-el-ano-trabajando-en-las-comunidades\/\"},\"author\":{\"name\":\"enequipo\",\"@id\":\"https:\/\/www.sonoraenequipo.com.mx\/#\/schema\/person\/50102df0fb23a8fa9e8effad8fa81386\"},\"headline\":\"\u00c1LAMOS. Alcalde cierra el a\u00f1o trabajando en las comunidades\",\"datePublished\":\"2020-12-31T17:32:43+00:00\",\"dateModified\":\"2020-12-31T22:49:07+00:00\",\"mainEntityOfPage\":{\"@id\":\"https:\/\/www.sonoraenequipo.com.mx\/alamos-alcalde-cierra-el-ano-trabajando-en-las-comunidades\/\"},\"wordCount\":201,\"commentCount\":0,\"publisher\":{\"@id\":\"https:\/\/www.sonoraenequipo.com.mx\/#organization\"},\"image\":{\"@id\":\"https:\/\/www.sonoraenequipo.com.mx\/alamos-alcalde-cierra-el-ano-trabajando-en-las-comunidades\/#primaryimage\"},\"thumbnailUrl\":\"https:\/\/www.sonoraenequipo.com.mx\/storage\/2020\/12\/entregando-viveres-en-comunidades-de-alamos_opt.jpg\",\"articleSection\":[\"Municipios\"],\"inLanguage\":\"es\",\"potentialAction\":[{\"@type\":\"CommentAction\",\"name\":\"Comment\",\"target\":[\"https:\/\/www.sonoraenequipo.com.mx\/alamos-alcalde-cierra-el-ano-trabajando-en-las-comunidades\/#respond\"]}]},{\"@type\":\"WebPage\",\"@id\":\"https:\/\/www.sonoraenequipo.com.mx\/alamos-alcalde-cierra-el-ano-trabajando-en-las-comunidades\/\",\"url\":\"https:\/\/www.sonoraenequipo.com.mx\/alamos-alcalde-cierra-el-ano-trabajando-en-las-comunidades\/\",\"name\":\"Sonora en Equipo. \u00c1LAMOS. Alcalde cierra el a\u00f1o trabajando en las comunidades Municipios\",\"isPartOf\":{\"@id\":\"https:\/\/www.sonoraenequipo.com.mx\/#website\"},\"primaryImageOfPage\":{\"@id\":\"https:\/\/www.sonoraenequipo.com.mx\/alamos-alcalde-cierra-el-ano-trabajando-en-las-comunidades\/#primaryimage\"},\"image\":{\"@id\":\"https:\/\/www.sonoraenequipo.com.mx\/alamos-alcalde-cierra-el-ano-trabajando-en-las-comunidades\/#primaryimage\"},\"thumbnailUrl\":\"https:\/\/www.sonoraenequipo.com.mx\/storage\/2020\/12\/entregando-viveres-en-comunidades-de-alamos_opt.jpg\",\"datePublished\":\"2020-12-31T17:32:43+00:00\",\"dateModified\":\"2020-12-31T22:49:07+00:00\",\"description\":\"\u00c1LAMOS, SONORA. MX. \u2014 Si algo ha caracterizado al presidente municipal V\u00edctor Balderrama es su incansable labor y gesti\u00f3n por las necesidades de las En Sonora en Equipo publicamos toda la informaci\u00f3n de Sonora, M\u00e9xico y el Mundo de manera oportuna y busca que la libertad de expresi\u00f3n sea real. Visita nuestro medio informativo publicado desde Hermosillo, Sonora. %\",\"breadcrumb\":{\"@id\":\"https:\/\/www.sonoraenequipo.com.mx\/alamos-alcalde-cierra-el-ano-trabajando-en-las-comunidades\/#breadcrumb\"},\"inLanguage\":\"es\",\"potentialAction\":[{\"@type\":\"ReadAction\",\"target\":[\"https:\/\/www.sonoraenequipo.com.mx\/alamos-alcalde-cierra-el-ano-trabajando-en-las-comunidades\/\"]}]},{\"@type\":\"ImageObject\",\"inLanguage\":\"es\",\"@id\":\"https:\/\/www.sonoraenequipo.com.mx\/alamos-alcalde-cierra-el-ano-trabajando-en-las-comunidades\/#primaryimage\",\"url\":\"https:\/\/www.sonoraenequipo.com.mx\/storage\/2020\/12\/entregando-viveres-en-comunidades-de-alamos_opt.jpg\",\"contentUrl\":\"https:\/\/www.sonoraenequipo.com.mx\/storage\/2020\/12\/entregando-viveres-en-comunidades-de-alamos_opt.jpg\",\"width\":496,\"height\":372},{\"@type\":\"BreadcrumbList\",\"@id\":\"https:\/\/www.sonoraenequipo.com.mx\/alamos-alcalde-cierra-el-ano-trabajando-en-las-comunidades\/#breadcrumb\",\"itemListElement\":[{\"@type\":\"ListItem\",\"position\":1,\"name\":\"Portada\",\"item\":\"https:\/\/www.sonoraenequipo.com.mx\/\"},{\"@type\":\"ListItem\",\"position\":2,\"name\":\"\u00c1LAMOS. Alcalde cierra el a\u00f1o trabajando en las comunidades\"}]},{\"@type\":\"WebSite\",\"@id\":\"https:\/\/www.sonoraenequipo.com.mx\/#website\",\"url\":\"https:\/\/www.sonoraenequipo.com.mx\/\",\"name\":\"Sonora en Equipo.\",\"description\":\"Diario en l\u00ednea con Noticias desde Hermosillo, Sonora\",\"publisher\":{\"@id\":\"https:\/\/www.sonoraenequipo.com.mx\/#organization\"},\"potentialAction\":[{\"@type\":\"SearchAction\",\"target\":{\"@type\":\"EntryPoint\",\"urlTemplate\":\"https:\/\/www.sonoraenequipo.com.mx\/?s={search_term_string}\"},\"query-input\":{\"@type\":\"PropertyValueSpecification\",\"valueRequired\":true,\"valueName\":\"search_term_string\"}}],\"inLanguage\":\"es\"},{\"@type\":\"Organization\",\"@id\":\"https:\/\/www.sonoraenequipo.com.mx\/#organization\",\"name\":\"Sonoraenequipo.com.mx\",\"url\":\"https:\/\/www.sonoraenequipo.com.mx\/\",\"logo\":{\"@type\":\"ImageObject\",\"inLanguage\":\"es\",\"@id\":\"https:\/\/www.sonoraenequipo.com.mx\/#\/schema\/logo\/image\/\",\"url\":\"https:\/\/www.sonoraenequipo.com.mx\/storage\/2019\/01\/sonoraenequipo_opt.png\",\"contentUrl\":\"https:\/\/www.sonoraenequipo.com.mx\/storage\/2019\/01\/sonoraenequipo_opt.png\",\"width\":375,\"height\":125,\"caption\":\"Sonoraenequipo.com.mx\"},\"image\":{\"@id\":\"https:\/\/www.sonoraenequipo.com.mx\/#\/schema\/logo\/image\/\"},\"sameAs\":[\"https:\/\/www.facebook.com\/SonoraEE\/\",\"https:\/\/x.com\/sonoraenequipo\",\"https:\/\/www.youtube.com\/channel\/UC338nW-lPEYmJQs4ZABQ1SQ\"]},{\"@type\":\"Person\",\"@id\":\"https:\/\/www.sonoraenequipo.com.mx\/#\/schema\/person\/50102df0fb23a8fa9e8effad8fa81386\",\"name\":\"enequipo\",\"image\":{\"@type\":\"ImageObject\",\"inLanguage\":\"es\",\"@id\":\"https:\/\/www.sonoraenequipo.com.mx\/#\/schema\/person\/image\/\",\"url\":\"https:\/\/secure.gravatar.com\/avatar\/049821681b589dabc0bc20695993ccebb09f5b5d4d790cd9251b97faac7c652b?s=96&d=blank&r=g\",\"contentUrl\":\"https:\/\/secure.gravatar.com\/avatar\/049821681b589dabc0bc20695993ccebb09f5b5d4d790cd9251b97faac7c652b?s=96&d=blank&r=g\",\"caption\":\"enequipo\"},\"sameAs\":[\"https:\/\/www.facebook.com\/SonoraEE\"]}]}<\/script>\n ","yoast_head_json":{"title":"Sonora en Equipo. \u00c1LAMOS. Alcalde cierra el a\u00f1o trabajando en las comunidades Municipios","description":"\u00c1LAMOS, SONORA. MX. \u2014 Si algo ha caracterizado al presidente municipal V\u00edctor Balderrama es su incansable labor y gesti\u00f3n por las necesidades de las En Sonora en Equipo publicamos toda la informaci\u00f3n de Sonora, M\u00e9xico y el Mundo de manera oportuna y busca que la libertad de expresi\u00f3n sea real. Visita nuestro medio informativo publicado desde Hermosillo, Sonora. %","robots":{"index":"index","follow":"follow","max-snippet":"max-snippet:-1","max-image-preview":"max-image-preview:large","max-video-preview":"max-video-preview:-1"},"canonical":"https:\/\/www.sonoraenequipo.com.mx\/alamos-alcalde-cierra-el-ano-trabajando-en-las-comunidades\/","og_locale":"es_ES","og_type":"article","og_title":"Sonora en Equipo. \u00c1LAMOS. Alcalde cierra el a\u00f1o trabajando en las comunidades Municipios","og_description":"\u00c1LAMOS, SONORA. MX. \u2014 Si algo ha caracterizado al presidente municipal V\u00edctor Balderrama es su incansable labor y gesti\u00f3n por las necesidades de las En Sonora en Equipo publicamos toda la informaci\u00f3n de Sonora, M\u00e9xico y el Mundo de manera oportuna y busca que la libertad de expresi\u00f3n sea real. Visita nuestro medio informativo publicado desde Hermosillo, Sonora. %","og_url":"https:\/\/www.sonoraenequipo.com.mx\/alamos-alcalde-cierra-el-ano-trabajando-en-las-comunidades\/","og_site_name":"Sonora en Equipo.","article_publisher":"https:\/\/www.facebook.com\/SonoraEE\/","article_author":"https:\/\/www.facebook.com\/SonoraEE","article_published_time":"2020-12-31T17:32:43+00:00","article_modified_time":"2020-12-31T22:49:07+00:00","og_image":[{"width":496,"height":372,"url":"https:\/\/www.sonoraenequipo.com.mx\/storage\/2020\/12\/entregando-viveres-en-comunidades-de-alamos_opt.jpg","type":"image\/jpeg"}],"author":"enequipo","twitter_card":"summary_large_image","twitter_creator":"@sonoraenequipo","twitter_site":"@sonoraenequipo","twitter_misc":{"Escrito por":"enequipo","Tiempo de lectura":"1 minuto"},"schema":{"@context":"https:\/\/schema.org","@graph":[{"@type":"Article","@id":"https:\/\/www.sonoraenequipo.com.mx\/alamos-alcalde-cierra-el-ano-trabajando-en-las-comunidades\/#article","isPartOf":{"@id":"https:\/\/www.sonoraenequipo.com.mx\/alamos-alcalde-cierra-el-ano-trabajando-en-las-comunidades\/"},"author":{"name":"enequipo","@id":"https:\/\/www.sonoraenequipo.com.mx\/#\/schema\/person\/50102df0fb23a8fa9e8effad8fa81386"},"headline":"\u00c1LAMOS. Alcalde cierra el a\u00f1o trabajando en las comunidades","datePublished":"2020-12-31T17:32:43+00:00","dateModified":"2020-12-31T22:49:07+00:00","mainEntityOfPage":{"@id":"https:\/\/www.sonoraenequipo.com.mx\/alamos-alcalde-cierra-el-ano-trabajando-en-las-comunidades\/"},"wordCount":201,"commentCount":0,"publisher":{"@id":"https:\/\/www.sonoraenequipo.com.mx\/#organization"},"image":{"@id":"https:\/\/www.sonoraenequipo.com.mx\/alamos-alcalde-cierra-el-ano-trabajando-en-las-comunidades\/#primaryimage"},"thumbnailUrl":"https:\/\/www.sonoraenequipo.com.mx\/storage\/2020\/12\/entregando-viveres-en-comunidades-de-alamos_opt.jpg","articleSection":["Municipios"],"inLanguage":"es","potentialAction":[{"@type":"CommentAction","name":"Comment","target":["https:\/\/www.sonoraenequipo.com.mx\/alamos-alcalde-cierra-el-ano-trabajando-en-las-comunidades\/#respond"]}]},{"@type":"WebPage","@id":"https:\/\/www.sonoraenequipo.com.mx\/alamos-alcalde-cierra-el-ano-trabajando-en-las-comunidades\/","url":"https:\/\/www.sonoraenequipo.com.mx\/alamos-alcalde-cierra-el-ano-trabajando-en-las-comunidades\/","name":"Sonora en Equipo. \u00c1LAMOS. Alcalde cierra el a\u00f1o trabajando en las comunidades Municipios","isPartOf":{"@id":"https:\/\/www.sonoraenequipo.com.mx\/#website"},"primaryImageOfPage":{"@id":"https:\/\/www.sonoraenequipo.com.mx\/alamos-alcalde-cierra-el-ano-trabajando-en-las-comunidades\/#primaryimage"},"image":{"@id":"https:\/\/www.sonoraenequipo.com.mx\/alamos-alcalde-cierra-el-ano-trabajando-en-las-comunidades\/#primaryimage"},"thumbnailUrl":"https:\/\/www.sonoraenequipo.com.mx\/storage\/2020\/12\/entregando-viveres-en-comunidades-de-alamos_opt.jpg","datePublished":"2020-12-31T17:32:43+00:00","dateModified":"2020-12-31T22:49:07+00:00","description":"\u00c1LAMOS, SONORA. MX. \u2014 Si algo ha caracterizado al presidente municipal V\u00edctor Balderrama es su incansable labor y gesti\u00f3n por las necesidades de las En Sonora en Equipo publicamos toda la informaci\u00f3n de Sonora, M\u00e9xico y el Mundo de manera oportuna y busca que la libertad de expresi\u00f3n sea real. Visita nuestro medio informativo publicado desde Hermosillo, Sonora. %","breadcrumb":{"@id":"https:\/\/www.sonoraenequipo.com.mx\/alamos-alcalde-cierra-el-ano-trabajando-en-las-comunidades\/#breadcrumb"},"inLanguage":"es","potentialAction":[{"@type":"ReadAction","target":["https:\/\/www.sonoraenequipo.com.mx\/alamos-alcalde-cierra-el-ano-trabajando-en-las-comunidades\/"]}]},{"@type":"ImageObject","inLanguage":"es","@id":"https:\/\/www.sonoraenequipo.com.mx\/alamos-alcalde-cierra-el-ano-trabajando-en-las-comunidades\/#primaryimage","url":"https:\/\/www.sonoraenequipo.com.mx\/storage\/2020\/12\/entregando-viveres-en-comunidades-de-alamos_opt.jpg","contentUrl":"https:\/\/www.sonoraenequipo.com.mx\/storage\/2020\/12\/entregando-viveres-en-comunidades-de-alamos_opt.jpg","width":496,"height":372},{"@type":"BreadcrumbList","@id":"https:\/\/www.sonoraenequipo.com.mx\/alamos-alcalde-cierra-el-ano-trabajando-en-las-comunidades\/#breadcrumb","itemListElement":[{"@type":"ListItem","position":1,"name":"Portada","item":"https:\/\/www.sonoraenequipo.com.mx\/"},{"@type":"ListItem","position":2,"name":"\u00c1LAMOS. Alcalde cierra el a\u00f1o trabajando en las comunidades"}]},{"@type":"WebSite","@id":"https:\/\/www.sonoraenequipo.com.mx\/#website","url":"https:\/\/www.sonoraenequipo.com.mx\/","name":"Sonora en Equipo.","description":"Diario en l\u00ednea con Noticias desde Hermosillo, Sonora","publisher":{"@id":"https:\/\/www.sonoraenequipo.com.mx\/#organization"},"potentialAction":[{"@type":"SearchAction","target":{"@type":"EntryPoint","urlTemplate":"https:\/\/www.sonoraenequipo.com.mx\/?s={search_term_string}"},"query-input":{"@type":"PropertyValueSpecification","valueRequired":true,"valueName":"search_term_string"}}],"inLanguage":"es"},{"@type":"Organization","@id":"https:\/\/www.sonoraenequipo.com.mx\/#organization","name":"Sonoraenequipo.com.mx","url":"https:\/\/www.sonoraenequipo.com.mx\/","logo":{"@type":"ImageObject","inLanguage":"es","@id":"https:\/\/www.sonoraenequipo.com.mx\/#\/schema\/logo\/image\/","url":"https:\/\/www.sonoraenequipo.com.mx\/storage\/2019\/01\/sonoraenequipo_opt.png","contentUrl":"https:\/\/www.sonoraenequipo.com.mx\/storage\/2019\/01\/sonoraenequipo_opt.png","width":375,"height":125,"caption":"Sonoraenequipo.com.mx"},"image":{"@id":"https:\/\/www.sonoraenequipo.com.mx\/#\/schema\/logo\/image\/"},"sameAs":["https:\/\/www.facebook.com\/SonoraEE\/","https:\/\/x.com\/sonoraenequipo","https:\/\/www.youtube.com\/channel\/UC338nW-lPEYmJQs4ZABQ1SQ"]},{"@type":"Person","@id":"https:\/\/www.sonoraenequipo.com.mx\/#\/schema\/person\/50102df0fb23a8fa9e8effad8fa81386","name":"enequipo","image":{"@type":"ImageObject","inLanguage":"es","@id":"https:\/\/www.sonoraenequipo.com.mx\/#\/schema\/person\/image\/","url":"https:\/\/secure.gravatar.com\/avatar\/049821681b589dabc0bc20695993ccebb09f5b5d4d790cd9251b97faac7c652b?s=96&d=blank&r=g","contentUrl":"https:\/\/secure.gravatar.com\/avatar\/049821681b589dabc0bc20695993ccebb09f5b5d4d790cd9251b97faac7c652b?s=96&d=blank&r=g","caption":"enequipo"},"sameAs":["https:\/\/www.facebook.com\/SonoraEE"]}]}},"jetpack_featured_media_url":"https:\/\/www.sonoraenequipo.com.mx\/storage\/2020\/12\/entregando-viveres-en-comunidades-de-alamos_opt.jpg","_links":{"self":[{"href":"https:\/\/www.sonoraenequipo.com.mx\/api\/wp\/v2\/posts\/103824","targetHints":{"allow":["GET"]}}],"collection":[{"href":"https:\/\/www.sonoraenequipo.com.mx\/api\/wp\/v2\/posts"}],"about":[{"href":"https:\/\/www.sonoraenequipo.com.mx\/api\/wp\/v2\/types\/post"}],"author":[{"embeddable":true,"href":"https:\/\/www.sonoraenequipo.com.mx\/api\/wp\/v2\/users\/1"}],"replies":[{"embeddable":true,"href":"https:\/\/www.sonoraenequipo.com.mx\/api\/wp\/v2\/comments?post=103824"}],"version-history":[{"count":1,"href":"https:\/\/www.sonoraenequipo.com.mx\/api\/wp\/v2\/posts\/103824\/revisions"}],"predecessor-version":[{"id":103826,"href":"https:\/\/www.sonoraenequipo.com.mx\/api\/wp\/v2\/posts\/103824\/revisions\/103826"}],"wp:featuredmedia":[{"embeddable":true,"href":"https:\/\/www.sonoraenequipo.com.mx\/api\/wp\/v2\/media\/103825"}],"wp:attachment":[{"href":"https:\/\/www.sonoraenequipo.com.mx\/api\/wp\/v2\/media?parent=103824"}],"wp:term":[{"taxonomy":"category","embeddable":true,"href":"https:\/\/www.sonoraenequipo.com.mx\/api\/wp\/v2\/categories?post=103824"},{"taxonomy":"post_tag","embeddable":true,"href":"https:\/\/www.sonoraenequipo.com.mx\/api\/wp\/v2\/tags?post=103824"}],"curies":[{"name":"wp","href":"https:\/\/api.w.org\/{rel}","templated":true}]}}