{"id":103827,"date":"2020-12-31T13:00:24","date_gmt":"2020-12-31T20:00:24","guid":{"rendered":"https:\/\/www.sonoraenequipo.com.mx\/?p=103827"},"modified":"2020-12-31T16:20:40","modified_gmt":"2020-12-31T23:20:40","slug":"instituto-municipal-del-deporte-de-alamos-cierra-el-ano-promoviendo-la-actividad-fisica","status":"publish","type":"post","link":"https:\/\/www.sonoraenequipo.com.mx\/instituto-municipal-del-deporte-de-alamos-cierra-el-ano-promoviendo-la-actividad-fisica\/","title":{"rendered":"Instituto Municipal del Deporte de \u00c1lamos cierra el a\u00f1o promoviendo la actividad f\u00edsica"},"content":{"rendered":"<p>\u00c1LAMOS, SONORA. MX. \u2014 En gran juego de la pelota blanda en nuestro municipio el d\u00eda de ayer concluy\u00f3 un torneo m\u00e1s de esta bonita disciplina que m\u00e1s de llegar a ser una competencia, es una actividad recreativa y de convivencia donde se fortalecen amistades entre cada uno de los equipos participantes.<\/p>\n<p>&nbsp;<\/p>\n<p> <\/p>\n<p>&nbsp;<\/p>\n<p>En el juego final de campeonato los protagonistas fueron el equipo \u00abChololos\u00bb y su rival en turno el equipo \u00abMasters\u00bb estos \u00faltimos haciendo racimo de 5 carreras en la misma primera entrada ante lanzamientos del abridor Alejandro Palomares para tomar una considerable ventaja que ya no perder\u00edan en el resto del encuentro, dejando as\u00ed un resultado final de 9 carreras a 6 y as\u00ed, el aguerrido equipo \u00abMasters\u00bb que en esta ocasi\u00f3n cont\u00f3 con una gran camada de j\u00f3venes talentos y a eso sumarle la experiencia de algunos compa\u00f1eros lo cual sirvi\u00f3 para conseguir un campeonato m\u00e1s de esta bonita disciplina deportiva.<\/p>\n<p>&nbsp;<\/p>\n<p><img loading=\"lazy\" decoding=\"async\" class=\"size-full  x-right\" src=\"https:\/\/sonmx.mx\/storage\/2020\/12\/alamos-campeones_opt.jpg\" alt=\"\" width=\"533\" height=\"400\" \/>El lanzador del triunfo fue el veterano Juan Arias, lanzando ruta completa y recibiendo el respaldo ofensivo de sus compa\u00f1eros, donde destacaron con su bateo los jugadores Arnoldo <em>\u00abnono\u00bb<\/em> Robles, Juan Arias Jr., Diego \u00c1lvarez, Freyre Navarro, Jorge Bours, Eruviel Gamez, Cayetano \u00abtano\u00bb D\u00edaz, Ed\u00e9n Enr\u00edquez y Jos\u00e9 \u00abchepe\u00bb Robles. Todos siendo parte fundamental para conseguir el campeonato.<\/p>\n<p>&nbsp;<\/p>\n<p>De igual forma va la felicitaci\u00f3n para el equipo <em>\u00abChololos\u00bb<\/em> comandados por el entusiasta Gabriel Robles, equipo del heroico cuerpo de bomberos dirigidos por su comandante Benjamin Mej\u00eda y el equipo <em>\u00abReales\u00bb<\/em> de Minas Nuevas de Jos\u00e9 Rodr\u00edguez. Todos ellos haciendo su esfuerzo para participar y con ello fortalecer la organizaci\u00f3n del Softbol en nuestro Pueblo M\u00e1gico.<\/p>\n<p>&nbsp;<\/p>\n<p>Siempre atento a las incidencias de juego el director del Instituto del deporte, el Profr. David Castillo Moreno, quien en representaci\u00f3n de nuestro presidente Lic. V\u00edctor Manuel Balderrama C\u00e1rdenas, premi\u00f3 con vistosos trofeos tanto al campe\u00f3n como al subcampe\u00f3n del torneo, as\u00ed como tambi\u00e9n felicit\u00f3 y agradeci\u00f3 la participaci\u00f3n de todos los equipos.<\/p>\n<p>&nbsp;<\/p>\n<p>De esta manera el Instituto Municipal del Deporte de nuestro municipio cierra el a\u00f1o promoviendo la actividad f\u00edsica por medio del deporte, todo con sus medidas de seguridad fortaleciendo as\u00ed cada una de las capacidades condicionales en los jugadores; lo cual es esencial, m\u00e1s en estos tiempos complicados de pandemia.<\/p>\n<p>&nbsp;<\/p>\n<p>&nbsp;<\/p>\n<p>(Publicada el 31\/12\/2020)<\/p>\n","protected":false},"excerpt":{"rendered":"<p>\u00c1LAMOS, SONORA. MX. \u2014 En gran juego de la pelota blanda en nuestro municipio el&#8230;<\/p>\n","protected":false},"author":1,"featured_media":103828,"comment_status":"open","ping_status":"open","sticky":false,"template":"","format":"standard","meta":{"_monsterinsights_skip_tracking":false,"_monsterinsights_sitenote_active":false,"_monsterinsights_sitenote_note":"","_monsterinsights_sitenote_category":0,"footnotes":""},"categories":[10],"tags":[],"class_list":["post"],"yoast_head":" \n<title>Sonora en Equipo. Instituto Municipal del Deporte de \u00c1lamos cierra el a\u00f1o promoviendo la actividad f\u00edsica Deportes<\/title>\n<meta name=\"description\" content=\"\u00c1LAMOS, SONORA. MX. \u2014 En gran juego de la pelota blanda en nuestro municipio el d\u00eda de ayer concluy\u00f3 un torneo m\u00e1s de esta bonita disciplina que m\u00e1s de En Sonora en Equipo publicamos toda la informaci\u00f3n de Sonora, M\u00e9xico y el Mundo de manera oportuna y busca que la libertad de expresi\u00f3n sea real. Visita nuestro medio informativo publicado desde Hermosillo, Sonora. %\" \/>\n<meta name=\"robots\" content=\"index, follow, max-snippet:-1, max-image-preview:large, max-video-preview:-1\" \/>\n<link rel=\"canonical\" href=\"https:\/\/www.sonoraenequipo.com.mx\/instituto-municipal-del-deporte-de-alamos-cierra-el-ano-promoviendo-la-actividad-fisica\/\" \/>\n<meta property=\"og:locale\" content=\"es_ES\" \/>\n<meta property=\"og:type\" content=\"article\" \/>\n<meta property=\"og:title\" content=\"Sonora en Equipo. Instituto Municipal del Deporte de \u00c1lamos cierra el a\u00f1o promoviendo la actividad f\u00edsica Deportes\" \/>\n<meta property=\"og:description\" content=\"\u00c1LAMOS, SONORA. MX. \u2014 En gran juego de la pelota blanda en nuestro municipio el d\u00eda de ayer concluy\u00f3 un torneo m\u00e1s de esta bonita disciplina que m\u00e1s de En Sonora en Equipo publicamos toda la informaci\u00f3n de Sonora, M\u00e9xico y el Mundo de manera oportuna y busca que la libertad de expresi\u00f3n sea real. Visita nuestro medio informativo publicado desde Hermosillo, Sonora. %\" \/>\n<meta property=\"og:url\" content=\"https:\/\/www.sonoraenequipo.com.mx\/instituto-municipal-del-deporte-de-alamos-cierra-el-ano-promoviendo-la-actividad-fisica\/\" \/>\n<meta property=\"og:site_name\" content=\"Sonora en Equipo.\" \/>\n<meta property=\"article:publisher\" content=\"https:\/\/www.facebook.com\/SonoraEE\/\" \/>\n<meta property=\"article:author\" content=\"https:\/\/www.facebook.com\/SonoraEE\" \/>\n<meta property=\"article:published_time\" content=\"2020-12-31T20:00:24+00:00\" \/>\n<meta property=\"article:modified_time\" content=\"2020-12-31T23:20:40+00:00\" \/>\n<meta property=\"og:image\" content=\"https:\/\/www.sonoraenequipo.com.mx\/storage\/2020\/12\/equipo-chololos_opt.jpg\" \/>\n\t<meta property=\"og:image:width\" content=\"533\" \/>\n\t<meta property=\"og:image:height\" content=\"400\" \/>\n\t<meta property=\"og:image:type\" content=\"image\/jpeg\" \/>\n<meta name=\"author\" content=\"enequipo\" \/>\n<meta name=\"twitter:card\" content=\"summary_large_image\" \/>\n<meta name=\"twitter:creator\" content=\"@sonoraenequipo\" \/>\n<meta name=\"twitter:site\" content=\"@sonoraenequipo\" \/>\n<meta name=\"twitter:label1\" content=\"Escrito por\" \/>\n\t<meta name=\"twitter:data1\" content=\"enequipo\" \/>\n\t<meta name=\"twitter:label2\" content=\"Tiempo de lectura\" \/>\n\t<meta name=\"twitter:data2\" content=\"2 minutos\" \/>\n<script type=\"application\/ld+json\" class=\"yoast-schema-graph\">{\"@context\":\"https:\/\/schema.org\",\"@graph\":[{\"@type\":\"Article\",\"@id\":\"https:\/\/www.sonoraenequipo.com.mx\/instituto-municipal-del-deporte-de-alamos-cierra-el-ano-promoviendo-la-actividad-fisica\/#article\",\"isPartOf\":{\"@id\":\"https:\/\/www.sonoraenequipo.com.mx\/instituto-municipal-del-deporte-de-alamos-cierra-el-ano-promoviendo-la-actividad-fisica\/\"},\"author\":{\"name\":\"enequipo\",\"@id\":\"https:\/\/www.sonoraenequipo.com.mx\/#\/schema\/person\/50102df0fb23a8fa9e8effad8fa81386\"},\"headline\":\"Instituto Municipal del Deporte de \u00c1lamos cierra el a\u00f1o promoviendo la actividad f\u00edsica\",\"datePublished\":\"2020-12-31T20:00:24+00:00\",\"dateModified\":\"2020-12-31T23:20:40+00:00\",\"mainEntityOfPage\":{\"@id\":\"https:\/\/www.sonoraenequipo.com.mx\/instituto-municipal-del-deporte-de-alamos-cierra-el-ano-promoviendo-la-actividad-fisica\/\"},\"wordCount\":420,\"commentCount\":0,\"publisher\":{\"@id\":\"https:\/\/www.sonoraenequipo.com.mx\/#organization\"},\"image\":{\"@id\":\"https:\/\/www.sonoraenequipo.com.mx\/instituto-municipal-del-deporte-de-alamos-cierra-el-ano-promoviendo-la-actividad-fisica\/#primaryimage\"},\"thumbnailUrl\":\"https:\/\/www.sonoraenequipo.com.mx\/storage\/2020\/12\/equipo-chololos_opt.jpg\",\"articleSection\":[\"Deportes\"],\"inLanguage\":\"es\",\"potentialAction\":[{\"@type\":\"CommentAction\",\"name\":\"Comment\",\"target\":[\"https:\/\/www.sonoraenequipo.com.mx\/instituto-municipal-del-deporte-de-alamos-cierra-el-ano-promoviendo-la-actividad-fisica\/#respond\"]}]},{\"@type\":\"WebPage\",\"@id\":\"https:\/\/www.sonoraenequipo.com.mx\/instituto-municipal-del-deporte-de-alamos-cierra-el-ano-promoviendo-la-actividad-fisica\/\",\"url\":\"https:\/\/www.sonoraenequipo.com.mx\/instituto-municipal-del-deporte-de-alamos-cierra-el-ano-promoviendo-la-actividad-fisica\/\",\"name\":\"Sonora en Equipo. Instituto Municipal del Deporte de \u00c1lamos cierra el a\u00f1o promoviendo la actividad f\u00edsica Deportes\",\"isPartOf\":{\"@id\":\"https:\/\/www.sonoraenequipo.com.mx\/#website\"},\"primaryImageOfPage\":{\"@id\":\"https:\/\/www.sonoraenequipo.com.mx\/instituto-municipal-del-deporte-de-alamos-cierra-el-ano-promoviendo-la-actividad-fisica\/#primaryimage\"},\"image\":{\"@id\":\"https:\/\/www.sonoraenequipo.com.mx\/instituto-municipal-del-deporte-de-alamos-cierra-el-ano-promoviendo-la-actividad-fisica\/#primaryimage\"},\"thumbnailUrl\":\"https:\/\/www.sonoraenequipo.com.mx\/storage\/2020\/12\/equipo-chololos_opt.jpg\",\"datePublished\":\"2020-12-31T20:00:24+00:00\",\"dateModified\":\"2020-12-31T23:20:40+00:00\",\"description\":\"\u00c1LAMOS, SONORA. MX. \u2014 En gran juego de la pelota blanda en nuestro municipio el d\u00eda de ayer concluy\u00f3 un torneo m\u00e1s de esta bonita disciplina que m\u00e1s de En Sonora en Equipo publicamos toda la informaci\u00f3n de Sonora, M\u00e9xico y el Mundo de manera oportuna y busca que la libertad de expresi\u00f3n sea real. Visita nuestro medio informativo publicado desde Hermosillo, Sonora. %\",\"breadcrumb\":{\"@id\":\"https:\/\/www.sonoraenequipo.com.mx\/instituto-municipal-del-deporte-de-alamos-cierra-el-ano-promoviendo-la-actividad-fisica\/#breadcrumb\"},\"inLanguage\":\"es\",\"potentialAction\":[{\"@type\":\"ReadAction\",\"target\":[\"https:\/\/www.sonoraenequipo.com.mx\/instituto-municipal-del-deporte-de-alamos-cierra-el-ano-promoviendo-la-actividad-fisica\/\"]}]},{\"@type\":\"ImageObject\",\"inLanguage\":\"es\",\"@id\":\"https:\/\/www.sonoraenequipo.com.mx\/instituto-municipal-del-deporte-de-alamos-cierra-el-ano-promoviendo-la-actividad-fisica\/#primaryimage\",\"url\":\"https:\/\/www.sonoraenequipo.com.mx\/storage\/2020\/12\/equipo-chololos_opt.jpg\",\"contentUrl\":\"https:\/\/www.sonoraenequipo.com.mx\/storage\/2020\/12\/equipo-chololos_opt.jpg\",\"width\":533,\"height\":400},{\"@type\":\"BreadcrumbList\",\"@id\":\"https:\/\/www.sonoraenequipo.com.mx\/instituto-municipal-del-deporte-de-alamos-cierra-el-ano-promoviendo-la-actividad-fisica\/#breadcrumb\",\"itemListElement\":[{\"@type\":\"ListItem\",\"position\":1,\"name\":\"Portada\",\"item\":\"https:\/\/www.sonoraenequipo.com.mx\/\"},{\"@type\":\"ListItem\",\"position\":2,\"name\":\"Instituto Municipal del Deporte de \u00c1lamos cierra el a\u00f1o promoviendo la actividad f\u00edsica\"}]},{\"@type\":\"WebSite\",\"@id\":\"https:\/\/www.sonoraenequipo.com.mx\/#website\",\"url\":\"https:\/\/www.sonoraenequipo.com.mx\/\",\"name\":\"Sonora en Equipo.\",\"description\":\"Diario en l\u00ednea con Noticias desde Hermosillo, Sonora\",\"publisher\":{\"@id\":\"https:\/\/www.sonoraenequipo.com.mx\/#organization\"},\"potentialAction\":[{\"@type\":\"SearchAction\",\"target\":{\"@type\":\"EntryPoint\",\"urlTemplate\":\"https:\/\/www.sonoraenequipo.com.mx\/?s={search_term_string}\"},\"query-input\":{\"@type\":\"PropertyValueSpecification\",\"valueRequired\":true,\"valueName\":\"search_term_string\"}}],\"inLanguage\":\"es\"},{\"@type\":\"Organization\",\"@id\":\"https:\/\/www.sonoraenequipo.com.mx\/#organization\",\"name\":\"Sonoraenequipo.com.mx\",\"url\":\"https:\/\/www.sonoraenequipo.com.mx\/\",\"logo\":{\"@type\":\"ImageObject\",\"inLanguage\":\"es\",\"@id\":\"https:\/\/www.sonoraenequipo.com.mx\/#\/schema\/logo\/image\/\",\"url\":\"https:\/\/www.sonoraenequipo.com.mx\/storage\/2019\/01\/sonoraenequipo_opt.png\",\"contentUrl\":\"https:\/\/www.sonoraenequipo.com.mx\/storage\/2019\/01\/sonoraenequipo_opt.png\",\"width\":375,\"height\":125,\"caption\":\"Sonoraenequipo.com.mx\"},\"image\":{\"@id\":\"https:\/\/www.sonoraenequipo.com.mx\/#\/schema\/logo\/image\/\"},\"sameAs\":[\"https:\/\/www.facebook.com\/SonoraEE\/\",\"https:\/\/x.com\/sonoraenequipo\",\"https:\/\/www.youtube.com\/channel\/UC338nW-lPEYmJQs4ZABQ1SQ\"]},{\"@type\":\"Person\",\"@id\":\"https:\/\/www.sonoraenequipo.com.mx\/#\/schema\/person\/50102df0fb23a8fa9e8effad8fa81386\",\"name\":\"enequipo\",\"image\":{\"@type\":\"ImageObject\",\"inLanguage\":\"es\",\"@id\":\"https:\/\/www.sonoraenequipo.com.mx\/#\/schema\/person\/image\/\",\"url\":\"https:\/\/secure.gravatar.com\/avatar\/049821681b589dabc0bc20695993ccebb09f5b5d4d790cd9251b97faac7c652b?s=96&d=blank&r=g\",\"contentUrl\":\"https:\/\/secure.gravatar.com\/avatar\/049821681b589dabc0bc20695993ccebb09f5b5d4d790cd9251b97faac7c652b?s=96&d=blank&r=g\",\"caption\":\"enequipo\"},\"sameAs\":[\"https:\/\/www.facebook.com\/SonoraEE\"]}]}<\/script>\n ","yoast_head_json":{"title":"Sonora en Equipo. Instituto Municipal del Deporte de \u00c1lamos cierra el a\u00f1o promoviendo la actividad f\u00edsica Deportes","description":"\u00c1LAMOS, SONORA. MX. \u2014 En gran juego de la pelota blanda en nuestro municipio el d\u00eda de ayer concluy\u00f3 un torneo m\u00e1s de esta bonita disciplina que m\u00e1s de En Sonora en Equipo publicamos toda la informaci\u00f3n de Sonora, M\u00e9xico y el Mundo de manera oportuna y busca que la libertad de expresi\u00f3n sea real. Visita nuestro medio informativo publicado desde Hermosillo, Sonora. %","robots":{"index":"index","follow":"follow","max-snippet":"max-snippet:-1","max-image-preview":"max-image-preview:large","max-video-preview":"max-video-preview:-1"},"canonical":"https:\/\/www.sonoraenequipo.com.mx\/instituto-municipal-del-deporte-de-alamos-cierra-el-ano-promoviendo-la-actividad-fisica\/","og_locale":"es_ES","og_type":"article","og_title":"Sonora en Equipo. Instituto Municipal del Deporte de \u00c1lamos cierra el a\u00f1o promoviendo la actividad f\u00edsica Deportes","og_description":"\u00c1LAMOS, SONORA. MX. \u2014 En gran juego de la pelota blanda en nuestro municipio el d\u00eda de ayer concluy\u00f3 un torneo m\u00e1s de esta bonita disciplina que m\u00e1s de En Sonora en Equipo publicamos toda la informaci\u00f3n de Sonora, M\u00e9xico y el Mundo de manera oportuna y busca que la libertad de expresi\u00f3n sea real. Visita nuestro medio informativo publicado desde Hermosillo, Sonora. %","og_url":"https:\/\/www.sonoraenequipo.com.mx\/instituto-municipal-del-deporte-de-alamos-cierra-el-ano-promoviendo-la-actividad-fisica\/","og_site_name":"Sonora en Equipo.","article_publisher":"https:\/\/www.facebook.com\/SonoraEE\/","article_author":"https:\/\/www.facebook.com\/SonoraEE","article_published_time":"2020-12-31T20:00:24+00:00","article_modified_time":"2020-12-31T23:20:40+00:00","og_image":[{"width":533,"height":400,"url":"https:\/\/www.sonoraenequipo.com.mx\/storage\/2020\/12\/equipo-chololos_opt.jpg","type":"image\/jpeg"}],"author":"enequipo","twitter_card":"summary_large_image","twitter_creator":"@sonoraenequipo","twitter_site":"@sonoraenequipo","twitter_misc":{"Escrito por":"enequipo","Tiempo de lectura":"2 minutos"},"schema":{"@context":"https:\/\/schema.org","@graph":[{"@type":"Article","@id":"https:\/\/www.sonoraenequipo.com.mx\/instituto-municipal-del-deporte-de-alamos-cierra-el-ano-promoviendo-la-actividad-fisica\/#article","isPartOf":{"@id":"https:\/\/www.sonoraenequipo.com.mx\/instituto-municipal-del-deporte-de-alamos-cierra-el-ano-promoviendo-la-actividad-fisica\/"},"author":{"name":"enequipo","@id":"https:\/\/www.sonoraenequipo.com.mx\/#\/schema\/person\/50102df0fb23a8fa9e8effad8fa81386"},"headline":"Instituto Municipal del Deporte de \u00c1lamos cierra el a\u00f1o promoviendo la actividad f\u00edsica","datePublished":"2020-12-31T20:00:24+00:00","dateModified":"2020-12-31T23:20:40+00:00","mainEntityOfPage":{"@id":"https:\/\/www.sonoraenequipo.com.mx\/instituto-municipal-del-deporte-de-alamos-cierra-el-ano-promoviendo-la-actividad-fisica\/"},"wordCount":420,"commentCount":0,"publisher":{"@id":"https:\/\/www.sonoraenequipo.com.mx\/#organization"},"image":{"@id":"https:\/\/www.sonoraenequipo.com.mx\/instituto-municipal-del-deporte-de-alamos-cierra-el-ano-promoviendo-la-actividad-fisica\/#primaryimage"},"thumbnailUrl":"https:\/\/www.sonoraenequipo.com.mx\/storage\/2020\/12\/equipo-chololos_opt.jpg","articleSection":["Deportes"],"inLanguage":"es","potentialAction":[{"@type":"CommentAction","name":"Comment","target":["https:\/\/www.sonoraenequipo.com.mx\/instituto-municipal-del-deporte-de-alamos-cierra-el-ano-promoviendo-la-actividad-fisica\/#respond"]}]},{"@type":"WebPage","@id":"https:\/\/www.sonoraenequipo.com.mx\/instituto-municipal-del-deporte-de-alamos-cierra-el-ano-promoviendo-la-actividad-fisica\/","url":"https:\/\/www.sonoraenequipo.com.mx\/instituto-municipal-del-deporte-de-alamos-cierra-el-ano-promoviendo-la-actividad-fisica\/","name":"Sonora en Equipo. Instituto Municipal del Deporte de \u00c1lamos cierra el a\u00f1o promoviendo la actividad f\u00edsica Deportes","isPartOf":{"@id":"https:\/\/www.sonoraenequipo.com.mx\/#website"},"primaryImageOfPage":{"@id":"https:\/\/www.sonoraenequipo.com.mx\/instituto-municipal-del-deporte-de-alamos-cierra-el-ano-promoviendo-la-actividad-fisica\/#primaryimage"},"image":{"@id":"https:\/\/www.sonoraenequipo.com.mx\/instituto-municipal-del-deporte-de-alamos-cierra-el-ano-promoviendo-la-actividad-fisica\/#primaryimage"},"thumbnailUrl":"https:\/\/www.sonoraenequipo.com.mx\/storage\/2020\/12\/equipo-chololos_opt.jpg","datePublished":"2020-12-31T20:00:24+00:00","dateModified":"2020-12-31T23:20:40+00:00","description":"\u00c1LAMOS, SONORA. MX. \u2014 En gran juego de la pelota blanda en nuestro municipio el d\u00eda de ayer concluy\u00f3 un torneo m\u00e1s de esta bonita disciplina que m\u00e1s de En Sonora en Equipo publicamos toda la informaci\u00f3n de Sonora, M\u00e9xico y el Mundo de manera oportuna y busca que la libertad de expresi\u00f3n sea real. Visita nuestro medio informativo publicado desde Hermosillo, Sonora. %","breadcrumb":{"@id":"https:\/\/www.sonoraenequipo.com.mx\/instituto-municipal-del-deporte-de-alamos-cierra-el-ano-promoviendo-la-actividad-fisica\/#breadcrumb"},"inLanguage":"es","potentialAction":[{"@type":"ReadAction","target":["https:\/\/www.sonoraenequipo.com.mx\/instituto-municipal-del-deporte-de-alamos-cierra-el-ano-promoviendo-la-actividad-fisica\/"]}]},{"@type":"ImageObject","inLanguage":"es","@id":"https:\/\/www.sonoraenequipo.com.mx\/instituto-municipal-del-deporte-de-alamos-cierra-el-ano-promoviendo-la-actividad-fisica\/#primaryimage","url":"https:\/\/www.sonoraenequipo.com.mx\/storage\/2020\/12\/equipo-chololos_opt.jpg","contentUrl":"https:\/\/www.sonoraenequipo.com.mx\/storage\/2020\/12\/equipo-chololos_opt.jpg","width":533,"height":400},{"@type":"BreadcrumbList","@id":"https:\/\/www.sonoraenequipo.com.mx\/instituto-municipal-del-deporte-de-alamos-cierra-el-ano-promoviendo-la-actividad-fisica\/#breadcrumb","itemListElement":[{"@type":"ListItem","position":1,"name":"Portada","item":"https:\/\/www.sonoraenequipo.com.mx\/"},{"@type":"ListItem","position":2,"name":"Instituto Municipal del Deporte de \u00c1lamos cierra el a\u00f1o promoviendo la actividad f\u00edsica"}]},{"@type":"WebSite","@id":"https:\/\/www.sonoraenequipo.com.mx\/#website","url":"https:\/\/www.sonoraenequipo.com.mx\/","name":"Sonora en Equipo.","description":"Diario en l\u00ednea con Noticias desde Hermosillo, Sonora","publisher":{"@id":"https:\/\/www.sonoraenequipo.com.mx\/#organization"},"potentialAction":[{"@type":"SearchAction","target":{"@type":"EntryPoint","urlTemplate":"https:\/\/www.sonoraenequipo.com.mx\/?s={search_term_string}"},"query-input":{"@type":"PropertyValueSpecification","valueRequired":true,"valueName":"search_term_string"}}],"inLanguage":"es"},{"@type":"Organization","@id":"https:\/\/www.sonoraenequipo.com.mx\/#organization","name":"Sonoraenequipo.com.mx","url":"https:\/\/www.sonoraenequipo.com.mx\/","logo":{"@type":"ImageObject","inLanguage":"es","@id":"https:\/\/www.sonoraenequipo.com.mx\/#\/schema\/logo\/image\/","url":"https:\/\/www.sonoraenequipo.com.mx\/storage\/2019\/01\/sonoraenequipo_opt.png","contentUrl":"https:\/\/www.sonoraenequipo.com.mx\/storage\/2019\/01\/sonoraenequipo_opt.png","width":375,"height":125,"caption":"Sonoraenequipo.com.mx"},"image":{"@id":"https:\/\/www.sonoraenequipo.com.mx\/#\/schema\/logo\/image\/"},"sameAs":["https:\/\/www.facebook.com\/SonoraEE\/","https:\/\/x.com\/sonoraenequipo","https:\/\/www.youtube.com\/channel\/UC338nW-lPEYmJQs4ZABQ1SQ"]},{"@type":"Person","@id":"https:\/\/www.sonoraenequipo.com.mx\/#\/schema\/person\/50102df0fb23a8fa9e8effad8fa81386","name":"enequipo","image":{"@type":"ImageObject","inLanguage":"es","@id":"https:\/\/www.sonoraenequipo.com.mx\/#\/schema\/person\/image\/","url":"https:\/\/secure.gravatar.com\/avatar\/049821681b589dabc0bc20695993ccebb09f5b5d4d790cd9251b97faac7c652b?s=96&d=blank&r=g","contentUrl":"https:\/\/secure.gravatar.com\/avatar\/049821681b589dabc0bc20695993ccebb09f5b5d4d790cd9251b97faac7c652b?s=96&d=blank&r=g","caption":"enequipo"},"sameAs":["https:\/\/www.facebook.com\/SonoraEE"]}]}},"jetpack_featured_media_url":"https:\/\/www.sonoraenequipo.com.mx\/storage\/2020\/12\/equipo-chololos_opt.jpg","_links":{"self":[{"href":"https:\/\/www.sonoraenequipo.com.mx\/api\/wp\/v2\/posts\/103827","targetHints":{"allow":["GET"]}}],"collection":[{"href":"https:\/\/www.sonoraenequipo.com.mx\/api\/wp\/v2\/posts"}],"about":[{"href":"https:\/\/www.sonoraenequipo.com.mx\/api\/wp\/v2\/types\/post"}],"author":[{"embeddable":true,"href":"https:\/\/www.sonoraenequipo.com.mx\/api\/wp\/v2\/users\/1"}],"replies":[{"embeddable":true,"href":"https:\/\/www.sonoraenequipo.com.mx\/api\/wp\/v2\/comments?post=103827"}],"version-history":[{"count":1,"href":"https:\/\/www.sonoraenequipo.com.mx\/api\/wp\/v2\/posts\/103827\/revisions"}],"predecessor-version":[{"id":103830,"href":"https:\/\/www.sonoraenequipo.com.mx\/api\/wp\/v2\/posts\/103827\/revisions\/103830"}],"wp:featuredmedia":[{"embeddable":true,"href":"https:\/\/www.sonoraenequipo.com.mx\/api\/wp\/v2\/media\/103828"}],"wp:attachment":[{"href":"https:\/\/www.sonoraenequipo.com.mx\/api\/wp\/v2\/media?parent=103827"}],"wp:term":[{"taxonomy":"category","embeddable":true,"href":"https:\/\/www.sonoraenequipo.com.mx\/api\/wp\/v2\/categories?post=103827"},{"taxonomy":"post_tag","embeddable":true,"href":"https:\/\/www.sonoraenequipo.com.mx\/api\/wp\/v2\/tags?post=103827"}],"curies":[{"name":"wp","href":"https:\/\/api.w.org\/{rel}","templated":true}]}}