{"id":103831,"date":"2020-12-31T16:57:52","date_gmt":"2020-12-31T23:57:52","guid":{"rendered":"https:\/\/www.sonoraenequipo.com.mx\/?p=103831"},"modified":"2021-01-02T15:22:44","modified_gmt":"2021-01-02T22:22:44","slug":"silvano-aureoles-advierte-a-los-michoacanos-hay-una-emergencia-y-quiza-haya-que-endurecer-las-medidas","status":"publish","type":"post","link":"https:\/\/www.sonoraenequipo.com.mx\/silvano-aureoles-advierte-a-los-michoacanos-hay-una-emergencia-y-quiza-haya-que-endurecer-las-medidas\/","title":{"rendered":"Silvano Aureoles advierte a los michoacanos: \u201chay una emergencia y quiz\u00e1 haya que endurecer las medidas\u201d"},"content":{"rendered":"<p>MORELIA, MICHOAC\u00c1N. MX. \u2014 Quedarse en casa, ya que de otra forma es posible que se deba endurecer las medidas dispuestas por el gobierno del estado ante la pandemia. Fue el \u00faltimo mensaje del a\u00f1o del gobernador Silvano Aureoles a los michoacanos.<\/p>\n<p>&nbsp;<\/p>\n<p> <\/p>\n<p>&nbsp;<\/p>\n<p>Difundido a trav\u00e9s de sus redes sociales, el gobernador record\u00f3 la compleja situaci\u00f3n en Michoac\u00e1n y en el pa\u00eds, con una ocupaci\u00f3n hospitalaria que en Morelia est\u00e1 a punto de rebasar la capacidad del sistema y el riesgo de llegar en pr\u00f3ximos d\u00edas a un punto cr\u00edtico.<\/p>\n<p>&nbsp;<\/p>\n<p><em>\u201cEste es un mensaje de emergencia. Michoac\u00e1n est\u00e1 a punto de entrar a un escenario terriblemente complicado por al alarmante n\u00famero de contagios\u201d,<\/em> dijo afirm\u00f3.<\/p>\n<p>&nbsp;<\/p>\n<p>Y lament\u00f3 que la poblaci\u00f3n se haya relajado tras 10 meses de pandemia.<\/p>\n<p>&nbsp;<\/p>\n<p><em>\u201cEs un hecho que una parte de la sociedad michoacana se ha relajado, se ha distra\u00eddo, ha empezado a perderle el miedo a a enfermedad y a hacer como si no pasara nada.<\/em><\/p>\n<p>&nbsp;<\/p>\n<p><em>\u201cLos 10 meses de control de la epidemia que hemos logrado juntos se pueden derrumbar y pasar a un escenario de pesadilla en el inicio de a\u00f1o si no actuamos\u201d.<\/em><\/p>\n<p>&nbsp;<\/p>\n<p>Ante ello, lanz\u00f3 una advertencia. <em>\u201cHago un llamado con car\u00e1cter de urgencia pero tambi\u00e9n de advertencia: los niveles de contagio nos pueden obligar a endurecer las medidas a tomar\u201d.<\/em><\/p>\n<p>&nbsp;<\/p>\n<p><em>\u201cLes ruego\u201d,<\/em> se\u00f1al\u00f3,<em> \u201cpor sus familias y ustedes mismos, y tambi\u00e9n por el personal medico, no hagan reuniones, no hagan fiestas de fin de a\u00f1o, ni durante todo el mes de enero hasta nuevo aviso\u201d.<\/em><\/p>\n<p>&nbsp;<\/p>\n<p>Nuevamente llam\u00f3 a los mexicanos a ser prudentes.<\/p>\n<p>&nbsp;<\/p>\n<p><em>\u201cSolo salgan de casa para lo estrictamente urgente, y adem\u00e1s que sea muy necesario. Tenemos que evitar que m\u00e1s gente se siga enfermando, porque ya no hay espacios en los hospitales. Sobre todo, tenemos que evitar que se sigan muriendo nuestros seres queridos\u201d.<\/em><\/p>\n<p>&nbsp;<\/p>\n<p>&nbsp;<\/p>\n<p>Finalmente, pidi\u00f3 que <em>\u201cpor Michoac\u00e1n, por tu familia, s\u00e9 responsable. En nuestras manos est\u00e1 hacer del 2021 un mejor a\u00f1o para todas y todos\u201d.<\/em><\/p>\n<p>&nbsp;<\/p>\n<p>&nbsp;<\/p>\n<p>(Publicada el 31\/12\/2020)<\/p>\n","protected":false},"excerpt":{"rendered":"<p>MORELIA, MICHOAC\u00c1N. MX. \u2014 Quedarse en casa, ya que de otra forma es posible que&#8230;<\/p>\n","protected":false},"author":1,"featured_media":103905,"comment_status":"open","ping_status":"open","sticky":false,"template":"","format":"standard","meta":{"_monsterinsights_skip_tracking":false,"_monsterinsights_sitenote_active":false,"_monsterinsights_sitenote_note":"","_monsterinsights_sitenote_category":0,"footnotes":""},"categories":[5],"tags":[],"class_list":["post"],"yoast_head":" \n<title>Sonora en Equipo. Silvano Aureoles advierte a los michoacanos: \u201chay una emergencia y quiz\u00e1 haya que endurecer las medidas\u201d Rep\u00fablica<\/title>\n<meta name=\"description\" content=\"MORELIA, MICHOAC\u00c1N. MX. \u2014 Quedarse en casa, ya que de otra forma es posible que se deba endurecer las medidas dispuestas por el gobierno del estado ante En Sonora en Equipo publicamos toda la informaci\u00f3n de Sonora, M\u00e9xico y el Mundo de manera oportuna y busca que la libertad de expresi\u00f3n sea real. Visita nuestro medio informativo publicado desde Hermosillo, Sonora. %\" \/>\n<meta name=\"robots\" content=\"index, follow, max-snippet:-1, max-image-preview:large, max-video-preview:-1\" \/>\n<link rel=\"canonical\" href=\"https:\/\/www.sonoraenequipo.com.mx\/silvano-aureoles-advierte-a-los-michoacanos-hay-una-emergencia-y-quiza-haya-que-endurecer-las-medidas\/\" \/>\n<meta property=\"og:locale\" content=\"es_ES\" \/>\n<meta property=\"og:type\" content=\"article\" \/>\n<meta property=\"og:title\" content=\"Sonora en Equipo. Silvano Aureoles advierte a los michoacanos: \u201chay una emergencia y quiz\u00e1 haya que endurecer las medidas\u201d Rep\u00fablica\" \/>\n<meta property=\"og:description\" content=\"MORELIA, MICHOAC\u00c1N. MX. \u2014 Quedarse en casa, ya que de otra forma es posible que se deba endurecer las medidas dispuestas por el gobierno del estado ante En Sonora en Equipo publicamos toda la informaci\u00f3n de Sonora, M\u00e9xico y el Mundo de manera oportuna y busca que la libertad de expresi\u00f3n sea real. Visita nuestro medio informativo publicado desde Hermosillo, Sonora. %\" \/>\n<meta property=\"og:url\" content=\"https:\/\/www.sonoraenequipo.com.mx\/silvano-aureoles-advierte-a-los-michoacanos-hay-una-emergencia-y-quiza-haya-que-endurecer-las-medidas\/\" \/>\n<meta property=\"og:site_name\" content=\"Sonora en Equipo.\" \/>\n<meta property=\"article:publisher\" content=\"https:\/\/www.facebook.com\/SonoraEE\/\" \/>\n<meta property=\"article:author\" content=\"https:\/\/www.facebook.com\/SonoraEE\" \/>\n<meta property=\"article:published_time\" content=\"2020-12-31T23:57:52+00:00\" \/>\n<meta property=\"article:modified_time\" content=\"2021-01-02T22:22:44+00:00\" \/>\n<meta property=\"og:image\" content=\"https:\/\/www.sonoraenequipo.com.mx\/storage\/2020\/12\/Silvano-2_opt.jpg\" \/>\n\t<meta property=\"og:image:width\" content=\"601\" \/>\n\t<meta property=\"og:image:height\" content=\"400\" \/>\n\t<meta property=\"og:image:type\" content=\"image\/jpeg\" \/>\n<meta name=\"author\" content=\"enequipo\" \/>\n<meta name=\"twitter:card\" content=\"summary_large_image\" \/>\n<meta name=\"twitter:creator\" content=\"@sonoraenequipo\" \/>\n<meta name=\"twitter:site\" content=\"@sonoraenequipo\" \/>\n<meta name=\"twitter:label1\" content=\"Escrito por\" \/>\n\t<meta name=\"twitter:data1\" content=\"enequipo\" \/>\n\t<meta name=\"twitter:label2\" content=\"Tiempo de lectura\" \/>\n\t<meta name=\"twitter:data2\" content=\"2 minutos\" \/>\n<script type=\"application\/ld+json\" class=\"yoast-schema-graph\">{\"@context\":\"https:\/\/schema.org\",\"@graph\":[{\"@type\":\"Article\",\"@id\":\"https:\/\/www.sonoraenequipo.com.mx\/silvano-aureoles-advierte-a-los-michoacanos-hay-una-emergencia-y-quiza-haya-que-endurecer-las-medidas\/#article\",\"isPartOf\":{\"@id\":\"https:\/\/www.sonoraenequipo.com.mx\/silvano-aureoles-advierte-a-los-michoacanos-hay-una-emergencia-y-quiza-haya-que-endurecer-las-medidas\/\"},\"author\":{\"name\":\"enequipo\",\"@id\":\"https:\/\/www.sonoraenequipo.com.mx\/#\/schema\/person\/50102df0fb23a8fa9e8effad8fa81386\"},\"headline\":\"Silvano Aureoles advierte a los michoacanos: \u201chay una emergencia y quiz\u00e1 haya que endurecer las medidas\u201d\",\"datePublished\":\"2020-12-31T23:57:52+00:00\",\"dateModified\":\"2021-01-02T22:22:44+00:00\",\"mainEntityOfPage\":{\"@id\":\"https:\/\/www.sonoraenequipo.com.mx\/silvano-aureoles-advierte-a-los-michoacanos-hay-una-emergencia-y-quiza-haya-que-endurecer-las-medidas\/\"},\"wordCount\":381,\"commentCount\":0,\"publisher\":{\"@id\":\"https:\/\/www.sonoraenequipo.com.mx\/#organization\"},\"image\":{\"@id\":\"https:\/\/www.sonoraenequipo.com.mx\/silvano-aureoles-advierte-a-los-michoacanos-hay-una-emergencia-y-quiza-haya-que-endurecer-las-medidas\/#primaryimage\"},\"thumbnailUrl\":\"https:\/\/www.sonoraenequipo.com.mx\/storage\/2020\/12\/Silvano-2_opt.jpg\",\"articleSection\":[\"Rep\u00fablica\"],\"inLanguage\":\"es\",\"potentialAction\":[{\"@type\":\"CommentAction\",\"name\":\"Comment\",\"target\":[\"https:\/\/www.sonoraenequipo.com.mx\/silvano-aureoles-advierte-a-los-michoacanos-hay-una-emergencia-y-quiza-haya-que-endurecer-las-medidas\/#respond\"]}]},{\"@type\":\"WebPage\",\"@id\":\"https:\/\/www.sonoraenequipo.com.mx\/silvano-aureoles-advierte-a-los-michoacanos-hay-una-emergencia-y-quiza-haya-que-endurecer-las-medidas\/\",\"url\":\"https:\/\/www.sonoraenequipo.com.mx\/silvano-aureoles-advierte-a-los-michoacanos-hay-una-emergencia-y-quiza-haya-que-endurecer-las-medidas\/\",\"name\":\"Sonora en Equipo. Silvano Aureoles advierte a los michoacanos: \u201chay una emergencia y quiz\u00e1 haya que endurecer las medidas\u201d Rep\u00fablica\",\"isPartOf\":{\"@id\":\"https:\/\/www.sonoraenequipo.com.mx\/#website\"},\"primaryImageOfPage\":{\"@id\":\"https:\/\/www.sonoraenequipo.com.mx\/silvano-aureoles-advierte-a-los-michoacanos-hay-una-emergencia-y-quiza-haya-que-endurecer-las-medidas\/#primaryimage\"},\"image\":{\"@id\":\"https:\/\/www.sonoraenequipo.com.mx\/silvano-aureoles-advierte-a-los-michoacanos-hay-una-emergencia-y-quiza-haya-que-endurecer-las-medidas\/#primaryimage\"},\"thumbnailUrl\":\"https:\/\/www.sonoraenequipo.com.mx\/storage\/2020\/12\/Silvano-2_opt.jpg\",\"datePublished\":\"2020-12-31T23:57:52+00:00\",\"dateModified\":\"2021-01-02T22:22:44+00:00\",\"description\":\"MORELIA, MICHOAC\u00c1N. MX. \u2014 Quedarse en casa, ya que de otra forma es posible que se deba endurecer las medidas dispuestas por el gobierno del estado ante En Sonora en Equipo publicamos toda la informaci\u00f3n de Sonora, M\u00e9xico y el Mundo de manera oportuna y busca que la libertad de expresi\u00f3n sea real. Visita nuestro medio informativo publicado desde Hermosillo, Sonora. %\",\"breadcrumb\":{\"@id\":\"https:\/\/www.sonoraenequipo.com.mx\/silvano-aureoles-advierte-a-los-michoacanos-hay-una-emergencia-y-quiza-haya-que-endurecer-las-medidas\/#breadcrumb\"},\"inLanguage\":\"es\",\"potentialAction\":[{\"@type\":\"ReadAction\",\"target\":[\"https:\/\/www.sonoraenequipo.com.mx\/silvano-aureoles-advierte-a-los-michoacanos-hay-una-emergencia-y-quiza-haya-que-endurecer-las-medidas\/\"]}]},{\"@type\":\"ImageObject\",\"inLanguage\":\"es\",\"@id\":\"https:\/\/www.sonoraenequipo.com.mx\/silvano-aureoles-advierte-a-los-michoacanos-hay-una-emergencia-y-quiza-haya-que-endurecer-las-medidas\/#primaryimage\",\"url\":\"https:\/\/www.sonoraenequipo.com.mx\/storage\/2020\/12\/Silvano-2_opt.jpg\",\"contentUrl\":\"https:\/\/www.sonoraenequipo.com.mx\/storage\/2020\/12\/Silvano-2_opt.jpg\",\"width\":601,\"height\":400},{\"@type\":\"BreadcrumbList\",\"@id\":\"https:\/\/www.sonoraenequipo.com.mx\/silvano-aureoles-advierte-a-los-michoacanos-hay-una-emergencia-y-quiza-haya-que-endurecer-las-medidas\/#breadcrumb\",\"itemListElement\":[{\"@type\":\"ListItem\",\"position\":1,\"name\":\"Portada\",\"item\":\"https:\/\/www.sonoraenequipo.com.mx\/\"},{\"@type\":\"ListItem\",\"position\":2,\"name\":\"Silvano Aureoles advierte a los michoacanos: \u201chay una emergencia y quiz\u00e1 haya que endurecer las medidas\u201d\"}]},{\"@type\":\"WebSite\",\"@id\":\"https:\/\/www.sonoraenequipo.com.mx\/#website\",\"url\":\"https:\/\/www.sonoraenequipo.com.mx\/\",\"name\":\"Sonora en Equipo.\",\"description\":\"Diario en l\u00ednea con Noticias desde Hermosillo, Sonora\",\"publisher\":{\"@id\":\"https:\/\/www.sonoraenequipo.com.mx\/#organization\"},\"potentialAction\":[{\"@type\":\"SearchAction\",\"target\":{\"@type\":\"EntryPoint\",\"urlTemplate\":\"https:\/\/www.sonoraenequipo.com.mx\/?s={search_term_string}\"},\"query-input\":{\"@type\":\"PropertyValueSpecification\",\"valueRequired\":true,\"valueName\":\"search_term_string\"}}],\"inLanguage\":\"es\"},{\"@type\":\"Organization\",\"@id\":\"https:\/\/www.sonoraenequipo.com.mx\/#organization\",\"name\":\"Sonoraenequipo.com.mx\",\"url\":\"https:\/\/www.sonoraenequipo.com.mx\/\",\"logo\":{\"@type\":\"ImageObject\",\"inLanguage\":\"es\",\"@id\":\"https:\/\/www.sonoraenequipo.com.mx\/#\/schema\/logo\/image\/\",\"url\":\"https:\/\/www.sonoraenequipo.com.mx\/storage\/2019\/01\/sonoraenequipo_opt.png\",\"contentUrl\":\"https:\/\/www.sonoraenequipo.com.mx\/storage\/2019\/01\/sonoraenequipo_opt.png\",\"width\":375,\"height\":125,\"caption\":\"Sonoraenequipo.com.mx\"},\"image\":{\"@id\":\"https:\/\/www.sonoraenequipo.com.mx\/#\/schema\/logo\/image\/\"},\"sameAs\":[\"https:\/\/www.facebook.com\/SonoraEE\/\",\"https:\/\/x.com\/sonoraenequipo\",\"https:\/\/www.youtube.com\/channel\/UC338nW-lPEYmJQs4ZABQ1SQ\"]},{\"@type\":\"Person\",\"@id\":\"https:\/\/www.sonoraenequipo.com.mx\/#\/schema\/person\/50102df0fb23a8fa9e8effad8fa81386\",\"name\":\"enequipo\",\"image\":{\"@type\":\"ImageObject\",\"inLanguage\":\"es\",\"@id\":\"https:\/\/www.sonoraenequipo.com.mx\/#\/schema\/person\/image\/\",\"url\":\"https:\/\/secure.gravatar.com\/avatar\/049821681b589dabc0bc20695993ccebb09f5b5d4d790cd9251b97faac7c652b?s=96&d=blank&r=g\",\"contentUrl\":\"https:\/\/secure.gravatar.com\/avatar\/049821681b589dabc0bc20695993ccebb09f5b5d4d790cd9251b97faac7c652b?s=96&d=blank&r=g\",\"caption\":\"enequipo\"},\"sameAs\":[\"https:\/\/www.facebook.com\/SonoraEE\"]}]}<\/script>\n ","yoast_head_json":{"title":"Sonora en Equipo. Silvano Aureoles advierte a los michoacanos: \u201chay una emergencia y quiz\u00e1 haya que endurecer las medidas\u201d Rep\u00fablica","description":"MORELIA, MICHOAC\u00c1N. MX. \u2014 Quedarse en casa, ya que de otra forma es posible que se deba endurecer las medidas dispuestas por el gobierno del estado ante En Sonora en Equipo publicamos toda la informaci\u00f3n de Sonora, M\u00e9xico y el Mundo de manera oportuna y busca que la libertad de expresi\u00f3n sea real. Visita nuestro medio informativo publicado desde Hermosillo, Sonora. %","robots":{"index":"index","follow":"follow","max-snippet":"max-snippet:-1","max-image-preview":"max-image-preview:large","max-video-preview":"max-video-preview:-1"},"canonical":"https:\/\/www.sonoraenequipo.com.mx\/silvano-aureoles-advierte-a-los-michoacanos-hay-una-emergencia-y-quiza-haya-que-endurecer-las-medidas\/","og_locale":"es_ES","og_type":"article","og_title":"Sonora en Equipo. Silvano Aureoles advierte a los michoacanos: \u201chay una emergencia y quiz\u00e1 haya que endurecer las medidas\u201d Rep\u00fablica","og_description":"MORELIA, MICHOAC\u00c1N. MX. \u2014 Quedarse en casa, ya que de otra forma es posible que se deba endurecer las medidas dispuestas por el gobierno del estado ante En Sonora en Equipo publicamos toda la informaci\u00f3n de Sonora, M\u00e9xico y el Mundo de manera oportuna y busca que la libertad de expresi\u00f3n sea real. Visita nuestro medio informativo publicado desde Hermosillo, Sonora. %","og_url":"https:\/\/www.sonoraenequipo.com.mx\/silvano-aureoles-advierte-a-los-michoacanos-hay-una-emergencia-y-quiza-haya-que-endurecer-las-medidas\/","og_site_name":"Sonora en Equipo.","article_publisher":"https:\/\/www.facebook.com\/SonoraEE\/","article_author":"https:\/\/www.facebook.com\/SonoraEE","article_published_time":"2020-12-31T23:57:52+00:00","article_modified_time":"2021-01-02T22:22:44+00:00","og_image":[{"width":601,"height":400,"url":"https:\/\/www.sonoraenequipo.com.mx\/storage\/2020\/12\/Silvano-2_opt.jpg","type":"image\/jpeg"}],"author":"enequipo","twitter_card":"summary_large_image","twitter_creator":"@sonoraenequipo","twitter_site":"@sonoraenequipo","twitter_misc":{"Escrito por":"enequipo","Tiempo de lectura":"2 minutos"},"schema":{"@context":"https:\/\/schema.org","@graph":[{"@type":"Article","@id":"https:\/\/www.sonoraenequipo.com.mx\/silvano-aureoles-advierte-a-los-michoacanos-hay-una-emergencia-y-quiza-haya-que-endurecer-las-medidas\/#article","isPartOf":{"@id":"https:\/\/www.sonoraenequipo.com.mx\/silvano-aureoles-advierte-a-los-michoacanos-hay-una-emergencia-y-quiza-haya-que-endurecer-las-medidas\/"},"author":{"name":"enequipo","@id":"https:\/\/www.sonoraenequipo.com.mx\/#\/schema\/person\/50102df0fb23a8fa9e8effad8fa81386"},"headline":"Silvano Aureoles advierte a los michoacanos: \u201chay una emergencia y quiz\u00e1 haya que endurecer las medidas\u201d","datePublished":"2020-12-31T23:57:52+00:00","dateModified":"2021-01-02T22:22:44+00:00","mainEntityOfPage":{"@id":"https:\/\/www.sonoraenequipo.com.mx\/silvano-aureoles-advierte-a-los-michoacanos-hay-una-emergencia-y-quiza-haya-que-endurecer-las-medidas\/"},"wordCount":381,"commentCount":0,"publisher":{"@id":"https:\/\/www.sonoraenequipo.com.mx\/#organization"},"image":{"@id":"https:\/\/www.sonoraenequipo.com.mx\/silvano-aureoles-advierte-a-los-michoacanos-hay-una-emergencia-y-quiza-haya-que-endurecer-las-medidas\/#primaryimage"},"thumbnailUrl":"https:\/\/www.sonoraenequipo.com.mx\/storage\/2020\/12\/Silvano-2_opt.jpg","articleSection":["Rep\u00fablica"],"inLanguage":"es","potentialAction":[{"@type":"CommentAction","name":"Comment","target":["https:\/\/www.sonoraenequipo.com.mx\/silvano-aureoles-advierte-a-los-michoacanos-hay-una-emergencia-y-quiza-haya-que-endurecer-las-medidas\/#respond"]}]},{"@type":"WebPage","@id":"https:\/\/www.sonoraenequipo.com.mx\/silvano-aureoles-advierte-a-los-michoacanos-hay-una-emergencia-y-quiza-haya-que-endurecer-las-medidas\/","url":"https:\/\/www.sonoraenequipo.com.mx\/silvano-aureoles-advierte-a-los-michoacanos-hay-una-emergencia-y-quiza-haya-que-endurecer-las-medidas\/","name":"Sonora en Equipo. Silvano Aureoles advierte a los michoacanos: \u201chay una emergencia y quiz\u00e1 haya que endurecer las medidas\u201d Rep\u00fablica","isPartOf":{"@id":"https:\/\/www.sonoraenequipo.com.mx\/#website"},"primaryImageOfPage":{"@id":"https:\/\/www.sonoraenequipo.com.mx\/silvano-aureoles-advierte-a-los-michoacanos-hay-una-emergencia-y-quiza-haya-que-endurecer-las-medidas\/#primaryimage"},"image":{"@id":"https:\/\/www.sonoraenequipo.com.mx\/silvano-aureoles-advierte-a-los-michoacanos-hay-una-emergencia-y-quiza-haya-que-endurecer-las-medidas\/#primaryimage"},"thumbnailUrl":"https:\/\/www.sonoraenequipo.com.mx\/storage\/2020\/12\/Silvano-2_opt.jpg","datePublished":"2020-12-31T23:57:52+00:00","dateModified":"2021-01-02T22:22:44+00:00","description":"MORELIA, MICHOAC\u00c1N. MX. \u2014 Quedarse en casa, ya que de otra forma es posible que se deba endurecer las medidas dispuestas por el gobierno del estado ante En Sonora en Equipo publicamos toda la informaci\u00f3n de Sonora, M\u00e9xico y el Mundo de manera oportuna y busca que la libertad de expresi\u00f3n sea real. Visita nuestro medio informativo publicado desde Hermosillo, Sonora. %","breadcrumb":{"@id":"https:\/\/www.sonoraenequipo.com.mx\/silvano-aureoles-advierte-a-los-michoacanos-hay-una-emergencia-y-quiza-haya-que-endurecer-las-medidas\/#breadcrumb"},"inLanguage":"es","potentialAction":[{"@type":"ReadAction","target":["https:\/\/www.sonoraenequipo.com.mx\/silvano-aureoles-advierte-a-los-michoacanos-hay-una-emergencia-y-quiza-haya-que-endurecer-las-medidas\/"]}]},{"@type":"ImageObject","inLanguage":"es","@id":"https:\/\/www.sonoraenequipo.com.mx\/silvano-aureoles-advierte-a-los-michoacanos-hay-una-emergencia-y-quiza-haya-que-endurecer-las-medidas\/#primaryimage","url":"https:\/\/www.sonoraenequipo.com.mx\/storage\/2020\/12\/Silvano-2_opt.jpg","contentUrl":"https:\/\/www.sonoraenequipo.com.mx\/storage\/2020\/12\/Silvano-2_opt.jpg","width":601,"height":400},{"@type":"BreadcrumbList","@id":"https:\/\/www.sonoraenequipo.com.mx\/silvano-aureoles-advierte-a-los-michoacanos-hay-una-emergencia-y-quiza-haya-que-endurecer-las-medidas\/#breadcrumb","itemListElement":[{"@type":"ListItem","position":1,"name":"Portada","item":"https:\/\/www.sonoraenequipo.com.mx\/"},{"@type":"ListItem","position":2,"name":"Silvano Aureoles advierte a los michoacanos: \u201chay una emergencia y quiz\u00e1 haya que endurecer las medidas\u201d"}]},{"@type":"WebSite","@id":"https:\/\/www.sonoraenequipo.com.mx\/#website","url":"https:\/\/www.sonoraenequipo.com.mx\/","name":"Sonora en Equipo.","description":"Diario en l\u00ednea con Noticias desde Hermosillo, Sonora","publisher":{"@id":"https:\/\/www.sonoraenequipo.com.mx\/#organization"},"potentialAction":[{"@type":"SearchAction","target":{"@type":"EntryPoint","urlTemplate":"https:\/\/www.sonoraenequipo.com.mx\/?s={search_term_string}"},"query-input":{"@type":"PropertyValueSpecification","valueRequired":true,"valueName":"search_term_string"}}],"inLanguage":"es"},{"@type":"Organization","@id":"https:\/\/www.sonoraenequipo.com.mx\/#organization","name":"Sonoraenequipo.com.mx","url":"https:\/\/www.sonoraenequipo.com.mx\/","logo":{"@type":"ImageObject","inLanguage":"es","@id":"https:\/\/www.sonoraenequipo.com.mx\/#\/schema\/logo\/image\/","url":"https:\/\/www.sonoraenequipo.com.mx\/storage\/2019\/01\/sonoraenequipo_opt.png","contentUrl":"https:\/\/www.sonoraenequipo.com.mx\/storage\/2019\/01\/sonoraenequipo_opt.png","width":375,"height":125,"caption":"Sonoraenequipo.com.mx"},"image":{"@id":"https:\/\/www.sonoraenequipo.com.mx\/#\/schema\/logo\/image\/"},"sameAs":["https:\/\/www.facebook.com\/SonoraEE\/","https:\/\/x.com\/sonoraenequipo","https:\/\/www.youtube.com\/channel\/UC338nW-lPEYmJQs4ZABQ1SQ"]},{"@type":"Person","@id":"https:\/\/www.sonoraenequipo.com.mx\/#\/schema\/person\/50102df0fb23a8fa9e8effad8fa81386","name":"enequipo","image":{"@type":"ImageObject","inLanguage":"es","@id":"https:\/\/www.sonoraenequipo.com.mx\/#\/schema\/person\/image\/","url":"https:\/\/secure.gravatar.com\/avatar\/049821681b589dabc0bc20695993ccebb09f5b5d4d790cd9251b97faac7c652b?s=96&d=blank&r=g","contentUrl":"https:\/\/secure.gravatar.com\/avatar\/049821681b589dabc0bc20695993ccebb09f5b5d4d790cd9251b97faac7c652b?s=96&d=blank&r=g","caption":"enequipo"},"sameAs":["https:\/\/www.facebook.com\/SonoraEE"]}]}},"jetpack_featured_media_url":"https:\/\/www.sonoraenequipo.com.mx\/storage\/2020\/12\/Silvano-2_opt.jpg","_links":{"self":[{"href":"https:\/\/www.sonoraenequipo.com.mx\/api\/wp\/v2\/posts\/103831","targetHints":{"allow":["GET"]}}],"collection":[{"href":"https:\/\/www.sonoraenequipo.com.mx\/api\/wp\/v2\/posts"}],"about":[{"href":"https:\/\/www.sonoraenequipo.com.mx\/api\/wp\/v2\/types\/post"}],"author":[{"embeddable":true,"href":"https:\/\/www.sonoraenequipo.com.mx\/api\/wp\/v2\/users\/1"}],"replies":[{"embeddable":true,"href":"https:\/\/www.sonoraenequipo.com.mx\/api\/wp\/v2\/comments?post=103831"}],"version-history":[{"count":1,"href":"https:\/\/www.sonoraenequipo.com.mx\/api\/wp\/v2\/posts\/103831\/revisions"}],"predecessor-version":[{"id":103832,"href":"https:\/\/www.sonoraenequipo.com.mx\/api\/wp\/v2\/posts\/103831\/revisions\/103832"}],"wp:featuredmedia":[{"embeddable":true,"href":"https:\/\/www.sonoraenequipo.com.mx\/api\/wp\/v2\/media\/103905"}],"wp:attachment":[{"href":"https:\/\/www.sonoraenequipo.com.mx\/api\/wp\/v2\/media?parent=103831"}],"wp:term":[{"taxonomy":"category","embeddable":true,"href":"https:\/\/www.sonoraenequipo.com.mx\/api\/wp\/v2\/categories?post=103831"},{"taxonomy":"post_tag","embeddable":true,"href":"https:\/\/www.sonoraenequipo.com.mx\/api\/wp\/v2\/tags?post=103831"}],"curies":[{"name":"wp","href":"https:\/\/api.w.org\/{rel}","templated":true}]}}