{"id":103833,"date":"2020-12-31T11:58:21","date_gmt":"2020-12-31T18:58:21","guid":{"rendered":"https:\/\/www.sonoraenequipo.com.mx\/?p=103833"},"modified":"2020-12-31T17:09:59","modified_gmt":"2021-01-01T00:09:59","slug":"residentes-medicos-acusan-influyentismo-en-vacunacion","status":"publish","type":"post","link":"https:\/\/www.sonoraenequipo.com.mx\/residentes-medicos-acusan-influyentismo-en-vacunacion\/","title":{"rendered":"Residentes m\u00e9dicos acusan influyentismo en vacunaci\u00f3n"},"content":{"rendered":"<p>CIUDAD DE M\u00c9XICO. MX. \u2014 Mientras que la esposa y una hija del director del Centro M\u00e9dico Licenciado Adolfo L\u00f3pez Mateos, en el Estado de M\u00e9xico, Jos\u00e9 Rogel Romero, recib\u00edan las primeras dosis de la vacuna de Pfizer-BioNTech contra covid-19, Gabriel Arturo Ramos Mart\u00ednez, residente del quinto a\u00f1o de neurocirug\u00eda, se encontraba en el \u00e1rea de hospitalizaci\u00f3n luchando por sobrevivir al contagio, hasta que el martes perdi\u00f3 la vida.<\/p>\n<p>&nbsp;<\/p>\n<p> <\/p>\n<p>&nbsp;<\/p>\n<p>Gabriel es uno de los dos mil 397 integrantes del personal m\u00e9dico que han muerto en M\u00e9xico combatiendo la pandemia y por ello los residentes de medicina de los hospitales p\u00fablicos del pa\u00eds exigen que en la vacunaci\u00f3n se priorice de verdad a quienes atienden a pacientes con coronavirus, y no a quienes tienen influencias.<\/p>\n<p>&nbsp;<\/p>\n<p>Amparo Vera, representante de la Asamblea Nacional de M\u00e9dicos Residentes, afirma que lo que actualmente se vive es \u201c<em>una receta perfecta para el caos, en donde falla la log\u00edstica interna para determinar qui\u00e9nes se vacunan y la log\u00edstica externa para identificar a quienes se debe vacunar\u201d.<\/em><\/p>\n<p>&nbsp;<\/p>\n<p>En redes sociales y bajo el hashtag <em>#VacunaParaTodosLosResidentes<\/em>, los dirigentes de esta agrupaci\u00f3n, que aglutina a m\u00e9dicos especialistas en formaci\u00f3n de 20 entidades, exigieron recibir la vacuna contra covid-19 como m\u00e9dicos que est\u00e1n en la primera l\u00ednea de atenci\u00f3n.<\/p>\n<p>&nbsp;<\/p>\n<p>En el Hospital General de M\u00e9xico, los residentes describen que en el servicio de Medicina Interna hay 48 de ellos que se exponen d\u00eda a d\u00eda al virus, cubriendo tres \u00e1reas, <em>\u201cde los cuales ninguno fuimos vacunados a la llegada de la vacuna, vacunando incluso a personal que no labora en \u00e1reas covid. Es pura l\u00f3gica, se\u00f1ores directivos. Nos tienen en primera l\u00ednea y no somos su prioridad de vacunaci\u00f3n. Tremenda tonter\u00eda e irresponsabilidad (sic)\u201d.<\/em><\/p>\n<p>&nbsp;<\/p>\n<p>Las denuncias son diversas, entre ellas de m\u00e9dicos a quienes ya les dio covid-19 y a quienes en el orden de vacunaci\u00f3n les indicaron que ser\u00e1 hasta que finalice febrero cuando reciban la dosis.<\/p>\n<p>&nbsp;<\/p>\n<p>Vera afirma que sus colegas han denunciado por diversos medios c\u00f3mo en hospitales e institutos de salud el personal administrativo, en particular, se ha saltado la l\u00ednea de prioridad establecida por el Gobierno. En el caso del Valle de M\u00e9xico, las denuncias han provenido del Hospital General, de la sede del IMSS en el Siglo XXI y de hospitales del Estado de M\u00e9xico.<\/p>\n<p>&nbsp;<\/p>\n<p>Indic\u00f3 que no es una situaci\u00f3n generalizada pero que a\u00fan existen lugares en <em>\u201cdonde el nepotismo y el influyentismo est\u00e1n presentes. Nada es perfecto, hay se\u00f1alamientos de que tal persona meti\u00f3 al administrativo y lo que decimos es que hay una l\u00ednea de prioridad\u201d.<\/em><\/p>\n<p>&nbsp;<\/p>\n<p>Vera estim\u00f3 que 70 por ciento de los 25 mil residentes en el pa\u00eds se encuentran en la primera l\u00ednea de atenci\u00f3n.<\/p>\n<p>&nbsp;<\/p>\n<p>Francisco Zapata, dirigente de la Asamblea Mexicana de M\u00e9dicos Internos de Pregrado, indica que hay situaciones<em> \u201ctristes que no cambian\u201d.<\/em><\/p>\n<p>&nbsp;<\/p>\n<p><em>\u201cQui\u00e9n no quisiera que su familia recibiera la vacuna, pero necesitamos ordenarnos. Lamentablemente no se est\u00e1 siguiendo el orden que dijo el doctor Hugo L\u00f3pez-Gatell (subsecretario de Prevenci\u00f3n y Promoci\u00f3n de la Salud)\u201d,<\/em> agreg\u00f3.<\/p>\n<p>&nbsp;<\/p>\n<p>Indic\u00f3 que en el caso de los m\u00e9dicos internos, si bien no est\u00e1n en la primera l\u00ednea de atenci\u00f3n, se encuentran en la segunda l\u00ednea recibiendo a pacientes probables con la enfermedad de la pandemia.<\/p>\n<p>&nbsp;<\/p>\n<p>\u201cY vamos a aplicar sanciones administrativas y penales a quien quiera hacer esto, no lo vamos a permitir. Aqu\u00ed no hay influyentismo, aqu\u00ed no es como en gobiernos anteriores donde ser un l\u00edder sindical corrupto les permit\u00eda tener canonj\u00edas\u201d, agreg\u00f3.<\/p>\n<p>&nbsp;<\/p>\n<h3>Castigar\u00e1n influyentismo<\/h3>\n<p>&nbsp;<\/p>\n<p>Mientras tanto, autoridades del Estado de M\u00e9xico anunciaron que sancionar\u00e1n con inhabilitaci\u00f3n el acto de influyentismo cometido por el doctor Jos\u00e9 Rogel Romero, quien us\u00f3 su cargo para vacunar a su familia con dosis exclusivamente dirigidas a personal de salud.<\/p>\n<p>&nbsp;<\/p>\n<p>Jorge Alberto P\u00e9rez, coordinador general de Comunicaci\u00f3n Social del Gobierno mexiquense, indic\u00f3 que el director del Centro M\u00e9dico Adolfo L\u00f3pez Mateos <em>\u201cse ha separado temporalmente del cargo para ponerse a disposici\u00f3n de las investigaciones del \u00d3rgano Interno de Control y de la Contralor\u00eda General del Estado de M\u00e9xico\u201d<\/em><\/p>\n<p>&nbsp;<\/p>\n<p>Rogel Romero es m\u00e9dico cirujano por la Universidad Aut\u00f3noma del Estado de M\u00e9xico y pr\u00e1cticamente ha forjado su trayectoria en la Secretar\u00eda de Salud del gobierno estatal, ocupando varios puestos directivos dentro del \u00e1mbito hospitalario. Tambi\u00e9n es propietario de una cl\u00ednica privada en la ciudad de Toluca llamada Sanatorio Venecia.<\/p>\n<p>&nbsp;<\/p>\n<p>Fue jefe de Residentes del hospital Adolfo L\u00f3pez Mateos, director del hospital general de Tejupilco, profesor de cirug\u00eda general en la UAEM, m\u00e9dico de base de cirug\u00eda general del hospital Dr. Nicol\u00e1s San Juan y jefe de Divisi\u00f3n de cirug\u00eda general y director general del mismo nosocomio.<\/p>\n<p>&nbsp;<\/p>\n<p>De acuerdo con una tarjeta informativa de la Secretar\u00eda de Salud mexiquense, Rogel s\u00ed hab\u00eda sido considerado para recibir la vacuna debido a que se encuentra en una unidad m\u00e9dica con alto \u00edndice de contagio de covid-19 y<em> \u201cen dos ocasiones ha estado infectado\u201d.<\/em><\/p>\n<p>&nbsp;<\/p>\n<p>Ayer por la ma\u00f1ana, el presidente Andr\u00e9s Manuel L\u00f3pez Obrador confirm\u00f3 el acto de influyentismo<em>. \u201cEn efecto s\u00ed, una familia que no le correspond\u00eda la aplicaci\u00f3n de la vacuna lleg\u00f3 y con influyentismo se vacunaron, un m\u00e9dico, su esposa y creo que una o dos de sus hijas, no voy hablar de los nombres porque eso va a corresponder a la investigaci\u00f3n que ya se inici\u00f3 para castigar esta irregularidad\u201d.<\/em><\/p>\n<p>&nbsp;<\/p>\n<p>&nbsp;<\/p>\n<p>La Secretar\u00eda de Salud del Estado de M\u00e9xico anunci\u00f3 que se sancionar\u00e1 al doctor primero por el \u00f3rgano interno de control de la Secretar\u00eda de Salud y luego se le dar\u00e1 vista a la Contralor\u00eda General del Estado de M\u00e9xico.<\/p>\n<p>&nbsp;<\/p>\n<p>La autoridad a\u00f1adi\u00f3 que reforzar\u00e1 el filtro de registro de candidatos a recibir la vacuna, con la finalidad de evitar que estas pr\u00e1cticas se repitan. Advirti\u00f3 que toda conducta irregular por parte del sector m\u00e9dico y administrativo, sin importar el rango, ser\u00e1 sancionado.<\/p>\n<p>&nbsp;<\/p>\n<p>Al 30 de diciembre, pen\u00faltimo d\u00eda del a\u00f1o, las cifras oficiales sumaban m\u00e1s de 1.4 millones de casos de contagio de covid-19 confirmados y 124 mil 897 defunciones. Hasta ahora se han vacunado 24 mil 998 personas.<\/p>\n<p>&nbsp;<\/p>\n<h3>Y en Ciudad de M\u00e9xico intentan colarse<\/h3>\n<p>&nbsp;<\/p>\n<p>Despu\u00e9s que l\u00edderes de la Secci\u00f3n 12 del Sindicato \u00danico de Trabajadores del Gobierno de la Ciudad de M\u00e9xico intentaron colarse en la fila de vacunaci\u00f3n contra covid-19, la Jefa de Gobierno, Claudia Sheinbaum, asegur\u00f3 que habr\u00e1 sanciones administrativas y penales para esas personas.<\/p>\n<p>&nbsp;<\/p>\n<p><em>\u201cNo vamos a permitir bajo ninguna circunstancia que un l\u00edder de una secci\u00f3n sindical o un comisionado sindical que no est\u00e1 al frente de covid genere alguna influencia o por cualquier v\u00eda quiera entrar a la lista que ha estado coordinando la Secretar\u00eda de Salud federal y en donde la Secretar\u00eda de Salud del Gobierno de la Ciudad ha dado claramente los nombres de las personas que est\u00e1n al frente\u201d.<\/em><\/p>\n<p>&nbsp;<\/p>\n<p><em>\u201cY vamos a aplicar sanciones administrativas y penales a quien quiera hacer esto, no lo vamos a permitir. Aqu\u00ed no hay influyentismo, aqu\u00ed no es como en gobiernos anteriores donde ser un l\u00edder sindical corrupto les permit\u00eda tener canonj\u00edas\u201d,<\/em> agreg\u00f3.<\/p>\n<p>&nbsp;<\/p>\n<p>Sheinbaum Pardo gir\u00f3 instrucciones a la secretaria de Salud local, Oliva L\u00f3pez Arellano, para conocer los nombres y que de inmediato haya sanciones administrativas.<\/p>\n<p>&nbsp;<\/p>\n<p>Adem\u00e1s pidi\u00f3 directamente a la fiscal general de Justicia de la Ciudad de M\u00e9xico, Ernestina Godoy, que se les d\u00e9 el castigo m\u00e1ximo que se tiene que dar por un tema penal.<\/p>\n<p>&nbsp;<\/p>\n<p>Convoc\u00f3 a la poblaci\u00f3n a denunciar al tel\u00e9fono <strong>55 4323 6858<\/strong> o al correo <a href=\"mailto:audienciaspublicas@cdmx.gob.mx\"><strong>audienciaspublicas@cdmx.gob.mx<\/strong> <\/a>si conocen de alguna injusticia para que la autoridad intervenga inmediatamente.<\/p>\n<p>&nbsp;<\/p>\n<p>&nbsp;<\/p>\n<p>(Publicada el 31\/12\/2020)<\/p>\n","protected":false},"excerpt":{"rendered":"<p>CIUDAD DE M\u00c9XICO. MX. \u2014 Mientras que la esposa y una hija del director del&#8230;<\/p>\n","protected":false},"author":1,"featured_media":103834,"comment_status":"open","ping_status":"open","sticky":false,"template":"","format":"standard","meta":{"_monsterinsights_skip_tracking":false,"_monsterinsights_sitenote_active":false,"_monsterinsights_sitenote_note":"","_monsterinsights_sitenote_category":0,"footnotes":""},"categories":[5],"tags":[],"class_list":["post"],"yoast_head":" \n<title>Sonora en Equipo. Residentes m\u00e9dicos acusan influyentismo en vacunaci\u00f3n Rep\u00fablica<\/title>\n<meta name=\"description\" content=\"CIUDAD DE M\u00c9XICO. MX. \u2014 Mientras que la esposa y una hija del director del Centro M\u00e9dico Licenciado Adolfo L\u00f3pez Mateos, en el Estado de M\u00e9xico, Jos\u00e9 En Sonora en Equipo publicamos toda la informaci\u00f3n de Sonora, M\u00e9xico y el Mundo de manera oportuna y busca que la libertad de expresi\u00f3n sea real. Visita nuestro medio informativo publicado desde Hermosillo, Sonora. %\" \/>\n<meta name=\"robots\" content=\"index, follow, max-snippet:-1, max-image-preview:large, max-video-preview:-1\" \/>\n<link rel=\"canonical\" href=\"https:\/\/www.sonoraenequipo.com.mx\/residentes-medicos-acusan-influyentismo-en-vacunacion\/\" \/>\n<meta property=\"og:locale\" content=\"es_ES\" \/>\n<meta property=\"og:type\" content=\"article\" \/>\n<meta property=\"og:title\" content=\"Sonora en Equipo. Residentes m\u00e9dicos acusan influyentismo en vacunaci\u00f3n Rep\u00fablica\" \/>\n<meta property=\"og:description\" content=\"CIUDAD DE M\u00c9XICO. MX. \u2014 Mientras que la esposa y una hija del director del Centro M\u00e9dico Licenciado Adolfo L\u00f3pez Mateos, en el Estado de M\u00e9xico, Jos\u00e9 En Sonora en Equipo publicamos toda la informaci\u00f3n de Sonora, M\u00e9xico y el Mundo de manera oportuna y busca que la libertad de expresi\u00f3n sea real. Visita nuestro medio informativo publicado desde Hermosillo, Sonora. %\" \/>\n<meta property=\"og:url\" content=\"https:\/\/www.sonoraenequipo.com.mx\/residentes-medicos-acusan-influyentismo-en-vacunacion\/\" \/>\n<meta property=\"og:site_name\" content=\"Sonora en Equipo.\" \/>\n<meta property=\"article:publisher\" content=\"https:\/\/www.facebook.com\/SonoraEE\/\" \/>\n<meta property=\"article:author\" content=\"https:\/\/www.facebook.com\/SonoraEE\" \/>\n<meta property=\"article:published_time\" content=\"2020-12-31T18:58:21+00:00\" \/>\n<meta property=\"article:modified_time\" content=\"2021-01-01T00:09:59+00:00\" \/>\n<meta property=\"og:image\" content=\"https:\/\/www.sonoraenequipo.com.mx\/storage\/2020\/12\/residentes-protestan-por-influyentismo_opt.jpg\" \/>\n\t<meta property=\"og:image:width\" content=\"641\" \/>\n\t<meta property=\"og:image:height\" content=\"400\" \/>\n\t<meta property=\"og:image:type\" content=\"image\/jpeg\" \/>\n<meta name=\"author\" content=\"enequipo\" \/>\n<meta name=\"twitter:card\" content=\"summary_large_image\" \/>\n<meta name=\"twitter:creator\" content=\"@sonoraenequipo\" \/>\n<meta name=\"twitter:site\" content=\"@sonoraenequipo\" \/>\n<meta name=\"twitter:label1\" content=\"Escrito por\" \/>\n\t<meta name=\"twitter:data1\" content=\"enequipo\" \/>\n\t<meta name=\"twitter:label2\" content=\"Tiempo de lectura\" \/>\n\t<meta name=\"twitter:data2\" content=\"7 minutos\" \/>\n<script type=\"application\/ld+json\" class=\"yoast-schema-graph\">{\"@context\":\"https:\/\/schema.org\",\"@graph\":[{\"@type\":\"Article\",\"@id\":\"https:\/\/www.sonoraenequipo.com.mx\/residentes-medicos-acusan-influyentismo-en-vacunacion\/#article\",\"isPartOf\":{\"@id\":\"https:\/\/www.sonoraenequipo.com.mx\/residentes-medicos-acusan-influyentismo-en-vacunacion\/\"},\"author\":{\"name\":\"enequipo\",\"@id\":\"https:\/\/www.sonoraenequipo.com.mx\/#\/schema\/person\/50102df0fb23a8fa9e8effad8fa81386\"},\"headline\":\"Residentes m\u00e9dicos acusan influyentismo en vacunaci\u00f3n\",\"datePublished\":\"2020-12-31T18:58:21+00:00\",\"dateModified\":\"2021-01-01T00:09:59+00:00\",\"mainEntityOfPage\":{\"@id\":\"https:\/\/www.sonoraenequipo.com.mx\/residentes-medicos-acusan-influyentismo-en-vacunacion\/\"},\"wordCount\":1398,\"commentCount\":0,\"publisher\":{\"@id\":\"https:\/\/www.sonoraenequipo.com.mx\/#organization\"},\"image\":{\"@id\":\"https:\/\/www.sonoraenequipo.com.mx\/residentes-medicos-acusan-influyentismo-en-vacunacion\/#primaryimage\"},\"thumbnailUrl\":\"https:\/\/www.sonoraenequipo.com.mx\/storage\/2020\/12\/residentes-protestan-por-influyentismo_opt.jpg\",\"articleSection\":[\"Rep\u00fablica\"],\"inLanguage\":\"es\",\"potentialAction\":[{\"@type\":\"CommentAction\",\"name\":\"Comment\",\"target\":[\"https:\/\/www.sonoraenequipo.com.mx\/residentes-medicos-acusan-influyentismo-en-vacunacion\/#respond\"]}]},{\"@type\":\"WebPage\",\"@id\":\"https:\/\/www.sonoraenequipo.com.mx\/residentes-medicos-acusan-influyentismo-en-vacunacion\/\",\"url\":\"https:\/\/www.sonoraenequipo.com.mx\/residentes-medicos-acusan-influyentismo-en-vacunacion\/\",\"name\":\"Sonora en Equipo. Residentes m\u00e9dicos acusan influyentismo en vacunaci\u00f3n Rep\u00fablica\",\"isPartOf\":{\"@id\":\"https:\/\/www.sonoraenequipo.com.mx\/#website\"},\"primaryImageOfPage\":{\"@id\":\"https:\/\/www.sonoraenequipo.com.mx\/residentes-medicos-acusan-influyentismo-en-vacunacion\/#primaryimage\"},\"image\":{\"@id\":\"https:\/\/www.sonoraenequipo.com.mx\/residentes-medicos-acusan-influyentismo-en-vacunacion\/#primaryimage\"},\"thumbnailUrl\":\"https:\/\/www.sonoraenequipo.com.mx\/storage\/2020\/12\/residentes-protestan-por-influyentismo_opt.jpg\",\"datePublished\":\"2020-12-31T18:58:21+00:00\",\"dateModified\":\"2021-01-01T00:09:59+00:00\",\"description\":\"CIUDAD DE M\u00c9XICO. MX. \u2014 Mientras que la esposa y una hija del director del Centro M\u00e9dico Licenciado Adolfo L\u00f3pez Mateos, en el Estado de M\u00e9xico, Jos\u00e9 En Sonora en Equipo publicamos toda la informaci\u00f3n de Sonora, M\u00e9xico y el Mundo de manera oportuna y busca que la libertad de expresi\u00f3n sea real. Visita nuestro medio informativo publicado desde Hermosillo, Sonora. %\",\"breadcrumb\":{\"@id\":\"https:\/\/www.sonoraenequipo.com.mx\/residentes-medicos-acusan-influyentismo-en-vacunacion\/#breadcrumb\"},\"inLanguage\":\"es\",\"potentialAction\":[{\"@type\":\"ReadAction\",\"target\":[\"https:\/\/www.sonoraenequipo.com.mx\/residentes-medicos-acusan-influyentismo-en-vacunacion\/\"]}]},{\"@type\":\"ImageObject\",\"inLanguage\":\"es\",\"@id\":\"https:\/\/www.sonoraenequipo.com.mx\/residentes-medicos-acusan-influyentismo-en-vacunacion\/#primaryimage\",\"url\":\"https:\/\/www.sonoraenequipo.com.mx\/storage\/2020\/12\/residentes-protestan-por-influyentismo_opt.jpg\",\"contentUrl\":\"https:\/\/www.sonoraenequipo.com.mx\/storage\/2020\/12\/residentes-protestan-por-influyentismo_opt.jpg\",\"width\":641,\"height\":400},{\"@type\":\"BreadcrumbList\",\"@id\":\"https:\/\/www.sonoraenequipo.com.mx\/residentes-medicos-acusan-influyentismo-en-vacunacion\/#breadcrumb\",\"itemListElement\":[{\"@type\":\"ListItem\",\"position\":1,\"name\":\"Portada\",\"item\":\"https:\/\/www.sonoraenequipo.com.mx\/\"},{\"@type\":\"ListItem\",\"position\":2,\"name\":\"Residentes m\u00e9dicos acusan influyentismo en vacunaci\u00f3n\"}]},{\"@type\":\"WebSite\",\"@id\":\"https:\/\/www.sonoraenequipo.com.mx\/#website\",\"url\":\"https:\/\/www.sonoraenequipo.com.mx\/\",\"name\":\"Sonora en Equipo.\",\"description\":\"Diario en l\u00ednea con Noticias desde Hermosillo, Sonora\",\"publisher\":{\"@id\":\"https:\/\/www.sonoraenequipo.com.mx\/#organization\"},\"potentialAction\":[{\"@type\":\"SearchAction\",\"target\":{\"@type\":\"EntryPoint\",\"urlTemplate\":\"https:\/\/www.sonoraenequipo.com.mx\/?s={search_term_string}\"},\"query-input\":{\"@type\":\"PropertyValueSpecification\",\"valueRequired\":true,\"valueName\":\"search_term_string\"}}],\"inLanguage\":\"es\"},{\"@type\":\"Organization\",\"@id\":\"https:\/\/www.sonoraenequipo.com.mx\/#organization\",\"name\":\"Sonoraenequipo.com.mx\",\"url\":\"https:\/\/www.sonoraenequipo.com.mx\/\",\"logo\":{\"@type\":\"ImageObject\",\"inLanguage\":\"es\",\"@id\":\"https:\/\/www.sonoraenequipo.com.mx\/#\/schema\/logo\/image\/\",\"url\":\"https:\/\/www.sonoraenequipo.com.mx\/storage\/2019\/01\/sonoraenequipo_opt.png\",\"contentUrl\":\"https:\/\/www.sonoraenequipo.com.mx\/storage\/2019\/01\/sonoraenequipo_opt.png\",\"width\":375,\"height\":125,\"caption\":\"Sonoraenequipo.com.mx\"},\"image\":{\"@id\":\"https:\/\/www.sonoraenequipo.com.mx\/#\/schema\/logo\/image\/\"},\"sameAs\":[\"https:\/\/www.facebook.com\/SonoraEE\/\",\"https:\/\/x.com\/sonoraenequipo\",\"https:\/\/www.youtube.com\/channel\/UC338nW-lPEYmJQs4ZABQ1SQ\"]},{\"@type\":\"Person\",\"@id\":\"https:\/\/www.sonoraenequipo.com.mx\/#\/schema\/person\/50102df0fb23a8fa9e8effad8fa81386\",\"name\":\"enequipo\",\"image\":{\"@type\":\"ImageObject\",\"inLanguage\":\"es\",\"@id\":\"https:\/\/www.sonoraenequipo.com.mx\/#\/schema\/person\/image\/\",\"url\":\"https:\/\/secure.gravatar.com\/avatar\/049821681b589dabc0bc20695993ccebb09f5b5d4d790cd9251b97faac7c652b?s=96&d=blank&r=g\",\"contentUrl\":\"https:\/\/secure.gravatar.com\/avatar\/049821681b589dabc0bc20695993ccebb09f5b5d4d790cd9251b97faac7c652b?s=96&d=blank&r=g\",\"caption\":\"enequipo\"},\"sameAs\":[\"https:\/\/www.facebook.com\/SonoraEE\"]}]}<\/script>\n ","yoast_head_json":{"title":"Sonora en Equipo. Residentes m\u00e9dicos acusan influyentismo en vacunaci\u00f3n Rep\u00fablica","description":"CIUDAD DE M\u00c9XICO. MX. \u2014 Mientras que la esposa y una hija del director del Centro M\u00e9dico Licenciado Adolfo L\u00f3pez Mateos, en el Estado de M\u00e9xico, Jos\u00e9 En Sonora en Equipo publicamos toda la informaci\u00f3n de Sonora, M\u00e9xico y el Mundo de manera oportuna y busca que la libertad de expresi\u00f3n sea real. Visita nuestro medio informativo publicado desde Hermosillo, Sonora. %","robots":{"index":"index","follow":"follow","max-snippet":"max-snippet:-1","max-image-preview":"max-image-preview:large","max-video-preview":"max-video-preview:-1"},"canonical":"https:\/\/www.sonoraenequipo.com.mx\/residentes-medicos-acusan-influyentismo-en-vacunacion\/","og_locale":"es_ES","og_type":"article","og_title":"Sonora en Equipo. Residentes m\u00e9dicos acusan influyentismo en vacunaci\u00f3n Rep\u00fablica","og_description":"CIUDAD DE M\u00c9XICO. MX. \u2014 Mientras que la esposa y una hija del director del Centro M\u00e9dico Licenciado Adolfo L\u00f3pez Mateos, en el Estado de M\u00e9xico, Jos\u00e9 En Sonora en Equipo publicamos toda la informaci\u00f3n de Sonora, M\u00e9xico y el Mundo de manera oportuna y busca que la libertad de expresi\u00f3n sea real. Visita nuestro medio informativo publicado desde Hermosillo, Sonora. %","og_url":"https:\/\/www.sonoraenequipo.com.mx\/residentes-medicos-acusan-influyentismo-en-vacunacion\/","og_site_name":"Sonora en Equipo.","article_publisher":"https:\/\/www.facebook.com\/SonoraEE\/","article_author":"https:\/\/www.facebook.com\/SonoraEE","article_published_time":"2020-12-31T18:58:21+00:00","article_modified_time":"2021-01-01T00:09:59+00:00","og_image":[{"width":641,"height":400,"url":"https:\/\/www.sonoraenequipo.com.mx\/storage\/2020\/12\/residentes-protestan-por-influyentismo_opt.jpg","type":"image\/jpeg"}],"author":"enequipo","twitter_card":"summary_large_image","twitter_creator":"@sonoraenequipo","twitter_site":"@sonoraenequipo","twitter_misc":{"Escrito por":"enequipo","Tiempo de lectura":"7 minutos"},"schema":{"@context":"https:\/\/schema.org","@graph":[{"@type":"Article","@id":"https:\/\/www.sonoraenequipo.com.mx\/residentes-medicos-acusan-influyentismo-en-vacunacion\/#article","isPartOf":{"@id":"https:\/\/www.sonoraenequipo.com.mx\/residentes-medicos-acusan-influyentismo-en-vacunacion\/"},"author":{"name":"enequipo","@id":"https:\/\/www.sonoraenequipo.com.mx\/#\/schema\/person\/50102df0fb23a8fa9e8effad8fa81386"},"headline":"Residentes m\u00e9dicos acusan influyentismo en vacunaci\u00f3n","datePublished":"2020-12-31T18:58:21+00:00","dateModified":"2021-01-01T00:09:59+00:00","mainEntityOfPage":{"@id":"https:\/\/www.sonoraenequipo.com.mx\/residentes-medicos-acusan-influyentismo-en-vacunacion\/"},"wordCount":1398,"commentCount":0,"publisher":{"@id":"https:\/\/www.sonoraenequipo.com.mx\/#organization"},"image":{"@id":"https:\/\/www.sonoraenequipo.com.mx\/residentes-medicos-acusan-influyentismo-en-vacunacion\/#primaryimage"},"thumbnailUrl":"https:\/\/www.sonoraenequipo.com.mx\/storage\/2020\/12\/residentes-protestan-por-influyentismo_opt.jpg","articleSection":["Rep\u00fablica"],"inLanguage":"es","potentialAction":[{"@type":"CommentAction","name":"Comment","target":["https:\/\/www.sonoraenequipo.com.mx\/residentes-medicos-acusan-influyentismo-en-vacunacion\/#respond"]}]},{"@type":"WebPage","@id":"https:\/\/www.sonoraenequipo.com.mx\/residentes-medicos-acusan-influyentismo-en-vacunacion\/","url":"https:\/\/www.sonoraenequipo.com.mx\/residentes-medicos-acusan-influyentismo-en-vacunacion\/","name":"Sonora en Equipo. Residentes m\u00e9dicos acusan influyentismo en vacunaci\u00f3n Rep\u00fablica","isPartOf":{"@id":"https:\/\/www.sonoraenequipo.com.mx\/#website"},"primaryImageOfPage":{"@id":"https:\/\/www.sonoraenequipo.com.mx\/residentes-medicos-acusan-influyentismo-en-vacunacion\/#primaryimage"},"image":{"@id":"https:\/\/www.sonoraenequipo.com.mx\/residentes-medicos-acusan-influyentismo-en-vacunacion\/#primaryimage"},"thumbnailUrl":"https:\/\/www.sonoraenequipo.com.mx\/storage\/2020\/12\/residentes-protestan-por-influyentismo_opt.jpg","datePublished":"2020-12-31T18:58:21+00:00","dateModified":"2021-01-01T00:09:59+00:00","description":"CIUDAD DE M\u00c9XICO. MX. \u2014 Mientras que la esposa y una hija del director del Centro M\u00e9dico Licenciado Adolfo L\u00f3pez Mateos, en el Estado de M\u00e9xico, Jos\u00e9 En Sonora en Equipo publicamos toda la informaci\u00f3n de Sonora, M\u00e9xico y el Mundo de manera oportuna y busca que la libertad de expresi\u00f3n sea real. Visita nuestro medio informativo publicado desde Hermosillo, Sonora. %","breadcrumb":{"@id":"https:\/\/www.sonoraenequipo.com.mx\/residentes-medicos-acusan-influyentismo-en-vacunacion\/#breadcrumb"},"inLanguage":"es","potentialAction":[{"@type":"ReadAction","target":["https:\/\/www.sonoraenequipo.com.mx\/residentes-medicos-acusan-influyentismo-en-vacunacion\/"]}]},{"@type":"ImageObject","inLanguage":"es","@id":"https:\/\/www.sonoraenequipo.com.mx\/residentes-medicos-acusan-influyentismo-en-vacunacion\/#primaryimage","url":"https:\/\/www.sonoraenequipo.com.mx\/storage\/2020\/12\/residentes-protestan-por-influyentismo_opt.jpg","contentUrl":"https:\/\/www.sonoraenequipo.com.mx\/storage\/2020\/12\/residentes-protestan-por-influyentismo_opt.jpg","width":641,"height":400},{"@type":"BreadcrumbList","@id":"https:\/\/www.sonoraenequipo.com.mx\/residentes-medicos-acusan-influyentismo-en-vacunacion\/#breadcrumb","itemListElement":[{"@type":"ListItem","position":1,"name":"Portada","item":"https:\/\/www.sonoraenequipo.com.mx\/"},{"@type":"ListItem","position":2,"name":"Residentes m\u00e9dicos acusan influyentismo en vacunaci\u00f3n"}]},{"@type":"WebSite","@id":"https:\/\/www.sonoraenequipo.com.mx\/#website","url":"https:\/\/www.sonoraenequipo.com.mx\/","name":"Sonora en Equipo.","description":"Diario en l\u00ednea con Noticias desde Hermosillo, Sonora","publisher":{"@id":"https:\/\/www.sonoraenequipo.com.mx\/#organization"},"potentialAction":[{"@type":"SearchAction","target":{"@type":"EntryPoint","urlTemplate":"https:\/\/www.sonoraenequipo.com.mx\/?s={search_term_string}"},"query-input":{"@type":"PropertyValueSpecification","valueRequired":true,"valueName":"search_term_string"}}],"inLanguage":"es"},{"@type":"Organization","@id":"https:\/\/www.sonoraenequipo.com.mx\/#organization","name":"Sonoraenequipo.com.mx","url":"https:\/\/www.sonoraenequipo.com.mx\/","logo":{"@type":"ImageObject","inLanguage":"es","@id":"https:\/\/www.sonoraenequipo.com.mx\/#\/schema\/logo\/image\/","url":"https:\/\/www.sonoraenequipo.com.mx\/storage\/2019\/01\/sonoraenequipo_opt.png","contentUrl":"https:\/\/www.sonoraenequipo.com.mx\/storage\/2019\/01\/sonoraenequipo_opt.png","width":375,"height":125,"caption":"Sonoraenequipo.com.mx"},"image":{"@id":"https:\/\/www.sonoraenequipo.com.mx\/#\/schema\/logo\/image\/"},"sameAs":["https:\/\/www.facebook.com\/SonoraEE\/","https:\/\/x.com\/sonoraenequipo","https:\/\/www.youtube.com\/channel\/UC338nW-lPEYmJQs4ZABQ1SQ"]},{"@type":"Person","@id":"https:\/\/www.sonoraenequipo.com.mx\/#\/schema\/person\/50102df0fb23a8fa9e8effad8fa81386","name":"enequipo","image":{"@type":"ImageObject","inLanguage":"es","@id":"https:\/\/www.sonoraenequipo.com.mx\/#\/schema\/person\/image\/","url":"https:\/\/secure.gravatar.com\/avatar\/049821681b589dabc0bc20695993ccebb09f5b5d4d790cd9251b97faac7c652b?s=96&d=blank&r=g","contentUrl":"https:\/\/secure.gravatar.com\/avatar\/049821681b589dabc0bc20695993ccebb09f5b5d4d790cd9251b97faac7c652b?s=96&d=blank&r=g","caption":"enequipo"},"sameAs":["https:\/\/www.facebook.com\/SonoraEE"]}]}},"jetpack_featured_media_url":"https:\/\/www.sonoraenequipo.com.mx\/storage\/2020\/12\/residentes-protestan-por-influyentismo_opt.jpg","_links":{"self":[{"href":"https:\/\/www.sonoraenequipo.com.mx\/api\/wp\/v2\/posts\/103833","targetHints":{"allow":["GET"]}}],"collection":[{"href":"https:\/\/www.sonoraenequipo.com.mx\/api\/wp\/v2\/posts"}],"about":[{"href":"https:\/\/www.sonoraenequipo.com.mx\/api\/wp\/v2\/types\/post"}],"author":[{"embeddable":true,"href":"https:\/\/www.sonoraenequipo.com.mx\/api\/wp\/v2\/users\/1"}],"replies":[{"embeddable":true,"href":"https:\/\/www.sonoraenequipo.com.mx\/api\/wp\/v2\/comments?post=103833"}],"version-history":[{"count":1,"href":"https:\/\/www.sonoraenequipo.com.mx\/api\/wp\/v2\/posts\/103833\/revisions"}],"predecessor-version":[{"id":103835,"href":"https:\/\/www.sonoraenequipo.com.mx\/api\/wp\/v2\/posts\/103833\/revisions\/103835"}],"wp:featuredmedia":[{"embeddable":true,"href":"https:\/\/www.sonoraenequipo.com.mx\/api\/wp\/v2\/media\/103834"}],"wp:attachment":[{"href":"https:\/\/www.sonoraenequipo.com.mx\/api\/wp\/v2\/media?parent=103833"}],"wp:term":[{"taxonomy":"category","embeddable":true,"href":"https:\/\/www.sonoraenequipo.com.mx\/api\/wp\/v2\/categories?post=103833"},{"taxonomy":"post_tag","embeddable":true,"href":"https:\/\/www.sonoraenequipo.com.mx\/api\/wp\/v2\/tags?post=103833"}],"curies":[{"name":"wp","href":"https:\/\/api.w.org\/{rel}","templated":true}]}}