{"id":103836,"date":"2020-12-31T08:10:03","date_gmt":"2020-12-31T15:10:03","guid":{"rendered":"https:\/\/www.sonoraenequipo.com.mx\/?p=103836"},"modified":"2021-01-01T16:35:04","modified_gmt":"2021-01-01T23:35:04","slug":"el-presidente-andres-manuel-lopez-obrador-encabezo-la-presentacion-del-informe-2020-del-gabinete-de-seguridad","status":"publish","type":"post","link":"https:\/\/www.sonoraenequipo.com.mx\/el-presidente-andres-manuel-lopez-obrador-encabezo-la-presentacion-del-informe-2020-del-gabinete-de-seguridad\/","title":{"rendered":"El presidente Andr\u00e9s Manuel L\u00f3pez Obrador encabez\u00f3 la presentaci\u00f3n del informe 2020 del Gabinete de Seguridad."},"content":{"rendered":"<p>CIUDAD DE M\u00c9XICO. MX. \u2014 \u201cMi balance objetivo, honesto, es que se ha avanzado, nos faltan todav\u00eda muchas cosas, pero ha habido avances muy significativos. \u00bfY por qu\u00e9 hay estos resultados? Por la forma en que estamos trabajando todos los d\u00edas. Desde las 6:00 de la ma\u00f1ana tenemos reuniones de seguridad con todo el gabinete. De manera conjunta estamos enfrentando el problema de la inseguridad y de la violencia\u201d, expres\u00f3.<\/p>\n<p>&nbsp;<\/p>\n<p> <\/p>\n<p>&nbsp;<\/p>\n<p>Durante la \u00faltima conferencia de prensa matutina del 2020, la secretaria de Seguridad y Protecci\u00f3n Ciudadana, Rosa Icela Rodr\u00edguez Vel\u00e1zquez, afirm\u00f3 que al asumir este encargo dar\u00e1 seguimiento a la Estrategia Nacional de Seguridad, cuyo principal eje es atender las causas que generan las violencias, la delincuencia, el crimen organizado y los hechos delictivos.<\/p>\n<p>&nbsp;<\/p>\n<p>Asegur\u00f3 que trabajar\u00e1 en coordinaci\u00f3n con las instituciones del Gobierno de la Cuarta Transformaci\u00f3n y su actuaci\u00f3n se basar\u00e1 en la constancia, la disciplina y la protecci\u00f3n de los derechos humanos para la construcci\u00f3n de la paz.<\/p>\n<p>&nbsp;<\/p>\n<p>\u201cAcept\u00e9 con responsabilidad la convocatoria que me hizo, se\u00f1or presidente. Una mujer para encabezar la pacificaci\u00f3n del pa\u00eds es un reto para la sociedad, pues la propuesta rompe esquemas por ser la primera vez que un presidente se atreve a confiar en las mujeres para atender esa, que es la principal demanda social. Y, efectivamente, nuestro proyecto cambia paradigmas. No se trata de ganar una guerra, se trata de ganar la paz\u201d, afirm\u00f3 la secretaria de Seguridad.<\/p>\n<p>&nbsp;<\/p>\n<h3>Resultados en seguridad y ayuda a la poblaci\u00f3n durante 2020<\/h3>\n<p>&nbsp;<\/p>\n<p>El subsecretario de Seguridad P\u00fablica, Ricardo Mej\u00eda Berdeja, present\u00f3 los principales indicadores del cierre de 2020.<\/p>\n<p>&nbsp;<\/p>\n<p>Destac\u00f3 que el homicidio doloso present\u00f3 en diciembre una disminuci\u00f3n estimada del 0.4 por ciento respecto al mismo periodo de 2019, lo que permitir\u00e1 afirmar que este a\u00f1o cierra con menos homicidios que el anterior.<\/p>\n<p>&nbsp;<\/p>\n<p>El secuestro registra una ca\u00edda del 36.5 por ciento, mientras que el robo en sus diferentes modalidades \u2013a casa habitaci\u00f3n, veh\u00edculo automotor, transportistas, transe\u00fantes, transporte p\u00fablico y negocio\u2013 tiene una disminuci\u00f3n entre el a\u00f1o 2019 y 2020 del 21 por ciento.<\/p>\n<p>&nbsp;<\/p>\n<p>En cuanto al robo de hidrocarburos, el secretario report\u00f3 un ahorro de m\u00e1s de 124 mil millones de pesos desde el 21 de diciembre de 2018 al 31 de diciembre de 2020, lo que equivale a un ahorro diario de 156.7 millones de pesos.<\/p>\n<p>&nbsp;<\/p>\n<p>Sobre la prevenci\u00f3n de tomas de casetas, la coordinaci\u00f3n entre la Guardia Nacional y Caminos y Puentes Federales (Capufe) ha resultado en la prevenci\u00f3n total de p\u00e9rdidas de casi nueve mil 600 millones de pesos. Sobresalen las casetas de Tlalpan y Tepotzotl\u00e1n en la entrada de la Ciudad de M\u00e9xico, as\u00ed como las de Baja California y Palmillas, con dos mil 900 millones de pesos.<\/p>\n<p>&nbsp;<\/p>\n<p>Los operativos recientes en Nayarit y Sinaloa implican una prevenci\u00f3n de 155 millones de pesos y casi 100 millones de pesos, respectivamente.<\/p>\n<p>&nbsp;<\/p>\n<p>La Unidad de Inteligencia Financiera ha bloqueado durante este a\u00f1o 19 mil 970 cuentas, lo que equivale a un promedio mensual de mil 664 cuentas.<\/p>\n<p>&nbsp;<\/p>\n<p><em>\u201cEsto significa un monto de casi siete mil 800 millones de pesos, con un promedio mensual de 650 millones de pesos de bloqueo a cuentas, que es algo que ha permitido tambi\u00e9n combatir con inteligencia y peg\u00e1ndole en sus finanzas a los grupos delincuenciales\u201d<\/em>, se\u00f1al\u00f3 el subsecretario.<\/p>\n<p>&nbsp;<\/p>\n<p>El secretario de la Defensa Nacional, Luis Cresencio Sandoval, expuso que las Fuerzas Armadas, adem\u00e1s de colaborar en las labores de seguridad y el aseguramiento de armas, drogas y cultivos il\u00edcitos, brind\u00f3 ayuda humanitaria en ciclones, huracanes y en la pandemia de COVID-19 en coordinaci\u00f3n con la Secretar\u00eda de Relaciones Exteriores, la Secretar\u00eda de la Defensa y la Coordinaci\u00f3n Nacional de Protecci\u00f3n Civil.<\/p>\n<p>&nbsp;<\/p>\n<p>Report\u00f3 29 vuelos de transporte humanitario con tres mil 786 pasajeros de diferentes nacionalidades y la repatriaci\u00f3n de 250 urnas en un vuelo que se hizo de Estados Unidos hacia M\u00e9xico.<\/p>\n<p>&nbsp;<\/p>\n<p>Por su parte, el comandante de la Guardia Nacional, Luis Rodr\u00edguez Bucio, inform\u00f3 que el a\u00f1o termina con un despliegue de 98 mil 282 efectivos, un incremento de casi 24 mil elementos de esta corporaci\u00f3n.<\/p>\n<p>&nbsp;<\/p>\n<p><em>\u201cEn cuesti\u00f3n del reclutamiento, que es lo que nos permite tambi\u00e9n avanzar en el despliegue, la meta de 2020 eran 21 mil 430, tuvimos un avance del 93 por ciento, nos quedan pendientes por cubrir mil 400\u201d,<\/em> apunt\u00f3.<\/p>\n<p>&nbsp;<\/p>\n<p>Sobre la construcci\u00f3n de cuarteles para realizar el despliegue de la Guardia, detall\u00f3 que hay 120 totalmente construidos y 52 que se encuentran en la fase final. En enero de 2021 habr\u00e1 172 cuarteles construidos y en el 2021, 76 cuarteles m\u00e1s para terminar ese a\u00f1o con 248 cuarteles.<\/p>\n<p>&nbsp;<\/p>\n<p>El secretario de Marina, Jos\u00e9 Rafael Ojeda Dur\u00e1n, inform\u00f3 que en lo referente al Plan DN-III, Plan Marina y Guardia Nacional para atenci\u00f3n de la emergencia sanitaria COVID-19, hay desplegados 49 mil 585 elementos de las fuerzas federales.<\/p>\n<p>&nbsp;<\/p>\n<p>Se han reacondicionado 32 hospitales COVID del Insabi con un total de 560 camas de hospitalizaci\u00f3n y 770 de terapia intensiva.<\/p>\n<p>&nbsp;<\/p>\n<p>Asimismo, se siguen distribuyendo canastas b\u00e1sicas a familias y se realizan 120 operaciones a\u00e9reas con 371 horas de vuelo para trasladar siete mil 800 dosis de vacuna, 436 toneladas de material e insumos m\u00e9dicos.<\/p>\n<p>&nbsp;<\/p>\n<p>Se confeccionaron tres millones 419 mil 29 piezas de vestuario hospitalario en las f\u00e1bricas de la Secretar\u00eda de la Defensa Nacional y la Secretar\u00eda de Marina para el personal m\u00e9dico.<\/p>\n<p>&nbsp;<\/p>\n<p>Particip\u00f3 en la presentaci\u00f3n del informe, la secretaria de Gobernaci\u00f3n, Olga S\u00e1nchez Cordero.<\/p>\n<p>&nbsp;<\/p>\n<p>&nbsp;<\/p>\n<p>(Publicada el 31\/12\/2020)<\/p>\n","protected":false},"excerpt":{"rendered":"<p>CIUDAD DE M\u00c9XICO. MX. \u2014 \u201cMi balance objetivo, honesto, es que se ha avanzado, nos&#8230;<\/p>\n","protected":false},"author":1,"featured_media":0,"comment_status":"open","ping_status":"open","sticky":false,"template":"","format":"standard","meta":{"_monsterinsights_skip_tracking":false,"_monsterinsights_sitenote_active":false,"_monsterinsights_sitenote_note":"","_monsterinsights_sitenote_category":0,"footnotes":""},"categories":[5],"tags":[],"class_list":["post"],"yoast_head":" \n<title>Sonora en Equipo. El presidente Andr\u00e9s Manuel L\u00f3pez Obrador encabez\u00f3 la presentaci\u00f3n del informe 2020 del Gabinete de Seguridad. Rep\u00fablica<\/title>\n<meta name=\"description\" content=\"CIUDAD DE M\u00c9XICO. MX. \u2014 \u201cMi balance objetivo, honesto, es que se ha avanzado, nos faltan todav\u00eda muchas cosas, pero ha habido avances muy significativos. En Sonora en Equipo publicamos toda la informaci\u00f3n de Sonora, M\u00e9xico y el Mundo de manera oportuna y busca que la libertad de expresi\u00f3n sea real. Visita nuestro medio informativo publicado desde Hermosillo, Sonora. %\" \/>\n<meta name=\"robots\" content=\"index, follow, max-snippet:-1, max-image-preview:large, max-video-preview:-1\" \/>\n<link rel=\"canonical\" href=\"https:\/\/www.sonoraenequipo.com.mx\/el-presidente-andres-manuel-lopez-obrador-encabezo-la-presentacion-del-informe-2020-del-gabinete-de-seguridad\/\" \/>\n<meta property=\"og:locale\" content=\"es_ES\" \/>\n<meta property=\"og:type\" content=\"article\" \/>\n<meta property=\"og:title\" content=\"Sonora en Equipo. El presidente Andr\u00e9s Manuel L\u00f3pez Obrador encabez\u00f3 la presentaci\u00f3n del informe 2020 del Gabinete de Seguridad. Rep\u00fablica\" \/>\n<meta property=\"og:description\" content=\"CIUDAD DE M\u00c9XICO. MX. \u2014 \u201cMi balance objetivo, honesto, es que se ha avanzado, nos faltan todav\u00eda muchas cosas, pero ha habido avances muy significativos. En Sonora en Equipo publicamos toda la informaci\u00f3n de Sonora, M\u00e9xico y el Mundo de manera oportuna y busca que la libertad de expresi\u00f3n sea real. Visita nuestro medio informativo publicado desde Hermosillo, Sonora. %\" \/>\n<meta property=\"og:url\" content=\"https:\/\/www.sonoraenequipo.com.mx\/el-presidente-andres-manuel-lopez-obrador-encabezo-la-presentacion-del-informe-2020-del-gabinete-de-seguridad\/\" \/>\n<meta property=\"og:site_name\" content=\"Sonora en Equipo.\" \/>\n<meta property=\"article:publisher\" content=\"https:\/\/www.facebook.com\/SonoraEE\/\" \/>\n<meta property=\"article:author\" content=\"https:\/\/www.facebook.com\/SonoraEE\" \/>\n<meta property=\"article:published_time\" content=\"2020-12-31T15:10:03+00:00\" \/>\n<meta property=\"article:modified_time\" content=\"2021-01-01T23:35:04+00:00\" \/>\n<meta property=\"og:image\" content=\"https:\/\/www.sonoraenequipo.com.mx\/storage\/2020\/12\/31-12-2020-CONFERENCIA-DE-PRENSA-MATUTINA-FOTO-1_opt.jpg\" \/>\n\t<meta property=\"og:image:width\" content=\"601\" \/>\n\t<meta property=\"og:image:height\" content=\"400\" \/>\n\t<meta property=\"og:image:type\" content=\"image\/jpeg\" \/>\n<meta name=\"author\" content=\"enequipo\" \/>\n<meta name=\"twitter:card\" content=\"summary_large_image\" \/>\n<meta name=\"twitter:creator\" content=\"@sonoraenequipo\" \/>\n<meta name=\"twitter:site\" content=\"@sonoraenequipo\" \/>\n<meta name=\"twitter:label1\" content=\"Escrito por\" \/>\n\t<meta name=\"twitter:data1\" content=\"enequipo\" \/>\n\t<meta name=\"twitter:label2\" content=\"Tiempo de lectura\" \/>\n\t<meta name=\"twitter:data2\" content=\"5 minutos\" \/>\n<script type=\"application\/ld+json\" class=\"yoast-schema-graph\">{\"@context\":\"https:\/\/schema.org\",\"@graph\":[{\"@type\":\"Article\",\"@id\":\"https:\/\/www.sonoraenequipo.com.mx\/el-presidente-andres-manuel-lopez-obrador-encabezo-la-presentacion-del-informe-2020-del-gabinete-de-seguridad\/#article\",\"isPartOf\":{\"@id\":\"https:\/\/www.sonoraenequipo.com.mx\/el-presidente-andres-manuel-lopez-obrador-encabezo-la-presentacion-del-informe-2020-del-gabinete-de-seguridad\/\"},\"author\":{\"name\":\"enequipo\",\"@id\":\"https:\/\/www.sonoraenequipo.com.mx\/#\/schema\/person\/50102df0fb23a8fa9e8effad8fa81386\"},\"headline\":\"El presidente Andr\u00e9s Manuel L\u00f3pez Obrador encabez\u00f3 la presentaci\u00f3n del informe 2020 del Gabinete de Seguridad.\",\"datePublished\":\"2020-12-31T15:10:03+00:00\",\"dateModified\":\"2021-01-01T23:35:04+00:00\",\"mainEntityOfPage\":{\"@id\":\"https:\/\/www.sonoraenequipo.com.mx\/el-presidente-andres-manuel-lopez-obrador-encabezo-la-presentacion-del-informe-2020-del-gabinete-de-seguridad\/\"},\"wordCount\":954,\"commentCount\":0,\"publisher\":{\"@id\":\"https:\/\/www.sonoraenequipo.com.mx\/#organization\"},\"articleSection\":[\"Rep\u00fablica\"],\"inLanguage\":\"es\",\"potentialAction\":[{\"@type\":\"CommentAction\",\"name\":\"Comment\",\"target\":[\"https:\/\/www.sonoraenequipo.com.mx\/el-presidente-andres-manuel-lopez-obrador-encabezo-la-presentacion-del-informe-2020-del-gabinete-de-seguridad\/#respond\"]}]},{\"@type\":\"WebPage\",\"@id\":\"https:\/\/www.sonoraenequipo.com.mx\/el-presidente-andres-manuel-lopez-obrador-encabezo-la-presentacion-del-informe-2020-del-gabinete-de-seguridad\/\",\"url\":\"https:\/\/www.sonoraenequipo.com.mx\/el-presidente-andres-manuel-lopez-obrador-encabezo-la-presentacion-del-informe-2020-del-gabinete-de-seguridad\/\",\"name\":\"Sonora en Equipo. El presidente Andr\u00e9s Manuel L\u00f3pez Obrador encabez\u00f3 la presentaci\u00f3n del informe 2020 del Gabinete de Seguridad. Rep\u00fablica\",\"isPartOf\":{\"@id\":\"https:\/\/www.sonoraenequipo.com.mx\/#website\"},\"datePublished\":\"2020-12-31T15:10:03+00:00\",\"dateModified\":\"2021-01-01T23:35:04+00:00\",\"description\":\"CIUDAD DE M\u00c9XICO. MX. \u2014 \u201cMi balance objetivo, honesto, es que se ha avanzado, nos faltan todav\u00eda muchas cosas, pero ha habido avances muy significativos. En Sonora en Equipo publicamos toda la informaci\u00f3n de Sonora, M\u00e9xico y el Mundo de manera oportuna y busca que la libertad de expresi\u00f3n sea real. Visita nuestro medio informativo publicado desde Hermosillo, Sonora. %\",\"breadcrumb\":{\"@id\":\"https:\/\/www.sonoraenequipo.com.mx\/el-presidente-andres-manuel-lopez-obrador-encabezo-la-presentacion-del-informe-2020-del-gabinete-de-seguridad\/#breadcrumb\"},\"inLanguage\":\"es\",\"potentialAction\":[{\"@type\":\"ReadAction\",\"target\":[\"https:\/\/www.sonoraenequipo.com.mx\/el-presidente-andres-manuel-lopez-obrador-encabezo-la-presentacion-del-informe-2020-del-gabinete-de-seguridad\/\"]}]},{\"@type\":\"BreadcrumbList\",\"@id\":\"https:\/\/www.sonoraenequipo.com.mx\/el-presidente-andres-manuel-lopez-obrador-encabezo-la-presentacion-del-informe-2020-del-gabinete-de-seguridad\/#breadcrumb\",\"itemListElement\":[{\"@type\":\"ListItem\",\"position\":1,\"name\":\"Portada\",\"item\":\"https:\/\/www.sonoraenequipo.com.mx\/\"},{\"@type\":\"ListItem\",\"position\":2,\"name\":\"El presidente Andr\u00e9s Manuel L\u00f3pez Obrador encabez\u00f3 la presentaci\u00f3n del informe 2020 del Gabinete de Seguridad.\"}]},{\"@type\":\"WebSite\",\"@id\":\"https:\/\/www.sonoraenequipo.com.mx\/#website\",\"url\":\"https:\/\/www.sonoraenequipo.com.mx\/\",\"name\":\"Sonora en Equipo.\",\"description\":\"Diario en l\u00ednea con Noticias desde Hermosillo, Sonora\",\"publisher\":{\"@id\":\"https:\/\/www.sonoraenequipo.com.mx\/#organization\"},\"potentialAction\":[{\"@type\":\"SearchAction\",\"target\":{\"@type\":\"EntryPoint\",\"urlTemplate\":\"https:\/\/www.sonoraenequipo.com.mx\/?s={search_term_string}\"},\"query-input\":{\"@type\":\"PropertyValueSpecification\",\"valueRequired\":true,\"valueName\":\"search_term_string\"}}],\"inLanguage\":\"es\"},{\"@type\":\"Organization\",\"@id\":\"https:\/\/www.sonoraenequipo.com.mx\/#organization\",\"name\":\"Sonoraenequipo.com.mx\",\"url\":\"https:\/\/www.sonoraenequipo.com.mx\/\",\"logo\":{\"@type\":\"ImageObject\",\"inLanguage\":\"es\",\"@id\":\"https:\/\/www.sonoraenequipo.com.mx\/#\/schema\/logo\/image\/\",\"url\":\"https:\/\/www.sonoraenequipo.com.mx\/storage\/2019\/01\/sonoraenequipo_opt.png\",\"contentUrl\":\"https:\/\/www.sonoraenequipo.com.mx\/storage\/2019\/01\/sonoraenequipo_opt.png\",\"width\":375,\"height\":125,\"caption\":\"Sonoraenequipo.com.mx\"},\"image\":{\"@id\":\"https:\/\/www.sonoraenequipo.com.mx\/#\/schema\/logo\/image\/\"},\"sameAs\":[\"https:\/\/www.facebook.com\/SonoraEE\/\",\"https:\/\/x.com\/sonoraenequipo\",\"https:\/\/www.youtube.com\/channel\/UC338nW-lPEYmJQs4ZABQ1SQ\"]},{\"@type\":\"Person\",\"@id\":\"https:\/\/www.sonoraenequipo.com.mx\/#\/schema\/person\/50102df0fb23a8fa9e8effad8fa81386\",\"name\":\"enequipo\",\"image\":{\"@type\":\"ImageObject\",\"inLanguage\":\"es\",\"@id\":\"https:\/\/www.sonoraenequipo.com.mx\/#\/schema\/person\/image\/\",\"url\":\"https:\/\/secure.gravatar.com\/avatar\/049821681b589dabc0bc20695993ccebb09f5b5d4d790cd9251b97faac7c652b?s=96&d=blank&r=g\",\"contentUrl\":\"https:\/\/secure.gravatar.com\/avatar\/049821681b589dabc0bc20695993ccebb09f5b5d4d790cd9251b97faac7c652b?s=96&d=blank&r=g\",\"caption\":\"enequipo\"},\"sameAs\":[\"https:\/\/www.facebook.com\/SonoraEE\"]}]}<\/script>\n ","yoast_head_json":{"title":"Sonora en Equipo. El presidente Andr\u00e9s Manuel L\u00f3pez Obrador encabez\u00f3 la presentaci\u00f3n del informe 2020 del Gabinete de Seguridad. Rep\u00fablica","description":"CIUDAD DE M\u00c9XICO. MX. \u2014 \u201cMi balance objetivo, honesto, es que se ha avanzado, nos faltan todav\u00eda muchas cosas, pero ha habido avances muy significativos. En Sonora en Equipo publicamos toda la informaci\u00f3n de Sonora, M\u00e9xico y el Mundo de manera oportuna y busca que la libertad de expresi\u00f3n sea real. Visita nuestro medio informativo publicado desde Hermosillo, Sonora. %","robots":{"index":"index","follow":"follow","max-snippet":"max-snippet:-1","max-image-preview":"max-image-preview:large","max-video-preview":"max-video-preview:-1"},"canonical":"https:\/\/www.sonoraenequipo.com.mx\/el-presidente-andres-manuel-lopez-obrador-encabezo-la-presentacion-del-informe-2020-del-gabinete-de-seguridad\/","og_locale":"es_ES","og_type":"article","og_title":"Sonora en Equipo. El presidente Andr\u00e9s Manuel L\u00f3pez Obrador encabez\u00f3 la presentaci\u00f3n del informe 2020 del Gabinete de Seguridad. Rep\u00fablica","og_description":"CIUDAD DE M\u00c9XICO. MX. \u2014 \u201cMi balance objetivo, honesto, es que se ha avanzado, nos faltan todav\u00eda muchas cosas, pero ha habido avances muy significativos. En Sonora en Equipo publicamos toda la informaci\u00f3n de Sonora, M\u00e9xico y el Mundo de manera oportuna y busca que la libertad de expresi\u00f3n sea real. Visita nuestro medio informativo publicado desde Hermosillo, Sonora. %","og_url":"https:\/\/www.sonoraenequipo.com.mx\/el-presidente-andres-manuel-lopez-obrador-encabezo-la-presentacion-del-informe-2020-del-gabinete-de-seguridad\/","og_site_name":"Sonora en Equipo.","article_publisher":"https:\/\/www.facebook.com\/SonoraEE\/","article_author":"https:\/\/www.facebook.com\/SonoraEE","article_published_time":"2020-12-31T15:10:03+00:00","article_modified_time":"2021-01-01T23:35:04+00:00","og_image":[{"width":601,"height":400,"url":"https:\/\/www.sonoraenequipo.com.mx\/storage\/2020\/12\/31-12-2020-CONFERENCIA-DE-PRENSA-MATUTINA-FOTO-1_opt.jpg","type":"image\/jpeg"}],"author":"enequipo","twitter_card":"summary_large_image","twitter_creator":"@sonoraenequipo","twitter_site":"@sonoraenequipo","twitter_misc":{"Escrito por":"enequipo","Tiempo de lectura":"5 minutos"},"schema":{"@context":"https:\/\/schema.org","@graph":[{"@type":"Article","@id":"https:\/\/www.sonoraenequipo.com.mx\/el-presidente-andres-manuel-lopez-obrador-encabezo-la-presentacion-del-informe-2020-del-gabinete-de-seguridad\/#article","isPartOf":{"@id":"https:\/\/www.sonoraenequipo.com.mx\/el-presidente-andres-manuel-lopez-obrador-encabezo-la-presentacion-del-informe-2020-del-gabinete-de-seguridad\/"},"author":{"name":"enequipo","@id":"https:\/\/www.sonoraenequipo.com.mx\/#\/schema\/person\/50102df0fb23a8fa9e8effad8fa81386"},"headline":"El presidente Andr\u00e9s Manuel L\u00f3pez Obrador encabez\u00f3 la presentaci\u00f3n del informe 2020 del Gabinete de Seguridad.","datePublished":"2020-12-31T15:10:03+00:00","dateModified":"2021-01-01T23:35:04+00:00","mainEntityOfPage":{"@id":"https:\/\/www.sonoraenequipo.com.mx\/el-presidente-andres-manuel-lopez-obrador-encabezo-la-presentacion-del-informe-2020-del-gabinete-de-seguridad\/"},"wordCount":954,"commentCount":0,"publisher":{"@id":"https:\/\/www.sonoraenequipo.com.mx\/#organization"},"articleSection":["Rep\u00fablica"],"inLanguage":"es","potentialAction":[{"@type":"CommentAction","name":"Comment","target":["https:\/\/www.sonoraenequipo.com.mx\/el-presidente-andres-manuel-lopez-obrador-encabezo-la-presentacion-del-informe-2020-del-gabinete-de-seguridad\/#respond"]}]},{"@type":"WebPage","@id":"https:\/\/www.sonoraenequipo.com.mx\/el-presidente-andres-manuel-lopez-obrador-encabezo-la-presentacion-del-informe-2020-del-gabinete-de-seguridad\/","url":"https:\/\/www.sonoraenequipo.com.mx\/el-presidente-andres-manuel-lopez-obrador-encabezo-la-presentacion-del-informe-2020-del-gabinete-de-seguridad\/","name":"Sonora en Equipo. El presidente Andr\u00e9s Manuel L\u00f3pez Obrador encabez\u00f3 la presentaci\u00f3n del informe 2020 del Gabinete de Seguridad. Rep\u00fablica","isPartOf":{"@id":"https:\/\/www.sonoraenequipo.com.mx\/#website"},"datePublished":"2020-12-31T15:10:03+00:00","dateModified":"2021-01-01T23:35:04+00:00","description":"CIUDAD DE M\u00c9XICO. MX. \u2014 \u201cMi balance objetivo, honesto, es que se ha avanzado, nos faltan todav\u00eda muchas cosas, pero ha habido avances muy significativos. En Sonora en Equipo publicamos toda la informaci\u00f3n de Sonora, M\u00e9xico y el Mundo de manera oportuna y busca que la libertad de expresi\u00f3n sea real. Visita nuestro medio informativo publicado desde Hermosillo, Sonora. %","breadcrumb":{"@id":"https:\/\/www.sonoraenequipo.com.mx\/el-presidente-andres-manuel-lopez-obrador-encabezo-la-presentacion-del-informe-2020-del-gabinete-de-seguridad\/#breadcrumb"},"inLanguage":"es","potentialAction":[{"@type":"ReadAction","target":["https:\/\/www.sonoraenequipo.com.mx\/el-presidente-andres-manuel-lopez-obrador-encabezo-la-presentacion-del-informe-2020-del-gabinete-de-seguridad\/"]}]},{"@type":"BreadcrumbList","@id":"https:\/\/www.sonoraenequipo.com.mx\/el-presidente-andres-manuel-lopez-obrador-encabezo-la-presentacion-del-informe-2020-del-gabinete-de-seguridad\/#breadcrumb","itemListElement":[{"@type":"ListItem","position":1,"name":"Portada","item":"https:\/\/www.sonoraenequipo.com.mx\/"},{"@type":"ListItem","position":2,"name":"El presidente Andr\u00e9s Manuel L\u00f3pez Obrador encabez\u00f3 la presentaci\u00f3n del informe 2020 del Gabinete de Seguridad."}]},{"@type":"WebSite","@id":"https:\/\/www.sonoraenequipo.com.mx\/#website","url":"https:\/\/www.sonoraenequipo.com.mx\/","name":"Sonora en Equipo.","description":"Diario en l\u00ednea con Noticias desde Hermosillo, Sonora","publisher":{"@id":"https:\/\/www.sonoraenequipo.com.mx\/#organization"},"potentialAction":[{"@type":"SearchAction","target":{"@type":"EntryPoint","urlTemplate":"https:\/\/www.sonoraenequipo.com.mx\/?s={search_term_string}"},"query-input":{"@type":"PropertyValueSpecification","valueRequired":true,"valueName":"search_term_string"}}],"inLanguage":"es"},{"@type":"Organization","@id":"https:\/\/www.sonoraenequipo.com.mx\/#organization","name":"Sonoraenequipo.com.mx","url":"https:\/\/www.sonoraenequipo.com.mx\/","logo":{"@type":"ImageObject","inLanguage":"es","@id":"https:\/\/www.sonoraenequipo.com.mx\/#\/schema\/logo\/image\/","url":"https:\/\/www.sonoraenequipo.com.mx\/storage\/2019\/01\/sonoraenequipo_opt.png","contentUrl":"https:\/\/www.sonoraenequipo.com.mx\/storage\/2019\/01\/sonoraenequipo_opt.png","width":375,"height":125,"caption":"Sonoraenequipo.com.mx"},"image":{"@id":"https:\/\/www.sonoraenequipo.com.mx\/#\/schema\/logo\/image\/"},"sameAs":["https:\/\/www.facebook.com\/SonoraEE\/","https:\/\/x.com\/sonoraenequipo","https:\/\/www.youtube.com\/channel\/UC338nW-lPEYmJQs4ZABQ1SQ"]},{"@type":"Person","@id":"https:\/\/www.sonoraenequipo.com.mx\/#\/schema\/person\/50102df0fb23a8fa9e8effad8fa81386","name":"enequipo","image":{"@type":"ImageObject","inLanguage":"es","@id":"https:\/\/www.sonoraenequipo.com.mx\/#\/schema\/person\/image\/","url":"https:\/\/secure.gravatar.com\/avatar\/049821681b589dabc0bc20695993ccebb09f5b5d4d790cd9251b97faac7c652b?s=96&d=blank&r=g","contentUrl":"https:\/\/secure.gravatar.com\/avatar\/049821681b589dabc0bc20695993ccebb09f5b5d4d790cd9251b97faac7c652b?s=96&d=blank&r=g","caption":"enequipo"},"sameAs":["https:\/\/www.facebook.com\/SonoraEE"]}]}},"jetpack_featured_media_url":"","_links":{"self":[{"href":"https:\/\/www.sonoraenequipo.com.mx\/api\/wp\/v2\/posts\/103836","targetHints":{"allow":["GET"]}}],"collection":[{"href":"https:\/\/www.sonoraenequipo.com.mx\/api\/wp\/v2\/posts"}],"about":[{"href":"https:\/\/www.sonoraenequipo.com.mx\/api\/wp\/v2\/types\/post"}],"author":[{"embeddable":true,"href":"https:\/\/www.sonoraenequipo.com.mx\/api\/wp\/v2\/users\/1"}],"replies":[{"embeddable":true,"href":"https:\/\/www.sonoraenequipo.com.mx\/api\/wp\/v2\/comments?post=103836"}],"version-history":[{"count":1,"href":"https:\/\/www.sonoraenequipo.com.mx\/api\/wp\/v2\/posts\/103836\/revisions"}],"predecessor-version":[{"id":103838,"href":"https:\/\/www.sonoraenequipo.com.mx\/api\/wp\/v2\/posts\/103836\/revisions\/103838"}],"wp:attachment":[{"href":"https:\/\/www.sonoraenequipo.com.mx\/api\/wp\/v2\/media?parent=103836"}],"wp:term":[{"taxonomy":"category","embeddable":true,"href":"https:\/\/www.sonoraenequipo.com.mx\/api\/wp\/v2\/categories?post=103836"},{"taxonomy":"post_tag","embeddable":true,"href":"https:\/\/www.sonoraenequipo.com.mx\/api\/wp\/v2\/tags?post=103836"}],"curies":[{"name":"wp","href":"https:\/\/api.w.org\/{rel}","templated":true}]}}