{"id":103860,"date":"2021-01-01T17:01:53","date_gmt":"2021-01-02T00:01:53","guid":{"rendered":"https:\/\/www.sonoraenequipo.com.mx\/?p=103860"},"modified":"2021-01-01T17:01:53","modified_gmt":"2021-01-02T00:01:53","slug":"nace-en-el-himes-nino-ano-nuevo-2021","status":"publish","type":"post","link":"https:\/\/www.sonoraenequipo.com.mx\/nace-en-el-himes-nino-ano-nuevo-2021\/","title":{"rendered":"Nace en el HIMES Ni\u00f1o A\u00f1o Nuevo 2021"},"content":{"rendered":"<p>Nace en el HIMES Ni\u00f1o A\u00f1o Nuevo 2021<\/p>\n<p>HERMOSILLO, SONORA,MX.\u2500\u2500 En perfecto estado de salud, Jordan Jes\u00fas, se convirti\u00f3 en el Ni\u00f1o A\u00f1o Nuevo 2021, al nacer en los primeros minutos del viernes 1 de enero en el Hospital Integral de la Mujer del Estado de Sonora, (Himes).<\/p>\n<p>Jos\u00e9 Jes\u00fas Contreras Soto, titular del nosocomio, mencion\u00f3 que el primer beb\u00e9 del a\u00f1o, naci\u00f3 en perfecto estado de salud, a las 00:58 horas, con un peso de 2 kilos 800 gramos, y fue recibido por el personal del Himes.<\/p>\n<p>Jennifer Gonz\u00e1lez Mata, madre del Ni\u00f1o A\u00f1o Nuevo, se\u00f1al\u00f3 que est\u00e1 feliz por la llegada de su beb\u00e9 y agradecida por la atenci\u00f3n de todo el personal m\u00e9dico.<\/p>\n<p>\u201cDespu\u00e9s de un a\u00f1o de miedos por el COVID-19, mi beb\u00e9 representa para m\u00ed la fe de un nuevo a\u00f1o con mucha alegr\u00eda\u201d, se\u00f1al\u00f3 la nueva mam\u00e1.<\/p>\n<p>Contreras Soto expres\u00f3 su benepl\u00e1cito por la llegada del Beb\u00e9 A\u00f1o Nuevo en excelentes condiciones de salud al igual que la joven madre.<\/p>\n<p>\u201cFelicitamos a Jennifer por su hermoso ni\u00f1o y deseamos que les vaya muy bien y se cuiden mucho\u201d, resalt\u00f3.<\/p>\n<p>Contreras Soto detall\u00f3 que durante el 2020 en el Hospital Integral de la Mujer se registraron 4 mil 128 nacimientos, de los cuales 2 mil 578 fueron por parto natural y 1 mil 550 por ces\u00e1rea.<\/p>\n<p>Fecha de publicaci\u00f3n 01\/ene\/2021<\/p>\n<p>&nbsp;<\/p>\n","protected":false},"excerpt":{"rendered":"<p>Nace en el HIMES Ni\u00f1o A\u00f1o Nuevo 2021 HERMOSILLO, SONORA,MX.\u2500\u2500 En perfecto estado de salud,&#8230;<\/p>\n","protected":false},"author":1,"featured_media":103861,"comment_status":"open","ping_status":"open","sticky":false,"template":"","format":"standard","meta":{"_monsterinsights_skip_tracking":false,"_monsterinsights_sitenote_active":false,"_monsterinsights_sitenote_note":"","_monsterinsights_sitenote_category":0,"footnotes":""},"categories":[22],"tags":[3896],"class_list":["post"],"yoast_head":" \n<title>Sonora en Equipo. Nace en el HIMES Ni\u00f1o A\u00f1o Nuevo 2021 Sonora<\/title>\n<meta name=\"description\" content=\"Nace en el HIMES Ni\u00f1o A\u00f1o Nuevo 2021 HERMOSILLO, SONORA,MX.\u2500\u2500 En perfecto estado de salud, Jordan Jes\u00fas, se convirti\u00f3 en el Ni\u00f1o A\u00f1o Nuevo 2021, al nacer En Sonora en Equipo publicamos toda la informaci\u00f3n de Sonora, M\u00e9xico y el Mundo de manera oportuna y busca que la libertad de expresi\u00f3n sea real. Visita nuestro medio informativo publicado desde Hermosillo, Sonora. %\" \/>\n<meta name=\"robots\" content=\"index, follow, max-snippet:-1, max-image-preview:large, max-video-preview:-1\" \/>\n<link rel=\"canonical\" href=\"https:\/\/www.sonoraenequipo.com.mx\/nace-en-el-himes-nino-ano-nuevo-2021\/\" \/>\n<meta property=\"og:locale\" content=\"es_ES\" \/>\n<meta property=\"og:type\" content=\"article\" \/>\n<meta property=\"og:title\" content=\"Sonora en Equipo. Nace en el HIMES Ni\u00f1o A\u00f1o Nuevo 2021 Sonora\" \/>\n<meta property=\"og:description\" content=\"Nace en el HIMES Ni\u00f1o A\u00f1o Nuevo 2021 HERMOSILLO, SONORA,MX.\u2500\u2500 En perfecto estado de salud, Jordan Jes\u00fas, se convirti\u00f3 en el Ni\u00f1o A\u00f1o Nuevo 2021, al nacer En Sonora en Equipo publicamos toda la informaci\u00f3n de Sonora, M\u00e9xico y el Mundo de manera oportuna y busca que la libertad de expresi\u00f3n sea real. Visita nuestro medio informativo publicado desde Hermosillo, Sonora. %\" \/>\n<meta property=\"og:url\" content=\"https:\/\/www.sonoraenequipo.com.mx\/nace-en-el-himes-nino-ano-nuevo-2021\/\" \/>\n<meta property=\"og:site_name\" content=\"Sonora en Equipo.\" \/>\n<meta property=\"article:publisher\" content=\"https:\/\/www.facebook.com\/SonoraEE\/\" \/>\n<meta property=\"article:author\" content=\"https:\/\/www.facebook.com\/SonoraEE\" \/>\n<meta property=\"article:published_time\" content=\"2021-01-02T00:01:53+00:00\" \/>\n<meta property=\"og:image\" content=\"https:\/\/www.sonoraenequipo.com.mx\/storage\/2021\/01\/nino21.jpg\" \/>\n\t<meta property=\"og:image:width\" content=\"600\" \/>\n\t<meta property=\"og:image:height\" content=\"400\" \/>\n\t<meta property=\"og:image:type\" content=\"image\/jpeg\" \/>\n<meta name=\"author\" content=\"enequipo\" \/>\n<meta name=\"twitter:card\" content=\"summary_large_image\" \/>\n<meta name=\"twitter:creator\" content=\"@sonoraenequipo\" \/>\n<meta name=\"twitter:site\" content=\"@sonoraenequipo\" \/>\n<meta name=\"twitter:label1\" content=\"Escrito por\" \/>\n\t<meta name=\"twitter:data1\" content=\"enequipo\" \/>\n\t<meta name=\"twitter:label2\" content=\"Tiempo de lectura\" \/>\n\t<meta name=\"twitter:data2\" content=\"1 minuto\" \/>\n<script type=\"application\/ld+json\" class=\"yoast-schema-graph\">{\"@context\":\"https:\/\/schema.org\",\"@graph\":[{\"@type\":\"Article\",\"@id\":\"https:\/\/www.sonoraenequipo.com.mx\/nace-en-el-himes-nino-ano-nuevo-2021\/#article\",\"isPartOf\":{\"@id\":\"https:\/\/www.sonoraenequipo.com.mx\/nace-en-el-himes-nino-ano-nuevo-2021\/\"},\"author\":{\"name\":\"enequipo\",\"@id\":\"https:\/\/www.sonoraenequipo.com.mx\/#\/schema\/person\/50102df0fb23a8fa9e8effad8fa81386\"},\"headline\":\"Nace en el HIMES Ni\u00f1o A\u00f1o Nuevo 2021\",\"datePublished\":\"2021-01-02T00:01:53+00:00\",\"mainEntityOfPage\":{\"@id\":\"https:\/\/www.sonoraenequipo.com.mx\/nace-en-el-himes-nino-ano-nuevo-2021\/\"},\"wordCount\":246,\"commentCount\":0,\"publisher\":{\"@id\":\"https:\/\/www.sonoraenequipo.com.mx\/#organization\"},\"image\":{\"@id\":\"https:\/\/www.sonoraenequipo.com.mx\/nace-en-el-himes-nino-ano-nuevo-2021\/#primaryimage\"},\"thumbnailUrl\":\"https:\/\/www.sonoraenequipo.com.mx\/storage\/2021\/01\/nino21.jpg\",\"keywords\":[\"2021\"],\"articleSection\":[\"Sonora\"],\"inLanguage\":\"es\",\"potentialAction\":[{\"@type\":\"CommentAction\",\"name\":\"Comment\",\"target\":[\"https:\/\/www.sonoraenequipo.com.mx\/nace-en-el-himes-nino-ano-nuevo-2021\/#respond\"]}]},{\"@type\":\"WebPage\",\"@id\":\"https:\/\/www.sonoraenequipo.com.mx\/nace-en-el-himes-nino-ano-nuevo-2021\/\",\"url\":\"https:\/\/www.sonoraenequipo.com.mx\/nace-en-el-himes-nino-ano-nuevo-2021\/\",\"name\":\"Sonora en Equipo. Nace en el HIMES Ni\u00f1o A\u00f1o Nuevo 2021 Sonora\",\"isPartOf\":{\"@id\":\"https:\/\/www.sonoraenequipo.com.mx\/#website\"},\"primaryImageOfPage\":{\"@id\":\"https:\/\/www.sonoraenequipo.com.mx\/nace-en-el-himes-nino-ano-nuevo-2021\/#primaryimage\"},\"image\":{\"@id\":\"https:\/\/www.sonoraenequipo.com.mx\/nace-en-el-himes-nino-ano-nuevo-2021\/#primaryimage\"},\"thumbnailUrl\":\"https:\/\/www.sonoraenequipo.com.mx\/storage\/2021\/01\/nino21.jpg\",\"datePublished\":\"2021-01-02T00:01:53+00:00\",\"description\":\"Nace en el HIMES Ni\u00f1o A\u00f1o Nuevo 2021 HERMOSILLO, SONORA,MX.\u2500\u2500 En perfecto estado de salud, Jordan Jes\u00fas, se convirti\u00f3 en el Ni\u00f1o A\u00f1o Nuevo 2021, al nacer En Sonora en Equipo publicamos toda la informaci\u00f3n de Sonora, M\u00e9xico y el Mundo de manera oportuna y busca que la libertad de expresi\u00f3n sea real. Visita nuestro medio informativo publicado desde Hermosillo, Sonora. %\",\"breadcrumb\":{\"@id\":\"https:\/\/www.sonoraenequipo.com.mx\/nace-en-el-himes-nino-ano-nuevo-2021\/#breadcrumb\"},\"inLanguage\":\"es\",\"potentialAction\":[{\"@type\":\"ReadAction\",\"target\":[\"https:\/\/www.sonoraenequipo.com.mx\/nace-en-el-himes-nino-ano-nuevo-2021\/\"]}]},{\"@type\":\"ImageObject\",\"inLanguage\":\"es\",\"@id\":\"https:\/\/www.sonoraenequipo.com.mx\/nace-en-el-himes-nino-ano-nuevo-2021\/#primaryimage\",\"url\":\"https:\/\/www.sonoraenequipo.com.mx\/storage\/2021\/01\/nino21.jpg\",\"contentUrl\":\"https:\/\/www.sonoraenequipo.com.mx\/storage\/2021\/01\/nino21.jpg\",\"width\":600,\"height\":400},{\"@type\":\"BreadcrumbList\",\"@id\":\"https:\/\/www.sonoraenequipo.com.mx\/nace-en-el-himes-nino-ano-nuevo-2021\/#breadcrumb\",\"itemListElement\":[{\"@type\":\"ListItem\",\"position\":1,\"name\":\"Portada\",\"item\":\"https:\/\/www.sonoraenequipo.com.mx\/\"},{\"@type\":\"ListItem\",\"position\":2,\"name\":\"Nace en el HIMES Ni\u00f1o A\u00f1o Nuevo 2021\"}]},{\"@type\":\"WebSite\",\"@id\":\"https:\/\/www.sonoraenequipo.com.mx\/#website\",\"url\":\"https:\/\/www.sonoraenequipo.com.mx\/\",\"name\":\"Sonora en Equipo.\",\"description\":\"Diario en l\u00ednea con Noticias desde Hermosillo, Sonora\",\"publisher\":{\"@id\":\"https:\/\/www.sonoraenequipo.com.mx\/#organization\"},\"potentialAction\":[{\"@type\":\"SearchAction\",\"target\":{\"@type\":\"EntryPoint\",\"urlTemplate\":\"https:\/\/www.sonoraenequipo.com.mx\/?s={search_term_string}\"},\"query-input\":{\"@type\":\"PropertyValueSpecification\",\"valueRequired\":true,\"valueName\":\"search_term_string\"}}],\"inLanguage\":\"es\"},{\"@type\":\"Organization\",\"@id\":\"https:\/\/www.sonoraenequipo.com.mx\/#organization\",\"name\":\"Sonoraenequipo.com.mx\",\"url\":\"https:\/\/www.sonoraenequipo.com.mx\/\",\"logo\":{\"@type\":\"ImageObject\",\"inLanguage\":\"es\",\"@id\":\"https:\/\/www.sonoraenequipo.com.mx\/#\/schema\/logo\/image\/\",\"url\":\"https:\/\/www.sonoraenequipo.com.mx\/storage\/2019\/01\/sonoraenequipo_opt.png\",\"contentUrl\":\"https:\/\/www.sonoraenequipo.com.mx\/storage\/2019\/01\/sonoraenequipo_opt.png\",\"width\":375,\"height\":125,\"caption\":\"Sonoraenequipo.com.mx\"},\"image\":{\"@id\":\"https:\/\/www.sonoraenequipo.com.mx\/#\/schema\/logo\/image\/\"},\"sameAs\":[\"https:\/\/www.facebook.com\/SonoraEE\/\",\"https:\/\/x.com\/sonoraenequipo\",\"https:\/\/www.youtube.com\/channel\/UC338nW-lPEYmJQs4ZABQ1SQ\"]},{\"@type\":\"Person\",\"@id\":\"https:\/\/www.sonoraenequipo.com.mx\/#\/schema\/person\/50102df0fb23a8fa9e8effad8fa81386\",\"name\":\"enequipo\",\"image\":{\"@type\":\"ImageObject\",\"inLanguage\":\"es\",\"@id\":\"https:\/\/www.sonoraenequipo.com.mx\/#\/schema\/person\/image\/\",\"url\":\"https:\/\/secure.gravatar.com\/avatar\/049821681b589dabc0bc20695993ccebb09f5b5d4d790cd9251b97faac7c652b?s=96&d=blank&r=g\",\"contentUrl\":\"https:\/\/secure.gravatar.com\/avatar\/049821681b589dabc0bc20695993ccebb09f5b5d4d790cd9251b97faac7c652b?s=96&d=blank&r=g\",\"caption\":\"enequipo\"},\"sameAs\":[\"https:\/\/www.facebook.com\/SonoraEE\"]}]}<\/script>\n ","yoast_head_json":{"title":"Sonora en Equipo. Nace en el HIMES Ni\u00f1o A\u00f1o Nuevo 2021 Sonora","description":"Nace en el HIMES Ni\u00f1o A\u00f1o Nuevo 2021 HERMOSILLO, SONORA,MX.\u2500\u2500 En perfecto estado de salud, Jordan Jes\u00fas, se convirti\u00f3 en el Ni\u00f1o A\u00f1o Nuevo 2021, al nacer En Sonora en Equipo publicamos toda la informaci\u00f3n de Sonora, M\u00e9xico y el Mundo de manera oportuna y busca que la libertad de expresi\u00f3n sea real. Visita nuestro medio informativo publicado desde Hermosillo, Sonora. %","robots":{"index":"index","follow":"follow","max-snippet":"max-snippet:-1","max-image-preview":"max-image-preview:large","max-video-preview":"max-video-preview:-1"},"canonical":"https:\/\/www.sonoraenequipo.com.mx\/nace-en-el-himes-nino-ano-nuevo-2021\/","og_locale":"es_ES","og_type":"article","og_title":"Sonora en Equipo. Nace en el HIMES Ni\u00f1o A\u00f1o Nuevo 2021 Sonora","og_description":"Nace en el HIMES Ni\u00f1o A\u00f1o Nuevo 2021 HERMOSILLO, SONORA,MX.\u2500\u2500 En perfecto estado de salud, Jordan Jes\u00fas, se convirti\u00f3 en el Ni\u00f1o A\u00f1o Nuevo 2021, al nacer En Sonora en Equipo publicamos toda la informaci\u00f3n de Sonora, M\u00e9xico y el Mundo de manera oportuna y busca que la libertad de expresi\u00f3n sea real. Visita nuestro medio informativo publicado desde Hermosillo, Sonora. %","og_url":"https:\/\/www.sonoraenequipo.com.mx\/nace-en-el-himes-nino-ano-nuevo-2021\/","og_site_name":"Sonora en Equipo.","article_publisher":"https:\/\/www.facebook.com\/SonoraEE\/","article_author":"https:\/\/www.facebook.com\/SonoraEE","article_published_time":"2021-01-02T00:01:53+00:00","og_image":[{"width":600,"height":400,"url":"https:\/\/www.sonoraenequipo.com.mx\/storage\/2021\/01\/nino21.jpg","type":"image\/jpeg"}],"author":"enequipo","twitter_card":"summary_large_image","twitter_creator":"@sonoraenequipo","twitter_site":"@sonoraenequipo","twitter_misc":{"Escrito por":"enequipo","Tiempo de lectura":"1 minuto"},"schema":{"@context":"https:\/\/schema.org","@graph":[{"@type":"Article","@id":"https:\/\/www.sonoraenequipo.com.mx\/nace-en-el-himes-nino-ano-nuevo-2021\/#article","isPartOf":{"@id":"https:\/\/www.sonoraenequipo.com.mx\/nace-en-el-himes-nino-ano-nuevo-2021\/"},"author":{"name":"enequipo","@id":"https:\/\/www.sonoraenequipo.com.mx\/#\/schema\/person\/50102df0fb23a8fa9e8effad8fa81386"},"headline":"Nace en el HIMES Ni\u00f1o A\u00f1o Nuevo 2021","datePublished":"2021-01-02T00:01:53+00:00","mainEntityOfPage":{"@id":"https:\/\/www.sonoraenequipo.com.mx\/nace-en-el-himes-nino-ano-nuevo-2021\/"},"wordCount":246,"commentCount":0,"publisher":{"@id":"https:\/\/www.sonoraenequipo.com.mx\/#organization"},"image":{"@id":"https:\/\/www.sonoraenequipo.com.mx\/nace-en-el-himes-nino-ano-nuevo-2021\/#primaryimage"},"thumbnailUrl":"https:\/\/www.sonoraenequipo.com.mx\/storage\/2021\/01\/nino21.jpg","keywords":["2021"],"articleSection":["Sonora"],"inLanguage":"es","potentialAction":[{"@type":"CommentAction","name":"Comment","target":["https:\/\/www.sonoraenequipo.com.mx\/nace-en-el-himes-nino-ano-nuevo-2021\/#respond"]}]},{"@type":"WebPage","@id":"https:\/\/www.sonoraenequipo.com.mx\/nace-en-el-himes-nino-ano-nuevo-2021\/","url":"https:\/\/www.sonoraenequipo.com.mx\/nace-en-el-himes-nino-ano-nuevo-2021\/","name":"Sonora en Equipo. Nace en el HIMES Ni\u00f1o A\u00f1o Nuevo 2021 Sonora","isPartOf":{"@id":"https:\/\/www.sonoraenequipo.com.mx\/#website"},"primaryImageOfPage":{"@id":"https:\/\/www.sonoraenequipo.com.mx\/nace-en-el-himes-nino-ano-nuevo-2021\/#primaryimage"},"image":{"@id":"https:\/\/www.sonoraenequipo.com.mx\/nace-en-el-himes-nino-ano-nuevo-2021\/#primaryimage"},"thumbnailUrl":"https:\/\/www.sonoraenequipo.com.mx\/storage\/2021\/01\/nino21.jpg","datePublished":"2021-01-02T00:01:53+00:00","description":"Nace en el HIMES Ni\u00f1o A\u00f1o Nuevo 2021 HERMOSILLO, SONORA,MX.\u2500\u2500 En perfecto estado de salud, Jordan Jes\u00fas, se convirti\u00f3 en el Ni\u00f1o A\u00f1o Nuevo 2021, al nacer En Sonora en Equipo publicamos toda la informaci\u00f3n de Sonora, M\u00e9xico y el Mundo de manera oportuna y busca que la libertad de expresi\u00f3n sea real. Visita nuestro medio informativo publicado desde Hermosillo, Sonora. %","breadcrumb":{"@id":"https:\/\/www.sonoraenequipo.com.mx\/nace-en-el-himes-nino-ano-nuevo-2021\/#breadcrumb"},"inLanguage":"es","potentialAction":[{"@type":"ReadAction","target":["https:\/\/www.sonoraenequipo.com.mx\/nace-en-el-himes-nino-ano-nuevo-2021\/"]}]},{"@type":"ImageObject","inLanguage":"es","@id":"https:\/\/www.sonoraenequipo.com.mx\/nace-en-el-himes-nino-ano-nuevo-2021\/#primaryimage","url":"https:\/\/www.sonoraenequipo.com.mx\/storage\/2021\/01\/nino21.jpg","contentUrl":"https:\/\/www.sonoraenequipo.com.mx\/storage\/2021\/01\/nino21.jpg","width":600,"height":400},{"@type":"BreadcrumbList","@id":"https:\/\/www.sonoraenequipo.com.mx\/nace-en-el-himes-nino-ano-nuevo-2021\/#breadcrumb","itemListElement":[{"@type":"ListItem","position":1,"name":"Portada","item":"https:\/\/www.sonoraenequipo.com.mx\/"},{"@type":"ListItem","position":2,"name":"Nace en el HIMES Ni\u00f1o A\u00f1o Nuevo 2021"}]},{"@type":"WebSite","@id":"https:\/\/www.sonoraenequipo.com.mx\/#website","url":"https:\/\/www.sonoraenequipo.com.mx\/","name":"Sonora en Equipo.","description":"Diario en l\u00ednea con Noticias desde Hermosillo, Sonora","publisher":{"@id":"https:\/\/www.sonoraenequipo.com.mx\/#organization"},"potentialAction":[{"@type":"SearchAction","target":{"@type":"EntryPoint","urlTemplate":"https:\/\/www.sonoraenequipo.com.mx\/?s={search_term_string}"},"query-input":{"@type":"PropertyValueSpecification","valueRequired":true,"valueName":"search_term_string"}}],"inLanguage":"es"},{"@type":"Organization","@id":"https:\/\/www.sonoraenequipo.com.mx\/#organization","name":"Sonoraenequipo.com.mx","url":"https:\/\/www.sonoraenequipo.com.mx\/","logo":{"@type":"ImageObject","inLanguage":"es","@id":"https:\/\/www.sonoraenequipo.com.mx\/#\/schema\/logo\/image\/","url":"https:\/\/www.sonoraenequipo.com.mx\/storage\/2019\/01\/sonoraenequipo_opt.png","contentUrl":"https:\/\/www.sonoraenequipo.com.mx\/storage\/2019\/01\/sonoraenequipo_opt.png","width":375,"height":125,"caption":"Sonoraenequipo.com.mx"},"image":{"@id":"https:\/\/www.sonoraenequipo.com.mx\/#\/schema\/logo\/image\/"},"sameAs":["https:\/\/www.facebook.com\/SonoraEE\/","https:\/\/x.com\/sonoraenequipo","https:\/\/www.youtube.com\/channel\/UC338nW-lPEYmJQs4ZABQ1SQ"]},{"@type":"Person","@id":"https:\/\/www.sonoraenequipo.com.mx\/#\/schema\/person\/50102df0fb23a8fa9e8effad8fa81386","name":"enequipo","image":{"@type":"ImageObject","inLanguage":"es","@id":"https:\/\/www.sonoraenequipo.com.mx\/#\/schema\/person\/image\/","url":"https:\/\/secure.gravatar.com\/avatar\/049821681b589dabc0bc20695993ccebb09f5b5d4d790cd9251b97faac7c652b?s=96&d=blank&r=g","contentUrl":"https:\/\/secure.gravatar.com\/avatar\/049821681b589dabc0bc20695993ccebb09f5b5d4d790cd9251b97faac7c652b?s=96&d=blank&r=g","caption":"enequipo"},"sameAs":["https:\/\/www.facebook.com\/SonoraEE"]}]}},"jetpack_featured_media_url":"https:\/\/www.sonoraenequipo.com.mx\/storage\/2021\/01\/nino21.jpg","_links":{"self":[{"href":"https:\/\/www.sonoraenequipo.com.mx\/api\/wp\/v2\/posts\/103860","targetHints":{"allow":["GET"]}}],"collection":[{"href":"https:\/\/www.sonoraenequipo.com.mx\/api\/wp\/v2\/posts"}],"about":[{"href":"https:\/\/www.sonoraenequipo.com.mx\/api\/wp\/v2\/types\/post"}],"author":[{"embeddable":true,"href":"https:\/\/www.sonoraenequipo.com.mx\/api\/wp\/v2\/users\/1"}],"replies":[{"embeddable":true,"href":"https:\/\/www.sonoraenequipo.com.mx\/api\/wp\/v2\/comments?post=103860"}],"version-history":[{"count":1,"href":"https:\/\/www.sonoraenequipo.com.mx\/api\/wp\/v2\/posts\/103860\/revisions"}],"predecessor-version":[{"id":103862,"href":"https:\/\/www.sonoraenequipo.com.mx\/api\/wp\/v2\/posts\/103860\/revisions\/103862"}],"wp:featuredmedia":[{"embeddable":true,"href":"https:\/\/www.sonoraenequipo.com.mx\/api\/wp\/v2\/media\/103861"}],"wp:attachment":[{"href":"https:\/\/www.sonoraenequipo.com.mx\/api\/wp\/v2\/media?parent=103860"}],"wp:term":[{"taxonomy":"category","embeddable":true,"href":"https:\/\/www.sonoraenequipo.com.mx\/api\/wp\/v2\/categories?post=103860"},{"taxonomy":"post_tag","embeddable":true,"href":"https:\/\/www.sonoraenequipo.com.mx\/api\/wp\/v2\/tags?post=103860"}],"curies":[{"name":"wp","href":"https:\/\/api.w.org\/{rel}","templated":true}]}}