{"id":103894,"date":"2021-01-01T08:28:53","date_gmt":"2021-01-01T15:28:53","guid":{"rendered":"https:\/\/www.sonoraenequipo.com.mx\/?p=103894"},"modified":"2021-01-02T15:06:24","modified_gmt":"2021-01-02T22:06:24","slug":"dolar-cierra-el-ano-a-19-89-mientras-el-peso-registra-su-peor-ano-desde-2016","status":"publish","type":"post","link":"https:\/\/www.sonoraenequipo.com.mx\/dolar-cierra-el-ano-a-19-89-mientras-el-peso-registra-su-peor-ano-desde-2016\/","title":{"rendered":"D\u00f3lar cierra el a\u00f1o a 19.89"},"content":{"rendered":"<p>CIUDAD DE M\u00c9XICO. MX. \u2014 Este jueves 31 de diciembre, el peso mexicano se depreciaba levemente para culminar su peor a\u00f1o desde 2016 golpeado por el impacto de la pandemia del coronavirus, que tambi\u00e9n mantuvo bajo presi\u00f3n al mercado accionario local.<\/p>\n<p>&nbsp;<\/p>\n<p> <\/p>\n<p>&nbsp;<\/p>\n<p>Casi al final de la \u00faltima jornada de 2020, el peso descend\u00eda un marginal 0.03% a 19.8950 por d\u00f3lar tras una sesi\u00f3n err\u00e1tica marcada por ajustes de posiciones y un bajo volumen de negocios por el periodo vacacional de fin de a\u00f1o.<\/p>\n<p>&nbsp;<\/p>\n<p>El peso, que se hundi\u00f3 en abril a un m\u00ednimo hist\u00f3rico de 25.7387 unidades, sumaba en el cuarto trimestre un retorno de casi un 10%, su mayor salto trimestral desde que Reuters cuenta con datos del desempe\u00f1o de la moneda, que datan de 1989.<\/p>\n<p>&nbsp;<\/p>\n<p>Aun as\u00ed, se aprestaba a cerrar el a\u00f1o con un declive de poco m\u00e1s de un 5%.<\/p>\n<p>&nbsp;<\/p>\n<p><em>\u201cPara el 2021 se espera una menor volatilidad, pues despu\u00e9s de un a\u00f1o lleno de vaivenes, generalmente sigue un a\u00f1o tranquilo\u201d,<\/em> dijo Gabriela Siller, directora de an\u00e1lisis del Banco BASE.<\/p>\n<p>&nbsp;<\/p>\n<p>El principal \u00edndice de la bolsa, el S&amp;P\/BMV IPC, perdi\u00f3 un 1.40% a 44 mil 66.88 puntos, con un volumen de 55.4 millones de t\u00edtulos negociados, muy por debajo del promedio diario de unos 182 millones de papeles en las \u00faltimas semanas.<\/p>\n<p>&nbsp;<\/p>\n<p>La plaza termin\u00f3 el 2020 con un rendimiento anual del 1.2%, despu\u00e9s de recuperar un 17.6% de su valor en el \u00faltimo trimestre del a\u00f1o por expectativas de que un mayor est\u00edmulo econ\u00f3mico en Estados Unidos y el avance en la vacunaci\u00f3n contra el COVID-19 impulsen en 2021 una recuperaci\u00f3n global.<\/p>\n<p>&nbsp;<\/p>\n<p>(Publicada el 01\/01\/2021 \/Con informaci\u00f3n de REUTERS)<\/p>\n","protected":false},"excerpt":{"rendered":"<p>CIUDAD DE M\u00c9XICO. MX. \u2014 Este jueves 31 de diciembre, el peso mexicano se depreciaba&#8230;<\/p>\n","protected":false},"author":1,"featured_media":103895,"comment_status":"open","ping_status":"open","sticky":false,"template":"","format":"standard","meta":{"_monsterinsights_skip_tracking":false,"_monsterinsights_sitenote_active":false,"_monsterinsights_sitenote_note":"","_monsterinsights_sitenote_category":0,"footnotes":""},"categories":[5],"tags":[],"class_list":["post"],"yoast_head":" \n<title>Sonora en Equipo. D\u00f3lar cierra el a\u00f1o a 19.89 Rep\u00fablica<\/title>\n<meta name=\"description\" content=\"CIUDAD DE M\u00c9XICO. MX. \u2014 Este jueves 31 de diciembre, el peso mexicano se depreciaba levemente para culminar su peor a\u00f1o desde 2016 golpeado por el impacto En Sonora en Equipo publicamos toda la informaci\u00f3n de Sonora, M\u00e9xico y el Mundo de manera oportuna y busca que la libertad de expresi\u00f3n sea real. Visita nuestro medio informativo publicado desde Hermosillo, Sonora. %\" \/>\n<meta name=\"robots\" content=\"index, follow, max-snippet:-1, max-image-preview:large, max-video-preview:-1\" \/>\n<link rel=\"canonical\" href=\"https:\/\/www.sonoraenequipo.com.mx\/dolar-cierra-el-ano-a-19-89-mientras-el-peso-registra-su-peor-ano-desde-2016\/\" \/>\n<meta property=\"og:locale\" content=\"es_ES\" \/>\n<meta property=\"og:type\" content=\"article\" \/>\n<meta property=\"og:title\" content=\"Sonora en Equipo. D\u00f3lar cierra el a\u00f1o a 19.89 Rep\u00fablica\" \/>\n<meta property=\"og:description\" content=\"CIUDAD DE M\u00c9XICO. MX. \u2014 Este jueves 31 de diciembre, el peso mexicano se depreciaba levemente para culminar su peor a\u00f1o desde 2016 golpeado por el impacto En Sonora en Equipo publicamos toda la informaci\u00f3n de Sonora, M\u00e9xico y el Mundo de manera oportuna y busca que la libertad de expresi\u00f3n sea real. Visita nuestro medio informativo publicado desde Hermosillo, Sonora. %\" \/>\n<meta property=\"og:url\" content=\"https:\/\/www.sonoraenequipo.com.mx\/dolar-cierra-el-ano-a-19-89-mientras-el-peso-registra-su-peor-ano-desde-2016\/\" \/>\n<meta property=\"og:site_name\" content=\"Sonora en Equipo.\" \/>\n<meta property=\"article:publisher\" content=\"https:\/\/www.facebook.com\/SonoraEE\/\" \/>\n<meta property=\"article:author\" content=\"https:\/\/www.facebook.com\/SonoraEE\" \/>\n<meta property=\"article:published_time\" content=\"2021-01-01T15:28:53+00:00\" \/>\n<meta property=\"article:modified_time\" content=\"2021-01-02T22:06:24+00:00\" \/>\n<meta property=\"og:image\" content=\"https:\/\/www.sonoraenequipo.com.mx\/storage\/2021\/01\/dolar-a-la-baja_opt.jpg\" \/>\n\t<meta property=\"og:image:width\" content=\"709\" \/>\n\t<meta property=\"og:image:height\" content=\"400\" \/>\n\t<meta property=\"og:image:type\" content=\"image\/jpeg\" \/>\n<meta name=\"author\" content=\"enequipo\" \/>\n<meta name=\"twitter:card\" content=\"summary_large_image\" \/>\n<meta name=\"twitter:creator\" content=\"@sonoraenequipo\" \/>\n<meta name=\"twitter:site\" content=\"@sonoraenequipo\" \/>\n<meta name=\"twitter:label1\" content=\"Escrito por\" \/>\n\t<meta name=\"twitter:data1\" content=\"enequipo\" \/>\n\t<meta name=\"twitter:label2\" content=\"Tiempo de lectura\" \/>\n\t<meta name=\"twitter:data2\" content=\"1 minuto\" \/>\n<script type=\"application\/ld+json\" class=\"yoast-schema-graph\">{\"@context\":\"https:\/\/schema.org\",\"@graph\":[{\"@type\":\"Article\",\"@id\":\"https:\/\/www.sonoraenequipo.com.mx\/dolar-cierra-el-ano-a-19-89-mientras-el-peso-registra-su-peor-ano-desde-2016\/#article\",\"isPartOf\":{\"@id\":\"https:\/\/www.sonoraenequipo.com.mx\/dolar-cierra-el-ano-a-19-89-mientras-el-peso-registra-su-peor-ano-desde-2016\/\"},\"author\":{\"name\":\"enequipo\",\"@id\":\"https:\/\/www.sonoraenequipo.com.mx\/#\/schema\/person\/50102df0fb23a8fa9e8effad8fa81386\"},\"headline\":\"D\u00f3lar cierra el a\u00f1o a 19.89\",\"datePublished\":\"2021-01-01T15:28:53+00:00\",\"dateModified\":\"2021-01-02T22:06:24+00:00\",\"mainEntityOfPage\":{\"@id\":\"https:\/\/www.sonoraenequipo.com.mx\/dolar-cierra-el-ano-a-19-89-mientras-el-peso-registra-su-peor-ano-desde-2016\/\"},\"wordCount\":297,\"commentCount\":0,\"publisher\":{\"@id\":\"https:\/\/www.sonoraenequipo.com.mx\/#organization\"},\"image\":{\"@id\":\"https:\/\/www.sonoraenequipo.com.mx\/dolar-cierra-el-ano-a-19-89-mientras-el-peso-registra-su-peor-ano-desde-2016\/#primaryimage\"},\"thumbnailUrl\":\"https:\/\/www.sonoraenequipo.com.mx\/storage\/2021\/01\/dolar-a-la-baja_opt.jpg\",\"articleSection\":[\"Rep\u00fablica\"],\"inLanguage\":\"es\",\"potentialAction\":[{\"@type\":\"CommentAction\",\"name\":\"Comment\",\"target\":[\"https:\/\/www.sonoraenequipo.com.mx\/dolar-cierra-el-ano-a-19-89-mientras-el-peso-registra-su-peor-ano-desde-2016\/#respond\"]}]},{\"@type\":\"WebPage\",\"@id\":\"https:\/\/www.sonoraenequipo.com.mx\/dolar-cierra-el-ano-a-19-89-mientras-el-peso-registra-su-peor-ano-desde-2016\/\",\"url\":\"https:\/\/www.sonoraenequipo.com.mx\/dolar-cierra-el-ano-a-19-89-mientras-el-peso-registra-su-peor-ano-desde-2016\/\",\"name\":\"Sonora en Equipo. D\u00f3lar cierra el a\u00f1o a 19.89 Rep\u00fablica\",\"isPartOf\":{\"@id\":\"https:\/\/www.sonoraenequipo.com.mx\/#website\"},\"primaryImageOfPage\":{\"@id\":\"https:\/\/www.sonoraenequipo.com.mx\/dolar-cierra-el-ano-a-19-89-mientras-el-peso-registra-su-peor-ano-desde-2016\/#primaryimage\"},\"image\":{\"@id\":\"https:\/\/www.sonoraenequipo.com.mx\/dolar-cierra-el-ano-a-19-89-mientras-el-peso-registra-su-peor-ano-desde-2016\/#primaryimage\"},\"thumbnailUrl\":\"https:\/\/www.sonoraenequipo.com.mx\/storage\/2021\/01\/dolar-a-la-baja_opt.jpg\",\"datePublished\":\"2021-01-01T15:28:53+00:00\",\"dateModified\":\"2021-01-02T22:06:24+00:00\",\"description\":\"CIUDAD DE M\u00c9XICO. MX. \u2014 Este jueves 31 de diciembre, el peso mexicano se depreciaba levemente para culminar su peor a\u00f1o desde 2016 golpeado por el impacto En Sonora en Equipo publicamos toda la informaci\u00f3n de Sonora, M\u00e9xico y el Mundo de manera oportuna y busca que la libertad de expresi\u00f3n sea real. Visita nuestro medio informativo publicado desde Hermosillo, Sonora. %\",\"breadcrumb\":{\"@id\":\"https:\/\/www.sonoraenequipo.com.mx\/dolar-cierra-el-ano-a-19-89-mientras-el-peso-registra-su-peor-ano-desde-2016\/#breadcrumb\"},\"inLanguage\":\"es\",\"potentialAction\":[{\"@type\":\"ReadAction\",\"target\":[\"https:\/\/www.sonoraenequipo.com.mx\/dolar-cierra-el-ano-a-19-89-mientras-el-peso-registra-su-peor-ano-desde-2016\/\"]}]},{\"@type\":\"ImageObject\",\"inLanguage\":\"es\",\"@id\":\"https:\/\/www.sonoraenequipo.com.mx\/dolar-cierra-el-ano-a-19-89-mientras-el-peso-registra-su-peor-ano-desde-2016\/#primaryimage\",\"url\":\"https:\/\/www.sonoraenequipo.com.mx\/storage\/2021\/01\/dolar-a-la-baja_opt.jpg\",\"contentUrl\":\"https:\/\/www.sonoraenequipo.com.mx\/storage\/2021\/01\/dolar-a-la-baja_opt.jpg\",\"width\":709,\"height\":400},{\"@type\":\"BreadcrumbList\",\"@id\":\"https:\/\/www.sonoraenequipo.com.mx\/dolar-cierra-el-ano-a-19-89-mientras-el-peso-registra-su-peor-ano-desde-2016\/#breadcrumb\",\"itemListElement\":[{\"@type\":\"ListItem\",\"position\":1,\"name\":\"Portada\",\"item\":\"https:\/\/www.sonoraenequipo.com.mx\/\"},{\"@type\":\"ListItem\",\"position\":2,\"name\":\"D\u00f3lar cierra el a\u00f1o a 19.89\"}]},{\"@type\":\"WebSite\",\"@id\":\"https:\/\/www.sonoraenequipo.com.mx\/#website\",\"url\":\"https:\/\/www.sonoraenequipo.com.mx\/\",\"name\":\"Sonora en Equipo.\",\"description\":\"Diario en l\u00ednea con Noticias desde Hermosillo, Sonora\",\"publisher\":{\"@id\":\"https:\/\/www.sonoraenequipo.com.mx\/#organization\"},\"potentialAction\":[{\"@type\":\"SearchAction\",\"target\":{\"@type\":\"EntryPoint\",\"urlTemplate\":\"https:\/\/www.sonoraenequipo.com.mx\/?s={search_term_string}\"},\"query-input\":{\"@type\":\"PropertyValueSpecification\",\"valueRequired\":true,\"valueName\":\"search_term_string\"}}],\"inLanguage\":\"es\"},{\"@type\":\"Organization\",\"@id\":\"https:\/\/www.sonoraenequipo.com.mx\/#organization\",\"name\":\"Sonoraenequipo.com.mx\",\"url\":\"https:\/\/www.sonoraenequipo.com.mx\/\",\"logo\":{\"@type\":\"ImageObject\",\"inLanguage\":\"es\",\"@id\":\"https:\/\/www.sonoraenequipo.com.mx\/#\/schema\/logo\/image\/\",\"url\":\"https:\/\/www.sonoraenequipo.com.mx\/storage\/2019\/01\/sonoraenequipo_opt.png\",\"contentUrl\":\"https:\/\/www.sonoraenequipo.com.mx\/storage\/2019\/01\/sonoraenequipo_opt.png\",\"width\":375,\"height\":125,\"caption\":\"Sonoraenequipo.com.mx\"},\"image\":{\"@id\":\"https:\/\/www.sonoraenequipo.com.mx\/#\/schema\/logo\/image\/\"},\"sameAs\":[\"https:\/\/www.facebook.com\/SonoraEE\/\",\"https:\/\/x.com\/sonoraenequipo\",\"https:\/\/www.youtube.com\/channel\/UC338nW-lPEYmJQs4ZABQ1SQ\"]},{\"@type\":\"Person\",\"@id\":\"https:\/\/www.sonoraenequipo.com.mx\/#\/schema\/person\/50102df0fb23a8fa9e8effad8fa81386\",\"name\":\"enequipo\",\"image\":{\"@type\":\"ImageObject\",\"inLanguage\":\"es\",\"@id\":\"https:\/\/www.sonoraenequipo.com.mx\/#\/schema\/person\/image\/\",\"url\":\"https:\/\/secure.gravatar.com\/avatar\/049821681b589dabc0bc20695993ccebb09f5b5d4d790cd9251b97faac7c652b?s=96&d=blank&r=g\",\"contentUrl\":\"https:\/\/secure.gravatar.com\/avatar\/049821681b589dabc0bc20695993ccebb09f5b5d4d790cd9251b97faac7c652b?s=96&d=blank&r=g\",\"caption\":\"enequipo\"},\"sameAs\":[\"https:\/\/www.facebook.com\/SonoraEE\"]}]}<\/script>\n ","yoast_head_json":{"title":"Sonora en Equipo. D\u00f3lar cierra el a\u00f1o a 19.89 Rep\u00fablica","description":"CIUDAD DE M\u00c9XICO. MX. \u2014 Este jueves 31 de diciembre, el peso mexicano se depreciaba levemente para culminar su peor a\u00f1o desde 2016 golpeado por el impacto En Sonora en Equipo publicamos toda la informaci\u00f3n de Sonora, M\u00e9xico y el Mundo de manera oportuna y busca que la libertad de expresi\u00f3n sea real. Visita nuestro medio informativo publicado desde Hermosillo, Sonora. %","robots":{"index":"index","follow":"follow","max-snippet":"max-snippet:-1","max-image-preview":"max-image-preview:large","max-video-preview":"max-video-preview:-1"},"canonical":"https:\/\/www.sonoraenequipo.com.mx\/dolar-cierra-el-ano-a-19-89-mientras-el-peso-registra-su-peor-ano-desde-2016\/","og_locale":"es_ES","og_type":"article","og_title":"Sonora en Equipo. D\u00f3lar cierra el a\u00f1o a 19.89 Rep\u00fablica","og_description":"CIUDAD DE M\u00c9XICO. MX. \u2014 Este jueves 31 de diciembre, el peso mexicano se depreciaba levemente para culminar su peor a\u00f1o desde 2016 golpeado por el impacto En Sonora en Equipo publicamos toda la informaci\u00f3n de Sonora, M\u00e9xico y el Mundo de manera oportuna y busca que la libertad de expresi\u00f3n sea real. Visita nuestro medio informativo publicado desde Hermosillo, Sonora. %","og_url":"https:\/\/www.sonoraenequipo.com.mx\/dolar-cierra-el-ano-a-19-89-mientras-el-peso-registra-su-peor-ano-desde-2016\/","og_site_name":"Sonora en Equipo.","article_publisher":"https:\/\/www.facebook.com\/SonoraEE\/","article_author":"https:\/\/www.facebook.com\/SonoraEE","article_published_time":"2021-01-01T15:28:53+00:00","article_modified_time":"2021-01-02T22:06:24+00:00","og_image":[{"width":709,"height":400,"url":"https:\/\/www.sonoraenequipo.com.mx\/storage\/2021\/01\/dolar-a-la-baja_opt.jpg","type":"image\/jpeg"}],"author":"enequipo","twitter_card":"summary_large_image","twitter_creator":"@sonoraenequipo","twitter_site":"@sonoraenequipo","twitter_misc":{"Escrito por":"enequipo","Tiempo de lectura":"1 minuto"},"schema":{"@context":"https:\/\/schema.org","@graph":[{"@type":"Article","@id":"https:\/\/www.sonoraenequipo.com.mx\/dolar-cierra-el-ano-a-19-89-mientras-el-peso-registra-su-peor-ano-desde-2016\/#article","isPartOf":{"@id":"https:\/\/www.sonoraenequipo.com.mx\/dolar-cierra-el-ano-a-19-89-mientras-el-peso-registra-su-peor-ano-desde-2016\/"},"author":{"name":"enequipo","@id":"https:\/\/www.sonoraenequipo.com.mx\/#\/schema\/person\/50102df0fb23a8fa9e8effad8fa81386"},"headline":"D\u00f3lar cierra el a\u00f1o a 19.89","datePublished":"2021-01-01T15:28:53+00:00","dateModified":"2021-01-02T22:06:24+00:00","mainEntityOfPage":{"@id":"https:\/\/www.sonoraenequipo.com.mx\/dolar-cierra-el-ano-a-19-89-mientras-el-peso-registra-su-peor-ano-desde-2016\/"},"wordCount":297,"commentCount":0,"publisher":{"@id":"https:\/\/www.sonoraenequipo.com.mx\/#organization"},"image":{"@id":"https:\/\/www.sonoraenequipo.com.mx\/dolar-cierra-el-ano-a-19-89-mientras-el-peso-registra-su-peor-ano-desde-2016\/#primaryimage"},"thumbnailUrl":"https:\/\/www.sonoraenequipo.com.mx\/storage\/2021\/01\/dolar-a-la-baja_opt.jpg","articleSection":["Rep\u00fablica"],"inLanguage":"es","potentialAction":[{"@type":"CommentAction","name":"Comment","target":["https:\/\/www.sonoraenequipo.com.mx\/dolar-cierra-el-ano-a-19-89-mientras-el-peso-registra-su-peor-ano-desde-2016\/#respond"]}]},{"@type":"WebPage","@id":"https:\/\/www.sonoraenequipo.com.mx\/dolar-cierra-el-ano-a-19-89-mientras-el-peso-registra-su-peor-ano-desde-2016\/","url":"https:\/\/www.sonoraenequipo.com.mx\/dolar-cierra-el-ano-a-19-89-mientras-el-peso-registra-su-peor-ano-desde-2016\/","name":"Sonora en Equipo. D\u00f3lar cierra el a\u00f1o a 19.89 Rep\u00fablica","isPartOf":{"@id":"https:\/\/www.sonoraenequipo.com.mx\/#website"},"primaryImageOfPage":{"@id":"https:\/\/www.sonoraenequipo.com.mx\/dolar-cierra-el-ano-a-19-89-mientras-el-peso-registra-su-peor-ano-desde-2016\/#primaryimage"},"image":{"@id":"https:\/\/www.sonoraenequipo.com.mx\/dolar-cierra-el-ano-a-19-89-mientras-el-peso-registra-su-peor-ano-desde-2016\/#primaryimage"},"thumbnailUrl":"https:\/\/www.sonoraenequipo.com.mx\/storage\/2021\/01\/dolar-a-la-baja_opt.jpg","datePublished":"2021-01-01T15:28:53+00:00","dateModified":"2021-01-02T22:06:24+00:00","description":"CIUDAD DE M\u00c9XICO. MX. \u2014 Este jueves 31 de diciembre, el peso mexicano se depreciaba levemente para culminar su peor a\u00f1o desde 2016 golpeado por el impacto En Sonora en Equipo publicamos toda la informaci\u00f3n de Sonora, M\u00e9xico y el Mundo de manera oportuna y busca que la libertad de expresi\u00f3n sea real. Visita nuestro medio informativo publicado desde Hermosillo, Sonora. %","breadcrumb":{"@id":"https:\/\/www.sonoraenequipo.com.mx\/dolar-cierra-el-ano-a-19-89-mientras-el-peso-registra-su-peor-ano-desde-2016\/#breadcrumb"},"inLanguage":"es","potentialAction":[{"@type":"ReadAction","target":["https:\/\/www.sonoraenequipo.com.mx\/dolar-cierra-el-ano-a-19-89-mientras-el-peso-registra-su-peor-ano-desde-2016\/"]}]},{"@type":"ImageObject","inLanguage":"es","@id":"https:\/\/www.sonoraenequipo.com.mx\/dolar-cierra-el-ano-a-19-89-mientras-el-peso-registra-su-peor-ano-desde-2016\/#primaryimage","url":"https:\/\/www.sonoraenequipo.com.mx\/storage\/2021\/01\/dolar-a-la-baja_opt.jpg","contentUrl":"https:\/\/www.sonoraenequipo.com.mx\/storage\/2021\/01\/dolar-a-la-baja_opt.jpg","width":709,"height":400},{"@type":"BreadcrumbList","@id":"https:\/\/www.sonoraenequipo.com.mx\/dolar-cierra-el-ano-a-19-89-mientras-el-peso-registra-su-peor-ano-desde-2016\/#breadcrumb","itemListElement":[{"@type":"ListItem","position":1,"name":"Portada","item":"https:\/\/www.sonoraenequipo.com.mx\/"},{"@type":"ListItem","position":2,"name":"D\u00f3lar cierra el a\u00f1o a 19.89"}]},{"@type":"WebSite","@id":"https:\/\/www.sonoraenequipo.com.mx\/#website","url":"https:\/\/www.sonoraenequipo.com.mx\/","name":"Sonora en Equipo.","description":"Diario en l\u00ednea con Noticias desde Hermosillo, Sonora","publisher":{"@id":"https:\/\/www.sonoraenequipo.com.mx\/#organization"},"potentialAction":[{"@type":"SearchAction","target":{"@type":"EntryPoint","urlTemplate":"https:\/\/www.sonoraenequipo.com.mx\/?s={search_term_string}"},"query-input":{"@type":"PropertyValueSpecification","valueRequired":true,"valueName":"search_term_string"}}],"inLanguage":"es"},{"@type":"Organization","@id":"https:\/\/www.sonoraenequipo.com.mx\/#organization","name":"Sonoraenequipo.com.mx","url":"https:\/\/www.sonoraenequipo.com.mx\/","logo":{"@type":"ImageObject","inLanguage":"es","@id":"https:\/\/www.sonoraenequipo.com.mx\/#\/schema\/logo\/image\/","url":"https:\/\/www.sonoraenequipo.com.mx\/storage\/2019\/01\/sonoraenequipo_opt.png","contentUrl":"https:\/\/www.sonoraenequipo.com.mx\/storage\/2019\/01\/sonoraenequipo_opt.png","width":375,"height":125,"caption":"Sonoraenequipo.com.mx"},"image":{"@id":"https:\/\/www.sonoraenequipo.com.mx\/#\/schema\/logo\/image\/"},"sameAs":["https:\/\/www.facebook.com\/SonoraEE\/","https:\/\/x.com\/sonoraenequipo","https:\/\/www.youtube.com\/channel\/UC338nW-lPEYmJQs4ZABQ1SQ"]},{"@type":"Person","@id":"https:\/\/www.sonoraenequipo.com.mx\/#\/schema\/person\/50102df0fb23a8fa9e8effad8fa81386","name":"enequipo","image":{"@type":"ImageObject","inLanguage":"es","@id":"https:\/\/www.sonoraenequipo.com.mx\/#\/schema\/person\/image\/","url":"https:\/\/secure.gravatar.com\/avatar\/049821681b589dabc0bc20695993ccebb09f5b5d4d790cd9251b97faac7c652b?s=96&d=blank&r=g","contentUrl":"https:\/\/secure.gravatar.com\/avatar\/049821681b589dabc0bc20695993ccebb09f5b5d4d790cd9251b97faac7c652b?s=96&d=blank&r=g","caption":"enequipo"},"sameAs":["https:\/\/www.facebook.com\/SonoraEE"]}]}},"jetpack_featured_media_url":"https:\/\/www.sonoraenequipo.com.mx\/storage\/2021\/01\/dolar-a-la-baja_opt.jpg","_links":{"self":[{"href":"https:\/\/www.sonoraenequipo.com.mx\/api\/wp\/v2\/posts\/103894","targetHints":{"allow":["GET"]}}],"collection":[{"href":"https:\/\/www.sonoraenequipo.com.mx\/api\/wp\/v2\/posts"}],"about":[{"href":"https:\/\/www.sonoraenequipo.com.mx\/api\/wp\/v2\/types\/post"}],"author":[{"embeddable":true,"href":"https:\/\/www.sonoraenequipo.com.mx\/api\/wp\/v2\/users\/1"}],"replies":[{"embeddable":true,"href":"https:\/\/www.sonoraenequipo.com.mx\/api\/wp\/v2\/comments?post=103894"}],"version-history":[{"count":2,"href":"https:\/\/www.sonoraenequipo.com.mx\/api\/wp\/v2\/posts\/103894\/revisions"}],"predecessor-version":[{"id":103897,"href":"https:\/\/www.sonoraenequipo.com.mx\/api\/wp\/v2\/posts\/103894\/revisions\/103897"}],"wp:featuredmedia":[{"embeddable":true,"href":"https:\/\/www.sonoraenequipo.com.mx\/api\/wp\/v2\/media\/103895"}],"wp:attachment":[{"href":"https:\/\/www.sonoraenequipo.com.mx\/api\/wp\/v2\/media?parent=103894"}],"wp:term":[{"taxonomy":"category","embeddable":true,"href":"https:\/\/www.sonoraenequipo.com.mx\/api\/wp\/v2\/categories?post=103894"},{"taxonomy":"post_tag","embeddable":true,"href":"https:\/\/www.sonoraenequipo.com.mx\/api\/wp\/v2\/tags?post=103894"}],"curies":[{"name":"wp","href":"https:\/\/api.w.org\/{rel}","templated":true}]}}