{"id":103940,"date":"2021-01-02T08:30:17","date_gmt":"2021-01-02T15:30:17","guid":{"rendered":"https:\/\/www.sonoraenequipo.com.mx\/?p=103940"},"modified":"2021-01-02T18:54:24","modified_gmt":"2021-01-03T01:54:24","slug":"crece-produccion-de-leche-de-vaca-en-durango","status":"publish","type":"post","link":"https:\/\/www.sonoraenequipo.com.mx\/crece-produccion-de-leche-de-vaca-en-durango\/","title":{"rendered":"Crece producci\u00f3n de leche de vaca en Durango"},"content":{"rendered":"<p>DURANGO, DURANGO. MX. \u2014 De acuerdo con informaci\u00f3n de la Secretar\u00eda de Agricultura y Desarrollo Rural (Sader), entre enero y noviembre del a\u00f1o pasado, la producci\u00f3n de leche en Durango fue de mil 173 millones 912 mil litros.<\/p>\n<p>&nbsp;<\/p>\n<p> <\/p>\n<p>Son 37 millones 117 mil litros m\u00e1s que los que producidos en el mismo periodo de 2019, cuando se ten\u00eda un registro de mil 136 millones 795 mil litros.<\/p>\n<p>&nbsp;<\/p>\n<p>A nivel pa\u00eds, la producci\u00f3n de este alimento registr\u00f3 un incremento del 2.2 por ciento, durante los primeros 11 meses de 2020, con relaci\u00f3n al mismo periodo de 2019.<\/p>\n<p>&nbsp;<\/p>\n<p>Entre enero y noviembre del a\u00f1o pasado, la producci\u00f3n de leche en M\u00e9xico fue de 11 mil 489 millones 837 mil litros.<\/p>\n<p>&nbsp;<\/p>\n<p>Son 245 millones 141 mil litros m\u00e1s que los producidos en el mismo periodo de 2019, cuando se ten\u00eda un registro de 11 mil 244 millones 696 mil litros.<\/p>\n<p>&nbsp;<\/p>\n<p>De acuerdo con estas cifras, el estado de Durango aporta el 10.2 por ciento de la producci\u00f3n nacional de leche de vaca.<\/p>\n<p>&nbsp;<\/p>\n<p>La estad\u00edstica lo mantiene entre los tres principales productores del pa\u00eds, junto con Jalisco y Coahuila, respectivamente.<\/p>\n<p>&nbsp;<\/p>\n<p>Por lo pronto, entre enero y noviembre, la producci\u00f3n de este alimento en Jalisco alcanz\u00f3 los dos mil 408 millones 407 mil litros.<\/p>\n<p>&nbsp;<\/p>\n<p>Mientras tanto, en el vecino estado de Coahuila la producci\u00f3n durante el mismo periodo fue de mil 332 millones 488 mil litros.<\/p>\n<p>&nbsp;<\/p>\n<p>A pesar de la contingencia derivada del Covid-19, la producci\u00f3n de leche se ha mantenido en aumento, respecto del a\u00f1o pasado, tanto en el \u00e1mbito local, como a nivel pa\u00eds.<\/p>\n<p>&nbsp;<\/p>\n<p>La leche de vaca es un alimento de alto consumo, no solamente en M\u00e9xico, sino en una buen n\u00famero de pa\u00edses.<\/p>\n<h5><\/h5>\n<h5>(Publicada el 02\/01\/2021\/ Con informaci\u00f3n de <strong><a href=\"https:\/\/www.elsiglodedurango.com.mx\/2021\/01\/1275535.crece-produccion-de-leche-de-vaca-en-durango.html\">DANIEL ESTRADA \/ EL SIGLO DE DURANGO<\/a><\/strong> )<\/h5>\n","protected":false},"excerpt":{"rendered":"<p>DURANGO, DURANGO. MX. \u2014 De acuerdo con informaci\u00f3n de la Secretar\u00eda de Agricultura y Desarrollo&#8230;<\/p>\n","protected":false},"author":1,"featured_media":103941,"comment_status":"open","ping_status":"open","sticky":false,"template":"","format":"standard","meta":{"_monsterinsights_skip_tracking":false,"_monsterinsights_sitenote_active":false,"_monsterinsights_sitenote_note":"","_monsterinsights_sitenote_category":0,"footnotes":""},"categories":[5],"tags":[],"class_list":["post"],"yoast_head":" \n<title>Sonora en Equipo. Crece producci\u00f3n de leche de vaca en Durango Rep\u00fablica<\/title>\n<meta name=\"description\" content=\"DURANGO, DURANGO. MX. \u2014 De acuerdo con informaci\u00f3n de la Secretar\u00eda de Agricultura y Desarrollo Rural (Sader), entre enero y noviembre del a\u00f1o pasado, la En Sonora en Equipo publicamos toda la informaci\u00f3n de Sonora, M\u00e9xico y el Mundo de manera oportuna y busca que la libertad de expresi\u00f3n sea real. Visita nuestro medio informativo publicado desde Hermosillo, Sonora. %\" \/>\n<meta name=\"robots\" content=\"index, follow, max-snippet:-1, max-image-preview:large, max-video-preview:-1\" \/>\n<link rel=\"canonical\" href=\"https:\/\/www.sonoraenequipo.com.mx\/crece-produccion-de-leche-de-vaca-en-durango\/\" \/>\n<meta property=\"og:locale\" content=\"es_ES\" \/>\n<meta property=\"og:type\" content=\"article\" \/>\n<meta property=\"og:title\" content=\"Sonora en Equipo. Crece producci\u00f3n de leche de vaca en Durango Rep\u00fablica\" \/>\n<meta property=\"og:description\" content=\"DURANGO, DURANGO. MX. \u2014 De acuerdo con informaci\u00f3n de la Secretar\u00eda de Agricultura y Desarrollo Rural (Sader), entre enero y noviembre del a\u00f1o pasado, la En Sonora en Equipo publicamos toda la informaci\u00f3n de Sonora, M\u00e9xico y el Mundo de manera oportuna y busca que la libertad de expresi\u00f3n sea real. Visita nuestro medio informativo publicado desde Hermosillo, Sonora. %\" \/>\n<meta property=\"og:url\" content=\"https:\/\/www.sonoraenequipo.com.mx\/crece-produccion-de-leche-de-vaca-en-durango\/\" \/>\n<meta property=\"og:site_name\" content=\"Sonora en Equipo.\" \/>\n<meta property=\"article:publisher\" content=\"https:\/\/www.facebook.com\/SonoraEE\/\" \/>\n<meta property=\"article:author\" content=\"https:\/\/www.facebook.com\/SonoraEE\" \/>\n<meta property=\"article:published_time\" content=\"2021-01-02T15:30:17+00:00\" \/>\n<meta property=\"article:modified_time\" content=\"2021-01-03T01:54:24+00:00\" \/>\n<meta property=\"og:image\" content=\"https:\/\/www.sonoraenequipo.com.mx\/storage\/2021\/01\/leche-duranguense_opt.jpg\" \/>\n\t<meta property=\"og:image:width\" content=\"600\" \/>\n\t<meta property=\"og:image:height\" content=\"400\" \/>\n\t<meta property=\"og:image:type\" content=\"image\/jpeg\" \/>\n<meta name=\"author\" content=\"enequipo\" \/>\n<meta name=\"twitter:card\" content=\"summary_large_image\" \/>\n<meta name=\"twitter:creator\" content=\"@sonoraenequipo\" \/>\n<meta name=\"twitter:site\" content=\"@sonoraenequipo\" \/>\n<meta name=\"twitter:label1\" content=\"Escrito por\" \/>\n\t<meta name=\"twitter:data1\" content=\"enequipo\" \/>\n\t<meta name=\"twitter:label2\" content=\"Tiempo de lectura\" \/>\n\t<meta name=\"twitter:data2\" content=\"2 minutos\" \/>\n<script type=\"application\/ld+json\" class=\"yoast-schema-graph\">{\"@context\":\"https:\/\/schema.org\",\"@graph\":[{\"@type\":\"Article\",\"@id\":\"https:\/\/www.sonoraenequipo.com.mx\/crece-produccion-de-leche-de-vaca-en-durango\/#article\",\"isPartOf\":{\"@id\":\"https:\/\/www.sonoraenequipo.com.mx\/crece-produccion-de-leche-de-vaca-en-durango\/\"},\"author\":{\"name\":\"enequipo\",\"@id\":\"https:\/\/www.sonoraenequipo.com.mx\/#\/schema\/person\/50102df0fb23a8fa9e8effad8fa81386\"},\"headline\":\"Crece producci\u00f3n de leche de vaca en Durango\",\"datePublished\":\"2021-01-02T15:30:17+00:00\",\"dateModified\":\"2021-01-03T01:54:24+00:00\",\"mainEntityOfPage\":{\"@id\":\"https:\/\/www.sonoraenequipo.com.mx\/crece-produccion-de-leche-de-vaca-en-durango\/\"},\"wordCount\":312,\"commentCount\":0,\"publisher\":{\"@id\":\"https:\/\/www.sonoraenequipo.com.mx\/#organization\"},\"image\":{\"@id\":\"https:\/\/www.sonoraenequipo.com.mx\/crece-produccion-de-leche-de-vaca-en-durango\/#primaryimage\"},\"thumbnailUrl\":\"https:\/\/www.sonoraenequipo.com.mx\/storage\/2021\/01\/leche-duranguense_opt.jpg\",\"articleSection\":[\"Rep\u00fablica\"],\"inLanguage\":\"es\",\"potentialAction\":[{\"@type\":\"CommentAction\",\"name\":\"Comment\",\"target\":[\"https:\/\/www.sonoraenequipo.com.mx\/crece-produccion-de-leche-de-vaca-en-durango\/#respond\"]}]},{\"@type\":\"WebPage\",\"@id\":\"https:\/\/www.sonoraenequipo.com.mx\/crece-produccion-de-leche-de-vaca-en-durango\/\",\"url\":\"https:\/\/www.sonoraenequipo.com.mx\/crece-produccion-de-leche-de-vaca-en-durango\/\",\"name\":\"Sonora en Equipo. Crece producci\u00f3n de leche de vaca en Durango Rep\u00fablica\",\"isPartOf\":{\"@id\":\"https:\/\/www.sonoraenequipo.com.mx\/#website\"},\"primaryImageOfPage\":{\"@id\":\"https:\/\/www.sonoraenequipo.com.mx\/crece-produccion-de-leche-de-vaca-en-durango\/#primaryimage\"},\"image\":{\"@id\":\"https:\/\/www.sonoraenequipo.com.mx\/crece-produccion-de-leche-de-vaca-en-durango\/#primaryimage\"},\"thumbnailUrl\":\"https:\/\/www.sonoraenequipo.com.mx\/storage\/2021\/01\/leche-duranguense_opt.jpg\",\"datePublished\":\"2021-01-02T15:30:17+00:00\",\"dateModified\":\"2021-01-03T01:54:24+00:00\",\"description\":\"DURANGO, DURANGO. MX. \u2014 De acuerdo con informaci\u00f3n de la Secretar\u00eda de Agricultura y Desarrollo Rural (Sader), entre enero y noviembre del a\u00f1o pasado, la En Sonora en Equipo publicamos toda la informaci\u00f3n de Sonora, M\u00e9xico y el Mundo de manera oportuna y busca que la libertad de expresi\u00f3n sea real. Visita nuestro medio informativo publicado desde Hermosillo, Sonora. %\",\"breadcrumb\":{\"@id\":\"https:\/\/www.sonoraenequipo.com.mx\/crece-produccion-de-leche-de-vaca-en-durango\/#breadcrumb\"},\"inLanguage\":\"es\",\"potentialAction\":[{\"@type\":\"ReadAction\",\"target\":[\"https:\/\/www.sonoraenequipo.com.mx\/crece-produccion-de-leche-de-vaca-en-durango\/\"]}]},{\"@type\":\"ImageObject\",\"inLanguage\":\"es\",\"@id\":\"https:\/\/www.sonoraenequipo.com.mx\/crece-produccion-de-leche-de-vaca-en-durango\/#primaryimage\",\"url\":\"https:\/\/www.sonoraenequipo.com.mx\/storage\/2021\/01\/leche-duranguense_opt.jpg\",\"contentUrl\":\"https:\/\/www.sonoraenequipo.com.mx\/storage\/2021\/01\/leche-duranguense_opt.jpg\",\"width\":600,\"height\":400},{\"@type\":\"BreadcrumbList\",\"@id\":\"https:\/\/www.sonoraenequipo.com.mx\/crece-produccion-de-leche-de-vaca-en-durango\/#breadcrumb\",\"itemListElement\":[{\"@type\":\"ListItem\",\"position\":1,\"name\":\"Portada\",\"item\":\"https:\/\/www.sonoraenequipo.com.mx\/\"},{\"@type\":\"ListItem\",\"position\":2,\"name\":\"Crece producci\u00f3n de leche de vaca en Durango\"}]},{\"@type\":\"WebSite\",\"@id\":\"https:\/\/www.sonoraenequipo.com.mx\/#website\",\"url\":\"https:\/\/www.sonoraenequipo.com.mx\/\",\"name\":\"Sonora en Equipo.\",\"description\":\"Diario en l\u00ednea con Noticias desde Hermosillo, Sonora\",\"publisher\":{\"@id\":\"https:\/\/www.sonoraenequipo.com.mx\/#organization\"},\"potentialAction\":[{\"@type\":\"SearchAction\",\"target\":{\"@type\":\"EntryPoint\",\"urlTemplate\":\"https:\/\/www.sonoraenequipo.com.mx\/?s={search_term_string}\"},\"query-input\":{\"@type\":\"PropertyValueSpecification\",\"valueRequired\":true,\"valueName\":\"search_term_string\"}}],\"inLanguage\":\"es\"},{\"@type\":\"Organization\",\"@id\":\"https:\/\/www.sonoraenequipo.com.mx\/#organization\",\"name\":\"Sonoraenequipo.com.mx\",\"url\":\"https:\/\/www.sonoraenequipo.com.mx\/\",\"logo\":{\"@type\":\"ImageObject\",\"inLanguage\":\"es\",\"@id\":\"https:\/\/www.sonoraenequipo.com.mx\/#\/schema\/logo\/image\/\",\"url\":\"https:\/\/www.sonoraenequipo.com.mx\/storage\/2019\/01\/sonoraenequipo_opt.png\",\"contentUrl\":\"https:\/\/www.sonoraenequipo.com.mx\/storage\/2019\/01\/sonoraenequipo_opt.png\",\"width\":375,\"height\":125,\"caption\":\"Sonoraenequipo.com.mx\"},\"image\":{\"@id\":\"https:\/\/www.sonoraenequipo.com.mx\/#\/schema\/logo\/image\/\"},\"sameAs\":[\"https:\/\/www.facebook.com\/SonoraEE\/\",\"https:\/\/x.com\/sonoraenequipo\",\"https:\/\/www.youtube.com\/channel\/UC338nW-lPEYmJQs4ZABQ1SQ\"]},{\"@type\":\"Person\",\"@id\":\"https:\/\/www.sonoraenequipo.com.mx\/#\/schema\/person\/50102df0fb23a8fa9e8effad8fa81386\",\"name\":\"enequipo\",\"image\":{\"@type\":\"ImageObject\",\"inLanguage\":\"es\",\"@id\":\"https:\/\/www.sonoraenequipo.com.mx\/#\/schema\/person\/image\/\",\"url\":\"https:\/\/secure.gravatar.com\/avatar\/049821681b589dabc0bc20695993ccebb09f5b5d4d790cd9251b97faac7c652b?s=96&d=blank&r=g\",\"contentUrl\":\"https:\/\/secure.gravatar.com\/avatar\/049821681b589dabc0bc20695993ccebb09f5b5d4d790cd9251b97faac7c652b?s=96&d=blank&r=g\",\"caption\":\"enequipo\"},\"sameAs\":[\"https:\/\/www.facebook.com\/SonoraEE\"]}]}<\/script>\n ","yoast_head_json":{"title":"Sonora en Equipo. Crece producci\u00f3n de leche de vaca en Durango Rep\u00fablica","description":"DURANGO, DURANGO. MX. \u2014 De acuerdo con informaci\u00f3n de la Secretar\u00eda de Agricultura y Desarrollo Rural (Sader), entre enero y noviembre del a\u00f1o pasado, la En Sonora en Equipo publicamos toda la informaci\u00f3n de Sonora, M\u00e9xico y el Mundo de manera oportuna y busca que la libertad de expresi\u00f3n sea real. Visita nuestro medio informativo publicado desde Hermosillo, Sonora. %","robots":{"index":"index","follow":"follow","max-snippet":"max-snippet:-1","max-image-preview":"max-image-preview:large","max-video-preview":"max-video-preview:-1"},"canonical":"https:\/\/www.sonoraenequipo.com.mx\/crece-produccion-de-leche-de-vaca-en-durango\/","og_locale":"es_ES","og_type":"article","og_title":"Sonora en Equipo. Crece producci\u00f3n de leche de vaca en Durango Rep\u00fablica","og_description":"DURANGO, DURANGO. MX. \u2014 De acuerdo con informaci\u00f3n de la Secretar\u00eda de Agricultura y Desarrollo Rural (Sader), entre enero y noviembre del a\u00f1o pasado, la En Sonora en Equipo publicamos toda la informaci\u00f3n de Sonora, M\u00e9xico y el Mundo de manera oportuna y busca que la libertad de expresi\u00f3n sea real. Visita nuestro medio informativo publicado desde Hermosillo, Sonora. %","og_url":"https:\/\/www.sonoraenequipo.com.mx\/crece-produccion-de-leche-de-vaca-en-durango\/","og_site_name":"Sonora en Equipo.","article_publisher":"https:\/\/www.facebook.com\/SonoraEE\/","article_author":"https:\/\/www.facebook.com\/SonoraEE","article_published_time":"2021-01-02T15:30:17+00:00","article_modified_time":"2021-01-03T01:54:24+00:00","og_image":[{"width":600,"height":400,"url":"https:\/\/www.sonoraenequipo.com.mx\/storage\/2021\/01\/leche-duranguense_opt.jpg","type":"image\/jpeg"}],"author":"enequipo","twitter_card":"summary_large_image","twitter_creator":"@sonoraenequipo","twitter_site":"@sonoraenequipo","twitter_misc":{"Escrito por":"enequipo","Tiempo de lectura":"2 minutos"},"schema":{"@context":"https:\/\/schema.org","@graph":[{"@type":"Article","@id":"https:\/\/www.sonoraenequipo.com.mx\/crece-produccion-de-leche-de-vaca-en-durango\/#article","isPartOf":{"@id":"https:\/\/www.sonoraenequipo.com.mx\/crece-produccion-de-leche-de-vaca-en-durango\/"},"author":{"name":"enequipo","@id":"https:\/\/www.sonoraenequipo.com.mx\/#\/schema\/person\/50102df0fb23a8fa9e8effad8fa81386"},"headline":"Crece producci\u00f3n de leche de vaca en Durango","datePublished":"2021-01-02T15:30:17+00:00","dateModified":"2021-01-03T01:54:24+00:00","mainEntityOfPage":{"@id":"https:\/\/www.sonoraenequipo.com.mx\/crece-produccion-de-leche-de-vaca-en-durango\/"},"wordCount":312,"commentCount":0,"publisher":{"@id":"https:\/\/www.sonoraenequipo.com.mx\/#organization"},"image":{"@id":"https:\/\/www.sonoraenequipo.com.mx\/crece-produccion-de-leche-de-vaca-en-durango\/#primaryimage"},"thumbnailUrl":"https:\/\/www.sonoraenequipo.com.mx\/storage\/2021\/01\/leche-duranguense_opt.jpg","articleSection":["Rep\u00fablica"],"inLanguage":"es","potentialAction":[{"@type":"CommentAction","name":"Comment","target":["https:\/\/www.sonoraenequipo.com.mx\/crece-produccion-de-leche-de-vaca-en-durango\/#respond"]}]},{"@type":"WebPage","@id":"https:\/\/www.sonoraenequipo.com.mx\/crece-produccion-de-leche-de-vaca-en-durango\/","url":"https:\/\/www.sonoraenequipo.com.mx\/crece-produccion-de-leche-de-vaca-en-durango\/","name":"Sonora en Equipo. Crece producci\u00f3n de leche de vaca en Durango Rep\u00fablica","isPartOf":{"@id":"https:\/\/www.sonoraenequipo.com.mx\/#website"},"primaryImageOfPage":{"@id":"https:\/\/www.sonoraenequipo.com.mx\/crece-produccion-de-leche-de-vaca-en-durango\/#primaryimage"},"image":{"@id":"https:\/\/www.sonoraenequipo.com.mx\/crece-produccion-de-leche-de-vaca-en-durango\/#primaryimage"},"thumbnailUrl":"https:\/\/www.sonoraenequipo.com.mx\/storage\/2021\/01\/leche-duranguense_opt.jpg","datePublished":"2021-01-02T15:30:17+00:00","dateModified":"2021-01-03T01:54:24+00:00","description":"DURANGO, DURANGO. MX. \u2014 De acuerdo con informaci\u00f3n de la Secretar\u00eda de Agricultura y Desarrollo Rural (Sader), entre enero y noviembre del a\u00f1o pasado, la En Sonora en Equipo publicamos toda la informaci\u00f3n de Sonora, M\u00e9xico y el Mundo de manera oportuna y busca que la libertad de expresi\u00f3n sea real. Visita nuestro medio informativo publicado desde Hermosillo, Sonora. %","breadcrumb":{"@id":"https:\/\/www.sonoraenequipo.com.mx\/crece-produccion-de-leche-de-vaca-en-durango\/#breadcrumb"},"inLanguage":"es","potentialAction":[{"@type":"ReadAction","target":["https:\/\/www.sonoraenequipo.com.mx\/crece-produccion-de-leche-de-vaca-en-durango\/"]}]},{"@type":"ImageObject","inLanguage":"es","@id":"https:\/\/www.sonoraenequipo.com.mx\/crece-produccion-de-leche-de-vaca-en-durango\/#primaryimage","url":"https:\/\/www.sonoraenequipo.com.mx\/storage\/2021\/01\/leche-duranguense_opt.jpg","contentUrl":"https:\/\/www.sonoraenequipo.com.mx\/storage\/2021\/01\/leche-duranguense_opt.jpg","width":600,"height":400},{"@type":"BreadcrumbList","@id":"https:\/\/www.sonoraenequipo.com.mx\/crece-produccion-de-leche-de-vaca-en-durango\/#breadcrumb","itemListElement":[{"@type":"ListItem","position":1,"name":"Portada","item":"https:\/\/www.sonoraenequipo.com.mx\/"},{"@type":"ListItem","position":2,"name":"Crece producci\u00f3n de leche de vaca en Durango"}]},{"@type":"WebSite","@id":"https:\/\/www.sonoraenequipo.com.mx\/#website","url":"https:\/\/www.sonoraenequipo.com.mx\/","name":"Sonora en Equipo.","description":"Diario en l\u00ednea con Noticias desde Hermosillo, Sonora","publisher":{"@id":"https:\/\/www.sonoraenequipo.com.mx\/#organization"},"potentialAction":[{"@type":"SearchAction","target":{"@type":"EntryPoint","urlTemplate":"https:\/\/www.sonoraenequipo.com.mx\/?s={search_term_string}"},"query-input":{"@type":"PropertyValueSpecification","valueRequired":true,"valueName":"search_term_string"}}],"inLanguage":"es"},{"@type":"Organization","@id":"https:\/\/www.sonoraenequipo.com.mx\/#organization","name":"Sonoraenequipo.com.mx","url":"https:\/\/www.sonoraenequipo.com.mx\/","logo":{"@type":"ImageObject","inLanguage":"es","@id":"https:\/\/www.sonoraenequipo.com.mx\/#\/schema\/logo\/image\/","url":"https:\/\/www.sonoraenequipo.com.mx\/storage\/2019\/01\/sonoraenequipo_opt.png","contentUrl":"https:\/\/www.sonoraenequipo.com.mx\/storage\/2019\/01\/sonoraenequipo_opt.png","width":375,"height":125,"caption":"Sonoraenequipo.com.mx"},"image":{"@id":"https:\/\/www.sonoraenequipo.com.mx\/#\/schema\/logo\/image\/"},"sameAs":["https:\/\/www.facebook.com\/SonoraEE\/","https:\/\/x.com\/sonoraenequipo","https:\/\/www.youtube.com\/channel\/UC338nW-lPEYmJQs4ZABQ1SQ"]},{"@type":"Person","@id":"https:\/\/www.sonoraenequipo.com.mx\/#\/schema\/person\/50102df0fb23a8fa9e8effad8fa81386","name":"enequipo","image":{"@type":"ImageObject","inLanguage":"es","@id":"https:\/\/www.sonoraenequipo.com.mx\/#\/schema\/person\/image\/","url":"https:\/\/secure.gravatar.com\/avatar\/049821681b589dabc0bc20695993ccebb09f5b5d4d790cd9251b97faac7c652b?s=96&d=blank&r=g","contentUrl":"https:\/\/secure.gravatar.com\/avatar\/049821681b589dabc0bc20695993ccebb09f5b5d4d790cd9251b97faac7c652b?s=96&d=blank&r=g","caption":"enequipo"},"sameAs":["https:\/\/www.facebook.com\/SonoraEE"]}]}},"jetpack_featured_media_url":"https:\/\/www.sonoraenequipo.com.mx\/storage\/2021\/01\/leche-duranguense_opt.jpg","_links":{"self":[{"href":"https:\/\/www.sonoraenequipo.com.mx\/api\/wp\/v2\/posts\/103940","targetHints":{"allow":["GET"]}}],"collection":[{"href":"https:\/\/www.sonoraenequipo.com.mx\/api\/wp\/v2\/posts"}],"about":[{"href":"https:\/\/www.sonoraenequipo.com.mx\/api\/wp\/v2\/types\/post"}],"author":[{"embeddable":true,"href":"https:\/\/www.sonoraenequipo.com.mx\/api\/wp\/v2\/users\/1"}],"replies":[{"embeddable":true,"href":"https:\/\/www.sonoraenequipo.com.mx\/api\/wp\/v2\/comments?post=103940"}],"version-history":[{"count":1,"href":"https:\/\/www.sonoraenequipo.com.mx\/api\/wp\/v2\/posts\/103940\/revisions"}],"predecessor-version":[{"id":103943,"href":"https:\/\/www.sonoraenequipo.com.mx\/api\/wp\/v2\/posts\/103940\/revisions\/103943"}],"wp:featuredmedia":[{"embeddable":true,"href":"https:\/\/www.sonoraenequipo.com.mx\/api\/wp\/v2\/media\/103941"}],"wp:attachment":[{"href":"https:\/\/www.sonoraenequipo.com.mx\/api\/wp\/v2\/media?parent=103940"}],"wp:term":[{"taxonomy":"category","embeddable":true,"href":"https:\/\/www.sonoraenequipo.com.mx\/api\/wp\/v2\/categories?post=103940"},{"taxonomy":"post_tag","embeddable":true,"href":"https:\/\/www.sonoraenequipo.com.mx\/api\/wp\/v2\/tags?post=103940"}],"curies":[{"name":"wp","href":"https:\/\/api.w.org\/{rel}","templated":true}]}}