{"id":104183,"date":"2021-01-08T21:57:12","date_gmt":"2021-01-09T04:57:12","guid":{"rendered":"https:\/\/www.sonoraenequipo.com.mx\/?p=104183"},"modified":"2021-01-08T21:57:12","modified_gmt":"2021-01-09T04:57:12","slug":"covid-en-sonora-casi-3-mil-casos-nuevos-de-covid-y-mas-de-300-muertes-en-11-dias-enrique-clausen","status":"publish","type":"post","link":"https:\/\/www.sonoraenequipo.com.mx\/covid-en-sonora-casi-3-mil-casos-nuevos-de-covid-y-mas-de-300-muertes-en-11-dias-enrique-clausen\/","title":{"rendered":"Covid en Sonora: casi\u00a0 3 mil casos nuevos de covid y m\u00e1s de 300 muertes en 11 d\u00edas: Enrique Clausen"},"content":{"rendered":"<p><strong>&gt;&gt;Este viernes se registraron 28 defunciones m\u00e1s y 197 casos m\u00e1spor COVID-19<\/strong><\/p>\n<p>&nbsp;<\/p>\n<p>&nbsp;<\/p>\n<p>Hermosillo, Sonora, enero 8 del 2021. Los hospitales en Hermosillo se est\u00e1n saturando y ya una persona enferma de COVID-19 que fue trasladado por la Cruz Roja y requer\u00eda ser hospitalizado, al llegar a un nosocomio se le neg\u00f3 el servicio porque se encontraba saturado as\u00ed que tuvo que ser trasladado a otro hospital para ser atendido, inform\u00f3 Enrique Clausen Iberri, al advertir que en los \u00faltimos 11 d\u00edas se han confirmado m\u00e1s de 2 mil 800 nuevo casos positivos y se han registrado m\u00e1s de 315 muertes.<\/p>\n<p>&nbsp;<\/p>\n<p>Despu\u00e9s de confirmarse 28 defunciones y 197 casos por COVID-19, el secretario de Salud, coment\u00f3 que en el caso del paciente que iba en condici\u00f3n grave, los heroicos socorristas, actuando de manera profesional y responsable no dejaron solo al paciente, al contrario, solicitaron el apoyo del hospital saturado y consiguieron un tanque de ox\u00edgeno para esta persona, quien finalmente pudo ser trasladada a otro hospital.<\/p>\n<p>&nbsp;<\/p>\n<p>\u201cEspero esto sirva para entender el nivel de gravedad a donde hemos llegado\u201d extern\u00f3.<\/p>\n<p>&nbsp;<\/p>\n<p>Clausen Iberri urgi\u00f3 a las personas a quedarse quietos porque la pandemia no se va a terminar si no dejamos de movernos en reuniones y actividades no esenciales.<\/p>\n<p>&nbsp;<\/p>\n<p>En su mensaje a las y los sonorenses, Clausen Iberri inform\u00f3 que los hospitales se encuentran llenos nuevamente, tal y como lo estuvieron en julio y agosto, en los que se encuentran internados abuelos, adultos que no hab\u00edan salido y muchos est\u00e1n graves.<\/p>\n<p>&nbsp;<\/p>\n<p>\u201cAhora el comportamiento del virus est\u00e1 mandando a j\u00f3venes a los hospitales y muchos est\u00e1n graves\u201d, coment\u00f3.<\/p>\n<p>&nbsp;<\/p>\n<p>El secretario de Salud detall\u00f3 que en los \u00faltimos 11 d\u00edas se han confirmado m\u00e1s de 2 mil 800 casos positivos y m\u00e1s de 315 muertes.<\/p>\n<p>&nbsp;<\/p>\n<p>\u201cYa empezamos a ver las graves consecuencias de las fiestas de diciembre, que l\u00e1stima que no podemos esperar si la vacuna ya viene, qu\u00e9 l\u00e1stima que sobreviviste casi 10 meses y la vayas a regar, cuando la vacuna est\u00e1 a la vuelta de la esquina, todo lo que te pase est\u00e1 en ti. Hay que fortalecer el car\u00e1cter, ten fuerza de voluntad, salva vidas\u201d, finaliz\u00f3.<\/p>\n<p>&nbsp;<\/p>\n<p>En cuanto a los datos estad\u00edsticos de hoy, se inform\u00f3 que 46 mil 212 personas se han recuperado en Sonora, pero este d\u00eda se confirman 28 decesos m\u00e1s en 16 hombres y 12 mujeres residentes de Navojoa y Hermosillo ochos cada uno; Nogales cuatro; Cajeme dos; Agua Prieta, Huatabampo, Caborca, Empalme, Etchojoa y San Luis R\u00edo Colorado uno cada uno; derechohabientes del IMSS 17, Secretar\u00eda de Salud 11; acumul\u00e1ndose 4 mil 195 defunciones.<\/p>\n<p>&nbsp;<\/p>\n<p>Hoy se suman 197 nuevos casos por COVID, en 107 mujeres y 90 hombres; acumul\u00e1ndose 52 mil 793 casos en total residentes de Hermosillo 108; Caborca 32; Cajeme 21; Cananea nueve; Empalme y Nogales cinco cada uno; \u00c1lamos y Huatabampo cuatro cada uno; San Luis R\u00edo Colorado tres; Navojoa dos; Guaymas, B\u00e1cum, Santa Ana y Arivechi uno cada uno.<\/p>\n<p>&nbsp;<\/p>\n<p>Se confirmaron cuatro casos pedi\u00e1tricos; en tres ni\u00f1as y un ni\u00f1o; acumul\u00e1ndose 960 casos en total; no se confirmaron casos en mujeres embarazadas. De los 197 casos confirmados hoy, nueve fueron en trabajadores de la salud de diversas instituciones.<\/p>\n<p>&nbsp;<\/p>\n<p>&nbsp;<\/p>\n<p>Casos COVID-19 en Sonora 52,793 casos confirmados y 4,195 defunciones<\/p>\n<p>&nbsp;<\/p>\n<p>Defunciones registradas el 8 de enero 2021: 28<\/p>\n<p>Fecha de publicaci\u00f3n 08\/ene\/2021<\/p>\n<p>&nbsp;<\/p>\n","protected":false},"excerpt":{"rendered":"<p>&gt;&gt;Este viernes se registraron 28 defunciones m\u00e1s y 197 casos m\u00e1spor COVID-19 &nbsp; &nbsp; Hermosillo,&#8230;<\/p>\n","protected":false},"author":1,"featured_media":104184,"comment_status":"open","ping_status":"open","sticky":false,"template":"","format":"standard","meta":{"_monsterinsights_skip_tracking":false,"_monsterinsights_sitenote_active":false,"_monsterinsights_sitenote_note":"","_monsterinsights_sitenote_category":0,"footnotes":""},"categories":[22],"tags":[4249,15],"class_list":["post"],"yoast_head":" \n<title>Sonora en Equipo. Covid en Sonora: casi\u00a0 3 mil casos nuevos de covid y m\u00e1s de 300 muertes en 11 d\u00edas: Enrique Clausen Sonora<\/title>\n<meta name=\"description\" content=\"&gt;&gt;Este viernes se registraron 28 defunciones m\u00e1s y 197 casos m\u00e1spor COVID-19 &nbsp; &nbsp; Hermosillo, Sonora, enero 8 del 2021. Los hospitales en En Sonora en Equipo publicamos toda la informaci\u00f3n de Sonora, M\u00e9xico y el Mundo de manera oportuna y busca que la libertad de expresi\u00f3n sea real. Visita nuestro medio informativo publicado desde Hermosillo, Sonora. %\" \/>\n<meta name=\"robots\" content=\"index, follow, max-snippet:-1, max-image-preview:large, max-video-preview:-1\" \/>\n<link rel=\"canonical\" href=\"https:\/\/www.sonoraenequipo.com.mx\/covid-en-sonora-casi-3-mil-casos-nuevos-de-covid-y-mas-de-300-muertes-en-11-dias-enrique-clausen\/\" \/>\n<meta property=\"og:locale\" content=\"es_ES\" \/>\n<meta property=\"og:type\" content=\"article\" \/>\n<meta property=\"og:title\" content=\"Sonora en Equipo. Covid en Sonora: casi\u00a0 3 mil casos nuevos de covid y m\u00e1s de 300 muertes en 11 d\u00edas: Enrique Clausen Sonora\" \/>\n<meta property=\"og:description\" content=\"&gt;&gt;Este viernes se registraron 28 defunciones m\u00e1s y 197 casos m\u00e1spor COVID-19 &nbsp; &nbsp; Hermosillo, Sonora, enero 8 del 2021. Los hospitales en En Sonora en Equipo publicamos toda la informaci\u00f3n de Sonora, M\u00e9xico y el Mundo de manera oportuna y busca que la libertad de expresi\u00f3n sea real. Visita nuestro medio informativo publicado desde Hermosillo, Sonora. %\" \/>\n<meta property=\"og:url\" content=\"https:\/\/www.sonoraenequipo.com.mx\/covid-en-sonora-casi-3-mil-casos-nuevos-de-covid-y-mas-de-300-muertes-en-11-dias-enrique-clausen\/\" \/>\n<meta property=\"og:site_name\" content=\"Sonora en Equipo.\" \/>\n<meta property=\"article:publisher\" content=\"https:\/\/www.facebook.com\/SonoraEE\/\" \/>\n<meta property=\"article:author\" content=\"https:\/\/www.facebook.com\/SonoraEE\" \/>\n<meta property=\"article:published_time\" content=\"2021-01-09T04:57:12+00:00\" \/>\n<meta property=\"og:image\" content=\"https:\/\/www.sonoraenequipo.com.mx\/storage\/2021\/01\/e-clausen9.jpg\" \/>\n\t<meta property=\"og:image:width\" content=\"500\" \/>\n\t<meta property=\"og:image:height\" content=\"334\" \/>\n\t<meta property=\"og:image:type\" content=\"image\/jpeg\" \/>\n<meta name=\"author\" content=\"enequipo\" \/>\n<meta name=\"twitter:card\" content=\"summary_large_image\" \/>\n<meta name=\"twitter:creator\" content=\"@sonoraenequipo\" \/>\n<meta name=\"twitter:site\" content=\"@sonoraenequipo\" \/>\n<meta name=\"twitter:label1\" content=\"Escrito por\" \/>\n\t<meta name=\"twitter:data1\" content=\"enequipo\" \/>\n\t<meta name=\"twitter:label2\" content=\"Tiempo de lectura\" \/>\n\t<meta name=\"twitter:data2\" content=\"3 minutos\" \/>\n<script type=\"application\/ld+json\" class=\"yoast-schema-graph\">{\"@context\":\"https:\/\/schema.org\",\"@graph\":[{\"@type\":\"Article\",\"@id\":\"https:\/\/www.sonoraenequipo.com.mx\/covid-en-sonora-casi-3-mil-casos-nuevos-de-covid-y-mas-de-300-muertes-en-11-dias-enrique-clausen\/#article\",\"isPartOf\":{\"@id\":\"https:\/\/www.sonoraenequipo.com.mx\/covid-en-sonora-casi-3-mil-casos-nuevos-de-covid-y-mas-de-300-muertes-en-11-dias-enrique-clausen\/\"},\"author\":{\"name\":\"enequipo\",\"@id\":\"https:\/\/www.sonoraenequipo.com.mx\/#\/schema\/person\/50102df0fb23a8fa9e8effad8fa81386\"},\"headline\":\"Covid en Sonora: casi\u00a0 3 mil casos nuevos de covid y m\u00e1s de 300 muertes en 11 d\u00edas: Enrique Clausen\",\"datePublished\":\"2021-01-09T04:57:12+00:00\",\"mainEntityOfPage\":{\"@id\":\"https:\/\/www.sonoraenequipo.com.mx\/covid-en-sonora-casi-3-mil-casos-nuevos-de-covid-y-mas-de-300-muertes-en-11-dias-enrique-clausen\/\"},\"wordCount\":583,\"commentCount\":0,\"publisher\":{\"@id\":\"https:\/\/www.sonoraenequipo.com.mx\/#organization\"},\"image\":{\"@id\":\"https:\/\/www.sonoraenequipo.com.mx\/covid-en-sonora-casi-3-mil-casos-nuevos-de-covid-y-mas-de-300-muertes-en-11-dias-enrique-clausen\/#primaryimage\"},\"thumbnailUrl\":\"https:\/\/www.sonoraenequipo.com.mx\/storage\/2021\/01\/e-clausen9.jpg\",\"keywords\":[\"covid\",\"Sonora\"],\"articleSection\":[\"Sonora\"],\"inLanguage\":\"es\",\"potentialAction\":[{\"@type\":\"CommentAction\",\"name\":\"Comment\",\"target\":[\"https:\/\/www.sonoraenequipo.com.mx\/covid-en-sonora-casi-3-mil-casos-nuevos-de-covid-y-mas-de-300-muertes-en-11-dias-enrique-clausen\/#respond\"]}]},{\"@type\":\"WebPage\",\"@id\":\"https:\/\/www.sonoraenequipo.com.mx\/covid-en-sonora-casi-3-mil-casos-nuevos-de-covid-y-mas-de-300-muertes-en-11-dias-enrique-clausen\/\",\"url\":\"https:\/\/www.sonoraenequipo.com.mx\/covid-en-sonora-casi-3-mil-casos-nuevos-de-covid-y-mas-de-300-muertes-en-11-dias-enrique-clausen\/\",\"name\":\"Sonora en Equipo. Covid en Sonora: casi\u00a0 3 mil casos nuevos de covid y m\u00e1s de 300 muertes en 11 d\u00edas: Enrique Clausen Sonora\",\"isPartOf\":{\"@id\":\"https:\/\/www.sonoraenequipo.com.mx\/#website\"},\"primaryImageOfPage\":{\"@id\":\"https:\/\/www.sonoraenequipo.com.mx\/covid-en-sonora-casi-3-mil-casos-nuevos-de-covid-y-mas-de-300-muertes-en-11-dias-enrique-clausen\/#primaryimage\"},\"image\":{\"@id\":\"https:\/\/www.sonoraenequipo.com.mx\/covid-en-sonora-casi-3-mil-casos-nuevos-de-covid-y-mas-de-300-muertes-en-11-dias-enrique-clausen\/#primaryimage\"},\"thumbnailUrl\":\"https:\/\/www.sonoraenequipo.com.mx\/storage\/2021\/01\/e-clausen9.jpg\",\"datePublished\":\"2021-01-09T04:57:12+00:00\",\"description\":\"&gt;&gt;Este viernes se registraron 28 defunciones m\u00e1s y 197 casos m\u00e1spor COVID-19 &nbsp; &nbsp; Hermosillo, Sonora, enero 8 del 2021. Los hospitales en En Sonora en Equipo publicamos toda la informaci\u00f3n de Sonora, M\u00e9xico y el Mundo de manera oportuna y busca que la libertad de expresi\u00f3n sea real. Visita nuestro medio informativo publicado desde Hermosillo, Sonora. %\",\"breadcrumb\":{\"@id\":\"https:\/\/www.sonoraenequipo.com.mx\/covid-en-sonora-casi-3-mil-casos-nuevos-de-covid-y-mas-de-300-muertes-en-11-dias-enrique-clausen\/#breadcrumb\"},\"inLanguage\":\"es\",\"potentialAction\":[{\"@type\":\"ReadAction\",\"target\":[\"https:\/\/www.sonoraenequipo.com.mx\/covid-en-sonora-casi-3-mil-casos-nuevos-de-covid-y-mas-de-300-muertes-en-11-dias-enrique-clausen\/\"]}]},{\"@type\":\"ImageObject\",\"inLanguage\":\"es\",\"@id\":\"https:\/\/www.sonoraenequipo.com.mx\/covid-en-sonora-casi-3-mil-casos-nuevos-de-covid-y-mas-de-300-muertes-en-11-dias-enrique-clausen\/#primaryimage\",\"url\":\"https:\/\/www.sonoraenequipo.com.mx\/storage\/2021\/01\/e-clausen9.jpg\",\"contentUrl\":\"https:\/\/www.sonoraenequipo.com.mx\/storage\/2021\/01\/e-clausen9.jpg\",\"width\":500,\"height\":334},{\"@type\":\"BreadcrumbList\",\"@id\":\"https:\/\/www.sonoraenequipo.com.mx\/covid-en-sonora-casi-3-mil-casos-nuevos-de-covid-y-mas-de-300-muertes-en-11-dias-enrique-clausen\/#breadcrumb\",\"itemListElement\":[{\"@type\":\"ListItem\",\"position\":1,\"name\":\"Portada\",\"item\":\"https:\/\/www.sonoraenequipo.com.mx\/\"},{\"@type\":\"ListItem\",\"position\":2,\"name\":\"Covid en Sonora: casi\u00a0 3 mil casos nuevos de covid y m\u00e1s de 300 muertes en 11 d\u00edas: Enrique Clausen\"}]},{\"@type\":\"WebSite\",\"@id\":\"https:\/\/www.sonoraenequipo.com.mx\/#website\",\"url\":\"https:\/\/www.sonoraenequipo.com.mx\/\",\"name\":\"Sonora en Equipo.\",\"description\":\"Diario en l\u00ednea con Noticias desde Hermosillo, Sonora\",\"publisher\":{\"@id\":\"https:\/\/www.sonoraenequipo.com.mx\/#organization\"},\"potentialAction\":[{\"@type\":\"SearchAction\",\"target\":{\"@type\":\"EntryPoint\",\"urlTemplate\":\"https:\/\/www.sonoraenequipo.com.mx\/?s={search_term_string}\"},\"query-input\":{\"@type\":\"PropertyValueSpecification\",\"valueRequired\":true,\"valueName\":\"search_term_string\"}}],\"inLanguage\":\"es\"},{\"@type\":\"Organization\",\"@id\":\"https:\/\/www.sonoraenequipo.com.mx\/#organization\",\"name\":\"Sonoraenequipo.com.mx\",\"url\":\"https:\/\/www.sonoraenequipo.com.mx\/\",\"logo\":{\"@type\":\"ImageObject\",\"inLanguage\":\"es\",\"@id\":\"https:\/\/www.sonoraenequipo.com.mx\/#\/schema\/logo\/image\/\",\"url\":\"https:\/\/www.sonoraenequipo.com.mx\/storage\/2019\/01\/sonoraenequipo_opt.png\",\"contentUrl\":\"https:\/\/www.sonoraenequipo.com.mx\/storage\/2019\/01\/sonoraenequipo_opt.png\",\"width\":375,\"height\":125,\"caption\":\"Sonoraenequipo.com.mx\"},\"image\":{\"@id\":\"https:\/\/www.sonoraenequipo.com.mx\/#\/schema\/logo\/image\/\"},\"sameAs\":[\"https:\/\/www.facebook.com\/SonoraEE\/\",\"https:\/\/x.com\/sonoraenequipo\",\"https:\/\/www.youtube.com\/channel\/UC338nW-lPEYmJQs4ZABQ1SQ\"]},{\"@type\":\"Person\",\"@id\":\"https:\/\/www.sonoraenequipo.com.mx\/#\/schema\/person\/50102df0fb23a8fa9e8effad8fa81386\",\"name\":\"enequipo\",\"image\":{\"@type\":\"ImageObject\",\"inLanguage\":\"es\",\"@id\":\"https:\/\/www.sonoraenequipo.com.mx\/#\/schema\/person\/image\/\",\"url\":\"https:\/\/secure.gravatar.com\/avatar\/049821681b589dabc0bc20695993ccebb09f5b5d4d790cd9251b97faac7c652b?s=96&d=blank&r=g\",\"contentUrl\":\"https:\/\/secure.gravatar.com\/avatar\/049821681b589dabc0bc20695993ccebb09f5b5d4d790cd9251b97faac7c652b?s=96&d=blank&r=g\",\"caption\":\"enequipo\"},\"sameAs\":[\"https:\/\/www.facebook.com\/SonoraEE\"]}]}<\/script>\n ","yoast_head_json":{"title":"Sonora en Equipo. Covid en Sonora: casi\u00a0 3 mil casos nuevos de covid y m\u00e1s de 300 muertes en 11 d\u00edas: Enrique Clausen Sonora","description":"&gt;&gt;Este viernes se registraron 28 defunciones m\u00e1s y 197 casos m\u00e1spor COVID-19 &nbsp; &nbsp; Hermosillo, Sonora, enero 8 del 2021. Los hospitales en En Sonora en Equipo publicamos toda la informaci\u00f3n de Sonora, M\u00e9xico y el Mundo de manera oportuna y busca que la libertad de expresi\u00f3n sea real. Visita nuestro medio informativo publicado desde Hermosillo, Sonora. %","robots":{"index":"index","follow":"follow","max-snippet":"max-snippet:-1","max-image-preview":"max-image-preview:large","max-video-preview":"max-video-preview:-1"},"canonical":"https:\/\/www.sonoraenequipo.com.mx\/covid-en-sonora-casi-3-mil-casos-nuevos-de-covid-y-mas-de-300-muertes-en-11-dias-enrique-clausen\/","og_locale":"es_ES","og_type":"article","og_title":"Sonora en Equipo. Covid en Sonora: casi\u00a0 3 mil casos nuevos de covid y m\u00e1s de 300 muertes en 11 d\u00edas: Enrique Clausen Sonora","og_description":"&gt;&gt;Este viernes se registraron 28 defunciones m\u00e1s y 197 casos m\u00e1spor COVID-19 &nbsp; &nbsp; Hermosillo, Sonora, enero 8 del 2021. Los hospitales en En Sonora en Equipo publicamos toda la informaci\u00f3n de Sonora, M\u00e9xico y el Mundo de manera oportuna y busca que la libertad de expresi\u00f3n sea real. Visita nuestro medio informativo publicado desde Hermosillo, Sonora. %","og_url":"https:\/\/www.sonoraenequipo.com.mx\/covid-en-sonora-casi-3-mil-casos-nuevos-de-covid-y-mas-de-300-muertes-en-11-dias-enrique-clausen\/","og_site_name":"Sonora en Equipo.","article_publisher":"https:\/\/www.facebook.com\/SonoraEE\/","article_author":"https:\/\/www.facebook.com\/SonoraEE","article_published_time":"2021-01-09T04:57:12+00:00","og_image":[{"width":500,"height":334,"url":"https:\/\/www.sonoraenequipo.com.mx\/storage\/2021\/01\/e-clausen9.jpg","type":"image\/jpeg"}],"author":"enequipo","twitter_card":"summary_large_image","twitter_creator":"@sonoraenequipo","twitter_site":"@sonoraenequipo","twitter_misc":{"Escrito por":"enequipo","Tiempo de lectura":"3 minutos"},"schema":{"@context":"https:\/\/schema.org","@graph":[{"@type":"Article","@id":"https:\/\/www.sonoraenequipo.com.mx\/covid-en-sonora-casi-3-mil-casos-nuevos-de-covid-y-mas-de-300-muertes-en-11-dias-enrique-clausen\/#article","isPartOf":{"@id":"https:\/\/www.sonoraenequipo.com.mx\/covid-en-sonora-casi-3-mil-casos-nuevos-de-covid-y-mas-de-300-muertes-en-11-dias-enrique-clausen\/"},"author":{"name":"enequipo","@id":"https:\/\/www.sonoraenequipo.com.mx\/#\/schema\/person\/50102df0fb23a8fa9e8effad8fa81386"},"headline":"Covid en Sonora: casi\u00a0 3 mil casos nuevos de covid y m\u00e1s de 300 muertes en 11 d\u00edas: Enrique Clausen","datePublished":"2021-01-09T04:57:12+00:00","mainEntityOfPage":{"@id":"https:\/\/www.sonoraenequipo.com.mx\/covid-en-sonora-casi-3-mil-casos-nuevos-de-covid-y-mas-de-300-muertes-en-11-dias-enrique-clausen\/"},"wordCount":583,"commentCount":0,"publisher":{"@id":"https:\/\/www.sonoraenequipo.com.mx\/#organization"},"image":{"@id":"https:\/\/www.sonoraenequipo.com.mx\/covid-en-sonora-casi-3-mil-casos-nuevos-de-covid-y-mas-de-300-muertes-en-11-dias-enrique-clausen\/#primaryimage"},"thumbnailUrl":"https:\/\/www.sonoraenequipo.com.mx\/storage\/2021\/01\/e-clausen9.jpg","keywords":["covid","Sonora"],"articleSection":["Sonora"],"inLanguage":"es","potentialAction":[{"@type":"CommentAction","name":"Comment","target":["https:\/\/www.sonoraenequipo.com.mx\/covid-en-sonora-casi-3-mil-casos-nuevos-de-covid-y-mas-de-300-muertes-en-11-dias-enrique-clausen\/#respond"]}]},{"@type":"WebPage","@id":"https:\/\/www.sonoraenequipo.com.mx\/covid-en-sonora-casi-3-mil-casos-nuevos-de-covid-y-mas-de-300-muertes-en-11-dias-enrique-clausen\/","url":"https:\/\/www.sonoraenequipo.com.mx\/covid-en-sonora-casi-3-mil-casos-nuevos-de-covid-y-mas-de-300-muertes-en-11-dias-enrique-clausen\/","name":"Sonora en Equipo. Covid en Sonora: casi\u00a0 3 mil casos nuevos de covid y m\u00e1s de 300 muertes en 11 d\u00edas: Enrique Clausen Sonora","isPartOf":{"@id":"https:\/\/www.sonoraenequipo.com.mx\/#website"},"primaryImageOfPage":{"@id":"https:\/\/www.sonoraenequipo.com.mx\/covid-en-sonora-casi-3-mil-casos-nuevos-de-covid-y-mas-de-300-muertes-en-11-dias-enrique-clausen\/#primaryimage"},"image":{"@id":"https:\/\/www.sonoraenequipo.com.mx\/covid-en-sonora-casi-3-mil-casos-nuevos-de-covid-y-mas-de-300-muertes-en-11-dias-enrique-clausen\/#primaryimage"},"thumbnailUrl":"https:\/\/www.sonoraenequipo.com.mx\/storage\/2021\/01\/e-clausen9.jpg","datePublished":"2021-01-09T04:57:12+00:00","description":"&gt;&gt;Este viernes se registraron 28 defunciones m\u00e1s y 197 casos m\u00e1spor COVID-19 &nbsp; &nbsp; Hermosillo, Sonora, enero 8 del 2021. Los hospitales en En Sonora en Equipo publicamos toda la informaci\u00f3n de Sonora, M\u00e9xico y el Mundo de manera oportuna y busca que la libertad de expresi\u00f3n sea real. Visita nuestro medio informativo publicado desde Hermosillo, Sonora. %","breadcrumb":{"@id":"https:\/\/www.sonoraenequipo.com.mx\/covid-en-sonora-casi-3-mil-casos-nuevos-de-covid-y-mas-de-300-muertes-en-11-dias-enrique-clausen\/#breadcrumb"},"inLanguage":"es","potentialAction":[{"@type":"ReadAction","target":["https:\/\/www.sonoraenequipo.com.mx\/covid-en-sonora-casi-3-mil-casos-nuevos-de-covid-y-mas-de-300-muertes-en-11-dias-enrique-clausen\/"]}]},{"@type":"ImageObject","inLanguage":"es","@id":"https:\/\/www.sonoraenequipo.com.mx\/covid-en-sonora-casi-3-mil-casos-nuevos-de-covid-y-mas-de-300-muertes-en-11-dias-enrique-clausen\/#primaryimage","url":"https:\/\/www.sonoraenequipo.com.mx\/storage\/2021\/01\/e-clausen9.jpg","contentUrl":"https:\/\/www.sonoraenequipo.com.mx\/storage\/2021\/01\/e-clausen9.jpg","width":500,"height":334},{"@type":"BreadcrumbList","@id":"https:\/\/www.sonoraenequipo.com.mx\/covid-en-sonora-casi-3-mil-casos-nuevos-de-covid-y-mas-de-300-muertes-en-11-dias-enrique-clausen\/#breadcrumb","itemListElement":[{"@type":"ListItem","position":1,"name":"Portada","item":"https:\/\/www.sonoraenequipo.com.mx\/"},{"@type":"ListItem","position":2,"name":"Covid en Sonora: casi\u00a0 3 mil casos nuevos de covid y m\u00e1s de 300 muertes en 11 d\u00edas: Enrique Clausen"}]},{"@type":"WebSite","@id":"https:\/\/www.sonoraenequipo.com.mx\/#website","url":"https:\/\/www.sonoraenequipo.com.mx\/","name":"Sonora en Equipo.","description":"Diario en l\u00ednea con Noticias desde Hermosillo, Sonora","publisher":{"@id":"https:\/\/www.sonoraenequipo.com.mx\/#organization"},"potentialAction":[{"@type":"SearchAction","target":{"@type":"EntryPoint","urlTemplate":"https:\/\/www.sonoraenequipo.com.mx\/?s={search_term_string}"},"query-input":{"@type":"PropertyValueSpecification","valueRequired":true,"valueName":"search_term_string"}}],"inLanguage":"es"},{"@type":"Organization","@id":"https:\/\/www.sonoraenequipo.com.mx\/#organization","name":"Sonoraenequipo.com.mx","url":"https:\/\/www.sonoraenequipo.com.mx\/","logo":{"@type":"ImageObject","inLanguage":"es","@id":"https:\/\/www.sonoraenequipo.com.mx\/#\/schema\/logo\/image\/","url":"https:\/\/www.sonoraenequipo.com.mx\/storage\/2019\/01\/sonoraenequipo_opt.png","contentUrl":"https:\/\/www.sonoraenequipo.com.mx\/storage\/2019\/01\/sonoraenequipo_opt.png","width":375,"height":125,"caption":"Sonoraenequipo.com.mx"},"image":{"@id":"https:\/\/www.sonoraenequipo.com.mx\/#\/schema\/logo\/image\/"},"sameAs":["https:\/\/www.facebook.com\/SonoraEE\/","https:\/\/x.com\/sonoraenequipo","https:\/\/www.youtube.com\/channel\/UC338nW-lPEYmJQs4ZABQ1SQ"]},{"@type":"Person","@id":"https:\/\/www.sonoraenequipo.com.mx\/#\/schema\/person\/50102df0fb23a8fa9e8effad8fa81386","name":"enequipo","image":{"@type":"ImageObject","inLanguage":"es","@id":"https:\/\/www.sonoraenequipo.com.mx\/#\/schema\/person\/image\/","url":"https:\/\/secure.gravatar.com\/avatar\/049821681b589dabc0bc20695993ccebb09f5b5d4d790cd9251b97faac7c652b?s=96&d=blank&r=g","contentUrl":"https:\/\/secure.gravatar.com\/avatar\/049821681b589dabc0bc20695993ccebb09f5b5d4d790cd9251b97faac7c652b?s=96&d=blank&r=g","caption":"enequipo"},"sameAs":["https:\/\/www.facebook.com\/SonoraEE"]}]}},"jetpack_featured_media_url":"https:\/\/www.sonoraenequipo.com.mx\/storage\/2021\/01\/e-clausen9.jpg","_links":{"self":[{"href":"https:\/\/www.sonoraenequipo.com.mx\/api\/wp\/v2\/posts\/104183","targetHints":{"allow":["GET"]}}],"collection":[{"href":"https:\/\/www.sonoraenequipo.com.mx\/api\/wp\/v2\/posts"}],"about":[{"href":"https:\/\/www.sonoraenequipo.com.mx\/api\/wp\/v2\/types\/post"}],"author":[{"embeddable":true,"href":"https:\/\/www.sonoraenequipo.com.mx\/api\/wp\/v2\/users\/1"}],"replies":[{"embeddable":true,"href":"https:\/\/www.sonoraenequipo.com.mx\/api\/wp\/v2\/comments?post=104183"}],"version-history":[{"count":1,"href":"https:\/\/www.sonoraenequipo.com.mx\/api\/wp\/v2\/posts\/104183\/revisions"}],"predecessor-version":[{"id":104185,"href":"https:\/\/www.sonoraenequipo.com.mx\/api\/wp\/v2\/posts\/104183\/revisions\/104185"}],"wp:featuredmedia":[{"embeddable":true,"href":"https:\/\/www.sonoraenequipo.com.mx\/api\/wp\/v2\/media\/104184"}],"wp:attachment":[{"href":"https:\/\/www.sonoraenequipo.com.mx\/api\/wp\/v2\/media?parent=104183"}],"wp:term":[{"taxonomy":"category","embeddable":true,"href":"https:\/\/www.sonoraenequipo.com.mx\/api\/wp\/v2\/categories?post=104183"},{"taxonomy":"post_tag","embeddable":true,"href":"https:\/\/www.sonoraenequipo.com.mx\/api\/wp\/v2\/tags?post=104183"}],"curies":[{"name":"wp","href":"https:\/\/api.w.org\/{rel}","templated":true}]}}