{"id":104199,"date":"2021-01-09T11:05:36","date_gmt":"2021-01-09T18:05:36","guid":{"rendered":"https:\/\/www.sonoraenequipo.com.mx\/?p=104199"},"modified":"2021-01-09T11:54:31","modified_gmt":"2021-01-09T18:54:31","slug":"sonora-llaman-a-extremar-precauciones-por-frio-intenso-de-hasta-6o-c-en-algunas-regiones","status":"publish","type":"post","link":"https:\/\/www.sonoraenequipo.com.mx\/sonora-llaman-a-extremar-precauciones-por-frio-intenso-de-hasta-6o-c-en-algunas-regiones\/","title":{"rendered":"Llaman a extremar precauciones por fr\u00edo intenso de hasta -6\u00ba C en algunas regiones de Sonora"},"content":{"rendered":"<p>HERMOSILLO, SONORA. MX. \u2014 Temperaturas de hasta seis cent\u00edgrados bajo cero en la zona serrana lim\u00edtrofe con Chihuahua y de cinco cent\u00edgrados bajo cero en las regiones norte y noreste del estado permanecer\u00e1n registr\u00e1ndose el d\u00eda de hoy.<\/p>\n<p>&nbsp;<\/p>\n<p> <\/p>\n<p>&nbsp;<\/p>\n<p>Las bajas temperaturas continuar\u00e1n con rachas moderadas a fuertes de viento y sin probabilidad de lluvias, por efectos de la corriente en chorro polar y el Frente Fr\u00edo No. 26.<\/p>\n<p>&nbsp;<\/p>\n<p>Hoy se esperan rachas de viento de 30 kil\u00f3metros por hora en el Golfo de California y de 60 a 70 kil\u00f3metros por hora en la regi\u00f3n oriente de la entidad, con temperaturas m\u00e1ximas entre los 12 y los 20 cent\u00edgrados en la sierra.<\/p>\n<p>&nbsp;<\/p>\n<p>En la zona del gran Desierto de Altar se esperan noches y amaneceres con temperaturas entre cero y cuatro cent\u00edgrados, en tanto que en el centro del estado las temperaturas oscilar\u00e1n entre uno y los cuatro cent\u00edgrados.\u00a0 En el sur de la entidad las temperaturas oscilar\u00e1n entre uno y cinco cent\u00edgrados durante la noche y a tempranas horas matutinas.<\/p>\n<p>&nbsp;<\/p>\n<p>La Secretar\u00eda de Gobierno, a trav\u00e9s de la Coordinaci\u00f3n Estatal de Protecci\u00f3n Civil, llama a extremar precauciones por el fr\u00edo intenso que continuar\u00e1 registr\u00e1ndose durante los pr\u00f3ximos d\u00edas, principalmente en las regiones del norte y noreste de Sonora, as\u00ed como en la cordillera lim\u00edtrofe con el estado de Chihuahua y contin\u00faa alertando a la poblaci\u00f3n a no encender anafres ni braseros en espacios interiores.<\/p>\n<p>&nbsp;<\/p>\n<p>El organismo advierte no sobrecargar contactos el\u00e9ctricos y apagar fogatas al aire libre en su totalidad, usar gorro, bufanda y cubre boca y no respirar aire fr\u00edo, usar crema corporal, tomar l\u00edquido abundantemente, consumir frutas y verduras que contengan vitaminas A y C y vacunarse contra la influenza.<\/p>\n<p>&nbsp;<\/p>\n<p>Temperaturas m\u00e1ximas de 26 cent\u00edgrados en el Desierto de Altar y noroeste del estado el d\u00eda de hoy, en tanto que en la sierra y el norte ser\u00e1n inferiores a los 24 cent\u00edgrados durante el d\u00eda. Cielo medio nublado a despejado, con vientos de 20 a 30 kil\u00f3metros por hora en las regiones costeras principalmente en el centro y sur del Golfo de California.<\/p>\n<p>&nbsp;<\/p>\n<p>En el Golfo de California se esperan rachas de viento de 60 a 70 kil\u00f3metros por hora, por lo que se deber\u00e1 atender las recomendaciones de las capitan\u00edas de puerto.<\/p>\n<p>&nbsp;<\/p>\n<p>Hermosillo amaneci\u00f3 con temperaturas entre los 7 a 9 cent\u00edgrados con humedad relativa del 46 por ciento. Se espera para hoy una m\u00e1xima de 25 cent\u00edgrados, cielo mayormente despejado y sin probabilidad de lluvia, con un \u00edndice de rayos UV en un valor alto de 4 a 10. Ayer la m\u00e1xima fue de 27 cent\u00edgrados. Ma\u00f1ana podr\u00eda registrarse una temperatura m\u00e1xima de 24 y una m\u00ednima de 6 cent\u00edgrados y sin probabilidad de lluvias para la capital de Sonora.<\/p>\n<p>&nbsp;<\/p>\n<p>Ciudad Obreg\u00f3n amaneci\u00f3 con 7 cent\u00edgrados y humedad del 61 por ciento. Se espera para hoy una m\u00e1xima de 27 cent\u00edgrados, cielo mayormente despejado, sin probabilidad de lluvia y un \u00edndice de rayos UV en un valor alto de 8 a 10. Ayer la m\u00e1xima fue de 29.6 cent\u00edgrados y se pronostica para ma\u00f1ana una temperatura m\u00e1xima de 26 con una m\u00ednima de 7 cent\u00edgrados y sin probabilidad de lluvia para la ciudad cabecera municipal de Cajeme.<\/p>\n<p>&nbsp;<\/p>\n<p>Temperaturas m\u00e1ximas de ayer y m\u00ednimas de hoy (5:30 am), en cent\u00edgrados: San Luis R\u00edo Colorado 22\/4, Sonoyta 23.8\/2, Heroica Caborca 24\/1, Altar 24\/1, Puerto Pe\u00f1asco 17\/4, Santa Cruz 22\/-5, Heroica Nogales 20\/3, Agua Prieta 22\/-1, Cabullona 22\/-3, Magdalena de Kino 25\/2, \u00cdmuris 25\/-3, Cananea 19.5\/0, Bacoachi 24 \/-4, N\u00e1cori Chico 25.5\/-5, Bacerac 25\/-4, Moctezuma 26\/1, Bacadehuachi 25\/-5, Hu\u00e1sabas 26.5\/-3, Tepache 27.5\/-2.5, San Pedro de la Cueva 29\/2, Sahuaripa 29\/-2, Trincheras 24.8\/0.5, Querobabi 26\/-1, Carb\u00f3 28\/2, Cucurpe 26.8\/-2.8, Bavi\u00e1cora 28.5\/&#8211;3, Ures 28\/-1.5, Poblado Miguel Alem\u00e1n 28\/2, M\u00e1tape 29\/2, Cobachi 30\/-1, Suaqui Grande 31.6\/1, Onavas 33\/1.8,Ortiz 33.8\/5, C\u00f3corit 32.5\/1.5, Tesopaco 31\/-1.4, Heroica Guaymas 26.6\/8, Y\u00e9cora 16\/-6, \u00c1lamos 29.8\/5, Etchojoa 27.5\/4, Navojoa 30\/3 y Huatabampo 27\/4.<\/p>\n<p>&nbsp;<\/p>\n<p>Fecha de publicaci\u00f3n 09\/ene\/2021<\/p>\n","protected":false},"excerpt":{"rendered":"<p>HERMOSILLO, SONORA. MX. \u2014 Temperaturas de hasta seis cent\u00edgrados bajo cero en la zona serrana&#8230;<\/p>\n","protected":false},"author":1,"featured_media":102137,"comment_status":"open","ping_status":"open","sticky":false,"template":"","format":"standard","meta":{"_monsterinsights_skip_tracking":false,"_monsterinsights_sitenote_active":false,"_monsterinsights_sitenote_note":"","_monsterinsights_sitenote_category":0,"footnotes":""},"categories":[22],"tags":[1333,15],"class_list":["post"],"yoast_head":" \n<title>Sonora en Equipo. Llaman a extremar precauciones por fr\u00edo intenso de hasta -6\u00ba C en algunas regiones de Sonora Sonora<\/title>\n<meta name=\"description\" content=\"HERMOSILLO, SONORA. MX. \u2014 Temperaturas de hasta seis cent\u00edgrados bajo cero en la zona serrana lim\u00edtrofe con Chihuahua y de cinco cent\u00edgrados bajo cero en En Sonora en Equipo publicamos toda la informaci\u00f3n de Sonora, M\u00e9xico y el Mundo de manera oportuna y busca que la libertad de expresi\u00f3n sea real. Visita nuestro medio informativo publicado desde Hermosillo, Sonora. %\" \/>\n<meta name=\"robots\" content=\"index, follow, max-snippet:-1, max-image-preview:large, max-video-preview:-1\" \/>\n<link rel=\"canonical\" href=\"https:\/\/www.sonoraenequipo.com.mx\/sonora-llaman-a-extremar-precauciones-por-frio-intenso-de-hasta-6o-c-en-algunas-regiones\/\" \/>\n<meta property=\"og:locale\" content=\"es_ES\" \/>\n<meta property=\"og:type\" content=\"article\" \/>\n<meta property=\"og:title\" content=\"Sonora en Equipo. Llaman a extremar precauciones por fr\u00edo intenso de hasta -6\u00ba C en algunas regiones de Sonora Sonora\" \/>\n<meta property=\"og:description\" content=\"HERMOSILLO, SONORA. MX. \u2014 Temperaturas de hasta seis cent\u00edgrados bajo cero en la zona serrana lim\u00edtrofe con Chihuahua y de cinco cent\u00edgrados bajo cero en En Sonora en Equipo publicamos toda la informaci\u00f3n de Sonora, M\u00e9xico y el Mundo de manera oportuna y busca que la libertad de expresi\u00f3n sea real. Visita nuestro medio informativo publicado desde Hermosillo, Sonora. %\" \/>\n<meta property=\"og:url\" content=\"https:\/\/www.sonoraenequipo.com.mx\/sonora-llaman-a-extremar-precauciones-por-frio-intenso-de-hasta-6o-c-en-algunas-regiones\/\" \/>\n<meta property=\"og:site_name\" content=\"Sonora en Equipo.\" \/>\n<meta property=\"article:publisher\" content=\"https:\/\/www.facebook.com\/SonoraEE\/\" \/>\n<meta property=\"article:author\" content=\"https:\/\/www.facebook.com\/SonoraEE\" \/>\n<meta property=\"article:published_time\" content=\"2021-01-09T18:05:36+00:00\" \/>\n<meta property=\"article:modified_time\" content=\"2021-01-09T18:54:31+00:00\" \/>\n<meta property=\"og:image\" content=\"https:\/\/www.sonoraenequipo.com.mx\/storage\/2020\/12\/chilly-willy.jpg\" \/>\n\t<meta property=\"og:image:width\" content=\"600\" \/>\n\t<meta property=\"og:image:height\" content=\"400\" \/>\n\t<meta property=\"og:image:type\" content=\"image\/jpeg\" \/>\n<meta name=\"author\" content=\"enequipo\" \/>\n<meta name=\"twitter:card\" content=\"summary_large_image\" \/>\n<meta name=\"twitter:creator\" content=\"@sonoraenequipo\" \/>\n<meta name=\"twitter:site\" content=\"@sonoraenequipo\" \/>\n<meta name=\"twitter:label1\" content=\"Escrito por\" \/>\n\t<meta name=\"twitter:data1\" content=\"enequipo\" \/>\n\t<meta name=\"twitter:label2\" content=\"Tiempo de lectura\" \/>\n\t<meta name=\"twitter:data2\" content=\"3 minutos\" \/>\n<script type=\"application\/ld+json\" class=\"yoast-schema-graph\">{\"@context\":\"https:\/\/schema.org\",\"@graph\":[{\"@type\":\"Article\",\"@id\":\"https:\/\/www.sonoraenequipo.com.mx\/sonora-llaman-a-extremar-precauciones-por-frio-intenso-de-hasta-6o-c-en-algunas-regiones\/#article\",\"isPartOf\":{\"@id\":\"https:\/\/www.sonoraenequipo.com.mx\/sonora-llaman-a-extremar-precauciones-por-frio-intenso-de-hasta-6o-c-en-algunas-regiones\/\"},\"author\":{\"name\":\"enequipo\",\"@id\":\"https:\/\/www.sonoraenequipo.com.mx\/#\/schema\/person\/50102df0fb23a8fa9e8effad8fa81386\"},\"headline\":\"Llaman a extremar precauciones por fr\u00edo intenso de hasta -6\u00ba C en algunas regiones de Sonora\",\"datePublished\":\"2021-01-09T18:05:36+00:00\",\"dateModified\":\"2021-01-09T18:54:31+00:00\",\"mainEntityOfPage\":{\"@id\":\"https:\/\/www.sonoraenequipo.com.mx\/sonora-llaman-a-extremar-precauciones-por-frio-intenso-de-hasta-6o-c-en-algunas-regiones\/\"},\"wordCount\":700,\"commentCount\":0,\"publisher\":{\"@id\":\"https:\/\/www.sonoraenequipo.com.mx\/#organization\"},\"image\":{\"@id\":\"https:\/\/www.sonoraenequipo.com.mx\/sonora-llaman-a-extremar-precauciones-por-frio-intenso-de-hasta-6o-c-en-algunas-regiones\/#primaryimage\"},\"thumbnailUrl\":\"https:\/\/www.sonoraenequipo.com.mx\/storage\/2020\/12\/chilly-willy.jpg\",\"keywords\":[\"frio\",\"Sonora\"],\"articleSection\":[\"Sonora\"],\"inLanguage\":\"es\",\"potentialAction\":[{\"@type\":\"CommentAction\",\"name\":\"Comment\",\"target\":[\"https:\/\/www.sonoraenequipo.com.mx\/sonora-llaman-a-extremar-precauciones-por-frio-intenso-de-hasta-6o-c-en-algunas-regiones\/#respond\"]}]},{\"@type\":\"WebPage\",\"@id\":\"https:\/\/www.sonoraenequipo.com.mx\/sonora-llaman-a-extremar-precauciones-por-frio-intenso-de-hasta-6o-c-en-algunas-regiones\/\",\"url\":\"https:\/\/www.sonoraenequipo.com.mx\/sonora-llaman-a-extremar-precauciones-por-frio-intenso-de-hasta-6o-c-en-algunas-regiones\/\",\"name\":\"Sonora en Equipo. Llaman a extremar precauciones por fr\u00edo intenso de hasta -6\u00ba C en algunas regiones de Sonora Sonora\",\"isPartOf\":{\"@id\":\"https:\/\/www.sonoraenequipo.com.mx\/#website\"},\"primaryImageOfPage\":{\"@id\":\"https:\/\/www.sonoraenequipo.com.mx\/sonora-llaman-a-extremar-precauciones-por-frio-intenso-de-hasta-6o-c-en-algunas-regiones\/#primaryimage\"},\"image\":{\"@id\":\"https:\/\/www.sonoraenequipo.com.mx\/sonora-llaman-a-extremar-precauciones-por-frio-intenso-de-hasta-6o-c-en-algunas-regiones\/#primaryimage\"},\"thumbnailUrl\":\"https:\/\/www.sonoraenequipo.com.mx\/storage\/2020\/12\/chilly-willy.jpg\",\"datePublished\":\"2021-01-09T18:05:36+00:00\",\"dateModified\":\"2021-01-09T18:54:31+00:00\",\"description\":\"HERMOSILLO, SONORA. MX. \u2014 Temperaturas de hasta seis cent\u00edgrados bajo cero en la zona serrana lim\u00edtrofe con Chihuahua y de cinco cent\u00edgrados bajo cero en En Sonora en Equipo publicamos toda la informaci\u00f3n de Sonora, M\u00e9xico y el Mundo de manera oportuna y busca que la libertad de expresi\u00f3n sea real. Visita nuestro medio informativo publicado desde Hermosillo, Sonora. %\",\"breadcrumb\":{\"@id\":\"https:\/\/www.sonoraenequipo.com.mx\/sonora-llaman-a-extremar-precauciones-por-frio-intenso-de-hasta-6o-c-en-algunas-regiones\/#breadcrumb\"},\"inLanguage\":\"es\",\"potentialAction\":[{\"@type\":\"ReadAction\",\"target\":[\"https:\/\/www.sonoraenequipo.com.mx\/sonora-llaman-a-extremar-precauciones-por-frio-intenso-de-hasta-6o-c-en-algunas-regiones\/\"]}]},{\"@type\":\"ImageObject\",\"inLanguage\":\"es\",\"@id\":\"https:\/\/www.sonoraenequipo.com.mx\/sonora-llaman-a-extremar-precauciones-por-frio-intenso-de-hasta-6o-c-en-algunas-regiones\/#primaryimage\",\"url\":\"https:\/\/www.sonoraenequipo.com.mx\/storage\/2020\/12\/chilly-willy.jpg\",\"contentUrl\":\"https:\/\/www.sonoraenequipo.com.mx\/storage\/2020\/12\/chilly-willy.jpg\",\"width\":600,\"height\":400},{\"@type\":\"BreadcrumbList\",\"@id\":\"https:\/\/www.sonoraenequipo.com.mx\/sonora-llaman-a-extremar-precauciones-por-frio-intenso-de-hasta-6o-c-en-algunas-regiones\/#breadcrumb\",\"itemListElement\":[{\"@type\":\"ListItem\",\"position\":1,\"name\":\"Portada\",\"item\":\"https:\/\/www.sonoraenequipo.com.mx\/\"},{\"@type\":\"ListItem\",\"position\":2,\"name\":\"Llaman a extremar precauciones por fr\u00edo intenso de hasta -6\u00ba C en algunas regiones de Sonora\"}]},{\"@type\":\"WebSite\",\"@id\":\"https:\/\/www.sonoraenequipo.com.mx\/#website\",\"url\":\"https:\/\/www.sonoraenequipo.com.mx\/\",\"name\":\"Sonora en Equipo.\",\"description\":\"Diario en l\u00ednea con Noticias desde Hermosillo, Sonora\",\"publisher\":{\"@id\":\"https:\/\/www.sonoraenequipo.com.mx\/#organization\"},\"potentialAction\":[{\"@type\":\"SearchAction\",\"target\":{\"@type\":\"EntryPoint\",\"urlTemplate\":\"https:\/\/www.sonoraenequipo.com.mx\/?s={search_term_string}\"},\"query-input\":{\"@type\":\"PropertyValueSpecification\",\"valueRequired\":true,\"valueName\":\"search_term_string\"}}],\"inLanguage\":\"es\"},{\"@type\":\"Organization\",\"@id\":\"https:\/\/www.sonoraenequipo.com.mx\/#organization\",\"name\":\"Sonoraenequipo.com.mx\",\"url\":\"https:\/\/www.sonoraenequipo.com.mx\/\",\"logo\":{\"@type\":\"ImageObject\",\"inLanguage\":\"es\",\"@id\":\"https:\/\/www.sonoraenequipo.com.mx\/#\/schema\/logo\/image\/\",\"url\":\"https:\/\/www.sonoraenequipo.com.mx\/storage\/2019\/01\/sonoraenequipo_opt.png\",\"contentUrl\":\"https:\/\/www.sonoraenequipo.com.mx\/storage\/2019\/01\/sonoraenequipo_opt.png\",\"width\":375,\"height\":125,\"caption\":\"Sonoraenequipo.com.mx\"},\"image\":{\"@id\":\"https:\/\/www.sonoraenequipo.com.mx\/#\/schema\/logo\/image\/\"},\"sameAs\":[\"https:\/\/www.facebook.com\/SonoraEE\/\",\"https:\/\/x.com\/sonoraenequipo\",\"https:\/\/www.youtube.com\/channel\/UC338nW-lPEYmJQs4ZABQ1SQ\"]},{\"@type\":\"Person\",\"@id\":\"https:\/\/www.sonoraenequipo.com.mx\/#\/schema\/person\/50102df0fb23a8fa9e8effad8fa81386\",\"name\":\"enequipo\",\"image\":{\"@type\":\"ImageObject\",\"inLanguage\":\"es\",\"@id\":\"https:\/\/www.sonoraenequipo.com.mx\/#\/schema\/person\/image\/\",\"url\":\"https:\/\/secure.gravatar.com\/avatar\/049821681b589dabc0bc20695993ccebb09f5b5d4d790cd9251b97faac7c652b?s=96&d=blank&r=g\",\"contentUrl\":\"https:\/\/secure.gravatar.com\/avatar\/049821681b589dabc0bc20695993ccebb09f5b5d4d790cd9251b97faac7c652b?s=96&d=blank&r=g\",\"caption\":\"enequipo\"},\"sameAs\":[\"https:\/\/www.facebook.com\/SonoraEE\"]}]}<\/script>\n ","yoast_head_json":{"title":"Sonora en Equipo. Llaman a extremar precauciones por fr\u00edo intenso de hasta -6\u00ba C en algunas regiones de Sonora Sonora","description":"HERMOSILLO, SONORA. MX. \u2014 Temperaturas de hasta seis cent\u00edgrados bajo cero en la zona serrana lim\u00edtrofe con Chihuahua y de cinco cent\u00edgrados bajo cero en En Sonora en Equipo publicamos toda la informaci\u00f3n de Sonora, M\u00e9xico y el Mundo de manera oportuna y busca que la libertad de expresi\u00f3n sea real. Visita nuestro medio informativo publicado desde Hermosillo, Sonora. %","robots":{"index":"index","follow":"follow","max-snippet":"max-snippet:-1","max-image-preview":"max-image-preview:large","max-video-preview":"max-video-preview:-1"},"canonical":"https:\/\/www.sonoraenequipo.com.mx\/sonora-llaman-a-extremar-precauciones-por-frio-intenso-de-hasta-6o-c-en-algunas-regiones\/","og_locale":"es_ES","og_type":"article","og_title":"Sonora en Equipo. Llaman a extremar precauciones por fr\u00edo intenso de hasta -6\u00ba C en algunas regiones de Sonora Sonora","og_description":"HERMOSILLO, SONORA. MX. \u2014 Temperaturas de hasta seis cent\u00edgrados bajo cero en la zona serrana lim\u00edtrofe con Chihuahua y de cinco cent\u00edgrados bajo cero en En Sonora en Equipo publicamos toda la informaci\u00f3n de Sonora, M\u00e9xico y el Mundo de manera oportuna y busca que la libertad de expresi\u00f3n sea real. Visita nuestro medio informativo publicado desde Hermosillo, Sonora. %","og_url":"https:\/\/www.sonoraenequipo.com.mx\/sonora-llaman-a-extremar-precauciones-por-frio-intenso-de-hasta-6o-c-en-algunas-regiones\/","og_site_name":"Sonora en Equipo.","article_publisher":"https:\/\/www.facebook.com\/SonoraEE\/","article_author":"https:\/\/www.facebook.com\/SonoraEE","article_published_time":"2021-01-09T18:05:36+00:00","article_modified_time":"2021-01-09T18:54:31+00:00","og_image":[{"width":600,"height":400,"url":"https:\/\/www.sonoraenequipo.com.mx\/storage\/2020\/12\/chilly-willy.jpg","type":"image\/jpeg"}],"author":"enequipo","twitter_card":"summary_large_image","twitter_creator":"@sonoraenequipo","twitter_site":"@sonoraenequipo","twitter_misc":{"Escrito por":"enequipo","Tiempo de lectura":"3 minutos"},"schema":{"@context":"https:\/\/schema.org","@graph":[{"@type":"Article","@id":"https:\/\/www.sonoraenequipo.com.mx\/sonora-llaman-a-extremar-precauciones-por-frio-intenso-de-hasta-6o-c-en-algunas-regiones\/#article","isPartOf":{"@id":"https:\/\/www.sonoraenequipo.com.mx\/sonora-llaman-a-extremar-precauciones-por-frio-intenso-de-hasta-6o-c-en-algunas-regiones\/"},"author":{"name":"enequipo","@id":"https:\/\/www.sonoraenequipo.com.mx\/#\/schema\/person\/50102df0fb23a8fa9e8effad8fa81386"},"headline":"Llaman a extremar precauciones por fr\u00edo intenso de hasta -6\u00ba C en algunas regiones de Sonora","datePublished":"2021-01-09T18:05:36+00:00","dateModified":"2021-01-09T18:54:31+00:00","mainEntityOfPage":{"@id":"https:\/\/www.sonoraenequipo.com.mx\/sonora-llaman-a-extremar-precauciones-por-frio-intenso-de-hasta-6o-c-en-algunas-regiones\/"},"wordCount":700,"commentCount":0,"publisher":{"@id":"https:\/\/www.sonoraenequipo.com.mx\/#organization"},"image":{"@id":"https:\/\/www.sonoraenequipo.com.mx\/sonora-llaman-a-extremar-precauciones-por-frio-intenso-de-hasta-6o-c-en-algunas-regiones\/#primaryimage"},"thumbnailUrl":"https:\/\/www.sonoraenequipo.com.mx\/storage\/2020\/12\/chilly-willy.jpg","keywords":["frio","Sonora"],"articleSection":["Sonora"],"inLanguage":"es","potentialAction":[{"@type":"CommentAction","name":"Comment","target":["https:\/\/www.sonoraenequipo.com.mx\/sonora-llaman-a-extremar-precauciones-por-frio-intenso-de-hasta-6o-c-en-algunas-regiones\/#respond"]}]},{"@type":"WebPage","@id":"https:\/\/www.sonoraenequipo.com.mx\/sonora-llaman-a-extremar-precauciones-por-frio-intenso-de-hasta-6o-c-en-algunas-regiones\/","url":"https:\/\/www.sonoraenequipo.com.mx\/sonora-llaman-a-extremar-precauciones-por-frio-intenso-de-hasta-6o-c-en-algunas-regiones\/","name":"Sonora en Equipo. Llaman a extremar precauciones por fr\u00edo intenso de hasta -6\u00ba C en algunas regiones de Sonora Sonora","isPartOf":{"@id":"https:\/\/www.sonoraenequipo.com.mx\/#website"},"primaryImageOfPage":{"@id":"https:\/\/www.sonoraenequipo.com.mx\/sonora-llaman-a-extremar-precauciones-por-frio-intenso-de-hasta-6o-c-en-algunas-regiones\/#primaryimage"},"image":{"@id":"https:\/\/www.sonoraenequipo.com.mx\/sonora-llaman-a-extremar-precauciones-por-frio-intenso-de-hasta-6o-c-en-algunas-regiones\/#primaryimage"},"thumbnailUrl":"https:\/\/www.sonoraenequipo.com.mx\/storage\/2020\/12\/chilly-willy.jpg","datePublished":"2021-01-09T18:05:36+00:00","dateModified":"2021-01-09T18:54:31+00:00","description":"HERMOSILLO, SONORA. MX. \u2014 Temperaturas de hasta seis cent\u00edgrados bajo cero en la zona serrana lim\u00edtrofe con Chihuahua y de cinco cent\u00edgrados bajo cero en En Sonora en Equipo publicamos toda la informaci\u00f3n de Sonora, M\u00e9xico y el Mundo de manera oportuna y busca que la libertad de expresi\u00f3n sea real. Visita nuestro medio informativo publicado desde Hermosillo, Sonora. %","breadcrumb":{"@id":"https:\/\/www.sonoraenequipo.com.mx\/sonora-llaman-a-extremar-precauciones-por-frio-intenso-de-hasta-6o-c-en-algunas-regiones\/#breadcrumb"},"inLanguage":"es","potentialAction":[{"@type":"ReadAction","target":["https:\/\/www.sonoraenequipo.com.mx\/sonora-llaman-a-extremar-precauciones-por-frio-intenso-de-hasta-6o-c-en-algunas-regiones\/"]}]},{"@type":"ImageObject","inLanguage":"es","@id":"https:\/\/www.sonoraenequipo.com.mx\/sonora-llaman-a-extremar-precauciones-por-frio-intenso-de-hasta-6o-c-en-algunas-regiones\/#primaryimage","url":"https:\/\/www.sonoraenequipo.com.mx\/storage\/2020\/12\/chilly-willy.jpg","contentUrl":"https:\/\/www.sonoraenequipo.com.mx\/storage\/2020\/12\/chilly-willy.jpg","width":600,"height":400},{"@type":"BreadcrumbList","@id":"https:\/\/www.sonoraenequipo.com.mx\/sonora-llaman-a-extremar-precauciones-por-frio-intenso-de-hasta-6o-c-en-algunas-regiones\/#breadcrumb","itemListElement":[{"@type":"ListItem","position":1,"name":"Portada","item":"https:\/\/www.sonoraenequipo.com.mx\/"},{"@type":"ListItem","position":2,"name":"Llaman a extremar precauciones por fr\u00edo intenso de hasta -6\u00ba C en algunas regiones de Sonora"}]},{"@type":"WebSite","@id":"https:\/\/www.sonoraenequipo.com.mx\/#website","url":"https:\/\/www.sonoraenequipo.com.mx\/","name":"Sonora en Equipo.","description":"Diario en l\u00ednea con Noticias desde Hermosillo, Sonora","publisher":{"@id":"https:\/\/www.sonoraenequipo.com.mx\/#organization"},"potentialAction":[{"@type":"SearchAction","target":{"@type":"EntryPoint","urlTemplate":"https:\/\/www.sonoraenequipo.com.mx\/?s={search_term_string}"},"query-input":{"@type":"PropertyValueSpecification","valueRequired":true,"valueName":"search_term_string"}}],"inLanguage":"es"},{"@type":"Organization","@id":"https:\/\/www.sonoraenequipo.com.mx\/#organization","name":"Sonoraenequipo.com.mx","url":"https:\/\/www.sonoraenequipo.com.mx\/","logo":{"@type":"ImageObject","inLanguage":"es","@id":"https:\/\/www.sonoraenequipo.com.mx\/#\/schema\/logo\/image\/","url":"https:\/\/www.sonoraenequipo.com.mx\/storage\/2019\/01\/sonoraenequipo_opt.png","contentUrl":"https:\/\/www.sonoraenequipo.com.mx\/storage\/2019\/01\/sonoraenequipo_opt.png","width":375,"height":125,"caption":"Sonoraenequipo.com.mx"},"image":{"@id":"https:\/\/www.sonoraenequipo.com.mx\/#\/schema\/logo\/image\/"},"sameAs":["https:\/\/www.facebook.com\/SonoraEE\/","https:\/\/x.com\/sonoraenequipo","https:\/\/www.youtube.com\/channel\/UC338nW-lPEYmJQs4ZABQ1SQ"]},{"@type":"Person","@id":"https:\/\/www.sonoraenequipo.com.mx\/#\/schema\/person\/50102df0fb23a8fa9e8effad8fa81386","name":"enequipo","image":{"@type":"ImageObject","inLanguage":"es","@id":"https:\/\/www.sonoraenequipo.com.mx\/#\/schema\/person\/image\/","url":"https:\/\/secure.gravatar.com\/avatar\/049821681b589dabc0bc20695993ccebb09f5b5d4d790cd9251b97faac7c652b?s=96&d=blank&r=g","contentUrl":"https:\/\/secure.gravatar.com\/avatar\/049821681b589dabc0bc20695993ccebb09f5b5d4d790cd9251b97faac7c652b?s=96&d=blank&r=g","caption":"enequipo"},"sameAs":["https:\/\/www.facebook.com\/SonoraEE"]}]}},"jetpack_featured_media_url":"https:\/\/www.sonoraenequipo.com.mx\/storage\/2020\/12\/chilly-willy.jpg","_links":{"self":[{"href":"https:\/\/www.sonoraenequipo.com.mx\/api\/wp\/v2\/posts\/104199","targetHints":{"allow":["GET"]}}],"collection":[{"href":"https:\/\/www.sonoraenequipo.com.mx\/api\/wp\/v2\/posts"}],"about":[{"href":"https:\/\/www.sonoraenequipo.com.mx\/api\/wp\/v2\/types\/post"}],"author":[{"embeddable":true,"href":"https:\/\/www.sonoraenequipo.com.mx\/api\/wp\/v2\/users\/1"}],"replies":[{"embeddable":true,"href":"https:\/\/www.sonoraenequipo.com.mx\/api\/wp\/v2\/comments?post=104199"}],"version-history":[{"count":3,"href":"https:\/\/www.sonoraenequipo.com.mx\/api\/wp\/v2\/posts\/104199\/revisions"}],"predecessor-version":[{"id":104204,"href":"https:\/\/www.sonoraenequipo.com.mx\/api\/wp\/v2\/posts\/104199\/revisions\/104204"}],"wp:featuredmedia":[{"embeddable":true,"href":"https:\/\/www.sonoraenequipo.com.mx\/api\/wp\/v2\/media\/102137"}],"wp:attachment":[{"href":"https:\/\/www.sonoraenequipo.com.mx\/api\/wp\/v2\/media?parent=104199"}],"wp:term":[{"taxonomy":"category","embeddable":true,"href":"https:\/\/www.sonoraenequipo.com.mx\/api\/wp\/v2\/categories?post=104199"},{"taxonomy":"post_tag","embeddable":true,"href":"https:\/\/www.sonoraenequipo.com.mx\/api\/wp\/v2\/tags?post=104199"}],"curies":[{"name":"wp","href":"https:\/\/api.w.org\/{rel}","templated":true}]}}