{"id":104597,"date":"2021-01-14T11:10:07","date_gmt":"2021-01-14T18:10:07","guid":{"rendered":"https:\/\/www.sonoraenequipo.com.mx\/?p=104597"},"modified":"2021-01-14T13:07:56","modified_gmt":"2021-01-14T20:07:56","slug":"inicia-programa-de-prestamo-y-llenado-de-tanques-de-oxigeno-en-ecatepec","status":"publish","type":"post","link":"https:\/\/www.sonoraenequipo.com.mx\/inicia-programa-de-prestamo-y-llenado-de-tanques-de-oxigeno-en-ecatepec\/","title":{"rendered":"Inicia programa de pr\u00e9stamo y llenado de tanques de ox\u00edgeno en Ecatepec"},"content":{"rendered":"<p>ECATEPEC DE MORELOS, ESTADO DE M\u00c9XICO. MX. \u2014 El municipio de Ecatepec de Morelos prestar\u00e1 400 tanques de ox\u00edgeno y rellenar\u00e1 120 al d\u00eda para apoyar a quienes requieran de este servicio para el tratamiento de enfermos con Covid-19.<\/p>\n<p>&nbsp;<\/p>\n<p> <\/p>\n<p>Con esta acci\u00f3n, Ecatepec se convirti\u00f3 en uno de los primeros municipios mexiquenses en prestar, intercambiar y rellenar de manera gratuita tanques de ox\u00edgeno como parte del programa \u201cUn Respiro para Ecatepec\u201d, que comenz\u00f3 ayer y operar\u00e1 24 horas al d\u00eda, los siete d\u00edas de la semana.<\/p>\n<p>Ecatepec pone a disposici\u00f3n de pacientes Covid tanques de ox\u00edgeno y recargas gratuitas<\/p>\n<p><img loading=\"lazy\" decoding=\"async\" class=\"size-medium  x-right\" src=\"https:\/\/www.sonoraenequipo.com.mx\/storage\/2021\/01\/un-respiro-para-ecatepec_opt-649x365.jpg\" alt=\"\" width=\"649\" height=\"365\" \/>Tras guardar un minuto de silencio en memoria de las personas fallecidas por la enfermedad, Fernando Vilchis Contreras, presidente municipal de Ecatepec, inform\u00f3 que el emergente programa se suma a las acciones del Plan Eh\u00e9catl, con el cual su gobierno procura el bienestar de la ciudadan\u00eda a trav\u00e9s de la prevenci\u00f3n y apoyo para enfrentar los estragos econ\u00f3micos y a la salud que ha causado la pandemia.<\/p>\n<h3>Estos centros de abastecimiento operar\u00e1n con la ayuda de la empresa Atayde Enterteiment Group, y estar\u00e1n ubicados en:<\/h3>\n<p><strong>Avenida Adolfo L\u00f3pez Mateos esquina con bulevar de los Aztecas, en Ciudad Azteca.<\/strong><\/p>\n<p>&nbsp;<\/p>\n<p><strong>Interior de la plaza comercial Patio Ecatepec, ubicada en la carretera Federal Texcoco- Lecher\u00eda, a la altura de Venta de Carpio.<\/strong><\/p>\n<p>&nbsp;<\/p>\n<p>Por ahora el servicio se limita para habitantes de Ecatepec, por lo que para ser beneficiario se tendr\u00e1 que presentar una copia del INE con domicilio de ese municipio, un comprobante de domicilio y el diagn\u00f3stico m\u00e9dico en el que se indique que la persona solicitante padece Covid-19 y requiere este producto m\u00e9dico.<\/p>\n<p>&nbsp;<\/p>\n<p>Hasta hoy, Ecatepec es uno de los cinco municipios m\u00e1s afectados por la pandemia en todo el pa\u00eds y el que registra el mayor n\u00famero de contagios en el Estado de M\u00e9xico.<\/p>\n<p>Actualmente acumulaba 16 mil 850 casos de coronavirus, de los cuales, dos mil 996 han fallecido.<\/p>\n<p>&nbsp;<\/p>\n<p>&nbsp;<\/p>\n<p>(Publicada el 14\/01\/2021)<\/p>\n","protected":false},"excerpt":{"rendered":"<p>ECATEPEC DE MORELOS, ESTADO DE M\u00c9XICO. MX. \u2014 El municipio de Ecatepec de Morelos prestar\u00e1&#8230;<\/p>\n","protected":false},"author":1,"featured_media":104599,"comment_status":"open","ping_status":"open","sticky":false,"template":"","format":"standard","meta":{"_monsterinsights_skip_tracking":false,"_monsterinsights_sitenote_active":false,"_monsterinsights_sitenote_note":"","_monsterinsights_sitenote_category":0,"footnotes":""},"categories":[5],"tags":[],"class_list":["post"],"yoast_head":" \n<title>Sonora en Equipo. Inicia programa de pr\u00e9stamo y llenado de tanques de ox\u00edgeno en Ecatepec Rep\u00fablica<\/title>\n<meta name=\"description\" content=\"ECATEPEC DE MORELOS, ESTADO DE M\u00c9XICO. MX. \u2014 El municipio de Ecatepec de Morelos prestar\u00e1 400 tanques de ox\u00edgeno y rellenar\u00e1 120 al d\u00eda para apoyar a En Sonora en Equipo publicamos toda la informaci\u00f3n de Sonora, M\u00e9xico y el Mundo de manera oportuna y busca que la libertad de expresi\u00f3n sea real. Visita nuestro medio informativo publicado desde Hermosillo, Sonora. %\" \/>\n<meta name=\"robots\" content=\"index, follow, max-snippet:-1, max-image-preview:large, max-video-preview:-1\" \/>\n<link rel=\"canonical\" href=\"https:\/\/www.sonoraenequipo.com.mx\/inicia-programa-de-prestamo-y-llenado-de-tanques-de-oxigeno-en-ecatepec\/\" \/>\n<meta property=\"og:locale\" content=\"es_ES\" \/>\n<meta property=\"og:type\" content=\"article\" \/>\n<meta property=\"og:title\" content=\"Sonora en Equipo. Inicia programa de pr\u00e9stamo y llenado de tanques de ox\u00edgeno en Ecatepec Rep\u00fablica\" \/>\n<meta property=\"og:description\" content=\"ECATEPEC DE MORELOS, ESTADO DE M\u00c9XICO. MX. \u2014 El municipio de Ecatepec de Morelos prestar\u00e1 400 tanques de ox\u00edgeno y rellenar\u00e1 120 al d\u00eda para apoyar a En Sonora en Equipo publicamos toda la informaci\u00f3n de Sonora, M\u00e9xico y el Mundo de manera oportuna y busca que la libertad de expresi\u00f3n sea real. Visita nuestro medio informativo publicado desde Hermosillo, Sonora. %\" \/>\n<meta property=\"og:url\" content=\"https:\/\/www.sonoraenequipo.com.mx\/inicia-programa-de-prestamo-y-llenado-de-tanques-de-oxigeno-en-ecatepec\/\" \/>\n<meta property=\"og:site_name\" content=\"Sonora en Equipo.\" \/>\n<meta property=\"article:publisher\" content=\"https:\/\/www.facebook.com\/SonoraEE\/\" \/>\n<meta property=\"article:author\" content=\"https:\/\/www.facebook.com\/SonoraEE\" \/>\n<meta property=\"article:published_time\" content=\"2021-01-14T18:10:07+00:00\" \/>\n<meta property=\"article:modified_time\" content=\"2021-01-14T20:07:56+00:00\" \/>\n<meta property=\"og:image\" content=\"https:\/\/www.sonoraenequipo.com.mx\/storage\/2021\/01\/oxi\u0301geno-Ecatepec_opt.jpg\" \/>\n\t<meta property=\"og:image:width\" content=\"732\" \/>\n\t<meta property=\"og:image:height\" content=\"500\" \/>\n\t<meta property=\"og:image:type\" content=\"image\/jpeg\" \/>\n<meta name=\"author\" content=\"enequipo\" \/>\n<meta name=\"twitter:card\" content=\"summary_large_image\" \/>\n<meta name=\"twitter:creator\" content=\"@sonoraenequipo\" \/>\n<meta name=\"twitter:site\" content=\"@sonoraenequipo\" \/>\n<meta name=\"twitter:label1\" content=\"Escrito por\" \/>\n\t<meta name=\"twitter:data1\" content=\"enequipo\" \/>\n\t<meta name=\"twitter:label2\" content=\"Tiempo de lectura\" \/>\n\t<meta name=\"twitter:data2\" content=\"2 minutos\" \/>\n<script type=\"application\/ld+json\" class=\"yoast-schema-graph\">{\"@context\":\"https:\/\/schema.org\",\"@graph\":[{\"@type\":\"Article\",\"@id\":\"https:\/\/www.sonoraenequipo.com.mx\/inicia-programa-de-prestamo-y-llenado-de-tanques-de-oxigeno-en-ecatepec\/#article\",\"isPartOf\":{\"@id\":\"https:\/\/www.sonoraenequipo.com.mx\/inicia-programa-de-prestamo-y-llenado-de-tanques-de-oxigeno-en-ecatepec\/\"},\"author\":{\"name\":\"enequipo\",\"@id\":\"https:\/\/www.sonoraenequipo.com.mx\/#\/schema\/person\/50102df0fb23a8fa9e8effad8fa81386\"},\"headline\":\"Inicia programa de pr\u00e9stamo y llenado de tanques de ox\u00edgeno en Ecatepec\",\"datePublished\":\"2021-01-14T18:10:07+00:00\",\"dateModified\":\"2021-01-14T20:07:56+00:00\",\"mainEntityOfPage\":{\"@id\":\"https:\/\/www.sonoraenequipo.com.mx\/inicia-programa-de-prestamo-y-llenado-de-tanques-de-oxigeno-en-ecatepec\/\"},\"wordCount\":359,\"commentCount\":0,\"publisher\":{\"@id\":\"https:\/\/www.sonoraenequipo.com.mx\/#organization\"},\"image\":{\"@id\":\"https:\/\/www.sonoraenequipo.com.mx\/inicia-programa-de-prestamo-y-llenado-de-tanques-de-oxigeno-en-ecatepec\/#primaryimage\"},\"thumbnailUrl\":\"https:\/\/www.sonoraenequipo.com.mx\/storage\/2021\/01\/oxi\u0301geno-Ecatepec_opt.jpg\",\"articleSection\":[\"Rep\u00fablica\"],\"inLanguage\":\"es\",\"potentialAction\":[{\"@type\":\"CommentAction\",\"name\":\"Comment\",\"target\":[\"https:\/\/www.sonoraenequipo.com.mx\/inicia-programa-de-prestamo-y-llenado-de-tanques-de-oxigeno-en-ecatepec\/#respond\"]}]},{\"@type\":\"WebPage\",\"@id\":\"https:\/\/www.sonoraenequipo.com.mx\/inicia-programa-de-prestamo-y-llenado-de-tanques-de-oxigeno-en-ecatepec\/\",\"url\":\"https:\/\/www.sonoraenequipo.com.mx\/inicia-programa-de-prestamo-y-llenado-de-tanques-de-oxigeno-en-ecatepec\/\",\"name\":\"Sonora en Equipo. Inicia programa de pr\u00e9stamo y llenado de tanques de ox\u00edgeno en Ecatepec Rep\u00fablica\",\"isPartOf\":{\"@id\":\"https:\/\/www.sonoraenequipo.com.mx\/#website\"},\"primaryImageOfPage\":{\"@id\":\"https:\/\/www.sonoraenequipo.com.mx\/inicia-programa-de-prestamo-y-llenado-de-tanques-de-oxigeno-en-ecatepec\/#primaryimage\"},\"image\":{\"@id\":\"https:\/\/www.sonoraenequipo.com.mx\/inicia-programa-de-prestamo-y-llenado-de-tanques-de-oxigeno-en-ecatepec\/#primaryimage\"},\"thumbnailUrl\":\"https:\/\/www.sonoraenequipo.com.mx\/storage\/2021\/01\/oxi\u0301geno-Ecatepec_opt.jpg\",\"datePublished\":\"2021-01-14T18:10:07+00:00\",\"dateModified\":\"2021-01-14T20:07:56+00:00\",\"description\":\"ECATEPEC DE MORELOS, ESTADO DE M\u00c9XICO. MX. \u2014 El municipio de Ecatepec de Morelos prestar\u00e1 400 tanques de ox\u00edgeno y rellenar\u00e1 120 al d\u00eda para apoyar a En Sonora en Equipo publicamos toda la informaci\u00f3n de Sonora, M\u00e9xico y el Mundo de manera oportuna y busca que la libertad de expresi\u00f3n sea real. Visita nuestro medio informativo publicado desde Hermosillo, Sonora. %\",\"breadcrumb\":{\"@id\":\"https:\/\/www.sonoraenequipo.com.mx\/inicia-programa-de-prestamo-y-llenado-de-tanques-de-oxigeno-en-ecatepec\/#breadcrumb\"},\"inLanguage\":\"es\",\"potentialAction\":[{\"@type\":\"ReadAction\",\"target\":[\"https:\/\/www.sonoraenequipo.com.mx\/inicia-programa-de-prestamo-y-llenado-de-tanques-de-oxigeno-en-ecatepec\/\"]}]},{\"@type\":\"ImageObject\",\"inLanguage\":\"es\",\"@id\":\"https:\/\/www.sonoraenequipo.com.mx\/inicia-programa-de-prestamo-y-llenado-de-tanques-de-oxigeno-en-ecatepec\/#primaryimage\",\"url\":\"https:\/\/www.sonoraenequipo.com.mx\/storage\/2021\/01\/oxi\u0301geno-Ecatepec_opt.jpg\",\"contentUrl\":\"https:\/\/www.sonoraenequipo.com.mx\/storage\/2021\/01\/oxi\u0301geno-Ecatepec_opt.jpg\",\"width\":732,\"height\":500},{\"@type\":\"BreadcrumbList\",\"@id\":\"https:\/\/www.sonoraenequipo.com.mx\/inicia-programa-de-prestamo-y-llenado-de-tanques-de-oxigeno-en-ecatepec\/#breadcrumb\",\"itemListElement\":[{\"@type\":\"ListItem\",\"position\":1,\"name\":\"Portada\",\"item\":\"https:\/\/www.sonoraenequipo.com.mx\/\"},{\"@type\":\"ListItem\",\"position\":2,\"name\":\"Inicia programa de pr\u00e9stamo y llenado de tanques de ox\u00edgeno en Ecatepec\"}]},{\"@type\":\"WebSite\",\"@id\":\"https:\/\/www.sonoraenequipo.com.mx\/#website\",\"url\":\"https:\/\/www.sonoraenequipo.com.mx\/\",\"name\":\"Sonora en Equipo.\",\"description\":\"Diario en l\u00ednea con Noticias desde Hermosillo, Sonora\",\"publisher\":{\"@id\":\"https:\/\/www.sonoraenequipo.com.mx\/#organization\"},\"potentialAction\":[{\"@type\":\"SearchAction\",\"target\":{\"@type\":\"EntryPoint\",\"urlTemplate\":\"https:\/\/www.sonoraenequipo.com.mx\/?s={search_term_string}\"},\"query-input\":{\"@type\":\"PropertyValueSpecification\",\"valueRequired\":true,\"valueName\":\"search_term_string\"}}],\"inLanguage\":\"es\"},{\"@type\":\"Organization\",\"@id\":\"https:\/\/www.sonoraenequipo.com.mx\/#organization\",\"name\":\"Sonoraenequipo.com.mx\",\"url\":\"https:\/\/www.sonoraenequipo.com.mx\/\",\"logo\":{\"@type\":\"ImageObject\",\"inLanguage\":\"es\",\"@id\":\"https:\/\/www.sonoraenequipo.com.mx\/#\/schema\/logo\/image\/\",\"url\":\"https:\/\/www.sonoraenequipo.com.mx\/storage\/2019\/01\/sonoraenequipo_opt.png\",\"contentUrl\":\"https:\/\/www.sonoraenequipo.com.mx\/storage\/2019\/01\/sonoraenequipo_opt.png\",\"width\":375,\"height\":125,\"caption\":\"Sonoraenequipo.com.mx\"},\"image\":{\"@id\":\"https:\/\/www.sonoraenequipo.com.mx\/#\/schema\/logo\/image\/\"},\"sameAs\":[\"https:\/\/www.facebook.com\/SonoraEE\/\",\"https:\/\/x.com\/sonoraenequipo\",\"https:\/\/www.youtube.com\/channel\/UC338nW-lPEYmJQs4ZABQ1SQ\"]},{\"@type\":\"Person\",\"@id\":\"https:\/\/www.sonoraenequipo.com.mx\/#\/schema\/person\/50102df0fb23a8fa9e8effad8fa81386\",\"name\":\"enequipo\",\"image\":{\"@type\":\"ImageObject\",\"inLanguage\":\"es\",\"@id\":\"https:\/\/www.sonoraenequipo.com.mx\/#\/schema\/person\/image\/\",\"url\":\"https:\/\/secure.gravatar.com\/avatar\/049821681b589dabc0bc20695993ccebb09f5b5d4d790cd9251b97faac7c652b?s=96&d=blank&r=g\",\"contentUrl\":\"https:\/\/secure.gravatar.com\/avatar\/049821681b589dabc0bc20695993ccebb09f5b5d4d790cd9251b97faac7c652b?s=96&d=blank&r=g\",\"caption\":\"enequipo\"},\"sameAs\":[\"https:\/\/www.facebook.com\/SonoraEE\"]}]}<\/script>\n ","yoast_head_json":{"title":"Sonora en Equipo. Inicia programa de pr\u00e9stamo y llenado de tanques de ox\u00edgeno en Ecatepec Rep\u00fablica","description":"ECATEPEC DE MORELOS, ESTADO DE M\u00c9XICO. MX. \u2014 El municipio de Ecatepec de Morelos prestar\u00e1 400 tanques de ox\u00edgeno y rellenar\u00e1 120 al d\u00eda para apoyar a En Sonora en Equipo publicamos toda la informaci\u00f3n de Sonora, M\u00e9xico y el Mundo de manera oportuna y busca que la libertad de expresi\u00f3n sea real. Visita nuestro medio informativo publicado desde Hermosillo, Sonora. %","robots":{"index":"index","follow":"follow","max-snippet":"max-snippet:-1","max-image-preview":"max-image-preview:large","max-video-preview":"max-video-preview:-1"},"canonical":"https:\/\/www.sonoraenequipo.com.mx\/inicia-programa-de-prestamo-y-llenado-de-tanques-de-oxigeno-en-ecatepec\/","og_locale":"es_ES","og_type":"article","og_title":"Sonora en Equipo. Inicia programa de pr\u00e9stamo y llenado de tanques de ox\u00edgeno en Ecatepec Rep\u00fablica","og_description":"ECATEPEC DE MORELOS, ESTADO DE M\u00c9XICO. MX. \u2014 El municipio de Ecatepec de Morelos prestar\u00e1 400 tanques de ox\u00edgeno y rellenar\u00e1 120 al d\u00eda para apoyar a En Sonora en Equipo publicamos toda la informaci\u00f3n de Sonora, M\u00e9xico y el Mundo de manera oportuna y busca que la libertad de expresi\u00f3n sea real. Visita nuestro medio informativo publicado desde Hermosillo, Sonora. %","og_url":"https:\/\/www.sonoraenequipo.com.mx\/inicia-programa-de-prestamo-y-llenado-de-tanques-de-oxigeno-en-ecatepec\/","og_site_name":"Sonora en Equipo.","article_publisher":"https:\/\/www.facebook.com\/SonoraEE\/","article_author":"https:\/\/www.facebook.com\/SonoraEE","article_published_time":"2021-01-14T18:10:07+00:00","article_modified_time":"2021-01-14T20:07:56+00:00","og_image":[{"width":732,"height":500,"url":"https:\/\/www.sonoraenequipo.com.mx\/storage\/2021\/01\/oxi\u0301geno-Ecatepec_opt.jpg","type":"image\/jpeg"}],"author":"enequipo","twitter_card":"summary_large_image","twitter_creator":"@sonoraenequipo","twitter_site":"@sonoraenequipo","twitter_misc":{"Escrito por":"enequipo","Tiempo de lectura":"2 minutos"},"schema":{"@context":"https:\/\/schema.org","@graph":[{"@type":"Article","@id":"https:\/\/www.sonoraenequipo.com.mx\/inicia-programa-de-prestamo-y-llenado-de-tanques-de-oxigeno-en-ecatepec\/#article","isPartOf":{"@id":"https:\/\/www.sonoraenequipo.com.mx\/inicia-programa-de-prestamo-y-llenado-de-tanques-de-oxigeno-en-ecatepec\/"},"author":{"name":"enequipo","@id":"https:\/\/www.sonoraenequipo.com.mx\/#\/schema\/person\/50102df0fb23a8fa9e8effad8fa81386"},"headline":"Inicia programa de pr\u00e9stamo y llenado de tanques de ox\u00edgeno en Ecatepec","datePublished":"2021-01-14T18:10:07+00:00","dateModified":"2021-01-14T20:07:56+00:00","mainEntityOfPage":{"@id":"https:\/\/www.sonoraenequipo.com.mx\/inicia-programa-de-prestamo-y-llenado-de-tanques-de-oxigeno-en-ecatepec\/"},"wordCount":359,"commentCount":0,"publisher":{"@id":"https:\/\/www.sonoraenequipo.com.mx\/#organization"},"image":{"@id":"https:\/\/www.sonoraenequipo.com.mx\/inicia-programa-de-prestamo-y-llenado-de-tanques-de-oxigeno-en-ecatepec\/#primaryimage"},"thumbnailUrl":"https:\/\/www.sonoraenequipo.com.mx\/storage\/2021\/01\/oxi\u0301geno-Ecatepec_opt.jpg","articleSection":["Rep\u00fablica"],"inLanguage":"es","potentialAction":[{"@type":"CommentAction","name":"Comment","target":["https:\/\/www.sonoraenequipo.com.mx\/inicia-programa-de-prestamo-y-llenado-de-tanques-de-oxigeno-en-ecatepec\/#respond"]}]},{"@type":"WebPage","@id":"https:\/\/www.sonoraenequipo.com.mx\/inicia-programa-de-prestamo-y-llenado-de-tanques-de-oxigeno-en-ecatepec\/","url":"https:\/\/www.sonoraenequipo.com.mx\/inicia-programa-de-prestamo-y-llenado-de-tanques-de-oxigeno-en-ecatepec\/","name":"Sonora en Equipo. Inicia programa de pr\u00e9stamo y llenado de tanques de ox\u00edgeno en Ecatepec Rep\u00fablica","isPartOf":{"@id":"https:\/\/www.sonoraenequipo.com.mx\/#website"},"primaryImageOfPage":{"@id":"https:\/\/www.sonoraenequipo.com.mx\/inicia-programa-de-prestamo-y-llenado-de-tanques-de-oxigeno-en-ecatepec\/#primaryimage"},"image":{"@id":"https:\/\/www.sonoraenequipo.com.mx\/inicia-programa-de-prestamo-y-llenado-de-tanques-de-oxigeno-en-ecatepec\/#primaryimage"},"thumbnailUrl":"https:\/\/www.sonoraenequipo.com.mx\/storage\/2021\/01\/oxi\u0301geno-Ecatepec_opt.jpg","datePublished":"2021-01-14T18:10:07+00:00","dateModified":"2021-01-14T20:07:56+00:00","description":"ECATEPEC DE MORELOS, ESTADO DE M\u00c9XICO. MX. \u2014 El municipio de Ecatepec de Morelos prestar\u00e1 400 tanques de ox\u00edgeno y rellenar\u00e1 120 al d\u00eda para apoyar a En Sonora en Equipo publicamos toda la informaci\u00f3n de Sonora, M\u00e9xico y el Mundo de manera oportuna y busca que la libertad de expresi\u00f3n sea real. Visita nuestro medio informativo publicado desde Hermosillo, Sonora. %","breadcrumb":{"@id":"https:\/\/www.sonoraenequipo.com.mx\/inicia-programa-de-prestamo-y-llenado-de-tanques-de-oxigeno-en-ecatepec\/#breadcrumb"},"inLanguage":"es","potentialAction":[{"@type":"ReadAction","target":["https:\/\/www.sonoraenequipo.com.mx\/inicia-programa-de-prestamo-y-llenado-de-tanques-de-oxigeno-en-ecatepec\/"]}]},{"@type":"ImageObject","inLanguage":"es","@id":"https:\/\/www.sonoraenequipo.com.mx\/inicia-programa-de-prestamo-y-llenado-de-tanques-de-oxigeno-en-ecatepec\/#primaryimage","url":"https:\/\/www.sonoraenequipo.com.mx\/storage\/2021\/01\/oxi\u0301geno-Ecatepec_opt.jpg","contentUrl":"https:\/\/www.sonoraenequipo.com.mx\/storage\/2021\/01\/oxi\u0301geno-Ecatepec_opt.jpg","width":732,"height":500},{"@type":"BreadcrumbList","@id":"https:\/\/www.sonoraenequipo.com.mx\/inicia-programa-de-prestamo-y-llenado-de-tanques-de-oxigeno-en-ecatepec\/#breadcrumb","itemListElement":[{"@type":"ListItem","position":1,"name":"Portada","item":"https:\/\/www.sonoraenequipo.com.mx\/"},{"@type":"ListItem","position":2,"name":"Inicia programa de pr\u00e9stamo y llenado de tanques de ox\u00edgeno en Ecatepec"}]},{"@type":"WebSite","@id":"https:\/\/www.sonoraenequipo.com.mx\/#website","url":"https:\/\/www.sonoraenequipo.com.mx\/","name":"Sonora en Equipo.","description":"Diario en l\u00ednea con Noticias desde Hermosillo, Sonora","publisher":{"@id":"https:\/\/www.sonoraenequipo.com.mx\/#organization"},"potentialAction":[{"@type":"SearchAction","target":{"@type":"EntryPoint","urlTemplate":"https:\/\/www.sonoraenequipo.com.mx\/?s={search_term_string}"},"query-input":{"@type":"PropertyValueSpecification","valueRequired":true,"valueName":"search_term_string"}}],"inLanguage":"es"},{"@type":"Organization","@id":"https:\/\/www.sonoraenequipo.com.mx\/#organization","name":"Sonoraenequipo.com.mx","url":"https:\/\/www.sonoraenequipo.com.mx\/","logo":{"@type":"ImageObject","inLanguage":"es","@id":"https:\/\/www.sonoraenequipo.com.mx\/#\/schema\/logo\/image\/","url":"https:\/\/www.sonoraenequipo.com.mx\/storage\/2019\/01\/sonoraenequipo_opt.png","contentUrl":"https:\/\/www.sonoraenequipo.com.mx\/storage\/2019\/01\/sonoraenequipo_opt.png","width":375,"height":125,"caption":"Sonoraenequipo.com.mx"},"image":{"@id":"https:\/\/www.sonoraenequipo.com.mx\/#\/schema\/logo\/image\/"},"sameAs":["https:\/\/www.facebook.com\/SonoraEE\/","https:\/\/x.com\/sonoraenequipo","https:\/\/www.youtube.com\/channel\/UC338nW-lPEYmJQs4ZABQ1SQ"]},{"@type":"Person","@id":"https:\/\/www.sonoraenequipo.com.mx\/#\/schema\/person\/50102df0fb23a8fa9e8effad8fa81386","name":"enequipo","image":{"@type":"ImageObject","inLanguage":"es","@id":"https:\/\/www.sonoraenequipo.com.mx\/#\/schema\/person\/image\/","url":"https:\/\/secure.gravatar.com\/avatar\/049821681b589dabc0bc20695993ccebb09f5b5d4d790cd9251b97faac7c652b?s=96&d=blank&r=g","contentUrl":"https:\/\/secure.gravatar.com\/avatar\/049821681b589dabc0bc20695993ccebb09f5b5d4d790cd9251b97faac7c652b?s=96&d=blank&r=g","caption":"enequipo"},"sameAs":["https:\/\/www.facebook.com\/SonoraEE"]}]}},"jetpack_featured_media_url":"https:\/\/www.sonoraenequipo.com.mx\/storage\/2021\/01\/oxi\u0301geno-Ecatepec_opt.jpg","_links":{"self":[{"href":"https:\/\/www.sonoraenequipo.com.mx\/api\/wp\/v2\/posts\/104597","targetHints":{"allow":["GET"]}}],"collection":[{"href":"https:\/\/www.sonoraenequipo.com.mx\/api\/wp\/v2\/posts"}],"about":[{"href":"https:\/\/www.sonoraenequipo.com.mx\/api\/wp\/v2\/types\/post"}],"author":[{"embeddable":true,"href":"https:\/\/www.sonoraenequipo.com.mx\/api\/wp\/v2\/users\/1"}],"replies":[{"embeddable":true,"href":"https:\/\/www.sonoraenequipo.com.mx\/api\/wp\/v2\/comments?post=104597"}],"version-history":[{"count":1,"href":"https:\/\/www.sonoraenequipo.com.mx\/api\/wp\/v2\/posts\/104597\/revisions"}],"predecessor-version":[{"id":104600,"href":"https:\/\/www.sonoraenequipo.com.mx\/api\/wp\/v2\/posts\/104597\/revisions\/104600"}],"wp:featuredmedia":[{"embeddable":true,"href":"https:\/\/www.sonoraenequipo.com.mx\/api\/wp\/v2\/media\/104599"}],"wp:attachment":[{"href":"https:\/\/www.sonoraenequipo.com.mx\/api\/wp\/v2\/media?parent=104597"}],"wp:term":[{"taxonomy":"category","embeddable":true,"href":"https:\/\/www.sonoraenequipo.com.mx\/api\/wp\/v2\/categories?post=104597"},{"taxonomy":"post_tag","embeddable":true,"href":"https:\/\/www.sonoraenequipo.com.mx\/api\/wp\/v2\/tags?post=104597"}],"curies":[{"name":"wp","href":"https:\/\/api.w.org\/{rel}","templated":true}]}}