{"id":104601,"date":"2021-01-14T12:18:14","date_gmt":"2021-01-14T19:18:14","guid":{"rendered":"https:\/\/www.sonoraenequipo.com.mx\/?p=104601"},"modified":"2021-01-14T14:02:01","modified_gmt":"2021-01-14T21:02:01","slug":"ligan-a-garcia-luna-con-contratos-de-penales-privados","status":"publish","type":"post","link":"https:\/\/www.sonoraenequipo.com.mx\/ligan-a-garcia-luna-con-contratos-de-penales-privados\/","title":{"rendered":"Ligan a Garc\u00eda Luna con contratos de penales privados"},"content":{"rendered":"<p>CIUDAD DE M\u00c9XICO. MX. \u2014 La secretaria de Seguridad y Protecci\u00f3n Ciudadana (SSPC), Rosa Icela Rodr\u00edguez, lig\u00f3 a Genaro Garc\u00eda Luna, ex secretario de Seguridad P\u00fabica en el gobierno de Felipe Calder\u00f3n, con contratos de penales privados y acus\u00f3 que se deben 190 mil millones de pesos.<\/p>\n<p>&nbsp;<\/p>\n<p>&nbsp;<\/p>\n<p> <\/p>\n<p>&nbsp;<\/p>\n<p>En conferencia de prensa del presidente Andr\u00e9s Manuel L\u00f3pez Obrador, la funcionaria coment\u00f3 que \u00abhay un monto pendiente por pagar en a\u00f1os siguientes de 190 mil 638 millones de pesos que corresponder\u00e1 hasta 2032 y en otros hasta 2036 y 2037; as\u00ed se hace un costo total proyectado a 20 a\u00f1os de 266 mil 300 millones de pesos\u00bb.<\/p>\n<p>&nbsp;<\/p>\n<p><em>\u00abLa firma de estos convenios dieron lugar en la \u00e9poca del presidente Felipe Calder\u00f3n, cuando el secretario de Seguridad era Genaro Garc\u00eda Luna\u00bb<\/em>, dijo.<\/p>\n<p>&nbsp;<\/p>\n<p>&nbsp;<\/p>\n<p>Icela Rodr\u00edguez mencion\u00f3 que el gasto anual que se est\u00e1 pagando en estos \u00faltimos nueve a\u00f1os es 75 mil 661 millones de pesos, lo que corresponde al 36 por ciento del pago total y refiri\u00f3 que esto significa \u00ab<em>que ser\u00e1 tomado en cuenta los \u00edndices de precios que se manejan para los siguientes a\u00f1os\u00bb.<\/em><\/p>\n<p>&nbsp;<\/p>\n<p>&nbsp;<\/p>\n<p><em>\u00abEn 2020 se pag\u00f3 15 mil 562 millones. Sonora tiene un total pagado en 2020 a empresas privadas de mil 819 millones de pesos de un total de 1975 personas y cada uno de ellos se gasta 921 mil 102 peso; gasto al mes de 76 mil 758 y al d\u00eda de 2 mil 558. El penal femenil de Morelos hay albergadas 809 personas y tienen un costo por personas privadas de su libertad al a\u00f1o de 2 millones 308 mil pesos, esto corresponde a 192 mil pesos al mes y 6 mil 411 se paga por cada una al d\u00eda\u00bb<\/em>, explic\u00f3.<\/p>\n<p>&nbsp;<\/p>\n<p>&nbsp;<\/p>\n<p>La funcionaria mencion\u00f3 que cuando en la Ciudad de M\u00e9xico, \u00abno se paga m\u00e1s que un promedio de 500 pesos\u00bb en los penales que maneja el gobierno capitalino.<\/p>\n<p>&nbsp;<\/p>\n<p><em>\u00abEn total del gasto en centros penitenciarios privados fue de 15 mil 562 millones de pesos por 12 mil 284 reos en prisiones privadas y el gasto por internos al a\u00f1o promedio es de 1 mill\u00f3n 375 pesos; el gasto al mes es de 114 mil 588 pesos y al d\u00eda es de 3 mil 819 pesos al d\u00eda. En la ciudad de M\u00e9xico el promedio es de 500 pesos\u00bb<\/em>.<\/p>\n<p>&nbsp;<\/p>\n<p>Rosa Icela se\u00f1al\u00f3 la capacidad penitenciaria actual de estos centros ubicados en Sonora (78 por ciento), con 1975 personas; Guanajuato (76 por ciento) con mil 912 personas; Oaxaca (59 por ciento) con mil 493 personas; as\u00ed como Durango (72 por ciento), Chiapas (52 por ciento) Morelos (32 por ciento) Michoac\u00e1n (48 por ciento) y Coahuila (69 por ciento; datos al 11 de enero de 2021 y que corresponde a 12 mil 284 total en estos centros privados del pa\u00eds.<\/p>\n<p>&nbsp;<\/p>\n<p>El presidente L\u00f3pez Obrador asegur\u00f3 que se busca un acuerdo con los proveedores de servicios en los penales privados, pues de lo contrario amag\u00f3 con cancelar los contratos.<\/p>\n<p>&nbsp;<\/p>\n<p><em>\u00abQue se hable con los proveedores de estos servicios para que se llegue a un acuerdo; se va a empezar a elaborar una denuncia en lo civil para cancelar los contratos, si no se tiene un arreglo\u00bb,<\/em> coment\u00f3.<\/p>\n<p>&nbsp;<\/p>\n<p>(Publicada el 14\/01\/2021 \/Con informaci\u00f3n de Vanguardia)<\/p>\n","protected":false},"excerpt":{"rendered":"<p>CIUDAD DE M\u00c9XICO. MX. \u2014 La secretaria de Seguridad y Protecci\u00f3n Ciudadana (SSPC), Rosa Icela&#8230;<\/p>\n","protected":false},"author":1,"featured_media":104602,"comment_status":"open","ping_status":"open","sticky":false,"template":"","format":"standard","meta":{"_monsterinsights_skip_tracking":false,"_monsterinsights_sitenote_active":false,"_monsterinsights_sitenote_note":"","_monsterinsights_sitenote_category":0,"footnotes":""},"categories":[5],"tags":[],"class_list":["post"],"yoast_head":" \n<title>Sonora en Equipo. Ligan a Garc\u00eda Luna con contratos de penales privados Rep\u00fablica<\/title>\n<meta name=\"description\" content=\"CIUDAD DE M\u00c9XICO. MX. \u2014 La secretaria de Seguridad y Protecci\u00f3n Ciudadana (SSPC), Rosa Icela Rodr\u00edguez, lig\u00f3 a Genaro Garc\u00eda Luna, ex secretario de En Sonora en Equipo publicamos toda la informaci\u00f3n de Sonora, M\u00e9xico y el Mundo de manera oportuna y busca que la libertad de expresi\u00f3n sea real. Visita nuestro medio informativo publicado desde Hermosillo, Sonora. %\" \/>\n<meta name=\"robots\" content=\"index, follow, max-snippet:-1, max-image-preview:large, max-video-preview:-1\" \/>\n<link rel=\"canonical\" href=\"https:\/\/www.sonoraenequipo.com.mx\/ligan-a-garcia-luna-con-contratos-de-penales-privados\/\" \/>\n<meta property=\"og:locale\" content=\"es_ES\" \/>\n<meta property=\"og:type\" content=\"article\" \/>\n<meta property=\"og:title\" content=\"Sonora en Equipo. Ligan a Garc\u00eda Luna con contratos de penales privados Rep\u00fablica\" \/>\n<meta property=\"og:description\" content=\"CIUDAD DE M\u00c9XICO. MX. \u2014 La secretaria de Seguridad y Protecci\u00f3n Ciudadana (SSPC), Rosa Icela Rodr\u00edguez, lig\u00f3 a Genaro Garc\u00eda Luna, ex secretario de En Sonora en Equipo publicamos toda la informaci\u00f3n de Sonora, M\u00e9xico y el Mundo de manera oportuna y busca que la libertad de expresi\u00f3n sea real. Visita nuestro medio informativo publicado desde Hermosillo, Sonora. %\" \/>\n<meta property=\"og:url\" content=\"https:\/\/www.sonoraenequipo.com.mx\/ligan-a-garcia-luna-con-contratos-de-penales-privados\/\" \/>\n<meta property=\"og:site_name\" content=\"Sonora en Equipo.\" \/>\n<meta property=\"article:publisher\" content=\"https:\/\/www.facebook.com\/SonoraEE\/\" \/>\n<meta property=\"article:author\" content=\"https:\/\/www.facebook.com\/SonoraEE\" \/>\n<meta property=\"article:published_time\" content=\"2021-01-14T19:18:14+00:00\" \/>\n<meta property=\"article:modified_time\" content=\"2021-01-14T21:02:01+00:00\" \/>\n<meta property=\"og:image\" content=\"https:\/\/www.sonoraenequipo.com.mx\/storage\/2021\/01\/garcia-luna-contratos_opt.jpg\" \/>\n\t<meta property=\"og:image:width\" content=\"804\" \/>\n\t<meta property=\"og:image:height\" content=\"500\" \/>\n\t<meta property=\"og:image:type\" content=\"image\/jpeg\" \/>\n<meta name=\"author\" content=\"enequipo\" \/>\n<meta name=\"twitter:card\" content=\"summary_large_image\" \/>\n<meta name=\"twitter:creator\" content=\"@sonoraenequipo\" \/>\n<meta name=\"twitter:site\" content=\"@sonoraenequipo\" \/>\n<meta name=\"twitter:label1\" content=\"Escrito por\" \/>\n\t<meta name=\"twitter:data1\" content=\"enequipo\" \/>\n\t<meta name=\"twitter:label2\" content=\"Tiempo de lectura\" \/>\n\t<meta name=\"twitter:data2\" content=\"3 minutos\" \/>\n<script type=\"application\/ld+json\" class=\"yoast-schema-graph\">{\"@context\":\"https:\/\/schema.org\",\"@graph\":[{\"@type\":\"Article\",\"@id\":\"https:\/\/www.sonoraenequipo.com.mx\/ligan-a-garcia-luna-con-contratos-de-penales-privados\/#article\",\"isPartOf\":{\"@id\":\"https:\/\/www.sonoraenequipo.com.mx\/ligan-a-garcia-luna-con-contratos-de-penales-privados\/\"},\"author\":{\"name\":\"enequipo\",\"@id\":\"https:\/\/www.sonoraenequipo.com.mx\/#\/schema\/person\/50102df0fb23a8fa9e8effad8fa81386\"},\"headline\":\"Ligan a Garc\u00eda Luna con contratos de penales privados\",\"datePublished\":\"2021-01-14T19:18:14+00:00\",\"dateModified\":\"2021-01-14T21:02:01+00:00\",\"mainEntityOfPage\":{\"@id\":\"https:\/\/www.sonoraenequipo.com.mx\/ligan-a-garcia-luna-con-contratos-de-penales-privados\/\"},\"wordCount\":531,\"commentCount\":0,\"publisher\":{\"@id\":\"https:\/\/www.sonoraenequipo.com.mx\/#organization\"},\"image\":{\"@id\":\"https:\/\/www.sonoraenequipo.com.mx\/ligan-a-garcia-luna-con-contratos-de-penales-privados\/#primaryimage\"},\"thumbnailUrl\":\"https:\/\/www.sonoraenequipo.com.mx\/storage\/2021\/01\/garcia-luna-contratos_opt.jpg\",\"articleSection\":[\"Rep\u00fablica\"],\"inLanguage\":\"es\",\"potentialAction\":[{\"@type\":\"CommentAction\",\"name\":\"Comment\",\"target\":[\"https:\/\/www.sonoraenequipo.com.mx\/ligan-a-garcia-luna-con-contratos-de-penales-privados\/#respond\"]}]},{\"@type\":\"WebPage\",\"@id\":\"https:\/\/www.sonoraenequipo.com.mx\/ligan-a-garcia-luna-con-contratos-de-penales-privados\/\",\"url\":\"https:\/\/www.sonoraenequipo.com.mx\/ligan-a-garcia-luna-con-contratos-de-penales-privados\/\",\"name\":\"Sonora en Equipo. Ligan a Garc\u00eda Luna con contratos de penales privados Rep\u00fablica\",\"isPartOf\":{\"@id\":\"https:\/\/www.sonoraenequipo.com.mx\/#website\"},\"primaryImageOfPage\":{\"@id\":\"https:\/\/www.sonoraenequipo.com.mx\/ligan-a-garcia-luna-con-contratos-de-penales-privados\/#primaryimage\"},\"image\":{\"@id\":\"https:\/\/www.sonoraenequipo.com.mx\/ligan-a-garcia-luna-con-contratos-de-penales-privados\/#primaryimage\"},\"thumbnailUrl\":\"https:\/\/www.sonoraenequipo.com.mx\/storage\/2021\/01\/garcia-luna-contratos_opt.jpg\",\"datePublished\":\"2021-01-14T19:18:14+00:00\",\"dateModified\":\"2021-01-14T21:02:01+00:00\",\"description\":\"CIUDAD DE M\u00c9XICO. MX. \u2014 La secretaria de Seguridad y Protecci\u00f3n Ciudadana (SSPC), Rosa Icela Rodr\u00edguez, lig\u00f3 a Genaro Garc\u00eda Luna, ex secretario de En Sonora en Equipo publicamos toda la informaci\u00f3n de Sonora, M\u00e9xico y el Mundo de manera oportuna y busca que la libertad de expresi\u00f3n sea real. Visita nuestro medio informativo publicado desde Hermosillo, Sonora. %\",\"breadcrumb\":{\"@id\":\"https:\/\/www.sonoraenequipo.com.mx\/ligan-a-garcia-luna-con-contratos-de-penales-privados\/#breadcrumb\"},\"inLanguage\":\"es\",\"potentialAction\":[{\"@type\":\"ReadAction\",\"target\":[\"https:\/\/www.sonoraenequipo.com.mx\/ligan-a-garcia-luna-con-contratos-de-penales-privados\/\"]}]},{\"@type\":\"ImageObject\",\"inLanguage\":\"es\",\"@id\":\"https:\/\/www.sonoraenequipo.com.mx\/ligan-a-garcia-luna-con-contratos-de-penales-privados\/#primaryimage\",\"url\":\"https:\/\/www.sonoraenequipo.com.mx\/storage\/2021\/01\/garcia-luna-contratos_opt.jpg\",\"contentUrl\":\"https:\/\/www.sonoraenequipo.com.mx\/storage\/2021\/01\/garcia-luna-contratos_opt.jpg\",\"width\":804,\"height\":500},{\"@type\":\"BreadcrumbList\",\"@id\":\"https:\/\/www.sonoraenequipo.com.mx\/ligan-a-garcia-luna-con-contratos-de-penales-privados\/#breadcrumb\",\"itemListElement\":[{\"@type\":\"ListItem\",\"position\":1,\"name\":\"Portada\",\"item\":\"https:\/\/www.sonoraenequipo.com.mx\/\"},{\"@type\":\"ListItem\",\"position\":2,\"name\":\"Ligan a Garc\u00eda Luna con contratos de penales privados\"}]},{\"@type\":\"WebSite\",\"@id\":\"https:\/\/www.sonoraenequipo.com.mx\/#website\",\"url\":\"https:\/\/www.sonoraenequipo.com.mx\/\",\"name\":\"Sonora en Equipo.\",\"description\":\"Diario en l\u00ednea con Noticias desde Hermosillo, Sonora\",\"publisher\":{\"@id\":\"https:\/\/www.sonoraenequipo.com.mx\/#organization\"},\"potentialAction\":[{\"@type\":\"SearchAction\",\"target\":{\"@type\":\"EntryPoint\",\"urlTemplate\":\"https:\/\/www.sonoraenequipo.com.mx\/?s={search_term_string}\"},\"query-input\":{\"@type\":\"PropertyValueSpecification\",\"valueRequired\":true,\"valueName\":\"search_term_string\"}}],\"inLanguage\":\"es\"},{\"@type\":\"Organization\",\"@id\":\"https:\/\/www.sonoraenequipo.com.mx\/#organization\",\"name\":\"Sonoraenequipo.com.mx\",\"url\":\"https:\/\/www.sonoraenequipo.com.mx\/\",\"logo\":{\"@type\":\"ImageObject\",\"inLanguage\":\"es\",\"@id\":\"https:\/\/www.sonoraenequipo.com.mx\/#\/schema\/logo\/image\/\",\"url\":\"https:\/\/www.sonoraenequipo.com.mx\/storage\/2019\/01\/sonoraenequipo_opt.png\",\"contentUrl\":\"https:\/\/www.sonoraenequipo.com.mx\/storage\/2019\/01\/sonoraenequipo_opt.png\",\"width\":375,\"height\":125,\"caption\":\"Sonoraenequipo.com.mx\"},\"image\":{\"@id\":\"https:\/\/www.sonoraenequipo.com.mx\/#\/schema\/logo\/image\/\"},\"sameAs\":[\"https:\/\/www.facebook.com\/SonoraEE\/\",\"https:\/\/x.com\/sonoraenequipo\",\"https:\/\/www.youtube.com\/channel\/UC338nW-lPEYmJQs4ZABQ1SQ\"]},{\"@type\":\"Person\",\"@id\":\"https:\/\/www.sonoraenequipo.com.mx\/#\/schema\/person\/50102df0fb23a8fa9e8effad8fa81386\",\"name\":\"enequipo\",\"image\":{\"@type\":\"ImageObject\",\"inLanguage\":\"es\",\"@id\":\"https:\/\/www.sonoraenequipo.com.mx\/#\/schema\/person\/image\/\",\"url\":\"https:\/\/secure.gravatar.com\/avatar\/049821681b589dabc0bc20695993ccebb09f5b5d4d790cd9251b97faac7c652b?s=96&d=blank&r=g\",\"contentUrl\":\"https:\/\/secure.gravatar.com\/avatar\/049821681b589dabc0bc20695993ccebb09f5b5d4d790cd9251b97faac7c652b?s=96&d=blank&r=g\",\"caption\":\"enequipo\"},\"sameAs\":[\"https:\/\/www.facebook.com\/SonoraEE\"]}]}<\/script>\n ","yoast_head_json":{"title":"Sonora en Equipo. Ligan a Garc\u00eda Luna con contratos de penales privados Rep\u00fablica","description":"CIUDAD DE M\u00c9XICO. MX. \u2014 La secretaria de Seguridad y Protecci\u00f3n Ciudadana (SSPC), Rosa Icela Rodr\u00edguez, lig\u00f3 a Genaro Garc\u00eda Luna, ex secretario de En Sonora en Equipo publicamos toda la informaci\u00f3n de Sonora, M\u00e9xico y el Mundo de manera oportuna y busca que la libertad de expresi\u00f3n sea real. Visita nuestro medio informativo publicado desde Hermosillo, Sonora. %","robots":{"index":"index","follow":"follow","max-snippet":"max-snippet:-1","max-image-preview":"max-image-preview:large","max-video-preview":"max-video-preview:-1"},"canonical":"https:\/\/www.sonoraenequipo.com.mx\/ligan-a-garcia-luna-con-contratos-de-penales-privados\/","og_locale":"es_ES","og_type":"article","og_title":"Sonora en Equipo. Ligan a Garc\u00eda Luna con contratos de penales privados Rep\u00fablica","og_description":"CIUDAD DE M\u00c9XICO. MX. \u2014 La secretaria de Seguridad y Protecci\u00f3n Ciudadana (SSPC), Rosa Icela Rodr\u00edguez, lig\u00f3 a Genaro Garc\u00eda Luna, ex secretario de En Sonora en Equipo publicamos toda la informaci\u00f3n de Sonora, M\u00e9xico y el Mundo de manera oportuna y busca que la libertad de expresi\u00f3n sea real. Visita nuestro medio informativo publicado desde Hermosillo, Sonora. %","og_url":"https:\/\/www.sonoraenequipo.com.mx\/ligan-a-garcia-luna-con-contratos-de-penales-privados\/","og_site_name":"Sonora en Equipo.","article_publisher":"https:\/\/www.facebook.com\/SonoraEE\/","article_author":"https:\/\/www.facebook.com\/SonoraEE","article_published_time":"2021-01-14T19:18:14+00:00","article_modified_time":"2021-01-14T21:02:01+00:00","og_image":[{"width":804,"height":500,"url":"https:\/\/www.sonoraenequipo.com.mx\/storage\/2021\/01\/garcia-luna-contratos_opt.jpg","type":"image\/jpeg"}],"author":"enequipo","twitter_card":"summary_large_image","twitter_creator":"@sonoraenequipo","twitter_site":"@sonoraenequipo","twitter_misc":{"Escrito por":"enequipo","Tiempo de lectura":"3 minutos"},"schema":{"@context":"https:\/\/schema.org","@graph":[{"@type":"Article","@id":"https:\/\/www.sonoraenequipo.com.mx\/ligan-a-garcia-luna-con-contratos-de-penales-privados\/#article","isPartOf":{"@id":"https:\/\/www.sonoraenequipo.com.mx\/ligan-a-garcia-luna-con-contratos-de-penales-privados\/"},"author":{"name":"enequipo","@id":"https:\/\/www.sonoraenequipo.com.mx\/#\/schema\/person\/50102df0fb23a8fa9e8effad8fa81386"},"headline":"Ligan a Garc\u00eda Luna con contratos de penales privados","datePublished":"2021-01-14T19:18:14+00:00","dateModified":"2021-01-14T21:02:01+00:00","mainEntityOfPage":{"@id":"https:\/\/www.sonoraenequipo.com.mx\/ligan-a-garcia-luna-con-contratos-de-penales-privados\/"},"wordCount":531,"commentCount":0,"publisher":{"@id":"https:\/\/www.sonoraenequipo.com.mx\/#organization"},"image":{"@id":"https:\/\/www.sonoraenequipo.com.mx\/ligan-a-garcia-luna-con-contratos-de-penales-privados\/#primaryimage"},"thumbnailUrl":"https:\/\/www.sonoraenequipo.com.mx\/storage\/2021\/01\/garcia-luna-contratos_opt.jpg","articleSection":["Rep\u00fablica"],"inLanguage":"es","potentialAction":[{"@type":"CommentAction","name":"Comment","target":["https:\/\/www.sonoraenequipo.com.mx\/ligan-a-garcia-luna-con-contratos-de-penales-privados\/#respond"]}]},{"@type":"WebPage","@id":"https:\/\/www.sonoraenequipo.com.mx\/ligan-a-garcia-luna-con-contratos-de-penales-privados\/","url":"https:\/\/www.sonoraenequipo.com.mx\/ligan-a-garcia-luna-con-contratos-de-penales-privados\/","name":"Sonora en Equipo. Ligan a Garc\u00eda Luna con contratos de penales privados Rep\u00fablica","isPartOf":{"@id":"https:\/\/www.sonoraenequipo.com.mx\/#website"},"primaryImageOfPage":{"@id":"https:\/\/www.sonoraenequipo.com.mx\/ligan-a-garcia-luna-con-contratos-de-penales-privados\/#primaryimage"},"image":{"@id":"https:\/\/www.sonoraenequipo.com.mx\/ligan-a-garcia-luna-con-contratos-de-penales-privados\/#primaryimage"},"thumbnailUrl":"https:\/\/www.sonoraenequipo.com.mx\/storage\/2021\/01\/garcia-luna-contratos_opt.jpg","datePublished":"2021-01-14T19:18:14+00:00","dateModified":"2021-01-14T21:02:01+00:00","description":"CIUDAD DE M\u00c9XICO. MX. \u2014 La secretaria de Seguridad y Protecci\u00f3n Ciudadana (SSPC), Rosa Icela Rodr\u00edguez, lig\u00f3 a Genaro Garc\u00eda Luna, ex secretario de En Sonora en Equipo publicamos toda la informaci\u00f3n de Sonora, M\u00e9xico y el Mundo de manera oportuna y busca que la libertad de expresi\u00f3n sea real. Visita nuestro medio informativo publicado desde Hermosillo, Sonora. %","breadcrumb":{"@id":"https:\/\/www.sonoraenequipo.com.mx\/ligan-a-garcia-luna-con-contratos-de-penales-privados\/#breadcrumb"},"inLanguage":"es","potentialAction":[{"@type":"ReadAction","target":["https:\/\/www.sonoraenequipo.com.mx\/ligan-a-garcia-luna-con-contratos-de-penales-privados\/"]}]},{"@type":"ImageObject","inLanguage":"es","@id":"https:\/\/www.sonoraenequipo.com.mx\/ligan-a-garcia-luna-con-contratos-de-penales-privados\/#primaryimage","url":"https:\/\/www.sonoraenequipo.com.mx\/storage\/2021\/01\/garcia-luna-contratos_opt.jpg","contentUrl":"https:\/\/www.sonoraenequipo.com.mx\/storage\/2021\/01\/garcia-luna-contratos_opt.jpg","width":804,"height":500},{"@type":"BreadcrumbList","@id":"https:\/\/www.sonoraenequipo.com.mx\/ligan-a-garcia-luna-con-contratos-de-penales-privados\/#breadcrumb","itemListElement":[{"@type":"ListItem","position":1,"name":"Portada","item":"https:\/\/www.sonoraenequipo.com.mx\/"},{"@type":"ListItem","position":2,"name":"Ligan a Garc\u00eda Luna con contratos de penales privados"}]},{"@type":"WebSite","@id":"https:\/\/www.sonoraenequipo.com.mx\/#website","url":"https:\/\/www.sonoraenequipo.com.mx\/","name":"Sonora en Equipo.","description":"Diario en l\u00ednea con Noticias desde Hermosillo, Sonora","publisher":{"@id":"https:\/\/www.sonoraenequipo.com.mx\/#organization"},"potentialAction":[{"@type":"SearchAction","target":{"@type":"EntryPoint","urlTemplate":"https:\/\/www.sonoraenequipo.com.mx\/?s={search_term_string}"},"query-input":{"@type":"PropertyValueSpecification","valueRequired":true,"valueName":"search_term_string"}}],"inLanguage":"es"},{"@type":"Organization","@id":"https:\/\/www.sonoraenequipo.com.mx\/#organization","name":"Sonoraenequipo.com.mx","url":"https:\/\/www.sonoraenequipo.com.mx\/","logo":{"@type":"ImageObject","inLanguage":"es","@id":"https:\/\/www.sonoraenequipo.com.mx\/#\/schema\/logo\/image\/","url":"https:\/\/www.sonoraenequipo.com.mx\/storage\/2019\/01\/sonoraenequipo_opt.png","contentUrl":"https:\/\/www.sonoraenequipo.com.mx\/storage\/2019\/01\/sonoraenequipo_opt.png","width":375,"height":125,"caption":"Sonoraenequipo.com.mx"},"image":{"@id":"https:\/\/www.sonoraenequipo.com.mx\/#\/schema\/logo\/image\/"},"sameAs":["https:\/\/www.facebook.com\/SonoraEE\/","https:\/\/x.com\/sonoraenequipo","https:\/\/www.youtube.com\/channel\/UC338nW-lPEYmJQs4ZABQ1SQ"]},{"@type":"Person","@id":"https:\/\/www.sonoraenequipo.com.mx\/#\/schema\/person\/50102df0fb23a8fa9e8effad8fa81386","name":"enequipo","image":{"@type":"ImageObject","inLanguage":"es","@id":"https:\/\/www.sonoraenequipo.com.mx\/#\/schema\/person\/image\/","url":"https:\/\/secure.gravatar.com\/avatar\/049821681b589dabc0bc20695993ccebb09f5b5d4d790cd9251b97faac7c652b?s=96&d=blank&r=g","contentUrl":"https:\/\/secure.gravatar.com\/avatar\/049821681b589dabc0bc20695993ccebb09f5b5d4d790cd9251b97faac7c652b?s=96&d=blank&r=g","caption":"enequipo"},"sameAs":["https:\/\/www.facebook.com\/SonoraEE"]}]}},"jetpack_featured_media_url":"https:\/\/www.sonoraenequipo.com.mx\/storage\/2021\/01\/garcia-luna-contratos_opt.jpg","_links":{"self":[{"href":"https:\/\/www.sonoraenequipo.com.mx\/api\/wp\/v2\/posts\/104601","targetHints":{"allow":["GET"]}}],"collection":[{"href":"https:\/\/www.sonoraenequipo.com.mx\/api\/wp\/v2\/posts"}],"about":[{"href":"https:\/\/www.sonoraenequipo.com.mx\/api\/wp\/v2\/types\/post"}],"author":[{"embeddable":true,"href":"https:\/\/www.sonoraenequipo.com.mx\/api\/wp\/v2\/users\/1"}],"replies":[{"embeddable":true,"href":"https:\/\/www.sonoraenequipo.com.mx\/api\/wp\/v2\/comments?post=104601"}],"version-history":[{"count":3,"href":"https:\/\/www.sonoraenequipo.com.mx\/api\/wp\/v2\/posts\/104601\/revisions"}],"predecessor-version":[{"id":104605,"href":"https:\/\/www.sonoraenequipo.com.mx\/api\/wp\/v2\/posts\/104601\/revisions\/104605"}],"wp:featuredmedia":[{"embeddable":true,"href":"https:\/\/www.sonoraenequipo.com.mx\/api\/wp\/v2\/media\/104602"}],"wp:attachment":[{"href":"https:\/\/www.sonoraenequipo.com.mx\/api\/wp\/v2\/media?parent=104601"}],"wp:term":[{"taxonomy":"category","embeddable":true,"href":"https:\/\/www.sonoraenequipo.com.mx\/api\/wp\/v2\/categories?post=104601"},{"taxonomy":"post_tag","embeddable":true,"href":"https:\/\/www.sonoraenequipo.com.mx\/api\/wp\/v2\/tags?post=104601"}],"curies":[{"name":"wp","href":"https:\/\/api.w.org\/{rel}","templated":true}]}}