{"id":104606,"date":"2021-01-14T10:55:52","date_gmt":"2021-01-14T17:55:52","guid":{"rendered":"https:\/\/www.sonoraenequipo.com.mx\/?p=104606"},"modified":"2021-01-14T13:40:57","modified_gmt":"2021-01-14T20:40:57","slug":"avanza-vacunacion-contra-covid-19-de-primera-linea-de-batalla","status":"publish","type":"post","link":"https:\/\/www.sonoraenequipo.com.mx\/avanza-vacunacion-contra-covid-19-de-primera-linea-de-batalla\/","title":{"rendered":"Avanza vacunaci\u00f3n contra COVID-19 de primera l\u00ednea de batalla"},"content":{"rendered":"<p>HERMOSILLO, SONORA. MX. \u2014 Un avance del 32.5% presenta la vacunaci\u00f3n del personal de salud del primer frente de batalla contra COVID-19 en Sonora, luego de que comenzara la aplicaci\u00f3n el mi\u00e9rcoles 13, inform\u00f3 Enrique Clausen Iberri.<\/p>\n<p>&nbsp;<\/p>\n<p> <\/p>\n<p>&nbsp;<\/p>\n<p>El secretario de Salud indic\u00f3 que en este primer lote enviado por el Gobierno Federal llegaron un total de 14 mil 625 biol\u00f3gicos, de los cuales hasta la noche del mi\u00e9rcoles ya se hab\u00edan aplicado 4 mil 861.<\/p>\n<p>&nbsp;<\/p>\n<p><em>\u2018\u2019Estamos muy entusiasmados con el inicio de la vacunaci\u00f3n en nuestra entidad, sin duda es una esperanza y aliento para nuestros h\u00e9roes de esta pandemia\u2019\u2019,<\/em> declar\u00f3.<\/p>\n<p>&nbsp;<\/p>\n<p>Las citadas cifras, se\u00f1al\u00f3, corresponden al corte realizado a las 20:00 horas del 13 de enero, por lo que se seguir\u00e1 informando conforme avance el proceso, que contempla tambi\u00e9n la aplicaci\u00f3n de la segunda dosis en los 21 d\u00edas posteriores a la primera aplicaci\u00f3n.<\/p>\n<p>&nbsp;<\/p>\n<p>Clausen Iberri coment\u00f3 que estuvo supervisando la jornada de vacunaci\u00f3n en Hermosillo y Guaymas para verificar que se llevara a cabo en orden y conforme a los protocolos y coment\u00f3 que tambi\u00e9n se seguir\u00e1 visitando a lo largo del estado los puestos de vacunaci\u00f3n contra COVID de las unidades de la Secretar\u00eda de Salud.<\/p>\n<p>&nbsp;<\/p>\n<p><em>\u201cFestejo con mis compa\u00f1eras y compa\u00f1eros del sector salud en Guaymas la aplicaci\u00f3n de la vacuna, es la mejor noticia que hemos tenido en los \u00faltimos 10 meses de esta enfermedad\u201d,<\/em> coment\u00f3.<\/p>\n<p>&nbsp;<\/p>\n<p>Por \u00faltimo, invit\u00f3 a la poblaci\u00f3n a no dejar las medidas preventivas contra COVID-19 porque aunque la vacuna ya es una realidad, se debe esperar el turno de cada quien, conforme a las etapas establecidas por la federaci\u00f3n.<\/p>\n<p>&nbsp;<\/p>\n<p>(Publicada el 14\/01\/2021)<\/p>\n","protected":false},"excerpt":{"rendered":"<p>HERMOSILLO, SONORA. MX. \u2014 Un avance del 32.5% presenta la vacunaci\u00f3n del personal de salud&#8230;<\/p>\n","protected":false},"author":1,"featured_media":104607,"comment_status":"open","ping_status":"open","sticky":false,"template":"","format":"standard","meta":{"_monsterinsights_skip_tracking":false,"_monsterinsights_sitenote_active":false,"_monsterinsights_sitenote_note":"","_monsterinsights_sitenote_category":0,"footnotes":""},"categories":[22],"tags":[],"class_list":["post"],"yoast_head":" \n<title>Sonora en Equipo. Avanza vacunaci\u00f3n contra COVID-19 de primera l\u00ednea de batalla Sonora<\/title>\n<meta name=\"description\" content=\"HERMOSILLO, SONORA. MX. \u2014 Un avance del 32.5% presenta la vacunaci\u00f3n del personal de salud del primer frente de batalla contra COVID-19 en Sonora, luego En Sonora en Equipo publicamos toda la informaci\u00f3n de Sonora, M\u00e9xico y el Mundo de manera oportuna y busca que la libertad de expresi\u00f3n sea real. Visita nuestro medio informativo publicado desde Hermosillo, Sonora. %\" \/>\n<meta name=\"robots\" content=\"index, follow, max-snippet:-1, max-image-preview:large, max-video-preview:-1\" \/>\n<link rel=\"canonical\" href=\"https:\/\/www.sonoraenequipo.com.mx\/avanza-vacunacion-contra-covid-19-de-primera-linea-de-batalla\/\" \/>\n<meta property=\"og:locale\" content=\"es_ES\" \/>\n<meta property=\"og:type\" content=\"article\" \/>\n<meta property=\"og:title\" content=\"Sonora en Equipo. Avanza vacunaci\u00f3n contra COVID-19 de primera l\u00ednea de batalla Sonora\" \/>\n<meta property=\"og:description\" content=\"HERMOSILLO, SONORA. MX. \u2014 Un avance del 32.5% presenta la vacunaci\u00f3n del personal de salud del primer frente de batalla contra COVID-19 en Sonora, luego En Sonora en Equipo publicamos toda la informaci\u00f3n de Sonora, M\u00e9xico y el Mundo de manera oportuna y busca que la libertad de expresi\u00f3n sea real. Visita nuestro medio informativo publicado desde Hermosillo, Sonora. %\" \/>\n<meta property=\"og:url\" content=\"https:\/\/www.sonoraenequipo.com.mx\/avanza-vacunacion-contra-covid-19-de-primera-linea-de-batalla\/\" \/>\n<meta property=\"og:site_name\" content=\"Sonora en Equipo.\" \/>\n<meta property=\"article:publisher\" content=\"https:\/\/www.facebook.com\/SonoraEE\/\" \/>\n<meta property=\"article:author\" content=\"https:\/\/www.facebook.com\/SonoraEE\" \/>\n<meta property=\"article:published_time\" content=\"2021-01-14T17:55:52+00:00\" \/>\n<meta property=\"article:modified_time\" content=\"2021-01-14T20:40:57+00:00\" \/>\n<meta property=\"og:image\" content=\"https:\/\/www.sonoraenequipo.com.mx\/storage\/2021\/01\/vacunacion-covid-medicos_opt.jpg\" \/>\n\t<meta property=\"og:image:width\" content=\"623\" \/>\n\t<meta property=\"og:image:height\" content=\"500\" \/>\n\t<meta property=\"og:image:type\" content=\"image\/jpeg\" \/>\n<meta name=\"author\" content=\"enequipo\" \/>\n<meta name=\"twitter:card\" content=\"summary_large_image\" \/>\n<meta name=\"twitter:creator\" content=\"@sonoraenequipo\" \/>\n<meta name=\"twitter:site\" content=\"@sonoraenequipo\" \/>\n<meta name=\"twitter:label1\" content=\"Escrito por\" \/>\n\t<meta name=\"twitter:data1\" content=\"enequipo\" \/>\n\t<meta name=\"twitter:label2\" content=\"Tiempo de lectura\" \/>\n\t<meta name=\"twitter:data2\" content=\"2 minutos\" \/>\n<script type=\"application\/ld+json\" class=\"yoast-schema-graph\">{\"@context\":\"https:\/\/schema.org\",\"@graph\":[{\"@type\":\"Article\",\"@id\":\"https:\/\/www.sonoraenequipo.com.mx\/avanza-vacunacion-contra-covid-19-de-primera-linea-de-batalla\/#article\",\"isPartOf\":{\"@id\":\"https:\/\/www.sonoraenequipo.com.mx\/avanza-vacunacion-contra-covid-19-de-primera-linea-de-batalla\/\"},\"author\":{\"name\":\"enequipo\",\"@id\":\"https:\/\/www.sonoraenequipo.com.mx\/#\/schema\/person\/50102df0fb23a8fa9e8effad8fa81386\"},\"headline\":\"Avanza vacunaci\u00f3n contra COVID-19 de primera l\u00ednea de batalla\",\"datePublished\":\"2021-01-14T17:55:52+00:00\",\"dateModified\":\"2021-01-14T20:40:57+00:00\",\"mainEntityOfPage\":{\"@id\":\"https:\/\/www.sonoraenequipo.com.mx\/avanza-vacunacion-contra-covid-19-de-primera-linea-de-batalla\/\"},\"wordCount\":301,\"commentCount\":0,\"publisher\":{\"@id\":\"https:\/\/www.sonoraenequipo.com.mx\/#organization\"},\"image\":{\"@id\":\"https:\/\/www.sonoraenequipo.com.mx\/avanza-vacunacion-contra-covid-19-de-primera-linea-de-batalla\/#primaryimage\"},\"thumbnailUrl\":\"https:\/\/www.sonoraenequipo.com.mx\/storage\/2021\/01\/vacunacion-covid-medicos_opt.jpg\",\"articleSection\":[\"Sonora\"],\"inLanguage\":\"es\",\"potentialAction\":[{\"@type\":\"CommentAction\",\"name\":\"Comment\",\"target\":[\"https:\/\/www.sonoraenequipo.com.mx\/avanza-vacunacion-contra-covid-19-de-primera-linea-de-batalla\/#respond\"]}]},{\"@type\":\"WebPage\",\"@id\":\"https:\/\/www.sonoraenequipo.com.mx\/avanza-vacunacion-contra-covid-19-de-primera-linea-de-batalla\/\",\"url\":\"https:\/\/www.sonoraenequipo.com.mx\/avanza-vacunacion-contra-covid-19-de-primera-linea-de-batalla\/\",\"name\":\"Sonora en Equipo. Avanza vacunaci\u00f3n contra COVID-19 de primera l\u00ednea de batalla Sonora\",\"isPartOf\":{\"@id\":\"https:\/\/www.sonoraenequipo.com.mx\/#website\"},\"primaryImageOfPage\":{\"@id\":\"https:\/\/www.sonoraenequipo.com.mx\/avanza-vacunacion-contra-covid-19-de-primera-linea-de-batalla\/#primaryimage\"},\"image\":{\"@id\":\"https:\/\/www.sonoraenequipo.com.mx\/avanza-vacunacion-contra-covid-19-de-primera-linea-de-batalla\/#primaryimage\"},\"thumbnailUrl\":\"https:\/\/www.sonoraenequipo.com.mx\/storage\/2021\/01\/vacunacion-covid-medicos_opt.jpg\",\"datePublished\":\"2021-01-14T17:55:52+00:00\",\"dateModified\":\"2021-01-14T20:40:57+00:00\",\"description\":\"HERMOSILLO, SONORA. MX. \u2014 Un avance del 32.5% presenta la vacunaci\u00f3n del personal de salud del primer frente de batalla contra COVID-19 en Sonora, luego En Sonora en Equipo publicamos toda la informaci\u00f3n de Sonora, M\u00e9xico y el Mundo de manera oportuna y busca que la libertad de expresi\u00f3n sea real. Visita nuestro medio informativo publicado desde Hermosillo, Sonora. %\",\"breadcrumb\":{\"@id\":\"https:\/\/www.sonoraenequipo.com.mx\/avanza-vacunacion-contra-covid-19-de-primera-linea-de-batalla\/#breadcrumb\"},\"inLanguage\":\"es\",\"potentialAction\":[{\"@type\":\"ReadAction\",\"target\":[\"https:\/\/www.sonoraenequipo.com.mx\/avanza-vacunacion-contra-covid-19-de-primera-linea-de-batalla\/\"]}]},{\"@type\":\"ImageObject\",\"inLanguage\":\"es\",\"@id\":\"https:\/\/www.sonoraenequipo.com.mx\/avanza-vacunacion-contra-covid-19-de-primera-linea-de-batalla\/#primaryimage\",\"url\":\"https:\/\/www.sonoraenequipo.com.mx\/storage\/2021\/01\/vacunacion-covid-medicos_opt.jpg\",\"contentUrl\":\"https:\/\/www.sonoraenequipo.com.mx\/storage\/2021\/01\/vacunacion-covid-medicos_opt.jpg\",\"width\":623,\"height\":500},{\"@type\":\"BreadcrumbList\",\"@id\":\"https:\/\/www.sonoraenequipo.com.mx\/avanza-vacunacion-contra-covid-19-de-primera-linea-de-batalla\/#breadcrumb\",\"itemListElement\":[{\"@type\":\"ListItem\",\"position\":1,\"name\":\"Portada\",\"item\":\"https:\/\/www.sonoraenequipo.com.mx\/\"},{\"@type\":\"ListItem\",\"position\":2,\"name\":\"Avanza vacunaci\u00f3n contra COVID-19 de primera l\u00ednea de batalla\"}]},{\"@type\":\"WebSite\",\"@id\":\"https:\/\/www.sonoraenequipo.com.mx\/#website\",\"url\":\"https:\/\/www.sonoraenequipo.com.mx\/\",\"name\":\"Sonora en Equipo.\",\"description\":\"Diario en l\u00ednea con Noticias desde Hermosillo, Sonora\",\"publisher\":{\"@id\":\"https:\/\/www.sonoraenequipo.com.mx\/#organization\"},\"potentialAction\":[{\"@type\":\"SearchAction\",\"target\":{\"@type\":\"EntryPoint\",\"urlTemplate\":\"https:\/\/www.sonoraenequipo.com.mx\/?s={search_term_string}\"},\"query-input\":{\"@type\":\"PropertyValueSpecification\",\"valueRequired\":true,\"valueName\":\"search_term_string\"}}],\"inLanguage\":\"es\"},{\"@type\":\"Organization\",\"@id\":\"https:\/\/www.sonoraenequipo.com.mx\/#organization\",\"name\":\"Sonoraenequipo.com.mx\",\"url\":\"https:\/\/www.sonoraenequipo.com.mx\/\",\"logo\":{\"@type\":\"ImageObject\",\"inLanguage\":\"es\",\"@id\":\"https:\/\/www.sonoraenequipo.com.mx\/#\/schema\/logo\/image\/\",\"url\":\"https:\/\/www.sonoraenequipo.com.mx\/storage\/2019\/01\/sonoraenequipo_opt.png\",\"contentUrl\":\"https:\/\/www.sonoraenequipo.com.mx\/storage\/2019\/01\/sonoraenequipo_opt.png\",\"width\":375,\"height\":125,\"caption\":\"Sonoraenequipo.com.mx\"},\"image\":{\"@id\":\"https:\/\/www.sonoraenequipo.com.mx\/#\/schema\/logo\/image\/\"},\"sameAs\":[\"https:\/\/www.facebook.com\/SonoraEE\/\",\"https:\/\/x.com\/sonoraenequipo\",\"https:\/\/www.youtube.com\/channel\/UC338nW-lPEYmJQs4ZABQ1SQ\"]},{\"@type\":\"Person\",\"@id\":\"https:\/\/www.sonoraenequipo.com.mx\/#\/schema\/person\/50102df0fb23a8fa9e8effad8fa81386\",\"name\":\"enequipo\",\"image\":{\"@type\":\"ImageObject\",\"inLanguage\":\"es\",\"@id\":\"https:\/\/www.sonoraenequipo.com.mx\/#\/schema\/person\/image\/\",\"url\":\"https:\/\/secure.gravatar.com\/avatar\/049821681b589dabc0bc20695993ccebb09f5b5d4d790cd9251b97faac7c652b?s=96&d=blank&r=g\",\"contentUrl\":\"https:\/\/secure.gravatar.com\/avatar\/049821681b589dabc0bc20695993ccebb09f5b5d4d790cd9251b97faac7c652b?s=96&d=blank&r=g\",\"caption\":\"enequipo\"},\"sameAs\":[\"https:\/\/www.facebook.com\/SonoraEE\"]}]}<\/script>\n ","yoast_head_json":{"title":"Sonora en Equipo. Avanza vacunaci\u00f3n contra COVID-19 de primera l\u00ednea de batalla Sonora","description":"HERMOSILLO, SONORA. MX. \u2014 Un avance del 32.5% presenta la vacunaci\u00f3n del personal de salud del primer frente de batalla contra COVID-19 en Sonora, luego En Sonora en Equipo publicamos toda la informaci\u00f3n de Sonora, M\u00e9xico y el Mundo de manera oportuna y busca que la libertad de expresi\u00f3n sea real. Visita nuestro medio informativo publicado desde Hermosillo, Sonora. %","robots":{"index":"index","follow":"follow","max-snippet":"max-snippet:-1","max-image-preview":"max-image-preview:large","max-video-preview":"max-video-preview:-1"},"canonical":"https:\/\/www.sonoraenequipo.com.mx\/avanza-vacunacion-contra-covid-19-de-primera-linea-de-batalla\/","og_locale":"es_ES","og_type":"article","og_title":"Sonora en Equipo. Avanza vacunaci\u00f3n contra COVID-19 de primera l\u00ednea de batalla Sonora","og_description":"HERMOSILLO, SONORA. MX. \u2014 Un avance del 32.5% presenta la vacunaci\u00f3n del personal de salud del primer frente de batalla contra COVID-19 en Sonora, luego En Sonora en Equipo publicamos toda la informaci\u00f3n de Sonora, M\u00e9xico y el Mundo de manera oportuna y busca que la libertad de expresi\u00f3n sea real. Visita nuestro medio informativo publicado desde Hermosillo, Sonora. %","og_url":"https:\/\/www.sonoraenequipo.com.mx\/avanza-vacunacion-contra-covid-19-de-primera-linea-de-batalla\/","og_site_name":"Sonora en Equipo.","article_publisher":"https:\/\/www.facebook.com\/SonoraEE\/","article_author":"https:\/\/www.facebook.com\/SonoraEE","article_published_time":"2021-01-14T17:55:52+00:00","article_modified_time":"2021-01-14T20:40:57+00:00","og_image":[{"width":623,"height":500,"url":"https:\/\/www.sonoraenequipo.com.mx\/storage\/2021\/01\/vacunacion-covid-medicos_opt.jpg","type":"image\/jpeg"}],"author":"enequipo","twitter_card":"summary_large_image","twitter_creator":"@sonoraenequipo","twitter_site":"@sonoraenequipo","twitter_misc":{"Escrito por":"enequipo","Tiempo de lectura":"2 minutos"},"schema":{"@context":"https:\/\/schema.org","@graph":[{"@type":"Article","@id":"https:\/\/www.sonoraenequipo.com.mx\/avanza-vacunacion-contra-covid-19-de-primera-linea-de-batalla\/#article","isPartOf":{"@id":"https:\/\/www.sonoraenequipo.com.mx\/avanza-vacunacion-contra-covid-19-de-primera-linea-de-batalla\/"},"author":{"name":"enequipo","@id":"https:\/\/www.sonoraenequipo.com.mx\/#\/schema\/person\/50102df0fb23a8fa9e8effad8fa81386"},"headline":"Avanza vacunaci\u00f3n contra COVID-19 de primera l\u00ednea de batalla","datePublished":"2021-01-14T17:55:52+00:00","dateModified":"2021-01-14T20:40:57+00:00","mainEntityOfPage":{"@id":"https:\/\/www.sonoraenequipo.com.mx\/avanza-vacunacion-contra-covid-19-de-primera-linea-de-batalla\/"},"wordCount":301,"commentCount":0,"publisher":{"@id":"https:\/\/www.sonoraenequipo.com.mx\/#organization"},"image":{"@id":"https:\/\/www.sonoraenequipo.com.mx\/avanza-vacunacion-contra-covid-19-de-primera-linea-de-batalla\/#primaryimage"},"thumbnailUrl":"https:\/\/www.sonoraenequipo.com.mx\/storage\/2021\/01\/vacunacion-covid-medicos_opt.jpg","articleSection":["Sonora"],"inLanguage":"es","potentialAction":[{"@type":"CommentAction","name":"Comment","target":["https:\/\/www.sonoraenequipo.com.mx\/avanza-vacunacion-contra-covid-19-de-primera-linea-de-batalla\/#respond"]}]},{"@type":"WebPage","@id":"https:\/\/www.sonoraenequipo.com.mx\/avanza-vacunacion-contra-covid-19-de-primera-linea-de-batalla\/","url":"https:\/\/www.sonoraenequipo.com.mx\/avanza-vacunacion-contra-covid-19-de-primera-linea-de-batalla\/","name":"Sonora en Equipo. Avanza vacunaci\u00f3n contra COVID-19 de primera l\u00ednea de batalla Sonora","isPartOf":{"@id":"https:\/\/www.sonoraenequipo.com.mx\/#website"},"primaryImageOfPage":{"@id":"https:\/\/www.sonoraenequipo.com.mx\/avanza-vacunacion-contra-covid-19-de-primera-linea-de-batalla\/#primaryimage"},"image":{"@id":"https:\/\/www.sonoraenequipo.com.mx\/avanza-vacunacion-contra-covid-19-de-primera-linea-de-batalla\/#primaryimage"},"thumbnailUrl":"https:\/\/www.sonoraenequipo.com.mx\/storage\/2021\/01\/vacunacion-covid-medicos_opt.jpg","datePublished":"2021-01-14T17:55:52+00:00","dateModified":"2021-01-14T20:40:57+00:00","description":"HERMOSILLO, SONORA. MX. \u2014 Un avance del 32.5% presenta la vacunaci\u00f3n del personal de salud del primer frente de batalla contra COVID-19 en Sonora, luego En Sonora en Equipo publicamos toda la informaci\u00f3n de Sonora, M\u00e9xico y el Mundo de manera oportuna y busca que la libertad de expresi\u00f3n sea real. Visita nuestro medio informativo publicado desde Hermosillo, Sonora. %","breadcrumb":{"@id":"https:\/\/www.sonoraenequipo.com.mx\/avanza-vacunacion-contra-covid-19-de-primera-linea-de-batalla\/#breadcrumb"},"inLanguage":"es","potentialAction":[{"@type":"ReadAction","target":["https:\/\/www.sonoraenequipo.com.mx\/avanza-vacunacion-contra-covid-19-de-primera-linea-de-batalla\/"]}]},{"@type":"ImageObject","inLanguage":"es","@id":"https:\/\/www.sonoraenequipo.com.mx\/avanza-vacunacion-contra-covid-19-de-primera-linea-de-batalla\/#primaryimage","url":"https:\/\/www.sonoraenequipo.com.mx\/storage\/2021\/01\/vacunacion-covid-medicos_opt.jpg","contentUrl":"https:\/\/www.sonoraenequipo.com.mx\/storage\/2021\/01\/vacunacion-covid-medicos_opt.jpg","width":623,"height":500},{"@type":"BreadcrumbList","@id":"https:\/\/www.sonoraenequipo.com.mx\/avanza-vacunacion-contra-covid-19-de-primera-linea-de-batalla\/#breadcrumb","itemListElement":[{"@type":"ListItem","position":1,"name":"Portada","item":"https:\/\/www.sonoraenequipo.com.mx\/"},{"@type":"ListItem","position":2,"name":"Avanza vacunaci\u00f3n contra COVID-19 de primera l\u00ednea de batalla"}]},{"@type":"WebSite","@id":"https:\/\/www.sonoraenequipo.com.mx\/#website","url":"https:\/\/www.sonoraenequipo.com.mx\/","name":"Sonora en Equipo.","description":"Diario en l\u00ednea con Noticias desde Hermosillo, Sonora","publisher":{"@id":"https:\/\/www.sonoraenequipo.com.mx\/#organization"},"potentialAction":[{"@type":"SearchAction","target":{"@type":"EntryPoint","urlTemplate":"https:\/\/www.sonoraenequipo.com.mx\/?s={search_term_string}"},"query-input":{"@type":"PropertyValueSpecification","valueRequired":true,"valueName":"search_term_string"}}],"inLanguage":"es"},{"@type":"Organization","@id":"https:\/\/www.sonoraenequipo.com.mx\/#organization","name":"Sonoraenequipo.com.mx","url":"https:\/\/www.sonoraenequipo.com.mx\/","logo":{"@type":"ImageObject","inLanguage":"es","@id":"https:\/\/www.sonoraenequipo.com.mx\/#\/schema\/logo\/image\/","url":"https:\/\/www.sonoraenequipo.com.mx\/storage\/2019\/01\/sonoraenequipo_opt.png","contentUrl":"https:\/\/www.sonoraenequipo.com.mx\/storage\/2019\/01\/sonoraenequipo_opt.png","width":375,"height":125,"caption":"Sonoraenequipo.com.mx"},"image":{"@id":"https:\/\/www.sonoraenequipo.com.mx\/#\/schema\/logo\/image\/"},"sameAs":["https:\/\/www.facebook.com\/SonoraEE\/","https:\/\/x.com\/sonoraenequipo","https:\/\/www.youtube.com\/channel\/UC338nW-lPEYmJQs4ZABQ1SQ"]},{"@type":"Person","@id":"https:\/\/www.sonoraenequipo.com.mx\/#\/schema\/person\/50102df0fb23a8fa9e8effad8fa81386","name":"enequipo","image":{"@type":"ImageObject","inLanguage":"es","@id":"https:\/\/www.sonoraenequipo.com.mx\/#\/schema\/person\/image\/","url":"https:\/\/secure.gravatar.com\/avatar\/049821681b589dabc0bc20695993ccebb09f5b5d4d790cd9251b97faac7c652b?s=96&d=blank&r=g","contentUrl":"https:\/\/secure.gravatar.com\/avatar\/049821681b589dabc0bc20695993ccebb09f5b5d4d790cd9251b97faac7c652b?s=96&d=blank&r=g","caption":"enequipo"},"sameAs":["https:\/\/www.facebook.com\/SonoraEE"]}]}},"jetpack_featured_media_url":"https:\/\/www.sonoraenequipo.com.mx\/storage\/2021\/01\/vacunacion-covid-medicos_opt.jpg","_links":{"self":[{"href":"https:\/\/www.sonoraenequipo.com.mx\/api\/wp\/v2\/posts\/104606","targetHints":{"allow":["GET"]}}],"collection":[{"href":"https:\/\/www.sonoraenequipo.com.mx\/api\/wp\/v2\/posts"}],"about":[{"href":"https:\/\/www.sonoraenequipo.com.mx\/api\/wp\/v2\/types\/post"}],"author":[{"embeddable":true,"href":"https:\/\/www.sonoraenequipo.com.mx\/api\/wp\/v2\/users\/1"}],"replies":[{"embeddable":true,"href":"https:\/\/www.sonoraenequipo.com.mx\/api\/wp\/v2\/comments?post=104606"}],"version-history":[{"count":1,"href":"https:\/\/www.sonoraenequipo.com.mx\/api\/wp\/v2\/posts\/104606\/revisions"}],"predecessor-version":[{"id":104609,"href":"https:\/\/www.sonoraenequipo.com.mx\/api\/wp\/v2\/posts\/104606\/revisions\/104609"}],"wp:featuredmedia":[{"embeddable":true,"href":"https:\/\/www.sonoraenequipo.com.mx\/api\/wp\/v2\/media\/104607"}],"wp:attachment":[{"href":"https:\/\/www.sonoraenequipo.com.mx\/api\/wp\/v2\/media?parent=104606"}],"wp:term":[{"taxonomy":"category","embeddable":true,"href":"https:\/\/www.sonoraenequipo.com.mx\/api\/wp\/v2\/categories?post=104606"},{"taxonomy":"post_tag","embeddable":true,"href":"https:\/\/www.sonoraenequipo.com.mx\/api\/wp\/v2\/tags?post=104606"}],"curies":[{"name":"wp","href":"https:\/\/api.w.org\/{rel}","templated":true}]}}