{"id":104610,"date":"2021-01-14T13:53:13","date_gmt":"2021-01-14T20:53:13","guid":{"rendered":"https:\/\/www.sonoraenequipo.com.mx\/?p=104610"},"modified":"2021-01-14T13:53:13","modified_gmt":"2021-01-14T20:53:13","slug":"aprueba-el-cabildo-de-alamos-uso-obligatorio-de-cubrebocas","status":"publish","type":"post","link":"https:\/\/www.sonoraenequipo.com.mx\/aprueba-el-cabildo-de-alamos-uso-obligatorio-de-cubrebocas\/","title":{"rendered":"Aprueba el Cabildo de \u00c1lamos uso obligatorio de cubrebocas"},"content":{"rendered":"<p>\u00c1LAMOS, SONORA. MX. \u2014 A partir de hoy todas las personas que anden en la v\u00eda p\u00fablica y espacios colectivos en \u00c1lamos deber\u00e1n portar obligatoriamente cubrebocas luego de que el Cabildo lo aprob\u00f3 ayer por unanimidad en tanto son determinados el sustento legal y sanciones administrativas a quien incumpla.<\/p>\n<p>&nbsp;<\/p>\n<p> <\/p>\n<p>&nbsp;<\/p>\n<p>Dicha disposici\u00f3n fue tomada en sesi\u00f3n ordinaria del cuerpo ed\u00edlico bajo la coincidencia de que dicho instrumento ayuda a la prevenci\u00f3n de infestaciones del Covid-19 junto a otras b\u00e1sicas como la sana distancia y resguardo en casa el mayor tiempo posible.<\/p>\n<p>&nbsp;<\/p>\n<p>El Cabildo alamense tambi\u00e9n dispuso la propuesta de elaboraci\u00f3n de un instrumento legal para emprender acciones adicionales a ejecutarse de forma inmediata dado la urgencia de frenar los casos positivos y defunciones que empezaron a registrarse a un ritmo acelerado en el municipio.<\/p>\n<p>&nbsp;<\/p>\n<p>El alcalde V\u00edctor Manuel Balderrama C\u00e1rdenas explic\u00f3 que esta nueva medida no tiene el \u00e1nimo de hostigar a la poblaci\u00f3n alamense ni los turistas que arriban constantemente al municipio sino un inter\u00e9s de preservar la salud y vidas.<\/p>\n<p>&nbsp;<\/p>\n<p>Existe una seria crisis en la pandemia reflejada en mayor n\u00famero de contagios y muertes de enfermos por el Coronavirus, acept\u00f3, incluso en \u00c1lamos con estad\u00edsticas de repunte despu\u00e9s de un largo per\u00edodo de control.<\/p>\n<p>&nbsp;<\/p>\n<p><em>\u201cNo se trata de crear una pol\u00edtica sancionadora sino una medida meramente preventiva donde la indicaci\u00f3n de usar cubrebocas no sustituye el exhorto de permanecer en casa y \u00fanicamente salir por razones realmente esenciales\u201d,<\/em> subray\u00f3.<\/p>\n<p>&nbsp;<\/p>\n<p>Se est\u00e1 en tiempo para frenar el n\u00famero de contagios y no tener que tomar medidas m\u00e1s dr\u00e1sticas y restrictivas, consider\u00f3, pero para ello resulta indispensable la participaci\u00f3n de todos, residentes y visitantes.<\/p>\n<p>&nbsp;<\/p>\n<p>Asever\u00f3 que de esta manera queda obligado oficialmente que incluyendo los turistas traigan cubrebocas durante toda la permanencia en los espacios p\u00fablicos, tr\u00e1tese de plazas, museos, comercios, iglesia, en general donde pudiera haber concentraci\u00f3n colectiva.<\/p>\n<p>&nbsp;<\/p>\n<p>\u201cLa medida es necesaria, en virtud de la difusi\u00f3n que han realizado autoridades sanitarias sobre la importancia de usar el cubrebocas porque se considera un elemento primordial para mitigar el riesgo de contagios\u201d, recalc\u00f3 el Alcalde.<\/p>\n<p>&nbsp;<\/p>\n<p>De acuerdo a las estad\u00edsticas de la Secretar\u00eda de Salud estatal, \u00c1lamos ten\u00eda un registro acumulado de 142 casos positivos y 3 defunciones desde marzo pasado cuando inici\u00f3 la contingencia sanitaria.<\/p>\n<p>&nbsp;<\/p>\n<p>(Publicada el 14\/01\/2021 )<\/p>\n","protected":false},"excerpt":{"rendered":"<p>\u00c1LAMOS, SONORA. MX. \u2014 A partir de hoy todas las personas que anden en la&#8230;<\/p>\n","protected":false},"author":1,"featured_media":104608,"comment_status":"open","ping_status":"open","sticky":false,"template":"","format":"standard","meta":{"_monsterinsights_skip_tracking":false,"_monsterinsights_sitenote_active":false,"_monsterinsights_sitenote_note":"","_monsterinsights_sitenote_category":0,"footnotes":""},"categories":[4],"tags":[],"class_list":["post"],"yoast_head":" \n<title>Sonora en Equipo. Aprueba el Cabildo de \u00c1lamos uso obligatorio de cubrebocas Municipios<\/title>\n<meta name=\"description\" content=\"\u00c1LAMOS, SONORA. MX. \u2014 A partir de hoy todas las personas que anden en la v\u00eda p\u00fablica y espacios colectivos en \u00c1lamos deber\u00e1n portar obligatoriamente En Sonora en Equipo publicamos toda la informaci\u00f3n de Sonora, M\u00e9xico y el Mundo de manera oportuna y busca que la libertad de expresi\u00f3n sea real. Visita nuestro medio informativo publicado desde Hermosillo, Sonora. %\" \/>\n<meta name=\"robots\" content=\"index, follow, max-snippet:-1, max-image-preview:large, max-video-preview:-1\" \/>\n<link rel=\"canonical\" href=\"https:\/\/www.sonoraenequipo.com.mx\/aprueba-el-cabildo-de-alamos-uso-obligatorio-de-cubrebocas\/\" \/>\n<meta property=\"og:locale\" content=\"es_ES\" \/>\n<meta property=\"og:type\" content=\"article\" \/>\n<meta property=\"og:title\" content=\"Sonora en Equipo. Aprueba el Cabildo de \u00c1lamos uso obligatorio de cubrebocas Municipios\" \/>\n<meta property=\"og:description\" content=\"\u00c1LAMOS, SONORA. MX. \u2014 A partir de hoy todas las personas que anden en la v\u00eda p\u00fablica y espacios colectivos en \u00c1lamos deber\u00e1n portar obligatoriamente En Sonora en Equipo publicamos toda la informaci\u00f3n de Sonora, M\u00e9xico y el Mundo de manera oportuna y busca que la libertad de expresi\u00f3n sea real. Visita nuestro medio informativo publicado desde Hermosillo, Sonora. %\" \/>\n<meta property=\"og:url\" content=\"https:\/\/www.sonoraenequipo.com.mx\/aprueba-el-cabildo-de-alamos-uso-obligatorio-de-cubrebocas\/\" \/>\n<meta property=\"og:site_name\" content=\"Sonora en Equipo.\" \/>\n<meta property=\"article:publisher\" content=\"https:\/\/www.facebook.com\/SonoraEE\/\" \/>\n<meta property=\"article:author\" content=\"https:\/\/www.facebook.com\/SonoraEE\" \/>\n<meta property=\"article:published_time\" content=\"2021-01-14T20:53:13+00:00\" \/>\n<meta property=\"og:image\" content=\"https:\/\/www.sonoraenequipo.com.mx\/storage\/2021\/01\/Alamos-contagios-de-Covid-19_opt.jpg\" \/>\n\t<meta property=\"og:image:width\" content=\"667\" \/>\n\t<meta property=\"og:image:height\" content=\"500\" \/>\n\t<meta property=\"og:image:type\" content=\"image\/jpeg\" \/>\n<meta name=\"author\" content=\"enequipo\" \/>\n<meta name=\"twitter:card\" content=\"summary_large_image\" \/>\n<meta name=\"twitter:creator\" content=\"@sonoraenequipo\" \/>\n<meta name=\"twitter:site\" content=\"@sonoraenequipo\" \/>\n<meta name=\"twitter:label1\" content=\"Escrito por\" \/>\n\t<meta name=\"twitter:data1\" content=\"enequipo\" \/>\n\t<meta name=\"twitter:label2\" content=\"Tiempo de lectura\" \/>\n\t<meta name=\"twitter:data2\" content=\"2 minutos\" \/>\n<script type=\"application\/ld+json\" class=\"yoast-schema-graph\">{\"@context\":\"https:\/\/schema.org\",\"@graph\":[{\"@type\":\"Article\",\"@id\":\"https:\/\/www.sonoraenequipo.com.mx\/aprueba-el-cabildo-de-alamos-uso-obligatorio-de-cubrebocas\/#article\",\"isPartOf\":{\"@id\":\"https:\/\/www.sonoraenequipo.com.mx\/aprueba-el-cabildo-de-alamos-uso-obligatorio-de-cubrebocas\/\"},\"author\":{\"name\":\"enequipo\",\"@id\":\"https:\/\/www.sonoraenequipo.com.mx\/#\/schema\/person\/50102df0fb23a8fa9e8effad8fa81386\"},\"headline\":\"Aprueba el Cabildo de \u00c1lamos uso obligatorio de cubrebocas\",\"datePublished\":\"2021-01-14T20:53:13+00:00\",\"mainEntityOfPage\":{\"@id\":\"https:\/\/www.sonoraenequipo.com.mx\/aprueba-el-cabildo-de-alamos-uso-obligatorio-de-cubrebocas\/\"},\"wordCount\":426,\"commentCount\":0,\"publisher\":{\"@id\":\"https:\/\/www.sonoraenequipo.com.mx\/#organization\"},\"image\":{\"@id\":\"https:\/\/www.sonoraenequipo.com.mx\/aprueba-el-cabildo-de-alamos-uso-obligatorio-de-cubrebocas\/#primaryimage\"},\"thumbnailUrl\":\"https:\/\/www.sonoraenequipo.com.mx\/storage\/2021\/01\/Alamos-contagios-de-Covid-19_opt.jpg\",\"articleSection\":[\"Municipios\"],\"inLanguage\":\"es\",\"potentialAction\":[{\"@type\":\"CommentAction\",\"name\":\"Comment\",\"target\":[\"https:\/\/www.sonoraenequipo.com.mx\/aprueba-el-cabildo-de-alamos-uso-obligatorio-de-cubrebocas\/#respond\"]}]},{\"@type\":\"WebPage\",\"@id\":\"https:\/\/www.sonoraenequipo.com.mx\/aprueba-el-cabildo-de-alamos-uso-obligatorio-de-cubrebocas\/\",\"url\":\"https:\/\/www.sonoraenequipo.com.mx\/aprueba-el-cabildo-de-alamos-uso-obligatorio-de-cubrebocas\/\",\"name\":\"Sonora en Equipo. Aprueba el Cabildo de \u00c1lamos uso obligatorio de cubrebocas Municipios\",\"isPartOf\":{\"@id\":\"https:\/\/www.sonoraenequipo.com.mx\/#website\"},\"primaryImageOfPage\":{\"@id\":\"https:\/\/www.sonoraenequipo.com.mx\/aprueba-el-cabildo-de-alamos-uso-obligatorio-de-cubrebocas\/#primaryimage\"},\"image\":{\"@id\":\"https:\/\/www.sonoraenequipo.com.mx\/aprueba-el-cabildo-de-alamos-uso-obligatorio-de-cubrebocas\/#primaryimage\"},\"thumbnailUrl\":\"https:\/\/www.sonoraenequipo.com.mx\/storage\/2021\/01\/Alamos-contagios-de-Covid-19_opt.jpg\",\"datePublished\":\"2021-01-14T20:53:13+00:00\",\"description\":\"\u00c1LAMOS, SONORA. MX. \u2014 A partir de hoy todas las personas que anden en la v\u00eda p\u00fablica y espacios colectivos en \u00c1lamos deber\u00e1n portar obligatoriamente En Sonora en Equipo publicamos toda la informaci\u00f3n de Sonora, M\u00e9xico y el Mundo de manera oportuna y busca que la libertad de expresi\u00f3n sea real. Visita nuestro medio informativo publicado desde Hermosillo, Sonora. %\",\"breadcrumb\":{\"@id\":\"https:\/\/www.sonoraenequipo.com.mx\/aprueba-el-cabildo-de-alamos-uso-obligatorio-de-cubrebocas\/#breadcrumb\"},\"inLanguage\":\"es\",\"potentialAction\":[{\"@type\":\"ReadAction\",\"target\":[\"https:\/\/www.sonoraenequipo.com.mx\/aprueba-el-cabildo-de-alamos-uso-obligatorio-de-cubrebocas\/\"]}]},{\"@type\":\"ImageObject\",\"inLanguage\":\"es\",\"@id\":\"https:\/\/www.sonoraenequipo.com.mx\/aprueba-el-cabildo-de-alamos-uso-obligatorio-de-cubrebocas\/#primaryimage\",\"url\":\"https:\/\/www.sonoraenequipo.com.mx\/storage\/2021\/01\/Alamos-contagios-de-Covid-19_opt.jpg\",\"contentUrl\":\"https:\/\/www.sonoraenequipo.com.mx\/storage\/2021\/01\/Alamos-contagios-de-Covid-19_opt.jpg\",\"width\":667,\"height\":500},{\"@type\":\"BreadcrumbList\",\"@id\":\"https:\/\/www.sonoraenequipo.com.mx\/aprueba-el-cabildo-de-alamos-uso-obligatorio-de-cubrebocas\/#breadcrumb\",\"itemListElement\":[{\"@type\":\"ListItem\",\"position\":1,\"name\":\"Portada\",\"item\":\"https:\/\/www.sonoraenequipo.com.mx\/\"},{\"@type\":\"ListItem\",\"position\":2,\"name\":\"Aprueba el Cabildo de \u00c1lamos uso obligatorio de cubrebocas\"}]},{\"@type\":\"WebSite\",\"@id\":\"https:\/\/www.sonoraenequipo.com.mx\/#website\",\"url\":\"https:\/\/www.sonoraenequipo.com.mx\/\",\"name\":\"Sonora en Equipo.\",\"description\":\"Diario en l\u00ednea con Noticias desde Hermosillo, Sonora\",\"publisher\":{\"@id\":\"https:\/\/www.sonoraenequipo.com.mx\/#organization\"},\"potentialAction\":[{\"@type\":\"SearchAction\",\"target\":{\"@type\":\"EntryPoint\",\"urlTemplate\":\"https:\/\/www.sonoraenequipo.com.mx\/?s={search_term_string}\"},\"query-input\":{\"@type\":\"PropertyValueSpecification\",\"valueRequired\":true,\"valueName\":\"search_term_string\"}}],\"inLanguage\":\"es\"},{\"@type\":\"Organization\",\"@id\":\"https:\/\/www.sonoraenequipo.com.mx\/#organization\",\"name\":\"Sonoraenequipo.com.mx\",\"url\":\"https:\/\/www.sonoraenequipo.com.mx\/\",\"logo\":{\"@type\":\"ImageObject\",\"inLanguage\":\"es\",\"@id\":\"https:\/\/www.sonoraenequipo.com.mx\/#\/schema\/logo\/image\/\",\"url\":\"https:\/\/www.sonoraenequipo.com.mx\/storage\/2019\/01\/sonoraenequipo_opt.png\",\"contentUrl\":\"https:\/\/www.sonoraenequipo.com.mx\/storage\/2019\/01\/sonoraenequipo_opt.png\",\"width\":375,\"height\":125,\"caption\":\"Sonoraenequipo.com.mx\"},\"image\":{\"@id\":\"https:\/\/www.sonoraenequipo.com.mx\/#\/schema\/logo\/image\/\"},\"sameAs\":[\"https:\/\/www.facebook.com\/SonoraEE\/\",\"https:\/\/x.com\/sonoraenequipo\",\"https:\/\/www.youtube.com\/channel\/UC338nW-lPEYmJQs4ZABQ1SQ\"]},{\"@type\":\"Person\",\"@id\":\"https:\/\/www.sonoraenequipo.com.mx\/#\/schema\/person\/50102df0fb23a8fa9e8effad8fa81386\",\"name\":\"enequipo\",\"image\":{\"@type\":\"ImageObject\",\"inLanguage\":\"es\",\"@id\":\"https:\/\/www.sonoraenequipo.com.mx\/#\/schema\/person\/image\/\",\"url\":\"https:\/\/secure.gravatar.com\/avatar\/049821681b589dabc0bc20695993ccebb09f5b5d4d790cd9251b97faac7c652b?s=96&d=blank&r=g\",\"contentUrl\":\"https:\/\/secure.gravatar.com\/avatar\/049821681b589dabc0bc20695993ccebb09f5b5d4d790cd9251b97faac7c652b?s=96&d=blank&r=g\",\"caption\":\"enequipo\"},\"sameAs\":[\"https:\/\/www.facebook.com\/SonoraEE\"]}]}<\/script>\n ","yoast_head_json":{"title":"Sonora en Equipo. Aprueba el Cabildo de \u00c1lamos uso obligatorio de cubrebocas Municipios","description":"\u00c1LAMOS, SONORA. MX. \u2014 A partir de hoy todas las personas que anden en la v\u00eda p\u00fablica y espacios colectivos en \u00c1lamos deber\u00e1n portar obligatoriamente En Sonora en Equipo publicamos toda la informaci\u00f3n de Sonora, M\u00e9xico y el Mundo de manera oportuna y busca que la libertad de expresi\u00f3n sea real. Visita nuestro medio informativo publicado desde Hermosillo, Sonora. %","robots":{"index":"index","follow":"follow","max-snippet":"max-snippet:-1","max-image-preview":"max-image-preview:large","max-video-preview":"max-video-preview:-1"},"canonical":"https:\/\/www.sonoraenequipo.com.mx\/aprueba-el-cabildo-de-alamos-uso-obligatorio-de-cubrebocas\/","og_locale":"es_ES","og_type":"article","og_title":"Sonora en Equipo. Aprueba el Cabildo de \u00c1lamos uso obligatorio de cubrebocas Municipios","og_description":"\u00c1LAMOS, SONORA. MX. \u2014 A partir de hoy todas las personas que anden en la v\u00eda p\u00fablica y espacios colectivos en \u00c1lamos deber\u00e1n portar obligatoriamente En Sonora en Equipo publicamos toda la informaci\u00f3n de Sonora, M\u00e9xico y el Mundo de manera oportuna y busca que la libertad de expresi\u00f3n sea real. Visita nuestro medio informativo publicado desde Hermosillo, Sonora. %","og_url":"https:\/\/www.sonoraenequipo.com.mx\/aprueba-el-cabildo-de-alamos-uso-obligatorio-de-cubrebocas\/","og_site_name":"Sonora en Equipo.","article_publisher":"https:\/\/www.facebook.com\/SonoraEE\/","article_author":"https:\/\/www.facebook.com\/SonoraEE","article_published_time":"2021-01-14T20:53:13+00:00","og_image":[{"width":667,"height":500,"url":"https:\/\/www.sonoraenequipo.com.mx\/storage\/2021\/01\/Alamos-contagios-de-Covid-19_opt.jpg","type":"image\/jpeg"}],"author":"enequipo","twitter_card":"summary_large_image","twitter_creator":"@sonoraenequipo","twitter_site":"@sonoraenequipo","twitter_misc":{"Escrito por":"enequipo","Tiempo de lectura":"2 minutos"},"schema":{"@context":"https:\/\/schema.org","@graph":[{"@type":"Article","@id":"https:\/\/www.sonoraenequipo.com.mx\/aprueba-el-cabildo-de-alamos-uso-obligatorio-de-cubrebocas\/#article","isPartOf":{"@id":"https:\/\/www.sonoraenequipo.com.mx\/aprueba-el-cabildo-de-alamos-uso-obligatorio-de-cubrebocas\/"},"author":{"name":"enequipo","@id":"https:\/\/www.sonoraenequipo.com.mx\/#\/schema\/person\/50102df0fb23a8fa9e8effad8fa81386"},"headline":"Aprueba el Cabildo de \u00c1lamos uso obligatorio de cubrebocas","datePublished":"2021-01-14T20:53:13+00:00","mainEntityOfPage":{"@id":"https:\/\/www.sonoraenequipo.com.mx\/aprueba-el-cabildo-de-alamos-uso-obligatorio-de-cubrebocas\/"},"wordCount":426,"commentCount":0,"publisher":{"@id":"https:\/\/www.sonoraenequipo.com.mx\/#organization"},"image":{"@id":"https:\/\/www.sonoraenequipo.com.mx\/aprueba-el-cabildo-de-alamos-uso-obligatorio-de-cubrebocas\/#primaryimage"},"thumbnailUrl":"https:\/\/www.sonoraenequipo.com.mx\/storage\/2021\/01\/Alamos-contagios-de-Covid-19_opt.jpg","articleSection":["Municipios"],"inLanguage":"es","potentialAction":[{"@type":"CommentAction","name":"Comment","target":["https:\/\/www.sonoraenequipo.com.mx\/aprueba-el-cabildo-de-alamos-uso-obligatorio-de-cubrebocas\/#respond"]}]},{"@type":"WebPage","@id":"https:\/\/www.sonoraenequipo.com.mx\/aprueba-el-cabildo-de-alamos-uso-obligatorio-de-cubrebocas\/","url":"https:\/\/www.sonoraenequipo.com.mx\/aprueba-el-cabildo-de-alamos-uso-obligatorio-de-cubrebocas\/","name":"Sonora en Equipo. Aprueba el Cabildo de \u00c1lamos uso obligatorio de cubrebocas Municipios","isPartOf":{"@id":"https:\/\/www.sonoraenequipo.com.mx\/#website"},"primaryImageOfPage":{"@id":"https:\/\/www.sonoraenequipo.com.mx\/aprueba-el-cabildo-de-alamos-uso-obligatorio-de-cubrebocas\/#primaryimage"},"image":{"@id":"https:\/\/www.sonoraenequipo.com.mx\/aprueba-el-cabildo-de-alamos-uso-obligatorio-de-cubrebocas\/#primaryimage"},"thumbnailUrl":"https:\/\/www.sonoraenequipo.com.mx\/storage\/2021\/01\/Alamos-contagios-de-Covid-19_opt.jpg","datePublished":"2021-01-14T20:53:13+00:00","description":"\u00c1LAMOS, SONORA. MX. \u2014 A partir de hoy todas las personas que anden en la v\u00eda p\u00fablica y espacios colectivos en \u00c1lamos deber\u00e1n portar obligatoriamente En Sonora en Equipo publicamos toda la informaci\u00f3n de Sonora, M\u00e9xico y el Mundo de manera oportuna y busca que la libertad de expresi\u00f3n sea real. Visita nuestro medio informativo publicado desde Hermosillo, Sonora. %","breadcrumb":{"@id":"https:\/\/www.sonoraenequipo.com.mx\/aprueba-el-cabildo-de-alamos-uso-obligatorio-de-cubrebocas\/#breadcrumb"},"inLanguage":"es","potentialAction":[{"@type":"ReadAction","target":["https:\/\/www.sonoraenequipo.com.mx\/aprueba-el-cabildo-de-alamos-uso-obligatorio-de-cubrebocas\/"]}]},{"@type":"ImageObject","inLanguage":"es","@id":"https:\/\/www.sonoraenequipo.com.mx\/aprueba-el-cabildo-de-alamos-uso-obligatorio-de-cubrebocas\/#primaryimage","url":"https:\/\/www.sonoraenequipo.com.mx\/storage\/2021\/01\/Alamos-contagios-de-Covid-19_opt.jpg","contentUrl":"https:\/\/www.sonoraenequipo.com.mx\/storage\/2021\/01\/Alamos-contagios-de-Covid-19_opt.jpg","width":667,"height":500},{"@type":"BreadcrumbList","@id":"https:\/\/www.sonoraenequipo.com.mx\/aprueba-el-cabildo-de-alamos-uso-obligatorio-de-cubrebocas\/#breadcrumb","itemListElement":[{"@type":"ListItem","position":1,"name":"Portada","item":"https:\/\/www.sonoraenequipo.com.mx\/"},{"@type":"ListItem","position":2,"name":"Aprueba el Cabildo de \u00c1lamos uso obligatorio de cubrebocas"}]},{"@type":"WebSite","@id":"https:\/\/www.sonoraenequipo.com.mx\/#website","url":"https:\/\/www.sonoraenequipo.com.mx\/","name":"Sonora en Equipo.","description":"Diario en l\u00ednea con Noticias desde Hermosillo, Sonora","publisher":{"@id":"https:\/\/www.sonoraenequipo.com.mx\/#organization"},"potentialAction":[{"@type":"SearchAction","target":{"@type":"EntryPoint","urlTemplate":"https:\/\/www.sonoraenequipo.com.mx\/?s={search_term_string}"},"query-input":{"@type":"PropertyValueSpecification","valueRequired":true,"valueName":"search_term_string"}}],"inLanguage":"es"},{"@type":"Organization","@id":"https:\/\/www.sonoraenequipo.com.mx\/#organization","name":"Sonoraenequipo.com.mx","url":"https:\/\/www.sonoraenequipo.com.mx\/","logo":{"@type":"ImageObject","inLanguage":"es","@id":"https:\/\/www.sonoraenequipo.com.mx\/#\/schema\/logo\/image\/","url":"https:\/\/www.sonoraenequipo.com.mx\/storage\/2019\/01\/sonoraenequipo_opt.png","contentUrl":"https:\/\/www.sonoraenequipo.com.mx\/storage\/2019\/01\/sonoraenequipo_opt.png","width":375,"height":125,"caption":"Sonoraenequipo.com.mx"},"image":{"@id":"https:\/\/www.sonoraenequipo.com.mx\/#\/schema\/logo\/image\/"},"sameAs":["https:\/\/www.facebook.com\/SonoraEE\/","https:\/\/x.com\/sonoraenequipo","https:\/\/www.youtube.com\/channel\/UC338nW-lPEYmJQs4ZABQ1SQ"]},{"@type":"Person","@id":"https:\/\/www.sonoraenequipo.com.mx\/#\/schema\/person\/50102df0fb23a8fa9e8effad8fa81386","name":"enequipo","image":{"@type":"ImageObject","inLanguage":"es","@id":"https:\/\/www.sonoraenequipo.com.mx\/#\/schema\/person\/image\/","url":"https:\/\/secure.gravatar.com\/avatar\/049821681b589dabc0bc20695993ccebb09f5b5d4d790cd9251b97faac7c652b?s=96&d=blank&r=g","contentUrl":"https:\/\/secure.gravatar.com\/avatar\/049821681b589dabc0bc20695993ccebb09f5b5d4d790cd9251b97faac7c652b?s=96&d=blank&r=g","caption":"enequipo"},"sameAs":["https:\/\/www.facebook.com\/SonoraEE"]}]}},"jetpack_featured_media_url":"https:\/\/www.sonoraenequipo.com.mx\/storage\/2021\/01\/Alamos-contagios-de-Covid-19_opt.jpg","_links":{"self":[{"href":"https:\/\/www.sonoraenequipo.com.mx\/api\/wp\/v2\/posts\/104610","targetHints":{"allow":["GET"]}}],"collection":[{"href":"https:\/\/www.sonoraenequipo.com.mx\/api\/wp\/v2\/posts"}],"about":[{"href":"https:\/\/www.sonoraenequipo.com.mx\/api\/wp\/v2\/types\/post"}],"author":[{"embeddable":true,"href":"https:\/\/www.sonoraenequipo.com.mx\/api\/wp\/v2\/users\/1"}],"replies":[{"embeddable":true,"href":"https:\/\/www.sonoraenequipo.com.mx\/api\/wp\/v2\/comments?post=104610"}],"version-history":[{"count":1,"href":"https:\/\/www.sonoraenequipo.com.mx\/api\/wp\/v2\/posts\/104610\/revisions"}],"predecessor-version":[{"id":104612,"href":"https:\/\/www.sonoraenequipo.com.mx\/api\/wp\/v2\/posts\/104610\/revisions\/104612"}],"wp:featuredmedia":[{"embeddable":true,"href":"https:\/\/www.sonoraenequipo.com.mx\/api\/wp\/v2\/media\/104608"}],"wp:attachment":[{"href":"https:\/\/www.sonoraenequipo.com.mx\/api\/wp\/v2\/media?parent=104610"}],"wp:term":[{"taxonomy":"category","embeddable":true,"href":"https:\/\/www.sonoraenequipo.com.mx\/api\/wp\/v2\/categories?post=104610"},{"taxonomy":"post_tag","embeddable":true,"href":"https:\/\/www.sonoraenequipo.com.mx\/api\/wp\/v2\/tags?post=104610"}],"curies":[{"name":"wp","href":"https:\/\/api.w.org\/{rel}","templated":true}]}}