{"id":104614,"date":"2021-01-14T19:38:16","date_gmt":"2021-01-15T02:38:16","guid":{"rendered":"https:\/\/www.sonoraenequipo.com.mx\/?p=104614"},"modified":"2021-01-14T19:40:35","modified_gmt":"2021-01-15T02:40:35","slug":"presenta-maria-rita-plancarte-martinez-aspirante-a-la-rectoria-su-plan-de-desarrollo-en-radio-universidad","status":"publish","type":"post","link":"https:\/\/www.sonoraenequipo.com.mx\/presenta-maria-rita-plancarte-martinez-aspirante-a-la-rectoria-su-plan-de-desarrollo-en-radio-universidad\/","title":{"rendered":"Presenta Mar\u00eda Rita Plancarte Mart\u00ednez, aspirante a la Rector\u00eda, su plan de desarrollo en Radio Universidad"},"content":{"rendered":"<p>HERMOSILLO, SONORA. MX. \u2014 Avanzar hacia una educaci\u00f3n h\u00edbrida: presencial y en l\u00ednea; cerrar brechas acad\u00e9micas entre las unidades regionales, mejorar las trayectorias escolares de los estudiantes, reorganizar el campus Hermosillo para optimizar y aprovechar los espacios, y conformar un equipo de trabajo con perfiles adecuados y comprometidos con la Universidad, es parte del plan de desarrollo de Mar\u00eda Rita Plancarte Mart\u00ednez, aspirante a la Rector\u00eda de esta instituci\u00f3n.<\/p>\n<p>&nbsp;<\/p>\n<p>&nbsp;<\/p>\n<p> <\/p>\n<p>&nbsp;<\/p>\n<p>La docente e investigadora del Departamento de Letras y Ling\u00fc\u00edstica se\u00f1al\u00f3 lo anterior durante una entrevista realizada en Radio Universidad, actividad contemplada en la campa\u00f1a de difusi\u00f3n del programa de desarrollo y propuestas de los aspirantes al cargo, y estipulada en el numeral 4 de la convocatoria para el Proceso de Nombramiento de Rector, periodo 2021-2025.<\/p>\n<p>&nbsp;<\/p>\n<p>Sus motivaciones para aspirar al cargo est\u00e1n basadas en la experiencia de 35 a\u00f1os que le han brindado su actividad docente y cient\u00edfica, as\u00ed como las diversas responsabilidades administrativas que ha desempe\u00f1ado a lo largo de este tiempo en la misma Universidad de Sonora; y por otra parte, a trav\u00e9s de comentarios de apoyo que ha recibido por parte de compa\u00f1eros universitarios.<\/p>\n<p>&nbsp;<\/p>\n<p>Cuestionada sobre las fortalezas de la alma mater, consider\u00f3 que la principal es el hecho de que en la instituci\u00f3n se cultivan todas las \u00e1reas del conocimiento, desde las humanidades, las artes y la ciencias exactas, hasta las ciencias de la salud y las sociales, econ\u00f3micas, administrativas e ingenier\u00edas, aunado a la presencia estatal en los seis campus: Nogales, Caborca, Santa Ana, Hermosillo, Cajeme y Navojoa.<\/p>\n<p>&nbsp;<\/p>\n<p>Por otra parte, en este rubro destac\u00f3 las finanzas sanas de la Universidad de Sonora y lament\u00f3 que varias instituciones de educaci\u00f3n superior en M\u00e9xico est\u00e1n quiebra y tienen problemas serios; adem\u00e1s, se realizan los pagos correspondientes a tiempo y eso se logra s\u00f3lo con disciplina, trabajo y austeridad; y se trata de un aspecto que incide en la capacidad de crecimiento.<\/p>\n<p>&nbsp;<\/p>\n<p>Tambi\u00e9n resalt\u00f3 el reconocimiento nacional e internacional de los programas de licenciatura y posgrado, de tal manera que carreras como Enfermer\u00eda, Arquitectura, Mercadotecnia, y pr\u00f3ximamente Finanzas tienen certificaci\u00f3n internacional; mientras que en el caso de los programas de posgrado, todos se encuentran reconocidos por el padr\u00f3n del Programa Nacional de Posgrado de Calidad del Conacyt, adem\u00e1s del compromiso y la calidad de la planta acad\u00e9mica.<\/p>\n<p>&nbsp;<\/p>\n<p>En cuanto a las \u00e1reas de oportunidad a\u00f1adi\u00f3 que se deben mejorar las trayectorias escolares, y es que la universidad recibe determinado n\u00famero de estudiantes y no egresa una cantidad suficientemente grande; los motivos son diversos y la misma Asociaci\u00f3n Nacional de Universidades e Instituciones de Educaci\u00f3n Superior (Anuies) ha se\u00f1alado esta situaci\u00f3n entre las principales problem\u00e1ticas de las universidades, entonces el reto es apoyar a los j\u00f3venes en esta etapa de su vida para que encuentren su camino y se queden en la Universidad, explic\u00f3.<\/p>\n<p>&nbsp;<\/p>\n<p>Asimismo, la educaci\u00f3n en l\u00ednea, en el contexto actual, ha representado un cambio dr\u00e1stico y se ha cumplido hasta el momento gracias al compromiso de los maestros, estudiantes y trabajadores administrativos, y es un \u00e1rea que se debe mejorar, pues ante el peligro latente de la pandemia, se deber\u00e1 pensar en determinadas clases en l\u00ednea y otras presenciales.<\/p>\n<p>&nbsp;<\/p>\n<p>Acerca del tema presupuestal, Plancarte Mart\u00ednez dijo que para aumentar los recursos de la instituci\u00f3n pudieran considerarse fuentes complementarias al presupuesto ordinario gubernamental, entre las que se\u00f1al\u00f3 la generaci\u00f3n de ingresos propios a trav\u00e9s servicios y certificaci\u00f3n de procesos a trav\u00e9s de los laboratorios.<\/p>\n<p>&nbsp;<\/p>\n<p>Sobre la transparencia, record\u00f3 que la Universidad de Sonora hace p\u00fablica la informaci\u00f3n del uso de los recursos que recibe, pero se debe reforzar la comunicaci\u00f3n interna y externa de este tipo de informaci\u00f3n; mientras que en el tema sindical, apunt\u00f3 que es importante una relaci\u00f3n basada en el respeto y cumplimiento de los contratos colectivos de trabajo.<\/p>\n<p>&nbsp;<\/p>\n<p>De acuerdo con la barra de programaci\u00f3n establecida para estas entrevistas en Radio Universidad, el 15 de enero, a partir de las 9:00 horas, toca el turno a Ezequiel Rodr\u00edguez J\u00e1uregui, intervenci\u00f3n que podr\u00e1 sintonizarse en el 107.5 FM y en el sitio <a href=\"https:\/\/radio.unison.mx\/.\"><em><strong>https:\/\/radio.unison.mx\/.<\/strong><\/em><\/a><\/p>\n<p>&nbsp;<\/p>\n<p>Se invita a la comunidad universitaria y sociedad en general a dar seguimiento a este proceso a trav\u00e9s del sitio <a href=\"https:\/\/procesorector.unison.mx\/.\"><em><strong>https:\/\/procesorector.unison.mx\/.<\/strong><\/em><\/a><\/p>\n<p>&nbsp;<\/p>\n<p>&nbsp;<\/p>\n<p>(Publicada el 14\/01\/2021))<\/p>\n","protected":false},"excerpt":{"rendered":"<p>HERMOSILLO, SONORA. MX. \u2014 Avanzar hacia una educaci\u00f3n h\u00edbrida: presencial y en l\u00ednea; cerrar brechas&#8230;<\/p>\n","protected":false},"author":1,"featured_media":104617,"comment_status":"open","ping_status":"open","sticky":false,"template":"","format":"standard","meta":{"_monsterinsights_skip_tracking":false,"_monsterinsights_sitenote_active":false,"_monsterinsights_sitenote_note":"","_monsterinsights_sitenote_category":0,"footnotes":""},"categories":[22],"tags":[],"class_list":["post"],"yoast_head":" \n<title>Sonora en Equipo. Presenta Mar\u00eda Rita Plancarte Mart\u00ednez, aspirante a la Rector\u00eda, su plan de desarrollo en Radio Universidad Sonora<\/title>\n<meta name=\"description\" content=\"HERMOSILLO, SONORA. MX. \u2014 Avanzar hacia una educaci\u00f3n h\u00edbrida: presencial y en l\u00ednea; cerrar brechas acad\u00e9micas entre las unidades regionales, mejorar las En Sonora en Equipo publicamos toda la informaci\u00f3n de Sonora, M\u00e9xico y el Mundo de manera oportuna y busca que la libertad de expresi\u00f3n sea real. Visita nuestro medio informativo publicado desde Hermosillo, Sonora. %\" \/>\n<meta name=\"robots\" content=\"index, follow, max-snippet:-1, max-image-preview:large, max-video-preview:-1\" \/>\n<link rel=\"canonical\" href=\"https:\/\/www.sonoraenequipo.com.mx\/presenta-maria-rita-plancarte-martinez-aspirante-a-la-rectoria-su-plan-de-desarrollo-en-radio-universidad\/\" \/>\n<meta property=\"og:locale\" content=\"es_ES\" \/>\n<meta property=\"og:type\" content=\"article\" \/>\n<meta property=\"og:title\" content=\"Sonora en Equipo. Presenta Mar\u00eda Rita Plancarte Mart\u00ednez, aspirante a la Rector\u00eda, su plan de desarrollo en Radio Universidad Sonora\" \/>\n<meta property=\"og:description\" content=\"HERMOSILLO, SONORA. MX. \u2014 Avanzar hacia una educaci\u00f3n h\u00edbrida: presencial y en l\u00ednea; cerrar brechas acad\u00e9micas entre las unidades regionales, mejorar las En Sonora en Equipo publicamos toda la informaci\u00f3n de Sonora, M\u00e9xico y el Mundo de manera oportuna y busca que la libertad de expresi\u00f3n sea real. Visita nuestro medio informativo publicado desde Hermosillo, Sonora. %\" \/>\n<meta property=\"og:url\" content=\"https:\/\/www.sonoraenequipo.com.mx\/presenta-maria-rita-plancarte-martinez-aspirante-a-la-rectoria-su-plan-de-desarrollo-en-radio-universidad\/\" \/>\n<meta property=\"og:site_name\" content=\"Sonora en Equipo.\" \/>\n<meta property=\"article:publisher\" content=\"https:\/\/www.facebook.com\/SonoraEE\/\" \/>\n<meta property=\"article:author\" content=\"https:\/\/www.facebook.com\/SonoraEE\" \/>\n<meta property=\"article:published_time\" content=\"2021-01-15T02:38:16+00:00\" \/>\n<meta property=\"article:modified_time\" content=\"2021-01-15T02:40:35+00:00\" \/>\n<meta property=\"og:image\" content=\"https:\/\/www.sonoraenequipo.com.mx\/storage\/2021\/01\/MARIA-RITA-PLANCARTE-MARTINEZ_opt1.jpg\" \/>\n\t<meta property=\"og:image:width\" content=\"500\" \/>\n\t<meta property=\"og:image:height\" content=\"299\" \/>\n\t<meta property=\"og:image:type\" content=\"image\/jpeg\" \/>\n<meta name=\"author\" content=\"enequipo\" \/>\n<meta name=\"twitter:card\" content=\"summary_large_image\" \/>\n<meta name=\"twitter:creator\" content=\"@sonoraenequipo\" \/>\n<meta name=\"twitter:site\" content=\"@sonoraenequipo\" \/>\n<meta name=\"twitter:label1\" content=\"Escrito por\" \/>\n\t<meta name=\"twitter:data1\" content=\"enequipo\" \/>\n\t<meta name=\"twitter:label2\" content=\"Tiempo de lectura\" \/>\n\t<meta name=\"twitter:data2\" content=\"4 minutos\" \/>\n<script type=\"application\/ld+json\" class=\"yoast-schema-graph\">{\"@context\":\"https:\/\/schema.org\",\"@graph\":[{\"@type\":\"Article\",\"@id\":\"https:\/\/www.sonoraenequipo.com.mx\/presenta-maria-rita-plancarte-martinez-aspirante-a-la-rectoria-su-plan-de-desarrollo-en-radio-universidad\/#article\",\"isPartOf\":{\"@id\":\"https:\/\/www.sonoraenequipo.com.mx\/presenta-maria-rita-plancarte-martinez-aspirante-a-la-rectoria-su-plan-de-desarrollo-en-radio-universidad\/\"},\"author\":{\"name\":\"enequipo\",\"@id\":\"https:\/\/www.sonoraenequipo.com.mx\/#\/schema\/person\/50102df0fb23a8fa9e8effad8fa81386\"},\"headline\":\"Presenta Mar\u00eda Rita Plancarte Mart\u00ednez, aspirante a la Rector\u00eda, su plan de desarrollo en Radio Universidad\",\"datePublished\":\"2021-01-15T02:38:16+00:00\",\"dateModified\":\"2021-01-15T02:40:35+00:00\",\"mainEntityOfPage\":{\"@id\":\"https:\/\/www.sonoraenequipo.com.mx\/presenta-maria-rita-plancarte-martinez-aspirante-a-la-rectoria-su-plan-de-desarrollo-en-radio-universidad\/\"},\"wordCount\":789,\"commentCount\":0,\"publisher\":{\"@id\":\"https:\/\/www.sonoraenequipo.com.mx\/#organization\"},\"image\":{\"@id\":\"https:\/\/www.sonoraenequipo.com.mx\/presenta-maria-rita-plancarte-martinez-aspirante-a-la-rectoria-su-plan-de-desarrollo-en-radio-universidad\/#primaryimage\"},\"thumbnailUrl\":\"https:\/\/www.sonoraenequipo.com.mx\/storage\/2021\/01\/MARIA-RITA-PLANCARTE-MARTINEZ_opt1.jpg\",\"articleSection\":[\"Sonora\"],\"inLanguage\":\"es\",\"potentialAction\":[{\"@type\":\"CommentAction\",\"name\":\"Comment\",\"target\":[\"https:\/\/www.sonoraenequipo.com.mx\/presenta-maria-rita-plancarte-martinez-aspirante-a-la-rectoria-su-plan-de-desarrollo-en-radio-universidad\/#respond\"]}]},{\"@type\":\"WebPage\",\"@id\":\"https:\/\/www.sonoraenequipo.com.mx\/presenta-maria-rita-plancarte-martinez-aspirante-a-la-rectoria-su-plan-de-desarrollo-en-radio-universidad\/\",\"url\":\"https:\/\/www.sonoraenequipo.com.mx\/presenta-maria-rita-plancarte-martinez-aspirante-a-la-rectoria-su-plan-de-desarrollo-en-radio-universidad\/\",\"name\":\"Sonora en Equipo. Presenta Mar\u00eda Rita Plancarte Mart\u00ednez, aspirante a la Rector\u00eda, su plan de desarrollo en Radio Universidad Sonora\",\"isPartOf\":{\"@id\":\"https:\/\/www.sonoraenequipo.com.mx\/#website\"},\"primaryImageOfPage\":{\"@id\":\"https:\/\/www.sonoraenequipo.com.mx\/presenta-maria-rita-plancarte-martinez-aspirante-a-la-rectoria-su-plan-de-desarrollo-en-radio-universidad\/#primaryimage\"},\"image\":{\"@id\":\"https:\/\/www.sonoraenequipo.com.mx\/presenta-maria-rita-plancarte-martinez-aspirante-a-la-rectoria-su-plan-de-desarrollo-en-radio-universidad\/#primaryimage\"},\"thumbnailUrl\":\"https:\/\/www.sonoraenequipo.com.mx\/storage\/2021\/01\/MARIA-RITA-PLANCARTE-MARTINEZ_opt1.jpg\",\"datePublished\":\"2021-01-15T02:38:16+00:00\",\"dateModified\":\"2021-01-15T02:40:35+00:00\",\"description\":\"HERMOSILLO, SONORA. MX. \u2014 Avanzar hacia una educaci\u00f3n h\u00edbrida: presencial y en l\u00ednea; cerrar brechas acad\u00e9micas entre las unidades regionales, mejorar las En Sonora en Equipo publicamos toda la informaci\u00f3n de Sonora, M\u00e9xico y el Mundo de manera oportuna y busca que la libertad de expresi\u00f3n sea real. Visita nuestro medio informativo publicado desde Hermosillo, Sonora. %\",\"breadcrumb\":{\"@id\":\"https:\/\/www.sonoraenequipo.com.mx\/presenta-maria-rita-plancarte-martinez-aspirante-a-la-rectoria-su-plan-de-desarrollo-en-radio-universidad\/#breadcrumb\"},\"inLanguage\":\"es\",\"potentialAction\":[{\"@type\":\"ReadAction\",\"target\":[\"https:\/\/www.sonoraenequipo.com.mx\/presenta-maria-rita-plancarte-martinez-aspirante-a-la-rectoria-su-plan-de-desarrollo-en-radio-universidad\/\"]}]},{\"@type\":\"ImageObject\",\"inLanguage\":\"es\",\"@id\":\"https:\/\/www.sonoraenequipo.com.mx\/presenta-maria-rita-plancarte-martinez-aspirante-a-la-rectoria-su-plan-de-desarrollo-en-radio-universidad\/#primaryimage\",\"url\":\"https:\/\/www.sonoraenequipo.com.mx\/storage\/2021\/01\/MARIA-RITA-PLANCARTE-MARTINEZ_opt1.jpg\",\"contentUrl\":\"https:\/\/www.sonoraenequipo.com.mx\/storage\/2021\/01\/MARIA-RITA-PLANCARTE-MARTINEZ_opt1.jpg\",\"width\":500,\"height\":299},{\"@type\":\"BreadcrumbList\",\"@id\":\"https:\/\/www.sonoraenequipo.com.mx\/presenta-maria-rita-plancarte-martinez-aspirante-a-la-rectoria-su-plan-de-desarrollo-en-radio-universidad\/#breadcrumb\",\"itemListElement\":[{\"@type\":\"ListItem\",\"position\":1,\"name\":\"Portada\",\"item\":\"https:\/\/www.sonoraenequipo.com.mx\/\"},{\"@type\":\"ListItem\",\"position\":2,\"name\":\"Presenta Mar\u00eda Rita Plancarte Mart\u00ednez, aspirante a la Rector\u00eda, su plan de desarrollo en Radio Universidad\"}]},{\"@type\":\"WebSite\",\"@id\":\"https:\/\/www.sonoraenequipo.com.mx\/#website\",\"url\":\"https:\/\/www.sonoraenequipo.com.mx\/\",\"name\":\"Sonora en Equipo.\",\"description\":\"Diario en l\u00ednea con Noticias desde Hermosillo, Sonora\",\"publisher\":{\"@id\":\"https:\/\/www.sonoraenequipo.com.mx\/#organization\"},\"potentialAction\":[{\"@type\":\"SearchAction\",\"target\":{\"@type\":\"EntryPoint\",\"urlTemplate\":\"https:\/\/www.sonoraenequipo.com.mx\/?s={search_term_string}\"},\"query-input\":{\"@type\":\"PropertyValueSpecification\",\"valueRequired\":true,\"valueName\":\"search_term_string\"}}],\"inLanguage\":\"es\"},{\"@type\":\"Organization\",\"@id\":\"https:\/\/www.sonoraenequipo.com.mx\/#organization\",\"name\":\"Sonoraenequipo.com.mx\",\"url\":\"https:\/\/www.sonoraenequipo.com.mx\/\",\"logo\":{\"@type\":\"ImageObject\",\"inLanguage\":\"es\",\"@id\":\"https:\/\/www.sonoraenequipo.com.mx\/#\/schema\/logo\/image\/\",\"url\":\"https:\/\/www.sonoraenequipo.com.mx\/storage\/2019\/01\/sonoraenequipo_opt.png\",\"contentUrl\":\"https:\/\/www.sonoraenequipo.com.mx\/storage\/2019\/01\/sonoraenequipo_opt.png\",\"width\":375,\"height\":125,\"caption\":\"Sonoraenequipo.com.mx\"},\"image\":{\"@id\":\"https:\/\/www.sonoraenequipo.com.mx\/#\/schema\/logo\/image\/\"},\"sameAs\":[\"https:\/\/www.facebook.com\/SonoraEE\/\",\"https:\/\/x.com\/sonoraenequipo\",\"https:\/\/www.youtube.com\/channel\/UC338nW-lPEYmJQs4ZABQ1SQ\"]},{\"@type\":\"Person\",\"@id\":\"https:\/\/www.sonoraenequipo.com.mx\/#\/schema\/person\/50102df0fb23a8fa9e8effad8fa81386\",\"name\":\"enequipo\",\"image\":{\"@type\":\"ImageObject\",\"inLanguage\":\"es\",\"@id\":\"https:\/\/www.sonoraenequipo.com.mx\/#\/schema\/person\/image\/\",\"url\":\"https:\/\/secure.gravatar.com\/avatar\/049821681b589dabc0bc20695993ccebb09f5b5d4d790cd9251b97faac7c652b?s=96&d=blank&r=g\",\"contentUrl\":\"https:\/\/secure.gravatar.com\/avatar\/049821681b589dabc0bc20695993ccebb09f5b5d4d790cd9251b97faac7c652b?s=96&d=blank&r=g\",\"caption\":\"enequipo\"},\"sameAs\":[\"https:\/\/www.facebook.com\/SonoraEE\"]}]}<\/script>\n ","yoast_head_json":{"title":"Sonora en Equipo. Presenta Mar\u00eda Rita Plancarte Mart\u00ednez, aspirante a la Rector\u00eda, su plan de desarrollo en Radio Universidad Sonora","description":"HERMOSILLO, SONORA. MX. \u2014 Avanzar hacia una educaci\u00f3n h\u00edbrida: presencial y en l\u00ednea; cerrar brechas acad\u00e9micas entre las unidades regionales, mejorar las En Sonora en Equipo publicamos toda la informaci\u00f3n de Sonora, M\u00e9xico y el Mundo de manera oportuna y busca que la libertad de expresi\u00f3n sea real. Visita nuestro medio informativo publicado desde Hermosillo, Sonora. %","robots":{"index":"index","follow":"follow","max-snippet":"max-snippet:-1","max-image-preview":"max-image-preview:large","max-video-preview":"max-video-preview:-1"},"canonical":"https:\/\/www.sonoraenequipo.com.mx\/presenta-maria-rita-plancarte-martinez-aspirante-a-la-rectoria-su-plan-de-desarrollo-en-radio-universidad\/","og_locale":"es_ES","og_type":"article","og_title":"Sonora en Equipo. Presenta Mar\u00eda Rita Plancarte Mart\u00ednez, aspirante a la Rector\u00eda, su plan de desarrollo en Radio Universidad Sonora","og_description":"HERMOSILLO, SONORA. MX. \u2014 Avanzar hacia una educaci\u00f3n h\u00edbrida: presencial y en l\u00ednea; cerrar brechas acad\u00e9micas entre las unidades regionales, mejorar las En Sonora en Equipo publicamos toda la informaci\u00f3n de Sonora, M\u00e9xico y el Mundo de manera oportuna y busca que la libertad de expresi\u00f3n sea real. Visita nuestro medio informativo publicado desde Hermosillo, Sonora. %","og_url":"https:\/\/www.sonoraenequipo.com.mx\/presenta-maria-rita-plancarte-martinez-aspirante-a-la-rectoria-su-plan-de-desarrollo-en-radio-universidad\/","og_site_name":"Sonora en Equipo.","article_publisher":"https:\/\/www.facebook.com\/SonoraEE\/","article_author":"https:\/\/www.facebook.com\/SonoraEE","article_published_time":"2021-01-15T02:38:16+00:00","article_modified_time":"2021-01-15T02:40:35+00:00","og_image":[{"width":500,"height":299,"url":"https:\/\/www.sonoraenequipo.com.mx\/storage\/2021\/01\/MARIA-RITA-PLANCARTE-MARTINEZ_opt1.jpg","type":"image\/jpeg"}],"author":"enequipo","twitter_card":"summary_large_image","twitter_creator":"@sonoraenequipo","twitter_site":"@sonoraenequipo","twitter_misc":{"Escrito por":"enequipo","Tiempo de lectura":"4 minutos"},"schema":{"@context":"https:\/\/schema.org","@graph":[{"@type":"Article","@id":"https:\/\/www.sonoraenequipo.com.mx\/presenta-maria-rita-plancarte-martinez-aspirante-a-la-rectoria-su-plan-de-desarrollo-en-radio-universidad\/#article","isPartOf":{"@id":"https:\/\/www.sonoraenequipo.com.mx\/presenta-maria-rita-plancarte-martinez-aspirante-a-la-rectoria-su-plan-de-desarrollo-en-radio-universidad\/"},"author":{"name":"enequipo","@id":"https:\/\/www.sonoraenequipo.com.mx\/#\/schema\/person\/50102df0fb23a8fa9e8effad8fa81386"},"headline":"Presenta Mar\u00eda Rita Plancarte Mart\u00ednez, aspirante a la Rector\u00eda, su plan de desarrollo en Radio Universidad","datePublished":"2021-01-15T02:38:16+00:00","dateModified":"2021-01-15T02:40:35+00:00","mainEntityOfPage":{"@id":"https:\/\/www.sonoraenequipo.com.mx\/presenta-maria-rita-plancarte-martinez-aspirante-a-la-rectoria-su-plan-de-desarrollo-en-radio-universidad\/"},"wordCount":789,"commentCount":0,"publisher":{"@id":"https:\/\/www.sonoraenequipo.com.mx\/#organization"},"image":{"@id":"https:\/\/www.sonoraenequipo.com.mx\/presenta-maria-rita-plancarte-martinez-aspirante-a-la-rectoria-su-plan-de-desarrollo-en-radio-universidad\/#primaryimage"},"thumbnailUrl":"https:\/\/www.sonoraenequipo.com.mx\/storage\/2021\/01\/MARIA-RITA-PLANCARTE-MARTINEZ_opt1.jpg","articleSection":["Sonora"],"inLanguage":"es","potentialAction":[{"@type":"CommentAction","name":"Comment","target":["https:\/\/www.sonoraenequipo.com.mx\/presenta-maria-rita-plancarte-martinez-aspirante-a-la-rectoria-su-plan-de-desarrollo-en-radio-universidad\/#respond"]}]},{"@type":"WebPage","@id":"https:\/\/www.sonoraenequipo.com.mx\/presenta-maria-rita-plancarte-martinez-aspirante-a-la-rectoria-su-plan-de-desarrollo-en-radio-universidad\/","url":"https:\/\/www.sonoraenequipo.com.mx\/presenta-maria-rita-plancarte-martinez-aspirante-a-la-rectoria-su-plan-de-desarrollo-en-radio-universidad\/","name":"Sonora en Equipo. Presenta Mar\u00eda Rita Plancarte Mart\u00ednez, aspirante a la Rector\u00eda, su plan de desarrollo en Radio Universidad Sonora","isPartOf":{"@id":"https:\/\/www.sonoraenequipo.com.mx\/#website"},"primaryImageOfPage":{"@id":"https:\/\/www.sonoraenequipo.com.mx\/presenta-maria-rita-plancarte-martinez-aspirante-a-la-rectoria-su-plan-de-desarrollo-en-radio-universidad\/#primaryimage"},"image":{"@id":"https:\/\/www.sonoraenequipo.com.mx\/presenta-maria-rita-plancarte-martinez-aspirante-a-la-rectoria-su-plan-de-desarrollo-en-radio-universidad\/#primaryimage"},"thumbnailUrl":"https:\/\/www.sonoraenequipo.com.mx\/storage\/2021\/01\/MARIA-RITA-PLANCARTE-MARTINEZ_opt1.jpg","datePublished":"2021-01-15T02:38:16+00:00","dateModified":"2021-01-15T02:40:35+00:00","description":"HERMOSILLO, SONORA. MX. \u2014 Avanzar hacia una educaci\u00f3n h\u00edbrida: presencial y en l\u00ednea; cerrar brechas acad\u00e9micas entre las unidades regionales, mejorar las En Sonora en Equipo publicamos toda la informaci\u00f3n de Sonora, M\u00e9xico y el Mundo de manera oportuna y busca que la libertad de expresi\u00f3n sea real. Visita nuestro medio informativo publicado desde Hermosillo, Sonora. %","breadcrumb":{"@id":"https:\/\/www.sonoraenequipo.com.mx\/presenta-maria-rita-plancarte-martinez-aspirante-a-la-rectoria-su-plan-de-desarrollo-en-radio-universidad\/#breadcrumb"},"inLanguage":"es","potentialAction":[{"@type":"ReadAction","target":["https:\/\/www.sonoraenequipo.com.mx\/presenta-maria-rita-plancarte-martinez-aspirante-a-la-rectoria-su-plan-de-desarrollo-en-radio-universidad\/"]}]},{"@type":"ImageObject","inLanguage":"es","@id":"https:\/\/www.sonoraenequipo.com.mx\/presenta-maria-rita-plancarte-martinez-aspirante-a-la-rectoria-su-plan-de-desarrollo-en-radio-universidad\/#primaryimage","url":"https:\/\/www.sonoraenequipo.com.mx\/storage\/2021\/01\/MARIA-RITA-PLANCARTE-MARTINEZ_opt1.jpg","contentUrl":"https:\/\/www.sonoraenequipo.com.mx\/storage\/2021\/01\/MARIA-RITA-PLANCARTE-MARTINEZ_opt1.jpg","width":500,"height":299},{"@type":"BreadcrumbList","@id":"https:\/\/www.sonoraenequipo.com.mx\/presenta-maria-rita-plancarte-martinez-aspirante-a-la-rectoria-su-plan-de-desarrollo-en-radio-universidad\/#breadcrumb","itemListElement":[{"@type":"ListItem","position":1,"name":"Portada","item":"https:\/\/www.sonoraenequipo.com.mx\/"},{"@type":"ListItem","position":2,"name":"Presenta Mar\u00eda Rita Plancarte Mart\u00ednez, aspirante a la Rector\u00eda, su plan de desarrollo en Radio Universidad"}]},{"@type":"WebSite","@id":"https:\/\/www.sonoraenequipo.com.mx\/#website","url":"https:\/\/www.sonoraenequipo.com.mx\/","name":"Sonora en Equipo.","description":"Diario en l\u00ednea con Noticias desde Hermosillo, Sonora","publisher":{"@id":"https:\/\/www.sonoraenequipo.com.mx\/#organization"},"potentialAction":[{"@type":"SearchAction","target":{"@type":"EntryPoint","urlTemplate":"https:\/\/www.sonoraenequipo.com.mx\/?s={search_term_string}"},"query-input":{"@type":"PropertyValueSpecification","valueRequired":true,"valueName":"search_term_string"}}],"inLanguage":"es"},{"@type":"Organization","@id":"https:\/\/www.sonoraenequipo.com.mx\/#organization","name":"Sonoraenequipo.com.mx","url":"https:\/\/www.sonoraenequipo.com.mx\/","logo":{"@type":"ImageObject","inLanguage":"es","@id":"https:\/\/www.sonoraenequipo.com.mx\/#\/schema\/logo\/image\/","url":"https:\/\/www.sonoraenequipo.com.mx\/storage\/2019\/01\/sonoraenequipo_opt.png","contentUrl":"https:\/\/www.sonoraenequipo.com.mx\/storage\/2019\/01\/sonoraenequipo_opt.png","width":375,"height":125,"caption":"Sonoraenequipo.com.mx"},"image":{"@id":"https:\/\/www.sonoraenequipo.com.mx\/#\/schema\/logo\/image\/"},"sameAs":["https:\/\/www.facebook.com\/SonoraEE\/","https:\/\/x.com\/sonoraenequipo","https:\/\/www.youtube.com\/channel\/UC338nW-lPEYmJQs4ZABQ1SQ"]},{"@type":"Person","@id":"https:\/\/www.sonoraenequipo.com.mx\/#\/schema\/person\/50102df0fb23a8fa9e8effad8fa81386","name":"enequipo","image":{"@type":"ImageObject","inLanguage":"es","@id":"https:\/\/www.sonoraenequipo.com.mx\/#\/schema\/person\/image\/","url":"https:\/\/secure.gravatar.com\/avatar\/049821681b589dabc0bc20695993ccebb09f5b5d4d790cd9251b97faac7c652b?s=96&d=blank&r=g","contentUrl":"https:\/\/secure.gravatar.com\/avatar\/049821681b589dabc0bc20695993ccebb09f5b5d4d790cd9251b97faac7c652b?s=96&d=blank&r=g","caption":"enequipo"},"sameAs":["https:\/\/www.facebook.com\/SonoraEE"]}]}},"jetpack_featured_media_url":"https:\/\/www.sonoraenequipo.com.mx\/storage\/2021\/01\/MARIA-RITA-PLANCARTE-MARTINEZ_opt1.jpg","_links":{"self":[{"href":"https:\/\/www.sonoraenequipo.com.mx\/api\/wp\/v2\/posts\/104614","targetHints":{"allow":["GET"]}}],"collection":[{"href":"https:\/\/www.sonoraenequipo.com.mx\/api\/wp\/v2\/posts"}],"about":[{"href":"https:\/\/www.sonoraenequipo.com.mx\/api\/wp\/v2\/types\/post"}],"author":[{"embeddable":true,"href":"https:\/\/www.sonoraenequipo.com.mx\/api\/wp\/v2\/users\/1"}],"replies":[{"embeddable":true,"href":"https:\/\/www.sonoraenequipo.com.mx\/api\/wp\/v2\/comments?post=104614"}],"version-history":[{"count":1,"href":"https:\/\/www.sonoraenequipo.com.mx\/api\/wp\/v2\/posts\/104614\/revisions"}],"predecessor-version":[{"id":104618,"href":"https:\/\/www.sonoraenequipo.com.mx\/api\/wp\/v2\/posts\/104614\/revisions\/104618"}],"wp:featuredmedia":[{"embeddable":true,"href":"https:\/\/www.sonoraenequipo.com.mx\/api\/wp\/v2\/media\/104617"}],"wp:attachment":[{"href":"https:\/\/www.sonoraenequipo.com.mx\/api\/wp\/v2\/media?parent=104614"}],"wp:term":[{"taxonomy":"category","embeddable":true,"href":"https:\/\/www.sonoraenequipo.com.mx\/api\/wp\/v2\/categories?post=104614"},{"taxonomy":"post_tag","embeddable":true,"href":"https:\/\/www.sonoraenequipo.com.mx\/api\/wp\/v2\/tags?post=104614"}],"curies":[{"name":"wp","href":"https:\/\/api.w.org\/{rel}","templated":true}]}}