{"id":104640,"date":"2021-01-14T20:29:58","date_gmt":"2021-01-15T03:29:58","guid":{"rendered":"https:\/\/www.sonoraenequipo.com.mx\/?p=104640"},"modified":"2021-01-14T23:08:57","modified_gmt":"2021-01-15T06:08:57","slug":"ssa-no-aplicara-segunda-dosis-de-vacuna-pfizer-a-quienes-presentaron-reaccion-alergica-grave","status":"publish","type":"post","link":"https:\/\/www.sonoraenequipo.com.mx\/ssa-no-aplicara-segunda-dosis-de-vacuna-pfizer-a-quienes-presentaron-reaccion-alergica-grave\/","title":{"rendered":"Ssa no aplicar\u00e1 segunda dosis de vacuna Pfizer a quienes presentaron reacci\u00f3n al\u00e9rgica grave"},"content":{"rendered":"<p>CIUDAD DE M\u00c9XICO. MX. \u2014 Hugo L\u00f3pez Gatell, subsecretario de Salud, dio a conocer que no se le aplicar\u00e1 la segunda dosis de vacuna Pfizer a aquellos pacientes que presentaron una alergia grave.<\/p>\n<p>&nbsp;<\/p>\n<p> <\/p>\n<p>&nbsp;<\/p>\n<p>Lo anterior lo comparti\u00f3 durante la conferencia del jueves 14 de enero de 2021 en Palacio Nacional.<\/p>\n<p>&nbsp;<\/p>\n<p><em>\u201cDe estas 15 personas, la manifestaci\u00f3n importante fue la alergia. Quien ya se conoce al\u00e9rgico a un producto y la manifestaci\u00f3n de la alergia ha sido grave, no debe recibir m\u00e1s ese producto\u201d<\/em>, detall\u00f3.<\/p>\n<p>&nbsp;<\/p>\n<p>Aunque esas personas no recibir\u00e1n la segunda dosis de Pfizer, el subsecretario detall\u00f3 que no quedar\u00e1n del todo desprotegidos, pues la primera dosis representa una protecci\u00f3n del 80%.<\/p>\n<p>&nbsp;<\/p>\n<p><em>\u201cAfortunadamente en el esquema de a vacuna de Pfizer, la primera dosis confiere una protecci\u00f3n cercana del 80%, la cual es una protecci\u00f3n muy buena. Dado el balance entre el beneficio de una segunda dosis, que posiblemente les llevar\u00eda a una protecci\u00f3n de 10 puntos porcentuales arriba, respecto al riesgo de que tengan una nueva reacci\u00f3n al\u00e9rgica, lo cual es altamente probable, desde luego pesa m\u00e1s el riesgo que el beneficio y no deben recibir el resto del esquema\u201d<\/em>, concluy\u00f3.<\/p>\n<p><iframe loading=\"lazy\" title=\"Conferencia de Prensa #COVID19 | 14 de enero de 2021 #GraciasPorCuidarnos\" width=\"640\" height=\"360\" src=\"https:\/\/www.youtube.com\/embed\/H_l7iGTUYx0?feature=oembed\" frameborder=\"0\" allow=\"accelerometer; autoplay; clipboard-write; encrypted-media; gyroscope; picture-in-picture; web-share\" referrerpolicy=\"strict-origin-when-cross-origin\" allowfullscreen><\/iframe><\/p>\n<p>&nbsp;<\/p>\n<p>&nbsp;<\/p>\n<p>(Publicada el 14\/01\/2021 \/Con informaci\u00f3n de la Secretar\u00eda de Salud )<\/p>\n","protected":false},"excerpt":{"rendered":"<p>CIUDAD DE M\u00c9XICO. MX. \u2014 Hugo L\u00f3pez Gatell, subsecretario de Salud, dio a conocer que&#8230;<\/p>\n","protected":false},"author":1,"featured_media":104641,"comment_status":"open","ping_status":"open","sticky":false,"template":"","format":"standard","meta":{"_monsterinsights_skip_tracking":false,"_monsterinsights_sitenote_active":false,"_monsterinsights_sitenote_note":"","_monsterinsights_sitenote_category":0,"footnotes":""},"categories":[5],"tags":[],"class_list":["post"],"yoast_head":" \n<title>Sonora en Equipo. Ssa no aplicar\u00e1 segunda dosis de vacuna Pfizer a quienes presentaron reacci\u00f3n al\u00e9rgica grave Rep\u00fablica<\/title>\n<meta name=\"description\" content=\"CIUDAD DE M\u00c9XICO. MX. \u2014 Hugo L\u00f3pez Gatell, subsecretario de Salud, dio a conocer que no se le aplicar\u00e1 la segunda dosis de vacuna Pfizer a aquellos En Sonora en Equipo publicamos toda la informaci\u00f3n de Sonora, M\u00e9xico y el Mundo de manera oportuna y busca que la libertad de expresi\u00f3n sea real. Visita nuestro medio informativo publicado desde Hermosillo, Sonora. %\" \/>\n<meta name=\"robots\" content=\"index, follow, max-snippet:-1, max-image-preview:large, max-video-preview:-1\" \/>\n<link rel=\"canonical\" href=\"https:\/\/www.sonoraenequipo.com.mx\/ssa-no-aplicara-segunda-dosis-de-vacuna-pfizer-a-quienes-presentaron-reaccion-alergica-grave\/\" \/>\n<meta property=\"og:locale\" content=\"es_ES\" \/>\n<meta property=\"og:type\" content=\"article\" \/>\n<meta property=\"og:title\" content=\"Sonora en Equipo. Ssa no aplicar\u00e1 segunda dosis de vacuna Pfizer a quienes presentaron reacci\u00f3n al\u00e9rgica grave Rep\u00fablica\" \/>\n<meta property=\"og:description\" content=\"CIUDAD DE M\u00c9XICO. MX. \u2014 Hugo L\u00f3pez Gatell, subsecretario de Salud, dio a conocer que no se le aplicar\u00e1 la segunda dosis de vacuna Pfizer a aquellos En Sonora en Equipo publicamos toda la informaci\u00f3n de Sonora, M\u00e9xico y el Mundo de manera oportuna y busca que la libertad de expresi\u00f3n sea real. Visita nuestro medio informativo publicado desde Hermosillo, Sonora. %\" \/>\n<meta property=\"og:url\" content=\"https:\/\/www.sonoraenequipo.com.mx\/ssa-no-aplicara-segunda-dosis-de-vacuna-pfizer-a-quienes-presentaron-reaccion-alergica-grave\/\" \/>\n<meta property=\"og:site_name\" content=\"Sonora en Equipo.\" \/>\n<meta property=\"article:publisher\" content=\"https:\/\/www.facebook.com\/SonoraEE\/\" \/>\n<meta property=\"article:author\" content=\"https:\/\/www.facebook.com\/SonoraEE\" \/>\n<meta property=\"article:published_time\" content=\"2021-01-15T03:29:58+00:00\" \/>\n<meta property=\"article:modified_time\" content=\"2021-01-15T06:08:57+00:00\" \/>\n<meta property=\"og:image\" content=\"https:\/\/www.sonoraenequipo.com.mx\/storage\/2021\/01\/zoe-robledo_opt.jpg\" \/>\n\t<meta property=\"og:image:width\" content=\"750\" \/>\n\t<meta property=\"og:image:height\" content=\"500\" \/>\n\t<meta property=\"og:image:type\" content=\"image\/jpeg\" \/>\n<meta name=\"author\" content=\"enequipo\" \/>\n<meta name=\"twitter:card\" content=\"summary_large_image\" \/>\n<meta name=\"twitter:creator\" content=\"@sonoraenequipo\" \/>\n<meta name=\"twitter:site\" content=\"@sonoraenequipo\" \/>\n<meta name=\"twitter:label1\" content=\"Escrito por\" \/>\n\t<meta name=\"twitter:data1\" content=\"enequipo\" \/>\n\t<meta name=\"twitter:label2\" content=\"Tiempo de lectura\" \/>\n\t<meta name=\"twitter:data2\" content=\"1 minuto\" \/>\n<script type=\"application\/ld+json\" class=\"yoast-schema-graph\">{\"@context\":\"https:\/\/schema.org\",\"@graph\":[{\"@type\":\"Article\",\"@id\":\"https:\/\/www.sonoraenequipo.com.mx\/ssa-no-aplicara-segunda-dosis-de-vacuna-pfizer-a-quienes-presentaron-reaccion-alergica-grave\/#article\",\"isPartOf\":{\"@id\":\"https:\/\/www.sonoraenequipo.com.mx\/ssa-no-aplicara-segunda-dosis-de-vacuna-pfizer-a-quienes-presentaron-reaccion-alergica-grave\/\"},\"author\":{\"name\":\"enequipo\",\"@id\":\"https:\/\/www.sonoraenequipo.com.mx\/#\/schema\/person\/50102df0fb23a8fa9e8effad8fa81386\"},\"headline\":\"Ssa no aplicar\u00e1 segunda dosis de vacuna Pfizer a quienes presentaron reacci\u00f3n al\u00e9rgica grave\",\"datePublished\":\"2021-01-15T03:29:58+00:00\",\"dateModified\":\"2021-01-15T06:08:57+00:00\",\"mainEntityOfPage\":{\"@id\":\"https:\/\/www.sonoraenequipo.com.mx\/ssa-no-aplicara-segunda-dosis-de-vacuna-pfizer-a-quienes-presentaron-reaccion-alergica-grave\/\"},\"wordCount\":248,\"commentCount\":0,\"publisher\":{\"@id\":\"https:\/\/www.sonoraenequipo.com.mx\/#organization\"},\"image\":{\"@id\":\"https:\/\/www.sonoraenequipo.com.mx\/ssa-no-aplicara-segunda-dosis-de-vacuna-pfizer-a-quienes-presentaron-reaccion-alergica-grave\/#primaryimage\"},\"thumbnailUrl\":\"https:\/\/www.sonoraenequipo.com.mx\/storage\/2021\/01\/zoe-robledo_opt.jpg\",\"articleSection\":[\"Rep\u00fablica\"],\"inLanguage\":\"es\",\"potentialAction\":[{\"@type\":\"CommentAction\",\"name\":\"Comment\",\"target\":[\"https:\/\/www.sonoraenequipo.com.mx\/ssa-no-aplicara-segunda-dosis-de-vacuna-pfizer-a-quienes-presentaron-reaccion-alergica-grave\/#respond\"]}]},{\"@type\":\"WebPage\",\"@id\":\"https:\/\/www.sonoraenequipo.com.mx\/ssa-no-aplicara-segunda-dosis-de-vacuna-pfizer-a-quienes-presentaron-reaccion-alergica-grave\/\",\"url\":\"https:\/\/www.sonoraenequipo.com.mx\/ssa-no-aplicara-segunda-dosis-de-vacuna-pfizer-a-quienes-presentaron-reaccion-alergica-grave\/\",\"name\":\"Sonora en Equipo. Ssa no aplicar\u00e1 segunda dosis de vacuna Pfizer a quienes presentaron reacci\u00f3n al\u00e9rgica grave Rep\u00fablica\",\"isPartOf\":{\"@id\":\"https:\/\/www.sonoraenequipo.com.mx\/#website\"},\"primaryImageOfPage\":{\"@id\":\"https:\/\/www.sonoraenequipo.com.mx\/ssa-no-aplicara-segunda-dosis-de-vacuna-pfizer-a-quienes-presentaron-reaccion-alergica-grave\/#primaryimage\"},\"image\":{\"@id\":\"https:\/\/www.sonoraenequipo.com.mx\/ssa-no-aplicara-segunda-dosis-de-vacuna-pfizer-a-quienes-presentaron-reaccion-alergica-grave\/#primaryimage\"},\"thumbnailUrl\":\"https:\/\/www.sonoraenequipo.com.mx\/storage\/2021\/01\/zoe-robledo_opt.jpg\",\"datePublished\":\"2021-01-15T03:29:58+00:00\",\"dateModified\":\"2021-01-15T06:08:57+00:00\",\"description\":\"CIUDAD DE M\u00c9XICO. MX. \u2014 Hugo L\u00f3pez Gatell, subsecretario de Salud, dio a conocer que no se le aplicar\u00e1 la segunda dosis de vacuna Pfizer a aquellos En Sonora en Equipo publicamos toda la informaci\u00f3n de Sonora, M\u00e9xico y el Mundo de manera oportuna y busca que la libertad de expresi\u00f3n sea real. Visita nuestro medio informativo publicado desde Hermosillo, Sonora. %\",\"breadcrumb\":{\"@id\":\"https:\/\/www.sonoraenequipo.com.mx\/ssa-no-aplicara-segunda-dosis-de-vacuna-pfizer-a-quienes-presentaron-reaccion-alergica-grave\/#breadcrumb\"},\"inLanguage\":\"es\",\"potentialAction\":[{\"@type\":\"ReadAction\",\"target\":[\"https:\/\/www.sonoraenequipo.com.mx\/ssa-no-aplicara-segunda-dosis-de-vacuna-pfizer-a-quienes-presentaron-reaccion-alergica-grave\/\"]}]},{\"@type\":\"ImageObject\",\"inLanguage\":\"es\",\"@id\":\"https:\/\/www.sonoraenequipo.com.mx\/ssa-no-aplicara-segunda-dosis-de-vacuna-pfizer-a-quienes-presentaron-reaccion-alergica-grave\/#primaryimage\",\"url\":\"https:\/\/www.sonoraenequipo.com.mx\/storage\/2021\/01\/zoe-robledo_opt.jpg\",\"contentUrl\":\"https:\/\/www.sonoraenequipo.com.mx\/storage\/2021\/01\/zoe-robledo_opt.jpg\",\"width\":750,\"height\":500},{\"@type\":\"BreadcrumbList\",\"@id\":\"https:\/\/www.sonoraenequipo.com.mx\/ssa-no-aplicara-segunda-dosis-de-vacuna-pfizer-a-quienes-presentaron-reaccion-alergica-grave\/#breadcrumb\",\"itemListElement\":[{\"@type\":\"ListItem\",\"position\":1,\"name\":\"Portada\",\"item\":\"https:\/\/www.sonoraenequipo.com.mx\/\"},{\"@type\":\"ListItem\",\"position\":2,\"name\":\"Ssa no aplicar\u00e1 segunda dosis de vacuna Pfizer a quienes presentaron reacci\u00f3n al\u00e9rgica grave\"}]},{\"@type\":\"WebSite\",\"@id\":\"https:\/\/www.sonoraenequipo.com.mx\/#website\",\"url\":\"https:\/\/www.sonoraenequipo.com.mx\/\",\"name\":\"Sonora en Equipo.\",\"description\":\"Diario en l\u00ednea con Noticias desde Hermosillo, Sonora\",\"publisher\":{\"@id\":\"https:\/\/www.sonoraenequipo.com.mx\/#organization\"},\"potentialAction\":[{\"@type\":\"SearchAction\",\"target\":{\"@type\":\"EntryPoint\",\"urlTemplate\":\"https:\/\/www.sonoraenequipo.com.mx\/?s={search_term_string}\"},\"query-input\":{\"@type\":\"PropertyValueSpecification\",\"valueRequired\":true,\"valueName\":\"search_term_string\"}}],\"inLanguage\":\"es\"},{\"@type\":\"Organization\",\"@id\":\"https:\/\/www.sonoraenequipo.com.mx\/#organization\",\"name\":\"Sonoraenequipo.com.mx\",\"url\":\"https:\/\/www.sonoraenequipo.com.mx\/\",\"logo\":{\"@type\":\"ImageObject\",\"inLanguage\":\"es\",\"@id\":\"https:\/\/www.sonoraenequipo.com.mx\/#\/schema\/logo\/image\/\",\"url\":\"https:\/\/www.sonoraenequipo.com.mx\/storage\/2019\/01\/sonoraenequipo_opt.png\",\"contentUrl\":\"https:\/\/www.sonoraenequipo.com.mx\/storage\/2019\/01\/sonoraenequipo_opt.png\",\"width\":375,\"height\":125,\"caption\":\"Sonoraenequipo.com.mx\"},\"image\":{\"@id\":\"https:\/\/www.sonoraenequipo.com.mx\/#\/schema\/logo\/image\/\"},\"sameAs\":[\"https:\/\/www.facebook.com\/SonoraEE\/\",\"https:\/\/x.com\/sonoraenequipo\",\"https:\/\/www.youtube.com\/channel\/UC338nW-lPEYmJQs4ZABQ1SQ\"]},{\"@type\":\"Person\",\"@id\":\"https:\/\/www.sonoraenequipo.com.mx\/#\/schema\/person\/50102df0fb23a8fa9e8effad8fa81386\",\"name\":\"enequipo\",\"image\":{\"@type\":\"ImageObject\",\"inLanguage\":\"es\",\"@id\":\"https:\/\/www.sonoraenequipo.com.mx\/#\/schema\/person\/image\/\",\"url\":\"https:\/\/secure.gravatar.com\/avatar\/049821681b589dabc0bc20695993ccebb09f5b5d4d790cd9251b97faac7c652b?s=96&d=blank&r=g\",\"contentUrl\":\"https:\/\/secure.gravatar.com\/avatar\/049821681b589dabc0bc20695993ccebb09f5b5d4d790cd9251b97faac7c652b?s=96&d=blank&r=g\",\"caption\":\"enequipo\"},\"sameAs\":[\"https:\/\/www.facebook.com\/SonoraEE\"]}]}<\/script>\n ","yoast_head_json":{"title":"Sonora en Equipo. Ssa no aplicar\u00e1 segunda dosis de vacuna Pfizer a quienes presentaron reacci\u00f3n al\u00e9rgica grave Rep\u00fablica","description":"CIUDAD DE M\u00c9XICO. MX. \u2014 Hugo L\u00f3pez Gatell, subsecretario de Salud, dio a conocer que no se le aplicar\u00e1 la segunda dosis de vacuna Pfizer a aquellos En Sonora en Equipo publicamos toda la informaci\u00f3n de Sonora, M\u00e9xico y el Mundo de manera oportuna y busca que la libertad de expresi\u00f3n sea real. Visita nuestro medio informativo publicado desde Hermosillo, Sonora. %","robots":{"index":"index","follow":"follow","max-snippet":"max-snippet:-1","max-image-preview":"max-image-preview:large","max-video-preview":"max-video-preview:-1"},"canonical":"https:\/\/www.sonoraenequipo.com.mx\/ssa-no-aplicara-segunda-dosis-de-vacuna-pfizer-a-quienes-presentaron-reaccion-alergica-grave\/","og_locale":"es_ES","og_type":"article","og_title":"Sonora en Equipo. Ssa no aplicar\u00e1 segunda dosis de vacuna Pfizer a quienes presentaron reacci\u00f3n al\u00e9rgica grave Rep\u00fablica","og_description":"CIUDAD DE M\u00c9XICO. MX. \u2014 Hugo L\u00f3pez Gatell, subsecretario de Salud, dio a conocer que no se le aplicar\u00e1 la segunda dosis de vacuna Pfizer a aquellos En Sonora en Equipo publicamos toda la informaci\u00f3n de Sonora, M\u00e9xico y el Mundo de manera oportuna y busca que la libertad de expresi\u00f3n sea real. Visita nuestro medio informativo publicado desde Hermosillo, Sonora. %","og_url":"https:\/\/www.sonoraenequipo.com.mx\/ssa-no-aplicara-segunda-dosis-de-vacuna-pfizer-a-quienes-presentaron-reaccion-alergica-grave\/","og_site_name":"Sonora en Equipo.","article_publisher":"https:\/\/www.facebook.com\/SonoraEE\/","article_author":"https:\/\/www.facebook.com\/SonoraEE","article_published_time":"2021-01-15T03:29:58+00:00","article_modified_time":"2021-01-15T06:08:57+00:00","og_image":[{"width":750,"height":500,"url":"https:\/\/www.sonoraenequipo.com.mx\/storage\/2021\/01\/zoe-robledo_opt.jpg","type":"image\/jpeg"}],"author":"enequipo","twitter_card":"summary_large_image","twitter_creator":"@sonoraenequipo","twitter_site":"@sonoraenequipo","twitter_misc":{"Escrito por":"enequipo","Tiempo de lectura":"1 minuto"},"schema":{"@context":"https:\/\/schema.org","@graph":[{"@type":"Article","@id":"https:\/\/www.sonoraenequipo.com.mx\/ssa-no-aplicara-segunda-dosis-de-vacuna-pfizer-a-quienes-presentaron-reaccion-alergica-grave\/#article","isPartOf":{"@id":"https:\/\/www.sonoraenequipo.com.mx\/ssa-no-aplicara-segunda-dosis-de-vacuna-pfizer-a-quienes-presentaron-reaccion-alergica-grave\/"},"author":{"name":"enequipo","@id":"https:\/\/www.sonoraenequipo.com.mx\/#\/schema\/person\/50102df0fb23a8fa9e8effad8fa81386"},"headline":"Ssa no aplicar\u00e1 segunda dosis de vacuna Pfizer a quienes presentaron reacci\u00f3n al\u00e9rgica grave","datePublished":"2021-01-15T03:29:58+00:00","dateModified":"2021-01-15T06:08:57+00:00","mainEntityOfPage":{"@id":"https:\/\/www.sonoraenequipo.com.mx\/ssa-no-aplicara-segunda-dosis-de-vacuna-pfizer-a-quienes-presentaron-reaccion-alergica-grave\/"},"wordCount":248,"commentCount":0,"publisher":{"@id":"https:\/\/www.sonoraenequipo.com.mx\/#organization"},"image":{"@id":"https:\/\/www.sonoraenequipo.com.mx\/ssa-no-aplicara-segunda-dosis-de-vacuna-pfizer-a-quienes-presentaron-reaccion-alergica-grave\/#primaryimage"},"thumbnailUrl":"https:\/\/www.sonoraenequipo.com.mx\/storage\/2021\/01\/zoe-robledo_opt.jpg","articleSection":["Rep\u00fablica"],"inLanguage":"es","potentialAction":[{"@type":"CommentAction","name":"Comment","target":["https:\/\/www.sonoraenequipo.com.mx\/ssa-no-aplicara-segunda-dosis-de-vacuna-pfizer-a-quienes-presentaron-reaccion-alergica-grave\/#respond"]}]},{"@type":"WebPage","@id":"https:\/\/www.sonoraenequipo.com.mx\/ssa-no-aplicara-segunda-dosis-de-vacuna-pfizer-a-quienes-presentaron-reaccion-alergica-grave\/","url":"https:\/\/www.sonoraenequipo.com.mx\/ssa-no-aplicara-segunda-dosis-de-vacuna-pfizer-a-quienes-presentaron-reaccion-alergica-grave\/","name":"Sonora en Equipo. Ssa no aplicar\u00e1 segunda dosis de vacuna Pfizer a quienes presentaron reacci\u00f3n al\u00e9rgica grave Rep\u00fablica","isPartOf":{"@id":"https:\/\/www.sonoraenequipo.com.mx\/#website"},"primaryImageOfPage":{"@id":"https:\/\/www.sonoraenequipo.com.mx\/ssa-no-aplicara-segunda-dosis-de-vacuna-pfizer-a-quienes-presentaron-reaccion-alergica-grave\/#primaryimage"},"image":{"@id":"https:\/\/www.sonoraenequipo.com.mx\/ssa-no-aplicara-segunda-dosis-de-vacuna-pfizer-a-quienes-presentaron-reaccion-alergica-grave\/#primaryimage"},"thumbnailUrl":"https:\/\/www.sonoraenequipo.com.mx\/storage\/2021\/01\/zoe-robledo_opt.jpg","datePublished":"2021-01-15T03:29:58+00:00","dateModified":"2021-01-15T06:08:57+00:00","description":"CIUDAD DE M\u00c9XICO. MX. \u2014 Hugo L\u00f3pez Gatell, subsecretario de Salud, dio a conocer que no se le aplicar\u00e1 la segunda dosis de vacuna Pfizer a aquellos En Sonora en Equipo publicamos toda la informaci\u00f3n de Sonora, M\u00e9xico y el Mundo de manera oportuna y busca que la libertad de expresi\u00f3n sea real. Visita nuestro medio informativo publicado desde Hermosillo, Sonora. %","breadcrumb":{"@id":"https:\/\/www.sonoraenequipo.com.mx\/ssa-no-aplicara-segunda-dosis-de-vacuna-pfizer-a-quienes-presentaron-reaccion-alergica-grave\/#breadcrumb"},"inLanguage":"es","potentialAction":[{"@type":"ReadAction","target":["https:\/\/www.sonoraenequipo.com.mx\/ssa-no-aplicara-segunda-dosis-de-vacuna-pfizer-a-quienes-presentaron-reaccion-alergica-grave\/"]}]},{"@type":"ImageObject","inLanguage":"es","@id":"https:\/\/www.sonoraenequipo.com.mx\/ssa-no-aplicara-segunda-dosis-de-vacuna-pfizer-a-quienes-presentaron-reaccion-alergica-grave\/#primaryimage","url":"https:\/\/www.sonoraenequipo.com.mx\/storage\/2021\/01\/zoe-robledo_opt.jpg","contentUrl":"https:\/\/www.sonoraenequipo.com.mx\/storage\/2021\/01\/zoe-robledo_opt.jpg","width":750,"height":500},{"@type":"BreadcrumbList","@id":"https:\/\/www.sonoraenequipo.com.mx\/ssa-no-aplicara-segunda-dosis-de-vacuna-pfizer-a-quienes-presentaron-reaccion-alergica-grave\/#breadcrumb","itemListElement":[{"@type":"ListItem","position":1,"name":"Portada","item":"https:\/\/www.sonoraenequipo.com.mx\/"},{"@type":"ListItem","position":2,"name":"Ssa no aplicar\u00e1 segunda dosis de vacuna Pfizer a quienes presentaron reacci\u00f3n al\u00e9rgica grave"}]},{"@type":"WebSite","@id":"https:\/\/www.sonoraenequipo.com.mx\/#website","url":"https:\/\/www.sonoraenequipo.com.mx\/","name":"Sonora en Equipo.","description":"Diario en l\u00ednea con Noticias desde Hermosillo, Sonora","publisher":{"@id":"https:\/\/www.sonoraenequipo.com.mx\/#organization"},"potentialAction":[{"@type":"SearchAction","target":{"@type":"EntryPoint","urlTemplate":"https:\/\/www.sonoraenequipo.com.mx\/?s={search_term_string}"},"query-input":{"@type":"PropertyValueSpecification","valueRequired":true,"valueName":"search_term_string"}}],"inLanguage":"es"},{"@type":"Organization","@id":"https:\/\/www.sonoraenequipo.com.mx\/#organization","name":"Sonoraenequipo.com.mx","url":"https:\/\/www.sonoraenequipo.com.mx\/","logo":{"@type":"ImageObject","inLanguage":"es","@id":"https:\/\/www.sonoraenequipo.com.mx\/#\/schema\/logo\/image\/","url":"https:\/\/www.sonoraenequipo.com.mx\/storage\/2019\/01\/sonoraenequipo_opt.png","contentUrl":"https:\/\/www.sonoraenequipo.com.mx\/storage\/2019\/01\/sonoraenequipo_opt.png","width":375,"height":125,"caption":"Sonoraenequipo.com.mx"},"image":{"@id":"https:\/\/www.sonoraenequipo.com.mx\/#\/schema\/logo\/image\/"},"sameAs":["https:\/\/www.facebook.com\/SonoraEE\/","https:\/\/x.com\/sonoraenequipo","https:\/\/www.youtube.com\/channel\/UC338nW-lPEYmJQs4ZABQ1SQ"]},{"@type":"Person","@id":"https:\/\/www.sonoraenequipo.com.mx\/#\/schema\/person\/50102df0fb23a8fa9e8effad8fa81386","name":"enequipo","image":{"@type":"ImageObject","inLanguage":"es","@id":"https:\/\/www.sonoraenequipo.com.mx\/#\/schema\/person\/image\/","url":"https:\/\/secure.gravatar.com\/avatar\/049821681b589dabc0bc20695993ccebb09f5b5d4d790cd9251b97faac7c652b?s=96&d=blank&r=g","contentUrl":"https:\/\/secure.gravatar.com\/avatar\/049821681b589dabc0bc20695993ccebb09f5b5d4d790cd9251b97faac7c652b?s=96&d=blank&r=g","caption":"enequipo"},"sameAs":["https:\/\/www.facebook.com\/SonoraEE"]}]}},"jetpack_featured_media_url":"https:\/\/www.sonoraenequipo.com.mx\/storage\/2021\/01\/zoe-robledo_opt.jpg","_links":{"self":[{"href":"https:\/\/www.sonoraenequipo.com.mx\/api\/wp\/v2\/posts\/104640","targetHints":{"allow":["GET"]}}],"collection":[{"href":"https:\/\/www.sonoraenequipo.com.mx\/api\/wp\/v2\/posts"}],"about":[{"href":"https:\/\/www.sonoraenequipo.com.mx\/api\/wp\/v2\/types\/post"}],"author":[{"embeddable":true,"href":"https:\/\/www.sonoraenequipo.com.mx\/api\/wp\/v2\/users\/1"}],"replies":[{"embeddable":true,"href":"https:\/\/www.sonoraenequipo.com.mx\/api\/wp\/v2\/comments?post=104640"}],"version-history":[{"count":1,"href":"https:\/\/www.sonoraenequipo.com.mx\/api\/wp\/v2\/posts\/104640\/revisions"}],"predecessor-version":[{"id":104642,"href":"https:\/\/www.sonoraenequipo.com.mx\/api\/wp\/v2\/posts\/104640\/revisions\/104642"}],"wp:featuredmedia":[{"embeddable":true,"href":"https:\/\/www.sonoraenequipo.com.mx\/api\/wp\/v2\/media\/104641"}],"wp:attachment":[{"href":"https:\/\/www.sonoraenequipo.com.mx\/api\/wp\/v2\/media?parent=104640"}],"wp:term":[{"taxonomy":"category","embeddable":true,"href":"https:\/\/www.sonoraenequipo.com.mx\/api\/wp\/v2\/categories?post=104640"},{"taxonomy":"post_tag","embeddable":true,"href":"https:\/\/www.sonoraenequipo.com.mx\/api\/wp\/v2\/tags?post=104640"}],"curies":[{"name":"wp","href":"https:\/\/api.w.org\/{rel}","templated":true}]}}