{"id":104647,"date":"2021-01-14T22:45:19","date_gmt":"2021-01-15T05:45:19","guid":{"rendered":"https:\/\/www.sonoraenequipo.com.mx\/?p=104647"},"modified":"2021-01-14T23:21:14","modified_gmt":"2021-01-15T06:21:14","slug":"extremistas-de-derecha-y-supremacistas-blancos-reclutan-militares-asegura-pentagono","status":"publish","type":"post","link":"https:\/\/www.sonoraenequipo.com.mx\/extremistas-de-derecha-y-supremacistas-blancos-reclutan-militares-asegura-pentagono\/","title":{"rendered":"Extremistas de derecha y supremacistas blancos reclutan militares, asegura Pent\u00e1gono"},"content":{"rendered":"<p>ESTADOS UNIDOS. \u2014 Extremistas de derecha y supremacistas blancos han atra\u00eddo integrantes de las fuerzas armadas estadounidenses, asegur\u00f3 el Pent\u00e1gono.<\/p>\n<p>&nbsp;<\/p>\n<p> <\/p>\n<p>&nbsp;<\/p>\n<p>&nbsp;<\/p>\n<p>Una semana despu\u00e9s del asalto al Capitolio por parte de seguidores del presidente Donald Trump, el Pent\u00e1gono indic\u00f3 que lanzar\u00e1 una investigaci\u00f3n sobre el alcance del extremismo en filas castrenses.<\/p>\n<p>&nbsp;<\/p>\n<p>Un alto jerarca de Defensa, que pidi\u00f3 el anonimato, dijo a la prensa que se ha verificado un incremento de las actividades de ultraderechistas entre los militares el a\u00f1o pasado, aunque not\u00f3 que va en paralelo con el aumento a nivel de toda la sociedad.<\/p>\n<p>&nbsp;<\/p>\n<p><em>\u201cSabemos que algunos grupos intentan atraer a nuestro personal a su causa de manera muy activa, o alientan a sus miembros a enrolarse para adquirir habilidades y experiencia en nuestra fuerza\u201d,<\/em> explic\u00f3.<\/p>\n<p>&nbsp;<\/p>\n<p><em>\u201cReconocemos que esas habilidades son muy preciadas por algunos de estos grupos, no solamente por la capacidad que les brinda, sino tambi\u00e9n porque le da una p\u00e1tina de legitimidad a su pensamiento\u201d.<\/em><\/p>\n<p>&nbsp;<\/p>\n<p>Los militares son conscientes del problema desde hace un buen tiempo. Pero el asunto tom\u00f3 un nuevo cariz por la participaci\u00f3n de militares en activo, en retiro y agentes de la polic\u00eda, en el asalto al Capitolio el 6 de enero.<\/p>\n<p>&nbsp;<\/p>\n<p>Una capitana, especialista en operaciones psicol\u00f3gicas en Carolina del Norte, organiz\u00f3 un grupo de 100 personas para tomar parte en la protesta. Pidi\u00f3 la baja desde entonces.<\/p>\n<p>&nbsp;<\/p>\n<p><em>\u201cEn el Departamento de Defensa estamos haciendo todo lo que podemos para eliminar el extremismo\u201d<\/em>, dijo Garry Reid, que supervisa tareas de inteligencia y mantenimiento de la ley en la oficina del secretario.<\/p>\n<p>&nbsp;<\/p>\n<p><em>\u201cLa pol\u00edtica del Departamento de Defensa proh\u00edbe expresamente que el personal militar defienda ideolog\u00eda o causas supremacistas, extremistas o de pandillas criminales<\/em>\u201d, dijo Reid.<\/p>\n<p>&nbsp;<\/p>\n<p>La oficina del inspector general independiente del Pent\u00e1gono anunci\u00f3 el jueves la apertura de una investigaci\u00f3n para analizar cu\u00e1n efectivos son los programas que buscan prevenir el crecimiento del extremismo y apoyo a pandillas en una fuerza militar de dos millones de efectivos.<\/p>\n<p>&nbsp;<\/p>\n<p>Pero hasta el momento no se han divulgado cifras sobre la magnitud del problema.<\/p>\n<p>&nbsp;<\/p>\n<p>Un total de 14 senadores le pidi\u00f3 al Pent\u00e1gono este jueves que analice el asunto con m\u00e1s detenimiento.<\/p>\n<p>&nbsp;<\/p>\n<p><em>\u201cEl tema del supremacismo blanco e ideolog\u00eda extremista no es nuevo entre nuestros militares, pero el ataque al Capitolio dej\u00f3 en claro que esta tendencia alarmante debe ser abordada inmediatamente\u201d<\/em>, dijeron.<\/p>\n<p>&nbsp;<\/p>\n<p>Notaron que una encuesta realizada por la publicaci\u00f3n Military Times el a\u00f1o pasado revel\u00f3 que un tercio de los militares en activo que respondi\u00f3 ven se\u00f1ales de supremacismo o ideolog\u00eda racista entre las tropas.<\/p>\n<p>&nbsp;<\/p>\n<p>(Publicada el 14\/01\/2021\/ Con informaci\u00f3n de AFP)<\/p>\n","protected":false},"excerpt":{"rendered":"<p>ESTADOS UNIDOS. \u2014 Extremistas de derecha y supremacistas blancos han atra\u00eddo integrantes de las fuerzas&#8230;<\/p>\n","protected":false},"author":1,"featured_media":104648,"comment_status":"open","ping_status":"open","sticky":false,"template":"","format":"standard","meta":{"_monsterinsights_skip_tracking":false,"_monsterinsights_sitenote_active":false,"_monsterinsights_sitenote_note":"","_monsterinsights_sitenote_category":0,"footnotes":""},"categories":[3],"tags":[],"class_list":["post"],"yoast_head":" \n<title>Sonora en Equipo. Extremistas de derecha y supremacistas blancos reclutan militares, asegura Pent\u00e1gono MUNDO<\/title>\n<meta name=\"description\" content=\"ESTADOS UNIDOS. \u2014 Extremistas de derecha y supremacistas blancos han atra\u00eddo integrantes de las fuerzas armadas estadounidenses, asegur\u00f3 el En Sonora en Equipo publicamos toda la informaci\u00f3n de Sonora, M\u00e9xico y el Mundo de manera oportuna y busca que la libertad de expresi\u00f3n sea real. Visita nuestro medio informativo publicado desde Hermosillo, Sonora. %\" \/>\n<meta name=\"robots\" content=\"index, follow, max-snippet:-1, max-image-preview:large, max-video-preview:-1\" \/>\n<link rel=\"canonical\" href=\"https:\/\/www.sonoraenequipo.com.mx\/extremistas-de-derecha-y-supremacistas-blancos-reclutan-militares-asegura-pentagono\/\" \/>\n<meta property=\"og:locale\" content=\"es_ES\" \/>\n<meta property=\"og:type\" content=\"article\" \/>\n<meta property=\"og:title\" content=\"Sonora en Equipo. Extremistas de derecha y supremacistas blancos reclutan militares, asegura Pent\u00e1gono MUNDO\" \/>\n<meta property=\"og:description\" content=\"ESTADOS UNIDOS. \u2014 Extremistas de derecha y supremacistas blancos han atra\u00eddo integrantes de las fuerzas armadas estadounidenses, asegur\u00f3 el En Sonora en Equipo publicamos toda la informaci\u00f3n de Sonora, M\u00e9xico y el Mundo de manera oportuna y busca que la libertad de expresi\u00f3n sea real. Visita nuestro medio informativo publicado desde Hermosillo, Sonora. %\" \/>\n<meta property=\"og:url\" content=\"https:\/\/www.sonoraenequipo.com.mx\/extremistas-de-derecha-y-supremacistas-blancos-reclutan-militares-asegura-pentagono\/\" \/>\n<meta property=\"og:site_name\" content=\"Sonora en Equipo.\" \/>\n<meta property=\"article:publisher\" content=\"https:\/\/www.facebook.com\/SonoraEE\/\" \/>\n<meta property=\"article:author\" content=\"https:\/\/www.facebook.com\/SonoraEE\" \/>\n<meta property=\"article:published_time\" content=\"2021-01-15T05:45:19+00:00\" \/>\n<meta property=\"article:modified_time\" content=\"2021-01-15T06:21:14+00:00\" \/>\n<meta property=\"og:image\" content=\"https:\/\/www.sonoraenequipo.com.mx\/storage\/2021\/01\/capitolio_opt1.jpg\" \/>\n\t<meta property=\"og:image:width\" content=\"685\" \/>\n\t<meta property=\"og:image:height\" content=\"400\" \/>\n\t<meta property=\"og:image:type\" content=\"image\/jpeg\" \/>\n<meta name=\"author\" content=\"enequipo\" \/>\n<meta name=\"twitter:card\" content=\"summary_large_image\" \/>\n<meta name=\"twitter:creator\" content=\"@sonoraenequipo\" \/>\n<meta name=\"twitter:site\" content=\"@sonoraenequipo\" \/>\n<meta name=\"twitter:label1\" content=\"Escrito por\" \/>\n\t<meta name=\"twitter:data1\" content=\"enequipo\" \/>\n\t<meta name=\"twitter:label2\" content=\"Tiempo de lectura\" \/>\n\t<meta name=\"twitter:data2\" content=\"2 minutos\" \/>\n<script type=\"application\/ld+json\" class=\"yoast-schema-graph\">{\"@context\":\"https:\/\/schema.org\",\"@graph\":[{\"@type\":\"Article\",\"@id\":\"https:\/\/www.sonoraenequipo.com.mx\/extremistas-de-derecha-y-supremacistas-blancos-reclutan-militares-asegura-pentagono\/#article\",\"isPartOf\":{\"@id\":\"https:\/\/www.sonoraenequipo.com.mx\/extremistas-de-derecha-y-supremacistas-blancos-reclutan-militares-asegura-pentagono\/\"},\"author\":{\"name\":\"enequipo\",\"@id\":\"https:\/\/www.sonoraenequipo.com.mx\/#\/schema\/person\/50102df0fb23a8fa9e8effad8fa81386\"},\"headline\":\"Extremistas de derecha y supremacistas blancos reclutan militares, asegura Pent\u00e1gono\",\"datePublished\":\"2021-01-15T05:45:19+00:00\",\"dateModified\":\"2021-01-15T06:21:14+00:00\",\"mainEntityOfPage\":{\"@id\":\"https:\/\/www.sonoraenequipo.com.mx\/extremistas-de-derecha-y-supremacistas-blancos-reclutan-militares-asegura-pentagono\/\"},\"wordCount\":478,\"commentCount\":0,\"publisher\":{\"@id\":\"https:\/\/www.sonoraenequipo.com.mx\/#organization\"},\"image\":{\"@id\":\"https:\/\/www.sonoraenequipo.com.mx\/extremistas-de-derecha-y-supremacistas-blancos-reclutan-militares-asegura-pentagono\/#primaryimage\"},\"thumbnailUrl\":\"https:\/\/www.sonoraenequipo.com.mx\/storage\/2021\/01\/capitolio_opt1.jpg\",\"articleSection\":[\"MUNDO\"],\"inLanguage\":\"es\",\"potentialAction\":[{\"@type\":\"CommentAction\",\"name\":\"Comment\",\"target\":[\"https:\/\/www.sonoraenequipo.com.mx\/extremistas-de-derecha-y-supremacistas-blancos-reclutan-militares-asegura-pentagono\/#respond\"]}]},{\"@type\":\"WebPage\",\"@id\":\"https:\/\/www.sonoraenequipo.com.mx\/extremistas-de-derecha-y-supremacistas-blancos-reclutan-militares-asegura-pentagono\/\",\"url\":\"https:\/\/www.sonoraenequipo.com.mx\/extremistas-de-derecha-y-supremacistas-blancos-reclutan-militares-asegura-pentagono\/\",\"name\":\"Sonora en Equipo. Extremistas de derecha y supremacistas blancos reclutan militares, asegura Pent\u00e1gono MUNDO\",\"isPartOf\":{\"@id\":\"https:\/\/www.sonoraenequipo.com.mx\/#website\"},\"primaryImageOfPage\":{\"@id\":\"https:\/\/www.sonoraenequipo.com.mx\/extremistas-de-derecha-y-supremacistas-blancos-reclutan-militares-asegura-pentagono\/#primaryimage\"},\"image\":{\"@id\":\"https:\/\/www.sonoraenequipo.com.mx\/extremistas-de-derecha-y-supremacistas-blancos-reclutan-militares-asegura-pentagono\/#primaryimage\"},\"thumbnailUrl\":\"https:\/\/www.sonoraenequipo.com.mx\/storage\/2021\/01\/capitolio_opt1.jpg\",\"datePublished\":\"2021-01-15T05:45:19+00:00\",\"dateModified\":\"2021-01-15T06:21:14+00:00\",\"description\":\"ESTADOS UNIDOS. \u2014 Extremistas de derecha y supremacistas blancos han atra\u00eddo integrantes de las fuerzas armadas estadounidenses, asegur\u00f3 el En Sonora en Equipo publicamos toda la informaci\u00f3n de Sonora, M\u00e9xico y el Mundo de manera oportuna y busca que la libertad de expresi\u00f3n sea real. Visita nuestro medio informativo publicado desde Hermosillo, Sonora. %\",\"breadcrumb\":{\"@id\":\"https:\/\/www.sonoraenequipo.com.mx\/extremistas-de-derecha-y-supremacistas-blancos-reclutan-militares-asegura-pentagono\/#breadcrumb\"},\"inLanguage\":\"es\",\"potentialAction\":[{\"@type\":\"ReadAction\",\"target\":[\"https:\/\/www.sonoraenequipo.com.mx\/extremistas-de-derecha-y-supremacistas-blancos-reclutan-militares-asegura-pentagono\/\"]}]},{\"@type\":\"ImageObject\",\"inLanguage\":\"es\",\"@id\":\"https:\/\/www.sonoraenequipo.com.mx\/extremistas-de-derecha-y-supremacistas-blancos-reclutan-militares-asegura-pentagono\/#primaryimage\",\"url\":\"https:\/\/www.sonoraenequipo.com.mx\/storage\/2021\/01\/capitolio_opt1.jpg\",\"contentUrl\":\"https:\/\/www.sonoraenequipo.com.mx\/storage\/2021\/01\/capitolio_opt1.jpg\",\"width\":685,\"height\":400},{\"@type\":\"BreadcrumbList\",\"@id\":\"https:\/\/www.sonoraenequipo.com.mx\/extremistas-de-derecha-y-supremacistas-blancos-reclutan-militares-asegura-pentagono\/#breadcrumb\",\"itemListElement\":[{\"@type\":\"ListItem\",\"position\":1,\"name\":\"Portada\",\"item\":\"https:\/\/www.sonoraenequipo.com.mx\/\"},{\"@type\":\"ListItem\",\"position\":2,\"name\":\"Extremistas de derecha y supremacistas blancos reclutan militares, asegura Pent\u00e1gono\"}]},{\"@type\":\"WebSite\",\"@id\":\"https:\/\/www.sonoraenequipo.com.mx\/#website\",\"url\":\"https:\/\/www.sonoraenequipo.com.mx\/\",\"name\":\"Sonora en Equipo.\",\"description\":\"Diario en l\u00ednea con Noticias desde Hermosillo, Sonora\",\"publisher\":{\"@id\":\"https:\/\/www.sonoraenequipo.com.mx\/#organization\"},\"potentialAction\":[{\"@type\":\"SearchAction\",\"target\":{\"@type\":\"EntryPoint\",\"urlTemplate\":\"https:\/\/www.sonoraenequipo.com.mx\/?s={search_term_string}\"},\"query-input\":{\"@type\":\"PropertyValueSpecification\",\"valueRequired\":true,\"valueName\":\"search_term_string\"}}],\"inLanguage\":\"es\"},{\"@type\":\"Organization\",\"@id\":\"https:\/\/www.sonoraenequipo.com.mx\/#organization\",\"name\":\"Sonoraenequipo.com.mx\",\"url\":\"https:\/\/www.sonoraenequipo.com.mx\/\",\"logo\":{\"@type\":\"ImageObject\",\"inLanguage\":\"es\",\"@id\":\"https:\/\/www.sonoraenequipo.com.mx\/#\/schema\/logo\/image\/\",\"url\":\"https:\/\/www.sonoraenequipo.com.mx\/storage\/2019\/01\/sonoraenequipo_opt.png\",\"contentUrl\":\"https:\/\/www.sonoraenequipo.com.mx\/storage\/2019\/01\/sonoraenequipo_opt.png\",\"width\":375,\"height\":125,\"caption\":\"Sonoraenequipo.com.mx\"},\"image\":{\"@id\":\"https:\/\/www.sonoraenequipo.com.mx\/#\/schema\/logo\/image\/\"},\"sameAs\":[\"https:\/\/www.facebook.com\/SonoraEE\/\",\"https:\/\/x.com\/sonoraenequipo\",\"https:\/\/www.youtube.com\/channel\/UC338nW-lPEYmJQs4ZABQ1SQ\"]},{\"@type\":\"Person\",\"@id\":\"https:\/\/www.sonoraenequipo.com.mx\/#\/schema\/person\/50102df0fb23a8fa9e8effad8fa81386\",\"name\":\"enequipo\",\"image\":{\"@type\":\"ImageObject\",\"inLanguage\":\"es\",\"@id\":\"https:\/\/www.sonoraenequipo.com.mx\/#\/schema\/person\/image\/\",\"url\":\"https:\/\/secure.gravatar.com\/avatar\/049821681b589dabc0bc20695993ccebb09f5b5d4d790cd9251b97faac7c652b?s=96&d=blank&r=g\",\"contentUrl\":\"https:\/\/secure.gravatar.com\/avatar\/049821681b589dabc0bc20695993ccebb09f5b5d4d790cd9251b97faac7c652b?s=96&d=blank&r=g\",\"caption\":\"enequipo\"},\"sameAs\":[\"https:\/\/www.facebook.com\/SonoraEE\"]}]}<\/script>\n ","yoast_head_json":{"title":"Sonora en Equipo. Extremistas de derecha y supremacistas blancos reclutan militares, asegura Pent\u00e1gono MUNDO","description":"ESTADOS UNIDOS. \u2014 Extremistas de derecha y supremacistas blancos han atra\u00eddo integrantes de las fuerzas armadas estadounidenses, asegur\u00f3 el En Sonora en Equipo publicamos toda la informaci\u00f3n de Sonora, M\u00e9xico y el Mundo de manera oportuna y busca que la libertad de expresi\u00f3n sea real. Visita nuestro medio informativo publicado desde Hermosillo, Sonora. %","robots":{"index":"index","follow":"follow","max-snippet":"max-snippet:-1","max-image-preview":"max-image-preview:large","max-video-preview":"max-video-preview:-1"},"canonical":"https:\/\/www.sonoraenequipo.com.mx\/extremistas-de-derecha-y-supremacistas-blancos-reclutan-militares-asegura-pentagono\/","og_locale":"es_ES","og_type":"article","og_title":"Sonora en Equipo. Extremistas de derecha y supremacistas blancos reclutan militares, asegura Pent\u00e1gono MUNDO","og_description":"ESTADOS UNIDOS. \u2014 Extremistas de derecha y supremacistas blancos han atra\u00eddo integrantes de las fuerzas armadas estadounidenses, asegur\u00f3 el En Sonora en Equipo publicamos toda la informaci\u00f3n de Sonora, M\u00e9xico y el Mundo de manera oportuna y busca que la libertad de expresi\u00f3n sea real. Visita nuestro medio informativo publicado desde Hermosillo, Sonora. %","og_url":"https:\/\/www.sonoraenequipo.com.mx\/extremistas-de-derecha-y-supremacistas-blancos-reclutan-militares-asegura-pentagono\/","og_site_name":"Sonora en Equipo.","article_publisher":"https:\/\/www.facebook.com\/SonoraEE\/","article_author":"https:\/\/www.facebook.com\/SonoraEE","article_published_time":"2021-01-15T05:45:19+00:00","article_modified_time":"2021-01-15T06:21:14+00:00","og_image":[{"width":685,"height":400,"url":"https:\/\/www.sonoraenequipo.com.mx\/storage\/2021\/01\/capitolio_opt1.jpg","type":"image\/jpeg"}],"author":"enequipo","twitter_card":"summary_large_image","twitter_creator":"@sonoraenequipo","twitter_site":"@sonoraenequipo","twitter_misc":{"Escrito por":"enequipo","Tiempo de lectura":"2 minutos"},"schema":{"@context":"https:\/\/schema.org","@graph":[{"@type":"Article","@id":"https:\/\/www.sonoraenequipo.com.mx\/extremistas-de-derecha-y-supremacistas-blancos-reclutan-militares-asegura-pentagono\/#article","isPartOf":{"@id":"https:\/\/www.sonoraenequipo.com.mx\/extremistas-de-derecha-y-supremacistas-blancos-reclutan-militares-asegura-pentagono\/"},"author":{"name":"enequipo","@id":"https:\/\/www.sonoraenequipo.com.mx\/#\/schema\/person\/50102df0fb23a8fa9e8effad8fa81386"},"headline":"Extremistas de derecha y supremacistas blancos reclutan militares, asegura Pent\u00e1gono","datePublished":"2021-01-15T05:45:19+00:00","dateModified":"2021-01-15T06:21:14+00:00","mainEntityOfPage":{"@id":"https:\/\/www.sonoraenequipo.com.mx\/extremistas-de-derecha-y-supremacistas-blancos-reclutan-militares-asegura-pentagono\/"},"wordCount":478,"commentCount":0,"publisher":{"@id":"https:\/\/www.sonoraenequipo.com.mx\/#organization"},"image":{"@id":"https:\/\/www.sonoraenequipo.com.mx\/extremistas-de-derecha-y-supremacistas-blancos-reclutan-militares-asegura-pentagono\/#primaryimage"},"thumbnailUrl":"https:\/\/www.sonoraenequipo.com.mx\/storage\/2021\/01\/capitolio_opt1.jpg","articleSection":["MUNDO"],"inLanguage":"es","potentialAction":[{"@type":"CommentAction","name":"Comment","target":["https:\/\/www.sonoraenequipo.com.mx\/extremistas-de-derecha-y-supremacistas-blancos-reclutan-militares-asegura-pentagono\/#respond"]}]},{"@type":"WebPage","@id":"https:\/\/www.sonoraenequipo.com.mx\/extremistas-de-derecha-y-supremacistas-blancos-reclutan-militares-asegura-pentagono\/","url":"https:\/\/www.sonoraenequipo.com.mx\/extremistas-de-derecha-y-supremacistas-blancos-reclutan-militares-asegura-pentagono\/","name":"Sonora en Equipo. Extremistas de derecha y supremacistas blancos reclutan militares, asegura Pent\u00e1gono MUNDO","isPartOf":{"@id":"https:\/\/www.sonoraenequipo.com.mx\/#website"},"primaryImageOfPage":{"@id":"https:\/\/www.sonoraenequipo.com.mx\/extremistas-de-derecha-y-supremacistas-blancos-reclutan-militares-asegura-pentagono\/#primaryimage"},"image":{"@id":"https:\/\/www.sonoraenequipo.com.mx\/extremistas-de-derecha-y-supremacistas-blancos-reclutan-militares-asegura-pentagono\/#primaryimage"},"thumbnailUrl":"https:\/\/www.sonoraenequipo.com.mx\/storage\/2021\/01\/capitolio_opt1.jpg","datePublished":"2021-01-15T05:45:19+00:00","dateModified":"2021-01-15T06:21:14+00:00","description":"ESTADOS UNIDOS. \u2014 Extremistas de derecha y supremacistas blancos han atra\u00eddo integrantes de las fuerzas armadas estadounidenses, asegur\u00f3 el En Sonora en Equipo publicamos toda la informaci\u00f3n de Sonora, M\u00e9xico y el Mundo de manera oportuna y busca que la libertad de expresi\u00f3n sea real. Visita nuestro medio informativo publicado desde Hermosillo, Sonora. %","breadcrumb":{"@id":"https:\/\/www.sonoraenequipo.com.mx\/extremistas-de-derecha-y-supremacistas-blancos-reclutan-militares-asegura-pentagono\/#breadcrumb"},"inLanguage":"es","potentialAction":[{"@type":"ReadAction","target":["https:\/\/www.sonoraenequipo.com.mx\/extremistas-de-derecha-y-supremacistas-blancos-reclutan-militares-asegura-pentagono\/"]}]},{"@type":"ImageObject","inLanguage":"es","@id":"https:\/\/www.sonoraenequipo.com.mx\/extremistas-de-derecha-y-supremacistas-blancos-reclutan-militares-asegura-pentagono\/#primaryimage","url":"https:\/\/www.sonoraenequipo.com.mx\/storage\/2021\/01\/capitolio_opt1.jpg","contentUrl":"https:\/\/www.sonoraenequipo.com.mx\/storage\/2021\/01\/capitolio_opt1.jpg","width":685,"height":400},{"@type":"BreadcrumbList","@id":"https:\/\/www.sonoraenequipo.com.mx\/extremistas-de-derecha-y-supremacistas-blancos-reclutan-militares-asegura-pentagono\/#breadcrumb","itemListElement":[{"@type":"ListItem","position":1,"name":"Portada","item":"https:\/\/www.sonoraenequipo.com.mx\/"},{"@type":"ListItem","position":2,"name":"Extremistas de derecha y supremacistas blancos reclutan militares, asegura Pent\u00e1gono"}]},{"@type":"WebSite","@id":"https:\/\/www.sonoraenequipo.com.mx\/#website","url":"https:\/\/www.sonoraenequipo.com.mx\/","name":"Sonora en Equipo.","description":"Diario en l\u00ednea con Noticias desde Hermosillo, Sonora","publisher":{"@id":"https:\/\/www.sonoraenequipo.com.mx\/#organization"},"potentialAction":[{"@type":"SearchAction","target":{"@type":"EntryPoint","urlTemplate":"https:\/\/www.sonoraenequipo.com.mx\/?s={search_term_string}"},"query-input":{"@type":"PropertyValueSpecification","valueRequired":true,"valueName":"search_term_string"}}],"inLanguage":"es"},{"@type":"Organization","@id":"https:\/\/www.sonoraenequipo.com.mx\/#organization","name":"Sonoraenequipo.com.mx","url":"https:\/\/www.sonoraenequipo.com.mx\/","logo":{"@type":"ImageObject","inLanguage":"es","@id":"https:\/\/www.sonoraenequipo.com.mx\/#\/schema\/logo\/image\/","url":"https:\/\/www.sonoraenequipo.com.mx\/storage\/2019\/01\/sonoraenequipo_opt.png","contentUrl":"https:\/\/www.sonoraenequipo.com.mx\/storage\/2019\/01\/sonoraenequipo_opt.png","width":375,"height":125,"caption":"Sonoraenequipo.com.mx"},"image":{"@id":"https:\/\/www.sonoraenequipo.com.mx\/#\/schema\/logo\/image\/"},"sameAs":["https:\/\/www.facebook.com\/SonoraEE\/","https:\/\/x.com\/sonoraenequipo","https:\/\/www.youtube.com\/channel\/UC338nW-lPEYmJQs4ZABQ1SQ"]},{"@type":"Person","@id":"https:\/\/www.sonoraenequipo.com.mx\/#\/schema\/person\/50102df0fb23a8fa9e8effad8fa81386","name":"enequipo","image":{"@type":"ImageObject","inLanguage":"es","@id":"https:\/\/www.sonoraenequipo.com.mx\/#\/schema\/person\/image\/","url":"https:\/\/secure.gravatar.com\/avatar\/049821681b589dabc0bc20695993ccebb09f5b5d4d790cd9251b97faac7c652b?s=96&d=blank&r=g","contentUrl":"https:\/\/secure.gravatar.com\/avatar\/049821681b589dabc0bc20695993ccebb09f5b5d4d790cd9251b97faac7c652b?s=96&d=blank&r=g","caption":"enequipo"},"sameAs":["https:\/\/www.facebook.com\/SonoraEE"]}]}},"jetpack_featured_media_url":"https:\/\/www.sonoraenequipo.com.mx\/storage\/2021\/01\/capitolio_opt1.jpg","_links":{"self":[{"href":"https:\/\/www.sonoraenequipo.com.mx\/api\/wp\/v2\/posts\/104647","targetHints":{"allow":["GET"]}}],"collection":[{"href":"https:\/\/www.sonoraenequipo.com.mx\/api\/wp\/v2\/posts"}],"about":[{"href":"https:\/\/www.sonoraenequipo.com.mx\/api\/wp\/v2\/types\/post"}],"author":[{"embeddable":true,"href":"https:\/\/www.sonoraenequipo.com.mx\/api\/wp\/v2\/users\/1"}],"replies":[{"embeddable":true,"href":"https:\/\/www.sonoraenequipo.com.mx\/api\/wp\/v2\/comments?post=104647"}],"version-history":[{"count":1,"href":"https:\/\/www.sonoraenequipo.com.mx\/api\/wp\/v2\/posts\/104647\/revisions"}],"predecessor-version":[{"id":104649,"href":"https:\/\/www.sonoraenequipo.com.mx\/api\/wp\/v2\/posts\/104647\/revisions\/104649"}],"wp:featuredmedia":[{"embeddable":true,"href":"https:\/\/www.sonoraenequipo.com.mx\/api\/wp\/v2\/media\/104648"}],"wp:attachment":[{"href":"https:\/\/www.sonoraenequipo.com.mx\/api\/wp\/v2\/media?parent=104647"}],"wp:term":[{"taxonomy":"category","embeddable":true,"href":"https:\/\/www.sonoraenequipo.com.mx\/api\/wp\/v2\/categories?post=104647"},{"taxonomy":"post_tag","embeddable":true,"href":"https:\/\/www.sonoraenequipo.com.mx\/api\/wp\/v2\/tags?post=104647"}],"curies":[{"name":"wp","href":"https:\/\/api.w.org\/{rel}","templated":true}]}}