{"id":104650,"date":"2021-01-14T19:00:31","date_gmt":"2021-01-15T02:00:31","guid":{"rendered":"https:\/\/www.sonoraenequipo.com.mx\/?p=104650"},"modified":"2021-01-14T23:29:07","modified_gmt":"2021-01-15T06:29:07","slug":"fgr-no-ejercera-accion-penal-contra-salvador-cienfuegos-extitular-de-la-sedena","status":"publish","type":"post","link":"https:\/\/www.sonoraenequipo.com.mx\/fgr-no-ejercera-accion-penal-contra-salvador-cienfuegos-extitular-de-la-sedena\/","title":{"rendered":"FGR no ejercer\u00e1 acci\u00f3n penal contra Salvador Cienfuegos, extitular de la Sedena"},"content":{"rendered":"<p>CIUDAD DE M\u00c9XICO. MX. \u2014 La Fiscal\u00eda General de la Rep\u00fablica dio a conocer, la noche del jueves 14 de enero de 2021, que no se ejercer\u00e1 acci\u00f3n penal en contra del general Salvador Cienfuegos, quien fuera secretario de la Defensa Nacional durante el sexenio de Enrique Pe\u00f1a Nieto.<\/p>\n<p>&nbsp;<\/p>\n<p> <\/p>\n<p>&nbsp;<\/p>\n<p>&nbsp;<\/p>\n<p>El anuncio se hizo por medio de un extenso comunicado, en el que se detall\u00f3 su situaci\u00f3n tras la determinaci\u00f3n de las autoridades.<\/p>\n<p>&nbsp;<\/p>\n<p>\u201cLuego de analizar los elementos probatorios enviados por las autoridades norteamericanas y los aportados por el Gral Salvador Cienfuegos; la #FGR concluy\u00f3 que \u00e9l no sostuvo encuentro ni comunicaci\u00f3n con grupo delictivo alguno. Por lo que se determin\u00f3 no ejercer acci\u00f3n penal\u201d, public\u00f3 por medio de Twitter.<\/p>\n<p>&nbsp;<\/p>\n<p><strong>A continuaci\u00f3n compartimos el comunicado \u00edntegro.<\/strong><\/p>\n<p>&nbsp;<\/p>\n<p><em>\u201cDesde el a\u00f1o 2013, durante la administraci\u00f3n gubernamental pasda en M\u00e9xico, la Agencia Antidrogas de los Estados Unidos de Am\u00e9rica (DEA) inici\u00f3 sin el conocimiento y sin la colaboraci\u00f3n de dicha administraci\u00f3n mexicana, una investigaci\u00f3n de delitos contra la salud, en donde se involucraba al entonces secretario de la Defensa Nacional, general de divisi\u00f3n Salvador Cienfuegos Zepeda.<\/em><\/p>\n<p>&nbsp;<\/p>\n<p><em>Esa investigaci\u00f3n la continu\u00f3 ese organismo que combate a las drogas en el gobierno norteamericano, durante la presente administraci\u00f3n, sin haber tampoco informado a las autoridades mexicanas sobre el caso.<\/em><\/p>\n<p>&nbsp;<\/p>\n<p><em>El 15 de octubre de 2020, agentes policiacos de ese organismo norteamericano detuvieron al general mexicano Salvador Cienfuegos Zepeda, en el aeropuerto de la ciudad de Los \u00c1ngeles, California, sujet\u00e1ndolo a proceso, por delitos contra la salud y lavado de dinero.<\/em><\/p>\n<p>&nbsp;<\/p>\n<p><em>Despu\u00e9s de cinco semanas de haber sido detenido el general Cienfuegos, el Departamento de Justicia de los Estados Unidos de Norteam\u00e9rica le solicit\u00f3 a la jueza que conoci\u00f3 del caso en ese pa\u00eds, que desestimara los cargos en contra de dicha persona; y la jueza federal correspondiente estim\u00f3 procedente tal petici\u00f3n.<\/em><\/p>\n<p>&nbsp;<\/p>\n<p><em>Durante el lapso de su detenci\u00f3n, y despu\u00e9s de haber sido ya informada sobre el procedimiento, la Fiscal\u00eda General de la Rep\u00fablica (FGR), solicit\u00f3 y recibi\u00f3 las pruebas que enviaron las autoridades norteamericanas respecto a ese caso.<\/em><\/p>\n<p>&nbsp;<\/p>\n<p><em>El 18 de noviembre de 2020, el general Cienfuegos fue entregado por las autoridades norteamericanas, al Ministerio P\u00fablico Federal (MPF) mexicano, que sujet\u00f3 al procedimiento legal correspondiente a dicha persona, respetando su derecho constitucional a la presunci\u00f3n de inocencia, en raz\u00f3n de que los cargos en su contra hab\u00edan sido desestimados por las autoridades norteamericanas y la investigaci\u00f3n en M\u00e9xico se encontraba en su fase inicial.<\/em><\/p>\n<p>&nbsp;<\/p>\n<p><em>El 9 de enero de 2021, el se\u00f1or general Cienfuegos conoci\u00f3 las imputaciones hechas por las autoridades norteamericanas, as\u00ed como las investigaciones realizadas por la Fiscal\u00eda General de la Rep\u00fablica en el caso, teniendo acceso a todo el expediente, como corresponde a esa fase procesal.<\/em><\/p>\n<p>&nbsp;<\/p>\n<p><em>A partir de esa fecha, dicha persona ha aportado sus elementos de prueba; y la Fiscal\u00eda General de la Rep\u00fablica llev\u00f3 a cabo todas las acciones necesarias para obtener las evidencias indispensables en este caso.<\/em><\/p>\n<p>&nbsp;<\/p>\n<p><em>Del an\u00e1lisis correspondiente, se lleg\u00f3 a la conclusi\u00f3n de que el general Salvador Cienfuegos Zepeda nunca tuvo encuentro alguno con los integrantes de la organizaci\u00f3n delictiva investigada por las autoridades norteamericanas; y tampoco sostuvo comunicaci\u00f3n alguna con ellos, ni realiz\u00f3 actos tendientes a proteger o ayudar a dichos individuos.<\/em><\/p>\n<p>&nbsp;<\/p>\n<p><em>Tampoco se encontr\u00f3 prueba alguna de que hubiera utilizado ning\u00fan equipo o medio electr\u00f3nico, ni que hubiera emitido orden alguna para favorecer al grupo delictivo se\u00f1alado en este caso.<\/em><\/p>\n<p>&nbsp;<\/p>\n<p><em>Del an\u00e1lisis de su situaci\u00f3n patrimonial y el cumplimiento de sus obligaciones fiscales, no apareci\u00f3 dato alguno o s\u00edntoma de obtenci\u00f3n de ingresos ilegales o acrecentamiento de su patrimonio fuera de lo normal, de acuerdo con sus percepciones en el servicio p\u00fablico.<\/em><\/p>\n<p>&nbsp;<\/p>\n<p><em>Por los motivos anteriores, y con base en los razonamientos y pruebas en la carpeta correspondiente, la fiscal\u00eda general de la rep\u00fablica, a trav\u00e9s de la Subprocuradur\u00eda Especializada en Investigaci\u00f3n de Delincuencia Organizada (SEIDO), ha determinado el no ejercicio de la acci\u00f3n penal, en favor del general Salvador Cienfuegos Zepeda\u201d.<\/em><\/p>\n<p>&nbsp;<\/p>\n<p>(Publicada el 14\/01\/2021 \/ Con informaci\u00f3n de la Fiscal\u00eda General de la Rep\u00fablica)<\/p>\n","protected":false},"excerpt":{"rendered":"<p>CIUDAD DE M\u00c9XICO. MX. \u2014 La Fiscal\u00eda General de la Rep\u00fablica dio a conocer, la&#8230;<\/p>\n","protected":false},"author":1,"featured_media":104651,"comment_status":"open","ping_status":"open","sticky":false,"template":"","format":"standard","meta":{"_monsterinsights_skip_tracking":false,"_monsterinsights_sitenote_active":false,"_monsterinsights_sitenote_note":"","_monsterinsights_sitenote_category":0,"footnotes":""},"categories":[5],"tags":[],"class_list":["post"],"yoast_head":" \n<title>Sonora en Equipo. FGR no ejercer\u00e1 acci\u00f3n penal contra Salvador Cienfuegos, extitular de la Sedena Rep\u00fablica<\/title>\n<meta name=\"description\" content=\"CIUDAD DE M\u00c9XICO. MX. \u2014 La Fiscal\u00eda General de la Rep\u00fablica dio a conocer, la noche del jueves 14 de enero de 2021, que no se ejercer\u00e1 acci\u00f3n penal en En Sonora en Equipo publicamos toda la informaci\u00f3n de Sonora, M\u00e9xico y el Mundo de manera oportuna y busca que la libertad de expresi\u00f3n sea real. Visita nuestro medio informativo publicado desde Hermosillo, Sonora. %\" \/>\n<meta name=\"robots\" content=\"index, follow, max-snippet:-1, max-image-preview:large, max-video-preview:-1\" \/>\n<link rel=\"canonical\" href=\"https:\/\/www.sonoraenequipo.com.mx\/fgr-no-ejercera-accion-penal-contra-salvador-cienfuegos-extitular-de-la-sedena\/\" \/>\n<meta property=\"og:locale\" content=\"es_ES\" \/>\n<meta property=\"og:type\" content=\"article\" \/>\n<meta property=\"og:title\" content=\"Sonora en Equipo. FGR no ejercer\u00e1 acci\u00f3n penal contra Salvador Cienfuegos, extitular de la Sedena Rep\u00fablica\" \/>\n<meta property=\"og:description\" content=\"CIUDAD DE M\u00c9XICO. MX. \u2014 La Fiscal\u00eda General de la Rep\u00fablica dio a conocer, la noche del jueves 14 de enero de 2021, que no se ejercer\u00e1 acci\u00f3n penal en En Sonora en Equipo publicamos toda la informaci\u00f3n de Sonora, M\u00e9xico y el Mundo de manera oportuna y busca que la libertad de expresi\u00f3n sea real. Visita nuestro medio informativo publicado desde Hermosillo, Sonora. %\" \/>\n<meta property=\"og:url\" content=\"https:\/\/www.sonoraenequipo.com.mx\/fgr-no-ejercera-accion-penal-contra-salvador-cienfuegos-extitular-de-la-sedena\/\" \/>\n<meta property=\"og:site_name\" content=\"Sonora en Equipo.\" \/>\n<meta property=\"article:publisher\" content=\"https:\/\/www.facebook.com\/SonoraEE\/\" \/>\n<meta property=\"article:author\" content=\"https:\/\/www.facebook.com\/SonoraEE\" \/>\n<meta property=\"article:published_time\" content=\"2021-01-15T02:00:31+00:00\" \/>\n<meta property=\"article:modified_time\" content=\"2021-01-15T06:29:07+00:00\" \/>\n<meta property=\"og:image\" content=\"https:\/\/www.sonoraenequipo.com.mx\/storage\/2021\/01\/general-cienfuegos_opt.jpg\" \/>\n\t<meta property=\"og:image:width\" content=\"533\" \/>\n\t<meta property=\"og:image:height\" content=\"400\" \/>\n\t<meta property=\"og:image:type\" content=\"image\/jpeg\" \/>\n<meta name=\"author\" content=\"enequipo\" \/>\n<meta name=\"twitter:card\" content=\"summary_large_image\" \/>\n<meta name=\"twitter:creator\" content=\"@sonoraenequipo\" \/>\n<meta name=\"twitter:site\" content=\"@sonoraenequipo\" \/>\n<meta name=\"twitter:label1\" content=\"Escrito por\" \/>\n\t<meta name=\"twitter:data1\" content=\"enequipo\" \/>\n\t<meta name=\"twitter:label2\" content=\"Tiempo de lectura\" \/>\n\t<meta name=\"twitter:data2\" content=\"3 minutos\" \/>\n<script type=\"application\/ld+json\" class=\"yoast-schema-graph\">{\"@context\":\"https:\/\/schema.org\",\"@graph\":[{\"@type\":\"Article\",\"@id\":\"https:\/\/www.sonoraenequipo.com.mx\/fgr-no-ejercera-accion-penal-contra-salvador-cienfuegos-extitular-de-la-sedena\/#article\",\"isPartOf\":{\"@id\":\"https:\/\/www.sonoraenequipo.com.mx\/fgr-no-ejercera-accion-penal-contra-salvador-cienfuegos-extitular-de-la-sedena\/\"},\"author\":{\"name\":\"enequipo\",\"@id\":\"https:\/\/www.sonoraenequipo.com.mx\/#\/schema\/person\/50102df0fb23a8fa9e8effad8fa81386\"},\"headline\":\"FGR no ejercer\u00e1 acci\u00f3n penal contra Salvador Cienfuegos, extitular de la Sedena\",\"datePublished\":\"2021-01-15T02:00:31+00:00\",\"dateModified\":\"2021-01-15T06:29:07+00:00\",\"mainEntityOfPage\":{\"@id\":\"https:\/\/www.sonoraenequipo.com.mx\/fgr-no-ejercera-accion-penal-contra-salvador-cienfuegos-extitular-de-la-sedena\/\"},\"wordCount\":750,\"commentCount\":0,\"publisher\":{\"@id\":\"https:\/\/www.sonoraenequipo.com.mx\/#organization\"},\"image\":{\"@id\":\"https:\/\/www.sonoraenequipo.com.mx\/fgr-no-ejercera-accion-penal-contra-salvador-cienfuegos-extitular-de-la-sedena\/#primaryimage\"},\"thumbnailUrl\":\"https:\/\/www.sonoraenequipo.com.mx\/storage\/2021\/01\/general-cienfuegos_opt.jpg\",\"articleSection\":[\"Rep\u00fablica\"],\"inLanguage\":\"es\",\"potentialAction\":[{\"@type\":\"CommentAction\",\"name\":\"Comment\",\"target\":[\"https:\/\/www.sonoraenequipo.com.mx\/fgr-no-ejercera-accion-penal-contra-salvador-cienfuegos-extitular-de-la-sedena\/#respond\"]}]},{\"@type\":\"WebPage\",\"@id\":\"https:\/\/www.sonoraenequipo.com.mx\/fgr-no-ejercera-accion-penal-contra-salvador-cienfuegos-extitular-de-la-sedena\/\",\"url\":\"https:\/\/www.sonoraenequipo.com.mx\/fgr-no-ejercera-accion-penal-contra-salvador-cienfuegos-extitular-de-la-sedena\/\",\"name\":\"Sonora en Equipo. FGR no ejercer\u00e1 acci\u00f3n penal contra Salvador Cienfuegos, extitular de la Sedena Rep\u00fablica\",\"isPartOf\":{\"@id\":\"https:\/\/www.sonoraenequipo.com.mx\/#website\"},\"primaryImageOfPage\":{\"@id\":\"https:\/\/www.sonoraenequipo.com.mx\/fgr-no-ejercera-accion-penal-contra-salvador-cienfuegos-extitular-de-la-sedena\/#primaryimage\"},\"image\":{\"@id\":\"https:\/\/www.sonoraenequipo.com.mx\/fgr-no-ejercera-accion-penal-contra-salvador-cienfuegos-extitular-de-la-sedena\/#primaryimage\"},\"thumbnailUrl\":\"https:\/\/www.sonoraenequipo.com.mx\/storage\/2021\/01\/general-cienfuegos_opt.jpg\",\"datePublished\":\"2021-01-15T02:00:31+00:00\",\"dateModified\":\"2021-01-15T06:29:07+00:00\",\"description\":\"CIUDAD DE M\u00c9XICO. MX. \u2014 La Fiscal\u00eda General de la Rep\u00fablica dio a conocer, la noche del jueves 14 de enero de 2021, que no se ejercer\u00e1 acci\u00f3n penal en En Sonora en Equipo publicamos toda la informaci\u00f3n de Sonora, M\u00e9xico y el Mundo de manera oportuna y busca que la libertad de expresi\u00f3n sea real. Visita nuestro medio informativo publicado desde Hermosillo, Sonora. %\",\"breadcrumb\":{\"@id\":\"https:\/\/www.sonoraenequipo.com.mx\/fgr-no-ejercera-accion-penal-contra-salvador-cienfuegos-extitular-de-la-sedena\/#breadcrumb\"},\"inLanguage\":\"es\",\"potentialAction\":[{\"@type\":\"ReadAction\",\"target\":[\"https:\/\/www.sonoraenequipo.com.mx\/fgr-no-ejercera-accion-penal-contra-salvador-cienfuegos-extitular-de-la-sedena\/\"]}]},{\"@type\":\"ImageObject\",\"inLanguage\":\"es\",\"@id\":\"https:\/\/www.sonoraenequipo.com.mx\/fgr-no-ejercera-accion-penal-contra-salvador-cienfuegos-extitular-de-la-sedena\/#primaryimage\",\"url\":\"https:\/\/www.sonoraenequipo.com.mx\/storage\/2021\/01\/general-cienfuegos_opt.jpg\",\"contentUrl\":\"https:\/\/www.sonoraenequipo.com.mx\/storage\/2021\/01\/general-cienfuegos_opt.jpg\",\"width\":533,\"height\":400},{\"@type\":\"BreadcrumbList\",\"@id\":\"https:\/\/www.sonoraenequipo.com.mx\/fgr-no-ejercera-accion-penal-contra-salvador-cienfuegos-extitular-de-la-sedena\/#breadcrumb\",\"itemListElement\":[{\"@type\":\"ListItem\",\"position\":1,\"name\":\"Portada\",\"item\":\"https:\/\/www.sonoraenequipo.com.mx\/\"},{\"@type\":\"ListItem\",\"position\":2,\"name\":\"FGR no ejercer\u00e1 acci\u00f3n penal contra Salvador Cienfuegos, extitular de la Sedena\"}]},{\"@type\":\"WebSite\",\"@id\":\"https:\/\/www.sonoraenequipo.com.mx\/#website\",\"url\":\"https:\/\/www.sonoraenequipo.com.mx\/\",\"name\":\"Sonora en Equipo.\",\"description\":\"Diario en l\u00ednea con Noticias desde Hermosillo, Sonora\",\"publisher\":{\"@id\":\"https:\/\/www.sonoraenequipo.com.mx\/#organization\"},\"potentialAction\":[{\"@type\":\"SearchAction\",\"target\":{\"@type\":\"EntryPoint\",\"urlTemplate\":\"https:\/\/www.sonoraenequipo.com.mx\/?s={search_term_string}\"},\"query-input\":{\"@type\":\"PropertyValueSpecification\",\"valueRequired\":true,\"valueName\":\"search_term_string\"}}],\"inLanguage\":\"es\"},{\"@type\":\"Organization\",\"@id\":\"https:\/\/www.sonoraenequipo.com.mx\/#organization\",\"name\":\"Sonoraenequipo.com.mx\",\"url\":\"https:\/\/www.sonoraenequipo.com.mx\/\",\"logo\":{\"@type\":\"ImageObject\",\"inLanguage\":\"es\",\"@id\":\"https:\/\/www.sonoraenequipo.com.mx\/#\/schema\/logo\/image\/\",\"url\":\"https:\/\/www.sonoraenequipo.com.mx\/storage\/2019\/01\/sonoraenequipo_opt.png\",\"contentUrl\":\"https:\/\/www.sonoraenequipo.com.mx\/storage\/2019\/01\/sonoraenequipo_opt.png\",\"width\":375,\"height\":125,\"caption\":\"Sonoraenequipo.com.mx\"},\"image\":{\"@id\":\"https:\/\/www.sonoraenequipo.com.mx\/#\/schema\/logo\/image\/\"},\"sameAs\":[\"https:\/\/www.facebook.com\/SonoraEE\/\",\"https:\/\/x.com\/sonoraenequipo\",\"https:\/\/www.youtube.com\/channel\/UC338nW-lPEYmJQs4ZABQ1SQ\"]},{\"@type\":\"Person\",\"@id\":\"https:\/\/www.sonoraenequipo.com.mx\/#\/schema\/person\/50102df0fb23a8fa9e8effad8fa81386\",\"name\":\"enequipo\",\"image\":{\"@type\":\"ImageObject\",\"inLanguage\":\"es\",\"@id\":\"https:\/\/www.sonoraenequipo.com.mx\/#\/schema\/person\/image\/\",\"url\":\"https:\/\/secure.gravatar.com\/avatar\/049821681b589dabc0bc20695993ccebb09f5b5d4d790cd9251b97faac7c652b?s=96&d=blank&r=g\",\"contentUrl\":\"https:\/\/secure.gravatar.com\/avatar\/049821681b589dabc0bc20695993ccebb09f5b5d4d790cd9251b97faac7c652b?s=96&d=blank&r=g\",\"caption\":\"enequipo\"},\"sameAs\":[\"https:\/\/www.facebook.com\/SonoraEE\"]}]}<\/script>\n ","yoast_head_json":{"title":"Sonora en Equipo. FGR no ejercer\u00e1 acci\u00f3n penal contra Salvador Cienfuegos, extitular de la Sedena Rep\u00fablica","description":"CIUDAD DE M\u00c9XICO. MX. \u2014 La Fiscal\u00eda General de la Rep\u00fablica dio a conocer, la noche del jueves 14 de enero de 2021, que no se ejercer\u00e1 acci\u00f3n penal en En Sonora en Equipo publicamos toda la informaci\u00f3n de Sonora, M\u00e9xico y el Mundo de manera oportuna y busca que la libertad de expresi\u00f3n sea real. Visita nuestro medio informativo publicado desde Hermosillo, Sonora. %","robots":{"index":"index","follow":"follow","max-snippet":"max-snippet:-1","max-image-preview":"max-image-preview:large","max-video-preview":"max-video-preview:-1"},"canonical":"https:\/\/www.sonoraenequipo.com.mx\/fgr-no-ejercera-accion-penal-contra-salvador-cienfuegos-extitular-de-la-sedena\/","og_locale":"es_ES","og_type":"article","og_title":"Sonora en Equipo. FGR no ejercer\u00e1 acci\u00f3n penal contra Salvador Cienfuegos, extitular de la Sedena Rep\u00fablica","og_description":"CIUDAD DE M\u00c9XICO. MX. \u2014 La Fiscal\u00eda General de la Rep\u00fablica dio a conocer, la noche del jueves 14 de enero de 2021, que no se ejercer\u00e1 acci\u00f3n penal en En Sonora en Equipo publicamos toda la informaci\u00f3n de Sonora, M\u00e9xico y el Mundo de manera oportuna y busca que la libertad de expresi\u00f3n sea real. Visita nuestro medio informativo publicado desde Hermosillo, Sonora. %","og_url":"https:\/\/www.sonoraenequipo.com.mx\/fgr-no-ejercera-accion-penal-contra-salvador-cienfuegos-extitular-de-la-sedena\/","og_site_name":"Sonora en Equipo.","article_publisher":"https:\/\/www.facebook.com\/SonoraEE\/","article_author":"https:\/\/www.facebook.com\/SonoraEE","article_published_time":"2021-01-15T02:00:31+00:00","article_modified_time":"2021-01-15T06:29:07+00:00","og_image":[{"width":533,"height":400,"url":"https:\/\/www.sonoraenequipo.com.mx\/storage\/2021\/01\/general-cienfuegos_opt.jpg","type":"image\/jpeg"}],"author":"enequipo","twitter_card":"summary_large_image","twitter_creator":"@sonoraenequipo","twitter_site":"@sonoraenequipo","twitter_misc":{"Escrito por":"enequipo","Tiempo de lectura":"3 minutos"},"schema":{"@context":"https:\/\/schema.org","@graph":[{"@type":"Article","@id":"https:\/\/www.sonoraenequipo.com.mx\/fgr-no-ejercera-accion-penal-contra-salvador-cienfuegos-extitular-de-la-sedena\/#article","isPartOf":{"@id":"https:\/\/www.sonoraenequipo.com.mx\/fgr-no-ejercera-accion-penal-contra-salvador-cienfuegos-extitular-de-la-sedena\/"},"author":{"name":"enequipo","@id":"https:\/\/www.sonoraenequipo.com.mx\/#\/schema\/person\/50102df0fb23a8fa9e8effad8fa81386"},"headline":"FGR no ejercer\u00e1 acci\u00f3n penal contra Salvador Cienfuegos, extitular de la Sedena","datePublished":"2021-01-15T02:00:31+00:00","dateModified":"2021-01-15T06:29:07+00:00","mainEntityOfPage":{"@id":"https:\/\/www.sonoraenequipo.com.mx\/fgr-no-ejercera-accion-penal-contra-salvador-cienfuegos-extitular-de-la-sedena\/"},"wordCount":750,"commentCount":0,"publisher":{"@id":"https:\/\/www.sonoraenequipo.com.mx\/#organization"},"image":{"@id":"https:\/\/www.sonoraenequipo.com.mx\/fgr-no-ejercera-accion-penal-contra-salvador-cienfuegos-extitular-de-la-sedena\/#primaryimage"},"thumbnailUrl":"https:\/\/www.sonoraenequipo.com.mx\/storage\/2021\/01\/general-cienfuegos_opt.jpg","articleSection":["Rep\u00fablica"],"inLanguage":"es","potentialAction":[{"@type":"CommentAction","name":"Comment","target":["https:\/\/www.sonoraenequipo.com.mx\/fgr-no-ejercera-accion-penal-contra-salvador-cienfuegos-extitular-de-la-sedena\/#respond"]}]},{"@type":"WebPage","@id":"https:\/\/www.sonoraenequipo.com.mx\/fgr-no-ejercera-accion-penal-contra-salvador-cienfuegos-extitular-de-la-sedena\/","url":"https:\/\/www.sonoraenequipo.com.mx\/fgr-no-ejercera-accion-penal-contra-salvador-cienfuegos-extitular-de-la-sedena\/","name":"Sonora en Equipo. FGR no ejercer\u00e1 acci\u00f3n penal contra Salvador Cienfuegos, extitular de la Sedena Rep\u00fablica","isPartOf":{"@id":"https:\/\/www.sonoraenequipo.com.mx\/#website"},"primaryImageOfPage":{"@id":"https:\/\/www.sonoraenequipo.com.mx\/fgr-no-ejercera-accion-penal-contra-salvador-cienfuegos-extitular-de-la-sedena\/#primaryimage"},"image":{"@id":"https:\/\/www.sonoraenequipo.com.mx\/fgr-no-ejercera-accion-penal-contra-salvador-cienfuegos-extitular-de-la-sedena\/#primaryimage"},"thumbnailUrl":"https:\/\/www.sonoraenequipo.com.mx\/storage\/2021\/01\/general-cienfuegos_opt.jpg","datePublished":"2021-01-15T02:00:31+00:00","dateModified":"2021-01-15T06:29:07+00:00","description":"CIUDAD DE M\u00c9XICO. MX. \u2014 La Fiscal\u00eda General de la Rep\u00fablica dio a conocer, la noche del jueves 14 de enero de 2021, que no se ejercer\u00e1 acci\u00f3n penal en En Sonora en Equipo publicamos toda la informaci\u00f3n de Sonora, M\u00e9xico y el Mundo de manera oportuna y busca que la libertad de expresi\u00f3n sea real. Visita nuestro medio informativo publicado desde Hermosillo, Sonora. %","breadcrumb":{"@id":"https:\/\/www.sonoraenequipo.com.mx\/fgr-no-ejercera-accion-penal-contra-salvador-cienfuegos-extitular-de-la-sedena\/#breadcrumb"},"inLanguage":"es","potentialAction":[{"@type":"ReadAction","target":["https:\/\/www.sonoraenequipo.com.mx\/fgr-no-ejercera-accion-penal-contra-salvador-cienfuegos-extitular-de-la-sedena\/"]}]},{"@type":"ImageObject","inLanguage":"es","@id":"https:\/\/www.sonoraenequipo.com.mx\/fgr-no-ejercera-accion-penal-contra-salvador-cienfuegos-extitular-de-la-sedena\/#primaryimage","url":"https:\/\/www.sonoraenequipo.com.mx\/storage\/2021\/01\/general-cienfuegos_opt.jpg","contentUrl":"https:\/\/www.sonoraenequipo.com.mx\/storage\/2021\/01\/general-cienfuegos_opt.jpg","width":533,"height":400},{"@type":"BreadcrumbList","@id":"https:\/\/www.sonoraenequipo.com.mx\/fgr-no-ejercera-accion-penal-contra-salvador-cienfuegos-extitular-de-la-sedena\/#breadcrumb","itemListElement":[{"@type":"ListItem","position":1,"name":"Portada","item":"https:\/\/www.sonoraenequipo.com.mx\/"},{"@type":"ListItem","position":2,"name":"FGR no ejercer\u00e1 acci\u00f3n penal contra Salvador Cienfuegos, extitular de la Sedena"}]},{"@type":"WebSite","@id":"https:\/\/www.sonoraenequipo.com.mx\/#website","url":"https:\/\/www.sonoraenequipo.com.mx\/","name":"Sonora en Equipo.","description":"Diario en l\u00ednea con Noticias desde Hermosillo, Sonora","publisher":{"@id":"https:\/\/www.sonoraenequipo.com.mx\/#organization"},"potentialAction":[{"@type":"SearchAction","target":{"@type":"EntryPoint","urlTemplate":"https:\/\/www.sonoraenequipo.com.mx\/?s={search_term_string}"},"query-input":{"@type":"PropertyValueSpecification","valueRequired":true,"valueName":"search_term_string"}}],"inLanguage":"es"},{"@type":"Organization","@id":"https:\/\/www.sonoraenequipo.com.mx\/#organization","name":"Sonoraenequipo.com.mx","url":"https:\/\/www.sonoraenequipo.com.mx\/","logo":{"@type":"ImageObject","inLanguage":"es","@id":"https:\/\/www.sonoraenequipo.com.mx\/#\/schema\/logo\/image\/","url":"https:\/\/www.sonoraenequipo.com.mx\/storage\/2019\/01\/sonoraenequipo_opt.png","contentUrl":"https:\/\/www.sonoraenequipo.com.mx\/storage\/2019\/01\/sonoraenequipo_opt.png","width":375,"height":125,"caption":"Sonoraenequipo.com.mx"},"image":{"@id":"https:\/\/www.sonoraenequipo.com.mx\/#\/schema\/logo\/image\/"},"sameAs":["https:\/\/www.facebook.com\/SonoraEE\/","https:\/\/x.com\/sonoraenequipo","https:\/\/www.youtube.com\/channel\/UC338nW-lPEYmJQs4ZABQ1SQ"]},{"@type":"Person","@id":"https:\/\/www.sonoraenequipo.com.mx\/#\/schema\/person\/50102df0fb23a8fa9e8effad8fa81386","name":"enequipo","image":{"@type":"ImageObject","inLanguage":"es","@id":"https:\/\/www.sonoraenequipo.com.mx\/#\/schema\/person\/image\/","url":"https:\/\/secure.gravatar.com\/avatar\/049821681b589dabc0bc20695993ccebb09f5b5d4d790cd9251b97faac7c652b?s=96&d=blank&r=g","contentUrl":"https:\/\/secure.gravatar.com\/avatar\/049821681b589dabc0bc20695993ccebb09f5b5d4d790cd9251b97faac7c652b?s=96&d=blank&r=g","caption":"enequipo"},"sameAs":["https:\/\/www.facebook.com\/SonoraEE"]}]}},"jetpack_featured_media_url":"https:\/\/www.sonoraenequipo.com.mx\/storage\/2021\/01\/general-cienfuegos_opt.jpg","_links":{"self":[{"href":"https:\/\/www.sonoraenequipo.com.mx\/api\/wp\/v2\/posts\/104650","targetHints":{"allow":["GET"]}}],"collection":[{"href":"https:\/\/www.sonoraenequipo.com.mx\/api\/wp\/v2\/posts"}],"about":[{"href":"https:\/\/www.sonoraenequipo.com.mx\/api\/wp\/v2\/types\/post"}],"author":[{"embeddable":true,"href":"https:\/\/www.sonoraenequipo.com.mx\/api\/wp\/v2\/users\/1"}],"replies":[{"embeddable":true,"href":"https:\/\/www.sonoraenequipo.com.mx\/api\/wp\/v2\/comments?post=104650"}],"version-history":[{"count":1,"href":"https:\/\/www.sonoraenequipo.com.mx\/api\/wp\/v2\/posts\/104650\/revisions"}],"predecessor-version":[{"id":104652,"href":"https:\/\/www.sonoraenequipo.com.mx\/api\/wp\/v2\/posts\/104650\/revisions\/104652"}],"wp:featuredmedia":[{"embeddable":true,"href":"https:\/\/www.sonoraenequipo.com.mx\/api\/wp\/v2\/media\/104651"}],"wp:attachment":[{"href":"https:\/\/www.sonoraenequipo.com.mx\/api\/wp\/v2\/media?parent=104650"}],"wp:term":[{"taxonomy":"category","embeddable":true,"href":"https:\/\/www.sonoraenequipo.com.mx\/api\/wp\/v2\/categories?post=104650"},{"taxonomy":"post_tag","embeddable":true,"href":"https:\/\/www.sonoraenequipo.com.mx\/api\/wp\/v2\/tags?post=104650"}],"curies":[{"name":"wp","href":"https:\/\/api.w.org\/{rel}","templated":true}]}}