{"id":104657,"date":"2021-01-14T23:55:20","date_gmt":"2021-01-15T06:55:20","guid":{"rendered":"https:\/\/www.sonoraenequipo.com.mx\/?p=104657"},"modified":"2021-01-15T10:21:08","modified_gmt":"2021-01-15T17:21:08","slug":"suma-sonora-cifra-record-de-contagios-de-covid-19-497-en-un-solo-dia","status":"publish","type":"post","link":"https:\/\/www.sonoraenequipo.com.mx\/suma-sonora-cifra-record-de-contagios-de-covid-19-497-en-un-solo-dia\/","title":{"rendered":"Suma Sonora cifra r\u00e9cord de contagios de Covid-19; \u00a1\u00a1497 en un solo d\u00eda!!"},"content":{"rendered":"<p>HERMOSILLO, SONORA. MX. \u2014 En los datos estad\u00edsticos de este jueves por parte de la Secretar\u00eda de Salud, se dio a conocer el fallecimiento de 33 personas y 497 nuevos casos por Covid-19 en la entidad, alcanzando el Estado un total de 4 mil 354 defunciones y 54 mil 782 contagios acumulados por esta enfermedad desde el inicio de la pandemia.<\/p>\n<p>&nbsp;<\/p>\n<p> <\/p>\n<p>&nbsp;<\/p>\n<p>Respecto a los decesos, estos ocurrieron en 18 mujeres y 15 hombres, residentes de: Hermosillo 22; Nogales 2; Navojoa, Empalme, Sahuaripa, San Felipe de Jes\u00fas, Santa Ana, Agua Prieta, Huatabampo, Cajeme, y Magdalena 1 cada uno.<\/p>\n<p>&nbsp;<\/p>\n<p>En cuanto a los contagios, estos se registraron en 259 mujeres y 238 hombres, residentes de: Hermosillo 394; Cajeme 52; Nogales 14; San Luis R\u00edo Colocado y Cananea 8; Santa Ana 7; Huatabampo 3; Caborca, San Ignacio R\u00edo Muerto y Navojoa 2 cada uno; Carb\u00f3, Guaymas, B\u00e1cum, Huachinera y Magdalena 1 cada uno.<\/p>\n<p>&nbsp;<\/p>\n<p>Dentro de los contagios, 7 corresponden a casos pedi\u00e1tricos, 2 a casos en mujeres embarazadas y 65 a trabajadores de la salud<\/p>\n<p>&nbsp;<\/p>\n<p>A la fecha 48 mil 340 personas se han recuperado de Covid-19 en Sonora.<\/p>\n<p>&nbsp;<\/p>\n<p>En su mensaje, el Secretario de Salud record\u00f3 que Sonora sigue atravesando por una pandemia, donde se debe de limitar al m\u00e1ximo el contacto con personas que no viven en el mismo hogar, principalmente en Hermosillo, Nogales, y San Luis R\u00edo Colorado que se encuentran en C\u00f3digo Rojo, por lo que el uso del cubrebocas es fundamental.<\/p>\n<p>&nbsp;<\/p>\n<p>Clausen Iberri destac\u00f3 que han pasado casi 10 meses desde que inici\u00f3 la pandemia en el estado, tiempo en el que se ha concientizado a las y los ciudadanos sobre el peligro que representa el Covid-19 y de lo cruel que ha sido con muchas familias y con el personal del sector salud.<\/p>\n<p>&nbsp;<\/p>\n<p><em>\u201cNo hay palabras para describir las emociones que muchos sentimos el d\u00eda de ayer, cuando fuimos testigos de la aplicaci\u00f3n de la primera vacuna en Sonora; como seguramente ya lo sabes, Rodrigo Romero, enfermero del \u00e1rea Covid del Hospital General del Estado, fue el primer guerrero en recibir la primera dosis\u201d<\/em>, coment\u00f3.<\/p>\n<p>&nbsp;<\/p>\n<p>Clausen Iberri a\u00f1adi\u00f3 que lleg\u00f3 un lote de 14 mil 650 vacunas de Pfizer para el personal de Salud Sonora, Issste y del Seguro Social, vacunas que ya se distribuyeron al personal de la primera l\u00ednea de batalla de Cananea, Magdalena, Nogales, Cajeme, Navojoa, Guaymas, \u00c1lamos, Agua Prieta y San Luis R\u00edo Colorado.<\/p>\n<p>&nbsp;<\/p>\n<p><em>\u201cInevitable experimentar sentimientos encontrados al ver la enorme emoci\u00f3n, cargada de alivio, con la que el personal de salud est\u00e1 recibiendo las vacunas, emoci\u00f3n que tambi\u00e9n llena de nostalgia por las y los guerreros de la primera l\u00ednea de batalla que el Covid se llev\u00f3, y para quienes tambi\u00e9n la llegada de estas vacunas es un merecido y muy sentido homenaje p\u00f3stumo; \u00a1Qu\u00e9 gusto por el personal de salud!, que merecido que sean ellas y ellos los primeros, bendito Dios que en Sonora ha dado inicio el proceso de vacunaci\u00f3n\u201d<\/em>, se\u00f1al\u00f3.<\/p>\n<p>&nbsp;<\/p>\n<p>(Publicada el 14\/01\/2021)<\/p>\n","protected":false},"excerpt":{"rendered":"<p>HERMOSILLO, SONORA. MX. \u2014 En los datos estad\u00edsticos de este jueves por parte de la&#8230;<\/p>\n","protected":false},"author":1,"featured_media":104658,"comment_status":"open","ping_status":"open","sticky":false,"template":"","format":"standard","meta":{"_monsterinsights_skip_tracking":false,"_monsterinsights_sitenote_active":false,"_monsterinsights_sitenote_note":"","_monsterinsights_sitenote_category":0,"footnotes":""},"categories":[22],"tags":[],"class_list":["post"],"yoast_head":" \n<title>Sonora en Equipo. Suma Sonora cifra r\u00e9cord de contagios de Covid-19; \u00a1\u00a1497 en un solo d\u00eda!! Sonora<\/title>\n<meta name=\"description\" content=\"HERMOSILLO, SONORA. MX. \u2014 En los datos estad\u00edsticos de este jueves por parte de la Secretar\u00eda de Salud, se dio a conocer el fallecimiento de 33 personas y En Sonora en Equipo publicamos toda la informaci\u00f3n de Sonora, M\u00e9xico y el Mundo de manera oportuna y busca que la libertad de expresi\u00f3n sea real. Visita nuestro medio informativo publicado desde Hermosillo, Sonora. %\" \/>\n<meta name=\"robots\" content=\"index, follow, max-snippet:-1, max-image-preview:large, max-video-preview:-1\" \/>\n<link rel=\"canonical\" href=\"https:\/\/www.sonoraenequipo.com.mx\/suma-sonora-cifra-record-de-contagios-de-covid-19-497-en-un-solo-dia\/\" \/>\n<meta property=\"og:locale\" content=\"es_ES\" \/>\n<meta property=\"og:type\" content=\"article\" \/>\n<meta property=\"og:title\" content=\"Sonora en Equipo. Suma Sonora cifra r\u00e9cord de contagios de Covid-19; \u00a1\u00a1497 en un solo d\u00eda!! Sonora\" \/>\n<meta property=\"og:description\" content=\"HERMOSILLO, SONORA. MX. \u2014 En los datos estad\u00edsticos de este jueves por parte de la Secretar\u00eda de Salud, se dio a conocer el fallecimiento de 33 personas y En Sonora en Equipo publicamos toda la informaci\u00f3n de Sonora, M\u00e9xico y el Mundo de manera oportuna y busca que la libertad de expresi\u00f3n sea real. Visita nuestro medio informativo publicado desde Hermosillo, Sonora. %\" \/>\n<meta property=\"og:url\" content=\"https:\/\/www.sonoraenequipo.com.mx\/suma-sonora-cifra-record-de-contagios-de-covid-19-497-en-un-solo-dia\/\" \/>\n<meta property=\"og:site_name\" content=\"Sonora en Equipo.\" \/>\n<meta property=\"article:publisher\" content=\"https:\/\/www.facebook.com\/SonoraEE\/\" \/>\n<meta property=\"article:author\" content=\"https:\/\/www.facebook.com\/SonoraEE\" \/>\n<meta property=\"article:published_time\" content=\"2021-01-15T06:55:20+00:00\" \/>\n<meta property=\"article:modified_time\" content=\"2021-01-15T17:21:08+00:00\" \/>\n<meta property=\"og:image\" content=\"https:\/\/www.sonoraenequipo.com.mx\/storage\/2021\/01\/claussen_opt3.jpg\" \/>\n\t<meta property=\"og:image:width\" content=\"677\" \/>\n\t<meta property=\"og:image:height\" content=\"450\" \/>\n\t<meta property=\"og:image:type\" content=\"image\/jpeg\" \/>\n<meta name=\"author\" content=\"enequipo\" \/>\n<meta name=\"twitter:card\" content=\"summary_large_image\" \/>\n<meta name=\"twitter:creator\" content=\"@sonoraenequipo\" \/>\n<meta name=\"twitter:site\" content=\"@sonoraenequipo\" \/>\n<meta name=\"twitter:label1\" content=\"Escrito por\" \/>\n\t<meta name=\"twitter:data1\" content=\"enequipo\" \/>\n\t<meta name=\"twitter:label2\" content=\"Tiempo de lectura\" \/>\n\t<meta name=\"twitter:data2\" content=\"3 minutos\" \/>\n<script type=\"application\/ld+json\" class=\"yoast-schema-graph\">{\"@context\":\"https:\/\/schema.org\",\"@graph\":[{\"@type\":\"Article\",\"@id\":\"https:\/\/www.sonoraenequipo.com.mx\/suma-sonora-cifra-record-de-contagios-de-covid-19-497-en-un-solo-dia\/#article\",\"isPartOf\":{\"@id\":\"https:\/\/www.sonoraenequipo.com.mx\/suma-sonora-cifra-record-de-contagios-de-covid-19-497-en-un-solo-dia\/\"},\"author\":{\"name\":\"enequipo\",\"@id\":\"https:\/\/www.sonoraenequipo.com.mx\/#\/schema\/person\/50102df0fb23a8fa9e8effad8fa81386\"},\"headline\":\"Suma Sonora cifra r\u00e9cord de contagios de Covid-19; \u00a1\u00a1497 en un solo d\u00eda!!\",\"datePublished\":\"2021-01-15T06:55:20+00:00\",\"dateModified\":\"2021-01-15T17:21:08+00:00\",\"mainEntityOfPage\":{\"@id\":\"https:\/\/www.sonoraenequipo.com.mx\/suma-sonora-cifra-record-de-contagios-de-covid-19-497-en-un-solo-dia\/\"},\"wordCount\":512,\"commentCount\":0,\"publisher\":{\"@id\":\"https:\/\/www.sonoraenequipo.com.mx\/#organization\"},\"image\":{\"@id\":\"https:\/\/www.sonoraenequipo.com.mx\/suma-sonora-cifra-record-de-contagios-de-covid-19-497-en-un-solo-dia\/#primaryimage\"},\"thumbnailUrl\":\"https:\/\/www.sonoraenequipo.com.mx\/storage\/2021\/01\/claussen_opt3.jpg\",\"articleSection\":[\"Sonora\"],\"inLanguage\":\"es\",\"potentialAction\":[{\"@type\":\"CommentAction\",\"name\":\"Comment\",\"target\":[\"https:\/\/www.sonoraenequipo.com.mx\/suma-sonora-cifra-record-de-contagios-de-covid-19-497-en-un-solo-dia\/#respond\"]}]},{\"@type\":\"WebPage\",\"@id\":\"https:\/\/www.sonoraenequipo.com.mx\/suma-sonora-cifra-record-de-contagios-de-covid-19-497-en-un-solo-dia\/\",\"url\":\"https:\/\/www.sonoraenequipo.com.mx\/suma-sonora-cifra-record-de-contagios-de-covid-19-497-en-un-solo-dia\/\",\"name\":\"Sonora en Equipo. Suma Sonora cifra r\u00e9cord de contagios de Covid-19; \u00a1\u00a1497 en un solo d\u00eda!! Sonora\",\"isPartOf\":{\"@id\":\"https:\/\/www.sonoraenequipo.com.mx\/#website\"},\"primaryImageOfPage\":{\"@id\":\"https:\/\/www.sonoraenequipo.com.mx\/suma-sonora-cifra-record-de-contagios-de-covid-19-497-en-un-solo-dia\/#primaryimage\"},\"image\":{\"@id\":\"https:\/\/www.sonoraenequipo.com.mx\/suma-sonora-cifra-record-de-contagios-de-covid-19-497-en-un-solo-dia\/#primaryimage\"},\"thumbnailUrl\":\"https:\/\/www.sonoraenequipo.com.mx\/storage\/2021\/01\/claussen_opt3.jpg\",\"datePublished\":\"2021-01-15T06:55:20+00:00\",\"dateModified\":\"2021-01-15T17:21:08+00:00\",\"description\":\"HERMOSILLO, SONORA. MX. \u2014 En los datos estad\u00edsticos de este jueves por parte de la Secretar\u00eda de Salud, se dio a conocer el fallecimiento de 33 personas y En Sonora en Equipo publicamos toda la informaci\u00f3n de Sonora, M\u00e9xico y el Mundo de manera oportuna y busca que la libertad de expresi\u00f3n sea real. Visita nuestro medio informativo publicado desde Hermosillo, Sonora. %\",\"breadcrumb\":{\"@id\":\"https:\/\/www.sonoraenequipo.com.mx\/suma-sonora-cifra-record-de-contagios-de-covid-19-497-en-un-solo-dia\/#breadcrumb\"},\"inLanguage\":\"es\",\"potentialAction\":[{\"@type\":\"ReadAction\",\"target\":[\"https:\/\/www.sonoraenequipo.com.mx\/suma-sonora-cifra-record-de-contagios-de-covid-19-497-en-un-solo-dia\/\"]}]},{\"@type\":\"ImageObject\",\"inLanguage\":\"es\",\"@id\":\"https:\/\/www.sonoraenequipo.com.mx\/suma-sonora-cifra-record-de-contagios-de-covid-19-497-en-un-solo-dia\/#primaryimage\",\"url\":\"https:\/\/www.sonoraenequipo.com.mx\/storage\/2021\/01\/claussen_opt3.jpg\",\"contentUrl\":\"https:\/\/www.sonoraenequipo.com.mx\/storage\/2021\/01\/claussen_opt3.jpg\",\"width\":677,\"height\":450},{\"@type\":\"BreadcrumbList\",\"@id\":\"https:\/\/www.sonoraenequipo.com.mx\/suma-sonora-cifra-record-de-contagios-de-covid-19-497-en-un-solo-dia\/#breadcrumb\",\"itemListElement\":[{\"@type\":\"ListItem\",\"position\":1,\"name\":\"Portada\",\"item\":\"https:\/\/www.sonoraenequipo.com.mx\/\"},{\"@type\":\"ListItem\",\"position\":2,\"name\":\"Suma Sonora cifra r\u00e9cord de contagios de Covid-19; \u00a1\u00a1497 en un solo d\u00eda!!\"}]},{\"@type\":\"WebSite\",\"@id\":\"https:\/\/www.sonoraenequipo.com.mx\/#website\",\"url\":\"https:\/\/www.sonoraenequipo.com.mx\/\",\"name\":\"Sonora en Equipo.\",\"description\":\"Diario en l\u00ednea con Noticias desde Hermosillo, Sonora\",\"publisher\":{\"@id\":\"https:\/\/www.sonoraenequipo.com.mx\/#organization\"},\"potentialAction\":[{\"@type\":\"SearchAction\",\"target\":{\"@type\":\"EntryPoint\",\"urlTemplate\":\"https:\/\/www.sonoraenequipo.com.mx\/?s={search_term_string}\"},\"query-input\":{\"@type\":\"PropertyValueSpecification\",\"valueRequired\":true,\"valueName\":\"search_term_string\"}}],\"inLanguage\":\"es\"},{\"@type\":\"Organization\",\"@id\":\"https:\/\/www.sonoraenequipo.com.mx\/#organization\",\"name\":\"Sonoraenequipo.com.mx\",\"url\":\"https:\/\/www.sonoraenequipo.com.mx\/\",\"logo\":{\"@type\":\"ImageObject\",\"inLanguage\":\"es\",\"@id\":\"https:\/\/www.sonoraenequipo.com.mx\/#\/schema\/logo\/image\/\",\"url\":\"https:\/\/www.sonoraenequipo.com.mx\/storage\/2019\/01\/sonoraenequipo_opt.png\",\"contentUrl\":\"https:\/\/www.sonoraenequipo.com.mx\/storage\/2019\/01\/sonoraenequipo_opt.png\",\"width\":375,\"height\":125,\"caption\":\"Sonoraenequipo.com.mx\"},\"image\":{\"@id\":\"https:\/\/www.sonoraenequipo.com.mx\/#\/schema\/logo\/image\/\"},\"sameAs\":[\"https:\/\/www.facebook.com\/SonoraEE\/\",\"https:\/\/x.com\/sonoraenequipo\",\"https:\/\/www.youtube.com\/channel\/UC338nW-lPEYmJQs4ZABQ1SQ\"]},{\"@type\":\"Person\",\"@id\":\"https:\/\/www.sonoraenequipo.com.mx\/#\/schema\/person\/50102df0fb23a8fa9e8effad8fa81386\",\"name\":\"enequipo\",\"image\":{\"@type\":\"ImageObject\",\"inLanguage\":\"es\",\"@id\":\"https:\/\/www.sonoraenequipo.com.mx\/#\/schema\/person\/image\/\",\"url\":\"https:\/\/secure.gravatar.com\/avatar\/049821681b589dabc0bc20695993ccebb09f5b5d4d790cd9251b97faac7c652b?s=96&d=blank&r=g\",\"contentUrl\":\"https:\/\/secure.gravatar.com\/avatar\/049821681b589dabc0bc20695993ccebb09f5b5d4d790cd9251b97faac7c652b?s=96&d=blank&r=g\",\"caption\":\"enequipo\"},\"sameAs\":[\"https:\/\/www.facebook.com\/SonoraEE\"]}]}<\/script>\n ","yoast_head_json":{"title":"Sonora en Equipo. Suma Sonora cifra r\u00e9cord de contagios de Covid-19; \u00a1\u00a1497 en un solo d\u00eda!! Sonora","description":"HERMOSILLO, SONORA. MX. \u2014 En los datos estad\u00edsticos de este jueves por parte de la Secretar\u00eda de Salud, se dio a conocer el fallecimiento de 33 personas y En Sonora en Equipo publicamos toda la informaci\u00f3n de Sonora, M\u00e9xico y el Mundo de manera oportuna y busca que la libertad de expresi\u00f3n sea real. Visita nuestro medio informativo publicado desde Hermosillo, Sonora. %","robots":{"index":"index","follow":"follow","max-snippet":"max-snippet:-1","max-image-preview":"max-image-preview:large","max-video-preview":"max-video-preview:-1"},"canonical":"https:\/\/www.sonoraenequipo.com.mx\/suma-sonora-cifra-record-de-contagios-de-covid-19-497-en-un-solo-dia\/","og_locale":"es_ES","og_type":"article","og_title":"Sonora en Equipo. Suma Sonora cifra r\u00e9cord de contagios de Covid-19; \u00a1\u00a1497 en un solo d\u00eda!! Sonora","og_description":"HERMOSILLO, SONORA. MX. \u2014 En los datos estad\u00edsticos de este jueves por parte de la Secretar\u00eda de Salud, se dio a conocer el fallecimiento de 33 personas y En Sonora en Equipo publicamos toda la informaci\u00f3n de Sonora, M\u00e9xico y el Mundo de manera oportuna y busca que la libertad de expresi\u00f3n sea real. Visita nuestro medio informativo publicado desde Hermosillo, Sonora. %","og_url":"https:\/\/www.sonoraenequipo.com.mx\/suma-sonora-cifra-record-de-contagios-de-covid-19-497-en-un-solo-dia\/","og_site_name":"Sonora en Equipo.","article_publisher":"https:\/\/www.facebook.com\/SonoraEE\/","article_author":"https:\/\/www.facebook.com\/SonoraEE","article_published_time":"2021-01-15T06:55:20+00:00","article_modified_time":"2021-01-15T17:21:08+00:00","og_image":[{"width":677,"height":450,"url":"https:\/\/www.sonoraenequipo.com.mx\/storage\/2021\/01\/claussen_opt3.jpg","type":"image\/jpeg"}],"author":"enequipo","twitter_card":"summary_large_image","twitter_creator":"@sonoraenequipo","twitter_site":"@sonoraenequipo","twitter_misc":{"Escrito por":"enequipo","Tiempo de lectura":"3 minutos"},"schema":{"@context":"https:\/\/schema.org","@graph":[{"@type":"Article","@id":"https:\/\/www.sonoraenequipo.com.mx\/suma-sonora-cifra-record-de-contagios-de-covid-19-497-en-un-solo-dia\/#article","isPartOf":{"@id":"https:\/\/www.sonoraenequipo.com.mx\/suma-sonora-cifra-record-de-contagios-de-covid-19-497-en-un-solo-dia\/"},"author":{"name":"enequipo","@id":"https:\/\/www.sonoraenequipo.com.mx\/#\/schema\/person\/50102df0fb23a8fa9e8effad8fa81386"},"headline":"Suma Sonora cifra r\u00e9cord de contagios de Covid-19; \u00a1\u00a1497 en un solo d\u00eda!!","datePublished":"2021-01-15T06:55:20+00:00","dateModified":"2021-01-15T17:21:08+00:00","mainEntityOfPage":{"@id":"https:\/\/www.sonoraenequipo.com.mx\/suma-sonora-cifra-record-de-contagios-de-covid-19-497-en-un-solo-dia\/"},"wordCount":512,"commentCount":0,"publisher":{"@id":"https:\/\/www.sonoraenequipo.com.mx\/#organization"},"image":{"@id":"https:\/\/www.sonoraenequipo.com.mx\/suma-sonora-cifra-record-de-contagios-de-covid-19-497-en-un-solo-dia\/#primaryimage"},"thumbnailUrl":"https:\/\/www.sonoraenequipo.com.mx\/storage\/2021\/01\/claussen_opt3.jpg","articleSection":["Sonora"],"inLanguage":"es","potentialAction":[{"@type":"CommentAction","name":"Comment","target":["https:\/\/www.sonoraenequipo.com.mx\/suma-sonora-cifra-record-de-contagios-de-covid-19-497-en-un-solo-dia\/#respond"]}]},{"@type":"WebPage","@id":"https:\/\/www.sonoraenequipo.com.mx\/suma-sonora-cifra-record-de-contagios-de-covid-19-497-en-un-solo-dia\/","url":"https:\/\/www.sonoraenequipo.com.mx\/suma-sonora-cifra-record-de-contagios-de-covid-19-497-en-un-solo-dia\/","name":"Sonora en Equipo. Suma Sonora cifra r\u00e9cord de contagios de Covid-19; \u00a1\u00a1497 en un solo d\u00eda!! Sonora","isPartOf":{"@id":"https:\/\/www.sonoraenequipo.com.mx\/#website"},"primaryImageOfPage":{"@id":"https:\/\/www.sonoraenequipo.com.mx\/suma-sonora-cifra-record-de-contagios-de-covid-19-497-en-un-solo-dia\/#primaryimage"},"image":{"@id":"https:\/\/www.sonoraenequipo.com.mx\/suma-sonora-cifra-record-de-contagios-de-covid-19-497-en-un-solo-dia\/#primaryimage"},"thumbnailUrl":"https:\/\/www.sonoraenequipo.com.mx\/storage\/2021\/01\/claussen_opt3.jpg","datePublished":"2021-01-15T06:55:20+00:00","dateModified":"2021-01-15T17:21:08+00:00","description":"HERMOSILLO, SONORA. MX. \u2014 En los datos estad\u00edsticos de este jueves por parte de la Secretar\u00eda de Salud, se dio a conocer el fallecimiento de 33 personas y En Sonora en Equipo publicamos toda la informaci\u00f3n de Sonora, M\u00e9xico y el Mundo de manera oportuna y busca que la libertad de expresi\u00f3n sea real. Visita nuestro medio informativo publicado desde Hermosillo, Sonora. %","breadcrumb":{"@id":"https:\/\/www.sonoraenequipo.com.mx\/suma-sonora-cifra-record-de-contagios-de-covid-19-497-en-un-solo-dia\/#breadcrumb"},"inLanguage":"es","potentialAction":[{"@type":"ReadAction","target":["https:\/\/www.sonoraenequipo.com.mx\/suma-sonora-cifra-record-de-contagios-de-covid-19-497-en-un-solo-dia\/"]}]},{"@type":"ImageObject","inLanguage":"es","@id":"https:\/\/www.sonoraenequipo.com.mx\/suma-sonora-cifra-record-de-contagios-de-covid-19-497-en-un-solo-dia\/#primaryimage","url":"https:\/\/www.sonoraenequipo.com.mx\/storage\/2021\/01\/claussen_opt3.jpg","contentUrl":"https:\/\/www.sonoraenequipo.com.mx\/storage\/2021\/01\/claussen_opt3.jpg","width":677,"height":450},{"@type":"BreadcrumbList","@id":"https:\/\/www.sonoraenequipo.com.mx\/suma-sonora-cifra-record-de-contagios-de-covid-19-497-en-un-solo-dia\/#breadcrumb","itemListElement":[{"@type":"ListItem","position":1,"name":"Portada","item":"https:\/\/www.sonoraenequipo.com.mx\/"},{"@type":"ListItem","position":2,"name":"Suma Sonora cifra r\u00e9cord de contagios de Covid-19; \u00a1\u00a1497 en un solo d\u00eda!!"}]},{"@type":"WebSite","@id":"https:\/\/www.sonoraenequipo.com.mx\/#website","url":"https:\/\/www.sonoraenequipo.com.mx\/","name":"Sonora en Equipo.","description":"Diario en l\u00ednea con Noticias desde Hermosillo, Sonora","publisher":{"@id":"https:\/\/www.sonoraenequipo.com.mx\/#organization"},"potentialAction":[{"@type":"SearchAction","target":{"@type":"EntryPoint","urlTemplate":"https:\/\/www.sonoraenequipo.com.mx\/?s={search_term_string}"},"query-input":{"@type":"PropertyValueSpecification","valueRequired":true,"valueName":"search_term_string"}}],"inLanguage":"es"},{"@type":"Organization","@id":"https:\/\/www.sonoraenequipo.com.mx\/#organization","name":"Sonoraenequipo.com.mx","url":"https:\/\/www.sonoraenequipo.com.mx\/","logo":{"@type":"ImageObject","inLanguage":"es","@id":"https:\/\/www.sonoraenequipo.com.mx\/#\/schema\/logo\/image\/","url":"https:\/\/www.sonoraenequipo.com.mx\/storage\/2019\/01\/sonoraenequipo_opt.png","contentUrl":"https:\/\/www.sonoraenequipo.com.mx\/storage\/2019\/01\/sonoraenequipo_opt.png","width":375,"height":125,"caption":"Sonoraenequipo.com.mx"},"image":{"@id":"https:\/\/www.sonoraenequipo.com.mx\/#\/schema\/logo\/image\/"},"sameAs":["https:\/\/www.facebook.com\/SonoraEE\/","https:\/\/x.com\/sonoraenequipo","https:\/\/www.youtube.com\/channel\/UC338nW-lPEYmJQs4ZABQ1SQ"]},{"@type":"Person","@id":"https:\/\/www.sonoraenequipo.com.mx\/#\/schema\/person\/50102df0fb23a8fa9e8effad8fa81386","name":"enequipo","image":{"@type":"ImageObject","inLanguage":"es","@id":"https:\/\/www.sonoraenequipo.com.mx\/#\/schema\/person\/image\/","url":"https:\/\/secure.gravatar.com\/avatar\/049821681b589dabc0bc20695993ccebb09f5b5d4d790cd9251b97faac7c652b?s=96&d=blank&r=g","contentUrl":"https:\/\/secure.gravatar.com\/avatar\/049821681b589dabc0bc20695993ccebb09f5b5d4d790cd9251b97faac7c652b?s=96&d=blank&r=g","caption":"enequipo"},"sameAs":["https:\/\/www.facebook.com\/SonoraEE"]}]}},"jetpack_featured_media_url":"https:\/\/www.sonoraenequipo.com.mx\/storage\/2021\/01\/claussen_opt3.jpg","_links":{"self":[{"href":"https:\/\/www.sonoraenequipo.com.mx\/api\/wp\/v2\/posts\/104657","targetHints":{"allow":["GET"]}}],"collection":[{"href":"https:\/\/www.sonoraenequipo.com.mx\/api\/wp\/v2\/posts"}],"about":[{"href":"https:\/\/www.sonoraenequipo.com.mx\/api\/wp\/v2\/types\/post"}],"author":[{"embeddable":true,"href":"https:\/\/www.sonoraenequipo.com.mx\/api\/wp\/v2\/users\/1"}],"replies":[{"embeddable":true,"href":"https:\/\/www.sonoraenequipo.com.mx\/api\/wp\/v2\/comments?post=104657"}],"version-history":[{"count":1,"href":"https:\/\/www.sonoraenequipo.com.mx\/api\/wp\/v2\/posts\/104657\/revisions"}],"predecessor-version":[{"id":104659,"href":"https:\/\/www.sonoraenequipo.com.mx\/api\/wp\/v2\/posts\/104657\/revisions\/104659"}],"wp:featuredmedia":[{"embeddable":true,"href":"https:\/\/www.sonoraenequipo.com.mx\/api\/wp\/v2\/media\/104658"}],"wp:attachment":[{"href":"https:\/\/www.sonoraenequipo.com.mx\/api\/wp\/v2\/media?parent=104657"}],"wp:term":[{"taxonomy":"category","embeddable":true,"href":"https:\/\/www.sonoraenequipo.com.mx\/api\/wp\/v2\/categories?post=104657"},{"taxonomy":"post_tag","embeddable":true,"href":"https:\/\/www.sonoraenequipo.com.mx\/api\/wp\/v2\/tags?post=104657"}],"curies":[{"name":"wp","href":"https:\/\/api.w.org\/{rel}","templated":true}]}}