{"id":104660,"date":"2021-01-15T06:00:11","date_gmt":"2021-01-15T13:00:11","guid":{"rendered":"https:\/\/www.sonoraenequipo.com.mx\/?p=104660"},"modified":"2021-01-15T10:36:10","modified_gmt":"2021-01-15T17:36:10","slug":"alfonso-durazo-asegura-que-cajeme-sera-clave-en-el-renacimiento-economico-de-sonora","status":"publish","type":"post","link":"https:\/\/www.sonoraenequipo.com.mx\/alfonso-durazo-asegura-que-cajeme-sera-clave-en-el-renacimiento-economico-de-sonora\/","title":{"rendered":"Alfonso Durazo asegura que Cajeme ser\u00e1 clave en el renacimiento econ\u00f3mico de Sonora"},"content":{"rendered":"<p>CIUDAD OBREG\u00d3N, SONORA. MX.\u2014 El\u00a0 pre candidato de Morena al gobierno de Sonora se reuni\u00f3 el jueves (14.01.2021) con los integrantes del Distrito de Riego del R\u00edo Yaqui para escuchar sus necesidades y propuestas en materia de uso del agua.<\/p>\n<p>&nbsp;<\/p>\n<p> <\/p>\n<p>&nbsp;<\/p>\n<p>Ah\u00ed, Durazo Monta\u00f1o apunt\u00f3 la importancia que tiene esa regi\u00f3n, \u00ab<em>El Valle del Yaqui tiene que ser una plataforma para el relanzamiento econ\u00f3mico de Sonora, pero tenemos que darle valor agregado a la producci\u00f3n primaria, tenemos que industrializar y, por supuesto, el desarrollo de Obreg\u00f3n no debe de estar basado exclusivamente en la disponibilidad del agua\u00bb<\/em><\/p>\n<p>&nbsp;<\/p>\n<p>Durazo Monta\u00f1o sugiri\u00f3 enlazar el potencial econ\u00f3mico del puerto de Guaymas con las capacidades agroindustriales y log\u00edsticas de Ciudad Obreg\u00f3n, para que la entidad recupere su liderazgo nacional.<\/p>\n<p>&nbsp;<\/p>\n<p>Lament\u00f3 que el estado se ubique en los \u00faltimos lugares de la regi\u00f3n fronteriza en materia de inversi\u00f3n nacional y extranjera, as\u00ed como en crecimiento econ\u00f3mico.<\/p>\n<p>&nbsp;<\/p>\n<p>Detall\u00f3 que el principal obst\u00e1culo para el desarrollo de la entidad ha sido la corrupci\u00f3n y la concentraci\u00f3n del poder econ\u00f3mico en un grupo de poder que lo usa para su beneficio. Dijo que no es v\u00e1lido sacrificar el crecimiento de una ciudad a expensas de otra, por lo que hay que impulsar un crecimiento regional equilibrado colocando al gobierno al servicio del inter\u00e9s general.<\/p>\n<p>&nbsp;<\/p>\n<p>Al hablar sobre el conflicto hist\u00f3rico que se vive por el agua, opin\u00f3 que es<em> \u00abes un derecho humano fundamental y tiene que usarse en funci\u00f3n de prioridades, de las necesidades humanas. Pero la econom\u00eda tambi\u00e9n es una necesidad humana\u00bb.<\/em><\/p>\n<p>&nbsp;<\/p>\n<p>Durazo Monta\u00f1o dijo que Sonora tiene agua m\u00e1s que suficiente para garantizar su desarrollo por muchos a\u00f1os, pero el desperdicio es un problema que requiere de una cultura del uso racional del recurso, as\u00ed como la optimizaci\u00f3n de las redes de distribuci\u00f3n en las ciudades.<\/p>\n<p>&nbsp;<\/p>\n<p>(Publicada el 15\/01\/2021)<\/p>\n","protected":false},"excerpt":{"rendered":"<p>CIUDAD OBREG\u00d3N, SONORA. MX.\u2014 El\u00a0 pre candidato de Morena al gobierno de Sonora se reuni\u00f3&#8230;<\/p>\n","protected":false},"author":1,"featured_media":104662,"comment_status":"open","ping_status":"open","sticky":false,"template":"","format":"standard","meta":{"_monsterinsights_skip_tracking":false,"_monsterinsights_sitenote_active":false,"_monsterinsights_sitenote_note":"","_monsterinsights_sitenote_category":0,"footnotes":""},"categories":[22],"tags":[],"class_list":["post"],"yoast_head":" \n<title>Sonora en Equipo. Alfonso Durazo asegura que Cajeme ser\u00e1 clave en el renacimiento econ\u00f3mico de Sonora Sonora<\/title>\n<meta name=\"description\" content=\"CIUDAD OBREG\u00d3N, SONORA. MX.\u2014 El\u00a0 pre candidato de Morena al gobierno de Sonora se reuni\u00f3 el jueves (14.01.2021) con los integrantes del Distrito de Riego En Sonora en Equipo publicamos toda la informaci\u00f3n de Sonora, M\u00e9xico y el Mundo de manera oportuna y busca que la libertad de expresi\u00f3n sea real. Visita nuestro medio informativo publicado desde Hermosillo, Sonora. %\" \/>\n<meta name=\"robots\" content=\"index, follow, max-snippet:-1, max-image-preview:large, max-video-preview:-1\" \/>\n<link rel=\"canonical\" href=\"https:\/\/www.sonoraenequipo.com.mx\/alfonso-durazo-asegura-que-cajeme-sera-clave-en-el-renacimiento-economico-de-sonora\/\" \/>\n<meta property=\"og:locale\" content=\"es_ES\" \/>\n<meta property=\"og:type\" content=\"article\" \/>\n<meta property=\"og:title\" content=\"Sonora en Equipo. Alfonso Durazo asegura que Cajeme ser\u00e1 clave en el renacimiento econ\u00f3mico de Sonora Sonora\" \/>\n<meta property=\"og:description\" content=\"CIUDAD OBREG\u00d3N, SONORA. MX.\u2014 El\u00a0 pre candidato de Morena al gobierno de Sonora se reuni\u00f3 el jueves (14.01.2021) con los integrantes del Distrito de Riego En Sonora en Equipo publicamos toda la informaci\u00f3n de Sonora, M\u00e9xico y el Mundo de manera oportuna y busca que la libertad de expresi\u00f3n sea real. Visita nuestro medio informativo publicado desde Hermosillo, Sonora. %\" \/>\n<meta property=\"og:url\" content=\"https:\/\/www.sonoraenequipo.com.mx\/alfonso-durazo-asegura-que-cajeme-sera-clave-en-el-renacimiento-economico-de-sonora\/\" \/>\n<meta property=\"og:site_name\" content=\"Sonora en Equipo.\" \/>\n<meta property=\"article:publisher\" content=\"https:\/\/www.facebook.com\/SonoraEE\/\" \/>\n<meta property=\"article:author\" content=\"https:\/\/www.facebook.com\/SonoraEE\" \/>\n<meta property=\"article:published_time\" content=\"2021-01-15T13:00:11+00:00\" \/>\n<meta property=\"article:modified_time\" content=\"2021-01-15T17:36:10+00:00\" \/>\n<meta property=\"og:image\" content=\"https:\/\/www.sonoraenequipo.com.mx\/storage\/2021\/01\/durazo-cd_opt.jpg\" \/>\n\t<meta property=\"og:image:width\" content=\"797\" \/>\n\t<meta property=\"og:image:height\" content=\"450\" \/>\n\t<meta property=\"og:image:type\" content=\"image\/jpeg\" \/>\n<meta name=\"author\" content=\"enequipo\" \/>\n<meta name=\"twitter:card\" content=\"summary_large_image\" \/>\n<meta name=\"twitter:creator\" content=\"@sonoraenequipo\" \/>\n<meta name=\"twitter:site\" content=\"@sonoraenequipo\" \/>\n<meta name=\"twitter:label1\" content=\"Escrito por\" \/>\n\t<meta name=\"twitter:data1\" content=\"enequipo\" \/>\n\t<meta name=\"twitter:label2\" content=\"Tiempo de lectura\" \/>\n\t<meta name=\"twitter:data2\" content=\"2 minutos\" \/>\n<script type=\"application\/ld+json\" class=\"yoast-schema-graph\">{\"@context\":\"https:\/\/schema.org\",\"@graph\":[{\"@type\":\"Article\",\"@id\":\"https:\/\/www.sonoraenequipo.com.mx\/alfonso-durazo-asegura-que-cajeme-sera-clave-en-el-renacimiento-economico-de-sonora\/#article\",\"isPartOf\":{\"@id\":\"https:\/\/www.sonoraenequipo.com.mx\/alfonso-durazo-asegura-que-cajeme-sera-clave-en-el-renacimiento-economico-de-sonora\/\"},\"author\":{\"name\":\"enequipo\",\"@id\":\"https:\/\/www.sonoraenequipo.com.mx\/#\/schema\/person\/50102df0fb23a8fa9e8effad8fa81386\"},\"headline\":\"Alfonso Durazo asegura que Cajeme ser\u00e1 clave en el renacimiento econ\u00f3mico de Sonora\",\"datePublished\":\"2021-01-15T13:00:11+00:00\",\"dateModified\":\"2021-01-15T17:36:10+00:00\",\"mainEntityOfPage\":{\"@id\":\"https:\/\/www.sonoraenequipo.com.mx\/alfonso-durazo-asegura-que-cajeme-sera-clave-en-el-renacimiento-economico-de-sonora\/\"},\"wordCount\":352,\"commentCount\":0,\"publisher\":{\"@id\":\"https:\/\/www.sonoraenequipo.com.mx\/#organization\"},\"image\":{\"@id\":\"https:\/\/www.sonoraenequipo.com.mx\/alfonso-durazo-asegura-que-cajeme-sera-clave-en-el-renacimiento-economico-de-sonora\/#primaryimage\"},\"thumbnailUrl\":\"https:\/\/www.sonoraenequipo.com.mx\/storage\/2021\/01\/durazo-cd_opt.jpg\",\"articleSection\":[\"Sonora\"],\"inLanguage\":\"es\",\"potentialAction\":[{\"@type\":\"CommentAction\",\"name\":\"Comment\",\"target\":[\"https:\/\/www.sonoraenequipo.com.mx\/alfonso-durazo-asegura-que-cajeme-sera-clave-en-el-renacimiento-economico-de-sonora\/#respond\"]}]},{\"@type\":\"WebPage\",\"@id\":\"https:\/\/www.sonoraenequipo.com.mx\/alfonso-durazo-asegura-que-cajeme-sera-clave-en-el-renacimiento-economico-de-sonora\/\",\"url\":\"https:\/\/www.sonoraenequipo.com.mx\/alfonso-durazo-asegura-que-cajeme-sera-clave-en-el-renacimiento-economico-de-sonora\/\",\"name\":\"Sonora en Equipo. Alfonso Durazo asegura que Cajeme ser\u00e1 clave en el renacimiento econ\u00f3mico de Sonora Sonora\",\"isPartOf\":{\"@id\":\"https:\/\/www.sonoraenequipo.com.mx\/#website\"},\"primaryImageOfPage\":{\"@id\":\"https:\/\/www.sonoraenequipo.com.mx\/alfonso-durazo-asegura-que-cajeme-sera-clave-en-el-renacimiento-economico-de-sonora\/#primaryimage\"},\"image\":{\"@id\":\"https:\/\/www.sonoraenequipo.com.mx\/alfonso-durazo-asegura-que-cajeme-sera-clave-en-el-renacimiento-economico-de-sonora\/#primaryimage\"},\"thumbnailUrl\":\"https:\/\/www.sonoraenequipo.com.mx\/storage\/2021\/01\/durazo-cd_opt.jpg\",\"datePublished\":\"2021-01-15T13:00:11+00:00\",\"dateModified\":\"2021-01-15T17:36:10+00:00\",\"description\":\"CIUDAD OBREG\u00d3N, SONORA. MX.\u2014 El\u00a0 pre candidato de Morena al gobierno de Sonora se reuni\u00f3 el jueves (14.01.2021) con los integrantes del Distrito de Riego En Sonora en Equipo publicamos toda la informaci\u00f3n de Sonora, M\u00e9xico y el Mundo de manera oportuna y busca que la libertad de expresi\u00f3n sea real. Visita nuestro medio informativo publicado desde Hermosillo, Sonora. %\",\"breadcrumb\":{\"@id\":\"https:\/\/www.sonoraenequipo.com.mx\/alfonso-durazo-asegura-que-cajeme-sera-clave-en-el-renacimiento-economico-de-sonora\/#breadcrumb\"},\"inLanguage\":\"es\",\"potentialAction\":[{\"@type\":\"ReadAction\",\"target\":[\"https:\/\/www.sonoraenequipo.com.mx\/alfonso-durazo-asegura-que-cajeme-sera-clave-en-el-renacimiento-economico-de-sonora\/\"]}]},{\"@type\":\"ImageObject\",\"inLanguage\":\"es\",\"@id\":\"https:\/\/www.sonoraenequipo.com.mx\/alfonso-durazo-asegura-que-cajeme-sera-clave-en-el-renacimiento-economico-de-sonora\/#primaryimage\",\"url\":\"https:\/\/www.sonoraenequipo.com.mx\/storage\/2021\/01\/durazo-cd_opt.jpg\",\"contentUrl\":\"https:\/\/www.sonoraenequipo.com.mx\/storage\/2021\/01\/durazo-cd_opt.jpg\",\"width\":797,\"height\":450},{\"@type\":\"BreadcrumbList\",\"@id\":\"https:\/\/www.sonoraenequipo.com.mx\/alfonso-durazo-asegura-que-cajeme-sera-clave-en-el-renacimiento-economico-de-sonora\/#breadcrumb\",\"itemListElement\":[{\"@type\":\"ListItem\",\"position\":1,\"name\":\"Portada\",\"item\":\"https:\/\/www.sonoraenequipo.com.mx\/\"},{\"@type\":\"ListItem\",\"position\":2,\"name\":\"Alfonso Durazo asegura que Cajeme ser\u00e1 clave en el renacimiento econ\u00f3mico de Sonora\"}]},{\"@type\":\"WebSite\",\"@id\":\"https:\/\/www.sonoraenequipo.com.mx\/#website\",\"url\":\"https:\/\/www.sonoraenequipo.com.mx\/\",\"name\":\"Sonora en Equipo.\",\"description\":\"Diario en l\u00ednea con Noticias desde Hermosillo, Sonora\",\"publisher\":{\"@id\":\"https:\/\/www.sonoraenequipo.com.mx\/#organization\"},\"potentialAction\":[{\"@type\":\"SearchAction\",\"target\":{\"@type\":\"EntryPoint\",\"urlTemplate\":\"https:\/\/www.sonoraenequipo.com.mx\/?s={search_term_string}\"},\"query-input\":{\"@type\":\"PropertyValueSpecification\",\"valueRequired\":true,\"valueName\":\"search_term_string\"}}],\"inLanguage\":\"es\"},{\"@type\":\"Organization\",\"@id\":\"https:\/\/www.sonoraenequipo.com.mx\/#organization\",\"name\":\"Sonoraenequipo.com.mx\",\"url\":\"https:\/\/www.sonoraenequipo.com.mx\/\",\"logo\":{\"@type\":\"ImageObject\",\"inLanguage\":\"es\",\"@id\":\"https:\/\/www.sonoraenequipo.com.mx\/#\/schema\/logo\/image\/\",\"url\":\"https:\/\/www.sonoraenequipo.com.mx\/storage\/2019\/01\/sonoraenequipo_opt.png\",\"contentUrl\":\"https:\/\/www.sonoraenequipo.com.mx\/storage\/2019\/01\/sonoraenequipo_opt.png\",\"width\":375,\"height\":125,\"caption\":\"Sonoraenequipo.com.mx\"},\"image\":{\"@id\":\"https:\/\/www.sonoraenequipo.com.mx\/#\/schema\/logo\/image\/\"},\"sameAs\":[\"https:\/\/www.facebook.com\/SonoraEE\/\",\"https:\/\/x.com\/sonoraenequipo\",\"https:\/\/www.youtube.com\/channel\/UC338nW-lPEYmJQs4ZABQ1SQ\"]},{\"@type\":\"Person\",\"@id\":\"https:\/\/www.sonoraenequipo.com.mx\/#\/schema\/person\/50102df0fb23a8fa9e8effad8fa81386\",\"name\":\"enequipo\",\"image\":{\"@type\":\"ImageObject\",\"inLanguage\":\"es\",\"@id\":\"https:\/\/www.sonoraenequipo.com.mx\/#\/schema\/person\/image\/\",\"url\":\"https:\/\/secure.gravatar.com\/avatar\/049821681b589dabc0bc20695993ccebb09f5b5d4d790cd9251b97faac7c652b?s=96&d=blank&r=g\",\"contentUrl\":\"https:\/\/secure.gravatar.com\/avatar\/049821681b589dabc0bc20695993ccebb09f5b5d4d790cd9251b97faac7c652b?s=96&d=blank&r=g\",\"caption\":\"enequipo\"},\"sameAs\":[\"https:\/\/www.facebook.com\/SonoraEE\"]}]}<\/script>\n ","yoast_head_json":{"title":"Sonora en Equipo. Alfonso Durazo asegura que Cajeme ser\u00e1 clave en el renacimiento econ\u00f3mico de Sonora Sonora","description":"CIUDAD OBREG\u00d3N, SONORA. MX.\u2014 El\u00a0 pre candidato de Morena al gobierno de Sonora se reuni\u00f3 el jueves (14.01.2021) con los integrantes del Distrito de Riego En Sonora en Equipo publicamos toda la informaci\u00f3n de Sonora, M\u00e9xico y el Mundo de manera oportuna y busca que la libertad de expresi\u00f3n sea real. Visita nuestro medio informativo publicado desde Hermosillo, Sonora. %","robots":{"index":"index","follow":"follow","max-snippet":"max-snippet:-1","max-image-preview":"max-image-preview:large","max-video-preview":"max-video-preview:-1"},"canonical":"https:\/\/www.sonoraenequipo.com.mx\/alfonso-durazo-asegura-que-cajeme-sera-clave-en-el-renacimiento-economico-de-sonora\/","og_locale":"es_ES","og_type":"article","og_title":"Sonora en Equipo. Alfonso Durazo asegura que Cajeme ser\u00e1 clave en el renacimiento econ\u00f3mico de Sonora Sonora","og_description":"CIUDAD OBREG\u00d3N, SONORA. MX.\u2014 El\u00a0 pre candidato de Morena al gobierno de Sonora se reuni\u00f3 el jueves (14.01.2021) con los integrantes del Distrito de Riego En Sonora en Equipo publicamos toda la informaci\u00f3n de Sonora, M\u00e9xico y el Mundo de manera oportuna y busca que la libertad de expresi\u00f3n sea real. Visita nuestro medio informativo publicado desde Hermosillo, Sonora. %","og_url":"https:\/\/www.sonoraenequipo.com.mx\/alfonso-durazo-asegura-que-cajeme-sera-clave-en-el-renacimiento-economico-de-sonora\/","og_site_name":"Sonora en Equipo.","article_publisher":"https:\/\/www.facebook.com\/SonoraEE\/","article_author":"https:\/\/www.facebook.com\/SonoraEE","article_published_time":"2021-01-15T13:00:11+00:00","article_modified_time":"2021-01-15T17:36:10+00:00","og_image":[{"width":797,"height":450,"url":"https:\/\/www.sonoraenequipo.com.mx\/storage\/2021\/01\/durazo-cd_opt.jpg","type":"image\/jpeg"}],"author":"enequipo","twitter_card":"summary_large_image","twitter_creator":"@sonoraenequipo","twitter_site":"@sonoraenequipo","twitter_misc":{"Escrito por":"enequipo","Tiempo de lectura":"2 minutos"},"schema":{"@context":"https:\/\/schema.org","@graph":[{"@type":"Article","@id":"https:\/\/www.sonoraenequipo.com.mx\/alfonso-durazo-asegura-que-cajeme-sera-clave-en-el-renacimiento-economico-de-sonora\/#article","isPartOf":{"@id":"https:\/\/www.sonoraenequipo.com.mx\/alfonso-durazo-asegura-que-cajeme-sera-clave-en-el-renacimiento-economico-de-sonora\/"},"author":{"name":"enequipo","@id":"https:\/\/www.sonoraenequipo.com.mx\/#\/schema\/person\/50102df0fb23a8fa9e8effad8fa81386"},"headline":"Alfonso Durazo asegura que Cajeme ser\u00e1 clave en el renacimiento econ\u00f3mico de Sonora","datePublished":"2021-01-15T13:00:11+00:00","dateModified":"2021-01-15T17:36:10+00:00","mainEntityOfPage":{"@id":"https:\/\/www.sonoraenequipo.com.mx\/alfonso-durazo-asegura-que-cajeme-sera-clave-en-el-renacimiento-economico-de-sonora\/"},"wordCount":352,"commentCount":0,"publisher":{"@id":"https:\/\/www.sonoraenequipo.com.mx\/#organization"},"image":{"@id":"https:\/\/www.sonoraenequipo.com.mx\/alfonso-durazo-asegura-que-cajeme-sera-clave-en-el-renacimiento-economico-de-sonora\/#primaryimage"},"thumbnailUrl":"https:\/\/www.sonoraenequipo.com.mx\/storage\/2021\/01\/durazo-cd_opt.jpg","articleSection":["Sonora"],"inLanguage":"es","potentialAction":[{"@type":"CommentAction","name":"Comment","target":["https:\/\/www.sonoraenequipo.com.mx\/alfonso-durazo-asegura-que-cajeme-sera-clave-en-el-renacimiento-economico-de-sonora\/#respond"]}]},{"@type":"WebPage","@id":"https:\/\/www.sonoraenequipo.com.mx\/alfonso-durazo-asegura-que-cajeme-sera-clave-en-el-renacimiento-economico-de-sonora\/","url":"https:\/\/www.sonoraenequipo.com.mx\/alfonso-durazo-asegura-que-cajeme-sera-clave-en-el-renacimiento-economico-de-sonora\/","name":"Sonora en Equipo. Alfonso Durazo asegura que Cajeme ser\u00e1 clave en el renacimiento econ\u00f3mico de Sonora Sonora","isPartOf":{"@id":"https:\/\/www.sonoraenequipo.com.mx\/#website"},"primaryImageOfPage":{"@id":"https:\/\/www.sonoraenequipo.com.mx\/alfonso-durazo-asegura-que-cajeme-sera-clave-en-el-renacimiento-economico-de-sonora\/#primaryimage"},"image":{"@id":"https:\/\/www.sonoraenequipo.com.mx\/alfonso-durazo-asegura-que-cajeme-sera-clave-en-el-renacimiento-economico-de-sonora\/#primaryimage"},"thumbnailUrl":"https:\/\/www.sonoraenequipo.com.mx\/storage\/2021\/01\/durazo-cd_opt.jpg","datePublished":"2021-01-15T13:00:11+00:00","dateModified":"2021-01-15T17:36:10+00:00","description":"CIUDAD OBREG\u00d3N, SONORA. MX.\u2014 El\u00a0 pre candidato de Morena al gobierno de Sonora se reuni\u00f3 el jueves (14.01.2021) con los integrantes del Distrito de Riego En Sonora en Equipo publicamos toda la informaci\u00f3n de Sonora, M\u00e9xico y el Mundo de manera oportuna y busca que la libertad de expresi\u00f3n sea real. Visita nuestro medio informativo publicado desde Hermosillo, Sonora. %","breadcrumb":{"@id":"https:\/\/www.sonoraenequipo.com.mx\/alfonso-durazo-asegura-que-cajeme-sera-clave-en-el-renacimiento-economico-de-sonora\/#breadcrumb"},"inLanguage":"es","potentialAction":[{"@type":"ReadAction","target":["https:\/\/www.sonoraenequipo.com.mx\/alfonso-durazo-asegura-que-cajeme-sera-clave-en-el-renacimiento-economico-de-sonora\/"]}]},{"@type":"ImageObject","inLanguage":"es","@id":"https:\/\/www.sonoraenequipo.com.mx\/alfonso-durazo-asegura-que-cajeme-sera-clave-en-el-renacimiento-economico-de-sonora\/#primaryimage","url":"https:\/\/www.sonoraenequipo.com.mx\/storage\/2021\/01\/durazo-cd_opt.jpg","contentUrl":"https:\/\/www.sonoraenequipo.com.mx\/storage\/2021\/01\/durazo-cd_opt.jpg","width":797,"height":450},{"@type":"BreadcrumbList","@id":"https:\/\/www.sonoraenequipo.com.mx\/alfonso-durazo-asegura-que-cajeme-sera-clave-en-el-renacimiento-economico-de-sonora\/#breadcrumb","itemListElement":[{"@type":"ListItem","position":1,"name":"Portada","item":"https:\/\/www.sonoraenequipo.com.mx\/"},{"@type":"ListItem","position":2,"name":"Alfonso Durazo asegura que Cajeme ser\u00e1 clave en el renacimiento econ\u00f3mico de Sonora"}]},{"@type":"WebSite","@id":"https:\/\/www.sonoraenequipo.com.mx\/#website","url":"https:\/\/www.sonoraenequipo.com.mx\/","name":"Sonora en Equipo.","description":"Diario en l\u00ednea con Noticias desde Hermosillo, Sonora","publisher":{"@id":"https:\/\/www.sonoraenequipo.com.mx\/#organization"},"potentialAction":[{"@type":"SearchAction","target":{"@type":"EntryPoint","urlTemplate":"https:\/\/www.sonoraenequipo.com.mx\/?s={search_term_string}"},"query-input":{"@type":"PropertyValueSpecification","valueRequired":true,"valueName":"search_term_string"}}],"inLanguage":"es"},{"@type":"Organization","@id":"https:\/\/www.sonoraenequipo.com.mx\/#organization","name":"Sonoraenequipo.com.mx","url":"https:\/\/www.sonoraenequipo.com.mx\/","logo":{"@type":"ImageObject","inLanguage":"es","@id":"https:\/\/www.sonoraenequipo.com.mx\/#\/schema\/logo\/image\/","url":"https:\/\/www.sonoraenequipo.com.mx\/storage\/2019\/01\/sonoraenequipo_opt.png","contentUrl":"https:\/\/www.sonoraenequipo.com.mx\/storage\/2019\/01\/sonoraenequipo_opt.png","width":375,"height":125,"caption":"Sonoraenequipo.com.mx"},"image":{"@id":"https:\/\/www.sonoraenequipo.com.mx\/#\/schema\/logo\/image\/"},"sameAs":["https:\/\/www.facebook.com\/SonoraEE\/","https:\/\/x.com\/sonoraenequipo","https:\/\/www.youtube.com\/channel\/UC338nW-lPEYmJQs4ZABQ1SQ"]},{"@type":"Person","@id":"https:\/\/www.sonoraenequipo.com.mx\/#\/schema\/person\/50102df0fb23a8fa9e8effad8fa81386","name":"enequipo","image":{"@type":"ImageObject","inLanguage":"es","@id":"https:\/\/www.sonoraenequipo.com.mx\/#\/schema\/person\/image\/","url":"https:\/\/secure.gravatar.com\/avatar\/049821681b589dabc0bc20695993ccebb09f5b5d4d790cd9251b97faac7c652b?s=96&d=blank&r=g","contentUrl":"https:\/\/secure.gravatar.com\/avatar\/049821681b589dabc0bc20695993ccebb09f5b5d4d790cd9251b97faac7c652b?s=96&d=blank&r=g","caption":"enequipo"},"sameAs":["https:\/\/www.facebook.com\/SonoraEE"]}]}},"jetpack_featured_media_url":"https:\/\/www.sonoraenequipo.com.mx\/storage\/2021\/01\/durazo-cd_opt.jpg","_links":{"self":[{"href":"https:\/\/www.sonoraenequipo.com.mx\/api\/wp\/v2\/posts\/104660","targetHints":{"allow":["GET"]}}],"collection":[{"href":"https:\/\/www.sonoraenequipo.com.mx\/api\/wp\/v2\/posts"}],"about":[{"href":"https:\/\/www.sonoraenequipo.com.mx\/api\/wp\/v2\/types\/post"}],"author":[{"embeddable":true,"href":"https:\/\/www.sonoraenequipo.com.mx\/api\/wp\/v2\/users\/1"}],"replies":[{"embeddable":true,"href":"https:\/\/www.sonoraenequipo.com.mx\/api\/wp\/v2\/comments?post=104660"}],"version-history":[{"count":1,"href":"https:\/\/www.sonoraenequipo.com.mx\/api\/wp\/v2\/posts\/104660\/revisions"}],"predecessor-version":[{"id":104663,"href":"https:\/\/www.sonoraenequipo.com.mx\/api\/wp\/v2\/posts\/104660\/revisions\/104663"}],"wp:featuredmedia":[{"embeddable":true,"href":"https:\/\/www.sonoraenequipo.com.mx\/api\/wp\/v2\/media\/104662"}],"wp:attachment":[{"href":"https:\/\/www.sonoraenequipo.com.mx\/api\/wp\/v2\/media?parent=104660"}],"wp:term":[{"taxonomy":"category","embeddable":true,"href":"https:\/\/www.sonoraenequipo.com.mx\/api\/wp\/v2\/categories?post=104660"},{"taxonomy":"post_tag","embeddable":true,"href":"https:\/\/www.sonoraenequipo.com.mx\/api\/wp\/v2\/tags?post=104660"}],"curies":[{"name":"wp","href":"https:\/\/api.w.org\/{rel}","templated":true}]}}