{"id":104669,"date":"2021-01-15T14:03:58","date_gmt":"2021-01-15T21:03:58","guid":{"rendered":"https:\/\/www.sonoraenequipo.com.mx\/?p=104669"},"modified":"2021-01-15T14:03:58","modified_gmt":"2021-01-15T21:03:58","slug":"fortaleceran-servicios-de-la-direccion-de-inspeccion-y-vigilancia-en-hermosillo","status":"publish","type":"post","link":"https:\/\/www.sonoraenequipo.com.mx\/fortaleceran-servicios-de-la-direccion-de-inspeccion-y-vigilancia-en-hermosillo\/","title":{"rendered":"Fortalecer\u00e1n servicios de la Direcci\u00f3n de Inspecci\u00f3n y Vigilancia en Hermosillo"},"content":{"rendered":"<p><strong>&gt;&gt;Ram\u00f3n Hern\u00e1ndez, nuevo titular de la dependencia, rindi\u00f3 protesta como Secretario T\u00e9cnico del Consejo de Comercio de Hermosillo<\/strong><\/p>\n<p>&nbsp;<\/p>\n<p>HERMOSILLO, SONORA,MX.\u2500\u2500 Para beneficio de los hermosillenses, la Direcci\u00f3n de Inspecci\u00f3n y Vigilancia trabajar\u00e1 de la mano del sector comercial de la ciudad para ofrecer un servicio m\u00e1s eficaz y personalizado a los ciudadanos.<\/p>\n<p>&nbsp;<\/p>\n<p>Ante la presencia del Secretario del Ayuntamiento Joaqu\u00edn Rodr\u00edguez Vejar, regidores y miembros que integran el Consejo de Comercio de esta capital,\u00a0 el Director de la dependencia Ram\u00f3n Hern\u00e1ndez Almada rindi\u00f3 protesta como nuevo Secretario T\u00e9cnico de dicha instancia.<\/p>\n<p>&nbsp;<\/p>\n<p>Rodr\u00edguez Vejar inform\u00f3 que la reuni\u00f3n se realiz\u00f3 en las instalaciones de Canaco, con la finalidad de establecer el programa de trabajo para el a\u00f1o en curso y hacer el cambio de Secretario T\u00e9cnico del Consejo de Comercio del municipio de Hermosillo, cargo que desempe\u00f1a el titular de Inspecci\u00f3n y Vigilancia.<\/p>\n<p>&nbsp;<\/p>\n<p>Explic\u00f3 que recientemente, Gino Saracco Morales pas\u00f3 a la direcci\u00f3n de Servicios P\u00fablicos Municipales y Ram\u00f3n Hern\u00e1ndez Almada asumi\u00f3 la Direcci\u00f3n de Inspecci\u00f3n y Vigilancia, por lo cual fue necesario presentarlo ante los integrantes del Consejo, quienes lo designaron nuevo Secretario T\u00e9cnico por unanimidad de votos.<\/p>\n<p>&nbsp;<\/p>\n<p>\u201cTuvimos una reuni\u00f3n para marcar la ruta del a\u00f1o, hacer un an\u00e1lisis del a\u00f1o pasado y el cambio del Secretario T\u00e9cnico del Consejo; dado que el titular de Inspecci\u00f3n y Vigilancia\u00a0 quien desarrolla esa responsabilidad, debido a los movimientos que hubo en la administraci\u00f3n municipal se fue a la jefatura de Servicios P\u00fablicos, en su lugar entr\u00f3 el licenciado Ram\u00f3n Hern\u00e1ndez quien acaba de tomar posesi\u00f3n como Secretario T\u00e9cnico del consejo\u201d indic\u00f3 Rodr\u00edguez Vejar.<\/p>\n<p>&nbsp;<\/p>\n<p>Por su parte, el Director de Inspecci\u00f3n y Vigilancia Ram\u00f3n Hern\u00e1ndez, indic\u00f3 que buscar\u00e1 fortalecer los servicios de la dependencia a su cargo para todos los usuarios, hacer m\u00e1s eficientes los tr\u00e1mites y contar con mayor capacidad de servicio y atenci\u00f3n personalizada.<\/p>\n<p>&nbsp;<\/p>\n<p>\u201cHicimos el compromiso de hacer algunas mejoras en los procedimientos para que los tr\u00e1mites que se realicen sean m\u00e1s eficientes y tengamos mayor capacidad de atenci\u00f3n en la prestaci\u00f3n de los servicios, mejorar tambi\u00e9n la atenci\u00f3n personalizada a los usuarios, fortalecer el \u00e1rea de ventanilla para que se brinde una informaci\u00f3n de calidad para quienes vengan a realizar alg\u00fan tr\u00e1mite\u201d indic\u00f3 Ram\u00f3n Hern\u00e1ndez.<\/p>\n<p>Fecha de publicaci\u00f3n 15\/ene\/2021<\/p>\n","protected":false},"excerpt":{"rendered":"<p>&gt;&gt;Ram\u00f3n Hern\u00e1ndez, nuevo titular de la dependencia, rindi\u00f3 protesta como Secretario T\u00e9cnico del Consejo de&#8230;<\/p>\n","protected":false},"author":1,"featured_media":104670,"comment_status":"open","ping_status":"open","sticky":false,"template":"","format":"standard","meta":{"_monsterinsights_skip_tracking":false,"_monsterinsights_sitenote_active":false,"_monsterinsights_sitenote_note":"","_monsterinsights_sitenote_category":0,"footnotes":""},"categories":[4],"tags":[35],"class_list":["post"],"yoast_head":" \n<title>Sonora en Equipo. Fortalecer\u00e1n servicios de la Direcci\u00f3n de Inspecci\u00f3n y Vigilancia en Hermosillo Municipios<\/title>\n<meta name=\"description\" content=\"&gt;&gt;Ram\u00f3n Hern\u00e1ndez, nuevo titular de la dependencia, rindi\u00f3 protesta como Secretario T\u00e9cnico del Consejo de Comercio de Hermosillo &nbsp; HERMOSILLO, En Sonora en Equipo publicamos toda la informaci\u00f3n de Sonora, M\u00e9xico y el Mundo de manera oportuna y busca que la libertad de expresi\u00f3n sea real. Visita nuestro medio informativo publicado desde Hermosillo, Sonora. %\" \/>\n<meta name=\"robots\" content=\"index, follow, max-snippet:-1, max-image-preview:large, max-video-preview:-1\" \/>\n<link rel=\"canonical\" href=\"https:\/\/www.sonoraenequipo.com.mx\/fortaleceran-servicios-de-la-direccion-de-inspeccion-y-vigilancia-en-hermosillo\/\" \/>\n<meta property=\"og:locale\" content=\"es_ES\" \/>\n<meta property=\"og:type\" content=\"article\" \/>\n<meta property=\"og:title\" content=\"Sonora en Equipo. Fortalecer\u00e1n servicios de la Direcci\u00f3n de Inspecci\u00f3n y Vigilancia en Hermosillo Municipios\" \/>\n<meta property=\"og:description\" content=\"&gt;&gt;Ram\u00f3n Hern\u00e1ndez, nuevo titular de la dependencia, rindi\u00f3 protesta como Secretario T\u00e9cnico del Consejo de Comercio de Hermosillo &nbsp; HERMOSILLO, En Sonora en Equipo publicamos toda la informaci\u00f3n de Sonora, M\u00e9xico y el Mundo de manera oportuna y busca que la libertad de expresi\u00f3n sea real. Visita nuestro medio informativo publicado desde Hermosillo, Sonora. %\" \/>\n<meta property=\"og:url\" content=\"https:\/\/www.sonoraenequipo.com.mx\/fortaleceran-servicios-de-la-direccion-de-inspeccion-y-vigilancia-en-hermosillo\/\" \/>\n<meta property=\"og:site_name\" content=\"Sonora en Equipo.\" \/>\n<meta property=\"article:publisher\" content=\"https:\/\/www.facebook.com\/SonoraEE\/\" \/>\n<meta property=\"article:author\" content=\"https:\/\/www.facebook.com\/SonoraEE\" \/>\n<meta property=\"article:published_time\" content=\"2021-01-15T21:03:58+00:00\" \/>\n<meta property=\"og:image\" content=\"https:\/\/www.sonoraenequipo.com.mx\/storage\/2021\/01\/INSPECCION.jpg\" \/>\n\t<meta property=\"og:image:width\" content=\"500\" \/>\n\t<meta property=\"og:image:height\" content=\"311\" \/>\n\t<meta property=\"og:image:type\" content=\"image\/jpeg\" \/>\n<meta name=\"author\" content=\"enequipo\" \/>\n<meta name=\"twitter:card\" content=\"summary_large_image\" \/>\n<meta name=\"twitter:creator\" content=\"@sonoraenequipo\" \/>\n<meta name=\"twitter:site\" content=\"@sonoraenequipo\" \/>\n<meta name=\"twitter:label1\" content=\"Escrito por\" \/>\n\t<meta name=\"twitter:data1\" content=\"enequipo\" \/>\n\t<meta name=\"twitter:label2\" content=\"Tiempo de lectura\" \/>\n\t<meta name=\"twitter:data2\" content=\"2 minutos\" \/>\n<script type=\"application\/ld+json\" class=\"yoast-schema-graph\">{\"@context\":\"https:\/\/schema.org\",\"@graph\":[{\"@type\":\"Article\",\"@id\":\"https:\/\/www.sonoraenequipo.com.mx\/fortaleceran-servicios-de-la-direccion-de-inspeccion-y-vigilancia-en-hermosillo\/#article\",\"isPartOf\":{\"@id\":\"https:\/\/www.sonoraenequipo.com.mx\/fortaleceran-servicios-de-la-direccion-de-inspeccion-y-vigilancia-en-hermosillo\/\"},\"author\":{\"name\":\"enequipo\",\"@id\":\"https:\/\/www.sonoraenequipo.com.mx\/#\/schema\/person\/50102df0fb23a8fa9e8effad8fa81386\"},\"headline\":\"Fortalecer\u00e1n servicios de la Direcci\u00f3n de Inspecci\u00f3n y Vigilancia en Hermosillo\",\"datePublished\":\"2021-01-15T21:03:58+00:00\",\"mainEntityOfPage\":{\"@id\":\"https:\/\/www.sonoraenequipo.com.mx\/fortaleceran-servicios-de-la-direccion-de-inspeccion-y-vigilancia-en-hermosillo\/\"},\"wordCount\":450,\"commentCount\":0,\"publisher\":{\"@id\":\"https:\/\/www.sonoraenequipo.com.mx\/#organization\"},\"image\":{\"@id\":\"https:\/\/www.sonoraenequipo.com.mx\/fortaleceran-servicios-de-la-direccion-de-inspeccion-y-vigilancia-en-hermosillo\/#primaryimage\"},\"thumbnailUrl\":\"https:\/\/www.sonoraenequipo.com.mx\/storage\/2021\/01\/INSPECCION.jpg\",\"keywords\":[\"hermosillo\"],\"articleSection\":[\"Municipios\"],\"inLanguage\":\"es\",\"potentialAction\":[{\"@type\":\"CommentAction\",\"name\":\"Comment\",\"target\":[\"https:\/\/www.sonoraenequipo.com.mx\/fortaleceran-servicios-de-la-direccion-de-inspeccion-y-vigilancia-en-hermosillo\/#respond\"]}]},{\"@type\":\"WebPage\",\"@id\":\"https:\/\/www.sonoraenequipo.com.mx\/fortaleceran-servicios-de-la-direccion-de-inspeccion-y-vigilancia-en-hermosillo\/\",\"url\":\"https:\/\/www.sonoraenequipo.com.mx\/fortaleceran-servicios-de-la-direccion-de-inspeccion-y-vigilancia-en-hermosillo\/\",\"name\":\"Sonora en Equipo. Fortalecer\u00e1n servicios de la Direcci\u00f3n de Inspecci\u00f3n y Vigilancia en Hermosillo Municipios\",\"isPartOf\":{\"@id\":\"https:\/\/www.sonoraenequipo.com.mx\/#website\"},\"primaryImageOfPage\":{\"@id\":\"https:\/\/www.sonoraenequipo.com.mx\/fortaleceran-servicios-de-la-direccion-de-inspeccion-y-vigilancia-en-hermosillo\/#primaryimage\"},\"image\":{\"@id\":\"https:\/\/www.sonoraenequipo.com.mx\/fortaleceran-servicios-de-la-direccion-de-inspeccion-y-vigilancia-en-hermosillo\/#primaryimage\"},\"thumbnailUrl\":\"https:\/\/www.sonoraenequipo.com.mx\/storage\/2021\/01\/INSPECCION.jpg\",\"datePublished\":\"2021-01-15T21:03:58+00:00\",\"description\":\"&gt;&gt;Ram\u00f3n Hern\u00e1ndez, nuevo titular de la dependencia, rindi\u00f3 protesta como Secretario T\u00e9cnico del Consejo de Comercio de Hermosillo &nbsp; HERMOSILLO, En Sonora en Equipo publicamos toda la informaci\u00f3n de Sonora, M\u00e9xico y el Mundo de manera oportuna y busca que la libertad de expresi\u00f3n sea real. Visita nuestro medio informativo publicado desde Hermosillo, Sonora. %\",\"breadcrumb\":{\"@id\":\"https:\/\/www.sonoraenequipo.com.mx\/fortaleceran-servicios-de-la-direccion-de-inspeccion-y-vigilancia-en-hermosillo\/#breadcrumb\"},\"inLanguage\":\"es\",\"potentialAction\":[{\"@type\":\"ReadAction\",\"target\":[\"https:\/\/www.sonoraenequipo.com.mx\/fortaleceran-servicios-de-la-direccion-de-inspeccion-y-vigilancia-en-hermosillo\/\"]}]},{\"@type\":\"ImageObject\",\"inLanguage\":\"es\",\"@id\":\"https:\/\/www.sonoraenequipo.com.mx\/fortaleceran-servicios-de-la-direccion-de-inspeccion-y-vigilancia-en-hermosillo\/#primaryimage\",\"url\":\"https:\/\/www.sonoraenequipo.com.mx\/storage\/2021\/01\/INSPECCION.jpg\",\"contentUrl\":\"https:\/\/www.sonoraenequipo.com.mx\/storage\/2021\/01\/INSPECCION.jpg\",\"width\":500,\"height\":311},{\"@type\":\"BreadcrumbList\",\"@id\":\"https:\/\/www.sonoraenequipo.com.mx\/fortaleceran-servicios-de-la-direccion-de-inspeccion-y-vigilancia-en-hermosillo\/#breadcrumb\",\"itemListElement\":[{\"@type\":\"ListItem\",\"position\":1,\"name\":\"Portada\",\"item\":\"https:\/\/www.sonoraenequipo.com.mx\/\"},{\"@type\":\"ListItem\",\"position\":2,\"name\":\"Fortalecer\u00e1n servicios de la Direcci\u00f3n de Inspecci\u00f3n y Vigilancia en Hermosillo\"}]},{\"@type\":\"WebSite\",\"@id\":\"https:\/\/www.sonoraenequipo.com.mx\/#website\",\"url\":\"https:\/\/www.sonoraenequipo.com.mx\/\",\"name\":\"Sonora en Equipo.\",\"description\":\"Diario en l\u00ednea con Noticias desde Hermosillo, Sonora\",\"publisher\":{\"@id\":\"https:\/\/www.sonoraenequipo.com.mx\/#organization\"},\"potentialAction\":[{\"@type\":\"SearchAction\",\"target\":{\"@type\":\"EntryPoint\",\"urlTemplate\":\"https:\/\/www.sonoraenequipo.com.mx\/?s={search_term_string}\"},\"query-input\":{\"@type\":\"PropertyValueSpecification\",\"valueRequired\":true,\"valueName\":\"search_term_string\"}}],\"inLanguage\":\"es\"},{\"@type\":\"Organization\",\"@id\":\"https:\/\/www.sonoraenequipo.com.mx\/#organization\",\"name\":\"Sonoraenequipo.com.mx\",\"url\":\"https:\/\/www.sonoraenequipo.com.mx\/\",\"logo\":{\"@type\":\"ImageObject\",\"inLanguage\":\"es\",\"@id\":\"https:\/\/www.sonoraenequipo.com.mx\/#\/schema\/logo\/image\/\",\"url\":\"https:\/\/www.sonoraenequipo.com.mx\/storage\/2019\/01\/sonoraenequipo_opt.png\",\"contentUrl\":\"https:\/\/www.sonoraenequipo.com.mx\/storage\/2019\/01\/sonoraenequipo_opt.png\",\"width\":375,\"height\":125,\"caption\":\"Sonoraenequipo.com.mx\"},\"image\":{\"@id\":\"https:\/\/www.sonoraenequipo.com.mx\/#\/schema\/logo\/image\/\"},\"sameAs\":[\"https:\/\/www.facebook.com\/SonoraEE\/\",\"https:\/\/x.com\/sonoraenequipo\",\"https:\/\/www.youtube.com\/channel\/UC338nW-lPEYmJQs4ZABQ1SQ\"]},{\"@type\":\"Person\",\"@id\":\"https:\/\/www.sonoraenequipo.com.mx\/#\/schema\/person\/50102df0fb23a8fa9e8effad8fa81386\",\"name\":\"enequipo\",\"image\":{\"@type\":\"ImageObject\",\"inLanguage\":\"es\",\"@id\":\"https:\/\/www.sonoraenequipo.com.mx\/#\/schema\/person\/image\/\",\"url\":\"https:\/\/secure.gravatar.com\/avatar\/049821681b589dabc0bc20695993ccebb09f5b5d4d790cd9251b97faac7c652b?s=96&d=blank&r=g\",\"contentUrl\":\"https:\/\/secure.gravatar.com\/avatar\/049821681b589dabc0bc20695993ccebb09f5b5d4d790cd9251b97faac7c652b?s=96&d=blank&r=g\",\"caption\":\"enequipo\"},\"sameAs\":[\"https:\/\/www.facebook.com\/SonoraEE\"]}]}<\/script>\n ","yoast_head_json":{"title":"Sonora en Equipo. Fortalecer\u00e1n servicios de la Direcci\u00f3n de Inspecci\u00f3n y Vigilancia en Hermosillo Municipios","description":"&gt;&gt;Ram\u00f3n Hern\u00e1ndez, nuevo titular de la dependencia, rindi\u00f3 protesta como Secretario T\u00e9cnico del Consejo de Comercio de Hermosillo &nbsp; HERMOSILLO, En Sonora en Equipo publicamos toda la informaci\u00f3n de Sonora, M\u00e9xico y el Mundo de manera oportuna y busca que la libertad de expresi\u00f3n sea real. Visita nuestro medio informativo publicado desde Hermosillo, Sonora. %","robots":{"index":"index","follow":"follow","max-snippet":"max-snippet:-1","max-image-preview":"max-image-preview:large","max-video-preview":"max-video-preview:-1"},"canonical":"https:\/\/www.sonoraenequipo.com.mx\/fortaleceran-servicios-de-la-direccion-de-inspeccion-y-vigilancia-en-hermosillo\/","og_locale":"es_ES","og_type":"article","og_title":"Sonora en Equipo. Fortalecer\u00e1n servicios de la Direcci\u00f3n de Inspecci\u00f3n y Vigilancia en Hermosillo Municipios","og_description":"&gt;&gt;Ram\u00f3n Hern\u00e1ndez, nuevo titular de la dependencia, rindi\u00f3 protesta como Secretario T\u00e9cnico del Consejo de Comercio de Hermosillo &nbsp; HERMOSILLO, En Sonora en Equipo publicamos toda la informaci\u00f3n de Sonora, M\u00e9xico y el Mundo de manera oportuna y busca que la libertad de expresi\u00f3n sea real. Visita nuestro medio informativo publicado desde Hermosillo, Sonora. %","og_url":"https:\/\/www.sonoraenequipo.com.mx\/fortaleceran-servicios-de-la-direccion-de-inspeccion-y-vigilancia-en-hermosillo\/","og_site_name":"Sonora en Equipo.","article_publisher":"https:\/\/www.facebook.com\/SonoraEE\/","article_author":"https:\/\/www.facebook.com\/SonoraEE","article_published_time":"2021-01-15T21:03:58+00:00","og_image":[{"width":500,"height":311,"url":"https:\/\/www.sonoraenequipo.com.mx\/storage\/2021\/01\/INSPECCION.jpg","type":"image\/jpeg"}],"author":"enequipo","twitter_card":"summary_large_image","twitter_creator":"@sonoraenequipo","twitter_site":"@sonoraenequipo","twitter_misc":{"Escrito por":"enequipo","Tiempo de lectura":"2 minutos"},"schema":{"@context":"https:\/\/schema.org","@graph":[{"@type":"Article","@id":"https:\/\/www.sonoraenequipo.com.mx\/fortaleceran-servicios-de-la-direccion-de-inspeccion-y-vigilancia-en-hermosillo\/#article","isPartOf":{"@id":"https:\/\/www.sonoraenequipo.com.mx\/fortaleceran-servicios-de-la-direccion-de-inspeccion-y-vigilancia-en-hermosillo\/"},"author":{"name":"enequipo","@id":"https:\/\/www.sonoraenequipo.com.mx\/#\/schema\/person\/50102df0fb23a8fa9e8effad8fa81386"},"headline":"Fortalecer\u00e1n servicios de la Direcci\u00f3n de Inspecci\u00f3n y Vigilancia en Hermosillo","datePublished":"2021-01-15T21:03:58+00:00","mainEntityOfPage":{"@id":"https:\/\/www.sonoraenequipo.com.mx\/fortaleceran-servicios-de-la-direccion-de-inspeccion-y-vigilancia-en-hermosillo\/"},"wordCount":450,"commentCount":0,"publisher":{"@id":"https:\/\/www.sonoraenequipo.com.mx\/#organization"},"image":{"@id":"https:\/\/www.sonoraenequipo.com.mx\/fortaleceran-servicios-de-la-direccion-de-inspeccion-y-vigilancia-en-hermosillo\/#primaryimage"},"thumbnailUrl":"https:\/\/www.sonoraenequipo.com.mx\/storage\/2021\/01\/INSPECCION.jpg","keywords":["hermosillo"],"articleSection":["Municipios"],"inLanguage":"es","potentialAction":[{"@type":"CommentAction","name":"Comment","target":["https:\/\/www.sonoraenequipo.com.mx\/fortaleceran-servicios-de-la-direccion-de-inspeccion-y-vigilancia-en-hermosillo\/#respond"]}]},{"@type":"WebPage","@id":"https:\/\/www.sonoraenequipo.com.mx\/fortaleceran-servicios-de-la-direccion-de-inspeccion-y-vigilancia-en-hermosillo\/","url":"https:\/\/www.sonoraenequipo.com.mx\/fortaleceran-servicios-de-la-direccion-de-inspeccion-y-vigilancia-en-hermosillo\/","name":"Sonora en Equipo. Fortalecer\u00e1n servicios de la Direcci\u00f3n de Inspecci\u00f3n y Vigilancia en Hermosillo Municipios","isPartOf":{"@id":"https:\/\/www.sonoraenequipo.com.mx\/#website"},"primaryImageOfPage":{"@id":"https:\/\/www.sonoraenequipo.com.mx\/fortaleceran-servicios-de-la-direccion-de-inspeccion-y-vigilancia-en-hermosillo\/#primaryimage"},"image":{"@id":"https:\/\/www.sonoraenequipo.com.mx\/fortaleceran-servicios-de-la-direccion-de-inspeccion-y-vigilancia-en-hermosillo\/#primaryimage"},"thumbnailUrl":"https:\/\/www.sonoraenequipo.com.mx\/storage\/2021\/01\/INSPECCION.jpg","datePublished":"2021-01-15T21:03:58+00:00","description":"&gt;&gt;Ram\u00f3n Hern\u00e1ndez, nuevo titular de la dependencia, rindi\u00f3 protesta como Secretario T\u00e9cnico del Consejo de Comercio de Hermosillo &nbsp; HERMOSILLO, En Sonora en Equipo publicamos toda la informaci\u00f3n de Sonora, M\u00e9xico y el Mundo de manera oportuna y busca que la libertad de expresi\u00f3n sea real. Visita nuestro medio informativo publicado desde Hermosillo, Sonora. %","breadcrumb":{"@id":"https:\/\/www.sonoraenequipo.com.mx\/fortaleceran-servicios-de-la-direccion-de-inspeccion-y-vigilancia-en-hermosillo\/#breadcrumb"},"inLanguage":"es","potentialAction":[{"@type":"ReadAction","target":["https:\/\/www.sonoraenequipo.com.mx\/fortaleceran-servicios-de-la-direccion-de-inspeccion-y-vigilancia-en-hermosillo\/"]}]},{"@type":"ImageObject","inLanguage":"es","@id":"https:\/\/www.sonoraenequipo.com.mx\/fortaleceran-servicios-de-la-direccion-de-inspeccion-y-vigilancia-en-hermosillo\/#primaryimage","url":"https:\/\/www.sonoraenequipo.com.mx\/storage\/2021\/01\/INSPECCION.jpg","contentUrl":"https:\/\/www.sonoraenequipo.com.mx\/storage\/2021\/01\/INSPECCION.jpg","width":500,"height":311},{"@type":"BreadcrumbList","@id":"https:\/\/www.sonoraenequipo.com.mx\/fortaleceran-servicios-de-la-direccion-de-inspeccion-y-vigilancia-en-hermosillo\/#breadcrumb","itemListElement":[{"@type":"ListItem","position":1,"name":"Portada","item":"https:\/\/www.sonoraenequipo.com.mx\/"},{"@type":"ListItem","position":2,"name":"Fortalecer\u00e1n servicios de la Direcci\u00f3n de Inspecci\u00f3n y Vigilancia en Hermosillo"}]},{"@type":"WebSite","@id":"https:\/\/www.sonoraenequipo.com.mx\/#website","url":"https:\/\/www.sonoraenequipo.com.mx\/","name":"Sonora en Equipo.","description":"Diario en l\u00ednea con Noticias desde Hermosillo, Sonora","publisher":{"@id":"https:\/\/www.sonoraenequipo.com.mx\/#organization"},"potentialAction":[{"@type":"SearchAction","target":{"@type":"EntryPoint","urlTemplate":"https:\/\/www.sonoraenequipo.com.mx\/?s={search_term_string}"},"query-input":{"@type":"PropertyValueSpecification","valueRequired":true,"valueName":"search_term_string"}}],"inLanguage":"es"},{"@type":"Organization","@id":"https:\/\/www.sonoraenequipo.com.mx\/#organization","name":"Sonoraenequipo.com.mx","url":"https:\/\/www.sonoraenequipo.com.mx\/","logo":{"@type":"ImageObject","inLanguage":"es","@id":"https:\/\/www.sonoraenequipo.com.mx\/#\/schema\/logo\/image\/","url":"https:\/\/www.sonoraenequipo.com.mx\/storage\/2019\/01\/sonoraenequipo_opt.png","contentUrl":"https:\/\/www.sonoraenequipo.com.mx\/storage\/2019\/01\/sonoraenequipo_opt.png","width":375,"height":125,"caption":"Sonoraenequipo.com.mx"},"image":{"@id":"https:\/\/www.sonoraenequipo.com.mx\/#\/schema\/logo\/image\/"},"sameAs":["https:\/\/www.facebook.com\/SonoraEE\/","https:\/\/x.com\/sonoraenequipo","https:\/\/www.youtube.com\/channel\/UC338nW-lPEYmJQs4ZABQ1SQ"]},{"@type":"Person","@id":"https:\/\/www.sonoraenequipo.com.mx\/#\/schema\/person\/50102df0fb23a8fa9e8effad8fa81386","name":"enequipo","image":{"@type":"ImageObject","inLanguage":"es","@id":"https:\/\/www.sonoraenequipo.com.mx\/#\/schema\/person\/image\/","url":"https:\/\/secure.gravatar.com\/avatar\/049821681b589dabc0bc20695993ccebb09f5b5d4d790cd9251b97faac7c652b?s=96&d=blank&r=g","contentUrl":"https:\/\/secure.gravatar.com\/avatar\/049821681b589dabc0bc20695993ccebb09f5b5d4d790cd9251b97faac7c652b?s=96&d=blank&r=g","caption":"enequipo"},"sameAs":["https:\/\/www.facebook.com\/SonoraEE"]}]}},"jetpack_featured_media_url":"https:\/\/www.sonoraenequipo.com.mx\/storage\/2021\/01\/INSPECCION.jpg","_links":{"self":[{"href":"https:\/\/www.sonoraenequipo.com.mx\/api\/wp\/v2\/posts\/104669","targetHints":{"allow":["GET"]}}],"collection":[{"href":"https:\/\/www.sonoraenequipo.com.mx\/api\/wp\/v2\/posts"}],"about":[{"href":"https:\/\/www.sonoraenequipo.com.mx\/api\/wp\/v2\/types\/post"}],"author":[{"embeddable":true,"href":"https:\/\/www.sonoraenequipo.com.mx\/api\/wp\/v2\/users\/1"}],"replies":[{"embeddable":true,"href":"https:\/\/www.sonoraenequipo.com.mx\/api\/wp\/v2\/comments?post=104669"}],"version-history":[{"count":1,"href":"https:\/\/www.sonoraenequipo.com.mx\/api\/wp\/v2\/posts\/104669\/revisions"}],"predecessor-version":[{"id":104671,"href":"https:\/\/www.sonoraenequipo.com.mx\/api\/wp\/v2\/posts\/104669\/revisions\/104671"}],"wp:featuredmedia":[{"embeddable":true,"href":"https:\/\/www.sonoraenequipo.com.mx\/api\/wp\/v2\/media\/104670"}],"wp:attachment":[{"href":"https:\/\/www.sonoraenequipo.com.mx\/api\/wp\/v2\/media?parent=104669"}],"wp:term":[{"taxonomy":"category","embeddable":true,"href":"https:\/\/www.sonoraenequipo.com.mx\/api\/wp\/v2\/categories?post=104669"},{"taxonomy":"post_tag","embeddable":true,"href":"https:\/\/www.sonoraenequipo.com.mx\/api\/wp\/v2\/tags?post=104669"}],"curies":[{"name":"wp","href":"https:\/\/api.w.org\/{rel}","templated":true}]}}