{"id":104688,"date":"2021-01-15T15:10:15","date_gmt":"2021-01-15T22:10:15","guid":{"rendered":"https:\/\/www.sonoraenequipo.com.mx\/?p=104688"},"modified":"2021-01-15T17:39:51","modified_gmt":"2021-01-16T00:39:51","slug":"klete-keller-el-nadador-olimpico-que-participo-del-asalto-al-capitolio","status":"publish","type":"post","link":"https:\/\/www.sonoraenequipo.com.mx\/klete-keller-el-nadador-olimpico-que-participo-del-asalto-al-capitolio\/","title":{"rendered":"Klete Keller, el nadador ol\u00edmpico que particip\u00f3 del asalto al Capitolio"},"content":{"rendered":"<p>DENVER, COLORADO. ESTADOS UNIDOS. \u2014 El ex nadador estadounidense Klete Keller, ganador de cinco medallas ol\u00edmpicas y acusado de participar en la letal ocupaci\u00f3n del Capitolio en Washington, fue liberado el jueves por las autoridades federales, que sin embargo le ordenaron alejarse de la capital durante la juramentaci\u00f3n de la pr\u00f3xima semana.<\/p>\n<p>&nbsp;<\/p>\n<p> <\/p>\n<p>&nbsp;<\/p>\n<p>Keller, quien reside en el estado de Colorado, compareci\u00f3 durante una breve audiencia ante una corte federal en Denver luego de su arresto, a ra\u00edz de los cargos presentados por fiscales en Washington.<\/p>\n<p>Ante la insistencia de los fiscales, el magistrado Michael E. Hegarty dijo que Keller tiene prohibido viajar a Washington antes del 21 de enero. Despu\u00e9s de ello, podr\u00e1 dirigirse a la capital para comparecer ante los tribunales y reunirse con sus abogados.<\/p>\n<p>&nbsp;<\/p>\n<p>Sin embargo, debe solicitar permiso para realizar futuras visitas a sus hijos en North Carolina, tras un viaje previsto ya para este fin de semana.<\/p>\n<p>Keller no tuvo que desembolsar dinero para su liberaci\u00f3n, pero prometi\u00f3 comparecer en audiencias futuras y cumplir con otras condiciones, incluida la de no poseer armas de fuego.<\/p>\n<p>El mi\u00e9rcoles, Keller fue acusado en una corte federal en Washington, luego que un video le mostr\u00f3 entre las personas que irrumpieron en el Capitolio la semana pasada.<\/p>\n<p>https:\/\/twitter.com\/nowthisnews<\/p>\n<p>&nbsp;<\/p>\n<p>Una querella presentada por el FBI en un tribunal federal, que menciona im\u00e1genes del video, pide imputar a Keller de ingresar a sabiendas en un edificio de acceso restringido para impedir una funci\u00f3n oficial del gobierno, alteraci\u00f3n del orden p\u00fablico y obstrucci\u00f3n de agentes del orden.<\/p>\n<p>Miles de partidarios del presidente Donald Trump irrumpieron violentamente en el Capitolio durante una sesi\u00f3n conjunta del Congreso el 6 de enero, cuando los legisladores formalizaban la victoria del presidente electo Joe Biden.<\/p>\n<p>Keller, de 38 a\u00f1os, compiti\u00f3 en los juegos de verano de 2000, 2004 y 2008. Gan\u00f3 dos medallas de oro y una de plata como miembro del relevo 4&#215;200 estilo libre y un par de bronces individuales en los 400 libre.<\/p>\n<p>Fue miembro de los equipos de relevo que ayudaron a Michael Phelps a ganar dos de sus 23 medallas de oro.<\/p>\n<p>Keller cerr\u00f3 la posta en el equipo ganador en los Juegos de Atenas 2004, que incluy\u00f3 a Phelps, Ryan Lochte y Peter Vanderkaay. Keller cronometr\u00f3 el mejor tiempo en el grupo.<\/p>\n<p>Cuatro a\u00f1os m\u00e1s tarde, cerr\u00f3 el relevo en las preliminares, guiando a los estadounidenses a lograr el mejor tiempo, pero no compiti\u00f3 en la final. Phelps, Lochte, Ricky Berens y Vanderkaay fijaron un r\u00e9cord mundial dentro de una actuaci\u00f3n que fue parte de las ocho medallas de oro de Phelps en Beijing.<\/p>\n<h3><\/h3>\n<h3>Pero Keller pas\u00f3 trabajos tras retirarse del deporte.<\/h3>\n<p>&nbsp;<\/p>\n<p>En entrevistas con el podcast del Olympic Channel y con la revista USA Swimming, admiti\u00f3 haber sido un mal empleado, al sentirse que ten\u00eda privilegios por sus \u00e9xitos deportivos. Los problemas afectaron su vida personal, lo que result\u00f3 en un divorcio que le dej\u00f3 viviendo en su auto por 10 meses y en la p\u00e9rdida del derecho de ver a sus hijos por a\u00f1os.<\/p>\n<p>&nbsp;<\/p>\n<p>(Publicada el 15\/01\/2021 \/ The Associated Press)<\/p>\n","protected":false},"excerpt":{"rendered":"<p>DENVER, COLORADO. ESTADOS UNIDOS. \u2014 El ex nadador estadounidense Klete Keller, ganador de cinco medallas&#8230;<\/p>\n","protected":false},"author":1,"featured_media":104684,"comment_status":"open","ping_status":"open","sticky":false,"template":"","format":"standard","meta":{"_monsterinsights_skip_tracking":false,"_monsterinsights_sitenote_active":false,"_monsterinsights_sitenote_note":"","_monsterinsights_sitenote_category":0,"footnotes":""},"categories":[3],"tags":[],"class_list":["post"],"yoast_head":" \n<title>Sonora en Equipo. Klete Keller, el nadador ol\u00edmpico que particip\u00f3 del asalto al Capitolio MUNDO<\/title>\n<meta name=\"description\" content=\"DENVER, COLORADO. ESTADOS UNIDOS. \u2014 El ex nadador estadounidense Klete Keller, ganador de cinco medallas ol\u00edmpicas y acusado de participar en la letal En Sonora en Equipo publicamos toda la informaci\u00f3n de Sonora, M\u00e9xico y el Mundo de manera oportuna y busca que la libertad de expresi\u00f3n sea real. Visita nuestro medio informativo publicado desde Hermosillo, Sonora. %\" \/>\n<meta name=\"robots\" content=\"index, follow, max-snippet:-1, max-image-preview:large, max-video-preview:-1\" \/>\n<link rel=\"canonical\" href=\"https:\/\/www.sonoraenequipo.com.mx\/klete-keller-el-nadador-olimpico-que-participo-del-asalto-al-capitolio\/\" \/>\n<meta property=\"og:locale\" content=\"es_ES\" \/>\n<meta property=\"og:type\" content=\"article\" \/>\n<meta property=\"og:title\" content=\"Sonora en Equipo. Klete Keller, el nadador ol\u00edmpico que particip\u00f3 del asalto al Capitolio MUNDO\" \/>\n<meta property=\"og:description\" content=\"DENVER, COLORADO. ESTADOS UNIDOS. \u2014 El ex nadador estadounidense Klete Keller, ganador de cinco medallas ol\u00edmpicas y acusado de participar en la letal En Sonora en Equipo publicamos toda la informaci\u00f3n de Sonora, M\u00e9xico y el Mundo de manera oportuna y busca que la libertad de expresi\u00f3n sea real. Visita nuestro medio informativo publicado desde Hermosillo, Sonora. %\" \/>\n<meta property=\"og:url\" content=\"https:\/\/www.sonoraenequipo.com.mx\/klete-keller-el-nadador-olimpico-que-participo-del-asalto-al-capitolio\/\" \/>\n<meta property=\"og:site_name\" content=\"Sonora en Equipo.\" \/>\n<meta property=\"article:publisher\" content=\"https:\/\/www.facebook.com\/SonoraEE\/\" \/>\n<meta property=\"article:author\" content=\"https:\/\/www.facebook.com\/SonoraEE\" \/>\n<meta property=\"article:published_time\" content=\"2021-01-15T22:10:15+00:00\" \/>\n<meta property=\"article:modified_time\" content=\"2021-01-16T00:39:51+00:00\" \/>\n<meta property=\"og:image\" content=\"https:\/\/www.sonoraenequipo.com.mx\/storage\/2021\/01\/Klete-Keller_opt.jpg\" \/>\n\t<meta property=\"og:image:width\" content=\"711\" \/>\n\t<meta property=\"og:image:height\" content=\"400\" \/>\n\t<meta property=\"og:image:type\" content=\"image\/jpeg\" \/>\n<meta name=\"author\" content=\"enequipo\" \/>\n<meta name=\"twitter:card\" content=\"summary_large_image\" \/>\n<meta name=\"twitter:creator\" content=\"@sonoraenequipo\" \/>\n<meta name=\"twitter:site\" content=\"@sonoraenequipo\" \/>\n<meta name=\"twitter:label1\" content=\"Escrito por\" \/>\n\t<meta name=\"twitter:data1\" content=\"enequipo\" \/>\n\t<meta name=\"twitter:label2\" content=\"Tiempo de lectura\" \/>\n\t<meta name=\"twitter:data2\" content=\"3 minutos\" \/>\n<script type=\"application\/ld+json\" class=\"yoast-schema-graph\">{\"@context\":\"https:\/\/schema.org\",\"@graph\":[{\"@type\":\"Article\",\"@id\":\"https:\/\/www.sonoraenequipo.com.mx\/klete-keller-el-nadador-olimpico-que-participo-del-asalto-al-capitolio\/#article\",\"isPartOf\":{\"@id\":\"https:\/\/www.sonoraenequipo.com.mx\/klete-keller-el-nadador-olimpico-que-participo-del-asalto-al-capitolio\/\"},\"author\":{\"name\":\"enequipo\",\"@id\":\"https:\/\/www.sonoraenequipo.com.mx\/#\/schema\/person\/50102df0fb23a8fa9e8effad8fa81386\"},\"headline\":\"Klete Keller, el nadador ol\u00edmpico que particip\u00f3 del asalto al Capitolio\",\"datePublished\":\"2021-01-15T22:10:15+00:00\",\"dateModified\":\"2021-01-16T00:39:51+00:00\",\"mainEntityOfPage\":{\"@id\":\"https:\/\/www.sonoraenequipo.com.mx\/klete-keller-el-nadador-olimpico-que-participo-del-asalto-al-capitolio\/\"},\"wordCount\":542,\"commentCount\":0,\"publisher\":{\"@id\":\"https:\/\/www.sonoraenequipo.com.mx\/#organization\"},\"image\":{\"@id\":\"https:\/\/www.sonoraenequipo.com.mx\/klete-keller-el-nadador-olimpico-que-participo-del-asalto-al-capitolio\/#primaryimage\"},\"thumbnailUrl\":\"https:\/\/www.sonoraenequipo.com.mx\/storage\/2021\/01\/Klete-Keller_opt.jpg\",\"articleSection\":[\"MUNDO\"],\"inLanguage\":\"es\",\"potentialAction\":[{\"@type\":\"CommentAction\",\"name\":\"Comment\",\"target\":[\"https:\/\/www.sonoraenequipo.com.mx\/klete-keller-el-nadador-olimpico-que-participo-del-asalto-al-capitolio\/#respond\"]}]},{\"@type\":\"WebPage\",\"@id\":\"https:\/\/www.sonoraenequipo.com.mx\/klete-keller-el-nadador-olimpico-que-participo-del-asalto-al-capitolio\/\",\"url\":\"https:\/\/www.sonoraenequipo.com.mx\/klete-keller-el-nadador-olimpico-que-participo-del-asalto-al-capitolio\/\",\"name\":\"Sonora en Equipo. Klete Keller, el nadador ol\u00edmpico que particip\u00f3 del asalto al Capitolio MUNDO\",\"isPartOf\":{\"@id\":\"https:\/\/www.sonoraenequipo.com.mx\/#website\"},\"primaryImageOfPage\":{\"@id\":\"https:\/\/www.sonoraenequipo.com.mx\/klete-keller-el-nadador-olimpico-que-participo-del-asalto-al-capitolio\/#primaryimage\"},\"image\":{\"@id\":\"https:\/\/www.sonoraenequipo.com.mx\/klete-keller-el-nadador-olimpico-que-participo-del-asalto-al-capitolio\/#primaryimage\"},\"thumbnailUrl\":\"https:\/\/www.sonoraenequipo.com.mx\/storage\/2021\/01\/Klete-Keller_opt.jpg\",\"datePublished\":\"2021-01-15T22:10:15+00:00\",\"dateModified\":\"2021-01-16T00:39:51+00:00\",\"description\":\"DENVER, COLORADO. ESTADOS UNIDOS. \u2014 El ex nadador estadounidense Klete Keller, ganador de cinco medallas ol\u00edmpicas y acusado de participar en la letal En Sonora en Equipo publicamos toda la informaci\u00f3n de Sonora, M\u00e9xico y el Mundo de manera oportuna y busca que la libertad de expresi\u00f3n sea real. Visita nuestro medio informativo publicado desde Hermosillo, Sonora. %\",\"breadcrumb\":{\"@id\":\"https:\/\/www.sonoraenequipo.com.mx\/klete-keller-el-nadador-olimpico-que-participo-del-asalto-al-capitolio\/#breadcrumb\"},\"inLanguage\":\"es\",\"potentialAction\":[{\"@type\":\"ReadAction\",\"target\":[\"https:\/\/www.sonoraenequipo.com.mx\/klete-keller-el-nadador-olimpico-que-participo-del-asalto-al-capitolio\/\"]}]},{\"@type\":\"ImageObject\",\"inLanguage\":\"es\",\"@id\":\"https:\/\/www.sonoraenequipo.com.mx\/klete-keller-el-nadador-olimpico-que-participo-del-asalto-al-capitolio\/#primaryimage\",\"url\":\"https:\/\/www.sonoraenequipo.com.mx\/storage\/2021\/01\/Klete-Keller_opt.jpg\",\"contentUrl\":\"https:\/\/www.sonoraenequipo.com.mx\/storage\/2021\/01\/Klete-Keller_opt.jpg\",\"width\":711,\"height\":400},{\"@type\":\"BreadcrumbList\",\"@id\":\"https:\/\/www.sonoraenequipo.com.mx\/klete-keller-el-nadador-olimpico-que-participo-del-asalto-al-capitolio\/#breadcrumb\",\"itemListElement\":[{\"@type\":\"ListItem\",\"position\":1,\"name\":\"Portada\",\"item\":\"https:\/\/www.sonoraenequipo.com.mx\/\"},{\"@type\":\"ListItem\",\"position\":2,\"name\":\"Klete Keller, el nadador ol\u00edmpico que particip\u00f3 del asalto al Capitolio\"}]},{\"@type\":\"WebSite\",\"@id\":\"https:\/\/www.sonoraenequipo.com.mx\/#website\",\"url\":\"https:\/\/www.sonoraenequipo.com.mx\/\",\"name\":\"Sonora en Equipo.\",\"description\":\"Diario en l\u00ednea con Noticias desde Hermosillo, Sonora\",\"publisher\":{\"@id\":\"https:\/\/www.sonoraenequipo.com.mx\/#organization\"},\"potentialAction\":[{\"@type\":\"SearchAction\",\"target\":{\"@type\":\"EntryPoint\",\"urlTemplate\":\"https:\/\/www.sonoraenequipo.com.mx\/?s={search_term_string}\"},\"query-input\":{\"@type\":\"PropertyValueSpecification\",\"valueRequired\":true,\"valueName\":\"search_term_string\"}}],\"inLanguage\":\"es\"},{\"@type\":\"Organization\",\"@id\":\"https:\/\/www.sonoraenequipo.com.mx\/#organization\",\"name\":\"Sonoraenequipo.com.mx\",\"url\":\"https:\/\/www.sonoraenequipo.com.mx\/\",\"logo\":{\"@type\":\"ImageObject\",\"inLanguage\":\"es\",\"@id\":\"https:\/\/www.sonoraenequipo.com.mx\/#\/schema\/logo\/image\/\",\"url\":\"https:\/\/www.sonoraenequipo.com.mx\/storage\/2019\/01\/sonoraenequipo_opt.png\",\"contentUrl\":\"https:\/\/www.sonoraenequipo.com.mx\/storage\/2019\/01\/sonoraenequipo_opt.png\",\"width\":375,\"height\":125,\"caption\":\"Sonoraenequipo.com.mx\"},\"image\":{\"@id\":\"https:\/\/www.sonoraenequipo.com.mx\/#\/schema\/logo\/image\/\"},\"sameAs\":[\"https:\/\/www.facebook.com\/SonoraEE\/\",\"https:\/\/x.com\/sonoraenequipo\",\"https:\/\/www.youtube.com\/channel\/UC338nW-lPEYmJQs4ZABQ1SQ\"]},{\"@type\":\"Person\",\"@id\":\"https:\/\/www.sonoraenequipo.com.mx\/#\/schema\/person\/50102df0fb23a8fa9e8effad8fa81386\",\"name\":\"enequipo\",\"image\":{\"@type\":\"ImageObject\",\"inLanguage\":\"es\",\"@id\":\"https:\/\/www.sonoraenequipo.com.mx\/#\/schema\/person\/image\/\",\"url\":\"https:\/\/secure.gravatar.com\/avatar\/049821681b589dabc0bc20695993ccebb09f5b5d4d790cd9251b97faac7c652b?s=96&d=blank&r=g\",\"contentUrl\":\"https:\/\/secure.gravatar.com\/avatar\/049821681b589dabc0bc20695993ccebb09f5b5d4d790cd9251b97faac7c652b?s=96&d=blank&r=g\",\"caption\":\"enequipo\"},\"sameAs\":[\"https:\/\/www.facebook.com\/SonoraEE\"]}]}<\/script>\n ","yoast_head_json":{"title":"Sonora en Equipo. Klete Keller, el nadador ol\u00edmpico que particip\u00f3 del asalto al Capitolio MUNDO","description":"DENVER, COLORADO. ESTADOS UNIDOS. \u2014 El ex nadador estadounidense Klete Keller, ganador de cinco medallas ol\u00edmpicas y acusado de participar en la letal En Sonora en Equipo publicamos toda la informaci\u00f3n de Sonora, M\u00e9xico y el Mundo de manera oportuna y busca que la libertad de expresi\u00f3n sea real. Visita nuestro medio informativo publicado desde Hermosillo, Sonora. %","robots":{"index":"index","follow":"follow","max-snippet":"max-snippet:-1","max-image-preview":"max-image-preview:large","max-video-preview":"max-video-preview:-1"},"canonical":"https:\/\/www.sonoraenequipo.com.mx\/klete-keller-el-nadador-olimpico-que-participo-del-asalto-al-capitolio\/","og_locale":"es_ES","og_type":"article","og_title":"Sonora en Equipo. Klete Keller, el nadador ol\u00edmpico que particip\u00f3 del asalto al Capitolio MUNDO","og_description":"DENVER, COLORADO. ESTADOS UNIDOS. \u2014 El ex nadador estadounidense Klete Keller, ganador de cinco medallas ol\u00edmpicas y acusado de participar en la letal En Sonora en Equipo publicamos toda la informaci\u00f3n de Sonora, M\u00e9xico y el Mundo de manera oportuna y busca que la libertad de expresi\u00f3n sea real. Visita nuestro medio informativo publicado desde Hermosillo, Sonora. %","og_url":"https:\/\/www.sonoraenequipo.com.mx\/klete-keller-el-nadador-olimpico-que-participo-del-asalto-al-capitolio\/","og_site_name":"Sonora en Equipo.","article_publisher":"https:\/\/www.facebook.com\/SonoraEE\/","article_author":"https:\/\/www.facebook.com\/SonoraEE","article_published_time":"2021-01-15T22:10:15+00:00","article_modified_time":"2021-01-16T00:39:51+00:00","og_image":[{"width":711,"height":400,"url":"https:\/\/www.sonoraenequipo.com.mx\/storage\/2021\/01\/Klete-Keller_opt.jpg","type":"image\/jpeg"}],"author":"enequipo","twitter_card":"summary_large_image","twitter_creator":"@sonoraenequipo","twitter_site":"@sonoraenequipo","twitter_misc":{"Escrito por":"enequipo","Tiempo de lectura":"3 minutos"},"schema":{"@context":"https:\/\/schema.org","@graph":[{"@type":"Article","@id":"https:\/\/www.sonoraenequipo.com.mx\/klete-keller-el-nadador-olimpico-que-participo-del-asalto-al-capitolio\/#article","isPartOf":{"@id":"https:\/\/www.sonoraenequipo.com.mx\/klete-keller-el-nadador-olimpico-que-participo-del-asalto-al-capitolio\/"},"author":{"name":"enequipo","@id":"https:\/\/www.sonoraenequipo.com.mx\/#\/schema\/person\/50102df0fb23a8fa9e8effad8fa81386"},"headline":"Klete Keller, el nadador ol\u00edmpico que particip\u00f3 del asalto al Capitolio","datePublished":"2021-01-15T22:10:15+00:00","dateModified":"2021-01-16T00:39:51+00:00","mainEntityOfPage":{"@id":"https:\/\/www.sonoraenequipo.com.mx\/klete-keller-el-nadador-olimpico-que-participo-del-asalto-al-capitolio\/"},"wordCount":542,"commentCount":0,"publisher":{"@id":"https:\/\/www.sonoraenequipo.com.mx\/#organization"},"image":{"@id":"https:\/\/www.sonoraenequipo.com.mx\/klete-keller-el-nadador-olimpico-que-participo-del-asalto-al-capitolio\/#primaryimage"},"thumbnailUrl":"https:\/\/www.sonoraenequipo.com.mx\/storage\/2021\/01\/Klete-Keller_opt.jpg","articleSection":["MUNDO"],"inLanguage":"es","potentialAction":[{"@type":"CommentAction","name":"Comment","target":["https:\/\/www.sonoraenequipo.com.mx\/klete-keller-el-nadador-olimpico-que-participo-del-asalto-al-capitolio\/#respond"]}]},{"@type":"WebPage","@id":"https:\/\/www.sonoraenequipo.com.mx\/klete-keller-el-nadador-olimpico-que-participo-del-asalto-al-capitolio\/","url":"https:\/\/www.sonoraenequipo.com.mx\/klete-keller-el-nadador-olimpico-que-participo-del-asalto-al-capitolio\/","name":"Sonora en Equipo. Klete Keller, el nadador ol\u00edmpico que particip\u00f3 del asalto al Capitolio MUNDO","isPartOf":{"@id":"https:\/\/www.sonoraenequipo.com.mx\/#website"},"primaryImageOfPage":{"@id":"https:\/\/www.sonoraenequipo.com.mx\/klete-keller-el-nadador-olimpico-que-participo-del-asalto-al-capitolio\/#primaryimage"},"image":{"@id":"https:\/\/www.sonoraenequipo.com.mx\/klete-keller-el-nadador-olimpico-que-participo-del-asalto-al-capitolio\/#primaryimage"},"thumbnailUrl":"https:\/\/www.sonoraenequipo.com.mx\/storage\/2021\/01\/Klete-Keller_opt.jpg","datePublished":"2021-01-15T22:10:15+00:00","dateModified":"2021-01-16T00:39:51+00:00","description":"DENVER, COLORADO. ESTADOS UNIDOS. \u2014 El ex nadador estadounidense Klete Keller, ganador de cinco medallas ol\u00edmpicas y acusado de participar en la letal En Sonora en Equipo publicamos toda la informaci\u00f3n de Sonora, M\u00e9xico y el Mundo de manera oportuna y busca que la libertad de expresi\u00f3n sea real. Visita nuestro medio informativo publicado desde Hermosillo, Sonora. %","breadcrumb":{"@id":"https:\/\/www.sonoraenequipo.com.mx\/klete-keller-el-nadador-olimpico-que-participo-del-asalto-al-capitolio\/#breadcrumb"},"inLanguage":"es","potentialAction":[{"@type":"ReadAction","target":["https:\/\/www.sonoraenequipo.com.mx\/klete-keller-el-nadador-olimpico-que-participo-del-asalto-al-capitolio\/"]}]},{"@type":"ImageObject","inLanguage":"es","@id":"https:\/\/www.sonoraenequipo.com.mx\/klete-keller-el-nadador-olimpico-que-participo-del-asalto-al-capitolio\/#primaryimage","url":"https:\/\/www.sonoraenequipo.com.mx\/storage\/2021\/01\/Klete-Keller_opt.jpg","contentUrl":"https:\/\/www.sonoraenequipo.com.mx\/storage\/2021\/01\/Klete-Keller_opt.jpg","width":711,"height":400},{"@type":"BreadcrumbList","@id":"https:\/\/www.sonoraenequipo.com.mx\/klete-keller-el-nadador-olimpico-que-participo-del-asalto-al-capitolio\/#breadcrumb","itemListElement":[{"@type":"ListItem","position":1,"name":"Portada","item":"https:\/\/www.sonoraenequipo.com.mx\/"},{"@type":"ListItem","position":2,"name":"Klete Keller, el nadador ol\u00edmpico que particip\u00f3 del asalto al Capitolio"}]},{"@type":"WebSite","@id":"https:\/\/www.sonoraenequipo.com.mx\/#website","url":"https:\/\/www.sonoraenequipo.com.mx\/","name":"Sonora en Equipo.","description":"Diario en l\u00ednea con Noticias desde Hermosillo, Sonora","publisher":{"@id":"https:\/\/www.sonoraenequipo.com.mx\/#organization"},"potentialAction":[{"@type":"SearchAction","target":{"@type":"EntryPoint","urlTemplate":"https:\/\/www.sonoraenequipo.com.mx\/?s={search_term_string}"},"query-input":{"@type":"PropertyValueSpecification","valueRequired":true,"valueName":"search_term_string"}}],"inLanguage":"es"},{"@type":"Organization","@id":"https:\/\/www.sonoraenequipo.com.mx\/#organization","name":"Sonoraenequipo.com.mx","url":"https:\/\/www.sonoraenequipo.com.mx\/","logo":{"@type":"ImageObject","inLanguage":"es","@id":"https:\/\/www.sonoraenequipo.com.mx\/#\/schema\/logo\/image\/","url":"https:\/\/www.sonoraenequipo.com.mx\/storage\/2019\/01\/sonoraenequipo_opt.png","contentUrl":"https:\/\/www.sonoraenequipo.com.mx\/storage\/2019\/01\/sonoraenequipo_opt.png","width":375,"height":125,"caption":"Sonoraenequipo.com.mx"},"image":{"@id":"https:\/\/www.sonoraenequipo.com.mx\/#\/schema\/logo\/image\/"},"sameAs":["https:\/\/www.facebook.com\/SonoraEE\/","https:\/\/x.com\/sonoraenequipo","https:\/\/www.youtube.com\/channel\/UC338nW-lPEYmJQs4ZABQ1SQ"]},{"@type":"Person","@id":"https:\/\/www.sonoraenequipo.com.mx\/#\/schema\/person\/50102df0fb23a8fa9e8effad8fa81386","name":"enequipo","image":{"@type":"ImageObject","inLanguage":"es","@id":"https:\/\/www.sonoraenequipo.com.mx\/#\/schema\/person\/image\/","url":"https:\/\/secure.gravatar.com\/avatar\/049821681b589dabc0bc20695993ccebb09f5b5d4d790cd9251b97faac7c652b?s=96&d=blank&r=g","contentUrl":"https:\/\/secure.gravatar.com\/avatar\/049821681b589dabc0bc20695993ccebb09f5b5d4d790cd9251b97faac7c652b?s=96&d=blank&r=g","caption":"enequipo"},"sameAs":["https:\/\/www.facebook.com\/SonoraEE"]}]}},"jetpack_featured_media_url":"https:\/\/www.sonoraenequipo.com.mx\/storage\/2021\/01\/Klete-Keller_opt.jpg","_links":{"self":[{"href":"https:\/\/www.sonoraenequipo.com.mx\/api\/wp\/v2\/posts\/104688","targetHints":{"allow":["GET"]}}],"collection":[{"href":"https:\/\/www.sonoraenequipo.com.mx\/api\/wp\/v2\/posts"}],"about":[{"href":"https:\/\/www.sonoraenequipo.com.mx\/api\/wp\/v2\/types\/post"}],"author":[{"embeddable":true,"href":"https:\/\/www.sonoraenequipo.com.mx\/api\/wp\/v2\/users\/1"}],"replies":[{"embeddable":true,"href":"https:\/\/www.sonoraenequipo.com.mx\/api\/wp\/v2\/comments?post=104688"}],"version-history":[{"count":2,"href":"https:\/\/www.sonoraenequipo.com.mx\/api\/wp\/v2\/posts\/104688\/revisions"}],"predecessor-version":[{"id":104710,"href":"https:\/\/www.sonoraenequipo.com.mx\/api\/wp\/v2\/posts\/104688\/revisions\/104710"}],"wp:featuredmedia":[{"embeddable":true,"href":"https:\/\/www.sonoraenequipo.com.mx\/api\/wp\/v2\/media\/104684"}],"wp:attachment":[{"href":"https:\/\/www.sonoraenequipo.com.mx\/api\/wp\/v2\/media?parent=104688"}],"wp:term":[{"taxonomy":"category","embeddable":true,"href":"https:\/\/www.sonoraenequipo.com.mx\/api\/wp\/v2\/categories?post=104688"},{"taxonomy":"post_tag","embeddable":true,"href":"https:\/\/www.sonoraenequipo.com.mx\/api\/wp\/v2\/tags?post=104688"}],"curies":[{"name":"wp","href":"https:\/\/api.w.org\/{rel}","templated":true}]}}