{"id":104701,"date":"2021-01-15T17:21:16","date_gmt":"2021-01-16T00:21:16","guid":{"rendered":"https:\/\/www.sonoraenequipo.com.mx\/?p=104701"},"modified":"2021-01-15T17:32:10","modified_gmt":"2021-01-16T00:32:10","slug":"fiscalia-de-mexico-no-procesara-al-exsecretario-de-defensa-salvador-cienfuegos","status":"publish","type":"post","link":"https:\/\/www.sonoraenequipo.com.mx\/fiscalia-de-mexico-no-procesara-al-exsecretario-de-defensa-salvador-cienfuegos\/","title":{"rendered":"Fiscal\u00eda de M\u00e9xico no procesar\u00e1 al exsecretario de Defensa Salvador Cienfuegos"},"content":{"rendered":"<p>CIUDAD DE M\u00c9XICO. MX. \u2014 La Fiscal\u00eda General de M\u00e9xico anunci\u00f3 el jueves que no encontr\u00f3 evidencias de que el exsecretario de Defensa Salvador Cienfuegos tuviera v\u00ednculos con el narcotr\u00e1fico, como argumentaron autoridades de Estados Unidos para detenerlo varias semanas antes de entregarlo al gobierno mexicano despu\u00e9s de que \u00e9ste amenaz\u00f3 veladamente con cortar la cooperaci\u00f3n.<\/p>\n<p>&nbsp;<\/p>\n<p> <\/p>\n<p>En un comunicado, la Fiscal\u00eda se\u00f1al\u00f3 que, tras no encontrar ning\u00fan elemento en contra del general Cienfuegos, decidi\u00f3 no iniciar ning\u00fan proceso penal. Pocos esperaban que M\u00e9xico en realidad enjuiciara al exjefe del ej\u00e9rcito, en parte porque el presidente Andr\u00e9s Manuel L\u00f3pez Obrador ha dependido de \u00e9ste m\u00e1s que cualquier otro mandatario reciente y le ha confiado no s\u00f3lo asuntos de seguridad, sino tambi\u00e9n proyectos de infraestructura y hasta la operaci\u00f3n de aeropuertos y trenes.<\/p>\n<p>&nbsp;<\/p>\n<p>Responsable del ej\u00e9rcito de 2012 a 2018, durante el gobierno del entonces presidente Enrique Pe\u00f1a Nieto, Cienfuegos fue detenido en octubre en Los \u00c1ngeles bajo acusaciones de participar en una red internacional de tr\u00e1fico de drogas. Los fiscales aseguraron que ayud\u00f3 al c\u00e1rtel del H-2 a traficar coca\u00edna, hero\u00edna, metanfetaminas y marihuana mientras se desempe\u00f1aba como secretario de Defensa.<\/p>\n<p>Seg\u00fan los fiscales, mensajes interceptados demostraban que Cienfuegos realiz\u00f3 gestiones para garantizar que el ej\u00e9rcito no emprendiera acciones contra ese c\u00e1rtel y que se lanzaran operativos contra grupos rivales a cambio de sobornos.<\/p>\n<p>Sin embargo, una jueza estadounidense accedi\u00f3 en noviembre a retirar los cargos, en una decisi\u00f3n inusual, pero tomada luego de supuestas amenazas de las autoridades mexicanas. Funcionarios de Estados Unidos y M\u00e9xico dijeron entonces a The Associated Press que el gobierno de M\u00e9xico hab\u00eda dicho a sus contrapartes que podr\u00eda expulsar a agentes antidrogas del pa\u00eds.<\/p>\n<p>Cienfuegos fue devuelto a M\u00e9xico, donde las autoridades dijeron que ser\u00eda investigado y en su caso procesado, lo cual ahora la Fiscal\u00eda mexicana descart\u00f3.<\/p>\n<p>Mike Vigil, exdirector de operaciones internacionales de la agencia antidrogas estadounidense (DEA, por sus siglas en ingl\u00e9s), dijo a la AP que la exoneraci\u00f3n de Cienfuegos \u201cpodr\u00eda ser la gota que derram\u00f3 el vaso en cuanto a la cooperaci\u00f3n entre Estados Unidos y M\u00e9xico en actividades antidrogas\u201d.<\/p>\n<p>Tras la detenci\u00f3n del general, los fiscales estadounidenses indicaron que ten\u00edan mensajes interceptados de Blackberry Messenger que incriminan a Cienfuegos, tambi\u00e9n conocido como \u201cEl Padrino\u201d, seg\u00fan la fiscal\u00eda. Entre las comunicaciones, aseguraron, hab\u00eda mensajes en los que se identifica al general por nombre, t\u00edtulo y fotograf\u00eda.<\/p>\n<p>Cienfuegos supuestamente ayud\u00f3 al cartel del H-2. Las autoridades han se\u00f1alado que el H-2 es un hombre identificado como Juan Francisco Patr\u00f3n S\u00e1nchez, quien fung\u00eda como lugarteniente del c\u00e1rtel de los Beltr\u00e1n Leyva. El individuo muri\u00f3 en un enfrentamiento con la Marina mexicana en 2017.<\/p>\n<p>La Fiscal\u00eda mexicana asegur\u00f3 que, tras el retorno de Cienfuegos a M\u00e9xico, comenz\u00f3 a investigar el caso y concluy\u00f3 que el exsecretario de Defensa \u201cnunca tuvo encuentro alguno con los integrantes de la organizaci\u00f3n delictiva\u201d del H-2 y \u201ctampoco sostuvo comunicaci\u00f3n alguna con ellos, ni realiz\u00f3 actos tendientes a proteger o ayudar a dichos individuos\u201d.<\/p>\n<p>Adem\u00e1s, afirm\u00f3 que no encontr\u00f3 ninguna prueba de que hubiera usado equipo electr\u00f3nico para enviar instrucciones que favorecieran al grupo criminal, y tampoco identific\u00f3 ning\u00fan incremento irregular de su patrimonio ni la percepci\u00f3n de ingresos ilegales.<\/p>\n<p>La captura fue un duro golpe a las fuerzas armadas mexicanas, que desde hace varios a\u00f1os han apoyado la lucha contra el narcotr\u00e1fico y han sido elogiadas por distintos gobiernos por su entrega y disciplina. Bajo el mando de Cienfuegos, el ej\u00e9rcito mexicano fue acusado de violaciones a los derechos humanos, y el peor esc\u00e1ndalo fue una masacre de presuntos criminales en una bodega en 2014, conocido como el caso Tlatlaya.<\/p>\n<p>Vigil, el exfuncionario de la DEA, consider\u00f3 que \u201cestaba predeterminado que la justicia mexicana no avanzar\u00eda con el procesamiento del general Cienfuegos\u201d.<\/p>\n<p>Esto, a\u00f1adi\u00f3, \u201cmanchar\u00e1 enormemente la integridad de su sistema judicial y, a pesar de la ret\u00f3rica pol\u00edtica de querer eliminar la corrupci\u00f3n, evidentemente no es el caso. El estado de derecho ha sido violado de manera importante\u201d.<\/p>\n<p>Cienfuegos fue el exfuncionario mexicano de mayor rango en ser arrestado desde la captura en 2019 en Texas de Genaro Garc\u00eda Luna, exsecretario de Seguridad P\u00fablica durante el mandato del presidente Felipe Calder\u00f3n de 2006 a 2012, y quien se ha declarado inocente de cargos de narcotr\u00e1fico.<\/p>\n<p>&nbsp;<\/p>\n<p>(Publicada el 15\/01\/2021)<\/p>\n","protected":false},"excerpt":{"rendered":"<p>CIUDAD DE M\u00c9XICO. MX. \u2014 La Fiscal\u00eda General de M\u00e9xico anunci\u00f3 el jueves que no&#8230;<\/p>\n","protected":false},"author":1,"featured_media":104704,"comment_status":"open","ping_status":"open","sticky":false,"template":"","format":"standard","meta":{"_monsterinsights_skip_tracking":false,"_monsterinsights_sitenote_active":false,"_monsterinsights_sitenote_note":"","_monsterinsights_sitenote_category":0,"footnotes":""},"categories":[5],"tags":[],"class_list":["post"],"yoast_head":" \n<title>Sonora en Equipo. Fiscal\u00eda de M\u00e9xico no procesar\u00e1 al exsecretario de Defensa Salvador Cienfuegos Rep\u00fablica<\/title>\n<meta name=\"description\" content=\"CIUDAD DE M\u00c9XICO. MX. \u2014 La Fiscal\u00eda General de M\u00e9xico anunci\u00f3 el jueves que no encontr\u00f3 evidencias de que el exsecretario de Defensa Salvador Cienfuegos En Sonora en Equipo publicamos toda la informaci\u00f3n de Sonora, M\u00e9xico y el Mundo de manera oportuna y busca que la libertad de expresi\u00f3n sea real. Visita nuestro medio informativo publicado desde Hermosillo, Sonora. %\" \/>\n<meta name=\"robots\" content=\"index, follow, max-snippet:-1, max-image-preview:large, max-video-preview:-1\" \/>\n<link rel=\"canonical\" href=\"https:\/\/www.sonoraenequipo.com.mx\/fiscalia-de-mexico-no-procesara-al-exsecretario-de-defensa-salvador-cienfuegos\/\" \/>\n<meta property=\"og:locale\" content=\"es_ES\" \/>\n<meta property=\"og:type\" content=\"article\" \/>\n<meta property=\"og:title\" content=\"Sonora en Equipo. Fiscal\u00eda de M\u00e9xico no procesar\u00e1 al exsecretario de Defensa Salvador Cienfuegos Rep\u00fablica\" \/>\n<meta property=\"og:description\" content=\"CIUDAD DE M\u00c9XICO. MX. \u2014 La Fiscal\u00eda General de M\u00e9xico anunci\u00f3 el jueves que no encontr\u00f3 evidencias de que el exsecretario de Defensa Salvador Cienfuegos En Sonora en Equipo publicamos toda la informaci\u00f3n de Sonora, M\u00e9xico y el Mundo de manera oportuna y busca que la libertad de expresi\u00f3n sea real. Visita nuestro medio informativo publicado desde Hermosillo, Sonora. %\" \/>\n<meta property=\"og:url\" content=\"https:\/\/www.sonoraenequipo.com.mx\/fiscalia-de-mexico-no-procesara-al-exsecretario-de-defensa-salvador-cienfuegos\/\" \/>\n<meta property=\"og:site_name\" content=\"Sonora en Equipo.\" \/>\n<meta property=\"article:publisher\" content=\"https:\/\/www.facebook.com\/SonoraEE\/\" \/>\n<meta property=\"article:author\" content=\"https:\/\/www.facebook.com\/SonoraEE\" \/>\n<meta property=\"article:published_time\" content=\"2021-01-16T00:21:16+00:00\" \/>\n<meta property=\"article:modified_time\" content=\"2021-01-16T00:32:10+00:00\" \/>\n<meta property=\"og:image\" content=\"https:\/\/www.sonoraenequipo.com.mx\/storage\/2021\/01\/alejandro-gertz-manero_opt.jpg\" \/>\n\t<meta property=\"og:image:width\" content=\"968\" \/>\n\t<meta property=\"og:image:height\" content=\"500\" \/>\n\t<meta property=\"og:image:type\" content=\"image\/jpeg\" \/>\n<meta name=\"author\" content=\"enequipo\" \/>\n<meta name=\"twitter:card\" content=\"summary_large_image\" \/>\n<meta name=\"twitter:creator\" content=\"@sonoraenequipo\" \/>\n<meta name=\"twitter:site\" content=\"@sonoraenequipo\" \/>\n<meta name=\"twitter:label1\" content=\"Escrito por\" \/>\n\t<meta name=\"twitter:data1\" content=\"enequipo\" \/>\n\t<meta name=\"twitter:label2\" content=\"Tiempo de lectura\" \/>\n\t<meta name=\"twitter:data2\" content=\"4 minutos\" \/>\n<script type=\"application\/ld+json\" class=\"yoast-schema-graph\">{\"@context\":\"https:\/\/schema.org\",\"@graph\":[{\"@type\":\"Article\",\"@id\":\"https:\/\/www.sonoraenequipo.com.mx\/fiscalia-de-mexico-no-procesara-al-exsecretario-de-defensa-salvador-cienfuegos\/#article\",\"isPartOf\":{\"@id\":\"https:\/\/www.sonoraenequipo.com.mx\/fiscalia-de-mexico-no-procesara-al-exsecretario-de-defensa-salvador-cienfuegos\/\"},\"author\":{\"name\":\"enequipo\",\"@id\":\"https:\/\/www.sonoraenequipo.com.mx\/#\/schema\/person\/50102df0fb23a8fa9e8effad8fa81386\"},\"headline\":\"Fiscal\u00eda de M\u00e9xico no procesar\u00e1 al exsecretario de Defensa Salvador Cienfuegos\",\"datePublished\":\"2021-01-16T00:21:16+00:00\",\"dateModified\":\"2021-01-16T00:32:10+00:00\",\"mainEntityOfPage\":{\"@id\":\"https:\/\/www.sonoraenequipo.com.mx\/fiscalia-de-mexico-no-procesara-al-exsecretario-de-defensa-salvador-cienfuegos\/\"},\"wordCount\":797,\"commentCount\":0,\"publisher\":{\"@id\":\"https:\/\/www.sonoraenequipo.com.mx\/#organization\"},\"image\":{\"@id\":\"https:\/\/www.sonoraenequipo.com.mx\/fiscalia-de-mexico-no-procesara-al-exsecretario-de-defensa-salvador-cienfuegos\/#primaryimage\"},\"thumbnailUrl\":\"https:\/\/www.sonoraenequipo.com.mx\/storage\/2021\/01\/alejandro-gertz-manero_opt.jpg\",\"articleSection\":[\"Rep\u00fablica\"],\"inLanguage\":\"es\",\"potentialAction\":[{\"@type\":\"CommentAction\",\"name\":\"Comment\",\"target\":[\"https:\/\/www.sonoraenequipo.com.mx\/fiscalia-de-mexico-no-procesara-al-exsecretario-de-defensa-salvador-cienfuegos\/#respond\"]}]},{\"@type\":\"WebPage\",\"@id\":\"https:\/\/www.sonoraenequipo.com.mx\/fiscalia-de-mexico-no-procesara-al-exsecretario-de-defensa-salvador-cienfuegos\/\",\"url\":\"https:\/\/www.sonoraenequipo.com.mx\/fiscalia-de-mexico-no-procesara-al-exsecretario-de-defensa-salvador-cienfuegos\/\",\"name\":\"Sonora en Equipo. Fiscal\u00eda de M\u00e9xico no procesar\u00e1 al exsecretario de Defensa Salvador Cienfuegos Rep\u00fablica\",\"isPartOf\":{\"@id\":\"https:\/\/www.sonoraenequipo.com.mx\/#website\"},\"primaryImageOfPage\":{\"@id\":\"https:\/\/www.sonoraenequipo.com.mx\/fiscalia-de-mexico-no-procesara-al-exsecretario-de-defensa-salvador-cienfuegos\/#primaryimage\"},\"image\":{\"@id\":\"https:\/\/www.sonoraenequipo.com.mx\/fiscalia-de-mexico-no-procesara-al-exsecretario-de-defensa-salvador-cienfuegos\/#primaryimage\"},\"thumbnailUrl\":\"https:\/\/www.sonoraenequipo.com.mx\/storage\/2021\/01\/alejandro-gertz-manero_opt.jpg\",\"datePublished\":\"2021-01-16T00:21:16+00:00\",\"dateModified\":\"2021-01-16T00:32:10+00:00\",\"description\":\"CIUDAD DE M\u00c9XICO. MX. \u2014 La Fiscal\u00eda General de M\u00e9xico anunci\u00f3 el jueves que no encontr\u00f3 evidencias de que el exsecretario de Defensa Salvador Cienfuegos En Sonora en Equipo publicamos toda la informaci\u00f3n de Sonora, M\u00e9xico y el Mundo de manera oportuna y busca que la libertad de expresi\u00f3n sea real. Visita nuestro medio informativo publicado desde Hermosillo, Sonora. %\",\"breadcrumb\":{\"@id\":\"https:\/\/www.sonoraenequipo.com.mx\/fiscalia-de-mexico-no-procesara-al-exsecretario-de-defensa-salvador-cienfuegos\/#breadcrumb\"},\"inLanguage\":\"es\",\"potentialAction\":[{\"@type\":\"ReadAction\",\"target\":[\"https:\/\/www.sonoraenequipo.com.mx\/fiscalia-de-mexico-no-procesara-al-exsecretario-de-defensa-salvador-cienfuegos\/\"]}]},{\"@type\":\"ImageObject\",\"inLanguage\":\"es\",\"@id\":\"https:\/\/www.sonoraenequipo.com.mx\/fiscalia-de-mexico-no-procesara-al-exsecretario-de-defensa-salvador-cienfuegos\/#primaryimage\",\"url\":\"https:\/\/www.sonoraenequipo.com.mx\/storage\/2021\/01\/alejandro-gertz-manero_opt.jpg\",\"contentUrl\":\"https:\/\/www.sonoraenequipo.com.mx\/storage\/2021\/01\/alejandro-gertz-manero_opt.jpg\",\"width\":968,\"height\":500},{\"@type\":\"BreadcrumbList\",\"@id\":\"https:\/\/www.sonoraenequipo.com.mx\/fiscalia-de-mexico-no-procesara-al-exsecretario-de-defensa-salvador-cienfuegos\/#breadcrumb\",\"itemListElement\":[{\"@type\":\"ListItem\",\"position\":1,\"name\":\"Portada\",\"item\":\"https:\/\/www.sonoraenequipo.com.mx\/\"},{\"@type\":\"ListItem\",\"position\":2,\"name\":\"Fiscal\u00eda de M\u00e9xico no procesar\u00e1 al exsecretario de Defensa Salvador Cienfuegos\"}]},{\"@type\":\"WebSite\",\"@id\":\"https:\/\/www.sonoraenequipo.com.mx\/#website\",\"url\":\"https:\/\/www.sonoraenequipo.com.mx\/\",\"name\":\"Sonora en Equipo.\",\"description\":\"Diario en l\u00ednea con Noticias desde Hermosillo, Sonora\",\"publisher\":{\"@id\":\"https:\/\/www.sonoraenequipo.com.mx\/#organization\"},\"potentialAction\":[{\"@type\":\"SearchAction\",\"target\":{\"@type\":\"EntryPoint\",\"urlTemplate\":\"https:\/\/www.sonoraenequipo.com.mx\/?s={search_term_string}\"},\"query-input\":{\"@type\":\"PropertyValueSpecification\",\"valueRequired\":true,\"valueName\":\"search_term_string\"}}],\"inLanguage\":\"es\"},{\"@type\":\"Organization\",\"@id\":\"https:\/\/www.sonoraenequipo.com.mx\/#organization\",\"name\":\"Sonoraenequipo.com.mx\",\"url\":\"https:\/\/www.sonoraenequipo.com.mx\/\",\"logo\":{\"@type\":\"ImageObject\",\"inLanguage\":\"es\",\"@id\":\"https:\/\/www.sonoraenequipo.com.mx\/#\/schema\/logo\/image\/\",\"url\":\"https:\/\/www.sonoraenequipo.com.mx\/storage\/2019\/01\/sonoraenequipo_opt.png\",\"contentUrl\":\"https:\/\/www.sonoraenequipo.com.mx\/storage\/2019\/01\/sonoraenequipo_opt.png\",\"width\":375,\"height\":125,\"caption\":\"Sonoraenequipo.com.mx\"},\"image\":{\"@id\":\"https:\/\/www.sonoraenequipo.com.mx\/#\/schema\/logo\/image\/\"},\"sameAs\":[\"https:\/\/www.facebook.com\/SonoraEE\/\",\"https:\/\/x.com\/sonoraenequipo\",\"https:\/\/www.youtube.com\/channel\/UC338nW-lPEYmJQs4ZABQ1SQ\"]},{\"@type\":\"Person\",\"@id\":\"https:\/\/www.sonoraenequipo.com.mx\/#\/schema\/person\/50102df0fb23a8fa9e8effad8fa81386\",\"name\":\"enequipo\",\"image\":{\"@type\":\"ImageObject\",\"inLanguage\":\"es\",\"@id\":\"https:\/\/www.sonoraenequipo.com.mx\/#\/schema\/person\/image\/\",\"url\":\"https:\/\/secure.gravatar.com\/avatar\/049821681b589dabc0bc20695993ccebb09f5b5d4d790cd9251b97faac7c652b?s=96&d=blank&r=g\",\"contentUrl\":\"https:\/\/secure.gravatar.com\/avatar\/049821681b589dabc0bc20695993ccebb09f5b5d4d790cd9251b97faac7c652b?s=96&d=blank&r=g\",\"caption\":\"enequipo\"},\"sameAs\":[\"https:\/\/www.facebook.com\/SonoraEE\"]}]}<\/script>\n ","yoast_head_json":{"title":"Sonora en Equipo. Fiscal\u00eda de M\u00e9xico no procesar\u00e1 al exsecretario de Defensa Salvador Cienfuegos Rep\u00fablica","description":"CIUDAD DE M\u00c9XICO. MX. \u2014 La Fiscal\u00eda General de M\u00e9xico anunci\u00f3 el jueves que no encontr\u00f3 evidencias de que el exsecretario de Defensa Salvador Cienfuegos En Sonora en Equipo publicamos toda la informaci\u00f3n de Sonora, M\u00e9xico y el Mundo de manera oportuna y busca que la libertad de expresi\u00f3n sea real. Visita nuestro medio informativo publicado desde Hermosillo, Sonora. %","robots":{"index":"index","follow":"follow","max-snippet":"max-snippet:-1","max-image-preview":"max-image-preview:large","max-video-preview":"max-video-preview:-1"},"canonical":"https:\/\/www.sonoraenequipo.com.mx\/fiscalia-de-mexico-no-procesara-al-exsecretario-de-defensa-salvador-cienfuegos\/","og_locale":"es_ES","og_type":"article","og_title":"Sonora en Equipo. Fiscal\u00eda de M\u00e9xico no procesar\u00e1 al exsecretario de Defensa Salvador Cienfuegos Rep\u00fablica","og_description":"CIUDAD DE M\u00c9XICO. MX. \u2014 La Fiscal\u00eda General de M\u00e9xico anunci\u00f3 el jueves que no encontr\u00f3 evidencias de que el exsecretario de Defensa Salvador Cienfuegos En Sonora en Equipo publicamos toda la informaci\u00f3n de Sonora, M\u00e9xico y el Mundo de manera oportuna y busca que la libertad de expresi\u00f3n sea real. Visita nuestro medio informativo publicado desde Hermosillo, Sonora. %","og_url":"https:\/\/www.sonoraenequipo.com.mx\/fiscalia-de-mexico-no-procesara-al-exsecretario-de-defensa-salvador-cienfuegos\/","og_site_name":"Sonora en Equipo.","article_publisher":"https:\/\/www.facebook.com\/SonoraEE\/","article_author":"https:\/\/www.facebook.com\/SonoraEE","article_published_time":"2021-01-16T00:21:16+00:00","article_modified_time":"2021-01-16T00:32:10+00:00","og_image":[{"width":968,"height":500,"url":"https:\/\/www.sonoraenequipo.com.mx\/storage\/2021\/01\/alejandro-gertz-manero_opt.jpg","type":"image\/jpeg"}],"author":"enequipo","twitter_card":"summary_large_image","twitter_creator":"@sonoraenequipo","twitter_site":"@sonoraenequipo","twitter_misc":{"Escrito por":"enequipo","Tiempo de lectura":"4 minutos"},"schema":{"@context":"https:\/\/schema.org","@graph":[{"@type":"Article","@id":"https:\/\/www.sonoraenequipo.com.mx\/fiscalia-de-mexico-no-procesara-al-exsecretario-de-defensa-salvador-cienfuegos\/#article","isPartOf":{"@id":"https:\/\/www.sonoraenequipo.com.mx\/fiscalia-de-mexico-no-procesara-al-exsecretario-de-defensa-salvador-cienfuegos\/"},"author":{"name":"enequipo","@id":"https:\/\/www.sonoraenequipo.com.mx\/#\/schema\/person\/50102df0fb23a8fa9e8effad8fa81386"},"headline":"Fiscal\u00eda de M\u00e9xico no procesar\u00e1 al exsecretario de Defensa Salvador Cienfuegos","datePublished":"2021-01-16T00:21:16+00:00","dateModified":"2021-01-16T00:32:10+00:00","mainEntityOfPage":{"@id":"https:\/\/www.sonoraenequipo.com.mx\/fiscalia-de-mexico-no-procesara-al-exsecretario-de-defensa-salvador-cienfuegos\/"},"wordCount":797,"commentCount":0,"publisher":{"@id":"https:\/\/www.sonoraenequipo.com.mx\/#organization"},"image":{"@id":"https:\/\/www.sonoraenequipo.com.mx\/fiscalia-de-mexico-no-procesara-al-exsecretario-de-defensa-salvador-cienfuegos\/#primaryimage"},"thumbnailUrl":"https:\/\/www.sonoraenequipo.com.mx\/storage\/2021\/01\/alejandro-gertz-manero_opt.jpg","articleSection":["Rep\u00fablica"],"inLanguage":"es","potentialAction":[{"@type":"CommentAction","name":"Comment","target":["https:\/\/www.sonoraenequipo.com.mx\/fiscalia-de-mexico-no-procesara-al-exsecretario-de-defensa-salvador-cienfuegos\/#respond"]}]},{"@type":"WebPage","@id":"https:\/\/www.sonoraenequipo.com.mx\/fiscalia-de-mexico-no-procesara-al-exsecretario-de-defensa-salvador-cienfuegos\/","url":"https:\/\/www.sonoraenequipo.com.mx\/fiscalia-de-mexico-no-procesara-al-exsecretario-de-defensa-salvador-cienfuegos\/","name":"Sonora en Equipo. Fiscal\u00eda de M\u00e9xico no procesar\u00e1 al exsecretario de Defensa Salvador Cienfuegos Rep\u00fablica","isPartOf":{"@id":"https:\/\/www.sonoraenequipo.com.mx\/#website"},"primaryImageOfPage":{"@id":"https:\/\/www.sonoraenequipo.com.mx\/fiscalia-de-mexico-no-procesara-al-exsecretario-de-defensa-salvador-cienfuegos\/#primaryimage"},"image":{"@id":"https:\/\/www.sonoraenequipo.com.mx\/fiscalia-de-mexico-no-procesara-al-exsecretario-de-defensa-salvador-cienfuegos\/#primaryimage"},"thumbnailUrl":"https:\/\/www.sonoraenequipo.com.mx\/storage\/2021\/01\/alejandro-gertz-manero_opt.jpg","datePublished":"2021-01-16T00:21:16+00:00","dateModified":"2021-01-16T00:32:10+00:00","description":"CIUDAD DE M\u00c9XICO. MX. \u2014 La Fiscal\u00eda General de M\u00e9xico anunci\u00f3 el jueves que no encontr\u00f3 evidencias de que el exsecretario de Defensa Salvador Cienfuegos En Sonora en Equipo publicamos toda la informaci\u00f3n de Sonora, M\u00e9xico y el Mundo de manera oportuna y busca que la libertad de expresi\u00f3n sea real. Visita nuestro medio informativo publicado desde Hermosillo, Sonora. %","breadcrumb":{"@id":"https:\/\/www.sonoraenequipo.com.mx\/fiscalia-de-mexico-no-procesara-al-exsecretario-de-defensa-salvador-cienfuegos\/#breadcrumb"},"inLanguage":"es","potentialAction":[{"@type":"ReadAction","target":["https:\/\/www.sonoraenequipo.com.mx\/fiscalia-de-mexico-no-procesara-al-exsecretario-de-defensa-salvador-cienfuegos\/"]}]},{"@type":"ImageObject","inLanguage":"es","@id":"https:\/\/www.sonoraenequipo.com.mx\/fiscalia-de-mexico-no-procesara-al-exsecretario-de-defensa-salvador-cienfuegos\/#primaryimage","url":"https:\/\/www.sonoraenequipo.com.mx\/storage\/2021\/01\/alejandro-gertz-manero_opt.jpg","contentUrl":"https:\/\/www.sonoraenequipo.com.mx\/storage\/2021\/01\/alejandro-gertz-manero_opt.jpg","width":968,"height":500},{"@type":"BreadcrumbList","@id":"https:\/\/www.sonoraenequipo.com.mx\/fiscalia-de-mexico-no-procesara-al-exsecretario-de-defensa-salvador-cienfuegos\/#breadcrumb","itemListElement":[{"@type":"ListItem","position":1,"name":"Portada","item":"https:\/\/www.sonoraenequipo.com.mx\/"},{"@type":"ListItem","position":2,"name":"Fiscal\u00eda de M\u00e9xico no procesar\u00e1 al exsecretario de Defensa Salvador Cienfuegos"}]},{"@type":"WebSite","@id":"https:\/\/www.sonoraenequipo.com.mx\/#website","url":"https:\/\/www.sonoraenequipo.com.mx\/","name":"Sonora en Equipo.","description":"Diario en l\u00ednea con Noticias desde Hermosillo, Sonora","publisher":{"@id":"https:\/\/www.sonoraenequipo.com.mx\/#organization"},"potentialAction":[{"@type":"SearchAction","target":{"@type":"EntryPoint","urlTemplate":"https:\/\/www.sonoraenequipo.com.mx\/?s={search_term_string}"},"query-input":{"@type":"PropertyValueSpecification","valueRequired":true,"valueName":"search_term_string"}}],"inLanguage":"es"},{"@type":"Organization","@id":"https:\/\/www.sonoraenequipo.com.mx\/#organization","name":"Sonoraenequipo.com.mx","url":"https:\/\/www.sonoraenequipo.com.mx\/","logo":{"@type":"ImageObject","inLanguage":"es","@id":"https:\/\/www.sonoraenequipo.com.mx\/#\/schema\/logo\/image\/","url":"https:\/\/www.sonoraenequipo.com.mx\/storage\/2019\/01\/sonoraenequipo_opt.png","contentUrl":"https:\/\/www.sonoraenequipo.com.mx\/storage\/2019\/01\/sonoraenequipo_opt.png","width":375,"height":125,"caption":"Sonoraenequipo.com.mx"},"image":{"@id":"https:\/\/www.sonoraenequipo.com.mx\/#\/schema\/logo\/image\/"},"sameAs":["https:\/\/www.facebook.com\/SonoraEE\/","https:\/\/x.com\/sonoraenequipo","https:\/\/www.youtube.com\/channel\/UC338nW-lPEYmJQs4ZABQ1SQ"]},{"@type":"Person","@id":"https:\/\/www.sonoraenequipo.com.mx\/#\/schema\/person\/50102df0fb23a8fa9e8effad8fa81386","name":"enequipo","image":{"@type":"ImageObject","inLanguage":"es","@id":"https:\/\/www.sonoraenequipo.com.mx\/#\/schema\/person\/image\/","url":"https:\/\/secure.gravatar.com\/avatar\/049821681b589dabc0bc20695993ccebb09f5b5d4d790cd9251b97faac7c652b?s=96&d=blank&r=g","contentUrl":"https:\/\/secure.gravatar.com\/avatar\/049821681b589dabc0bc20695993ccebb09f5b5d4d790cd9251b97faac7c652b?s=96&d=blank&r=g","caption":"enequipo"},"sameAs":["https:\/\/www.facebook.com\/SonoraEE"]}]}},"jetpack_featured_media_url":"https:\/\/www.sonoraenequipo.com.mx\/storage\/2021\/01\/alejandro-gertz-manero_opt.jpg","_links":{"self":[{"href":"https:\/\/www.sonoraenequipo.com.mx\/api\/wp\/v2\/posts\/104701","targetHints":{"allow":["GET"]}}],"collection":[{"href":"https:\/\/www.sonoraenequipo.com.mx\/api\/wp\/v2\/posts"}],"about":[{"href":"https:\/\/www.sonoraenequipo.com.mx\/api\/wp\/v2\/types\/post"}],"author":[{"embeddable":true,"href":"https:\/\/www.sonoraenequipo.com.mx\/api\/wp\/v2\/users\/1"}],"replies":[{"embeddable":true,"href":"https:\/\/www.sonoraenequipo.com.mx\/api\/wp\/v2\/comments?post=104701"}],"version-history":[{"count":3,"href":"https:\/\/www.sonoraenequipo.com.mx\/api\/wp\/v2\/posts\/104701\/revisions"}],"predecessor-version":[{"id":104705,"href":"https:\/\/www.sonoraenequipo.com.mx\/api\/wp\/v2\/posts\/104701\/revisions\/104705"}],"wp:featuredmedia":[{"embeddable":true,"href":"https:\/\/www.sonoraenequipo.com.mx\/api\/wp\/v2\/media\/104704"}],"wp:attachment":[{"href":"https:\/\/www.sonoraenequipo.com.mx\/api\/wp\/v2\/media?parent=104701"}],"wp:term":[{"taxonomy":"category","embeddable":true,"href":"https:\/\/www.sonoraenequipo.com.mx\/api\/wp\/v2\/categories?post=104701"},{"taxonomy":"post_tag","embeddable":true,"href":"https:\/\/www.sonoraenequipo.com.mx\/api\/wp\/v2\/tags?post=104701"}],"curies":[{"name":"wp","href":"https:\/\/api.w.org\/{rel}","templated":true}]}}