{"id":104719,"date":"2021-01-15T18:53:58","date_gmt":"2021-01-16T01:53:58","guid":{"rendered":"https:\/\/www.sonoraenequipo.com.mx\/?p=104719"},"modified":"2021-01-15T18:53:58","modified_gmt":"2021-01-16T01:53:58","slug":"hermosillo-rescatamos-espacios-publicos-que-estaban-abandonados-celida-lopez","status":"publish","type":"post","link":"https:\/\/www.sonoraenequipo.com.mx\/hermosillo-rescatamos-espacios-publicos-que-estaban-abandonados-celida-lopez\/","title":{"rendered":"HERMOSILLO. Rescatamos espacios p\u00fablicos que estaban abandonados: Celida L\u00f3pez\u00a0"},"content":{"rendered":"<p>La Alcaldesa de Hermosillo y el equipo de Servicios P\u00fablicos Municipales realizaron una limpieza de gran impacto en lo que alguna vez fue Plaza Sur<\/p>\n<p>&nbsp;<\/p>\n<p>Hermosillo, Sonora, 15 de enero de 2020.- \u201cSeguimos rescatando los servicios p\u00fablicos de Hermosillo que estuvieron abandonados por anteriores administraciones\u201d, expuso la alcaldesa Celida L\u00f3pez C\u00e1rdenas durante un operativo de limpieza en un basurero clandestino ubicado en una antigua plaza comercial en el Sur de la ciudad, que ser\u00e1 de gran beneficio a las familias del sector.<\/p>\n<p>&nbsp;<\/p>\n<p>\u201cNo nos cansamos de trabajar en el rescate de Hermosillo, por conseguir la ciudad que todos sus habitantes se merecen; gracias al personal de Servicios P\u00fablicos por todo su empe\u00f1o en lograrlo\u201d, comparti\u00f3 en redes sociales durante esta acci\u00f3n.<\/p>\n<p>&nbsp;<\/p>\n<p>L\u00f3pez C\u00e1rdenas solicit\u00f3 la colaboraci\u00f3n de los ciudadanos para que apoyen en mantener limpio este lugar, as\u00ed como reportar a quienes insistan en tirar basura ah\u00ed.<\/p>\n<p>&nbsp;<\/p>\n<p>El director de Servicios P\u00fablicos Municipales, Gino Saracco Morales, dijo que contin\u00faan con la atenci\u00f3n integral de los basureros clandestinos, como en este caso, para evitar la acumulaci\u00f3n de\u00a0 residuos, animales y plagas, que se convierten en focos de infecci\u00f3n.<\/p>\n<p>&nbsp;<\/p>\n<p>La dependencia puso a disposici\u00f3n de los hermosillenses el n\u00famero telef\u00f3nico de proximidad 6622999103, para la atenci\u00f3n m\u00e1s r\u00e1pida y eficaz de este tipo de reportes ciudadanos.<\/p>\n<p>Fecha de publicaci\u00f3n 15\/ene\/2021<\/p>\n","protected":false},"excerpt":{"rendered":"<p>La Alcaldesa de Hermosillo y el equipo de Servicios P\u00fablicos Municipales realizaron una limpieza de&#8230;<\/p>\n","protected":false},"author":1,"featured_media":104720,"comment_status":"open","ping_status":"open","sticky":false,"template":"","format":"standard","meta":{"_monsterinsights_skip_tracking":false,"_monsterinsights_sitenote_active":false,"_monsterinsights_sitenote_note":"","_monsterinsights_sitenote_category":0,"footnotes":""},"categories":[4],"tags":[35,5229],"class_list":["post"],"yoast_head":" \n<title>Sonora en Equipo. HERMOSILLO. Rescatamos espacios p\u00fablicos que estaban abandonados: Celida L\u00f3pez\u00a0 Municipios<\/title>\n<meta name=\"description\" content=\"La Alcaldesa de Hermosillo y el equipo de Servicios P\u00fablicos Municipales realizaron una limpieza de gran impacto en lo que alguna vez fue Plaza Sur &nbsp; En Sonora en Equipo publicamos toda la informaci\u00f3n de Sonora, M\u00e9xico y el Mundo de manera oportuna y busca que la libertad de expresi\u00f3n sea real. Visita nuestro medio informativo publicado desde Hermosillo, Sonora. %\" \/>\n<meta name=\"robots\" content=\"index, follow, max-snippet:-1, max-image-preview:large, max-video-preview:-1\" \/>\n<link rel=\"canonical\" href=\"https:\/\/www.sonoraenequipo.com.mx\/hermosillo-rescatamos-espacios-publicos-que-estaban-abandonados-celida-lopez\/\" \/>\n<meta property=\"og:locale\" content=\"es_ES\" \/>\n<meta property=\"og:type\" content=\"article\" \/>\n<meta property=\"og:title\" content=\"Sonora en Equipo. HERMOSILLO. Rescatamos espacios p\u00fablicos que estaban abandonados: Celida L\u00f3pez\u00a0 Municipios\" \/>\n<meta property=\"og:description\" content=\"La Alcaldesa de Hermosillo y el equipo de Servicios P\u00fablicos Municipales realizaron una limpieza de gran impacto en lo que alguna vez fue Plaza Sur &nbsp; En Sonora en Equipo publicamos toda la informaci\u00f3n de Sonora, M\u00e9xico y el Mundo de manera oportuna y busca que la libertad de expresi\u00f3n sea real. Visita nuestro medio informativo publicado desde Hermosillo, Sonora. %\" \/>\n<meta property=\"og:url\" content=\"https:\/\/www.sonoraenequipo.com.mx\/hermosillo-rescatamos-espacios-publicos-que-estaban-abandonados-celida-lopez\/\" \/>\n<meta property=\"og:site_name\" content=\"Sonora en Equipo.\" \/>\n<meta property=\"article:publisher\" content=\"https:\/\/www.facebook.com\/SonoraEE\/\" \/>\n<meta property=\"article:author\" content=\"https:\/\/www.facebook.com\/SonoraEE\" \/>\n<meta property=\"article:published_time\" content=\"2021-01-16T01:53:58+00:00\" \/>\n<meta property=\"og:image\" content=\"https:\/\/www.sonoraenequipo.com.mx\/storage\/2021\/01\/RESCATE-ESPACIOS-PUBLICOS.jpg\" \/>\n\t<meta property=\"og:image:width\" content=\"500\" \/>\n\t<meta property=\"og:image:height\" content=\"333\" \/>\n\t<meta property=\"og:image:type\" content=\"image\/jpeg\" \/>\n<meta name=\"author\" content=\"enequipo\" \/>\n<meta name=\"twitter:card\" content=\"summary_large_image\" \/>\n<meta name=\"twitter:creator\" content=\"@sonoraenequipo\" \/>\n<meta name=\"twitter:site\" content=\"@sonoraenequipo\" \/>\n<meta name=\"twitter:label1\" content=\"Escrito por\" \/>\n\t<meta name=\"twitter:data1\" content=\"enequipo\" \/>\n\t<meta name=\"twitter:label2\" content=\"Tiempo de lectura\" \/>\n\t<meta name=\"twitter:data2\" content=\"1 minuto\" \/>\n<script type=\"application\/ld+json\" class=\"yoast-schema-graph\">{\"@context\":\"https:\/\/schema.org\",\"@graph\":[{\"@type\":\"Article\",\"@id\":\"https:\/\/www.sonoraenequipo.com.mx\/hermosillo-rescatamos-espacios-publicos-que-estaban-abandonados-celida-lopez\/#article\",\"isPartOf\":{\"@id\":\"https:\/\/www.sonoraenequipo.com.mx\/hermosillo-rescatamos-espacios-publicos-que-estaban-abandonados-celida-lopez\/\"},\"author\":{\"name\":\"enequipo\",\"@id\":\"https:\/\/www.sonoraenequipo.com.mx\/#\/schema\/person\/50102df0fb23a8fa9e8effad8fa81386\"},\"headline\":\"HERMOSILLO. Rescatamos espacios p\u00fablicos que estaban abandonados: Celida L\u00f3pez\u00a0\",\"datePublished\":\"2021-01-16T01:53:58+00:00\",\"mainEntityOfPage\":{\"@id\":\"https:\/\/www.sonoraenequipo.com.mx\/hermosillo-rescatamos-espacios-publicos-que-estaban-abandonados-celida-lopez\/\"},\"wordCount\":254,\"commentCount\":0,\"publisher\":{\"@id\":\"https:\/\/www.sonoraenequipo.com.mx\/#organization\"},\"image\":{\"@id\":\"https:\/\/www.sonoraenequipo.com.mx\/hermosillo-rescatamos-espacios-publicos-que-estaban-abandonados-celida-lopez\/#primaryimage\"},\"thumbnailUrl\":\"https:\/\/www.sonoraenequipo.com.mx\/storage\/2021\/01\/RESCATE-ESPACIOS-PUBLICOS.jpg\",\"keywords\":[\"hermosillo\",\"rescate\"],\"articleSection\":[\"Municipios\"],\"inLanguage\":\"es\",\"potentialAction\":[{\"@type\":\"CommentAction\",\"name\":\"Comment\",\"target\":[\"https:\/\/www.sonoraenequipo.com.mx\/hermosillo-rescatamos-espacios-publicos-que-estaban-abandonados-celida-lopez\/#respond\"]}]},{\"@type\":\"WebPage\",\"@id\":\"https:\/\/www.sonoraenequipo.com.mx\/hermosillo-rescatamos-espacios-publicos-que-estaban-abandonados-celida-lopez\/\",\"url\":\"https:\/\/www.sonoraenequipo.com.mx\/hermosillo-rescatamos-espacios-publicos-que-estaban-abandonados-celida-lopez\/\",\"name\":\"Sonora en Equipo. HERMOSILLO. Rescatamos espacios p\u00fablicos que estaban abandonados: Celida L\u00f3pez\u00a0 Municipios\",\"isPartOf\":{\"@id\":\"https:\/\/www.sonoraenequipo.com.mx\/#website\"},\"primaryImageOfPage\":{\"@id\":\"https:\/\/www.sonoraenequipo.com.mx\/hermosillo-rescatamos-espacios-publicos-que-estaban-abandonados-celida-lopez\/#primaryimage\"},\"image\":{\"@id\":\"https:\/\/www.sonoraenequipo.com.mx\/hermosillo-rescatamos-espacios-publicos-que-estaban-abandonados-celida-lopez\/#primaryimage\"},\"thumbnailUrl\":\"https:\/\/www.sonoraenequipo.com.mx\/storage\/2021\/01\/RESCATE-ESPACIOS-PUBLICOS.jpg\",\"datePublished\":\"2021-01-16T01:53:58+00:00\",\"description\":\"La Alcaldesa de Hermosillo y el equipo de Servicios P\u00fablicos Municipales realizaron una limpieza de gran impacto en lo que alguna vez fue Plaza Sur &nbsp; En Sonora en Equipo publicamos toda la informaci\u00f3n de Sonora, M\u00e9xico y el Mundo de manera oportuna y busca que la libertad de expresi\u00f3n sea real. Visita nuestro medio informativo publicado desde Hermosillo, Sonora. %\",\"breadcrumb\":{\"@id\":\"https:\/\/www.sonoraenequipo.com.mx\/hermosillo-rescatamos-espacios-publicos-que-estaban-abandonados-celida-lopez\/#breadcrumb\"},\"inLanguage\":\"es\",\"potentialAction\":[{\"@type\":\"ReadAction\",\"target\":[\"https:\/\/www.sonoraenequipo.com.mx\/hermosillo-rescatamos-espacios-publicos-que-estaban-abandonados-celida-lopez\/\"]}]},{\"@type\":\"ImageObject\",\"inLanguage\":\"es\",\"@id\":\"https:\/\/www.sonoraenequipo.com.mx\/hermosillo-rescatamos-espacios-publicos-que-estaban-abandonados-celida-lopez\/#primaryimage\",\"url\":\"https:\/\/www.sonoraenequipo.com.mx\/storage\/2021\/01\/RESCATE-ESPACIOS-PUBLICOS.jpg\",\"contentUrl\":\"https:\/\/www.sonoraenequipo.com.mx\/storage\/2021\/01\/RESCATE-ESPACIOS-PUBLICOS.jpg\",\"width\":500,\"height\":333},{\"@type\":\"BreadcrumbList\",\"@id\":\"https:\/\/www.sonoraenequipo.com.mx\/hermosillo-rescatamos-espacios-publicos-que-estaban-abandonados-celida-lopez\/#breadcrumb\",\"itemListElement\":[{\"@type\":\"ListItem\",\"position\":1,\"name\":\"Portada\",\"item\":\"https:\/\/www.sonoraenequipo.com.mx\/\"},{\"@type\":\"ListItem\",\"position\":2,\"name\":\"HERMOSILLO. Rescatamos espacios p\u00fablicos que estaban abandonados: Celida L\u00f3pez\u00a0\"}]},{\"@type\":\"WebSite\",\"@id\":\"https:\/\/www.sonoraenequipo.com.mx\/#website\",\"url\":\"https:\/\/www.sonoraenequipo.com.mx\/\",\"name\":\"Sonora en Equipo.\",\"description\":\"Diario en l\u00ednea con Noticias desde Hermosillo, Sonora\",\"publisher\":{\"@id\":\"https:\/\/www.sonoraenequipo.com.mx\/#organization\"},\"potentialAction\":[{\"@type\":\"SearchAction\",\"target\":{\"@type\":\"EntryPoint\",\"urlTemplate\":\"https:\/\/www.sonoraenequipo.com.mx\/?s={search_term_string}\"},\"query-input\":{\"@type\":\"PropertyValueSpecification\",\"valueRequired\":true,\"valueName\":\"search_term_string\"}}],\"inLanguage\":\"es\"},{\"@type\":\"Organization\",\"@id\":\"https:\/\/www.sonoraenequipo.com.mx\/#organization\",\"name\":\"Sonoraenequipo.com.mx\",\"url\":\"https:\/\/www.sonoraenequipo.com.mx\/\",\"logo\":{\"@type\":\"ImageObject\",\"inLanguage\":\"es\",\"@id\":\"https:\/\/www.sonoraenequipo.com.mx\/#\/schema\/logo\/image\/\",\"url\":\"https:\/\/www.sonoraenequipo.com.mx\/storage\/2019\/01\/sonoraenequipo_opt.png\",\"contentUrl\":\"https:\/\/www.sonoraenequipo.com.mx\/storage\/2019\/01\/sonoraenequipo_opt.png\",\"width\":375,\"height\":125,\"caption\":\"Sonoraenequipo.com.mx\"},\"image\":{\"@id\":\"https:\/\/www.sonoraenequipo.com.mx\/#\/schema\/logo\/image\/\"},\"sameAs\":[\"https:\/\/www.facebook.com\/SonoraEE\/\",\"https:\/\/x.com\/sonoraenequipo\",\"https:\/\/www.youtube.com\/channel\/UC338nW-lPEYmJQs4ZABQ1SQ\"]},{\"@type\":\"Person\",\"@id\":\"https:\/\/www.sonoraenequipo.com.mx\/#\/schema\/person\/50102df0fb23a8fa9e8effad8fa81386\",\"name\":\"enequipo\",\"image\":{\"@type\":\"ImageObject\",\"inLanguage\":\"es\",\"@id\":\"https:\/\/www.sonoraenequipo.com.mx\/#\/schema\/person\/image\/\",\"url\":\"https:\/\/secure.gravatar.com\/avatar\/049821681b589dabc0bc20695993ccebb09f5b5d4d790cd9251b97faac7c652b?s=96&d=blank&r=g\",\"contentUrl\":\"https:\/\/secure.gravatar.com\/avatar\/049821681b589dabc0bc20695993ccebb09f5b5d4d790cd9251b97faac7c652b?s=96&d=blank&r=g\",\"caption\":\"enequipo\"},\"sameAs\":[\"https:\/\/www.facebook.com\/SonoraEE\"]}]}<\/script>\n ","yoast_head_json":{"title":"Sonora en Equipo. HERMOSILLO. Rescatamos espacios p\u00fablicos que estaban abandonados: Celida L\u00f3pez\u00a0 Municipios","description":"La Alcaldesa de Hermosillo y el equipo de Servicios P\u00fablicos Municipales realizaron una limpieza de gran impacto en lo que alguna vez fue Plaza Sur &nbsp; En Sonora en Equipo publicamos toda la informaci\u00f3n de Sonora, M\u00e9xico y el Mundo de manera oportuna y busca que la libertad de expresi\u00f3n sea real. Visita nuestro medio informativo publicado desde Hermosillo, Sonora. %","robots":{"index":"index","follow":"follow","max-snippet":"max-snippet:-1","max-image-preview":"max-image-preview:large","max-video-preview":"max-video-preview:-1"},"canonical":"https:\/\/www.sonoraenequipo.com.mx\/hermosillo-rescatamos-espacios-publicos-que-estaban-abandonados-celida-lopez\/","og_locale":"es_ES","og_type":"article","og_title":"Sonora en Equipo. HERMOSILLO. Rescatamos espacios p\u00fablicos que estaban abandonados: Celida L\u00f3pez\u00a0 Municipios","og_description":"La Alcaldesa de Hermosillo y el equipo de Servicios P\u00fablicos Municipales realizaron una limpieza de gran impacto en lo que alguna vez fue Plaza Sur &nbsp; En Sonora en Equipo publicamos toda la informaci\u00f3n de Sonora, M\u00e9xico y el Mundo de manera oportuna y busca que la libertad de expresi\u00f3n sea real. Visita nuestro medio informativo publicado desde Hermosillo, Sonora. %","og_url":"https:\/\/www.sonoraenequipo.com.mx\/hermosillo-rescatamos-espacios-publicos-que-estaban-abandonados-celida-lopez\/","og_site_name":"Sonora en Equipo.","article_publisher":"https:\/\/www.facebook.com\/SonoraEE\/","article_author":"https:\/\/www.facebook.com\/SonoraEE","article_published_time":"2021-01-16T01:53:58+00:00","og_image":[{"width":500,"height":333,"url":"https:\/\/www.sonoraenequipo.com.mx\/storage\/2021\/01\/RESCATE-ESPACIOS-PUBLICOS.jpg","type":"image\/jpeg"}],"author":"enequipo","twitter_card":"summary_large_image","twitter_creator":"@sonoraenequipo","twitter_site":"@sonoraenequipo","twitter_misc":{"Escrito por":"enequipo","Tiempo de lectura":"1 minuto"},"schema":{"@context":"https:\/\/schema.org","@graph":[{"@type":"Article","@id":"https:\/\/www.sonoraenequipo.com.mx\/hermosillo-rescatamos-espacios-publicos-que-estaban-abandonados-celida-lopez\/#article","isPartOf":{"@id":"https:\/\/www.sonoraenequipo.com.mx\/hermosillo-rescatamos-espacios-publicos-que-estaban-abandonados-celida-lopez\/"},"author":{"name":"enequipo","@id":"https:\/\/www.sonoraenequipo.com.mx\/#\/schema\/person\/50102df0fb23a8fa9e8effad8fa81386"},"headline":"HERMOSILLO. Rescatamos espacios p\u00fablicos que estaban abandonados: Celida L\u00f3pez\u00a0","datePublished":"2021-01-16T01:53:58+00:00","mainEntityOfPage":{"@id":"https:\/\/www.sonoraenequipo.com.mx\/hermosillo-rescatamos-espacios-publicos-que-estaban-abandonados-celida-lopez\/"},"wordCount":254,"commentCount":0,"publisher":{"@id":"https:\/\/www.sonoraenequipo.com.mx\/#organization"},"image":{"@id":"https:\/\/www.sonoraenequipo.com.mx\/hermosillo-rescatamos-espacios-publicos-que-estaban-abandonados-celida-lopez\/#primaryimage"},"thumbnailUrl":"https:\/\/www.sonoraenequipo.com.mx\/storage\/2021\/01\/RESCATE-ESPACIOS-PUBLICOS.jpg","keywords":["hermosillo","rescate"],"articleSection":["Municipios"],"inLanguage":"es","potentialAction":[{"@type":"CommentAction","name":"Comment","target":["https:\/\/www.sonoraenequipo.com.mx\/hermosillo-rescatamos-espacios-publicos-que-estaban-abandonados-celida-lopez\/#respond"]}]},{"@type":"WebPage","@id":"https:\/\/www.sonoraenequipo.com.mx\/hermosillo-rescatamos-espacios-publicos-que-estaban-abandonados-celida-lopez\/","url":"https:\/\/www.sonoraenequipo.com.mx\/hermosillo-rescatamos-espacios-publicos-que-estaban-abandonados-celida-lopez\/","name":"Sonora en Equipo. HERMOSILLO. Rescatamos espacios p\u00fablicos que estaban abandonados: Celida L\u00f3pez\u00a0 Municipios","isPartOf":{"@id":"https:\/\/www.sonoraenequipo.com.mx\/#website"},"primaryImageOfPage":{"@id":"https:\/\/www.sonoraenequipo.com.mx\/hermosillo-rescatamos-espacios-publicos-que-estaban-abandonados-celida-lopez\/#primaryimage"},"image":{"@id":"https:\/\/www.sonoraenequipo.com.mx\/hermosillo-rescatamos-espacios-publicos-que-estaban-abandonados-celida-lopez\/#primaryimage"},"thumbnailUrl":"https:\/\/www.sonoraenequipo.com.mx\/storage\/2021\/01\/RESCATE-ESPACIOS-PUBLICOS.jpg","datePublished":"2021-01-16T01:53:58+00:00","description":"La Alcaldesa de Hermosillo y el equipo de Servicios P\u00fablicos Municipales realizaron una limpieza de gran impacto en lo que alguna vez fue Plaza Sur &nbsp; En Sonora en Equipo publicamos toda la informaci\u00f3n de Sonora, M\u00e9xico y el Mundo de manera oportuna y busca que la libertad de expresi\u00f3n sea real. Visita nuestro medio informativo publicado desde Hermosillo, Sonora. %","breadcrumb":{"@id":"https:\/\/www.sonoraenequipo.com.mx\/hermosillo-rescatamos-espacios-publicos-que-estaban-abandonados-celida-lopez\/#breadcrumb"},"inLanguage":"es","potentialAction":[{"@type":"ReadAction","target":["https:\/\/www.sonoraenequipo.com.mx\/hermosillo-rescatamos-espacios-publicos-que-estaban-abandonados-celida-lopez\/"]}]},{"@type":"ImageObject","inLanguage":"es","@id":"https:\/\/www.sonoraenequipo.com.mx\/hermosillo-rescatamos-espacios-publicos-que-estaban-abandonados-celida-lopez\/#primaryimage","url":"https:\/\/www.sonoraenequipo.com.mx\/storage\/2021\/01\/RESCATE-ESPACIOS-PUBLICOS.jpg","contentUrl":"https:\/\/www.sonoraenequipo.com.mx\/storage\/2021\/01\/RESCATE-ESPACIOS-PUBLICOS.jpg","width":500,"height":333},{"@type":"BreadcrumbList","@id":"https:\/\/www.sonoraenequipo.com.mx\/hermosillo-rescatamos-espacios-publicos-que-estaban-abandonados-celida-lopez\/#breadcrumb","itemListElement":[{"@type":"ListItem","position":1,"name":"Portada","item":"https:\/\/www.sonoraenequipo.com.mx\/"},{"@type":"ListItem","position":2,"name":"HERMOSILLO. Rescatamos espacios p\u00fablicos que estaban abandonados: Celida L\u00f3pez\u00a0"}]},{"@type":"WebSite","@id":"https:\/\/www.sonoraenequipo.com.mx\/#website","url":"https:\/\/www.sonoraenequipo.com.mx\/","name":"Sonora en Equipo.","description":"Diario en l\u00ednea con Noticias desde Hermosillo, Sonora","publisher":{"@id":"https:\/\/www.sonoraenequipo.com.mx\/#organization"},"potentialAction":[{"@type":"SearchAction","target":{"@type":"EntryPoint","urlTemplate":"https:\/\/www.sonoraenequipo.com.mx\/?s={search_term_string}"},"query-input":{"@type":"PropertyValueSpecification","valueRequired":true,"valueName":"search_term_string"}}],"inLanguage":"es"},{"@type":"Organization","@id":"https:\/\/www.sonoraenequipo.com.mx\/#organization","name":"Sonoraenequipo.com.mx","url":"https:\/\/www.sonoraenequipo.com.mx\/","logo":{"@type":"ImageObject","inLanguage":"es","@id":"https:\/\/www.sonoraenequipo.com.mx\/#\/schema\/logo\/image\/","url":"https:\/\/www.sonoraenequipo.com.mx\/storage\/2019\/01\/sonoraenequipo_opt.png","contentUrl":"https:\/\/www.sonoraenequipo.com.mx\/storage\/2019\/01\/sonoraenequipo_opt.png","width":375,"height":125,"caption":"Sonoraenequipo.com.mx"},"image":{"@id":"https:\/\/www.sonoraenequipo.com.mx\/#\/schema\/logo\/image\/"},"sameAs":["https:\/\/www.facebook.com\/SonoraEE\/","https:\/\/x.com\/sonoraenequipo","https:\/\/www.youtube.com\/channel\/UC338nW-lPEYmJQs4ZABQ1SQ"]},{"@type":"Person","@id":"https:\/\/www.sonoraenequipo.com.mx\/#\/schema\/person\/50102df0fb23a8fa9e8effad8fa81386","name":"enequipo","image":{"@type":"ImageObject","inLanguage":"es","@id":"https:\/\/www.sonoraenequipo.com.mx\/#\/schema\/person\/image\/","url":"https:\/\/secure.gravatar.com\/avatar\/049821681b589dabc0bc20695993ccebb09f5b5d4d790cd9251b97faac7c652b?s=96&d=blank&r=g","contentUrl":"https:\/\/secure.gravatar.com\/avatar\/049821681b589dabc0bc20695993ccebb09f5b5d4d790cd9251b97faac7c652b?s=96&d=blank&r=g","caption":"enequipo"},"sameAs":["https:\/\/www.facebook.com\/SonoraEE"]}]}},"jetpack_featured_media_url":"https:\/\/www.sonoraenequipo.com.mx\/storage\/2021\/01\/RESCATE-ESPACIOS-PUBLICOS.jpg","_links":{"self":[{"href":"https:\/\/www.sonoraenequipo.com.mx\/api\/wp\/v2\/posts\/104719","targetHints":{"allow":["GET"]}}],"collection":[{"href":"https:\/\/www.sonoraenequipo.com.mx\/api\/wp\/v2\/posts"}],"about":[{"href":"https:\/\/www.sonoraenequipo.com.mx\/api\/wp\/v2\/types\/post"}],"author":[{"embeddable":true,"href":"https:\/\/www.sonoraenequipo.com.mx\/api\/wp\/v2\/users\/1"}],"replies":[{"embeddable":true,"href":"https:\/\/www.sonoraenequipo.com.mx\/api\/wp\/v2\/comments?post=104719"}],"version-history":[{"count":1,"href":"https:\/\/www.sonoraenequipo.com.mx\/api\/wp\/v2\/posts\/104719\/revisions"}],"predecessor-version":[{"id":104721,"href":"https:\/\/www.sonoraenequipo.com.mx\/api\/wp\/v2\/posts\/104719\/revisions\/104721"}],"wp:featuredmedia":[{"embeddable":true,"href":"https:\/\/www.sonoraenequipo.com.mx\/api\/wp\/v2\/media\/104720"}],"wp:attachment":[{"href":"https:\/\/www.sonoraenequipo.com.mx\/api\/wp\/v2\/media?parent=104719"}],"wp:term":[{"taxonomy":"category","embeddable":true,"href":"https:\/\/www.sonoraenequipo.com.mx\/api\/wp\/v2\/categories?post=104719"},{"taxonomy":"post_tag","embeddable":true,"href":"https:\/\/www.sonoraenequipo.com.mx\/api\/wp\/v2\/tags?post=104719"}],"curies":[{"name":"wp","href":"https:\/\/api.w.org\/{rel}","templated":true}]}}