{"id":104722,"date":"2021-01-15T19:07:14","date_gmt":"2021-01-16T02:07:14","guid":{"rendered":"https:\/\/www.sonoraenequipo.com.mx\/?p=104722"},"modified":"2021-01-15T19:07:14","modified_gmt":"2021-01-16T02:07:14","slug":"la-nra-se-muda-a-texas","status":"publish","type":"post","link":"https:\/\/www.sonoraenequipo.com.mx\/la-nra-se-muda-a-texas\/","title":{"rendered":"La NRA se muda a Texas"},"content":{"rendered":"<p>La Asociaci\u00f3n Nacional del Rifle se est\u00e1 mudando a Texas y se est\u00e1 reestructurando como una organizaci\u00f3n sin fines de lucro despu\u00e9s de declararse en bancarrota en Nueva York debido a problemas legales con las autoridades de ese estado.<\/p>\n<p>&nbsp;<\/p>\n<p> <\/p>\n<p>&nbsp;<\/p>\n<p>La medida es en respuesta a un \u201centorno pol\u00edtico y regulatorio corrupto en Nueva York\u201d, dijo la compa\u00f1\u00eda en un comunicado de prensa el viernes. La procuradora general de Nueva York, Letitia James, demand\u00f3 a la organizaci\u00f3n en agosto, presionando para disolverla por malgastar bienes.<\/p>\n<p>&nbsp;<\/p>\n<p>El vicepresidente de la organizaci\u00f3n, Wayne LaPierre, dijo que la NRA no cerrar\u00e1 y que ha presentado peticiones voluntarias del cap\u00edtulo 11 (bancarrota) en la Corte de Quiebras de los Estados Unidos para el Distrito de Norte de Texas, Divisi\u00f3n de Dallas, en una carta a los miembros y simpatizantes.<\/p>\n<p><em>\u201cTexas valora las contribuciones de la NRA, celebra a nuestros miembros respetuosos de la ley y se une a nosotros como socio en la defensa de la libertad constitucional\u201d,<\/em> dijo LaPierre.<\/p>\n<p>Westlake hab\u00eda buscado previamente que la organizaci\u00f3n de derechos de portaci\u00f3n de armas le comprara una mansi\u00f3n de $6 millones en los suburbios de Dallas.<\/p>\n<p>El presidente Donald Trump hab\u00eda alentado previamente a la NRA a mudarse a Texas.<\/p>\n<p><em>\u201cLa NRA deber\u00eda mudarse a Texas y llevar una vida muy buena y hermosa\u201d<\/em>, dijo Trump en la Casa Blanca tras la noticia de la investigaci\u00f3n del fiscal general de Nueva York.<em> \u201cTexas ser\u00eda un gran sitio y un lugar apropiado para la NRA\u201c.<\/em><\/p>\n<p>&nbsp;<\/p>\n<p>El gobernador de Texas, Greg Abbott, dio la bienvenida con brazos abiertos a la organizaci\u00f3n defensora de derechos de portaci\u00f3n de armas de fuego.<\/p>\n<p>&nbsp;<\/p>\n<p>&nbsp;<\/p>\n<p><em>\u201cBienvenido a Texas, un estado que protege la 2da Enmienda\u201d,<\/em> dijo en un tuit.<\/p>\n<p><a class=\"twitter-timeline\" data-width=\"640\" data-height=\"960\" data-dnt=\"true\" href=\"https:\/\/twitter.com\/GregAbbott_TX?ref_src=twsrc%5Etfw\">Tweets by GregAbbott_TX<\/a><script async src=\"https:\/\/platform.twitter.com\/widgets.js\" charset=\"utf-8\"><\/script><\/p>\n<p>&nbsp;<\/p>\n<p>La organizaci\u00f3n mantendr\u00e1 su sede por ahora en Fairfax, Virginia, mientras busca el lugar ideal en Texas. Ha establecido un comit\u00e9 para conseguir reubicar algunas operaciones comerciales de la NRA en Texas, seg\u00fan el comunicado de prensa.<\/p>\n<p>&nbsp;<\/p>\n<p>La representante estatal Veronica Escobar, de El Paso, quien experiment\u00f3 el peor tiroteo masivo de hispanos en la historia reciente de Estados Unidos hace poco m\u00e1s de un a\u00f1o, se apresur\u00f3 a criticar la bienvenida de Abbott a la organizaci\u00f3n.<\/p>\n<p>&nbsp;<\/p>\n<p><em>\u201cM\u00e1s de cien estadounidenses son asesinados a tiros todos los d\u00edas y el doble de ellos han resultado heridos por la violencia con armas de fuego\u201d,<\/em> dijo Escobar en un tuit. <em>\u201cPero en lugar de tomar acciones significativas para reducir la violencia armada en Texas y honrar a las v\u00edctimas <\/em><em>de El Paso, Greg Abbott est\u00e1 cortejando a la @NRA\u201d.<\/em><\/p>\n<p><a class=\"twitter-timeline\" data-width=\"640\" data-height=\"960\" data-dnt=\"true\" href=\"https:\/\/twitter.com\/RepEscobar?ref_src=twsrc%5Etfw\">Tweets by RepEscobar<\/a><script async src=\"https:\/\/platform.twitter.com\/widgets.js\" charset=\"utf-8\"><\/script><\/p>\n<p>&nbsp;<\/p>\n<p>&nbsp;<\/p>\n<p>(Publicada el 15\/01\/2021 \/Elizabeth Thompson\/DMN)<\/p>\n","protected":false},"excerpt":{"rendered":"<p>La Asociaci\u00f3n Nacional del Rifle se est\u00e1 mudando a Texas y se est\u00e1 reestructurando como&#8230;<\/p>\n","protected":false},"author":1,"featured_media":104682,"comment_status":"open","ping_status":"open","sticky":false,"template":"","format":"standard","meta":{"_monsterinsights_skip_tracking":false,"_monsterinsights_sitenote_active":false,"_monsterinsights_sitenote_note":"","_monsterinsights_sitenote_category":0,"footnotes":""},"categories":[3],"tags":[],"class_list":["post"],"yoast_head":" \n<title>Sonora en Equipo. La NRA se muda a Texas MUNDO<\/title>\n<meta name=\"description\" content=\"La Asociaci\u00f3n Nacional del Rifle se est\u00e1 mudando a Texas y se est\u00e1 reestructurando como una organizaci\u00f3n sin fines de lucro despu\u00e9s de declararse en En Sonora en Equipo publicamos toda la informaci\u00f3n de Sonora, M\u00e9xico y el Mundo de manera oportuna y busca que la libertad de expresi\u00f3n sea real. Visita nuestro medio informativo publicado desde Hermosillo, Sonora. %\" \/>\n<meta name=\"robots\" content=\"index, follow, max-snippet:-1, max-image-preview:large, max-video-preview:-1\" \/>\n<link rel=\"canonical\" href=\"https:\/\/www.sonoraenequipo.com.mx\/la-nra-se-muda-a-texas\/\" \/>\n<meta property=\"og:locale\" content=\"es_ES\" \/>\n<meta property=\"og:type\" content=\"article\" \/>\n<meta property=\"og:title\" content=\"Sonora en Equipo. La NRA se muda a Texas MUNDO\" \/>\n<meta property=\"og:description\" content=\"La Asociaci\u00f3n Nacional del Rifle se est\u00e1 mudando a Texas y se est\u00e1 reestructurando como una organizaci\u00f3n sin fines de lucro despu\u00e9s de declararse en En Sonora en Equipo publicamos toda la informaci\u00f3n de Sonora, M\u00e9xico y el Mundo de manera oportuna y busca que la libertad de expresi\u00f3n sea real. Visita nuestro medio informativo publicado desde Hermosillo, Sonora. %\" \/>\n<meta property=\"og:url\" content=\"https:\/\/www.sonoraenequipo.com.mx\/la-nra-se-muda-a-texas\/\" \/>\n<meta property=\"og:site_name\" content=\"Sonora en Equipo.\" \/>\n<meta property=\"article:publisher\" content=\"https:\/\/www.facebook.com\/SonoraEE\/\" \/>\n<meta property=\"article:author\" content=\"https:\/\/www.facebook.com\/SonoraEE\" \/>\n<meta property=\"article:published_time\" content=\"2021-01-16T02:07:14+00:00\" \/>\n<meta property=\"og:image\" content=\"https:\/\/www.sonoraenequipo.com.mx\/storage\/2021\/01\/National-Rifle-Association_opt2.jpg\" \/>\n\t<meta property=\"og:image:width\" content=\"586\" \/>\n\t<meta property=\"og:image:height\" content=\"400\" \/>\n\t<meta property=\"og:image:type\" content=\"image\/jpeg\" \/>\n<meta name=\"author\" content=\"enequipo\" \/>\n<meta name=\"twitter:card\" content=\"summary_large_image\" \/>\n<meta name=\"twitter:creator\" content=\"@sonoraenequipo\" \/>\n<meta name=\"twitter:site\" content=\"@sonoraenequipo\" \/>\n<meta name=\"twitter:label1\" content=\"Escrito por\" \/>\n\t<meta name=\"twitter:data1\" content=\"enequipo\" \/>\n\t<meta name=\"twitter:label2\" content=\"Tiempo de lectura\" \/>\n\t<meta name=\"twitter:data2\" content=\"2 minutos\" \/>\n<script type=\"application\/ld+json\" class=\"yoast-schema-graph\">{\"@context\":\"https:\/\/schema.org\",\"@graph\":[{\"@type\":\"Article\",\"@id\":\"https:\/\/www.sonoraenequipo.com.mx\/la-nra-se-muda-a-texas\/#article\",\"isPartOf\":{\"@id\":\"https:\/\/www.sonoraenequipo.com.mx\/la-nra-se-muda-a-texas\/\"},\"author\":{\"name\":\"enequipo\",\"@id\":\"https:\/\/www.sonoraenequipo.com.mx\/#\/schema\/person\/50102df0fb23a8fa9e8effad8fa81386\"},\"headline\":\"La NRA se muda a Texas\",\"datePublished\":\"2021-01-16T02:07:14+00:00\",\"mainEntityOfPage\":{\"@id\":\"https:\/\/www.sonoraenequipo.com.mx\/la-nra-se-muda-a-texas\/\"},\"wordCount\":479,\"commentCount\":0,\"publisher\":{\"@id\":\"https:\/\/www.sonoraenequipo.com.mx\/#organization\"},\"image\":{\"@id\":\"https:\/\/www.sonoraenequipo.com.mx\/la-nra-se-muda-a-texas\/#primaryimage\"},\"thumbnailUrl\":\"https:\/\/www.sonoraenequipo.com.mx\/storage\/2021\/01\/National-Rifle-Association_opt2.jpg\",\"articleSection\":[\"MUNDO\"],\"inLanguage\":\"es\",\"potentialAction\":[{\"@type\":\"CommentAction\",\"name\":\"Comment\",\"target\":[\"https:\/\/www.sonoraenequipo.com.mx\/la-nra-se-muda-a-texas\/#respond\"]}]},{\"@type\":\"WebPage\",\"@id\":\"https:\/\/www.sonoraenequipo.com.mx\/la-nra-se-muda-a-texas\/\",\"url\":\"https:\/\/www.sonoraenequipo.com.mx\/la-nra-se-muda-a-texas\/\",\"name\":\"Sonora en Equipo. La NRA se muda a Texas MUNDO\",\"isPartOf\":{\"@id\":\"https:\/\/www.sonoraenequipo.com.mx\/#website\"},\"primaryImageOfPage\":{\"@id\":\"https:\/\/www.sonoraenequipo.com.mx\/la-nra-se-muda-a-texas\/#primaryimage\"},\"image\":{\"@id\":\"https:\/\/www.sonoraenequipo.com.mx\/la-nra-se-muda-a-texas\/#primaryimage\"},\"thumbnailUrl\":\"https:\/\/www.sonoraenequipo.com.mx\/storage\/2021\/01\/National-Rifle-Association_opt2.jpg\",\"datePublished\":\"2021-01-16T02:07:14+00:00\",\"description\":\"La Asociaci\u00f3n Nacional del Rifle se est\u00e1 mudando a Texas y se est\u00e1 reestructurando como una organizaci\u00f3n sin fines de lucro despu\u00e9s de declararse en En Sonora en Equipo publicamos toda la informaci\u00f3n de Sonora, M\u00e9xico y el Mundo de manera oportuna y busca que la libertad de expresi\u00f3n sea real. Visita nuestro medio informativo publicado desde Hermosillo, Sonora. %\",\"breadcrumb\":{\"@id\":\"https:\/\/www.sonoraenequipo.com.mx\/la-nra-se-muda-a-texas\/#breadcrumb\"},\"inLanguage\":\"es\",\"potentialAction\":[{\"@type\":\"ReadAction\",\"target\":[\"https:\/\/www.sonoraenequipo.com.mx\/la-nra-se-muda-a-texas\/\"]}]},{\"@type\":\"ImageObject\",\"inLanguage\":\"es\",\"@id\":\"https:\/\/www.sonoraenequipo.com.mx\/la-nra-se-muda-a-texas\/#primaryimage\",\"url\":\"https:\/\/www.sonoraenequipo.com.mx\/storage\/2021\/01\/National-Rifle-Association_opt2.jpg\",\"contentUrl\":\"https:\/\/www.sonoraenequipo.com.mx\/storage\/2021\/01\/National-Rifle-Association_opt2.jpg\",\"width\":586,\"height\":400},{\"@type\":\"BreadcrumbList\",\"@id\":\"https:\/\/www.sonoraenequipo.com.mx\/la-nra-se-muda-a-texas\/#breadcrumb\",\"itemListElement\":[{\"@type\":\"ListItem\",\"position\":1,\"name\":\"Portada\",\"item\":\"https:\/\/www.sonoraenequipo.com.mx\/\"},{\"@type\":\"ListItem\",\"position\":2,\"name\":\"La NRA se muda a Texas\"}]},{\"@type\":\"WebSite\",\"@id\":\"https:\/\/www.sonoraenequipo.com.mx\/#website\",\"url\":\"https:\/\/www.sonoraenequipo.com.mx\/\",\"name\":\"Sonora en Equipo.\",\"description\":\"Diario en l\u00ednea con Noticias desde Hermosillo, Sonora\",\"publisher\":{\"@id\":\"https:\/\/www.sonoraenequipo.com.mx\/#organization\"},\"potentialAction\":[{\"@type\":\"SearchAction\",\"target\":{\"@type\":\"EntryPoint\",\"urlTemplate\":\"https:\/\/www.sonoraenequipo.com.mx\/?s={search_term_string}\"},\"query-input\":{\"@type\":\"PropertyValueSpecification\",\"valueRequired\":true,\"valueName\":\"search_term_string\"}}],\"inLanguage\":\"es\"},{\"@type\":\"Organization\",\"@id\":\"https:\/\/www.sonoraenequipo.com.mx\/#organization\",\"name\":\"Sonoraenequipo.com.mx\",\"url\":\"https:\/\/www.sonoraenequipo.com.mx\/\",\"logo\":{\"@type\":\"ImageObject\",\"inLanguage\":\"es\",\"@id\":\"https:\/\/www.sonoraenequipo.com.mx\/#\/schema\/logo\/image\/\",\"url\":\"https:\/\/www.sonoraenequipo.com.mx\/storage\/2019\/01\/sonoraenequipo_opt.png\",\"contentUrl\":\"https:\/\/www.sonoraenequipo.com.mx\/storage\/2019\/01\/sonoraenequipo_opt.png\",\"width\":375,\"height\":125,\"caption\":\"Sonoraenequipo.com.mx\"},\"image\":{\"@id\":\"https:\/\/www.sonoraenequipo.com.mx\/#\/schema\/logo\/image\/\"},\"sameAs\":[\"https:\/\/www.facebook.com\/SonoraEE\/\",\"https:\/\/x.com\/sonoraenequipo\",\"https:\/\/www.youtube.com\/channel\/UC338nW-lPEYmJQs4ZABQ1SQ\"]},{\"@type\":\"Person\",\"@id\":\"https:\/\/www.sonoraenequipo.com.mx\/#\/schema\/person\/50102df0fb23a8fa9e8effad8fa81386\",\"name\":\"enequipo\",\"image\":{\"@type\":\"ImageObject\",\"inLanguage\":\"es\",\"@id\":\"https:\/\/www.sonoraenequipo.com.mx\/#\/schema\/person\/image\/\",\"url\":\"https:\/\/secure.gravatar.com\/avatar\/049821681b589dabc0bc20695993ccebb09f5b5d4d790cd9251b97faac7c652b?s=96&d=blank&r=g\",\"contentUrl\":\"https:\/\/secure.gravatar.com\/avatar\/049821681b589dabc0bc20695993ccebb09f5b5d4d790cd9251b97faac7c652b?s=96&d=blank&r=g\",\"caption\":\"enequipo\"},\"sameAs\":[\"https:\/\/www.facebook.com\/SonoraEE\"]}]}<\/script>\n ","yoast_head_json":{"title":"Sonora en Equipo. La NRA se muda a Texas MUNDO","description":"La Asociaci\u00f3n Nacional del Rifle se est\u00e1 mudando a Texas y se est\u00e1 reestructurando como una organizaci\u00f3n sin fines de lucro despu\u00e9s de declararse en En Sonora en Equipo publicamos toda la informaci\u00f3n de Sonora, M\u00e9xico y el Mundo de manera oportuna y busca que la libertad de expresi\u00f3n sea real. Visita nuestro medio informativo publicado desde Hermosillo, Sonora. %","robots":{"index":"index","follow":"follow","max-snippet":"max-snippet:-1","max-image-preview":"max-image-preview:large","max-video-preview":"max-video-preview:-1"},"canonical":"https:\/\/www.sonoraenequipo.com.mx\/la-nra-se-muda-a-texas\/","og_locale":"es_ES","og_type":"article","og_title":"Sonora en Equipo. La NRA se muda a Texas MUNDO","og_description":"La Asociaci\u00f3n Nacional del Rifle se est\u00e1 mudando a Texas y se est\u00e1 reestructurando como una organizaci\u00f3n sin fines de lucro despu\u00e9s de declararse en En Sonora en Equipo publicamos toda la informaci\u00f3n de Sonora, M\u00e9xico y el Mundo de manera oportuna y busca que la libertad de expresi\u00f3n sea real. Visita nuestro medio informativo publicado desde Hermosillo, Sonora. %","og_url":"https:\/\/www.sonoraenequipo.com.mx\/la-nra-se-muda-a-texas\/","og_site_name":"Sonora en Equipo.","article_publisher":"https:\/\/www.facebook.com\/SonoraEE\/","article_author":"https:\/\/www.facebook.com\/SonoraEE","article_published_time":"2021-01-16T02:07:14+00:00","og_image":[{"width":586,"height":400,"url":"https:\/\/www.sonoraenequipo.com.mx\/storage\/2021\/01\/National-Rifle-Association_opt2.jpg","type":"image\/jpeg"}],"author":"enequipo","twitter_card":"summary_large_image","twitter_creator":"@sonoraenequipo","twitter_site":"@sonoraenequipo","twitter_misc":{"Escrito por":"enequipo","Tiempo de lectura":"2 minutos"},"schema":{"@context":"https:\/\/schema.org","@graph":[{"@type":"Article","@id":"https:\/\/www.sonoraenequipo.com.mx\/la-nra-se-muda-a-texas\/#article","isPartOf":{"@id":"https:\/\/www.sonoraenequipo.com.mx\/la-nra-se-muda-a-texas\/"},"author":{"name":"enequipo","@id":"https:\/\/www.sonoraenequipo.com.mx\/#\/schema\/person\/50102df0fb23a8fa9e8effad8fa81386"},"headline":"La NRA se muda a Texas","datePublished":"2021-01-16T02:07:14+00:00","mainEntityOfPage":{"@id":"https:\/\/www.sonoraenequipo.com.mx\/la-nra-se-muda-a-texas\/"},"wordCount":479,"commentCount":0,"publisher":{"@id":"https:\/\/www.sonoraenequipo.com.mx\/#organization"},"image":{"@id":"https:\/\/www.sonoraenequipo.com.mx\/la-nra-se-muda-a-texas\/#primaryimage"},"thumbnailUrl":"https:\/\/www.sonoraenequipo.com.mx\/storage\/2021\/01\/National-Rifle-Association_opt2.jpg","articleSection":["MUNDO"],"inLanguage":"es","potentialAction":[{"@type":"CommentAction","name":"Comment","target":["https:\/\/www.sonoraenequipo.com.mx\/la-nra-se-muda-a-texas\/#respond"]}]},{"@type":"WebPage","@id":"https:\/\/www.sonoraenequipo.com.mx\/la-nra-se-muda-a-texas\/","url":"https:\/\/www.sonoraenequipo.com.mx\/la-nra-se-muda-a-texas\/","name":"Sonora en Equipo. La NRA se muda a Texas MUNDO","isPartOf":{"@id":"https:\/\/www.sonoraenequipo.com.mx\/#website"},"primaryImageOfPage":{"@id":"https:\/\/www.sonoraenequipo.com.mx\/la-nra-se-muda-a-texas\/#primaryimage"},"image":{"@id":"https:\/\/www.sonoraenequipo.com.mx\/la-nra-se-muda-a-texas\/#primaryimage"},"thumbnailUrl":"https:\/\/www.sonoraenequipo.com.mx\/storage\/2021\/01\/National-Rifle-Association_opt2.jpg","datePublished":"2021-01-16T02:07:14+00:00","description":"La Asociaci\u00f3n Nacional del Rifle se est\u00e1 mudando a Texas y se est\u00e1 reestructurando como una organizaci\u00f3n sin fines de lucro despu\u00e9s de declararse en En Sonora en Equipo publicamos toda la informaci\u00f3n de Sonora, M\u00e9xico y el Mundo de manera oportuna y busca que la libertad de expresi\u00f3n sea real. Visita nuestro medio informativo publicado desde Hermosillo, Sonora. %","breadcrumb":{"@id":"https:\/\/www.sonoraenequipo.com.mx\/la-nra-se-muda-a-texas\/#breadcrumb"},"inLanguage":"es","potentialAction":[{"@type":"ReadAction","target":["https:\/\/www.sonoraenequipo.com.mx\/la-nra-se-muda-a-texas\/"]}]},{"@type":"ImageObject","inLanguage":"es","@id":"https:\/\/www.sonoraenequipo.com.mx\/la-nra-se-muda-a-texas\/#primaryimage","url":"https:\/\/www.sonoraenequipo.com.mx\/storage\/2021\/01\/National-Rifle-Association_opt2.jpg","contentUrl":"https:\/\/www.sonoraenequipo.com.mx\/storage\/2021\/01\/National-Rifle-Association_opt2.jpg","width":586,"height":400},{"@type":"BreadcrumbList","@id":"https:\/\/www.sonoraenequipo.com.mx\/la-nra-se-muda-a-texas\/#breadcrumb","itemListElement":[{"@type":"ListItem","position":1,"name":"Portada","item":"https:\/\/www.sonoraenequipo.com.mx\/"},{"@type":"ListItem","position":2,"name":"La NRA se muda a Texas"}]},{"@type":"WebSite","@id":"https:\/\/www.sonoraenequipo.com.mx\/#website","url":"https:\/\/www.sonoraenequipo.com.mx\/","name":"Sonora en Equipo.","description":"Diario en l\u00ednea con Noticias desde Hermosillo, Sonora","publisher":{"@id":"https:\/\/www.sonoraenequipo.com.mx\/#organization"},"potentialAction":[{"@type":"SearchAction","target":{"@type":"EntryPoint","urlTemplate":"https:\/\/www.sonoraenequipo.com.mx\/?s={search_term_string}"},"query-input":{"@type":"PropertyValueSpecification","valueRequired":true,"valueName":"search_term_string"}}],"inLanguage":"es"},{"@type":"Organization","@id":"https:\/\/www.sonoraenequipo.com.mx\/#organization","name":"Sonoraenequipo.com.mx","url":"https:\/\/www.sonoraenequipo.com.mx\/","logo":{"@type":"ImageObject","inLanguage":"es","@id":"https:\/\/www.sonoraenequipo.com.mx\/#\/schema\/logo\/image\/","url":"https:\/\/www.sonoraenequipo.com.mx\/storage\/2019\/01\/sonoraenequipo_opt.png","contentUrl":"https:\/\/www.sonoraenequipo.com.mx\/storage\/2019\/01\/sonoraenequipo_opt.png","width":375,"height":125,"caption":"Sonoraenequipo.com.mx"},"image":{"@id":"https:\/\/www.sonoraenequipo.com.mx\/#\/schema\/logo\/image\/"},"sameAs":["https:\/\/www.facebook.com\/SonoraEE\/","https:\/\/x.com\/sonoraenequipo","https:\/\/www.youtube.com\/channel\/UC338nW-lPEYmJQs4ZABQ1SQ"]},{"@type":"Person","@id":"https:\/\/www.sonoraenequipo.com.mx\/#\/schema\/person\/50102df0fb23a8fa9e8effad8fa81386","name":"enequipo","image":{"@type":"ImageObject","inLanguage":"es","@id":"https:\/\/www.sonoraenequipo.com.mx\/#\/schema\/person\/image\/","url":"https:\/\/secure.gravatar.com\/avatar\/049821681b589dabc0bc20695993ccebb09f5b5d4d790cd9251b97faac7c652b?s=96&d=blank&r=g","contentUrl":"https:\/\/secure.gravatar.com\/avatar\/049821681b589dabc0bc20695993ccebb09f5b5d4d790cd9251b97faac7c652b?s=96&d=blank&r=g","caption":"enequipo"},"sameAs":["https:\/\/www.facebook.com\/SonoraEE"]}]}},"jetpack_featured_media_url":"https:\/\/www.sonoraenequipo.com.mx\/storage\/2021\/01\/National-Rifle-Association_opt2.jpg","_links":{"self":[{"href":"https:\/\/www.sonoraenequipo.com.mx\/api\/wp\/v2\/posts\/104722","targetHints":{"allow":["GET"]}}],"collection":[{"href":"https:\/\/www.sonoraenequipo.com.mx\/api\/wp\/v2\/posts"}],"about":[{"href":"https:\/\/www.sonoraenequipo.com.mx\/api\/wp\/v2\/types\/post"}],"author":[{"embeddable":true,"href":"https:\/\/www.sonoraenequipo.com.mx\/api\/wp\/v2\/users\/1"}],"replies":[{"embeddable":true,"href":"https:\/\/www.sonoraenequipo.com.mx\/api\/wp\/v2\/comments?post=104722"}],"version-history":[{"count":1,"href":"https:\/\/www.sonoraenequipo.com.mx\/api\/wp\/v2\/posts\/104722\/revisions"}],"predecessor-version":[{"id":104725,"href":"https:\/\/www.sonoraenequipo.com.mx\/api\/wp\/v2\/posts\/104722\/revisions\/104725"}],"wp:featuredmedia":[{"embeddable":true,"href":"https:\/\/www.sonoraenequipo.com.mx\/api\/wp\/v2\/media\/104682"}],"wp:attachment":[{"href":"https:\/\/www.sonoraenequipo.com.mx\/api\/wp\/v2\/media?parent=104722"}],"wp:term":[{"taxonomy":"category","embeddable":true,"href":"https:\/\/www.sonoraenequipo.com.mx\/api\/wp\/v2\/categories?post=104722"},{"taxonomy":"post_tag","embeddable":true,"href":"https:\/\/www.sonoraenequipo.com.mx\/api\/wp\/v2\/tags?post=104722"}],"curies":[{"name":"wp","href":"https:\/\/api.w.org\/{rel}","templated":true}]}}