{"id":104727,"date":"2021-01-15T20:40:57","date_gmt":"2021-01-16T03:40:57","guid":{"rendered":"https:\/\/www.sonoraenequipo.com.mx\/?p=104727"},"modified":"2021-01-15T20:40:57","modified_gmt":"2021-01-16T03:40:57","slug":"dan-de-alta-a-fernanda-castillo-tras-haber-sido-internada-de-urgencia","status":"publish","type":"post","link":"https:\/\/www.sonoraenequipo.com.mx\/dan-de-alta-a-fernanda-castillo-tras-haber-sido-internada-de-urgencia\/","title":{"rendered":"Dan de alta a Fernanda Castillo tras haber sido internada de urgencia"},"content":{"rendered":"<p>Dan de alta a Fernanda Castillo tras haber sido internada de urgencia<\/p>\n<p>&nbsp;<\/p>\n<p>&nbsp;<\/p>\n<p>HERMOSILLO, SONORA,MX.\u2500\u2500 La actriz sonorenseFernanda Castillo, quien protagoniza la serie Monarca de Netflix, fue hospitalizada de emergencia el pasado lunes,\u00a0 como lo report\u00f3 Univisi\u00f3n, quien se\u00f1al\u00f3 que su pareja Erik Hayser lo confirm\u00f3. La hermosillense fue trasladada al Hospital Espa\u00f1ol de la Ciudad de M\u00e9xico desde el pasado lunes 11 de enero de emergencia por presuntamente presentar un padecimiento relacionado con el \u00a0reciente parto de su primg\u00e9nito Liamnacidol pasado 19 de diciembre cuando Castillo se convirti\u00f3 en mam\u00e1 del peque. Sin dar m\u00e1s detalle, el actor Erik Hayser comparti\u00f3 que su esposa estaba hospitalizada por un padecimiento derivado a su labor de part y \u00a0Asegur\u00f3 que se encuentra al pendiente de ella. Asimismo, agradeci\u00f3 por la preocupaci\u00f3n que hay sobre su pareja de 38 a\u00f1os. Pues muchos medios de internet dieron la especie de igual forma El Universal asegur\u00f3 que Castillo fue dada de alta la noche de hoy, \u00a0hasta el momento ni ella ni su marido han dado detalles del motivo del\u00a0 ingreso al nosocomio.<\/p>\n<p>Fecha de publicaci\u00f3n 15\/ene\/2021<\/p>\n","protected":false},"excerpt":{"rendered":"<p>Dan de alta a Fernanda Castillo tras haber sido internada de urgencia &nbsp; &nbsp; HERMOSILLO,&#8230;<\/p>\n","protected":false},"author":1,"featured_media":104728,"comment_status":"open","ping_status":"open","sticky":false,"template":"","format":"standard","meta":{"_monsterinsights_skip_tracking":false,"_monsterinsights_sitenote_active":false,"_monsterinsights_sitenote_note":"","_monsterinsights_sitenote_category":0,"footnotes":""},"categories":[2987],"tags":[4532],"class_list":["post"],"yoast_head":" \n<title>Sonora en Equipo. Dan de alta a Fernanda Castillo tras haber sido internada de urgencia Showbiz<\/title>\n<meta name=\"description\" content=\"Dan de alta a Fernanda Castillo tras haber sido internada de urgencia &nbsp; &nbsp; HERMOSILLO, SONORA,MX.\u2500\u2500 La actriz sonorenseFernanda Castillo, quien En Sonora en Equipo publicamos toda la informaci\u00f3n de Sonora, M\u00e9xico y el Mundo de manera oportuna y busca que la libertad de expresi\u00f3n sea real. Visita nuestro medio informativo publicado desde Hermosillo, Sonora. %\" \/>\n<meta name=\"robots\" content=\"index, follow, max-snippet:-1, max-image-preview:large, max-video-preview:-1\" \/>\n<link rel=\"canonical\" href=\"https:\/\/www.sonoraenequipo.com.mx\/dan-de-alta-a-fernanda-castillo-tras-haber-sido-internada-de-urgencia\/\" \/>\n<meta property=\"og:locale\" content=\"es_ES\" \/>\n<meta property=\"og:type\" content=\"article\" \/>\n<meta property=\"og:title\" content=\"Sonora en Equipo. Dan de alta a Fernanda Castillo tras haber sido internada de urgencia Showbiz\" \/>\n<meta property=\"og:description\" content=\"Dan de alta a Fernanda Castillo tras haber sido internada de urgencia &nbsp; &nbsp; HERMOSILLO, SONORA,MX.\u2500\u2500 La actriz sonorenseFernanda Castillo, quien En Sonora en Equipo publicamos toda la informaci\u00f3n de Sonora, M\u00e9xico y el Mundo de manera oportuna y busca que la libertad de expresi\u00f3n sea real. Visita nuestro medio informativo publicado desde Hermosillo, Sonora. %\" \/>\n<meta property=\"og:url\" content=\"https:\/\/www.sonoraenequipo.com.mx\/dan-de-alta-a-fernanda-castillo-tras-haber-sido-internada-de-urgencia\/\" \/>\n<meta property=\"og:site_name\" content=\"Sonora en Equipo.\" \/>\n<meta property=\"article:publisher\" content=\"https:\/\/www.facebook.com\/SonoraEE\/\" \/>\n<meta property=\"article:author\" content=\"https:\/\/www.facebook.com\/SonoraEE\" \/>\n<meta property=\"article:published_time\" content=\"2021-01-16T03:40:57+00:00\" \/>\n<meta property=\"og:image\" content=\"https:\/\/www.sonoraenequipo.com.mx\/storage\/2021\/01\/fernanda-castillo.jpg\" \/>\n\t<meta property=\"og:image:width\" content=\"500\" \/>\n\t<meta property=\"og:image:height\" content=\"311\" \/>\n\t<meta property=\"og:image:type\" content=\"image\/jpeg\" \/>\n<meta name=\"author\" content=\"enequipo\" \/>\n<meta name=\"twitter:card\" content=\"summary_large_image\" \/>\n<meta name=\"twitter:creator\" content=\"@sonoraenequipo\" \/>\n<meta name=\"twitter:site\" content=\"@sonoraenequipo\" \/>\n<meta name=\"twitter:label1\" content=\"Escrito por\" \/>\n\t<meta name=\"twitter:data1\" content=\"enequipo\" \/>\n\t<meta name=\"twitter:label2\" content=\"Tiempo de lectura\" \/>\n\t<meta name=\"twitter:data2\" content=\"1 minuto\" \/>\n<script type=\"application\/ld+json\" class=\"yoast-schema-graph\">{\"@context\":\"https:\/\/schema.org\",\"@graph\":[{\"@type\":\"Article\",\"@id\":\"https:\/\/www.sonoraenequipo.com.mx\/dan-de-alta-a-fernanda-castillo-tras-haber-sido-internada-de-urgencia\/#article\",\"isPartOf\":{\"@id\":\"https:\/\/www.sonoraenequipo.com.mx\/dan-de-alta-a-fernanda-castillo-tras-haber-sido-internada-de-urgencia\/\"},\"author\":{\"name\":\"enequipo\",\"@id\":\"https:\/\/www.sonoraenequipo.com.mx\/#\/schema\/person\/50102df0fb23a8fa9e8effad8fa81386\"},\"headline\":\"Dan de alta a Fernanda Castillo tras haber sido internada de urgencia\",\"datePublished\":\"2021-01-16T03:40:57+00:00\",\"mainEntityOfPage\":{\"@id\":\"https:\/\/www.sonoraenequipo.com.mx\/dan-de-alta-a-fernanda-castillo-tras-haber-sido-internada-de-urgencia\/\"},\"wordCount\":203,\"commentCount\":0,\"publisher\":{\"@id\":\"https:\/\/www.sonoraenequipo.com.mx\/#organization\"},\"image\":{\"@id\":\"https:\/\/www.sonoraenequipo.com.mx\/dan-de-alta-a-fernanda-castillo-tras-haber-sido-internada-de-urgencia\/#primaryimage\"},\"thumbnailUrl\":\"https:\/\/www.sonoraenequipo.com.mx\/storage\/2021\/01\/fernanda-castillo.jpg\",\"keywords\":[\"Fernanda Castillo\"],\"articleSection\":[\"Showbiz\"],\"inLanguage\":\"es\",\"potentialAction\":[{\"@type\":\"CommentAction\",\"name\":\"Comment\",\"target\":[\"https:\/\/www.sonoraenequipo.com.mx\/dan-de-alta-a-fernanda-castillo-tras-haber-sido-internada-de-urgencia\/#respond\"]}]},{\"@type\":\"WebPage\",\"@id\":\"https:\/\/www.sonoraenequipo.com.mx\/dan-de-alta-a-fernanda-castillo-tras-haber-sido-internada-de-urgencia\/\",\"url\":\"https:\/\/www.sonoraenequipo.com.mx\/dan-de-alta-a-fernanda-castillo-tras-haber-sido-internada-de-urgencia\/\",\"name\":\"Sonora en Equipo. Dan de alta a Fernanda Castillo tras haber sido internada de urgencia Showbiz\",\"isPartOf\":{\"@id\":\"https:\/\/www.sonoraenequipo.com.mx\/#website\"},\"primaryImageOfPage\":{\"@id\":\"https:\/\/www.sonoraenequipo.com.mx\/dan-de-alta-a-fernanda-castillo-tras-haber-sido-internada-de-urgencia\/#primaryimage\"},\"image\":{\"@id\":\"https:\/\/www.sonoraenequipo.com.mx\/dan-de-alta-a-fernanda-castillo-tras-haber-sido-internada-de-urgencia\/#primaryimage\"},\"thumbnailUrl\":\"https:\/\/www.sonoraenequipo.com.mx\/storage\/2021\/01\/fernanda-castillo.jpg\",\"datePublished\":\"2021-01-16T03:40:57+00:00\",\"description\":\"Dan de alta a Fernanda Castillo tras haber sido internada de urgencia &nbsp; &nbsp; HERMOSILLO, SONORA,MX.\u2500\u2500 La actriz sonorenseFernanda Castillo, quien En Sonora en Equipo publicamos toda la informaci\u00f3n de Sonora, M\u00e9xico y el Mundo de manera oportuna y busca que la libertad de expresi\u00f3n sea real. Visita nuestro medio informativo publicado desde Hermosillo, Sonora. %\",\"breadcrumb\":{\"@id\":\"https:\/\/www.sonoraenequipo.com.mx\/dan-de-alta-a-fernanda-castillo-tras-haber-sido-internada-de-urgencia\/#breadcrumb\"},\"inLanguage\":\"es\",\"potentialAction\":[{\"@type\":\"ReadAction\",\"target\":[\"https:\/\/www.sonoraenequipo.com.mx\/dan-de-alta-a-fernanda-castillo-tras-haber-sido-internada-de-urgencia\/\"]}]},{\"@type\":\"ImageObject\",\"inLanguage\":\"es\",\"@id\":\"https:\/\/www.sonoraenequipo.com.mx\/dan-de-alta-a-fernanda-castillo-tras-haber-sido-internada-de-urgencia\/#primaryimage\",\"url\":\"https:\/\/www.sonoraenequipo.com.mx\/storage\/2021\/01\/fernanda-castillo.jpg\",\"contentUrl\":\"https:\/\/www.sonoraenequipo.com.mx\/storage\/2021\/01\/fernanda-castillo.jpg\",\"width\":500,\"height\":311},{\"@type\":\"BreadcrumbList\",\"@id\":\"https:\/\/www.sonoraenequipo.com.mx\/dan-de-alta-a-fernanda-castillo-tras-haber-sido-internada-de-urgencia\/#breadcrumb\",\"itemListElement\":[{\"@type\":\"ListItem\",\"position\":1,\"name\":\"Portada\",\"item\":\"https:\/\/www.sonoraenequipo.com.mx\/\"},{\"@type\":\"ListItem\",\"position\":2,\"name\":\"Dan de alta a Fernanda Castillo tras haber sido internada de urgencia\"}]},{\"@type\":\"WebSite\",\"@id\":\"https:\/\/www.sonoraenequipo.com.mx\/#website\",\"url\":\"https:\/\/www.sonoraenequipo.com.mx\/\",\"name\":\"Sonora en Equipo.\",\"description\":\"Diario en l\u00ednea con Noticias desde Hermosillo, Sonora\",\"publisher\":{\"@id\":\"https:\/\/www.sonoraenequipo.com.mx\/#organization\"},\"potentialAction\":[{\"@type\":\"SearchAction\",\"target\":{\"@type\":\"EntryPoint\",\"urlTemplate\":\"https:\/\/www.sonoraenequipo.com.mx\/?s={search_term_string}\"},\"query-input\":{\"@type\":\"PropertyValueSpecification\",\"valueRequired\":true,\"valueName\":\"search_term_string\"}}],\"inLanguage\":\"es\"},{\"@type\":\"Organization\",\"@id\":\"https:\/\/www.sonoraenequipo.com.mx\/#organization\",\"name\":\"Sonoraenequipo.com.mx\",\"url\":\"https:\/\/www.sonoraenequipo.com.mx\/\",\"logo\":{\"@type\":\"ImageObject\",\"inLanguage\":\"es\",\"@id\":\"https:\/\/www.sonoraenequipo.com.mx\/#\/schema\/logo\/image\/\",\"url\":\"https:\/\/www.sonoraenequipo.com.mx\/storage\/2019\/01\/sonoraenequipo_opt.png\",\"contentUrl\":\"https:\/\/www.sonoraenequipo.com.mx\/storage\/2019\/01\/sonoraenequipo_opt.png\",\"width\":375,\"height\":125,\"caption\":\"Sonoraenequipo.com.mx\"},\"image\":{\"@id\":\"https:\/\/www.sonoraenequipo.com.mx\/#\/schema\/logo\/image\/\"},\"sameAs\":[\"https:\/\/www.facebook.com\/SonoraEE\/\",\"https:\/\/x.com\/sonoraenequipo\",\"https:\/\/www.youtube.com\/channel\/UC338nW-lPEYmJQs4ZABQ1SQ\"]},{\"@type\":\"Person\",\"@id\":\"https:\/\/www.sonoraenequipo.com.mx\/#\/schema\/person\/50102df0fb23a8fa9e8effad8fa81386\",\"name\":\"enequipo\",\"image\":{\"@type\":\"ImageObject\",\"inLanguage\":\"es\",\"@id\":\"https:\/\/www.sonoraenequipo.com.mx\/#\/schema\/person\/image\/\",\"url\":\"https:\/\/secure.gravatar.com\/avatar\/049821681b589dabc0bc20695993ccebb09f5b5d4d790cd9251b97faac7c652b?s=96&d=blank&r=g\",\"contentUrl\":\"https:\/\/secure.gravatar.com\/avatar\/049821681b589dabc0bc20695993ccebb09f5b5d4d790cd9251b97faac7c652b?s=96&d=blank&r=g\",\"caption\":\"enequipo\"},\"sameAs\":[\"https:\/\/www.facebook.com\/SonoraEE\"]}]}<\/script>\n ","yoast_head_json":{"title":"Sonora en Equipo. Dan de alta a Fernanda Castillo tras haber sido internada de urgencia Showbiz","description":"Dan de alta a Fernanda Castillo tras haber sido internada de urgencia &nbsp; &nbsp; HERMOSILLO, SONORA,MX.\u2500\u2500 La actriz sonorenseFernanda Castillo, quien En Sonora en Equipo publicamos toda la informaci\u00f3n de Sonora, M\u00e9xico y el Mundo de manera oportuna y busca que la libertad de expresi\u00f3n sea real. Visita nuestro medio informativo publicado desde Hermosillo, Sonora. %","robots":{"index":"index","follow":"follow","max-snippet":"max-snippet:-1","max-image-preview":"max-image-preview:large","max-video-preview":"max-video-preview:-1"},"canonical":"https:\/\/www.sonoraenequipo.com.mx\/dan-de-alta-a-fernanda-castillo-tras-haber-sido-internada-de-urgencia\/","og_locale":"es_ES","og_type":"article","og_title":"Sonora en Equipo. Dan de alta a Fernanda Castillo tras haber sido internada de urgencia Showbiz","og_description":"Dan de alta a Fernanda Castillo tras haber sido internada de urgencia &nbsp; &nbsp; HERMOSILLO, SONORA,MX.\u2500\u2500 La actriz sonorenseFernanda Castillo, quien En Sonora en Equipo publicamos toda la informaci\u00f3n de Sonora, M\u00e9xico y el Mundo de manera oportuna y busca que la libertad de expresi\u00f3n sea real. Visita nuestro medio informativo publicado desde Hermosillo, Sonora. %","og_url":"https:\/\/www.sonoraenequipo.com.mx\/dan-de-alta-a-fernanda-castillo-tras-haber-sido-internada-de-urgencia\/","og_site_name":"Sonora en Equipo.","article_publisher":"https:\/\/www.facebook.com\/SonoraEE\/","article_author":"https:\/\/www.facebook.com\/SonoraEE","article_published_time":"2021-01-16T03:40:57+00:00","og_image":[{"width":500,"height":311,"url":"https:\/\/www.sonoraenequipo.com.mx\/storage\/2021\/01\/fernanda-castillo.jpg","type":"image\/jpeg"}],"author":"enequipo","twitter_card":"summary_large_image","twitter_creator":"@sonoraenequipo","twitter_site":"@sonoraenequipo","twitter_misc":{"Escrito por":"enequipo","Tiempo de lectura":"1 minuto"},"schema":{"@context":"https:\/\/schema.org","@graph":[{"@type":"Article","@id":"https:\/\/www.sonoraenequipo.com.mx\/dan-de-alta-a-fernanda-castillo-tras-haber-sido-internada-de-urgencia\/#article","isPartOf":{"@id":"https:\/\/www.sonoraenequipo.com.mx\/dan-de-alta-a-fernanda-castillo-tras-haber-sido-internada-de-urgencia\/"},"author":{"name":"enequipo","@id":"https:\/\/www.sonoraenequipo.com.mx\/#\/schema\/person\/50102df0fb23a8fa9e8effad8fa81386"},"headline":"Dan de alta a Fernanda Castillo tras haber sido internada de urgencia","datePublished":"2021-01-16T03:40:57+00:00","mainEntityOfPage":{"@id":"https:\/\/www.sonoraenequipo.com.mx\/dan-de-alta-a-fernanda-castillo-tras-haber-sido-internada-de-urgencia\/"},"wordCount":203,"commentCount":0,"publisher":{"@id":"https:\/\/www.sonoraenequipo.com.mx\/#organization"},"image":{"@id":"https:\/\/www.sonoraenequipo.com.mx\/dan-de-alta-a-fernanda-castillo-tras-haber-sido-internada-de-urgencia\/#primaryimage"},"thumbnailUrl":"https:\/\/www.sonoraenequipo.com.mx\/storage\/2021\/01\/fernanda-castillo.jpg","keywords":["Fernanda Castillo"],"articleSection":["Showbiz"],"inLanguage":"es","potentialAction":[{"@type":"CommentAction","name":"Comment","target":["https:\/\/www.sonoraenequipo.com.mx\/dan-de-alta-a-fernanda-castillo-tras-haber-sido-internada-de-urgencia\/#respond"]}]},{"@type":"WebPage","@id":"https:\/\/www.sonoraenequipo.com.mx\/dan-de-alta-a-fernanda-castillo-tras-haber-sido-internada-de-urgencia\/","url":"https:\/\/www.sonoraenequipo.com.mx\/dan-de-alta-a-fernanda-castillo-tras-haber-sido-internada-de-urgencia\/","name":"Sonora en Equipo. Dan de alta a Fernanda Castillo tras haber sido internada de urgencia Showbiz","isPartOf":{"@id":"https:\/\/www.sonoraenequipo.com.mx\/#website"},"primaryImageOfPage":{"@id":"https:\/\/www.sonoraenequipo.com.mx\/dan-de-alta-a-fernanda-castillo-tras-haber-sido-internada-de-urgencia\/#primaryimage"},"image":{"@id":"https:\/\/www.sonoraenequipo.com.mx\/dan-de-alta-a-fernanda-castillo-tras-haber-sido-internada-de-urgencia\/#primaryimage"},"thumbnailUrl":"https:\/\/www.sonoraenequipo.com.mx\/storage\/2021\/01\/fernanda-castillo.jpg","datePublished":"2021-01-16T03:40:57+00:00","description":"Dan de alta a Fernanda Castillo tras haber sido internada de urgencia &nbsp; &nbsp; HERMOSILLO, SONORA,MX.\u2500\u2500 La actriz sonorenseFernanda Castillo, quien En Sonora en Equipo publicamos toda la informaci\u00f3n de Sonora, M\u00e9xico y el Mundo de manera oportuna y busca que la libertad de expresi\u00f3n sea real. Visita nuestro medio informativo publicado desde Hermosillo, Sonora. %","breadcrumb":{"@id":"https:\/\/www.sonoraenequipo.com.mx\/dan-de-alta-a-fernanda-castillo-tras-haber-sido-internada-de-urgencia\/#breadcrumb"},"inLanguage":"es","potentialAction":[{"@type":"ReadAction","target":["https:\/\/www.sonoraenequipo.com.mx\/dan-de-alta-a-fernanda-castillo-tras-haber-sido-internada-de-urgencia\/"]}]},{"@type":"ImageObject","inLanguage":"es","@id":"https:\/\/www.sonoraenequipo.com.mx\/dan-de-alta-a-fernanda-castillo-tras-haber-sido-internada-de-urgencia\/#primaryimage","url":"https:\/\/www.sonoraenequipo.com.mx\/storage\/2021\/01\/fernanda-castillo.jpg","contentUrl":"https:\/\/www.sonoraenequipo.com.mx\/storage\/2021\/01\/fernanda-castillo.jpg","width":500,"height":311},{"@type":"BreadcrumbList","@id":"https:\/\/www.sonoraenequipo.com.mx\/dan-de-alta-a-fernanda-castillo-tras-haber-sido-internada-de-urgencia\/#breadcrumb","itemListElement":[{"@type":"ListItem","position":1,"name":"Portada","item":"https:\/\/www.sonoraenequipo.com.mx\/"},{"@type":"ListItem","position":2,"name":"Dan de alta a Fernanda Castillo tras haber sido internada de urgencia"}]},{"@type":"WebSite","@id":"https:\/\/www.sonoraenequipo.com.mx\/#website","url":"https:\/\/www.sonoraenequipo.com.mx\/","name":"Sonora en Equipo.","description":"Diario en l\u00ednea con Noticias desde Hermosillo, Sonora","publisher":{"@id":"https:\/\/www.sonoraenequipo.com.mx\/#organization"},"potentialAction":[{"@type":"SearchAction","target":{"@type":"EntryPoint","urlTemplate":"https:\/\/www.sonoraenequipo.com.mx\/?s={search_term_string}"},"query-input":{"@type":"PropertyValueSpecification","valueRequired":true,"valueName":"search_term_string"}}],"inLanguage":"es"},{"@type":"Organization","@id":"https:\/\/www.sonoraenequipo.com.mx\/#organization","name":"Sonoraenequipo.com.mx","url":"https:\/\/www.sonoraenequipo.com.mx\/","logo":{"@type":"ImageObject","inLanguage":"es","@id":"https:\/\/www.sonoraenequipo.com.mx\/#\/schema\/logo\/image\/","url":"https:\/\/www.sonoraenequipo.com.mx\/storage\/2019\/01\/sonoraenequipo_opt.png","contentUrl":"https:\/\/www.sonoraenequipo.com.mx\/storage\/2019\/01\/sonoraenequipo_opt.png","width":375,"height":125,"caption":"Sonoraenequipo.com.mx"},"image":{"@id":"https:\/\/www.sonoraenequipo.com.mx\/#\/schema\/logo\/image\/"},"sameAs":["https:\/\/www.facebook.com\/SonoraEE\/","https:\/\/x.com\/sonoraenequipo","https:\/\/www.youtube.com\/channel\/UC338nW-lPEYmJQs4ZABQ1SQ"]},{"@type":"Person","@id":"https:\/\/www.sonoraenequipo.com.mx\/#\/schema\/person\/50102df0fb23a8fa9e8effad8fa81386","name":"enequipo","image":{"@type":"ImageObject","inLanguage":"es","@id":"https:\/\/www.sonoraenequipo.com.mx\/#\/schema\/person\/image\/","url":"https:\/\/secure.gravatar.com\/avatar\/049821681b589dabc0bc20695993ccebb09f5b5d4d790cd9251b97faac7c652b?s=96&d=blank&r=g","contentUrl":"https:\/\/secure.gravatar.com\/avatar\/049821681b589dabc0bc20695993ccebb09f5b5d4d790cd9251b97faac7c652b?s=96&d=blank&r=g","caption":"enequipo"},"sameAs":["https:\/\/www.facebook.com\/SonoraEE"]}]}},"jetpack_featured_media_url":"https:\/\/www.sonoraenequipo.com.mx\/storage\/2021\/01\/fernanda-castillo.jpg","_links":{"self":[{"href":"https:\/\/www.sonoraenequipo.com.mx\/api\/wp\/v2\/posts\/104727","targetHints":{"allow":["GET"]}}],"collection":[{"href":"https:\/\/www.sonoraenequipo.com.mx\/api\/wp\/v2\/posts"}],"about":[{"href":"https:\/\/www.sonoraenequipo.com.mx\/api\/wp\/v2\/types\/post"}],"author":[{"embeddable":true,"href":"https:\/\/www.sonoraenequipo.com.mx\/api\/wp\/v2\/users\/1"}],"replies":[{"embeddable":true,"href":"https:\/\/www.sonoraenequipo.com.mx\/api\/wp\/v2\/comments?post=104727"}],"version-history":[{"count":1,"href":"https:\/\/www.sonoraenequipo.com.mx\/api\/wp\/v2\/posts\/104727\/revisions"}],"predecessor-version":[{"id":104729,"href":"https:\/\/www.sonoraenequipo.com.mx\/api\/wp\/v2\/posts\/104727\/revisions\/104729"}],"wp:featuredmedia":[{"embeddable":true,"href":"https:\/\/www.sonoraenequipo.com.mx\/api\/wp\/v2\/media\/104728"}],"wp:attachment":[{"href":"https:\/\/www.sonoraenequipo.com.mx\/api\/wp\/v2\/media?parent=104727"}],"wp:term":[{"taxonomy":"category","embeddable":true,"href":"https:\/\/www.sonoraenequipo.com.mx\/api\/wp\/v2\/categories?post=104727"},{"taxonomy":"post_tag","embeddable":true,"href":"https:\/\/www.sonoraenequipo.com.mx\/api\/wp\/v2\/tags?post=104727"}],"curies":[{"name":"wp","href":"https:\/\/api.w.org\/{rel}","templated":true}]}}