{"id":104730,"date":"2021-01-15T22:45:05","date_gmt":"2021-01-16T05:45:05","guid":{"rendered":"https:\/\/www.sonoraenequipo.com.mx\/?p=104730"},"modified":"2021-01-15T21:14:38","modified_gmt":"2021-01-16T04:14:38","slug":"la-llegada-de-la-vacuna-no-significa-que-se-ha-ganado-la-batalla-al-covid-19-no-bajes-la-guardia-enrique-clausen","status":"publish","type":"post","link":"https:\/\/www.sonoraenequipo.com.mx\/la-llegada-de-la-vacuna-no-significa-que-se-ha-ganado-la-batalla-al-covid-19-no-bajes-la-guardia-enrique-clausen\/","title":{"rendered":"La llegada de la vacuna no significa que se ha ganado la batalla al COVID-19, no bajes la guardia: Enrique Clausen"},"content":{"rendered":"<p><strong>&gt;&gt;Hoy se confirmaron 550 nuevos casos y 27 defunciones m\u00e1s en Sonora<\/strong><\/p>\n<p>HERMOSILLO, SONORA,MX.\u2500\u2500 La llegada a Sonora de la vacuna contra el COVID-19 no quiere decir que ya le hayamos ganado la batalla a este cruel y despiadado enemigo, por lo cual es importante tomar conciencia y cuidar tanto de la salud propia, la de la familia y quienes nos rodean, resalt\u00f3 Enrique Clausen Iberri.<\/p>\n<p>&nbsp;<\/p>\n<p>El secretario de Salud en Sonora mencion\u00f3 que a todos entusiasma que se haya iniciado en Sonora el proceso de vacunaci\u00f3n, ya que es por mucho la mejor noticia del a\u00f1o, sin embargo, en esta primera etapa se aplicar\u00e1 al personal de salud que se encuentra atendiendo la pandemia en el primer frente de batalla.<\/p>\n<p>&nbsp;<\/p>\n<p>\u201cEste primer lote es solo para el personal de salud al que merecidamente debemos proteger para que sigan dando esta batalla por nosotros, porque atienden sin distinci\u00f3n a toda aquella persona que llega necesitando atenci\u00f3n, a\u00fan si esto puede costarles su salud o la de sus seres queridos\u201d, indic\u00f3.<\/p>\n<p>&nbsp;<\/p>\n<p>Clausen Iberri agreg\u00f3 que no es tiempo de bajar la guardia ni de festejos, ya que se prev\u00e9 que la vacunaci\u00f3n contra el COVID-19 se prolongue a lo largo de este a\u00f1o, por lo que es necesario reforzar las medidas de prevenci\u00f3n.<\/p>\n<p>&nbsp;<\/p>\n<p>\u201cAl contrario, es cuando m\u00e1s debes reforzar las medidas de protecci\u00f3n; es cuando m\u00e1s alerta tienes que estar. No salgas por salir. M\u00e1s que nunca tienes que cuidarte y andar con actitud preventiva\u201d, se\u00f1al\u00f3.<\/p>\n<p>&nbsp;<\/p>\n<p>Hoy se confirmaron 27 decesos por COVID-19, en 20 hombres y 7 mujeres, residentes de: Nogales 9, Hermosillo 8, Santa Ana, Cajeme y Guaymas 2 cada uno; Navojoa, Cananea, Bavi\u00e1cora y San Luis R\u00edo Colorado 1 cada uno; acumul\u00e1ndose 4 mil 381 defunciones.<\/p>\n<p>&nbsp;<\/p>\n<p>Se sumaron 550 nuevos casos por Covid-19, en 289 mujeres y 261 hombres, residentes de: Hermosillo 322; Cajeme 102; Nogales 21; B\u00e1cum 10; Bavi\u00e1cora y Caborca 8 cada uno; San Pedro de la Cueva, Sahuaripa y Benito Ju\u00e1rez 7 cada uno; Nacozari de Garc\u00eda, Cananea, San Luis R\u00edo Colorado y Guaymas 6 cada uno; Puerto Pe\u00f1asco 5; Navojoa 4; Santa Ana, N\u00e1cori Chico y \u00c1lamos 3 cada uno; Bacanora, Arivechi, Empalme, Ures y Tepache 2 cada uno; Bacoachi, San Ignacio R\u00edo Muerto, Cucurpe, Huatabampo, Rosario y Agua Prieta 1 cada uno. Con ello, se han acumulado 55 mil 332 en total.<\/p>\n<p>&nbsp;<\/p>\n<p>Se confirmaron 9 casos pedi\u00e1tricos, en 7 ni\u00f1as y 2 ni\u00f1os, acumul\u00e1ndose mil 003 casos en total y se contabilizaron 3 casos en mujeres embarazadas, acumulando un total de 405 casos.<\/p>\n<p>&nbsp;<\/p>\n<p>A la fecha se han recuperado 48 mil 571 personas de COVID-19 en Sonora.<\/p>\n<p>&nbsp;<\/p>\n<p>Casos COVID-19 en Sonora 55,332 casos confirmados y 4,381 defunciones<\/p>\n<p>&nbsp;<\/p>\n<p>Defunciones registradas el 15 de enero 2021: 27<\/p>\n<p>Fecha de publicaci\u00f3n 15\/ene\/2021<\/p>\n","protected":false},"excerpt":{"rendered":"<p>&gt;&gt;Hoy se confirmaron 550 nuevos casos y 27 defunciones m\u00e1s en Sonora HERMOSILLO, SONORA,MX.\u2500\u2500 La&#8230;<\/p>\n","protected":false},"author":1,"featured_media":104184,"comment_status":"open","ping_status":"open","sticky":false,"template":"","format":"standard","meta":{"_monsterinsights_skip_tracking":false,"_monsterinsights_sitenote_active":false,"_monsterinsights_sitenote_note":"","_monsterinsights_sitenote_category":0,"footnotes":""},"categories":[22],"tags":[4249,15],"class_list":["post"],"yoast_head":" \n<title>Sonora en Equipo. La llegada de la vacuna no significa que se ha ganado la batalla al COVID-19, no bajes la guardia: Enrique Clausen Sonora<\/title>\n<meta name=\"description\" content=\"&gt;&gt;Hoy se confirmaron 550 nuevos casos y 27 defunciones m\u00e1s en Sonora HERMOSILLO, SONORA,MX.\u2500\u2500 La llegada a Sonora de la vacuna contra el COVID-19 no En Sonora en Equipo publicamos toda la informaci\u00f3n de Sonora, M\u00e9xico y el Mundo de manera oportuna y busca que la libertad de expresi\u00f3n sea real. Visita nuestro medio informativo publicado desde Hermosillo, Sonora. %\" \/>\n<meta name=\"robots\" content=\"index, follow, max-snippet:-1, max-image-preview:large, max-video-preview:-1\" \/>\n<link rel=\"canonical\" href=\"https:\/\/www.sonoraenequipo.com.mx\/la-llegada-de-la-vacuna-no-significa-que-se-ha-ganado-la-batalla-al-covid-19-no-bajes-la-guardia-enrique-clausen\/\" \/>\n<meta property=\"og:locale\" content=\"es_ES\" \/>\n<meta property=\"og:type\" content=\"article\" \/>\n<meta property=\"og:title\" content=\"Sonora en Equipo. La llegada de la vacuna no significa que se ha ganado la batalla al COVID-19, no bajes la guardia: Enrique Clausen Sonora\" \/>\n<meta property=\"og:description\" content=\"&gt;&gt;Hoy se confirmaron 550 nuevos casos y 27 defunciones m\u00e1s en Sonora HERMOSILLO, SONORA,MX.\u2500\u2500 La llegada a Sonora de la vacuna contra el COVID-19 no En Sonora en Equipo publicamos toda la informaci\u00f3n de Sonora, M\u00e9xico y el Mundo de manera oportuna y busca que la libertad de expresi\u00f3n sea real. Visita nuestro medio informativo publicado desde Hermosillo, Sonora. %\" \/>\n<meta property=\"og:url\" content=\"https:\/\/www.sonoraenequipo.com.mx\/la-llegada-de-la-vacuna-no-significa-que-se-ha-ganado-la-batalla-al-covid-19-no-bajes-la-guardia-enrique-clausen\/\" \/>\n<meta property=\"og:site_name\" content=\"Sonora en Equipo.\" \/>\n<meta property=\"article:publisher\" content=\"https:\/\/www.facebook.com\/SonoraEE\/\" \/>\n<meta property=\"article:author\" content=\"https:\/\/www.facebook.com\/SonoraEE\" \/>\n<meta property=\"article:published_time\" content=\"2021-01-16T05:45:05+00:00\" \/>\n<meta property=\"og:image\" content=\"https:\/\/www.sonoraenequipo.com.mx\/storage\/2021\/01\/e-clausen9.jpg\" \/>\n\t<meta property=\"og:image:width\" content=\"500\" \/>\n\t<meta property=\"og:image:height\" content=\"334\" \/>\n\t<meta property=\"og:image:type\" content=\"image\/jpeg\" \/>\n<meta name=\"author\" content=\"enequipo\" \/>\n<meta name=\"twitter:card\" content=\"summary_large_image\" \/>\n<meta name=\"twitter:creator\" content=\"@sonoraenequipo\" \/>\n<meta name=\"twitter:site\" content=\"@sonoraenequipo\" \/>\n<meta name=\"twitter:label1\" content=\"Escrito por\" \/>\n\t<meta name=\"twitter:data1\" content=\"enequipo\" \/>\n\t<meta name=\"twitter:label2\" content=\"Tiempo de lectura\" \/>\n\t<meta name=\"twitter:data2\" content=\"3 minutos\" \/>\n<script type=\"application\/ld+json\" class=\"yoast-schema-graph\">{\"@context\":\"https:\/\/schema.org\",\"@graph\":[{\"@type\":\"Article\",\"@id\":\"https:\/\/www.sonoraenequipo.com.mx\/la-llegada-de-la-vacuna-no-significa-que-se-ha-ganado-la-batalla-al-covid-19-no-bajes-la-guardia-enrique-clausen\/#article\",\"isPartOf\":{\"@id\":\"https:\/\/www.sonoraenequipo.com.mx\/la-llegada-de-la-vacuna-no-significa-que-se-ha-ganado-la-batalla-al-covid-19-no-bajes-la-guardia-enrique-clausen\/\"},\"author\":{\"name\":\"enequipo\",\"@id\":\"https:\/\/www.sonoraenequipo.com.mx\/#\/schema\/person\/50102df0fb23a8fa9e8effad8fa81386\"},\"headline\":\"La llegada de la vacuna no significa que se ha ganado la batalla al COVID-19, no bajes la guardia: Enrique Clausen\",\"datePublished\":\"2021-01-16T05:45:05+00:00\",\"mainEntityOfPage\":{\"@id\":\"https:\/\/www.sonoraenequipo.com.mx\/la-llegada-de-la-vacuna-no-significa-que-se-ha-ganado-la-batalla-al-covid-19-no-bajes-la-guardia-enrique-clausen\/\"},\"wordCount\":480,\"commentCount\":0,\"publisher\":{\"@id\":\"https:\/\/www.sonoraenequipo.com.mx\/#organization\"},\"image\":{\"@id\":\"https:\/\/www.sonoraenequipo.com.mx\/la-llegada-de-la-vacuna-no-significa-que-se-ha-ganado-la-batalla-al-covid-19-no-bajes-la-guardia-enrique-clausen\/#primaryimage\"},\"thumbnailUrl\":\"https:\/\/www.sonoraenequipo.com.mx\/storage\/2021\/01\/e-clausen9.jpg\",\"keywords\":[\"covid\",\"Sonora\"],\"articleSection\":[\"Sonora\"],\"inLanguage\":\"es\",\"potentialAction\":[{\"@type\":\"CommentAction\",\"name\":\"Comment\",\"target\":[\"https:\/\/www.sonoraenequipo.com.mx\/la-llegada-de-la-vacuna-no-significa-que-se-ha-ganado-la-batalla-al-covid-19-no-bajes-la-guardia-enrique-clausen\/#respond\"]}]},{\"@type\":\"WebPage\",\"@id\":\"https:\/\/www.sonoraenequipo.com.mx\/la-llegada-de-la-vacuna-no-significa-que-se-ha-ganado-la-batalla-al-covid-19-no-bajes-la-guardia-enrique-clausen\/\",\"url\":\"https:\/\/www.sonoraenequipo.com.mx\/la-llegada-de-la-vacuna-no-significa-que-se-ha-ganado-la-batalla-al-covid-19-no-bajes-la-guardia-enrique-clausen\/\",\"name\":\"Sonora en Equipo. La llegada de la vacuna no significa que se ha ganado la batalla al COVID-19, no bajes la guardia: Enrique Clausen Sonora\",\"isPartOf\":{\"@id\":\"https:\/\/www.sonoraenequipo.com.mx\/#website\"},\"primaryImageOfPage\":{\"@id\":\"https:\/\/www.sonoraenequipo.com.mx\/la-llegada-de-la-vacuna-no-significa-que-se-ha-ganado-la-batalla-al-covid-19-no-bajes-la-guardia-enrique-clausen\/#primaryimage\"},\"image\":{\"@id\":\"https:\/\/www.sonoraenequipo.com.mx\/la-llegada-de-la-vacuna-no-significa-que-se-ha-ganado-la-batalla-al-covid-19-no-bajes-la-guardia-enrique-clausen\/#primaryimage\"},\"thumbnailUrl\":\"https:\/\/www.sonoraenequipo.com.mx\/storage\/2021\/01\/e-clausen9.jpg\",\"datePublished\":\"2021-01-16T05:45:05+00:00\",\"description\":\"&gt;&gt;Hoy se confirmaron 550 nuevos casos y 27 defunciones m\u00e1s en Sonora HERMOSILLO, SONORA,MX.\u2500\u2500 La llegada a Sonora de la vacuna contra el COVID-19 no En Sonora en Equipo publicamos toda la informaci\u00f3n de Sonora, M\u00e9xico y el Mundo de manera oportuna y busca que la libertad de expresi\u00f3n sea real. Visita nuestro medio informativo publicado desde Hermosillo, Sonora. %\",\"breadcrumb\":{\"@id\":\"https:\/\/www.sonoraenequipo.com.mx\/la-llegada-de-la-vacuna-no-significa-que-se-ha-ganado-la-batalla-al-covid-19-no-bajes-la-guardia-enrique-clausen\/#breadcrumb\"},\"inLanguage\":\"es\",\"potentialAction\":[{\"@type\":\"ReadAction\",\"target\":[\"https:\/\/www.sonoraenequipo.com.mx\/la-llegada-de-la-vacuna-no-significa-que-se-ha-ganado-la-batalla-al-covid-19-no-bajes-la-guardia-enrique-clausen\/\"]}]},{\"@type\":\"ImageObject\",\"inLanguage\":\"es\",\"@id\":\"https:\/\/www.sonoraenequipo.com.mx\/la-llegada-de-la-vacuna-no-significa-que-se-ha-ganado-la-batalla-al-covid-19-no-bajes-la-guardia-enrique-clausen\/#primaryimage\",\"url\":\"https:\/\/www.sonoraenequipo.com.mx\/storage\/2021\/01\/e-clausen9.jpg\",\"contentUrl\":\"https:\/\/www.sonoraenequipo.com.mx\/storage\/2021\/01\/e-clausen9.jpg\",\"width\":500,\"height\":334},{\"@type\":\"BreadcrumbList\",\"@id\":\"https:\/\/www.sonoraenequipo.com.mx\/la-llegada-de-la-vacuna-no-significa-que-se-ha-ganado-la-batalla-al-covid-19-no-bajes-la-guardia-enrique-clausen\/#breadcrumb\",\"itemListElement\":[{\"@type\":\"ListItem\",\"position\":1,\"name\":\"Portada\",\"item\":\"https:\/\/www.sonoraenequipo.com.mx\/\"},{\"@type\":\"ListItem\",\"position\":2,\"name\":\"La llegada de la vacuna no significa que se ha ganado la batalla al COVID-19, no bajes la guardia: Enrique Clausen\"}]},{\"@type\":\"WebSite\",\"@id\":\"https:\/\/www.sonoraenequipo.com.mx\/#website\",\"url\":\"https:\/\/www.sonoraenequipo.com.mx\/\",\"name\":\"Sonora en Equipo.\",\"description\":\"Diario en l\u00ednea con Noticias desde Hermosillo, Sonora\",\"publisher\":{\"@id\":\"https:\/\/www.sonoraenequipo.com.mx\/#organization\"},\"potentialAction\":[{\"@type\":\"SearchAction\",\"target\":{\"@type\":\"EntryPoint\",\"urlTemplate\":\"https:\/\/www.sonoraenequipo.com.mx\/?s={search_term_string}\"},\"query-input\":{\"@type\":\"PropertyValueSpecification\",\"valueRequired\":true,\"valueName\":\"search_term_string\"}}],\"inLanguage\":\"es\"},{\"@type\":\"Organization\",\"@id\":\"https:\/\/www.sonoraenequipo.com.mx\/#organization\",\"name\":\"Sonoraenequipo.com.mx\",\"url\":\"https:\/\/www.sonoraenequipo.com.mx\/\",\"logo\":{\"@type\":\"ImageObject\",\"inLanguage\":\"es\",\"@id\":\"https:\/\/www.sonoraenequipo.com.mx\/#\/schema\/logo\/image\/\",\"url\":\"https:\/\/www.sonoraenequipo.com.mx\/storage\/2019\/01\/sonoraenequipo_opt.png\",\"contentUrl\":\"https:\/\/www.sonoraenequipo.com.mx\/storage\/2019\/01\/sonoraenequipo_opt.png\",\"width\":375,\"height\":125,\"caption\":\"Sonoraenequipo.com.mx\"},\"image\":{\"@id\":\"https:\/\/www.sonoraenequipo.com.mx\/#\/schema\/logo\/image\/\"},\"sameAs\":[\"https:\/\/www.facebook.com\/SonoraEE\/\",\"https:\/\/x.com\/sonoraenequipo\",\"https:\/\/www.youtube.com\/channel\/UC338nW-lPEYmJQs4ZABQ1SQ\"]},{\"@type\":\"Person\",\"@id\":\"https:\/\/www.sonoraenequipo.com.mx\/#\/schema\/person\/50102df0fb23a8fa9e8effad8fa81386\",\"name\":\"enequipo\",\"image\":{\"@type\":\"ImageObject\",\"inLanguage\":\"es\",\"@id\":\"https:\/\/www.sonoraenequipo.com.mx\/#\/schema\/person\/image\/\",\"url\":\"https:\/\/secure.gravatar.com\/avatar\/049821681b589dabc0bc20695993ccebb09f5b5d4d790cd9251b97faac7c652b?s=96&d=blank&r=g\",\"contentUrl\":\"https:\/\/secure.gravatar.com\/avatar\/049821681b589dabc0bc20695993ccebb09f5b5d4d790cd9251b97faac7c652b?s=96&d=blank&r=g\",\"caption\":\"enequipo\"},\"sameAs\":[\"https:\/\/www.facebook.com\/SonoraEE\"]}]}<\/script>\n ","yoast_head_json":{"title":"Sonora en Equipo. La llegada de la vacuna no significa que se ha ganado la batalla al COVID-19, no bajes la guardia: Enrique Clausen Sonora","description":"&gt;&gt;Hoy se confirmaron 550 nuevos casos y 27 defunciones m\u00e1s en Sonora HERMOSILLO, SONORA,MX.\u2500\u2500 La llegada a Sonora de la vacuna contra el COVID-19 no En Sonora en Equipo publicamos toda la informaci\u00f3n de Sonora, M\u00e9xico y el Mundo de manera oportuna y busca que la libertad de expresi\u00f3n sea real. Visita nuestro medio informativo publicado desde Hermosillo, Sonora. %","robots":{"index":"index","follow":"follow","max-snippet":"max-snippet:-1","max-image-preview":"max-image-preview:large","max-video-preview":"max-video-preview:-1"},"canonical":"https:\/\/www.sonoraenequipo.com.mx\/la-llegada-de-la-vacuna-no-significa-que-se-ha-ganado-la-batalla-al-covid-19-no-bajes-la-guardia-enrique-clausen\/","og_locale":"es_ES","og_type":"article","og_title":"Sonora en Equipo. La llegada de la vacuna no significa que se ha ganado la batalla al COVID-19, no bajes la guardia: Enrique Clausen Sonora","og_description":"&gt;&gt;Hoy se confirmaron 550 nuevos casos y 27 defunciones m\u00e1s en Sonora HERMOSILLO, SONORA,MX.\u2500\u2500 La llegada a Sonora de la vacuna contra el COVID-19 no En Sonora en Equipo publicamos toda la informaci\u00f3n de Sonora, M\u00e9xico y el Mundo de manera oportuna y busca que la libertad de expresi\u00f3n sea real. Visita nuestro medio informativo publicado desde Hermosillo, Sonora. %","og_url":"https:\/\/www.sonoraenequipo.com.mx\/la-llegada-de-la-vacuna-no-significa-que-se-ha-ganado-la-batalla-al-covid-19-no-bajes-la-guardia-enrique-clausen\/","og_site_name":"Sonora en Equipo.","article_publisher":"https:\/\/www.facebook.com\/SonoraEE\/","article_author":"https:\/\/www.facebook.com\/SonoraEE","article_published_time":"2021-01-16T05:45:05+00:00","og_image":[{"width":500,"height":334,"url":"https:\/\/www.sonoraenequipo.com.mx\/storage\/2021\/01\/e-clausen9.jpg","type":"image\/jpeg"}],"author":"enequipo","twitter_card":"summary_large_image","twitter_creator":"@sonoraenequipo","twitter_site":"@sonoraenequipo","twitter_misc":{"Escrito por":"enequipo","Tiempo de lectura":"3 minutos"},"schema":{"@context":"https:\/\/schema.org","@graph":[{"@type":"Article","@id":"https:\/\/www.sonoraenequipo.com.mx\/la-llegada-de-la-vacuna-no-significa-que-se-ha-ganado-la-batalla-al-covid-19-no-bajes-la-guardia-enrique-clausen\/#article","isPartOf":{"@id":"https:\/\/www.sonoraenequipo.com.mx\/la-llegada-de-la-vacuna-no-significa-que-se-ha-ganado-la-batalla-al-covid-19-no-bajes-la-guardia-enrique-clausen\/"},"author":{"name":"enequipo","@id":"https:\/\/www.sonoraenequipo.com.mx\/#\/schema\/person\/50102df0fb23a8fa9e8effad8fa81386"},"headline":"La llegada de la vacuna no significa que se ha ganado la batalla al COVID-19, no bajes la guardia: Enrique Clausen","datePublished":"2021-01-16T05:45:05+00:00","mainEntityOfPage":{"@id":"https:\/\/www.sonoraenequipo.com.mx\/la-llegada-de-la-vacuna-no-significa-que-se-ha-ganado-la-batalla-al-covid-19-no-bajes-la-guardia-enrique-clausen\/"},"wordCount":480,"commentCount":0,"publisher":{"@id":"https:\/\/www.sonoraenequipo.com.mx\/#organization"},"image":{"@id":"https:\/\/www.sonoraenequipo.com.mx\/la-llegada-de-la-vacuna-no-significa-que-se-ha-ganado-la-batalla-al-covid-19-no-bajes-la-guardia-enrique-clausen\/#primaryimage"},"thumbnailUrl":"https:\/\/www.sonoraenequipo.com.mx\/storage\/2021\/01\/e-clausen9.jpg","keywords":["covid","Sonora"],"articleSection":["Sonora"],"inLanguage":"es","potentialAction":[{"@type":"CommentAction","name":"Comment","target":["https:\/\/www.sonoraenequipo.com.mx\/la-llegada-de-la-vacuna-no-significa-que-se-ha-ganado-la-batalla-al-covid-19-no-bajes-la-guardia-enrique-clausen\/#respond"]}]},{"@type":"WebPage","@id":"https:\/\/www.sonoraenequipo.com.mx\/la-llegada-de-la-vacuna-no-significa-que-se-ha-ganado-la-batalla-al-covid-19-no-bajes-la-guardia-enrique-clausen\/","url":"https:\/\/www.sonoraenequipo.com.mx\/la-llegada-de-la-vacuna-no-significa-que-se-ha-ganado-la-batalla-al-covid-19-no-bajes-la-guardia-enrique-clausen\/","name":"Sonora en Equipo. La llegada de la vacuna no significa que se ha ganado la batalla al COVID-19, no bajes la guardia: Enrique Clausen Sonora","isPartOf":{"@id":"https:\/\/www.sonoraenequipo.com.mx\/#website"},"primaryImageOfPage":{"@id":"https:\/\/www.sonoraenequipo.com.mx\/la-llegada-de-la-vacuna-no-significa-que-se-ha-ganado-la-batalla-al-covid-19-no-bajes-la-guardia-enrique-clausen\/#primaryimage"},"image":{"@id":"https:\/\/www.sonoraenequipo.com.mx\/la-llegada-de-la-vacuna-no-significa-que-se-ha-ganado-la-batalla-al-covid-19-no-bajes-la-guardia-enrique-clausen\/#primaryimage"},"thumbnailUrl":"https:\/\/www.sonoraenequipo.com.mx\/storage\/2021\/01\/e-clausen9.jpg","datePublished":"2021-01-16T05:45:05+00:00","description":"&gt;&gt;Hoy se confirmaron 550 nuevos casos y 27 defunciones m\u00e1s en Sonora HERMOSILLO, SONORA,MX.\u2500\u2500 La llegada a Sonora de la vacuna contra el COVID-19 no En Sonora en Equipo publicamos toda la informaci\u00f3n de Sonora, M\u00e9xico y el Mundo de manera oportuna y busca que la libertad de expresi\u00f3n sea real. Visita nuestro medio informativo publicado desde Hermosillo, Sonora. %","breadcrumb":{"@id":"https:\/\/www.sonoraenequipo.com.mx\/la-llegada-de-la-vacuna-no-significa-que-se-ha-ganado-la-batalla-al-covid-19-no-bajes-la-guardia-enrique-clausen\/#breadcrumb"},"inLanguage":"es","potentialAction":[{"@type":"ReadAction","target":["https:\/\/www.sonoraenequipo.com.mx\/la-llegada-de-la-vacuna-no-significa-que-se-ha-ganado-la-batalla-al-covid-19-no-bajes-la-guardia-enrique-clausen\/"]}]},{"@type":"ImageObject","inLanguage":"es","@id":"https:\/\/www.sonoraenequipo.com.mx\/la-llegada-de-la-vacuna-no-significa-que-se-ha-ganado-la-batalla-al-covid-19-no-bajes-la-guardia-enrique-clausen\/#primaryimage","url":"https:\/\/www.sonoraenequipo.com.mx\/storage\/2021\/01\/e-clausen9.jpg","contentUrl":"https:\/\/www.sonoraenequipo.com.mx\/storage\/2021\/01\/e-clausen9.jpg","width":500,"height":334},{"@type":"BreadcrumbList","@id":"https:\/\/www.sonoraenequipo.com.mx\/la-llegada-de-la-vacuna-no-significa-que-se-ha-ganado-la-batalla-al-covid-19-no-bajes-la-guardia-enrique-clausen\/#breadcrumb","itemListElement":[{"@type":"ListItem","position":1,"name":"Portada","item":"https:\/\/www.sonoraenequipo.com.mx\/"},{"@type":"ListItem","position":2,"name":"La llegada de la vacuna no significa que se ha ganado la batalla al COVID-19, no bajes la guardia: Enrique Clausen"}]},{"@type":"WebSite","@id":"https:\/\/www.sonoraenequipo.com.mx\/#website","url":"https:\/\/www.sonoraenequipo.com.mx\/","name":"Sonora en Equipo.","description":"Diario en l\u00ednea con Noticias desde Hermosillo, Sonora","publisher":{"@id":"https:\/\/www.sonoraenequipo.com.mx\/#organization"},"potentialAction":[{"@type":"SearchAction","target":{"@type":"EntryPoint","urlTemplate":"https:\/\/www.sonoraenequipo.com.mx\/?s={search_term_string}"},"query-input":{"@type":"PropertyValueSpecification","valueRequired":true,"valueName":"search_term_string"}}],"inLanguage":"es"},{"@type":"Organization","@id":"https:\/\/www.sonoraenequipo.com.mx\/#organization","name":"Sonoraenequipo.com.mx","url":"https:\/\/www.sonoraenequipo.com.mx\/","logo":{"@type":"ImageObject","inLanguage":"es","@id":"https:\/\/www.sonoraenequipo.com.mx\/#\/schema\/logo\/image\/","url":"https:\/\/www.sonoraenequipo.com.mx\/storage\/2019\/01\/sonoraenequipo_opt.png","contentUrl":"https:\/\/www.sonoraenequipo.com.mx\/storage\/2019\/01\/sonoraenequipo_opt.png","width":375,"height":125,"caption":"Sonoraenequipo.com.mx"},"image":{"@id":"https:\/\/www.sonoraenequipo.com.mx\/#\/schema\/logo\/image\/"},"sameAs":["https:\/\/www.facebook.com\/SonoraEE\/","https:\/\/x.com\/sonoraenequipo","https:\/\/www.youtube.com\/channel\/UC338nW-lPEYmJQs4ZABQ1SQ"]},{"@type":"Person","@id":"https:\/\/www.sonoraenequipo.com.mx\/#\/schema\/person\/50102df0fb23a8fa9e8effad8fa81386","name":"enequipo","image":{"@type":"ImageObject","inLanguage":"es","@id":"https:\/\/www.sonoraenequipo.com.mx\/#\/schema\/person\/image\/","url":"https:\/\/secure.gravatar.com\/avatar\/049821681b589dabc0bc20695993ccebb09f5b5d4d790cd9251b97faac7c652b?s=96&d=blank&r=g","contentUrl":"https:\/\/secure.gravatar.com\/avatar\/049821681b589dabc0bc20695993ccebb09f5b5d4d790cd9251b97faac7c652b?s=96&d=blank&r=g","caption":"enequipo"},"sameAs":["https:\/\/www.facebook.com\/SonoraEE"]}]}},"jetpack_featured_media_url":"https:\/\/www.sonoraenequipo.com.mx\/storage\/2021\/01\/e-clausen9.jpg","_links":{"self":[{"href":"https:\/\/www.sonoraenequipo.com.mx\/api\/wp\/v2\/posts\/104730","targetHints":{"allow":["GET"]}}],"collection":[{"href":"https:\/\/www.sonoraenequipo.com.mx\/api\/wp\/v2\/posts"}],"about":[{"href":"https:\/\/www.sonoraenequipo.com.mx\/api\/wp\/v2\/types\/post"}],"author":[{"embeddable":true,"href":"https:\/\/www.sonoraenequipo.com.mx\/api\/wp\/v2\/users\/1"}],"replies":[{"embeddable":true,"href":"https:\/\/www.sonoraenequipo.com.mx\/api\/wp\/v2\/comments?post=104730"}],"version-history":[{"count":1,"href":"https:\/\/www.sonoraenequipo.com.mx\/api\/wp\/v2\/posts\/104730\/revisions"}],"predecessor-version":[{"id":104731,"href":"https:\/\/www.sonoraenequipo.com.mx\/api\/wp\/v2\/posts\/104730\/revisions\/104731"}],"wp:featuredmedia":[{"embeddable":true,"href":"https:\/\/www.sonoraenequipo.com.mx\/api\/wp\/v2\/media\/104184"}],"wp:attachment":[{"href":"https:\/\/www.sonoraenequipo.com.mx\/api\/wp\/v2\/media?parent=104730"}],"wp:term":[{"taxonomy":"category","embeddable":true,"href":"https:\/\/www.sonoraenequipo.com.mx\/api\/wp\/v2\/categories?post=104730"},{"taxonomy":"post_tag","embeddable":true,"href":"https:\/\/www.sonoraenequipo.com.mx\/api\/wp\/v2\/tags?post=104730"}],"curies":[{"name":"wp","href":"https:\/\/api.w.org\/{rel}","templated":true}]}}