{"id":104740,"date":"2021-01-15T23:48:08","date_gmt":"2021-01-16T06:48:08","guid":{"rendered":"https:\/\/www.sonoraenequipo.com.mx\/?p=104740"},"modified":"2021-01-15T21:13:16","modified_gmt":"2021-01-16T04:13:16","slug":"diez-estados-estan-en-semaforo-epidemiologico-rojo-solo-campeche-en-verde","status":"publish","type":"post","link":"https:\/\/www.sonoraenequipo.com.mx\/diez-estados-estan-en-semaforo-epidemiologico-rojo-solo-campeche-en-verde\/","title":{"rendered":"Diez estados est\u00e1n en sem\u00e1foro epidemiol\u00f3gico rojo; solo Campeche en verde"},"content":{"rendered":"<p>CIUDAD DE M\u00c9XICO. MX. \u2014 Las autoridades de Salud actualizaron, la noche del viernes 15 de enero de 2021, el sem\u00e1foro epidemiol\u00f3gico para los pr\u00f3ximos 15 d\u00edas. Solo Campeche estar\u00e1 en sem\u00e1foro verde, mientras que 10 en sem\u00e1foro rojo, 19 en naranja y 2 en amarillo.<\/p>\n<p>&nbsp;<\/p>\n<p> <\/p>\n<p>&nbsp;<\/p>\n<p>&nbsp;<\/p>\n<p>Desde hace cuatro meses y medio la estimaci\u00f3n de riesgos cuenta con 10 indicadores, anteriormente eran cuatro.<br \/>\nIndicadores del s\u00edndrome COVID<\/p>\n<p>&nbsp;<\/p>\n<p>Tasa de reproducci\u00f3n efectiva de COVID-19<\/p>\n<p>Tasa de incidencia de casos estimados activos por 100 mil habitantes<\/p>\n<p>Porcentaje semana de posibilidad al virus SARS-CoV-2<\/p>\n<p>Tendencia de casos de s\u00edndrome COVID-19 por 100 mil habitantes<\/p>\n<p>&nbsp;<\/p>\n<h3>Indicadores de hospitalizaci\u00f3n<\/h3>\n<p>&nbsp;<\/p>\n<p>Tasa de casos hospitalizados por 100 mil habitantes<\/p>\n<p>Porcentaje de camas generales ocupadas en los hospitales de la red hospitalaria para la atenci\u00f3n de Infecciones Respiratorias Ayudas Graves<\/p>\n<p>Porcentaje de camas con ventilador ocupadas en los hospitales de la Red IRAG<\/p>\n<p>Tendencia de casos hospitalizados por 100 mil habitantes<\/p>\n<p>&nbsp;<\/p>\n<h3>Indicadores de defunciones<\/h3>\n<p>&nbsp;<\/p>\n<p>Tasa de mortalidad por 100 mil habitantes<\/p>\n<p>Tendencia de la tasa de mortalidad por 100 mil habitantes.<\/p>\n<p>&nbsp;<\/p>\n<p>Sem\u00e1foro epidemiol\u00f3gico en M\u00e9xico<\/p>\n<p>&nbsp;<\/p>\n<h3>En Rojo:<\/h3>\n<p>Coahuila<br \/>\nNuevo Le\u00f3n<br \/>\nJalisco<br \/>\nGuanajuato<br \/>\nQuer\u00e9taro<br \/>\nCiudad de M\u00e9xico<br \/>\nEstado de M\u00e9xico<br \/>\nMorelos<br \/>\nHidalgo<br \/>\nTlaxcala<\/p>\n<h3>En Naranja:<\/h3>\n<p>Baja California<br \/>\nBaja California Sur<br \/>\nSonora<br \/>\nSinaloa<br \/>\nDurango<br \/>\nNayarit<br \/>\nZacatecas<br \/>\nSan Luis Potos\u00ed<br \/>\nTamaulipas<br \/>\nAguascalientes<br \/>\nMichoac\u00e1n<br \/>\nColima<br \/>\nPuebla<br \/>\nVeracruz<br \/>\nGuerrero<br \/>\nOaxaca<br \/>\nTabasco<br \/>\nYucat\u00e1n<br \/>\nQuintana Roo<\/p>\n<h3>En Amarillo<\/h3>\n<p>Chihuahua<br \/>\nChiapas<\/p>\n<p>&nbsp;<\/p>\n<p>Campeche<\/p>\n<p>(Publicada el 15\/01\/2021 \/ Con informaci\u00f3n de la Secretar\u00eda de Salud)<\/p>\n","protected":false},"excerpt":{"rendered":"<p>CIUDAD DE M\u00c9XICO. MX. \u2014 Las autoridades de Salud actualizaron, la noche del viernes 15&#8230;<\/p>\n","protected":false},"author":1,"featured_media":104741,"comment_status":"open","ping_status":"open","sticky":false,"template":"","format":"standard","meta":{"_monsterinsights_skip_tracking":false,"_monsterinsights_sitenote_active":false,"_monsterinsights_sitenote_note":"","_monsterinsights_sitenote_category":0,"footnotes":""},"categories":[5],"tags":[],"class_list":["post"],"yoast_head":" \n<title>Sonora en Equipo. Diez estados est\u00e1n en sem\u00e1foro epidemiol\u00f3gico rojo; solo Campeche en verde Rep\u00fablica<\/title>\n<meta name=\"description\" content=\"CIUDAD DE M\u00c9XICO. MX. \u2014 Las autoridades de Salud actualizaron, la noche del viernes 15 de enero de 2021, el sem\u00e1foro epidemiol\u00f3gico para los pr\u00f3ximos 15 En Sonora en Equipo publicamos toda la informaci\u00f3n de Sonora, M\u00e9xico y el Mundo de manera oportuna y busca que la libertad de expresi\u00f3n sea real. Visita nuestro medio informativo publicado desde Hermosillo, Sonora. %\" \/>\n<meta name=\"robots\" content=\"index, follow, max-snippet:-1, max-image-preview:large, max-video-preview:-1\" \/>\n<link rel=\"canonical\" href=\"https:\/\/www.sonoraenequipo.com.mx\/diez-estados-estan-en-semaforo-epidemiologico-rojo-solo-campeche-en-verde\/\" \/>\n<meta property=\"og:locale\" content=\"es_ES\" \/>\n<meta property=\"og:type\" content=\"article\" \/>\n<meta property=\"og:title\" content=\"Sonora en Equipo. Diez estados est\u00e1n en sem\u00e1foro epidemiol\u00f3gico rojo; solo Campeche en verde Rep\u00fablica\" \/>\n<meta property=\"og:description\" content=\"CIUDAD DE M\u00c9XICO. MX. \u2014 Las autoridades de Salud actualizaron, la noche del viernes 15 de enero de 2021, el sem\u00e1foro epidemiol\u00f3gico para los pr\u00f3ximos 15 En Sonora en Equipo publicamos toda la informaci\u00f3n de Sonora, M\u00e9xico y el Mundo de manera oportuna y busca que la libertad de expresi\u00f3n sea real. Visita nuestro medio informativo publicado desde Hermosillo, Sonora. %\" \/>\n<meta property=\"og:url\" content=\"https:\/\/www.sonoraenequipo.com.mx\/diez-estados-estan-en-semaforo-epidemiologico-rojo-solo-campeche-en-verde\/\" \/>\n<meta property=\"og:site_name\" content=\"Sonora en Equipo.\" \/>\n<meta property=\"article:publisher\" content=\"https:\/\/www.facebook.com\/SonoraEE\/\" \/>\n<meta property=\"article:author\" content=\"https:\/\/www.facebook.com\/SonoraEE\" \/>\n<meta property=\"article:published_time\" content=\"2021-01-16T06:48:08+00:00\" \/>\n<meta property=\"og:image\" content=\"https:\/\/www.sonoraenequipo.com.mx\/storage\/2021\/01\/semaforo-covid_opt.jpg\" \/>\n\t<meta property=\"og:image:width\" content=\"709\" \/>\n\t<meta property=\"og:image:height\" content=\"400\" \/>\n\t<meta property=\"og:image:type\" content=\"image\/jpeg\" \/>\n<meta name=\"author\" content=\"enequipo\" \/>\n<meta name=\"twitter:card\" content=\"summary_large_image\" \/>\n<meta name=\"twitter:creator\" content=\"@sonoraenequipo\" \/>\n<meta name=\"twitter:site\" content=\"@sonoraenequipo\" \/>\n<meta name=\"twitter:label1\" content=\"Escrito por\" \/>\n\t<meta name=\"twitter:data1\" content=\"enequipo\" \/>\n\t<meta name=\"twitter:label2\" content=\"Tiempo de lectura\" \/>\n\t<meta name=\"twitter:data2\" content=\"2 minutos\" \/>\n<script type=\"application\/ld+json\" class=\"yoast-schema-graph\">{\"@context\":\"https:\/\/schema.org\",\"@graph\":[{\"@type\":\"Article\",\"@id\":\"https:\/\/www.sonoraenequipo.com.mx\/diez-estados-estan-en-semaforo-epidemiologico-rojo-solo-campeche-en-verde\/#article\",\"isPartOf\":{\"@id\":\"https:\/\/www.sonoraenequipo.com.mx\/diez-estados-estan-en-semaforo-epidemiologico-rojo-solo-campeche-en-verde\/\"},\"author\":{\"name\":\"enequipo\",\"@id\":\"https:\/\/www.sonoraenequipo.com.mx\/#\/schema\/person\/50102df0fb23a8fa9e8effad8fa81386\"},\"headline\":\"Diez estados est\u00e1n en sem\u00e1foro epidemiol\u00f3gico rojo; solo Campeche en verde\",\"datePublished\":\"2021-01-16T06:48:08+00:00\",\"mainEntityOfPage\":{\"@id\":\"https:\/\/www.sonoraenequipo.com.mx\/diez-estados-estan-en-semaforo-epidemiologico-rojo-solo-campeche-en-verde\/\"},\"wordCount\":270,\"commentCount\":0,\"publisher\":{\"@id\":\"https:\/\/www.sonoraenequipo.com.mx\/#organization\"},\"image\":{\"@id\":\"https:\/\/www.sonoraenequipo.com.mx\/diez-estados-estan-en-semaforo-epidemiologico-rojo-solo-campeche-en-verde\/#primaryimage\"},\"thumbnailUrl\":\"https:\/\/www.sonoraenequipo.com.mx\/storage\/2021\/01\/semaforo-covid_opt.jpg\",\"articleSection\":[\"Rep\u00fablica\"],\"inLanguage\":\"es\",\"potentialAction\":[{\"@type\":\"CommentAction\",\"name\":\"Comment\",\"target\":[\"https:\/\/www.sonoraenequipo.com.mx\/diez-estados-estan-en-semaforo-epidemiologico-rojo-solo-campeche-en-verde\/#respond\"]}]},{\"@type\":\"WebPage\",\"@id\":\"https:\/\/www.sonoraenequipo.com.mx\/diez-estados-estan-en-semaforo-epidemiologico-rojo-solo-campeche-en-verde\/\",\"url\":\"https:\/\/www.sonoraenequipo.com.mx\/diez-estados-estan-en-semaforo-epidemiologico-rojo-solo-campeche-en-verde\/\",\"name\":\"Sonora en Equipo. Diez estados est\u00e1n en sem\u00e1foro epidemiol\u00f3gico rojo; solo Campeche en verde Rep\u00fablica\",\"isPartOf\":{\"@id\":\"https:\/\/www.sonoraenequipo.com.mx\/#website\"},\"primaryImageOfPage\":{\"@id\":\"https:\/\/www.sonoraenequipo.com.mx\/diez-estados-estan-en-semaforo-epidemiologico-rojo-solo-campeche-en-verde\/#primaryimage\"},\"image\":{\"@id\":\"https:\/\/www.sonoraenequipo.com.mx\/diez-estados-estan-en-semaforo-epidemiologico-rojo-solo-campeche-en-verde\/#primaryimage\"},\"thumbnailUrl\":\"https:\/\/www.sonoraenequipo.com.mx\/storage\/2021\/01\/semaforo-covid_opt.jpg\",\"datePublished\":\"2021-01-16T06:48:08+00:00\",\"description\":\"CIUDAD DE M\u00c9XICO. MX. \u2014 Las autoridades de Salud actualizaron, la noche del viernes 15 de enero de 2021, el sem\u00e1foro epidemiol\u00f3gico para los pr\u00f3ximos 15 En Sonora en Equipo publicamos toda la informaci\u00f3n de Sonora, M\u00e9xico y el Mundo de manera oportuna y busca que la libertad de expresi\u00f3n sea real. Visita nuestro medio informativo publicado desde Hermosillo, Sonora. %\",\"breadcrumb\":{\"@id\":\"https:\/\/www.sonoraenequipo.com.mx\/diez-estados-estan-en-semaforo-epidemiologico-rojo-solo-campeche-en-verde\/#breadcrumb\"},\"inLanguage\":\"es\",\"potentialAction\":[{\"@type\":\"ReadAction\",\"target\":[\"https:\/\/www.sonoraenequipo.com.mx\/diez-estados-estan-en-semaforo-epidemiologico-rojo-solo-campeche-en-verde\/\"]}]},{\"@type\":\"ImageObject\",\"inLanguage\":\"es\",\"@id\":\"https:\/\/www.sonoraenequipo.com.mx\/diez-estados-estan-en-semaforo-epidemiologico-rojo-solo-campeche-en-verde\/#primaryimage\",\"url\":\"https:\/\/www.sonoraenequipo.com.mx\/storage\/2021\/01\/semaforo-covid_opt.jpg\",\"contentUrl\":\"https:\/\/www.sonoraenequipo.com.mx\/storage\/2021\/01\/semaforo-covid_opt.jpg\",\"width\":709,\"height\":400},{\"@type\":\"BreadcrumbList\",\"@id\":\"https:\/\/www.sonoraenequipo.com.mx\/diez-estados-estan-en-semaforo-epidemiologico-rojo-solo-campeche-en-verde\/#breadcrumb\",\"itemListElement\":[{\"@type\":\"ListItem\",\"position\":1,\"name\":\"Portada\",\"item\":\"https:\/\/www.sonoraenequipo.com.mx\/\"},{\"@type\":\"ListItem\",\"position\":2,\"name\":\"Diez estados est\u00e1n en sem\u00e1foro epidemiol\u00f3gico rojo; solo Campeche en verde\"}]},{\"@type\":\"WebSite\",\"@id\":\"https:\/\/www.sonoraenequipo.com.mx\/#website\",\"url\":\"https:\/\/www.sonoraenequipo.com.mx\/\",\"name\":\"Sonora en Equipo.\",\"description\":\"Diario en l\u00ednea con Noticias desde Hermosillo, Sonora\",\"publisher\":{\"@id\":\"https:\/\/www.sonoraenequipo.com.mx\/#organization\"},\"potentialAction\":[{\"@type\":\"SearchAction\",\"target\":{\"@type\":\"EntryPoint\",\"urlTemplate\":\"https:\/\/www.sonoraenequipo.com.mx\/?s={search_term_string}\"},\"query-input\":{\"@type\":\"PropertyValueSpecification\",\"valueRequired\":true,\"valueName\":\"search_term_string\"}}],\"inLanguage\":\"es\"},{\"@type\":\"Organization\",\"@id\":\"https:\/\/www.sonoraenequipo.com.mx\/#organization\",\"name\":\"Sonoraenequipo.com.mx\",\"url\":\"https:\/\/www.sonoraenequipo.com.mx\/\",\"logo\":{\"@type\":\"ImageObject\",\"inLanguage\":\"es\",\"@id\":\"https:\/\/www.sonoraenequipo.com.mx\/#\/schema\/logo\/image\/\",\"url\":\"https:\/\/www.sonoraenequipo.com.mx\/storage\/2019\/01\/sonoraenequipo_opt.png\",\"contentUrl\":\"https:\/\/www.sonoraenequipo.com.mx\/storage\/2019\/01\/sonoraenequipo_opt.png\",\"width\":375,\"height\":125,\"caption\":\"Sonoraenequipo.com.mx\"},\"image\":{\"@id\":\"https:\/\/www.sonoraenequipo.com.mx\/#\/schema\/logo\/image\/\"},\"sameAs\":[\"https:\/\/www.facebook.com\/SonoraEE\/\",\"https:\/\/x.com\/sonoraenequipo\",\"https:\/\/www.youtube.com\/channel\/UC338nW-lPEYmJQs4ZABQ1SQ\"]},{\"@type\":\"Person\",\"@id\":\"https:\/\/www.sonoraenequipo.com.mx\/#\/schema\/person\/50102df0fb23a8fa9e8effad8fa81386\",\"name\":\"enequipo\",\"image\":{\"@type\":\"ImageObject\",\"inLanguage\":\"es\",\"@id\":\"https:\/\/www.sonoraenequipo.com.mx\/#\/schema\/person\/image\/\",\"url\":\"https:\/\/secure.gravatar.com\/avatar\/049821681b589dabc0bc20695993ccebb09f5b5d4d790cd9251b97faac7c652b?s=96&d=blank&r=g\",\"contentUrl\":\"https:\/\/secure.gravatar.com\/avatar\/049821681b589dabc0bc20695993ccebb09f5b5d4d790cd9251b97faac7c652b?s=96&d=blank&r=g\",\"caption\":\"enequipo\"},\"sameAs\":[\"https:\/\/www.facebook.com\/SonoraEE\"]}]}<\/script>\n ","yoast_head_json":{"title":"Sonora en Equipo. Diez estados est\u00e1n en sem\u00e1foro epidemiol\u00f3gico rojo; solo Campeche en verde Rep\u00fablica","description":"CIUDAD DE M\u00c9XICO. MX. \u2014 Las autoridades de Salud actualizaron, la noche del viernes 15 de enero de 2021, el sem\u00e1foro epidemiol\u00f3gico para los pr\u00f3ximos 15 En Sonora en Equipo publicamos toda la informaci\u00f3n de Sonora, M\u00e9xico y el Mundo de manera oportuna y busca que la libertad de expresi\u00f3n sea real. Visita nuestro medio informativo publicado desde Hermosillo, Sonora. %","robots":{"index":"index","follow":"follow","max-snippet":"max-snippet:-1","max-image-preview":"max-image-preview:large","max-video-preview":"max-video-preview:-1"},"canonical":"https:\/\/www.sonoraenequipo.com.mx\/diez-estados-estan-en-semaforo-epidemiologico-rojo-solo-campeche-en-verde\/","og_locale":"es_ES","og_type":"article","og_title":"Sonora en Equipo. Diez estados est\u00e1n en sem\u00e1foro epidemiol\u00f3gico rojo; solo Campeche en verde Rep\u00fablica","og_description":"CIUDAD DE M\u00c9XICO. MX. \u2014 Las autoridades de Salud actualizaron, la noche del viernes 15 de enero de 2021, el sem\u00e1foro epidemiol\u00f3gico para los pr\u00f3ximos 15 En Sonora en Equipo publicamos toda la informaci\u00f3n de Sonora, M\u00e9xico y el Mundo de manera oportuna y busca que la libertad de expresi\u00f3n sea real. Visita nuestro medio informativo publicado desde Hermosillo, Sonora. %","og_url":"https:\/\/www.sonoraenequipo.com.mx\/diez-estados-estan-en-semaforo-epidemiologico-rojo-solo-campeche-en-verde\/","og_site_name":"Sonora en Equipo.","article_publisher":"https:\/\/www.facebook.com\/SonoraEE\/","article_author":"https:\/\/www.facebook.com\/SonoraEE","article_published_time":"2021-01-16T06:48:08+00:00","og_image":[{"width":709,"height":400,"url":"https:\/\/www.sonoraenequipo.com.mx\/storage\/2021\/01\/semaforo-covid_opt.jpg","type":"image\/jpeg"}],"author":"enequipo","twitter_card":"summary_large_image","twitter_creator":"@sonoraenequipo","twitter_site":"@sonoraenequipo","twitter_misc":{"Escrito por":"enequipo","Tiempo de lectura":"2 minutos"},"schema":{"@context":"https:\/\/schema.org","@graph":[{"@type":"Article","@id":"https:\/\/www.sonoraenequipo.com.mx\/diez-estados-estan-en-semaforo-epidemiologico-rojo-solo-campeche-en-verde\/#article","isPartOf":{"@id":"https:\/\/www.sonoraenequipo.com.mx\/diez-estados-estan-en-semaforo-epidemiologico-rojo-solo-campeche-en-verde\/"},"author":{"name":"enequipo","@id":"https:\/\/www.sonoraenequipo.com.mx\/#\/schema\/person\/50102df0fb23a8fa9e8effad8fa81386"},"headline":"Diez estados est\u00e1n en sem\u00e1foro epidemiol\u00f3gico rojo; solo Campeche en verde","datePublished":"2021-01-16T06:48:08+00:00","mainEntityOfPage":{"@id":"https:\/\/www.sonoraenequipo.com.mx\/diez-estados-estan-en-semaforo-epidemiologico-rojo-solo-campeche-en-verde\/"},"wordCount":270,"commentCount":0,"publisher":{"@id":"https:\/\/www.sonoraenequipo.com.mx\/#organization"},"image":{"@id":"https:\/\/www.sonoraenequipo.com.mx\/diez-estados-estan-en-semaforo-epidemiologico-rojo-solo-campeche-en-verde\/#primaryimage"},"thumbnailUrl":"https:\/\/www.sonoraenequipo.com.mx\/storage\/2021\/01\/semaforo-covid_opt.jpg","articleSection":["Rep\u00fablica"],"inLanguage":"es","potentialAction":[{"@type":"CommentAction","name":"Comment","target":["https:\/\/www.sonoraenequipo.com.mx\/diez-estados-estan-en-semaforo-epidemiologico-rojo-solo-campeche-en-verde\/#respond"]}]},{"@type":"WebPage","@id":"https:\/\/www.sonoraenequipo.com.mx\/diez-estados-estan-en-semaforo-epidemiologico-rojo-solo-campeche-en-verde\/","url":"https:\/\/www.sonoraenequipo.com.mx\/diez-estados-estan-en-semaforo-epidemiologico-rojo-solo-campeche-en-verde\/","name":"Sonora en Equipo. Diez estados est\u00e1n en sem\u00e1foro epidemiol\u00f3gico rojo; solo Campeche en verde Rep\u00fablica","isPartOf":{"@id":"https:\/\/www.sonoraenequipo.com.mx\/#website"},"primaryImageOfPage":{"@id":"https:\/\/www.sonoraenequipo.com.mx\/diez-estados-estan-en-semaforo-epidemiologico-rojo-solo-campeche-en-verde\/#primaryimage"},"image":{"@id":"https:\/\/www.sonoraenequipo.com.mx\/diez-estados-estan-en-semaforo-epidemiologico-rojo-solo-campeche-en-verde\/#primaryimage"},"thumbnailUrl":"https:\/\/www.sonoraenequipo.com.mx\/storage\/2021\/01\/semaforo-covid_opt.jpg","datePublished":"2021-01-16T06:48:08+00:00","description":"CIUDAD DE M\u00c9XICO. MX. \u2014 Las autoridades de Salud actualizaron, la noche del viernes 15 de enero de 2021, el sem\u00e1foro epidemiol\u00f3gico para los pr\u00f3ximos 15 En Sonora en Equipo publicamos toda la informaci\u00f3n de Sonora, M\u00e9xico y el Mundo de manera oportuna y busca que la libertad de expresi\u00f3n sea real. Visita nuestro medio informativo publicado desde Hermosillo, Sonora. %","breadcrumb":{"@id":"https:\/\/www.sonoraenequipo.com.mx\/diez-estados-estan-en-semaforo-epidemiologico-rojo-solo-campeche-en-verde\/#breadcrumb"},"inLanguage":"es","potentialAction":[{"@type":"ReadAction","target":["https:\/\/www.sonoraenequipo.com.mx\/diez-estados-estan-en-semaforo-epidemiologico-rojo-solo-campeche-en-verde\/"]}]},{"@type":"ImageObject","inLanguage":"es","@id":"https:\/\/www.sonoraenequipo.com.mx\/diez-estados-estan-en-semaforo-epidemiologico-rojo-solo-campeche-en-verde\/#primaryimage","url":"https:\/\/www.sonoraenequipo.com.mx\/storage\/2021\/01\/semaforo-covid_opt.jpg","contentUrl":"https:\/\/www.sonoraenequipo.com.mx\/storage\/2021\/01\/semaforo-covid_opt.jpg","width":709,"height":400},{"@type":"BreadcrumbList","@id":"https:\/\/www.sonoraenequipo.com.mx\/diez-estados-estan-en-semaforo-epidemiologico-rojo-solo-campeche-en-verde\/#breadcrumb","itemListElement":[{"@type":"ListItem","position":1,"name":"Portada","item":"https:\/\/www.sonoraenequipo.com.mx\/"},{"@type":"ListItem","position":2,"name":"Diez estados est\u00e1n en sem\u00e1foro epidemiol\u00f3gico rojo; solo Campeche en verde"}]},{"@type":"WebSite","@id":"https:\/\/www.sonoraenequipo.com.mx\/#website","url":"https:\/\/www.sonoraenequipo.com.mx\/","name":"Sonora en Equipo.","description":"Diario en l\u00ednea con Noticias desde Hermosillo, Sonora","publisher":{"@id":"https:\/\/www.sonoraenequipo.com.mx\/#organization"},"potentialAction":[{"@type":"SearchAction","target":{"@type":"EntryPoint","urlTemplate":"https:\/\/www.sonoraenequipo.com.mx\/?s={search_term_string}"},"query-input":{"@type":"PropertyValueSpecification","valueRequired":true,"valueName":"search_term_string"}}],"inLanguage":"es"},{"@type":"Organization","@id":"https:\/\/www.sonoraenequipo.com.mx\/#organization","name":"Sonoraenequipo.com.mx","url":"https:\/\/www.sonoraenequipo.com.mx\/","logo":{"@type":"ImageObject","inLanguage":"es","@id":"https:\/\/www.sonoraenequipo.com.mx\/#\/schema\/logo\/image\/","url":"https:\/\/www.sonoraenequipo.com.mx\/storage\/2019\/01\/sonoraenequipo_opt.png","contentUrl":"https:\/\/www.sonoraenequipo.com.mx\/storage\/2019\/01\/sonoraenequipo_opt.png","width":375,"height":125,"caption":"Sonoraenequipo.com.mx"},"image":{"@id":"https:\/\/www.sonoraenequipo.com.mx\/#\/schema\/logo\/image\/"},"sameAs":["https:\/\/www.facebook.com\/SonoraEE\/","https:\/\/x.com\/sonoraenequipo","https:\/\/www.youtube.com\/channel\/UC338nW-lPEYmJQs4ZABQ1SQ"]},{"@type":"Person","@id":"https:\/\/www.sonoraenequipo.com.mx\/#\/schema\/person\/50102df0fb23a8fa9e8effad8fa81386","name":"enequipo","image":{"@type":"ImageObject","inLanguage":"es","@id":"https:\/\/www.sonoraenequipo.com.mx\/#\/schema\/person\/image\/","url":"https:\/\/secure.gravatar.com\/avatar\/049821681b589dabc0bc20695993ccebb09f5b5d4d790cd9251b97faac7c652b?s=96&d=blank&r=g","contentUrl":"https:\/\/secure.gravatar.com\/avatar\/049821681b589dabc0bc20695993ccebb09f5b5d4d790cd9251b97faac7c652b?s=96&d=blank&r=g","caption":"enequipo"},"sameAs":["https:\/\/www.facebook.com\/SonoraEE"]}]}},"jetpack_featured_media_url":"https:\/\/www.sonoraenequipo.com.mx\/storage\/2021\/01\/semaforo-covid_opt.jpg","_links":{"self":[{"href":"https:\/\/www.sonoraenequipo.com.mx\/api\/wp\/v2\/posts\/104740","targetHints":{"allow":["GET"]}}],"collection":[{"href":"https:\/\/www.sonoraenequipo.com.mx\/api\/wp\/v2\/posts"}],"about":[{"href":"https:\/\/www.sonoraenequipo.com.mx\/api\/wp\/v2\/types\/post"}],"author":[{"embeddable":true,"href":"https:\/\/www.sonoraenequipo.com.mx\/api\/wp\/v2\/users\/1"}],"replies":[{"embeddable":true,"href":"https:\/\/www.sonoraenequipo.com.mx\/api\/wp\/v2\/comments?post=104740"}],"version-history":[{"count":1,"href":"https:\/\/www.sonoraenequipo.com.mx\/api\/wp\/v2\/posts\/104740\/revisions"}],"predecessor-version":[{"id":104742,"href":"https:\/\/www.sonoraenequipo.com.mx\/api\/wp\/v2\/posts\/104740\/revisions\/104742"}],"wp:featuredmedia":[{"embeddable":true,"href":"https:\/\/www.sonoraenequipo.com.mx\/api\/wp\/v2\/media\/104741"}],"wp:attachment":[{"href":"https:\/\/www.sonoraenequipo.com.mx\/api\/wp\/v2\/media?parent=104740"}],"wp:term":[{"taxonomy":"category","embeddable":true,"href":"https:\/\/www.sonoraenequipo.com.mx\/api\/wp\/v2\/categories?post=104740"},{"taxonomy":"post_tag","embeddable":true,"href":"https:\/\/www.sonoraenequipo.com.mx\/api\/wp\/v2\/tags?post=104740"}],"curies":[{"name":"wp","href":"https:\/\/api.w.org\/{rel}","templated":true}]}}