{"id":104744,"date":"2021-01-16T11:51:46","date_gmt":"2021-01-16T18:51:46","guid":{"rendered":"https:\/\/www.sonoraenequipo.com.mx\/?p=104744"},"modified":"2021-01-16T18:09:13","modified_gmt":"2021-01-17T01:09:13","slug":"analizara-fgje-restos-oseos-localizados-en-guaymas","status":"publish","type":"post","link":"https:\/\/www.sonoraenequipo.com.mx\/analizara-fgje-restos-oseos-localizados-en-guaymas\/","title":{"rendered":"Analizar\u00e1 FGJE restos \u00f3seos localizados en Guaymas"},"content":{"rendered":"<p>GUAYMAS, SONORA,MX.\u2500El Antrop\u00f3logo y personal de Servicios Periciales, de la Fiscal\u00eda General de Justicia del Estado de Sonora (FGJE), realizaran en el Laboratorio Cient\u00edfico Forence el procesamiento e inspecci\u00f3n del lugar en donde el colectivo Madres Buscadoras realizaron el hallazgo de restos \u00f3seos.<\/p>\n<p>&nbsp;<\/p>\n<p>El lugar, ubicado a un kil\u00f3metro al Nororiente del ejido Esteban Baca Calder\u00f3n, del municipio de Guaymas, qued\u00f3 asegurado para continuar este jueves 14 de enero con los trabajos periciales, debido a la falta de luz y por estar enmontado.<\/p>\n<p>&nbsp;<\/p>\n<p>El mi\u00e9rcoles 13 de enero, el Colectivo de Madres Buscadoras inform\u00f3 que tuvo hallazgo positivo en el predio, hasta donde se trasladaron elementos de la Agencia Ministerial de Investigaci\u00f3n Criminal (AMIC), de Servicios Periciales y Polic\u00eda Municipal.<\/p>\n<p>&nbsp;<\/p>\n<p>Fue revisada el \u00e1rea y asegurada la superficie de un \u00e1rea elevada, a manera de cordillera, donde se observaron a simple vista restos \u00f3seos, calcinados, los cuales ser\u00e1n analizados para determinar si pertenecen o no a humanos.<\/p>\n<p>&nbsp;<\/p>\n<p>Adem\u00e1s de los restos \u00f3seos, se hallaron otros indicios, tres casquillos con alto grado de oxidaci\u00f3n, que fueron asegurados y recolectados por personal de la Fiscal\u00eda de Sonora; este jueves seguir\u00e1n los trabajos de aseguramiento y mantener la b\u00fasqueda en el \u00e1rea y se informar\u00e1 objetivamente el resultado de este hallazgo.<\/p>\n<p>Fecha de publicaci\u00f3n 16\/ene\/2021<\/p>\n","protected":false},"excerpt":{"rendered":"<p>GUAYMAS, SONORA,MX.\u2500El Antrop\u00f3logo y personal de Servicios Periciales, de la Fiscal\u00eda General de Justicia del&#8230;<\/p>\n","protected":false},"author":1,"featured_media":104745,"comment_status":"open","ping_status":"open","sticky":false,"template":"","format":"standard","meta":{"_monsterinsights_skip_tracking":false,"_monsterinsights_sitenote_active":false,"_monsterinsights_sitenote_note":"","_monsterinsights_sitenote_category":0,"footnotes":""},"categories":[3144],"tags":[170,15],"class_list":["post"],"yoast_head":" \n<title>Sonora en Equipo. Analizar\u00e1 FGJE restos \u00f3seos localizados en Guaymas Polic\u00edaca<\/title>\n<meta name=\"description\" content=\"GUAYMAS, SONORA,MX.\u2500El Antrop\u00f3logo y personal de Servicios Periciales, de la Fiscal\u00eda General de Justicia del Estado de Sonora (FGJE), realizaran en el En Sonora en Equipo publicamos toda la informaci\u00f3n de Sonora, M\u00e9xico y el Mundo de manera oportuna y busca que la libertad de expresi\u00f3n sea real. Visita nuestro medio informativo publicado desde Hermosillo, Sonora. %\" \/>\n<meta name=\"robots\" content=\"index, follow, max-snippet:-1, max-image-preview:large, max-video-preview:-1\" \/>\n<link rel=\"canonical\" href=\"https:\/\/www.sonoraenequipo.com.mx\/analizara-fgje-restos-oseos-localizados-en-guaymas\/\" \/>\n<meta property=\"og:locale\" content=\"es_ES\" \/>\n<meta property=\"og:type\" content=\"article\" \/>\n<meta property=\"og:title\" content=\"Sonora en Equipo. Analizar\u00e1 FGJE restos \u00f3seos localizados en Guaymas Polic\u00edaca\" \/>\n<meta property=\"og:description\" content=\"GUAYMAS, SONORA,MX.\u2500El Antrop\u00f3logo y personal de Servicios Periciales, de la Fiscal\u00eda General de Justicia del Estado de Sonora (FGJE), realizaran en el En Sonora en Equipo publicamos toda la informaci\u00f3n de Sonora, M\u00e9xico y el Mundo de manera oportuna y busca que la libertad de expresi\u00f3n sea real. Visita nuestro medio informativo publicado desde Hermosillo, Sonora. %\" \/>\n<meta property=\"og:url\" content=\"https:\/\/www.sonoraenequipo.com.mx\/analizara-fgje-restos-oseos-localizados-en-guaymas\/\" \/>\n<meta property=\"og:site_name\" content=\"Sonora en Equipo.\" \/>\n<meta property=\"article:publisher\" content=\"https:\/\/www.facebook.com\/SonoraEE\/\" \/>\n<meta property=\"article:author\" content=\"https:\/\/www.facebook.com\/SonoraEE\" \/>\n<meta property=\"article:published_time\" content=\"2021-01-16T18:51:46+00:00\" \/>\n<meta property=\"article:modified_time\" content=\"2021-01-17T01:09:13+00:00\" \/>\n<meta property=\"og:image\" content=\"https:\/\/www.sonoraenequipo.com.mx\/storage\/2021\/01\/huesos-gms.jpg\" \/>\n\t<meta property=\"og:image:width\" content=\"500\" \/>\n\t<meta property=\"og:image:height\" content=\"300\" \/>\n\t<meta property=\"og:image:type\" content=\"image\/jpeg\" \/>\n<meta name=\"author\" content=\"enequipo\" \/>\n<meta name=\"twitter:card\" content=\"summary_large_image\" \/>\n<meta name=\"twitter:creator\" content=\"@sonoraenequipo\" \/>\n<meta name=\"twitter:site\" content=\"@sonoraenequipo\" \/>\n<meta name=\"twitter:label1\" content=\"Escrito por\" \/>\n\t<meta name=\"twitter:data1\" content=\"enequipo\" \/>\n\t<meta name=\"twitter:label2\" content=\"Tiempo de lectura\" \/>\n\t<meta name=\"twitter:data2\" content=\"1 minuto\" \/>\n<script type=\"application\/ld+json\" class=\"yoast-schema-graph\">{\"@context\":\"https:\/\/schema.org\",\"@graph\":[{\"@type\":\"Article\",\"@id\":\"https:\/\/www.sonoraenequipo.com.mx\/analizara-fgje-restos-oseos-localizados-en-guaymas\/#article\",\"isPartOf\":{\"@id\":\"https:\/\/www.sonoraenequipo.com.mx\/analizara-fgje-restos-oseos-localizados-en-guaymas\/\"},\"author\":{\"name\":\"enequipo\",\"@id\":\"https:\/\/www.sonoraenequipo.com.mx\/#\/schema\/person\/50102df0fb23a8fa9e8effad8fa81386\"},\"headline\":\"Analizar\u00e1 FGJE restos \u00f3seos localizados en Guaymas\",\"datePublished\":\"2021-01-16T18:51:46+00:00\",\"dateModified\":\"2021-01-17T01:09:13+00:00\",\"mainEntityOfPage\":{\"@id\":\"https:\/\/www.sonoraenequipo.com.mx\/analizara-fgje-restos-oseos-localizados-en-guaymas\/\"},\"wordCount\":239,\"commentCount\":0,\"publisher\":{\"@id\":\"https:\/\/www.sonoraenequipo.com.mx\/#organization\"},\"image\":{\"@id\":\"https:\/\/www.sonoraenequipo.com.mx\/analizara-fgje-restos-oseos-localizados-en-guaymas\/#primaryimage\"},\"thumbnailUrl\":\"https:\/\/www.sonoraenequipo.com.mx\/storage\/2021\/01\/huesos-gms.jpg\",\"keywords\":[\"Seguridad\",\"Sonora\"],\"articleSection\":[\"Polic\u00edaca\"],\"inLanguage\":\"es\",\"potentialAction\":[{\"@type\":\"CommentAction\",\"name\":\"Comment\",\"target\":[\"https:\/\/www.sonoraenequipo.com.mx\/analizara-fgje-restos-oseos-localizados-en-guaymas\/#respond\"]}]},{\"@type\":\"WebPage\",\"@id\":\"https:\/\/www.sonoraenequipo.com.mx\/analizara-fgje-restos-oseos-localizados-en-guaymas\/\",\"url\":\"https:\/\/www.sonoraenequipo.com.mx\/analizara-fgje-restos-oseos-localizados-en-guaymas\/\",\"name\":\"Sonora en Equipo. Analizar\u00e1 FGJE restos \u00f3seos localizados en Guaymas Polic\u00edaca\",\"isPartOf\":{\"@id\":\"https:\/\/www.sonoraenequipo.com.mx\/#website\"},\"primaryImageOfPage\":{\"@id\":\"https:\/\/www.sonoraenequipo.com.mx\/analizara-fgje-restos-oseos-localizados-en-guaymas\/#primaryimage\"},\"image\":{\"@id\":\"https:\/\/www.sonoraenequipo.com.mx\/analizara-fgje-restos-oseos-localizados-en-guaymas\/#primaryimage\"},\"thumbnailUrl\":\"https:\/\/www.sonoraenequipo.com.mx\/storage\/2021\/01\/huesos-gms.jpg\",\"datePublished\":\"2021-01-16T18:51:46+00:00\",\"dateModified\":\"2021-01-17T01:09:13+00:00\",\"description\":\"GUAYMAS, SONORA,MX.\u2500El Antrop\u00f3logo y personal de Servicios Periciales, de la Fiscal\u00eda General de Justicia del Estado de Sonora (FGJE), realizaran en el En Sonora en Equipo publicamos toda la informaci\u00f3n de Sonora, M\u00e9xico y el Mundo de manera oportuna y busca que la libertad de expresi\u00f3n sea real. Visita nuestro medio informativo publicado desde Hermosillo, Sonora. %\",\"breadcrumb\":{\"@id\":\"https:\/\/www.sonoraenequipo.com.mx\/analizara-fgje-restos-oseos-localizados-en-guaymas\/#breadcrumb\"},\"inLanguage\":\"es\",\"potentialAction\":[{\"@type\":\"ReadAction\",\"target\":[\"https:\/\/www.sonoraenequipo.com.mx\/analizara-fgje-restos-oseos-localizados-en-guaymas\/\"]}]},{\"@type\":\"ImageObject\",\"inLanguage\":\"es\",\"@id\":\"https:\/\/www.sonoraenequipo.com.mx\/analizara-fgje-restos-oseos-localizados-en-guaymas\/#primaryimage\",\"url\":\"https:\/\/www.sonoraenequipo.com.mx\/storage\/2021\/01\/huesos-gms.jpg\",\"contentUrl\":\"https:\/\/www.sonoraenequipo.com.mx\/storage\/2021\/01\/huesos-gms.jpg\",\"width\":500,\"height\":300},{\"@type\":\"BreadcrumbList\",\"@id\":\"https:\/\/www.sonoraenequipo.com.mx\/analizara-fgje-restos-oseos-localizados-en-guaymas\/#breadcrumb\",\"itemListElement\":[{\"@type\":\"ListItem\",\"position\":1,\"name\":\"Portada\",\"item\":\"https:\/\/www.sonoraenequipo.com.mx\/\"},{\"@type\":\"ListItem\",\"position\":2,\"name\":\"Analizar\u00e1 FGJE restos \u00f3seos localizados en Guaymas\"}]},{\"@type\":\"WebSite\",\"@id\":\"https:\/\/www.sonoraenequipo.com.mx\/#website\",\"url\":\"https:\/\/www.sonoraenequipo.com.mx\/\",\"name\":\"Sonora en Equipo.\",\"description\":\"Diario en l\u00ednea con Noticias desde Hermosillo, Sonora\",\"publisher\":{\"@id\":\"https:\/\/www.sonoraenequipo.com.mx\/#organization\"},\"potentialAction\":[{\"@type\":\"SearchAction\",\"target\":{\"@type\":\"EntryPoint\",\"urlTemplate\":\"https:\/\/www.sonoraenequipo.com.mx\/?s={search_term_string}\"},\"query-input\":{\"@type\":\"PropertyValueSpecification\",\"valueRequired\":true,\"valueName\":\"search_term_string\"}}],\"inLanguage\":\"es\"},{\"@type\":\"Organization\",\"@id\":\"https:\/\/www.sonoraenequipo.com.mx\/#organization\",\"name\":\"Sonoraenequipo.com.mx\",\"url\":\"https:\/\/www.sonoraenequipo.com.mx\/\",\"logo\":{\"@type\":\"ImageObject\",\"inLanguage\":\"es\",\"@id\":\"https:\/\/www.sonoraenequipo.com.mx\/#\/schema\/logo\/image\/\",\"url\":\"https:\/\/www.sonoraenequipo.com.mx\/storage\/2019\/01\/sonoraenequipo_opt.png\",\"contentUrl\":\"https:\/\/www.sonoraenequipo.com.mx\/storage\/2019\/01\/sonoraenequipo_opt.png\",\"width\":375,\"height\":125,\"caption\":\"Sonoraenequipo.com.mx\"},\"image\":{\"@id\":\"https:\/\/www.sonoraenequipo.com.mx\/#\/schema\/logo\/image\/\"},\"sameAs\":[\"https:\/\/www.facebook.com\/SonoraEE\/\",\"https:\/\/x.com\/sonoraenequipo\",\"https:\/\/www.youtube.com\/channel\/UC338nW-lPEYmJQs4ZABQ1SQ\"]},{\"@type\":\"Person\",\"@id\":\"https:\/\/www.sonoraenequipo.com.mx\/#\/schema\/person\/50102df0fb23a8fa9e8effad8fa81386\",\"name\":\"enequipo\",\"image\":{\"@type\":\"ImageObject\",\"inLanguage\":\"es\",\"@id\":\"https:\/\/www.sonoraenequipo.com.mx\/#\/schema\/person\/image\/\",\"url\":\"https:\/\/secure.gravatar.com\/avatar\/049821681b589dabc0bc20695993ccebb09f5b5d4d790cd9251b97faac7c652b?s=96&d=blank&r=g\",\"contentUrl\":\"https:\/\/secure.gravatar.com\/avatar\/049821681b589dabc0bc20695993ccebb09f5b5d4d790cd9251b97faac7c652b?s=96&d=blank&r=g\",\"caption\":\"enequipo\"},\"sameAs\":[\"https:\/\/www.facebook.com\/SonoraEE\"]}]}<\/script>\n ","yoast_head_json":{"title":"Sonora en Equipo. Analizar\u00e1 FGJE restos \u00f3seos localizados en Guaymas Polic\u00edaca","description":"GUAYMAS, SONORA,MX.\u2500El Antrop\u00f3logo y personal de Servicios Periciales, de la Fiscal\u00eda General de Justicia del Estado de Sonora (FGJE), realizaran en el En Sonora en Equipo publicamos toda la informaci\u00f3n de Sonora, M\u00e9xico y el Mundo de manera oportuna y busca que la libertad de expresi\u00f3n sea real. Visita nuestro medio informativo publicado desde Hermosillo, Sonora. %","robots":{"index":"index","follow":"follow","max-snippet":"max-snippet:-1","max-image-preview":"max-image-preview:large","max-video-preview":"max-video-preview:-1"},"canonical":"https:\/\/www.sonoraenequipo.com.mx\/analizara-fgje-restos-oseos-localizados-en-guaymas\/","og_locale":"es_ES","og_type":"article","og_title":"Sonora en Equipo. Analizar\u00e1 FGJE restos \u00f3seos localizados en Guaymas Polic\u00edaca","og_description":"GUAYMAS, SONORA,MX.\u2500El Antrop\u00f3logo y personal de Servicios Periciales, de la Fiscal\u00eda General de Justicia del Estado de Sonora (FGJE), realizaran en el En Sonora en Equipo publicamos toda la informaci\u00f3n de Sonora, M\u00e9xico y el Mundo de manera oportuna y busca que la libertad de expresi\u00f3n sea real. Visita nuestro medio informativo publicado desde Hermosillo, Sonora. %","og_url":"https:\/\/www.sonoraenequipo.com.mx\/analizara-fgje-restos-oseos-localizados-en-guaymas\/","og_site_name":"Sonora en Equipo.","article_publisher":"https:\/\/www.facebook.com\/SonoraEE\/","article_author":"https:\/\/www.facebook.com\/SonoraEE","article_published_time":"2021-01-16T18:51:46+00:00","article_modified_time":"2021-01-17T01:09:13+00:00","og_image":[{"width":500,"height":300,"url":"https:\/\/www.sonoraenequipo.com.mx\/storage\/2021\/01\/huesos-gms.jpg","type":"image\/jpeg"}],"author":"enequipo","twitter_card":"summary_large_image","twitter_creator":"@sonoraenequipo","twitter_site":"@sonoraenequipo","twitter_misc":{"Escrito por":"enequipo","Tiempo de lectura":"1 minuto"},"schema":{"@context":"https:\/\/schema.org","@graph":[{"@type":"Article","@id":"https:\/\/www.sonoraenequipo.com.mx\/analizara-fgje-restos-oseos-localizados-en-guaymas\/#article","isPartOf":{"@id":"https:\/\/www.sonoraenequipo.com.mx\/analizara-fgje-restos-oseos-localizados-en-guaymas\/"},"author":{"name":"enequipo","@id":"https:\/\/www.sonoraenequipo.com.mx\/#\/schema\/person\/50102df0fb23a8fa9e8effad8fa81386"},"headline":"Analizar\u00e1 FGJE restos \u00f3seos localizados en Guaymas","datePublished":"2021-01-16T18:51:46+00:00","dateModified":"2021-01-17T01:09:13+00:00","mainEntityOfPage":{"@id":"https:\/\/www.sonoraenequipo.com.mx\/analizara-fgje-restos-oseos-localizados-en-guaymas\/"},"wordCount":239,"commentCount":0,"publisher":{"@id":"https:\/\/www.sonoraenequipo.com.mx\/#organization"},"image":{"@id":"https:\/\/www.sonoraenequipo.com.mx\/analizara-fgje-restos-oseos-localizados-en-guaymas\/#primaryimage"},"thumbnailUrl":"https:\/\/www.sonoraenequipo.com.mx\/storage\/2021\/01\/huesos-gms.jpg","keywords":["Seguridad","Sonora"],"articleSection":["Polic\u00edaca"],"inLanguage":"es","potentialAction":[{"@type":"CommentAction","name":"Comment","target":["https:\/\/www.sonoraenequipo.com.mx\/analizara-fgje-restos-oseos-localizados-en-guaymas\/#respond"]}]},{"@type":"WebPage","@id":"https:\/\/www.sonoraenequipo.com.mx\/analizara-fgje-restos-oseos-localizados-en-guaymas\/","url":"https:\/\/www.sonoraenequipo.com.mx\/analizara-fgje-restos-oseos-localizados-en-guaymas\/","name":"Sonora en Equipo. Analizar\u00e1 FGJE restos \u00f3seos localizados en Guaymas Polic\u00edaca","isPartOf":{"@id":"https:\/\/www.sonoraenequipo.com.mx\/#website"},"primaryImageOfPage":{"@id":"https:\/\/www.sonoraenequipo.com.mx\/analizara-fgje-restos-oseos-localizados-en-guaymas\/#primaryimage"},"image":{"@id":"https:\/\/www.sonoraenequipo.com.mx\/analizara-fgje-restos-oseos-localizados-en-guaymas\/#primaryimage"},"thumbnailUrl":"https:\/\/www.sonoraenequipo.com.mx\/storage\/2021\/01\/huesos-gms.jpg","datePublished":"2021-01-16T18:51:46+00:00","dateModified":"2021-01-17T01:09:13+00:00","description":"GUAYMAS, SONORA,MX.\u2500El Antrop\u00f3logo y personal de Servicios Periciales, de la Fiscal\u00eda General de Justicia del Estado de Sonora (FGJE), realizaran en el En Sonora en Equipo publicamos toda la informaci\u00f3n de Sonora, M\u00e9xico y el Mundo de manera oportuna y busca que la libertad de expresi\u00f3n sea real. Visita nuestro medio informativo publicado desde Hermosillo, Sonora. %","breadcrumb":{"@id":"https:\/\/www.sonoraenequipo.com.mx\/analizara-fgje-restos-oseos-localizados-en-guaymas\/#breadcrumb"},"inLanguage":"es","potentialAction":[{"@type":"ReadAction","target":["https:\/\/www.sonoraenequipo.com.mx\/analizara-fgje-restos-oseos-localizados-en-guaymas\/"]}]},{"@type":"ImageObject","inLanguage":"es","@id":"https:\/\/www.sonoraenequipo.com.mx\/analizara-fgje-restos-oseos-localizados-en-guaymas\/#primaryimage","url":"https:\/\/www.sonoraenequipo.com.mx\/storage\/2021\/01\/huesos-gms.jpg","contentUrl":"https:\/\/www.sonoraenequipo.com.mx\/storage\/2021\/01\/huesos-gms.jpg","width":500,"height":300},{"@type":"BreadcrumbList","@id":"https:\/\/www.sonoraenequipo.com.mx\/analizara-fgje-restos-oseos-localizados-en-guaymas\/#breadcrumb","itemListElement":[{"@type":"ListItem","position":1,"name":"Portada","item":"https:\/\/www.sonoraenequipo.com.mx\/"},{"@type":"ListItem","position":2,"name":"Analizar\u00e1 FGJE restos \u00f3seos localizados en Guaymas"}]},{"@type":"WebSite","@id":"https:\/\/www.sonoraenequipo.com.mx\/#website","url":"https:\/\/www.sonoraenequipo.com.mx\/","name":"Sonora en Equipo.","description":"Diario en l\u00ednea con Noticias desde Hermosillo, Sonora","publisher":{"@id":"https:\/\/www.sonoraenequipo.com.mx\/#organization"},"potentialAction":[{"@type":"SearchAction","target":{"@type":"EntryPoint","urlTemplate":"https:\/\/www.sonoraenequipo.com.mx\/?s={search_term_string}"},"query-input":{"@type":"PropertyValueSpecification","valueRequired":true,"valueName":"search_term_string"}}],"inLanguage":"es"},{"@type":"Organization","@id":"https:\/\/www.sonoraenequipo.com.mx\/#organization","name":"Sonoraenequipo.com.mx","url":"https:\/\/www.sonoraenequipo.com.mx\/","logo":{"@type":"ImageObject","inLanguage":"es","@id":"https:\/\/www.sonoraenequipo.com.mx\/#\/schema\/logo\/image\/","url":"https:\/\/www.sonoraenequipo.com.mx\/storage\/2019\/01\/sonoraenequipo_opt.png","contentUrl":"https:\/\/www.sonoraenequipo.com.mx\/storage\/2019\/01\/sonoraenequipo_opt.png","width":375,"height":125,"caption":"Sonoraenequipo.com.mx"},"image":{"@id":"https:\/\/www.sonoraenequipo.com.mx\/#\/schema\/logo\/image\/"},"sameAs":["https:\/\/www.facebook.com\/SonoraEE\/","https:\/\/x.com\/sonoraenequipo","https:\/\/www.youtube.com\/channel\/UC338nW-lPEYmJQs4ZABQ1SQ"]},{"@type":"Person","@id":"https:\/\/www.sonoraenequipo.com.mx\/#\/schema\/person\/50102df0fb23a8fa9e8effad8fa81386","name":"enequipo","image":{"@type":"ImageObject","inLanguage":"es","@id":"https:\/\/www.sonoraenequipo.com.mx\/#\/schema\/person\/image\/","url":"https:\/\/secure.gravatar.com\/avatar\/049821681b589dabc0bc20695993ccebb09f5b5d4d790cd9251b97faac7c652b?s=96&d=blank&r=g","contentUrl":"https:\/\/secure.gravatar.com\/avatar\/049821681b589dabc0bc20695993ccebb09f5b5d4d790cd9251b97faac7c652b?s=96&d=blank&r=g","caption":"enequipo"},"sameAs":["https:\/\/www.facebook.com\/SonoraEE"]}]}},"jetpack_featured_media_url":"https:\/\/www.sonoraenequipo.com.mx\/storage\/2021\/01\/huesos-gms.jpg","_links":{"self":[{"href":"https:\/\/www.sonoraenequipo.com.mx\/api\/wp\/v2\/posts\/104744","targetHints":{"allow":["GET"]}}],"collection":[{"href":"https:\/\/www.sonoraenequipo.com.mx\/api\/wp\/v2\/posts"}],"about":[{"href":"https:\/\/www.sonoraenequipo.com.mx\/api\/wp\/v2\/types\/post"}],"author":[{"embeddable":true,"href":"https:\/\/www.sonoraenequipo.com.mx\/api\/wp\/v2\/users\/1"}],"replies":[{"embeddable":true,"href":"https:\/\/www.sonoraenequipo.com.mx\/api\/wp\/v2\/comments?post=104744"}],"version-history":[{"count":1,"href":"https:\/\/www.sonoraenequipo.com.mx\/api\/wp\/v2\/posts\/104744\/revisions"}],"predecessor-version":[{"id":104746,"href":"https:\/\/www.sonoraenequipo.com.mx\/api\/wp\/v2\/posts\/104744\/revisions\/104746"}],"wp:featuredmedia":[{"embeddable":true,"href":"https:\/\/www.sonoraenequipo.com.mx\/api\/wp\/v2\/media\/104745"}],"wp:attachment":[{"href":"https:\/\/www.sonoraenequipo.com.mx\/api\/wp\/v2\/media?parent=104744"}],"wp:term":[{"taxonomy":"category","embeddable":true,"href":"https:\/\/www.sonoraenequipo.com.mx\/api\/wp\/v2\/categories?post=104744"},{"taxonomy":"post_tag","embeddable":true,"href":"https:\/\/www.sonoraenequipo.com.mx\/api\/wp\/v2\/tags?post=104744"}],"curies":[{"name":"wp","href":"https:\/\/api.w.org\/{rel}","templated":true}]}}