{"id":104748,"date":"2021-01-16T10:30:08","date_gmt":"2021-01-16T17:30:08","guid":{"rendered":"https:\/\/www.sonoraenequipo.com.mx\/?p=104748"},"modified":"2021-01-16T18:10:10","modified_gmt":"2021-01-17T01:10:10","slug":"washington-en-guardia-ante-la-ceremonia-de-investidura-de-biden","status":"publish","type":"post","link":"https:\/\/www.sonoraenequipo.com.mx\/washington-en-guardia-ante-la-ceremonia-de-investidura-de-biden\/","title":{"rendered":"Washington, en guardia ante la ceremonia de investidura de Biden"},"content":{"rendered":"<p>WASHINGTON D.C. &#8211; Despu\u00e9s de que miles de alborotadores asaltaran el Capitolio la semana pasada, las autoridades estadounidenses trabajan para garantizar la seguridad en sus calles, especialmente en la capital del pa\u00eds, Washington D.C., donde el pr\u00f3ximo mi\u00e9rcoles tendr\u00e1 lugar la toma de posesi\u00f3n del presidente electo Joe Biden.<\/p>\n<p>&nbsp;<\/p>\n<p>A lo largo de esta semana se ha sabido que cerca de 300 personas han sido identificadas tras participar en el asalto con el prop\u00f3sito de impedir la certificaci\u00f3n de la victoria electoral del dem\u00f3crata. El FBI ha recibido m\u00e1s de 140.000 llamadas ofreciendo pistas para poder identificar a los alborotadores.<\/p>\n<p>&nbsp;<\/p>\n<p>Adem\u00e1s, seg\u00fan han confirmado las fuerzas de seguridad de Washington D.C. y el Departamento de Defensa, la Guardia Nacional participar\u00e1 en el dispositivo de seguridad con unos 25.000 militares, lo que supone una cifra sin precedentes. Por ejemplo, hace cuatro a\u00f1os, durante la investidura de Donald Trump, apenas fueron desplegados 8.000.<\/p>\n<p>&nbsp;<\/p>\n<p>Miles de ellos ya est\u00e1n en la capital, montando guardia junto al Congreso y patrullando las calles, muchas de las cuales permanecer\u00e1n cortadas hasta el mi\u00e9rcoles.<\/p>\n<p>&nbsp;<\/p>\n<p>La polic\u00eda ha cerrado el acceso al centro de la ciudad seis d\u00edas antes de lo que originalmente se hab\u00eda planificado. El complejo del Capitolio permanece cerrado al p\u00fablico y las calles normalmente traficadas que conducen al Congreso est\u00e1n vac\u00edas de carros y turistas.<\/p>\n<p>&nbsp;<\/p>\n<p>Los reservistas ser\u00e1n respaldados por centenares de agentes federales y polic\u00edas locales y estatales. Hace cuatro a\u00f1os, la Guardia Nacional despleg\u00f3 unos 8.000 soldados para la inauguraci\u00f3n de Trump.<\/p>\n<p>&nbsp;<\/p>\n<p>Las autoridades dijeron que est\u00e1n confiados en mantener la seguridad durante el evento, a pesar de las nuevas llamamientos a nuevos actos violentos en todo el pa\u00eds.<\/p>\n<p>&nbsp;<\/p>\n<p>Biden y Pence, juntos en la investidura<\/p>\n<p>El vicepresidente de Estados Unidos, Mike Pence, planea asistir a la inauguraci\u00f3n de Biden, no as\u00ed Trump, quien estar\u00e1 ausente, sum\u00e1ndose as\u00ed a un pu\u00f1ado de presidentes estadounidenses que no han asistido a la inauguraci\u00f3n de sus sucesores.<\/p>\n<p>&nbsp;<\/p>\n<p>El pasado 6 de enero, el vicepresidente presidia la sesi\u00f3n bicameral del Congreso para certificar la victoria de Biden cuando una multitud de simpatizantes de Trump enojados irrumpi\u00f3 en el Capitolio, saqueando oficinas y chocando con oficiales de polic\u00eda. La violencia dej\u00f3 a cinco personas muertas, incluyendo un polic\u00eda del Capitolio.<\/p>\n<p>&nbsp;<\/p>\n<p>La investidura de Biden ha sido designada como un \u201cevento nacional de especial seguridad\u201d, es decir un evento de significado nacional que requiere de coordinaci\u00f3n de seguridad entre m\u00faltiples agencias. El Servicio Secreto est\u00e1 encabezando el gigantesco dispositivo de seguridad.<\/p>\n<p>&nbsp;<\/p>\n<p>La ceremonia de juramentaci\u00f3n de Biden se realizar\u00e1 en la fachada oeste del Capitolio, desde donde \u00e9l pronunciar\u00e1 su discurso inaugural. En lugar de las tradicionales festividades, el equipo Biden ha planificado un especial de televisi\u00f3n.<\/p>\n<p>&nbsp;<\/p>\n<p>Por su parte, Biden ha dicho que no est\u00e1 preocupado por su seguridad. \u201cNo tengo miedo de hacer mi juramento al aire libre\u201d, le dijo a los reporteros el lunes.<\/p>\n<p>&nbsp;<\/p>\n<p>Fecha de publicaci\u00f3n 16\/ene\/2021\/VOA<\/p>\n<p>&nbsp;<\/p>\n<p>&nbsp;<\/p>\n<p>&nbsp;<\/p>\n","protected":false},"excerpt":{"rendered":"<p>WASHINGTON D.C. &#8211; Despu\u00e9s de que miles de alborotadores asaltaran el Capitolio la semana pasada,&#8230;<\/p>\n","protected":false},"author":1,"featured_media":104749,"comment_status":"open","ping_status":"open","sticky":false,"template":"","format":"standard","meta":{"_monsterinsights_skip_tracking":false,"_monsterinsights_sitenote_active":false,"_monsterinsights_sitenote_note":"","_monsterinsights_sitenote_category":0,"footnotes":""},"categories":[3],"tags":[3376,1898],"class_list":["post"],"yoast_head":" \n<title>Sonora en Equipo. Washington, en guardia ante la ceremonia de investidura de Biden MUNDO<\/title>\n<meta name=\"description\" content=\"WASHINGTON D.C. - Despu\u00e9s de que miles de alborotadores asaltaran el Capitolio la semana pasada, las autoridades estadounidenses trabajan para garantizar En Sonora en Equipo publicamos toda la informaci\u00f3n de Sonora, M\u00e9xico y el Mundo de manera oportuna y busca que la libertad de expresi\u00f3n sea real. Visita nuestro medio informativo publicado desde Hermosillo, Sonora. %\" \/>\n<meta name=\"robots\" content=\"index, follow, max-snippet:-1, max-image-preview:large, max-video-preview:-1\" \/>\n<link rel=\"canonical\" href=\"https:\/\/www.sonoraenequipo.com.mx\/washington-en-guardia-ante-la-ceremonia-de-investidura-de-biden\/\" \/>\n<meta property=\"og:locale\" content=\"es_ES\" \/>\n<meta property=\"og:type\" content=\"article\" \/>\n<meta property=\"og:title\" content=\"Sonora en Equipo. Washington, en guardia ante la ceremonia de investidura de Biden MUNDO\" \/>\n<meta property=\"og:description\" content=\"WASHINGTON D.C. - Despu\u00e9s de que miles de alborotadores asaltaran el Capitolio la semana pasada, las autoridades estadounidenses trabajan para garantizar En Sonora en Equipo publicamos toda la informaci\u00f3n de Sonora, M\u00e9xico y el Mundo de manera oportuna y busca que la libertad de expresi\u00f3n sea real. Visita nuestro medio informativo publicado desde Hermosillo, Sonora. %\" \/>\n<meta property=\"og:url\" content=\"https:\/\/www.sonoraenequipo.com.mx\/washington-en-guardia-ante-la-ceremonia-de-investidura-de-biden\/\" \/>\n<meta property=\"og:site_name\" content=\"Sonora en Equipo.\" \/>\n<meta property=\"article:publisher\" content=\"https:\/\/www.facebook.com\/SonoraEE\/\" \/>\n<meta property=\"article:author\" content=\"https:\/\/www.facebook.com\/SonoraEE\" \/>\n<meta property=\"article:published_time\" content=\"2021-01-16T17:30:08+00:00\" \/>\n<meta property=\"article:modified_time\" content=\"2021-01-17T01:10:10+00:00\" \/>\n<meta property=\"og:image\" content=\"https:\/\/www.sonoraenequipo.com.mx\/storage\/2021\/01\/whashington-biden.jpg\" \/>\n\t<meta property=\"og:image:width\" content=\"500\" \/>\n\t<meta property=\"og:image:height\" content=\"300\" \/>\n\t<meta property=\"og:image:type\" content=\"image\/jpeg\" \/>\n<meta name=\"author\" content=\"enequipo\" \/>\n<meta name=\"twitter:card\" content=\"summary_large_image\" \/>\n<meta name=\"twitter:creator\" content=\"@sonoraenequipo\" \/>\n<meta name=\"twitter:site\" content=\"@sonoraenequipo\" \/>\n<meta name=\"twitter:label1\" content=\"Escrito por\" \/>\n\t<meta name=\"twitter:data1\" content=\"enequipo\" \/>\n\t<meta name=\"twitter:label2\" content=\"Tiempo de lectura\" \/>\n\t<meta name=\"twitter:data2\" content=\"3 minutos\" \/>\n<script type=\"application\/ld+json\" class=\"yoast-schema-graph\">{\"@context\":\"https:\/\/schema.org\",\"@graph\":[{\"@type\":\"Article\",\"@id\":\"https:\/\/www.sonoraenequipo.com.mx\/washington-en-guardia-ante-la-ceremonia-de-investidura-de-biden\/#article\",\"isPartOf\":{\"@id\":\"https:\/\/www.sonoraenequipo.com.mx\/washington-en-guardia-ante-la-ceremonia-de-investidura-de-biden\/\"},\"author\":{\"name\":\"enequipo\",\"@id\":\"https:\/\/www.sonoraenequipo.com.mx\/#\/schema\/person\/50102df0fb23a8fa9e8effad8fa81386\"},\"headline\":\"Washington, en guardia ante la ceremonia de investidura de Biden\",\"datePublished\":\"2021-01-16T17:30:08+00:00\",\"dateModified\":\"2021-01-17T01:10:10+00:00\",\"mainEntityOfPage\":{\"@id\":\"https:\/\/www.sonoraenequipo.com.mx\/washington-en-guardia-ante-la-ceremonia-de-investidura-de-biden\/\"},\"wordCount\":545,\"commentCount\":0,\"publisher\":{\"@id\":\"https:\/\/www.sonoraenequipo.com.mx\/#organization\"},\"image\":{\"@id\":\"https:\/\/www.sonoraenequipo.com.mx\/washington-en-guardia-ante-la-ceremonia-de-investidura-de-biden\/#primaryimage\"},\"thumbnailUrl\":\"https:\/\/www.sonoraenequipo.com.mx\/storage\/2021\/01\/whashington-biden.jpg\",\"keywords\":[\"biden\",\"Trump\"],\"articleSection\":[\"MUNDO\"],\"inLanguage\":\"es\",\"potentialAction\":[{\"@type\":\"CommentAction\",\"name\":\"Comment\",\"target\":[\"https:\/\/www.sonoraenequipo.com.mx\/washington-en-guardia-ante-la-ceremonia-de-investidura-de-biden\/#respond\"]}]},{\"@type\":\"WebPage\",\"@id\":\"https:\/\/www.sonoraenequipo.com.mx\/washington-en-guardia-ante-la-ceremonia-de-investidura-de-biden\/\",\"url\":\"https:\/\/www.sonoraenequipo.com.mx\/washington-en-guardia-ante-la-ceremonia-de-investidura-de-biden\/\",\"name\":\"Sonora en Equipo. Washington, en guardia ante la ceremonia de investidura de Biden MUNDO\",\"isPartOf\":{\"@id\":\"https:\/\/www.sonoraenequipo.com.mx\/#website\"},\"primaryImageOfPage\":{\"@id\":\"https:\/\/www.sonoraenequipo.com.mx\/washington-en-guardia-ante-la-ceremonia-de-investidura-de-biden\/#primaryimage\"},\"image\":{\"@id\":\"https:\/\/www.sonoraenequipo.com.mx\/washington-en-guardia-ante-la-ceremonia-de-investidura-de-biden\/#primaryimage\"},\"thumbnailUrl\":\"https:\/\/www.sonoraenequipo.com.mx\/storage\/2021\/01\/whashington-biden.jpg\",\"datePublished\":\"2021-01-16T17:30:08+00:00\",\"dateModified\":\"2021-01-17T01:10:10+00:00\",\"description\":\"WASHINGTON D.C. - Despu\u00e9s de que miles de alborotadores asaltaran el Capitolio la semana pasada, las autoridades estadounidenses trabajan para garantizar En Sonora en Equipo publicamos toda la informaci\u00f3n de Sonora, M\u00e9xico y el Mundo de manera oportuna y busca que la libertad de expresi\u00f3n sea real. Visita nuestro medio informativo publicado desde Hermosillo, Sonora. %\",\"breadcrumb\":{\"@id\":\"https:\/\/www.sonoraenequipo.com.mx\/washington-en-guardia-ante-la-ceremonia-de-investidura-de-biden\/#breadcrumb\"},\"inLanguage\":\"es\",\"potentialAction\":[{\"@type\":\"ReadAction\",\"target\":[\"https:\/\/www.sonoraenequipo.com.mx\/washington-en-guardia-ante-la-ceremonia-de-investidura-de-biden\/\"]}]},{\"@type\":\"ImageObject\",\"inLanguage\":\"es\",\"@id\":\"https:\/\/www.sonoraenequipo.com.mx\/washington-en-guardia-ante-la-ceremonia-de-investidura-de-biden\/#primaryimage\",\"url\":\"https:\/\/www.sonoraenequipo.com.mx\/storage\/2021\/01\/whashington-biden.jpg\",\"contentUrl\":\"https:\/\/www.sonoraenequipo.com.mx\/storage\/2021\/01\/whashington-biden.jpg\",\"width\":500,\"height\":300},{\"@type\":\"BreadcrumbList\",\"@id\":\"https:\/\/www.sonoraenequipo.com.mx\/washington-en-guardia-ante-la-ceremonia-de-investidura-de-biden\/#breadcrumb\",\"itemListElement\":[{\"@type\":\"ListItem\",\"position\":1,\"name\":\"Portada\",\"item\":\"https:\/\/www.sonoraenequipo.com.mx\/\"},{\"@type\":\"ListItem\",\"position\":2,\"name\":\"Washington, en guardia ante la ceremonia de investidura de Biden\"}]},{\"@type\":\"WebSite\",\"@id\":\"https:\/\/www.sonoraenequipo.com.mx\/#website\",\"url\":\"https:\/\/www.sonoraenequipo.com.mx\/\",\"name\":\"Sonora en Equipo.\",\"description\":\"Diario en l\u00ednea con Noticias desde Hermosillo, Sonora\",\"publisher\":{\"@id\":\"https:\/\/www.sonoraenequipo.com.mx\/#organization\"},\"potentialAction\":[{\"@type\":\"SearchAction\",\"target\":{\"@type\":\"EntryPoint\",\"urlTemplate\":\"https:\/\/www.sonoraenequipo.com.mx\/?s={search_term_string}\"},\"query-input\":{\"@type\":\"PropertyValueSpecification\",\"valueRequired\":true,\"valueName\":\"search_term_string\"}}],\"inLanguage\":\"es\"},{\"@type\":\"Organization\",\"@id\":\"https:\/\/www.sonoraenequipo.com.mx\/#organization\",\"name\":\"Sonoraenequipo.com.mx\",\"url\":\"https:\/\/www.sonoraenequipo.com.mx\/\",\"logo\":{\"@type\":\"ImageObject\",\"inLanguage\":\"es\",\"@id\":\"https:\/\/www.sonoraenequipo.com.mx\/#\/schema\/logo\/image\/\",\"url\":\"https:\/\/www.sonoraenequipo.com.mx\/storage\/2019\/01\/sonoraenequipo_opt.png\",\"contentUrl\":\"https:\/\/www.sonoraenequipo.com.mx\/storage\/2019\/01\/sonoraenequipo_opt.png\",\"width\":375,\"height\":125,\"caption\":\"Sonoraenequipo.com.mx\"},\"image\":{\"@id\":\"https:\/\/www.sonoraenequipo.com.mx\/#\/schema\/logo\/image\/\"},\"sameAs\":[\"https:\/\/www.facebook.com\/SonoraEE\/\",\"https:\/\/x.com\/sonoraenequipo\",\"https:\/\/www.youtube.com\/channel\/UC338nW-lPEYmJQs4ZABQ1SQ\"]},{\"@type\":\"Person\",\"@id\":\"https:\/\/www.sonoraenequipo.com.mx\/#\/schema\/person\/50102df0fb23a8fa9e8effad8fa81386\",\"name\":\"enequipo\",\"image\":{\"@type\":\"ImageObject\",\"inLanguage\":\"es\",\"@id\":\"https:\/\/www.sonoraenequipo.com.mx\/#\/schema\/person\/image\/\",\"url\":\"https:\/\/secure.gravatar.com\/avatar\/049821681b589dabc0bc20695993ccebb09f5b5d4d790cd9251b97faac7c652b?s=96&d=blank&r=g\",\"contentUrl\":\"https:\/\/secure.gravatar.com\/avatar\/049821681b589dabc0bc20695993ccebb09f5b5d4d790cd9251b97faac7c652b?s=96&d=blank&r=g\",\"caption\":\"enequipo\"},\"sameAs\":[\"https:\/\/www.facebook.com\/SonoraEE\"]}]}<\/script>\n ","yoast_head_json":{"title":"Sonora en Equipo. Washington, en guardia ante la ceremonia de investidura de Biden MUNDO","description":"WASHINGTON D.C. - Despu\u00e9s de que miles de alborotadores asaltaran el Capitolio la semana pasada, las autoridades estadounidenses trabajan para garantizar En Sonora en Equipo publicamos toda la informaci\u00f3n de Sonora, M\u00e9xico y el Mundo de manera oportuna y busca que la libertad de expresi\u00f3n sea real. Visita nuestro medio informativo publicado desde Hermosillo, Sonora. %","robots":{"index":"index","follow":"follow","max-snippet":"max-snippet:-1","max-image-preview":"max-image-preview:large","max-video-preview":"max-video-preview:-1"},"canonical":"https:\/\/www.sonoraenequipo.com.mx\/washington-en-guardia-ante-la-ceremonia-de-investidura-de-biden\/","og_locale":"es_ES","og_type":"article","og_title":"Sonora en Equipo. Washington, en guardia ante la ceremonia de investidura de Biden MUNDO","og_description":"WASHINGTON D.C. - Despu\u00e9s de que miles de alborotadores asaltaran el Capitolio la semana pasada, las autoridades estadounidenses trabajan para garantizar En Sonora en Equipo publicamos toda la informaci\u00f3n de Sonora, M\u00e9xico y el Mundo de manera oportuna y busca que la libertad de expresi\u00f3n sea real. Visita nuestro medio informativo publicado desde Hermosillo, Sonora. %","og_url":"https:\/\/www.sonoraenequipo.com.mx\/washington-en-guardia-ante-la-ceremonia-de-investidura-de-biden\/","og_site_name":"Sonora en Equipo.","article_publisher":"https:\/\/www.facebook.com\/SonoraEE\/","article_author":"https:\/\/www.facebook.com\/SonoraEE","article_published_time":"2021-01-16T17:30:08+00:00","article_modified_time":"2021-01-17T01:10:10+00:00","og_image":[{"width":500,"height":300,"url":"https:\/\/www.sonoraenequipo.com.mx\/storage\/2021\/01\/whashington-biden.jpg","type":"image\/jpeg"}],"author":"enequipo","twitter_card":"summary_large_image","twitter_creator":"@sonoraenequipo","twitter_site":"@sonoraenequipo","twitter_misc":{"Escrito por":"enequipo","Tiempo de lectura":"3 minutos"},"schema":{"@context":"https:\/\/schema.org","@graph":[{"@type":"Article","@id":"https:\/\/www.sonoraenequipo.com.mx\/washington-en-guardia-ante-la-ceremonia-de-investidura-de-biden\/#article","isPartOf":{"@id":"https:\/\/www.sonoraenequipo.com.mx\/washington-en-guardia-ante-la-ceremonia-de-investidura-de-biden\/"},"author":{"name":"enequipo","@id":"https:\/\/www.sonoraenequipo.com.mx\/#\/schema\/person\/50102df0fb23a8fa9e8effad8fa81386"},"headline":"Washington, en guardia ante la ceremonia de investidura de Biden","datePublished":"2021-01-16T17:30:08+00:00","dateModified":"2021-01-17T01:10:10+00:00","mainEntityOfPage":{"@id":"https:\/\/www.sonoraenequipo.com.mx\/washington-en-guardia-ante-la-ceremonia-de-investidura-de-biden\/"},"wordCount":545,"commentCount":0,"publisher":{"@id":"https:\/\/www.sonoraenequipo.com.mx\/#organization"},"image":{"@id":"https:\/\/www.sonoraenequipo.com.mx\/washington-en-guardia-ante-la-ceremonia-de-investidura-de-biden\/#primaryimage"},"thumbnailUrl":"https:\/\/www.sonoraenequipo.com.mx\/storage\/2021\/01\/whashington-biden.jpg","keywords":["biden","Trump"],"articleSection":["MUNDO"],"inLanguage":"es","potentialAction":[{"@type":"CommentAction","name":"Comment","target":["https:\/\/www.sonoraenequipo.com.mx\/washington-en-guardia-ante-la-ceremonia-de-investidura-de-biden\/#respond"]}]},{"@type":"WebPage","@id":"https:\/\/www.sonoraenequipo.com.mx\/washington-en-guardia-ante-la-ceremonia-de-investidura-de-biden\/","url":"https:\/\/www.sonoraenequipo.com.mx\/washington-en-guardia-ante-la-ceremonia-de-investidura-de-biden\/","name":"Sonora en Equipo. Washington, en guardia ante la ceremonia de investidura de Biden MUNDO","isPartOf":{"@id":"https:\/\/www.sonoraenequipo.com.mx\/#website"},"primaryImageOfPage":{"@id":"https:\/\/www.sonoraenequipo.com.mx\/washington-en-guardia-ante-la-ceremonia-de-investidura-de-biden\/#primaryimage"},"image":{"@id":"https:\/\/www.sonoraenequipo.com.mx\/washington-en-guardia-ante-la-ceremonia-de-investidura-de-biden\/#primaryimage"},"thumbnailUrl":"https:\/\/www.sonoraenequipo.com.mx\/storage\/2021\/01\/whashington-biden.jpg","datePublished":"2021-01-16T17:30:08+00:00","dateModified":"2021-01-17T01:10:10+00:00","description":"WASHINGTON D.C. - Despu\u00e9s de que miles de alborotadores asaltaran el Capitolio la semana pasada, las autoridades estadounidenses trabajan para garantizar En Sonora en Equipo publicamos toda la informaci\u00f3n de Sonora, M\u00e9xico y el Mundo de manera oportuna y busca que la libertad de expresi\u00f3n sea real. Visita nuestro medio informativo publicado desde Hermosillo, Sonora. %","breadcrumb":{"@id":"https:\/\/www.sonoraenequipo.com.mx\/washington-en-guardia-ante-la-ceremonia-de-investidura-de-biden\/#breadcrumb"},"inLanguage":"es","potentialAction":[{"@type":"ReadAction","target":["https:\/\/www.sonoraenequipo.com.mx\/washington-en-guardia-ante-la-ceremonia-de-investidura-de-biden\/"]}]},{"@type":"ImageObject","inLanguage":"es","@id":"https:\/\/www.sonoraenequipo.com.mx\/washington-en-guardia-ante-la-ceremonia-de-investidura-de-biden\/#primaryimage","url":"https:\/\/www.sonoraenequipo.com.mx\/storage\/2021\/01\/whashington-biden.jpg","contentUrl":"https:\/\/www.sonoraenequipo.com.mx\/storage\/2021\/01\/whashington-biden.jpg","width":500,"height":300},{"@type":"BreadcrumbList","@id":"https:\/\/www.sonoraenequipo.com.mx\/washington-en-guardia-ante-la-ceremonia-de-investidura-de-biden\/#breadcrumb","itemListElement":[{"@type":"ListItem","position":1,"name":"Portada","item":"https:\/\/www.sonoraenequipo.com.mx\/"},{"@type":"ListItem","position":2,"name":"Washington, en guardia ante la ceremonia de investidura de Biden"}]},{"@type":"WebSite","@id":"https:\/\/www.sonoraenequipo.com.mx\/#website","url":"https:\/\/www.sonoraenequipo.com.mx\/","name":"Sonora en Equipo.","description":"Diario en l\u00ednea con Noticias desde Hermosillo, Sonora","publisher":{"@id":"https:\/\/www.sonoraenequipo.com.mx\/#organization"},"potentialAction":[{"@type":"SearchAction","target":{"@type":"EntryPoint","urlTemplate":"https:\/\/www.sonoraenequipo.com.mx\/?s={search_term_string}"},"query-input":{"@type":"PropertyValueSpecification","valueRequired":true,"valueName":"search_term_string"}}],"inLanguage":"es"},{"@type":"Organization","@id":"https:\/\/www.sonoraenequipo.com.mx\/#organization","name":"Sonoraenequipo.com.mx","url":"https:\/\/www.sonoraenequipo.com.mx\/","logo":{"@type":"ImageObject","inLanguage":"es","@id":"https:\/\/www.sonoraenequipo.com.mx\/#\/schema\/logo\/image\/","url":"https:\/\/www.sonoraenequipo.com.mx\/storage\/2019\/01\/sonoraenequipo_opt.png","contentUrl":"https:\/\/www.sonoraenequipo.com.mx\/storage\/2019\/01\/sonoraenequipo_opt.png","width":375,"height":125,"caption":"Sonoraenequipo.com.mx"},"image":{"@id":"https:\/\/www.sonoraenequipo.com.mx\/#\/schema\/logo\/image\/"},"sameAs":["https:\/\/www.facebook.com\/SonoraEE\/","https:\/\/x.com\/sonoraenequipo","https:\/\/www.youtube.com\/channel\/UC338nW-lPEYmJQs4ZABQ1SQ"]},{"@type":"Person","@id":"https:\/\/www.sonoraenequipo.com.mx\/#\/schema\/person\/50102df0fb23a8fa9e8effad8fa81386","name":"enequipo","image":{"@type":"ImageObject","inLanguage":"es","@id":"https:\/\/www.sonoraenequipo.com.mx\/#\/schema\/person\/image\/","url":"https:\/\/secure.gravatar.com\/avatar\/049821681b589dabc0bc20695993ccebb09f5b5d4d790cd9251b97faac7c652b?s=96&d=blank&r=g","contentUrl":"https:\/\/secure.gravatar.com\/avatar\/049821681b589dabc0bc20695993ccebb09f5b5d4d790cd9251b97faac7c652b?s=96&d=blank&r=g","caption":"enequipo"},"sameAs":["https:\/\/www.facebook.com\/SonoraEE"]}]}},"jetpack_featured_media_url":"https:\/\/www.sonoraenequipo.com.mx\/storage\/2021\/01\/whashington-biden.jpg","_links":{"self":[{"href":"https:\/\/www.sonoraenequipo.com.mx\/api\/wp\/v2\/posts\/104748","targetHints":{"allow":["GET"]}}],"collection":[{"href":"https:\/\/www.sonoraenequipo.com.mx\/api\/wp\/v2\/posts"}],"about":[{"href":"https:\/\/www.sonoraenequipo.com.mx\/api\/wp\/v2\/types\/post"}],"author":[{"embeddable":true,"href":"https:\/\/www.sonoraenequipo.com.mx\/api\/wp\/v2\/users\/1"}],"replies":[{"embeddable":true,"href":"https:\/\/www.sonoraenequipo.com.mx\/api\/wp\/v2\/comments?post=104748"}],"version-history":[{"count":1,"href":"https:\/\/www.sonoraenequipo.com.mx\/api\/wp\/v2\/posts\/104748\/revisions"}],"predecessor-version":[{"id":104750,"href":"https:\/\/www.sonoraenequipo.com.mx\/api\/wp\/v2\/posts\/104748\/revisions\/104750"}],"wp:featuredmedia":[{"embeddable":true,"href":"https:\/\/www.sonoraenequipo.com.mx\/api\/wp\/v2\/media\/104749"}],"wp:attachment":[{"href":"https:\/\/www.sonoraenequipo.com.mx\/api\/wp\/v2\/media?parent=104748"}],"wp:term":[{"taxonomy":"category","embeddable":true,"href":"https:\/\/www.sonoraenequipo.com.mx\/api\/wp\/v2\/categories?post=104748"},{"taxonomy":"post_tag","embeddable":true,"href":"https:\/\/www.sonoraenequipo.com.mx\/api\/wp\/v2\/tags?post=104748"}],"curies":[{"name":"wp","href":"https:\/\/api.w.org\/{rel}","templated":true}]}}