{"id":104763,"date":"2021-01-16T16:22:44","date_gmt":"2021-01-16T23:22:44","guid":{"rendered":"https:\/\/www.sonoraenequipo.com.mx\/?p=104763"},"modified":"2021-01-16T16:36:19","modified_gmt":"2021-01-16T23:36:19","slug":"alertan-por-la-llegada-de-la-sexta-tormenta-invernal-la-proxima-semana","status":"publish","type":"post","link":"https:\/\/www.sonoraenequipo.com.mx\/alertan-por-la-llegada-de-la-sexta-tormenta-invernal-la-proxima-semana\/","title":{"rendered":"Alertan por la llegada de la sexta tormenta invernal\u00a0 la pr\u00f3xima semana"},"content":{"rendered":"<p>&nbsp;<\/p>\n<p>&nbsp;<\/p>\n<p>HERMOSILLO, SONORA,MX.\u2500\u2500 Se espera que el martes 19 de enero ingrese la Sexta Tormenta Invernal de la temporada y un nuevo frente fr\u00edo por el noroeste de Sonora, que podr\u00edan ocasionar un marcado descenso de las temperaturas, as\u00ed como rachas de viento de 80 a 90 km\/h, lluvias de moderadas a fuertes y precipitaci\u00f3n de nieve o agua nieve, seg\u00fan lo dio a conocer la Secretar\u00eda de Gobierno, a trav\u00e9s de la Coordinaci\u00f3n Estatal de Protecci\u00f3n Civil (CEPC), de acuerdo con la informaci\u00f3n de los Servicios Meteorol\u00f3gicos de M\u00e9xico y los Estados Unidos.<\/p>\n<p>&nbsp;<\/p>\n<p>Lo anterior, generar\u00e1 condiciones de cielo medio nublado a nublado, con probabilidad de lluvias, en la mayor parte de la entidad y nieve o aguanieve, principalmente en la sierra de las regiones norte, noreste y oriente, con vientos moderados a fuertes y marcado descenso de temperaturas, principalmente en las regiones norte, noreste y oriente del estado.<img loading=\"lazy\" decoding=\"async\" class=\"size-full  x-left\" src=\"https:\/\/www.sonoraenequipo.com.mx\/storage\/2021\/01\/6ta-torm-invernal1.jpg\" alt=\"\" width=\"474\" height=\"348\" \/>Se prev\u00e9 que estas condiciones se presenten durante los d\u00edas de martes a jueves y se vuelvan a registrar durante s\u00e1bado y domingo, por la presencia de otro Frente Fr\u00edo en Sonora.<\/p>\n<p>&nbsp;<\/p>\n<p>Las temperaturas m\u00e1s bajas, se podr\u00edan presentar principalmente el viernes 22, as\u00ed como los d\u00edas domingo 24 y lunes 25.<\/p>\n<p>&nbsp;<\/p>\n<p>La CEPC, de com\u00fan acuerdo con la Coordinaci\u00f3n Nacional de Protecci\u00f3n Civil y la Comisi\u00f3n Nacional del Agua, emiten aviso Meteorol\u00f3gico, por marcado descenso de temperaturas y alerta de vientos moderados a fuertes, para las regiones, norte, noreste, oriente y centro, con especial atenci\u00f3n para los municipios de San Luis R\u00edo Colorado, Plutarco El\u00edas Calles, Puerto Pe\u00f1asco, Caborca, Pitiquito, \u00c1til, Tubutama, S\u00e1ric, Oquitoa, Altar, Trincheras, Santa Ana, Benjam\u00edn Hill, \u00cdmuris, Magdalena, Nogales, Santa Cruz y Cananea.<\/p>\n<p><img loading=\"lazy\" decoding=\"async\" class=\"size-medium  x-left\" src=\"https:\/\/www.sonoraenequipo.com.mx\/storage\/2021\/01\/6ta-torm-invernal2-492x365.jpg\" alt=\"\" width=\"492\" height=\"365\" \/>As\u00ed tambi\u00e9n Naco, Agua Prieta, Fronteras, Bacerac, Bavispe, Nacozari de Garc\u00eda, Cumpas, Moctezuma, Huachinera, Hu\u00e1sabas, Granados, Villa Hidalgo, Divisaderos, Tepache, Bacad\u00e9huachi, N\u00e1cori Chico, Sahuaripa, Bacanora, Arivechi, Y\u00e9cora, Bacoachi, Cucurpe, Ban\u00e1michi, Huepac, San Felipe de Jes\u00fas, Aconchi, Bavi\u00e1cora, Ures, Ray\u00f3n, Opodepe, San Miguel de Horcasitas, Arizpe, Hermosillo, La Colorada, San Javier, \u00d3navas, Suaqui Grande y Soyopa.<\/p>\n<p>&nbsp;<\/p>\n<p>Incluyendo a los municipios de Guaymas, Empalme, B\u00e1cum, Cajeme, San Ignacio R\u00edo Muerto, Navojoa, Etchojoa, Huatabampo, \u00c1lamos, Rosario y Quiriego.<\/p>\n<p>&nbsp;<\/p>\n<p>Adem\u00e1s, la CEPC hace un llamado a acatar las disposiciones de las Capitan\u00edas de Puerto y a informarse sobre los avisos meteorol\u00f3gicos que se emitan en la jornada, ya que se esperan rachas de viento de 80 a 90 kil\u00f3metros por hora en el Mar de Cort\u00e9s de martes a jueves, situaci\u00f3n que podr\u00eda continuar a partir del s\u00e1bado, por el arribo de otro Frente Fr\u00edo a Sonora.<\/p>\n<p>&nbsp;<\/p>\n<p>Dicho sistema continuar\u00e1 manteniendo un ambiente de fr\u00edo a muy fr\u00edo sobre las regiones, norte, noreste y oriente de la entidad, durante el per\u00edodo de afectaci\u00f3n por dichos sistemas meteorol\u00f3gicos.<\/p>\n<p>&nbsp;<\/p>\n<p>Con la informaci\u00f3n actual, se espera que las temperaturas de -6 a -2 cent\u00edgrados o menores podr\u00edan registrarse en las regiones fronteriza con Arizona y zonas serrana del estado, durante los d\u00edas viernes 22 a lunes 25; en los municipios de la frontera con Chihuahua se espera que se registren temperaturas m\u00ednimas hasta de -8 a -3 cent\u00edgrados; en los municipios de la regi\u00f3n central de 2 a 8 cent\u00edgrados, en la regi\u00f3n noroeste de 2 a 6 cent\u00edgrados y en el sur de 2 a 10 cent\u00edgrados.<\/p>\n<p>&nbsp;<\/p>\n<p>Por lo anterior, se hace un llamado a extremar los cuidados con el uso de los equipos de gas L.P., braseros, anafres en el interior de los domicilios; en caso de cualquier incidente solicitar apoyo a su Unidad Municipal de Protecci\u00f3n Civil.<\/p>\n<p>&nbsp;<\/p>\n<p>Ante este escenario de lluvias dispersas, nevadas o aguanieve, vientos muy fuertes y posible ambiente muy fr\u00edo, la CEPC emite el presente aviso a la poblaci\u00f3n en general, principalmente a quienes habitan regiones consideradas de alto riesgo, para que extremen precauciones y atiendan las siguientes recomendaciones, adicionales a las que dispongan las autoridades locales:<\/p>\n<p>&nbsp;<\/p>\n<ul>\n<li>Permanecer informados a trav\u00e9s de los medios de comunicaci\u00f3n sobre las condiciones meteorol\u00f3gicas dominantes en sus lugares de residencia o de los sitios que pretenda visitar.<\/li>\n<li>Usar cubre bocas.<\/li>\n<li>Considerar la necesidad de tener disponible ropa abrigadora, cobertores o cobijas y combustibles suficientes.<\/li>\n<li>Conocer la ubicaci\u00f3n de refugios temporales y acudir a ellos en caso necesario o de acuerdo con las indicaciones de Protecci\u00f3n Civil.<\/li>\n<li>Consumir verduras y frutas ricas en vitaminas \u00abA\u00bb y \u00abC\u00bb.<\/li>\n<li>Colaborar con las autoridades, reportando la ubicaci\u00f3n de personas en alto riesgo.<\/li>\n<li>Vestir ropa apropiada a esta temporada invernal.<\/li>\n<li>Evitar la exposici\u00f3n a bajas temperaturas durante per\u00edodos prolongados.<\/li>\n<li>Ante condiciones de lluvia, nieve o niebla mantenerse seco, pues la humedad enfr\u00eda el cuerpo r\u00e1pidamente.<\/li>\n<li>Conservar adecuada temperatura en el interior de su vivienda.<\/li>\n<li>Procurar especial cuidado con personas de la tercera edad, ni\u00f1os y enfermos, sectores altamente vulnerables a los efectos de esta temporada.<\/li>\n<li>Acudir a su unidad de salud o consultar a su m\u00e9dico, en caso de alguna afectaci\u00f3n por fr\u00edo o padecimiento de alguna enfermedad.<\/li>\n<li>Si va a salir de un lugar caliente cubrirse boca y nariz para evitar respirar el aire fr\u00edo, ya que cambios bruscos de temperatura afectan el sistema respiratorio.<\/li>\n<li>Evitar la concentraci\u00f3n de mon\u00f3xido de carbono en lugares cerrados para no sufrir intoxicaci\u00f3n o posibles quemaduras al usar anafres y calentadores.<\/li>\n<li>Atender se\u00f1alamientos de tr\u00e1nsito al conducir en zonas de niebla y nieve, asegur\u00e1ndose de tener en buenas condiciones su veh\u00edculo.<\/li>\n<li>Establecer medidas de protecci\u00f3n para la ganader\u00eda y la agricultura en zonas rurales.<\/li>\n<li>Asimismo, se informa que, para cualquier eventualidad, estar\u00e1n a disposici\u00f3n de la poblaci\u00f3n, las 24 horas, los tel\u00e9fonos de emergencia de su comunidad (9-1-1), as\u00ed como los n\u00fameros gratuitos 01-800-277-22-22 y 119 Telcel, del Centro Estatal de Comunicaciones de la CEPC.<\/li>\n<\/ul>\n<p>Fecha de publicaci\u00f3n 16\/ene\/2021<\/p>\n","protected":false},"excerpt":{"rendered":"<p>&nbsp; &nbsp; HERMOSILLO, SONORA,MX.\u2500\u2500 Se espera que el martes 19 de enero ingrese la Sexta&#8230;<\/p>\n","protected":false},"author":1,"featured_media":102932,"comment_status":"open","ping_status":"open","sticky":false,"template":"","format":"standard","meta":{"_monsterinsights_skip_tracking":false,"_monsterinsights_sitenote_active":false,"_monsterinsights_sitenote_note":"","_monsterinsights_sitenote_category":0,"footnotes":""},"categories":[22],"tags":[2978,15],"class_list":["post"],"yoast_head":" \n<title>Sonora en Equipo. Alertan por la llegada de la sexta tormenta invernal\u00a0 la pr\u00f3xima semana Sonora<\/title>\n<meta name=\"description\" content=\"&nbsp; &nbsp; HERMOSILLO, SONORA,MX.\u2500\u2500 Se espera que el martes 19 de enero ingrese la Sexta Tormenta Invernal de la temporada y un nuevo frente fr\u00edo por En Sonora en Equipo publicamos toda la informaci\u00f3n de Sonora, M\u00e9xico y el Mundo de manera oportuna y busca que la libertad de expresi\u00f3n sea real. Visita nuestro medio informativo publicado desde Hermosillo, Sonora. %\" \/>\n<meta name=\"robots\" content=\"index, follow, max-snippet:-1, max-image-preview:large, max-video-preview:-1\" \/>\n<link rel=\"canonical\" href=\"https:\/\/www.sonoraenequipo.com.mx\/alertan-por-la-llegada-de-la-sexta-tormenta-invernal-la-proxima-semana\/\" \/>\n<meta property=\"og:locale\" content=\"es_ES\" \/>\n<meta property=\"og:type\" content=\"article\" \/>\n<meta property=\"og:title\" content=\"Sonora en Equipo. Alertan por la llegada de la sexta tormenta invernal\u00a0 la pr\u00f3xima semana Sonora\" \/>\n<meta property=\"og:description\" content=\"&nbsp; &nbsp; HERMOSILLO, SONORA,MX.\u2500\u2500 Se espera que el martes 19 de enero ingrese la Sexta Tormenta Invernal de la temporada y un nuevo frente fr\u00edo por En Sonora en Equipo publicamos toda la informaci\u00f3n de Sonora, M\u00e9xico y el Mundo de manera oportuna y busca que la libertad de expresi\u00f3n sea real. Visita nuestro medio informativo publicado desde Hermosillo, Sonora. %\" \/>\n<meta property=\"og:url\" content=\"https:\/\/www.sonoraenequipo.com.mx\/alertan-por-la-llegada-de-la-sexta-tormenta-invernal-la-proxima-semana\/\" \/>\n<meta property=\"og:site_name\" content=\"Sonora en Equipo.\" \/>\n<meta property=\"article:publisher\" content=\"https:\/\/www.facebook.com\/SonoraEE\/\" \/>\n<meta property=\"article:author\" content=\"https:\/\/www.facebook.com\/SonoraEE\" \/>\n<meta property=\"article:published_time\" content=\"2021-01-16T23:22:44+00:00\" \/>\n<meta property=\"article:modified_time\" content=\"2021-01-16T23:36:19+00:00\" \/>\n<meta property=\"og:image\" content=\"https:\/\/www.sonoraenequipo.com.mx\/storage\/2020\/12\/clima_frio_mexico_opt.jpg\" \/>\n\t<meta property=\"og:image:width\" content=\"519\" \/>\n\t<meta property=\"og:image:height\" content=\"400\" \/>\n\t<meta property=\"og:image:type\" content=\"image\/jpeg\" \/>\n<meta name=\"author\" content=\"enequipo\" \/>\n<meta name=\"twitter:card\" content=\"summary_large_image\" \/>\n<meta name=\"twitter:creator\" content=\"@sonoraenequipo\" \/>\n<meta name=\"twitter:site\" content=\"@sonoraenequipo\" \/>\n<meta name=\"twitter:label1\" content=\"Escrito por\" \/>\n\t<meta name=\"twitter:data1\" content=\"enequipo\" \/>\n\t<meta name=\"twitter:label2\" content=\"Tiempo de lectura\" \/>\n\t<meta name=\"twitter:data2\" content=\"5 minutos\" \/>\n<script type=\"application\/ld+json\" class=\"yoast-schema-graph\">{\"@context\":\"https:\/\/schema.org\",\"@graph\":[{\"@type\":\"Article\",\"@id\":\"https:\/\/www.sonoraenequipo.com.mx\/alertan-por-la-llegada-de-la-sexta-tormenta-invernal-la-proxima-semana\/#article\",\"isPartOf\":{\"@id\":\"https:\/\/www.sonoraenequipo.com.mx\/alertan-por-la-llegada-de-la-sexta-tormenta-invernal-la-proxima-semana\/\"},\"author\":{\"name\":\"enequipo\",\"@id\":\"https:\/\/www.sonoraenequipo.com.mx\/#\/schema\/person\/50102df0fb23a8fa9e8effad8fa81386\"},\"headline\":\"Alertan por la llegada de la sexta tormenta invernal\u00a0 la pr\u00f3xima semana\",\"datePublished\":\"2021-01-16T23:22:44+00:00\",\"dateModified\":\"2021-01-16T23:36:19+00:00\",\"mainEntityOfPage\":{\"@id\":\"https:\/\/www.sonoraenequipo.com.mx\/alertan-por-la-llegada-de-la-sexta-tormenta-invernal-la-proxima-semana\/\"},\"wordCount\":1046,\"commentCount\":0,\"publisher\":{\"@id\":\"https:\/\/www.sonoraenequipo.com.mx\/#organization\"},\"image\":{\"@id\":\"https:\/\/www.sonoraenequipo.com.mx\/alertan-por-la-llegada-de-la-sexta-tormenta-invernal-la-proxima-semana\/#primaryimage\"},\"thumbnailUrl\":\"https:\/\/www.sonoraenequipo.com.mx\/storage\/2020\/12\/clima_frio_mexico_opt.jpg\",\"keywords\":[\"clima\",\"Sonora\"],\"articleSection\":[\"Sonora\"],\"inLanguage\":\"es\",\"potentialAction\":[{\"@type\":\"CommentAction\",\"name\":\"Comment\",\"target\":[\"https:\/\/www.sonoraenequipo.com.mx\/alertan-por-la-llegada-de-la-sexta-tormenta-invernal-la-proxima-semana\/#respond\"]}]},{\"@type\":\"WebPage\",\"@id\":\"https:\/\/www.sonoraenequipo.com.mx\/alertan-por-la-llegada-de-la-sexta-tormenta-invernal-la-proxima-semana\/\",\"url\":\"https:\/\/www.sonoraenequipo.com.mx\/alertan-por-la-llegada-de-la-sexta-tormenta-invernal-la-proxima-semana\/\",\"name\":\"Sonora en Equipo. Alertan por la llegada de la sexta tormenta invernal\u00a0 la pr\u00f3xima semana Sonora\",\"isPartOf\":{\"@id\":\"https:\/\/www.sonoraenequipo.com.mx\/#website\"},\"primaryImageOfPage\":{\"@id\":\"https:\/\/www.sonoraenequipo.com.mx\/alertan-por-la-llegada-de-la-sexta-tormenta-invernal-la-proxima-semana\/#primaryimage\"},\"image\":{\"@id\":\"https:\/\/www.sonoraenequipo.com.mx\/alertan-por-la-llegada-de-la-sexta-tormenta-invernal-la-proxima-semana\/#primaryimage\"},\"thumbnailUrl\":\"https:\/\/www.sonoraenequipo.com.mx\/storage\/2020\/12\/clima_frio_mexico_opt.jpg\",\"datePublished\":\"2021-01-16T23:22:44+00:00\",\"dateModified\":\"2021-01-16T23:36:19+00:00\",\"description\":\"&nbsp; &nbsp; HERMOSILLO, SONORA,MX.\u2500\u2500 Se espera que el martes 19 de enero ingrese la Sexta Tormenta Invernal de la temporada y un nuevo frente fr\u00edo por En Sonora en Equipo publicamos toda la informaci\u00f3n de Sonora, M\u00e9xico y el Mundo de manera oportuna y busca que la libertad de expresi\u00f3n sea real. Visita nuestro medio informativo publicado desde Hermosillo, Sonora. %\",\"breadcrumb\":{\"@id\":\"https:\/\/www.sonoraenequipo.com.mx\/alertan-por-la-llegada-de-la-sexta-tormenta-invernal-la-proxima-semana\/#breadcrumb\"},\"inLanguage\":\"es\",\"potentialAction\":[{\"@type\":\"ReadAction\",\"target\":[\"https:\/\/www.sonoraenequipo.com.mx\/alertan-por-la-llegada-de-la-sexta-tormenta-invernal-la-proxima-semana\/\"]}]},{\"@type\":\"ImageObject\",\"inLanguage\":\"es\",\"@id\":\"https:\/\/www.sonoraenequipo.com.mx\/alertan-por-la-llegada-de-la-sexta-tormenta-invernal-la-proxima-semana\/#primaryimage\",\"url\":\"https:\/\/www.sonoraenequipo.com.mx\/storage\/2020\/12\/clima_frio_mexico_opt.jpg\",\"contentUrl\":\"https:\/\/www.sonoraenequipo.com.mx\/storage\/2020\/12\/clima_frio_mexico_opt.jpg\",\"width\":519,\"height\":400,\"caption\":\"31125030. Dallas.- Una tormenta invernal que ha afectado con nieve y hielo a una extensa \u00e1rea del suroeste de Estados Unidos y caus\u00f3 la muerte de al menos 13 personas, continua avanzando hacia el noreste del pa\u00eds. NOTIMEX\/FOTO\/ARCHIVO-STAFF NTXL\/STAFF\/WEA\/\"},{\"@type\":\"BreadcrumbList\",\"@id\":\"https:\/\/www.sonoraenequipo.com.mx\/alertan-por-la-llegada-de-la-sexta-tormenta-invernal-la-proxima-semana\/#breadcrumb\",\"itemListElement\":[{\"@type\":\"ListItem\",\"position\":1,\"name\":\"Portada\",\"item\":\"https:\/\/www.sonoraenequipo.com.mx\/\"},{\"@type\":\"ListItem\",\"position\":2,\"name\":\"Alertan por la llegada de la sexta tormenta invernal\u00a0 la pr\u00f3xima semana\"}]},{\"@type\":\"WebSite\",\"@id\":\"https:\/\/www.sonoraenequipo.com.mx\/#website\",\"url\":\"https:\/\/www.sonoraenequipo.com.mx\/\",\"name\":\"Sonora en Equipo.\",\"description\":\"Diario en l\u00ednea con Noticias desde Hermosillo, Sonora\",\"publisher\":{\"@id\":\"https:\/\/www.sonoraenequipo.com.mx\/#organization\"},\"potentialAction\":[{\"@type\":\"SearchAction\",\"target\":{\"@type\":\"EntryPoint\",\"urlTemplate\":\"https:\/\/www.sonoraenequipo.com.mx\/?s={search_term_string}\"},\"query-input\":{\"@type\":\"PropertyValueSpecification\",\"valueRequired\":true,\"valueName\":\"search_term_string\"}}],\"inLanguage\":\"es\"},{\"@type\":\"Organization\",\"@id\":\"https:\/\/www.sonoraenequipo.com.mx\/#organization\",\"name\":\"Sonoraenequipo.com.mx\",\"url\":\"https:\/\/www.sonoraenequipo.com.mx\/\",\"logo\":{\"@type\":\"ImageObject\",\"inLanguage\":\"es\",\"@id\":\"https:\/\/www.sonoraenequipo.com.mx\/#\/schema\/logo\/image\/\",\"url\":\"https:\/\/www.sonoraenequipo.com.mx\/storage\/2019\/01\/sonoraenequipo_opt.png\",\"contentUrl\":\"https:\/\/www.sonoraenequipo.com.mx\/storage\/2019\/01\/sonoraenequipo_opt.png\",\"width\":375,\"height\":125,\"caption\":\"Sonoraenequipo.com.mx\"},\"image\":{\"@id\":\"https:\/\/www.sonoraenequipo.com.mx\/#\/schema\/logo\/image\/\"},\"sameAs\":[\"https:\/\/www.facebook.com\/SonoraEE\/\",\"https:\/\/x.com\/sonoraenequipo\",\"https:\/\/www.youtube.com\/channel\/UC338nW-lPEYmJQs4ZABQ1SQ\"]},{\"@type\":\"Person\",\"@id\":\"https:\/\/www.sonoraenequipo.com.mx\/#\/schema\/person\/50102df0fb23a8fa9e8effad8fa81386\",\"name\":\"enequipo\",\"image\":{\"@type\":\"ImageObject\",\"inLanguage\":\"es\",\"@id\":\"https:\/\/www.sonoraenequipo.com.mx\/#\/schema\/person\/image\/\",\"url\":\"https:\/\/secure.gravatar.com\/avatar\/049821681b589dabc0bc20695993ccebb09f5b5d4d790cd9251b97faac7c652b?s=96&d=blank&r=g\",\"contentUrl\":\"https:\/\/secure.gravatar.com\/avatar\/049821681b589dabc0bc20695993ccebb09f5b5d4d790cd9251b97faac7c652b?s=96&d=blank&r=g\",\"caption\":\"enequipo\"},\"sameAs\":[\"https:\/\/www.facebook.com\/SonoraEE\"]}]}<\/script>\n ","yoast_head_json":{"title":"Sonora en Equipo. Alertan por la llegada de la sexta tormenta invernal\u00a0 la pr\u00f3xima semana Sonora","description":"&nbsp; &nbsp; HERMOSILLO, SONORA,MX.\u2500\u2500 Se espera que el martes 19 de enero ingrese la Sexta Tormenta Invernal de la temporada y un nuevo frente fr\u00edo por En Sonora en Equipo publicamos toda la informaci\u00f3n de Sonora, M\u00e9xico y el Mundo de manera oportuna y busca que la libertad de expresi\u00f3n sea real. Visita nuestro medio informativo publicado desde Hermosillo, Sonora. %","robots":{"index":"index","follow":"follow","max-snippet":"max-snippet:-1","max-image-preview":"max-image-preview:large","max-video-preview":"max-video-preview:-1"},"canonical":"https:\/\/www.sonoraenequipo.com.mx\/alertan-por-la-llegada-de-la-sexta-tormenta-invernal-la-proxima-semana\/","og_locale":"es_ES","og_type":"article","og_title":"Sonora en Equipo. Alertan por la llegada de la sexta tormenta invernal\u00a0 la pr\u00f3xima semana Sonora","og_description":"&nbsp; &nbsp; HERMOSILLO, SONORA,MX.\u2500\u2500 Se espera que el martes 19 de enero ingrese la Sexta Tormenta Invernal de la temporada y un nuevo frente fr\u00edo por En Sonora en Equipo publicamos toda la informaci\u00f3n de Sonora, M\u00e9xico y el Mundo de manera oportuna y busca que la libertad de expresi\u00f3n sea real. Visita nuestro medio informativo publicado desde Hermosillo, Sonora. %","og_url":"https:\/\/www.sonoraenequipo.com.mx\/alertan-por-la-llegada-de-la-sexta-tormenta-invernal-la-proxima-semana\/","og_site_name":"Sonora en Equipo.","article_publisher":"https:\/\/www.facebook.com\/SonoraEE\/","article_author":"https:\/\/www.facebook.com\/SonoraEE","article_published_time":"2021-01-16T23:22:44+00:00","article_modified_time":"2021-01-16T23:36:19+00:00","og_image":[{"width":519,"height":400,"url":"https:\/\/www.sonoraenequipo.com.mx\/storage\/2020\/12\/clima_frio_mexico_opt.jpg","type":"image\/jpeg"}],"author":"enequipo","twitter_card":"summary_large_image","twitter_creator":"@sonoraenequipo","twitter_site":"@sonoraenequipo","twitter_misc":{"Escrito por":"enequipo","Tiempo de lectura":"5 minutos"},"schema":{"@context":"https:\/\/schema.org","@graph":[{"@type":"Article","@id":"https:\/\/www.sonoraenequipo.com.mx\/alertan-por-la-llegada-de-la-sexta-tormenta-invernal-la-proxima-semana\/#article","isPartOf":{"@id":"https:\/\/www.sonoraenequipo.com.mx\/alertan-por-la-llegada-de-la-sexta-tormenta-invernal-la-proxima-semana\/"},"author":{"name":"enequipo","@id":"https:\/\/www.sonoraenequipo.com.mx\/#\/schema\/person\/50102df0fb23a8fa9e8effad8fa81386"},"headline":"Alertan por la llegada de la sexta tormenta invernal\u00a0 la pr\u00f3xima semana","datePublished":"2021-01-16T23:22:44+00:00","dateModified":"2021-01-16T23:36:19+00:00","mainEntityOfPage":{"@id":"https:\/\/www.sonoraenequipo.com.mx\/alertan-por-la-llegada-de-la-sexta-tormenta-invernal-la-proxima-semana\/"},"wordCount":1046,"commentCount":0,"publisher":{"@id":"https:\/\/www.sonoraenequipo.com.mx\/#organization"},"image":{"@id":"https:\/\/www.sonoraenequipo.com.mx\/alertan-por-la-llegada-de-la-sexta-tormenta-invernal-la-proxima-semana\/#primaryimage"},"thumbnailUrl":"https:\/\/www.sonoraenequipo.com.mx\/storage\/2020\/12\/clima_frio_mexico_opt.jpg","keywords":["clima","Sonora"],"articleSection":["Sonora"],"inLanguage":"es","potentialAction":[{"@type":"CommentAction","name":"Comment","target":["https:\/\/www.sonoraenequipo.com.mx\/alertan-por-la-llegada-de-la-sexta-tormenta-invernal-la-proxima-semana\/#respond"]}]},{"@type":"WebPage","@id":"https:\/\/www.sonoraenequipo.com.mx\/alertan-por-la-llegada-de-la-sexta-tormenta-invernal-la-proxima-semana\/","url":"https:\/\/www.sonoraenequipo.com.mx\/alertan-por-la-llegada-de-la-sexta-tormenta-invernal-la-proxima-semana\/","name":"Sonora en Equipo. Alertan por la llegada de la sexta tormenta invernal\u00a0 la pr\u00f3xima semana Sonora","isPartOf":{"@id":"https:\/\/www.sonoraenequipo.com.mx\/#website"},"primaryImageOfPage":{"@id":"https:\/\/www.sonoraenequipo.com.mx\/alertan-por-la-llegada-de-la-sexta-tormenta-invernal-la-proxima-semana\/#primaryimage"},"image":{"@id":"https:\/\/www.sonoraenequipo.com.mx\/alertan-por-la-llegada-de-la-sexta-tormenta-invernal-la-proxima-semana\/#primaryimage"},"thumbnailUrl":"https:\/\/www.sonoraenequipo.com.mx\/storage\/2020\/12\/clima_frio_mexico_opt.jpg","datePublished":"2021-01-16T23:22:44+00:00","dateModified":"2021-01-16T23:36:19+00:00","description":"&nbsp; &nbsp; HERMOSILLO, SONORA,MX.\u2500\u2500 Se espera que el martes 19 de enero ingrese la Sexta Tormenta Invernal de la temporada y un nuevo frente fr\u00edo por En Sonora en Equipo publicamos toda la informaci\u00f3n de Sonora, M\u00e9xico y el Mundo de manera oportuna y busca que la libertad de expresi\u00f3n sea real. Visita nuestro medio informativo publicado desde Hermosillo, Sonora. %","breadcrumb":{"@id":"https:\/\/www.sonoraenequipo.com.mx\/alertan-por-la-llegada-de-la-sexta-tormenta-invernal-la-proxima-semana\/#breadcrumb"},"inLanguage":"es","potentialAction":[{"@type":"ReadAction","target":["https:\/\/www.sonoraenequipo.com.mx\/alertan-por-la-llegada-de-la-sexta-tormenta-invernal-la-proxima-semana\/"]}]},{"@type":"ImageObject","inLanguage":"es","@id":"https:\/\/www.sonoraenequipo.com.mx\/alertan-por-la-llegada-de-la-sexta-tormenta-invernal-la-proxima-semana\/#primaryimage","url":"https:\/\/www.sonoraenequipo.com.mx\/storage\/2020\/12\/clima_frio_mexico_opt.jpg","contentUrl":"https:\/\/www.sonoraenequipo.com.mx\/storage\/2020\/12\/clima_frio_mexico_opt.jpg","width":519,"height":400,"caption":"31125030. Dallas.- Una tormenta invernal que ha afectado con nieve y hielo a una extensa \u00e1rea del suroeste de Estados Unidos y caus\u00f3 la muerte de al menos 13 personas, continua avanzando hacia el noreste del pa\u00eds. NOTIMEX\/FOTO\/ARCHIVO-STAFF NTXL\/STAFF\/WEA\/"},{"@type":"BreadcrumbList","@id":"https:\/\/www.sonoraenequipo.com.mx\/alertan-por-la-llegada-de-la-sexta-tormenta-invernal-la-proxima-semana\/#breadcrumb","itemListElement":[{"@type":"ListItem","position":1,"name":"Portada","item":"https:\/\/www.sonoraenequipo.com.mx\/"},{"@type":"ListItem","position":2,"name":"Alertan por la llegada de la sexta tormenta invernal\u00a0 la pr\u00f3xima semana"}]},{"@type":"WebSite","@id":"https:\/\/www.sonoraenequipo.com.mx\/#website","url":"https:\/\/www.sonoraenequipo.com.mx\/","name":"Sonora en Equipo.","description":"Diario en l\u00ednea con Noticias desde Hermosillo, Sonora","publisher":{"@id":"https:\/\/www.sonoraenequipo.com.mx\/#organization"},"potentialAction":[{"@type":"SearchAction","target":{"@type":"EntryPoint","urlTemplate":"https:\/\/www.sonoraenequipo.com.mx\/?s={search_term_string}"},"query-input":{"@type":"PropertyValueSpecification","valueRequired":true,"valueName":"search_term_string"}}],"inLanguage":"es"},{"@type":"Organization","@id":"https:\/\/www.sonoraenequipo.com.mx\/#organization","name":"Sonoraenequipo.com.mx","url":"https:\/\/www.sonoraenequipo.com.mx\/","logo":{"@type":"ImageObject","inLanguage":"es","@id":"https:\/\/www.sonoraenequipo.com.mx\/#\/schema\/logo\/image\/","url":"https:\/\/www.sonoraenequipo.com.mx\/storage\/2019\/01\/sonoraenequipo_opt.png","contentUrl":"https:\/\/www.sonoraenequipo.com.mx\/storage\/2019\/01\/sonoraenequipo_opt.png","width":375,"height":125,"caption":"Sonoraenequipo.com.mx"},"image":{"@id":"https:\/\/www.sonoraenequipo.com.mx\/#\/schema\/logo\/image\/"},"sameAs":["https:\/\/www.facebook.com\/SonoraEE\/","https:\/\/x.com\/sonoraenequipo","https:\/\/www.youtube.com\/channel\/UC338nW-lPEYmJQs4ZABQ1SQ"]},{"@type":"Person","@id":"https:\/\/www.sonoraenequipo.com.mx\/#\/schema\/person\/50102df0fb23a8fa9e8effad8fa81386","name":"enequipo","image":{"@type":"ImageObject","inLanguage":"es","@id":"https:\/\/www.sonoraenequipo.com.mx\/#\/schema\/person\/image\/","url":"https:\/\/secure.gravatar.com\/avatar\/049821681b589dabc0bc20695993ccebb09f5b5d4d790cd9251b97faac7c652b?s=96&d=blank&r=g","contentUrl":"https:\/\/secure.gravatar.com\/avatar\/049821681b589dabc0bc20695993ccebb09f5b5d4d790cd9251b97faac7c652b?s=96&d=blank&r=g","caption":"enequipo"},"sameAs":["https:\/\/www.facebook.com\/SonoraEE"]}]}},"jetpack_featured_media_url":"https:\/\/www.sonoraenequipo.com.mx\/storage\/2020\/12\/clima_frio_mexico_opt.jpg","_links":{"self":[{"href":"https:\/\/www.sonoraenequipo.com.mx\/api\/wp\/v2\/posts\/104763","targetHints":{"allow":["GET"]}}],"collection":[{"href":"https:\/\/www.sonoraenequipo.com.mx\/api\/wp\/v2\/posts"}],"about":[{"href":"https:\/\/www.sonoraenequipo.com.mx\/api\/wp\/v2\/types\/post"}],"author":[{"embeddable":true,"href":"https:\/\/www.sonoraenequipo.com.mx\/api\/wp\/v2\/users\/1"}],"replies":[{"embeddable":true,"href":"https:\/\/www.sonoraenequipo.com.mx\/api\/wp\/v2\/comments?post=104763"}],"version-history":[{"count":1,"href":"https:\/\/www.sonoraenequipo.com.mx\/api\/wp\/v2\/posts\/104763\/revisions"}],"predecessor-version":[{"id":104766,"href":"https:\/\/www.sonoraenequipo.com.mx\/api\/wp\/v2\/posts\/104763\/revisions\/104766"}],"wp:featuredmedia":[{"embeddable":true,"href":"https:\/\/www.sonoraenequipo.com.mx\/api\/wp\/v2\/media\/102932"}],"wp:attachment":[{"href":"https:\/\/www.sonoraenequipo.com.mx\/api\/wp\/v2\/media?parent=104763"}],"wp:term":[{"taxonomy":"category","embeddable":true,"href":"https:\/\/www.sonoraenequipo.com.mx\/api\/wp\/v2\/categories?post=104763"},{"taxonomy":"post_tag","embeddable":true,"href":"https:\/\/www.sonoraenequipo.com.mx\/api\/wp\/v2\/tags?post=104763"}],"curies":[{"name":"wp","href":"https:\/\/api.w.org\/{rel}","templated":true}]}}