{"id":104768,"date":"2021-01-15T05:00:34","date_gmt":"2021-01-15T12:00:34","guid":{"rendered":"https:\/\/www.sonoraenequipo.com.mx\/?p=104768"},"modified":"2021-01-16T16:54:33","modified_gmt":"2021-01-16T23:54:33","slug":"felix-salgado-festeja-su-cumpleanos-con-fiesta-masiva","status":"publish","type":"post","link":"https:\/\/www.sonoraenequipo.com.mx\/felix-salgado-festeja-su-cumpleanos-con-fiesta-masiva\/","title":{"rendered":"F\u00e9lix Salgado festeja su cumplea\u00f1os con fiesta masiva"},"content":{"rendered":"<p>CHILPANCINGO, GUERRERO. MX. \u2014 Pese a las acusaciones por abuso sexual y la pandemia de COVID-19 que se encuentra en su segundo punto m\u00e1s \u00e1lgido, F\u00e9lix Salgado Macedonio festej\u00f3 su cumplea\u00f1os con una fiesta masiva de m\u00e1s de 500 invitados.<\/p>\n<p>&nbsp;<\/p>\n<p> <\/p>\n<p>&nbsp;<\/p>\n<p>El candidato a la gubernatura de Guerrero por Movimiento Regeneraci\u00f3n Nacional (Morena) celebr\u00f3 este 14 de enero su natalicio n\u00famero 64 en un lugar de la colonia Haciendita del municipio de Chilpancingo.<\/p>\n<p>&nbsp;<\/p>\n<p>En las im\u00e1genes que circulan del evento se observa que los asistentes no guardaron sana distancia y aunque algunos ten\u00edan cubrebocas, muchos otros no lo portaban.<\/p>\n<p>&nbsp;<\/p>\n<p>Adem\u00e1s del banquete, la fiesta masiva fue amenizada con mariachis y una banda regional. Entre los asistentes estuvieron algunos funcionarios locales de Morena; aunque la entidad est\u00e1 en sem\u00e1foro naranja por alerta epidemiol\u00f3gica y no se permiten eventos o reuniones con m\u00e1s de 10 personas.<\/p>\n<p>&nbsp;<\/p>\n<p><a class=\"twitter-timeline\" data-width=\"640\" data-height=\"960\" data-dnt=\"true\" href=\"https:\/\/twitter.com\/OsMaFco?ref_src=twsrc%5Etfw\">Tweets by OsMaFco<\/a><script async src=\"https:\/\/platform.twitter.com\/widgets.js\" charset=\"utf-8\"><\/script><\/p>\n<p>En su cuenta de Facebook, Salgado Macedonio comparti\u00f3 una fotograf\u00eda de \u00e9l cuando era un ni\u00f1o, agradeciendo a Dios por conducir su vida con sobriedad y humildad a sus semejantes.<\/p>\n<p>&nbsp;<\/p>\n<p>\u201cLe doy gracias a Dios padre todopoderoso por obsequiarme un d\u00eda m\u00e1s. Gracias por darme la sabidur\u00eda de conducir mi vida en sobriedad y poder servir con humildad a mis semejantes. Les mando un abrazo fuerte lleno de amor y paz para todos y todas\u201d, dijo.<\/p>\n<p>&nbsp;<\/p>\n<h3>El candidato a la gubernatura de Guerrero est\u00e1 acusado de violaci\u00f3n<\/h3>\n<p>&nbsp;<\/p>\n<p>La investigaci\u00f3n contra morenista no es nueva, de hecho hubo una manifestaci\u00f3n de mujeres feministas en las afueras del edificio oficial de Morena en la Ciudad de M\u00e9xico donde se\u00f1alaron la presunta responsabilidad de Salgado Macedonio en los cargos que le imputan.<\/p>\n<p>&nbsp;<\/p>\n<p>Adem\u00e1s de dichas acusaciones por abuso sexual, cuando termin\u00f3 su mandato como alcalde Acapulco (2005-2008) se le acus\u00f3 de haber recibido dinero durante su campa\u00f1a a cambio del compromiso de no entregar a los criminales la polic\u00eda municipal. Se le hizo responsable de haber abierto las puertas de Acapulco al crimen organizado: de haber dejado entrar a los Zetas, y de haber dejado entrar a La Barbie.<\/p>\n<p>&nbsp;<\/p>\n<p>Por lo anterior, Citlali Hern\u00e1ndez, secretaria general de Morena, apunt\u00f3 el 13 de enero que en un acto de congruencia lo mejor es revocar la candidatura de F\u00e9lix Salgado Macedonio.<\/p>\n<p>&nbsp;<\/p>\n<p><em>\u201cMe parece que por un acto de congruencia y hasta no saber m\u00e1s detalles, lo mejor es que tomemos una decisi\u00f3n y que F\u00e9lix Salgado no sea candidato\u201d<\/em>, dijo Hern\u00e1ndez durante una intervenci\u00f3n en As\u00ed Las Cosas de W Radio, y agreg\u00f3 que \u201cen Morena no podemos quedarnos callados ante los casos de posible violaci\u00f3n y abuso de g\u00e9nero\u201d.<\/p>\n<p>&nbsp;<\/p>\n<p>Apunt\u00f3 que la revocaci\u00f3n no solamente depende de ella, y que a\u00fan no cuentan con una decisi\u00f3n formal, por lo que Macedonio seguir\u00e1 en la contienda electoral.<\/p>\n<p>&nbsp;<\/p>\n<p>Pese a que las acusaciones en contra de Salgado Macedonio son consistentes y una fracci\u00f3n del partido pide que sea revocado, el presidente Andr\u00e9s Manuel L\u00f3pez Obrador asegur\u00f3, a inicios del a\u00f1o, que dichas incriminaciones por violencia sexual en contra del candidato son productos propios de la temporada de elecciones.<\/p>\n<p>&nbsp;<\/p>\n<p>\u201cEs un asunto partidista y producto de la temporada. Hay una competencia en algunos estados porque se vienen elecciones, entonces todo esto genera pol\u00e9micas, acusaciones. (&#8230;) Yo lo \u00fanico que puedo comentar es que cuando hay elecciones o competencia se trata de descalificar al adversario de una o de otra manera\u201d, asegur\u00f3<\/p>\n<p>&nbsp;<\/p>\n<p>&nbsp;<\/p>\n<p>(Publicada el 15\/01\/2021)<\/p>\n","protected":false},"excerpt":{"rendered":"<p>CHILPANCINGO, GUERRERO. MX. \u2014 Pese a las acusaciones por abuso sexual y la pandemia de&#8230;<\/p>\n","protected":false},"author":1,"featured_media":104770,"comment_status":"open","ping_status":"open","sticky":false,"template":"","format":"standard","meta":{"_monsterinsights_skip_tracking":false,"_monsterinsights_sitenote_active":false,"_monsterinsights_sitenote_note":"","_monsterinsights_sitenote_category":0,"footnotes":""},"categories":[1],"tags":[],"class_list":["post"],"yoast_head":" \n<title>Sonora en Equipo. F\u00e9lix Salgado festeja su cumplea\u00f1os con fiesta masiva<\/title>\n<meta name=\"description\" content=\"CHILPANCINGO, GUERRERO. MX. \u2014 Pese a las acusaciones por abuso sexual y la pandemia de COVID-19 que se encuentra en su segundo punto m\u00e1s \u00e1lgido, F\u00e9lix En Sonora en Equipo publicamos toda la informaci\u00f3n de Sonora, M\u00e9xico y el Mundo de manera oportuna y busca que la libertad de expresi\u00f3n sea real. Visita nuestro medio informativo publicado desde Hermosillo, Sonora. %\" \/>\n<meta name=\"robots\" content=\"index, follow, max-snippet:-1, max-image-preview:large, max-video-preview:-1\" \/>\n<link rel=\"canonical\" href=\"https:\/\/www.sonoraenequipo.com.mx\/felix-salgado-festeja-su-cumpleanos-con-fiesta-masiva\/\" \/>\n<meta property=\"og:locale\" content=\"es_ES\" \/>\n<meta property=\"og:type\" content=\"article\" \/>\n<meta property=\"og:title\" content=\"Sonora en Equipo. F\u00e9lix Salgado festeja su cumplea\u00f1os con fiesta masiva\" \/>\n<meta property=\"og:description\" content=\"CHILPANCINGO, GUERRERO. MX. \u2014 Pese a las acusaciones por abuso sexual y la pandemia de COVID-19 que se encuentra en su segundo punto m\u00e1s \u00e1lgido, F\u00e9lix En Sonora en Equipo publicamos toda la informaci\u00f3n de Sonora, M\u00e9xico y el Mundo de manera oportuna y busca que la libertad de expresi\u00f3n sea real. Visita nuestro medio informativo publicado desde Hermosillo, Sonora. %\" \/>\n<meta property=\"og:url\" content=\"https:\/\/www.sonoraenequipo.com.mx\/felix-salgado-festeja-su-cumpleanos-con-fiesta-masiva\/\" \/>\n<meta property=\"og:site_name\" content=\"Sonora en Equipo.\" \/>\n<meta property=\"article:publisher\" content=\"https:\/\/www.facebook.com\/SonoraEE\/\" \/>\n<meta property=\"article:author\" content=\"https:\/\/www.facebook.com\/SonoraEE\" \/>\n<meta property=\"article:published_time\" content=\"2021-01-15T12:00:34+00:00\" \/>\n<meta property=\"article:modified_time\" content=\"2021-01-16T23:54:33+00:00\" \/>\n<meta property=\"og:image\" content=\"https:\/\/www.sonoraenequipo.com.mx\/storage\/2021\/01\/fiesta-felix-salgado-macedonio_opt.jpg\" \/>\n\t<meta property=\"og:image:width\" content=\"664\" \/>\n\t<meta property=\"og:image:height\" content=\"400\" \/>\n\t<meta property=\"og:image:type\" content=\"image\/jpeg\" \/>\n<meta name=\"author\" content=\"enequipo\" \/>\n<meta name=\"twitter:card\" content=\"summary_large_image\" \/>\n<meta name=\"twitter:creator\" content=\"@sonoraenequipo\" \/>\n<meta name=\"twitter:site\" content=\"@sonoraenequipo\" \/>\n<meta name=\"twitter:label1\" content=\"Escrito por\" \/>\n\t<meta name=\"twitter:data1\" content=\"enequipo\" \/>\n\t<meta name=\"twitter:label2\" content=\"Tiempo de lectura\" \/>\n\t<meta name=\"twitter:data2\" content=\"3 minutos\" \/>\n<script type=\"application\/ld+json\" class=\"yoast-schema-graph\">{\"@context\":\"https:\/\/schema.org\",\"@graph\":[{\"@type\":\"Article\",\"@id\":\"https:\/\/www.sonoraenequipo.com.mx\/felix-salgado-festeja-su-cumpleanos-con-fiesta-masiva\/#article\",\"isPartOf\":{\"@id\":\"https:\/\/www.sonoraenequipo.com.mx\/felix-salgado-festeja-su-cumpleanos-con-fiesta-masiva\/\"},\"author\":{\"name\":\"enequipo\",\"@id\":\"https:\/\/www.sonoraenequipo.com.mx\/#\/schema\/person\/50102df0fb23a8fa9e8effad8fa81386\"},\"headline\":\"F\u00e9lix Salgado festeja su cumplea\u00f1os con fiesta masiva\",\"datePublished\":\"2021-01-15T12:00:34+00:00\",\"dateModified\":\"2021-01-16T23:54:33+00:00\",\"mainEntityOfPage\":{\"@id\":\"https:\/\/www.sonoraenequipo.com.mx\/felix-salgado-festeja-su-cumpleanos-con-fiesta-masiva\/\"},\"wordCount\":624,\"commentCount\":0,\"publisher\":{\"@id\":\"https:\/\/www.sonoraenequipo.com.mx\/#organization\"},\"image\":{\"@id\":\"https:\/\/www.sonoraenequipo.com.mx\/felix-salgado-festeja-su-cumpleanos-con-fiesta-masiva\/#primaryimage\"},\"thumbnailUrl\":\"https:\/\/www.sonoraenequipo.com.mx\/storage\/2021\/01\/fiesta-felix-salgado-macedonio_opt.jpg\",\"articleSection\":[\"Sin categorizar\"],\"inLanguage\":\"es\",\"potentialAction\":[{\"@type\":\"CommentAction\",\"name\":\"Comment\",\"target\":[\"https:\/\/www.sonoraenequipo.com.mx\/felix-salgado-festeja-su-cumpleanos-con-fiesta-masiva\/#respond\"]}]},{\"@type\":\"WebPage\",\"@id\":\"https:\/\/www.sonoraenequipo.com.mx\/felix-salgado-festeja-su-cumpleanos-con-fiesta-masiva\/\",\"url\":\"https:\/\/www.sonoraenequipo.com.mx\/felix-salgado-festeja-su-cumpleanos-con-fiesta-masiva\/\",\"name\":\"Sonora en Equipo. F\u00e9lix Salgado festeja su cumplea\u00f1os con fiesta masiva\",\"isPartOf\":{\"@id\":\"https:\/\/www.sonoraenequipo.com.mx\/#website\"},\"primaryImageOfPage\":{\"@id\":\"https:\/\/www.sonoraenequipo.com.mx\/felix-salgado-festeja-su-cumpleanos-con-fiesta-masiva\/#primaryimage\"},\"image\":{\"@id\":\"https:\/\/www.sonoraenequipo.com.mx\/felix-salgado-festeja-su-cumpleanos-con-fiesta-masiva\/#primaryimage\"},\"thumbnailUrl\":\"https:\/\/www.sonoraenequipo.com.mx\/storage\/2021\/01\/fiesta-felix-salgado-macedonio_opt.jpg\",\"datePublished\":\"2021-01-15T12:00:34+00:00\",\"dateModified\":\"2021-01-16T23:54:33+00:00\",\"description\":\"CHILPANCINGO, GUERRERO. MX. \u2014 Pese a las acusaciones por abuso sexual y la pandemia de COVID-19 que se encuentra en su segundo punto m\u00e1s \u00e1lgido, F\u00e9lix En Sonora en Equipo publicamos toda la informaci\u00f3n de Sonora, M\u00e9xico y el Mundo de manera oportuna y busca que la libertad de expresi\u00f3n sea real. Visita nuestro medio informativo publicado desde Hermosillo, Sonora. %\",\"breadcrumb\":{\"@id\":\"https:\/\/www.sonoraenequipo.com.mx\/felix-salgado-festeja-su-cumpleanos-con-fiesta-masiva\/#breadcrumb\"},\"inLanguage\":\"es\",\"potentialAction\":[{\"@type\":\"ReadAction\",\"target\":[\"https:\/\/www.sonoraenequipo.com.mx\/felix-salgado-festeja-su-cumpleanos-con-fiesta-masiva\/\"]}]},{\"@type\":\"ImageObject\",\"inLanguage\":\"es\",\"@id\":\"https:\/\/www.sonoraenequipo.com.mx\/felix-salgado-festeja-su-cumpleanos-con-fiesta-masiva\/#primaryimage\",\"url\":\"https:\/\/www.sonoraenequipo.com.mx\/storage\/2021\/01\/fiesta-felix-salgado-macedonio_opt.jpg\",\"contentUrl\":\"https:\/\/www.sonoraenequipo.com.mx\/storage\/2021\/01\/fiesta-felix-salgado-macedonio_opt.jpg\",\"width\":664,\"height\":400},{\"@type\":\"BreadcrumbList\",\"@id\":\"https:\/\/www.sonoraenequipo.com.mx\/felix-salgado-festeja-su-cumpleanos-con-fiesta-masiva\/#breadcrumb\",\"itemListElement\":[{\"@type\":\"ListItem\",\"position\":1,\"name\":\"Portada\",\"item\":\"https:\/\/www.sonoraenequipo.com.mx\/\"},{\"@type\":\"ListItem\",\"position\":2,\"name\":\"F\u00e9lix Salgado festeja su cumplea\u00f1os con fiesta masiva\"}]},{\"@type\":\"WebSite\",\"@id\":\"https:\/\/www.sonoraenequipo.com.mx\/#website\",\"url\":\"https:\/\/www.sonoraenequipo.com.mx\/\",\"name\":\"Sonora en Equipo.\",\"description\":\"Diario en l\u00ednea con Noticias desde Hermosillo, Sonora\",\"publisher\":{\"@id\":\"https:\/\/www.sonoraenequipo.com.mx\/#organization\"},\"potentialAction\":[{\"@type\":\"SearchAction\",\"target\":{\"@type\":\"EntryPoint\",\"urlTemplate\":\"https:\/\/www.sonoraenequipo.com.mx\/?s={search_term_string}\"},\"query-input\":{\"@type\":\"PropertyValueSpecification\",\"valueRequired\":true,\"valueName\":\"search_term_string\"}}],\"inLanguage\":\"es\"},{\"@type\":\"Organization\",\"@id\":\"https:\/\/www.sonoraenequipo.com.mx\/#organization\",\"name\":\"Sonoraenequipo.com.mx\",\"url\":\"https:\/\/www.sonoraenequipo.com.mx\/\",\"logo\":{\"@type\":\"ImageObject\",\"inLanguage\":\"es\",\"@id\":\"https:\/\/www.sonoraenequipo.com.mx\/#\/schema\/logo\/image\/\",\"url\":\"https:\/\/www.sonoraenequipo.com.mx\/storage\/2019\/01\/sonoraenequipo_opt.png\",\"contentUrl\":\"https:\/\/www.sonoraenequipo.com.mx\/storage\/2019\/01\/sonoraenequipo_opt.png\",\"width\":375,\"height\":125,\"caption\":\"Sonoraenequipo.com.mx\"},\"image\":{\"@id\":\"https:\/\/www.sonoraenequipo.com.mx\/#\/schema\/logo\/image\/\"},\"sameAs\":[\"https:\/\/www.facebook.com\/SonoraEE\/\",\"https:\/\/x.com\/sonoraenequipo\",\"https:\/\/www.youtube.com\/channel\/UC338nW-lPEYmJQs4ZABQ1SQ\"]},{\"@type\":\"Person\",\"@id\":\"https:\/\/www.sonoraenequipo.com.mx\/#\/schema\/person\/50102df0fb23a8fa9e8effad8fa81386\",\"name\":\"enequipo\",\"image\":{\"@type\":\"ImageObject\",\"inLanguage\":\"es\",\"@id\":\"https:\/\/www.sonoraenequipo.com.mx\/#\/schema\/person\/image\/\",\"url\":\"https:\/\/secure.gravatar.com\/avatar\/049821681b589dabc0bc20695993ccebb09f5b5d4d790cd9251b97faac7c652b?s=96&d=blank&r=g\",\"contentUrl\":\"https:\/\/secure.gravatar.com\/avatar\/049821681b589dabc0bc20695993ccebb09f5b5d4d790cd9251b97faac7c652b?s=96&d=blank&r=g\",\"caption\":\"enequipo\"},\"sameAs\":[\"https:\/\/www.facebook.com\/SonoraEE\"]}]}<\/script>\n ","yoast_head_json":{"title":"Sonora en Equipo. F\u00e9lix Salgado festeja su cumplea\u00f1os con fiesta masiva","description":"CHILPANCINGO, GUERRERO. MX. \u2014 Pese a las acusaciones por abuso sexual y la pandemia de COVID-19 que se encuentra en su segundo punto m\u00e1s \u00e1lgido, F\u00e9lix En Sonora en Equipo publicamos toda la informaci\u00f3n de Sonora, M\u00e9xico y el Mundo de manera oportuna y busca que la libertad de expresi\u00f3n sea real. Visita nuestro medio informativo publicado desde Hermosillo, Sonora. %","robots":{"index":"index","follow":"follow","max-snippet":"max-snippet:-1","max-image-preview":"max-image-preview:large","max-video-preview":"max-video-preview:-1"},"canonical":"https:\/\/www.sonoraenequipo.com.mx\/felix-salgado-festeja-su-cumpleanos-con-fiesta-masiva\/","og_locale":"es_ES","og_type":"article","og_title":"Sonora en Equipo. F\u00e9lix Salgado festeja su cumplea\u00f1os con fiesta masiva","og_description":"CHILPANCINGO, GUERRERO. MX. \u2014 Pese a las acusaciones por abuso sexual y la pandemia de COVID-19 que se encuentra en su segundo punto m\u00e1s \u00e1lgido, F\u00e9lix En Sonora en Equipo publicamos toda la informaci\u00f3n de Sonora, M\u00e9xico y el Mundo de manera oportuna y busca que la libertad de expresi\u00f3n sea real. Visita nuestro medio informativo publicado desde Hermosillo, Sonora. %","og_url":"https:\/\/www.sonoraenequipo.com.mx\/felix-salgado-festeja-su-cumpleanos-con-fiesta-masiva\/","og_site_name":"Sonora en Equipo.","article_publisher":"https:\/\/www.facebook.com\/SonoraEE\/","article_author":"https:\/\/www.facebook.com\/SonoraEE","article_published_time":"2021-01-15T12:00:34+00:00","article_modified_time":"2021-01-16T23:54:33+00:00","og_image":[{"width":664,"height":400,"url":"https:\/\/www.sonoraenequipo.com.mx\/storage\/2021\/01\/fiesta-felix-salgado-macedonio_opt.jpg","type":"image\/jpeg"}],"author":"enequipo","twitter_card":"summary_large_image","twitter_creator":"@sonoraenequipo","twitter_site":"@sonoraenequipo","twitter_misc":{"Escrito por":"enequipo","Tiempo de lectura":"3 minutos"},"schema":{"@context":"https:\/\/schema.org","@graph":[{"@type":"Article","@id":"https:\/\/www.sonoraenequipo.com.mx\/felix-salgado-festeja-su-cumpleanos-con-fiesta-masiva\/#article","isPartOf":{"@id":"https:\/\/www.sonoraenequipo.com.mx\/felix-salgado-festeja-su-cumpleanos-con-fiesta-masiva\/"},"author":{"name":"enequipo","@id":"https:\/\/www.sonoraenequipo.com.mx\/#\/schema\/person\/50102df0fb23a8fa9e8effad8fa81386"},"headline":"F\u00e9lix Salgado festeja su cumplea\u00f1os con fiesta masiva","datePublished":"2021-01-15T12:00:34+00:00","dateModified":"2021-01-16T23:54:33+00:00","mainEntityOfPage":{"@id":"https:\/\/www.sonoraenequipo.com.mx\/felix-salgado-festeja-su-cumpleanos-con-fiesta-masiva\/"},"wordCount":624,"commentCount":0,"publisher":{"@id":"https:\/\/www.sonoraenequipo.com.mx\/#organization"},"image":{"@id":"https:\/\/www.sonoraenequipo.com.mx\/felix-salgado-festeja-su-cumpleanos-con-fiesta-masiva\/#primaryimage"},"thumbnailUrl":"https:\/\/www.sonoraenequipo.com.mx\/storage\/2021\/01\/fiesta-felix-salgado-macedonio_opt.jpg","articleSection":["Sin categorizar"],"inLanguage":"es","potentialAction":[{"@type":"CommentAction","name":"Comment","target":["https:\/\/www.sonoraenequipo.com.mx\/felix-salgado-festeja-su-cumpleanos-con-fiesta-masiva\/#respond"]}]},{"@type":"WebPage","@id":"https:\/\/www.sonoraenequipo.com.mx\/felix-salgado-festeja-su-cumpleanos-con-fiesta-masiva\/","url":"https:\/\/www.sonoraenequipo.com.mx\/felix-salgado-festeja-su-cumpleanos-con-fiesta-masiva\/","name":"Sonora en Equipo. F\u00e9lix Salgado festeja su cumplea\u00f1os con fiesta masiva","isPartOf":{"@id":"https:\/\/www.sonoraenequipo.com.mx\/#website"},"primaryImageOfPage":{"@id":"https:\/\/www.sonoraenequipo.com.mx\/felix-salgado-festeja-su-cumpleanos-con-fiesta-masiva\/#primaryimage"},"image":{"@id":"https:\/\/www.sonoraenequipo.com.mx\/felix-salgado-festeja-su-cumpleanos-con-fiesta-masiva\/#primaryimage"},"thumbnailUrl":"https:\/\/www.sonoraenequipo.com.mx\/storage\/2021\/01\/fiesta-felix-salgado-macedonio_opt.jpg","datePublished":"2021-01-15T12:00:34+00:00","dateModified":"2021-01-16T23:54:33+00:00","description":"CHILPANCINGO, GUERRERO. MX. \u2014 Pese a las acusaciones por abuso sexual y la pandemia de COVID-19 que se encuentra en su segundo punto m\u00e1s \u00e1lgido, F\u00e9lix En Sonora en Equipo publicamos toda la informaci\u00f3n de Sonora, M\u00e9xico y el Mundo de manera oportuna y busca que la libertad de expresi\u00f3n sea real. Visita nuestro medio informativo publicado desde Hermosillo, Sonora. %","breadcrumb":{"@id":"https:\/\/www.sonoraenequipo.com.mx\/felix-salgado-festeja-su-cumpleanos-con-fiesta-masiva\/#breadcrumb"},"inLanguage":"es","potentialAction":[{"@type":"ReadAction","target":["https:\/\/www.sonoraenequipo.com.mx\/felix-salgado-festeja-su-cumpleanos-con-fiesta-masiva\/"]}]},{"@type":"ImageObject","inLanguage":"es","@id":"https:\/\/www.sonoraenequipo.com.mx\/felix-salgado-festeja-su-cumpleanos-con-fiesta-masiva\/#primaryimage","url":"https:\/\/www.sonoraenequipo.com.mx\/storage\/2021\/01\/fiesta-felix-salgado-macedonio_opt.jpg","contentUrl":"https:\/\/www.sonoraenequipo.com.mx\/storage\/2021\/01\/fiesta-felix-salgado-macedonio_opt.jpg","width":664,"height":400},{"@type":"BreadcrumbList","@id":"https:\/\/www.sonoraenequipo.com.mx\/felix-salgado-festeja-su-cumpleanos-con-fiesta-masiva\/#breadcrumb","itemListElement":[{"@type":"ListItem","position":1,"name":"Portada","item":"https:\/\/www.sonoraenequipo.com.mx\/"},{"@type":"ListItem","position":2,"name":"F\u00e9lix Salgado festeja su cumplea\u00f1os con fiesta masiva"}]},{"@type":"WebSite","@id":"https:\/\/www.sonoraenequipo.com.mx\/#website","url":"https:\/\/www.sonoraenequipo.com.mx\/","name":"Sonora en Equipo.","description":"Diario en l\u00ednea con Noticias desde Hermosillo, Sonora","publisher":{"@id":"https:\/\/www.sonoraenequipo.com.mx\/#organization"},"potentialAction":[{"@type":"SearchAction","target":{"@type":"EntryPoint","urlTemplate":"https:\/\/www.sonoraenequipo.com.mx\/?s={search_term_string}"},"query-input":{"@type":"PropertyValueSpecification","valueRequired":true,"valueName":"search_term_string"}}],"inLanguage":"es"},{"@type":"Organization","@id":"https:\/\/www.sonoraenequipo.com.mx\/#organization","name":"Sonoraenequipo.com.mx","url":"https:\/\/www.sonoraenequipo.com.mx\/","logo":{"@type":"ImageObject","inLanguage":"es","@id":"https:\/\/www.sonoraenequipo.com.mx\/#\/schema\/logo\/image\/","url":"https:\/\/www.sonoraenequipo.com.mx\/storage\/2019\/01\/sonoraenequipo_opt.png","contentUrl":"https:\/\/www.sonoraenequipo.com.mx\/storage\/2019\/01\/sonoraenequipo_opt.png","width":375,"height":125,"caption":"Sonoraenequipo.com.mx"},"image":{"@id":"https:\/\/www.sonoraenequipo.com.mx\/#\/schema\/logo\/image\/"},"sameAs":["https:\/\/www.facebook.com\/SonoraEE\/","https:\/\/x.com\/sonoraenequipo","https:\/\/www.youtube.com\/channel\/UC338nW-lPEYmJQs4ZABQ1SQ"]},{"@type":"Person","@id":"https:\/\/www.sonoraenequipo.com.mx\/#\/schema\/person\/50102df0fb23a8fa9e8effad8fa81386","name":"enequipo","image":{"@type":"ImageObject","inLanguage":"es","@id":"https:\/\/www.sonoraenequipo.com.mx\/#\/schema\/person\/image\/","url":"https:\/\/secure.gravatar.com\/avatar\/049821681b589dabc0bc20695993ccebb09f5b5d4d790cd9251b97faac7c652b?s=96&d=blank&r=g","contentUrl":"https:\/\/secure.gravatar.com\/avatar\/049821681b589dabc0bc20695993ccebb09f5b5d4d790cd9251b97faac7c652b?s=96&d=blank&r=g","caption":"enequipo"},"sameAs":["https:\/\/www.facebook.com\/SonoraEE"]}]}},"jetpack_featured_media_url":"https:\/\/www.sonoraenequipo.com.mx\/storage\/2021\/01\/fiesta-felix-salgado-macedonio_opt.jpg","_links":{"self":[{"href":"https:\/\/www.sonoraenequipo.com.mx\/api\/wp\/v2\/posts\/104768","targetHints":{"allow":["GET"]}}],"collection":[{"href":"https:\/\/www.sonoraenequipo.com.mx\/api\/wp\/v2\/posts"}],"about":[{"href":"https:\/\/www.sonoraenequipo.com.mx\/api\/wp\/v2\/types\/post"}],"author":[{"embeddable":true,"href":"https:\/\/www.sonoraenequipo.com.mx\/api\/wp\/v2\/users\/1"}],"replies":[{"embeddable":true,"href":"https:\/\/www.sonoraenequipo.com.mx\/api\/wp\/v2\/comments?post=104768"}],"version-history":[{"count":1,"href":"https:\/\/www.sonoraenequipo.com.mx\/api\/wp\/v2\/posts\/104768\/revisions"}],"predecessor-version":[{"id":104771,"href":"https:\/\/www.sonoraenequipo.com.mx\/api\/wp\/v2\/posts\/104768\/revisions\/104771"}],"wp:featuredmedia":[{"embeddable":true,"href":"https:\/\/www.sonoraenequipo.com.mx\/api\/wp\/v2\/media\/104770"}],"wp:attachment":[{"href":"https:\/\/www.sonoraenequipo.com.mx\/api\/wp\/v2\/media?parent=104768"}],"wp:term":[{"taxonomy":"category","embeddable":true,"href":"https:\/\/www.sonoraenequipo.com.mx\/api\/wp\/v2\/categories?post=104768"},{"taxonomy":"post_tag","embeddable":true,"href":"https:\/\/www.sonoraenequipo.com.mx\/api\/wp\/v2\/tags?post=104768"}],"curies":[{"name":"wp","href":"https:\/\/api.w.org\/{rel}","templated":true}]}}