{"id":104773,"date":"2021-01-16T17:22:33","date_gmt":"2021-01-17T00:22:33","guid":{"rendered":"https:\/\/www.sonoraenequipo.com.mx\/?p=104773"},"modified":"2021-01-16T17:22:33","modified_gmt":"2021-01-17T00:22:33","slug":"hermosillo-beneficiara-rescatando-escuelas-covid-a-8-planteles-mas-en-enero","status":"publish","type":"post","link":"https:\/\/www.sonoraenequipo.com.mx\/hermosillo-beneficiara-rescatando-escuelas-covid-a-8-planteles-mas-en-enero\/","title":{"rendered":"HERMOSILLO. Beneficiar\u00e1 \u201cRescatando Escuelas Covid\u201d a 8 planteles m\u00e1s en enero"},"content":{"rendered":"<p>&nbsp;<\/p>\n<p>&nbsp;<\/p>\n<p>HERMOSILLO, SONORA,MX.\u2500\u2500 Por petici\u00f3n de sus respectivos directores, el programa \u201cRescatando Escuelas Covid\u201d lleg\u00f3 este fin de semana a dos escuelas ubicadas al Norte de Hermosillo, donde personal de Servicios P\u00fablicos Municipales y prestadores de servicio comunitario realizaron una jornada de limpieza.<\/p>\n<p>&nbsp;<\/p>\n<p>Los regidores Mary Carrazco, Carlos Sosa y Ver\u00f3nica Rodr\u00edguez, presidenta e integrantes de la Comisi\u00f3n de Educaci\u00f3n y Cultura del Cabildo respectivamente, supervisaron los trabajos de limpieza de patios, poda y riego de \u00e1rboles y arbustos en los jardines de ni\u00f1os Anton Makarenko y Ecos Infantiles.<\/p>\n<p>&nbsp;<\/p>\n<p>Esto, como parte del rescate de espacios que emprende el Ayuntamiento de Hermosillo encabezado por la Alcaldesa Celida L\u00f3pez C\u00e1rdenas, acompa\u00f1ada de todas las dependencias del gobierno local y, en este programa, de un grupo comprometido y plural de regidores.<\/p>\n<p>&nbsp;<\/p>\n<p>Las directoras de dichos planteles Elena Durazo Valencia y Jazm\u00edn Flores, agradecieron a los regidores y personal del Ayuntamiento por proporcionarles esta ayuda durante la actual fase de contingencia sanitaria, a la vez que consideraron que este ejemplo debe segurise en todas las escuelas.<\/p>\n<p>&nbsp;<\/p>\n<p>Los regidores impulsores de la estrategia \u201cRescatando Escuelas Covid\u201d explicaron que 6 intervenciones similares se efectuaron durante diciembre de 2020, como parte de un plan piloto creado para dar atenci\u00f3n a denuncias ciudadanas de que gran cantidad de \u00e1rboles y plantas estaban muriendo por falta de mantenimiento.<\/p>\n<p>&nbsp;<\/p>\n<p>Revelaron que directores de 8 planteles de la localidad solicitaron unirse a estas jornadas de mantenimiento durante enero y ya fueron programadas.<\/p>\n<p>&nbsp;<\/p>\n<p>Los miembros de la Comisi\u00f3n de Educaci\u00f3n y Cultura continuar\u00e1n haciendo labor de apoyo y gestor\u00eda a favor de las comunidades escolares que soliciten ayuda para mantener en buenas condiciones las instalaciones y \u00e1rboles.<\/p>\n<p>&nbsp;<\/p>\n<p>Fecha de publicaci\u00f3n 16\/ene\/2021<\/p>\n<p>&nbsp;<\/p>\n","protected":false},"excerpt":{"rendered":"<p>&nbsp; &nbsp; HERMOSILLO, SONORA,MX.\u2500\u2500 Por petici\u00f3n de sus respectivos directores, el programa \u201cRescatando Escuelas Covid\u201d&#8230;<\/p>\n","protected":false},"author":1,"featured_media":104774,"comment_status":"open","ping_status":"open","sticky":false,"template":"","format":"standard","meta":{"_monsterinsights_skip_tracking":false,"_monsterinsights_sitenote_active":false,"_monsterinsights_sitenote_note":"","_monsterinsights_sitenote_category":0,"footnotes":""},"categories":[4],"tags":[35,5348],"class_list":["post"],"yoast_head":" \n<title>Sonora en Equipo. HERMOSILLO. Beneficiar\u00e1 \u201cRescatando Escuelas Covid\u201d a 8 planteles m\u00e1s en enero Municipios<\/title>\n<meta name=\"description\" content=\"&nbsp; &nbsp; HERMOSILLO, SONORA,MX.\u2500\u2500 Por petici\u00f3n de sus respectivos directores, el programa \u201cRescatando Escuelas Covid\u201d lleg\u00f3 este fin de semana a dos En Sonora en Equipo publicamos toda la informaci\u00f3n de Sonora, M\u00e9xico y el Mundo de manera oportuna y busca que la libertad de expresi\u00f3n sea real. Visita nuestro medio informativo publicado desde Hermosillo, Sonora. %\" \/>\n<meta name=\"robots\" content=\"index, follow, max-snippet:-1, max-image-preview:large, max-video-preview:-1\" \/>\n<link rel=\"canonical\" href=\"https:\/\/www.sonoraenequipo.com.mx\/hermosillo-beneficiara-rescatando-escuelas-covid-a-8-planteles-mas-en-enero\/\" \/>\n<meta property=\"og:locale\" content=\"es_ES\" \/>\n<meta property=\"og:type\" content=\"article\" \/>\n<meta property=\"og:title\" content=\"Sonora en Equipo. HERMOSILLO. Beneficiar\u00e1 \u201cRescatando Escuelas Covid\u201d a 8 planteles m\u00e1s en enero Municipios\" \/>\n<meta property=\"og:description\" content=\"&nbsp; &nbsp; HERMOSILLO, SONORA,MX.\u2500\u2500 Por petici\u00f3n de sus respectivos directores, el programa \u201cRescatando Escuelas Covid\u201d lleg\u00f3 este fin de semana a dos En Sonora en Equipo publicamos toda la informaci\u00f3n de Sonora, M\u00e9xico y el Mundo de manera oportuna y busca que la libertad de expresi\u00f3n sea real. Visita nuestro medio informativo publicado desde Hermosillo, Sonora. %\" \/>\n<meta property=\"og:url\" content=\"https:\/\/www.sonoraenequipo.com.mx\/hermosillo-beneficiara-rescatando-escuelas-covid-a-8-planteles-mas-en-enero\/\" \/>\n<meta property=\"og:site_name\" content=\"Sonora en Equipo.\" \/>\n<meta property=\"article:publisher\" content=\"https:\/\/www.facebook.com\/SonoraEE\/\" \/>\n<meta property=\"article:author\" content=\"https:\/\/www.facebook.com\/SonoraEE\" \/>\n<meta property=\"article:published_time\" content=\"2021-01-17T00:22:33+00:00\" \/>\n<meta property=\"og:image\" content=\"https:\/\/www.sonoraenequipo.com.mx\/storage\/2021\/01\/anton.jpg\" \/>\n\t<meta property=\"og:image:width\" content=\"500\" \/>\n\t<meta property=\"og:image:height\" content=\"357\" \/>\n\t<meta property=\"og:image:type\" content=\"image\/jpeg\" \/>\n<meta name=\"author\" content=\"enequipo\" \/>\n<meta name=\"twitter:card\" content=\"summary_large_image\" \/>\n<meta name=\"twitter:creator\" content=\"@sonoraenequipo\" \/>\n<meta name=\"twitter:site\" content=\"@sonoraenequipo\" \/>\n<meta name=\"twitter:label1\" content=\"Escrito por\" \/>\n\t<meta name=\"twitter:data1\" content=\"enequipo\" \/>\n\t<meta name=\"twitter:label2\" content=\"Tiempo de lectura\" \/>\n\t<meta name=\"twitter:data2\" content=\"2 minutos\" \/>\n<script type=\"application\/ld+json\" class=\"yoast-schema-graph\">{\"@context\":\"https:\/\/schema.org\",\"@graph\":[{\"@type\":\"Article\",\"@id\":\"https:\/\/www.sonoraenequipo.com.mx\/hermosillo-beneficiara-rescatando-escuelas-covid-a-8-planteles-mas-en-enero\/#article\",\"isPartOf\":{\"@id\":\"https:\/\/www.sonoraenequipo.com.mx\/hermosillo-beneficiara-rescatando-escuelas-covid-a-8-planteles-mas-en-enero\/\"},\"author\":{\"name\":\"enequipo\",\"@id\":\"https:\/\/www.sonoraenequipo.com.mx\/#\/schema\/person\/50102df0fb23a8fa9e8effad8fa81386\"},\"headline\":\"HERMOSILLO. Beneficiar\u00e1 \u201cRescatando Escuelas Covid\u201d a 8 planteles m\u00e1s en enero\",\"datePublished\":\"2021-01-17T00:22:33+00:00\",\"mainEntityOfPage\":{\"@id\":\"https:\/\/www.sonoraenequipo.com.mx\/hermosillo-beneficiara-rescatando-escuelas-covid-a-8-planteles-mas-en-enero\/\"},\"wordCount\":315,\"commentCount\":0,\"publisher\":{\"@id\":\"https:\/\/www.sonoraenequipo.com.mx\/#organization\"},\"image\":{\"@id\":\"https:\/\/www.sonoraenequipo.com.mx\/hermosillo-beneficiara-rescatando-escuelas-covid-a-8-planteles-mas-en-enero\/#primaryimage\"},\"thumbnailUrl\":\"https:\/\/www.sonoraenequipo.com.mx\/storage\/2021\/01\/anton.jpg\",\"keywords\":[\"hermosillo\",\"LIMPIEZA\"],\"articleSection\":[\"Municipios\"],\"inLanguage\":\"es\",\"potentialAction\":[{\"@type\":\"CommentAction\",\"name\":\"Comment\",\"target\":[\"https:\/\/www.sonoraenequipo.com.mx\/hermosillo-beneficiara-rescatando-escuelas-covid-a-8-planteles-mas-en-enero\/#respond\"]}]},{\"@type\":\"WebPage\",\"@id\":\"https:\/\/www.sonoraenequipo.com.mx\/hermosillo-beneficiara-rescatando-escuelas-covid-a-8-planteles-mas-en-enero\/\",\"url\":\"https:\/\/www.sonoraenequipo.com.mx\/hermosillo-beneficiara-rescatando-escuelas-covid-a-8-planteles-mas-en-enero\/\",\"name\":\"Sonora en Equipo. HERMOSILLO. Beneficiar\u00e1 \u201cRescatando Escuelas Covid\u201d a 8 planteles m\u00e1s en enero Municipios\",\"isPartOf\":{\"@id\":\"https:\/\/www.sonoraenequipo.com.mx\/#website\"},\"primaryImageOfPage\":{\"@id\":\"https:\/\/www.sonoraenequipo.com.mx\/hermosillo-beneficiara-rescatando-escuelas-covid-a-8-planteles-mas-en-enero\/#primaryimage\"},\"image\":{\"@id\":\"https:\/\/www.sonoraenequipo.com.mx\/hermosillo-beneficiara-rescatando-escuelas-covid-a-8-planteles-mas-en-enero\/#primaryimage\"},\"thumbnailUrl\":\"https:\/\/www.sonoraenequipo.com.mx\/storage\/2021\/01\/anton.jpg\",\"datePublished\":\"2021-01-17T00:22:33+00:00\",\"description\":\"&nbsp; &nbsp; HERMOSILLO, SONORA,MX.\u2500\u2500 Por petici\u00f3n de sus respectivos directores, el programa \u201cRescatando Escuelas Covid\u201d lleg\u00f3 este fin de semana a dos En Sonora en Equipo publicamos toda la informaci\u00f3n de Sonora, M\u00e9xico y el Mundo de manera oportuna y busca que la libertad de expresi\u00f3n sea real. Visita nuestro medio informativo publicado desde Hermosillo, Sonora. %\",\"breadcrumb\":{\"@id\":\"https:\/\/www.sonoraenequipo.com.mx\/hermosillo-beneficiara-rescatando-escuelas-covid-a-8-planteles-mas-en-enero\/#breadcrumb\"},\"inLanguage\":\"es\",\"potentialAction\":[{\"@type\":\"ReadAction\",\"target\":[\"https:\/\/www.sonoraenequipo.com.mx\/hermosillo-beneficiara-rescatando-escuelas-covid-a-8-planteles-mas-en-enero\/\"]}]},{\"@type\":\"ImageObject\",\"inLanguage\":\"es\",\"@id\":\"https:\/\/www.sonoraenequipo.com.mx\/hermosillo-beneficiara-rescatando-escuelas-covid-a-8-planteles-mas-en-enero\/#primaryimage\",\"url\":\"https:\/\/www.sonoraenequipo.com.mx\/storage\/2021\/01\/anton.jpg\",\"contentUrl\":\"https:\/\/www.sonoraenequipo.com.mx\/storage\/2021\/01\/anton.jpg\",\"width\":500,\"height\":357},{\"@type\":\"BreadcrumbList\",\"@id\":\"https:\/\/www.sonoraenequipo.com.mx\/hermosillo-beneficiara-rescatando-escuelas-covid-a-8-planteles-mas-en-enero\/#breadcrumb\",\"itemListElement\":[{\"@type\":\"ListItem\",\"position\":1,\"name\":\"Portada\",\"item\":\"https:\/\/www.sonoraenequipo.com.mx\/\"},{\"@type\":\"ListItem\",\"position\":2,\"name\":\"HERMOSILLO. Beneficiar\u00e1 \u201cRescatando Escuelas Covid\u201d a 8 planteles m\u00e1s en enero\"}]},{\"@type\":\"WebSite\",\"@id\":\"https:\/\/www.sonoraenequipo.com.mx\/#website\",\"url\":\"https:\/\/www.sonoraenequipo.com.mx\/\",\"name\":\"Sonora en Equipo.\",\"description\":\"Diario en l\u00ednea con Noticias desde Hermosillo, Sonora\",\"publisher\":{\"@id\":\"https:\/\/www.sonoraenequipo.com.mx\/#organization\"},\"potentialAction\":[{\"@type\":\"SearchAction\",\"target\":{\"@type\":\"EntryPoint\",\"urlTemplate\":\"https:\/\/www.sonoraenequipo.com.mx\/?s={search_term_string}\"},\"query-input\":{\"@type\":\"PropertyValueSpecification\",\"valueRequired\":true,\"valueName\":\"search_term_string\"}}],\"inLanguage\":\"es\"},{\"@type\":\"Organization\",\"@id\":\"https:\/\/www.sonoraenequipo.com.mx\/#organization\",\"name\":\"Sonoraenequipo.com.mx\",\"url\":\"https:\/\/www.sonoraenequipo.com.mx\/\",\"logo\":{\"@type\":\"ImageObject\",\"inLanguage\":\"es\",\"@id\":\"https:\/\/www.sonoraenequipo.com.mx\/#\/schema\/logo\/image\/\",\"url\":\"https:\/\/www.sonoraenequipo.com.mx\/storage\/2019\/01\/sonoraenequipo_opt.png\",\"contentUrl\":\"https:\/\/www.sonoraenequipo.com.mx\/storage\/2019\/01\/sonoraenequipo_opt.png\",\"width\":375,\"height\":125,\"caption\":\"Sonoraenequipo.com.mx\"},\"image\":{\"@id\":\"https:\/\/www.sonoraenequipo.com.mx\/#\/schema\/logo\/image\/\"},\"sameAs\":[\"https:\/\/www.facebook.com\/SonoraEE\/\",\"https:\/\/x.com\/sonoraenequipo\",\"https:\/\/www.youtube.com\/channel\/UC338nW-lPEYmJQs4ZABQ1SQ\"]},{\"@type\":\"Person\",\"@id\":\"https:\/\/www.sonoraenequipo.com.mx\/#\/schema\/person\/50102df0fb23a8fa9e8effad8fa81386\",\"name\":\"enequipo\",\"image\":{\"@type\":\"ImageObject\",\"inLanguage\":\"es\",\"@id\":\"https:\/\/www.sonoraenequipo.com.mx\/#\/schema\/person\/image\/\",\"url\":\"https:\/\/secure.gravatar.com\/avatar\/049821681b589dabc0bc20695993ccebb09f5b5d4d790cd9251b97faac7c652b?s=96&d=blank&r=g\",\"contentUrl\":\"https:\/\/secure.gravatar.com\/avatar\/049821681b589dabc0bc20695993ccebb09f5b5d4d790cd9251b97faac7c652b?s=96&d=blank&r=g\",\"caption\":\"enequipo\"},\"sameAs\":[\"https:\/\/www.facebook.com\/SonoraEE\"]}]}<\/script>\n ","yoast_head_json":{"title":"Sonora en Equipo. HERMOSILLO. Beneficiar\u00e1 \u201cRescatando Escuelas Covid\u201d a 8 planteles m\u00e1s en enero Municipios","description":"&nbsp; &nbsp; HERMOSILLO, SONORA,MX.\u2500\u2500 Por petici\u00f3n de sus respectivos directores, el programa \u201cRescatando Escuelas Covid\u201d lleg\u00f3 este fin de semana a dos En Sonora en Equipo publicamos toda la informaci\u00f3n de Sonora, M\u00e9xico y el Mundo de manera oportuna y busca que la libertad de expresi\u00f3n sea real. Visita nuestro medio informativo publicado desde Hermosillo, Sonora. %","robots":{"index":"index","follow":"follow","max-snippet":"max-snippet:-1","max-image-preview":"max-image-preview:large","max-video-preview":"max-video-preview:-1"},"canonical":"https:\/\/www.sonoraenequipo.com.mx\/hermosillo-beneficiara-rescatando-escuelas-covid-a-8-planteles-mas-en-enero\/","og_locale":"es_ES","og_type":"article","og_title":"Sonora en Equipo. HERMOSILLO. Beneficiar\u00e1 \u201cRescatando Escuelas Covid\u201d a 8 planteles m\u00e1s en enero Municipios","og_description":"&nbsp; &nbsp; HERMOSILLO, SONORA,MX.\u2500\u2500 Por petici\u00f3n de sus respectivos directores, el programa \u201cRescatando Escuelas Covid\u201d lleg\u00f3 este fin de semana a dos En Sonora en Equipo publicamos toda la informaci\u00f3n de Sonora, M\u00e9xico y el Mundo de manera oportuna y busca que la libertad de expresi\u00f3n sea real. Visita nuestro medio informativo publicado desde Hermosillo, Sonora. %","og_url":"https:\/\/www.sonoraenequipo.com.mx\/hermosillo-beneficiara-rescatando-escuelas-covid-a-8-planteles-mas-en-enero\/","og_site_name":"Sonora en Equipo.","article_publisher":"https:\/\/www.facebook.com\/SonoraEE\/","article_author":"https:\/\/www.facebook.com\/SonoraEE","article_published_time":"2021-01-17T00:22:33+00:00","og_image":[{"width":500,"height":357,"url":"https:\/\/www.sonoraenequipo.com.mx\/storage\/2021\/01\/anton.jpg","type":"image\/jpeg"}],"author":"enequipo","twitter_card":"summary_large_image","twitter_creator":"@sonoraenequipo","twitter_site":"@sonoraenequipo","twitter_misc":{"Escrito por":"enequipo","Tiempo de lectura":"2 minutos"},"schema":{"@context":"https:\/\/schema.org","@graph":[{"@type":"Article","@id":"https:\/\/www.sonoraenequipo.com.mx\/hermosillo-beneficiara-rescatando-escuelas-covid-a-8-planteles-mas-en-enero\/#article","isPartOf":{"@id":"https:\/\/www.sonoraenequipo.com.mx\/hermosillo-beneficiara-rescatando-escuelas-covid-a-8-planteles-mas-en-enero\/"},"author":{"name":"enequipo","@id":"https:\/\/www.sonoraenequipo.com.mx\/#\/schema\/person\/50102df0fb23a8fa9e8effad8fa81386"},"headline":"HERMOSILLO. Beneficiar\u00e1 \u201cRescatando Escuelas Covid\u201d a 8 planteles m\u00e1s en enero","datePublished":"2021-01-17T00:22:33+00:00","mainEntityOfPage":{"@id":"https:\/\/www.sonoraenequipo.com.mx\/hermosillo-beneficiara-rescatando-escuelas-covid-a-8-planteles-mas-en-enero\/"},"wordCount":315,"commentCount":0,"publisher":{"@id":"https:\/\/www.sonoraenequipo.com.mx\/#organization"},"image":{"@id":"https:\/\/www.sonoraenequipo.com.mx\/hermosillo-beneficiara-rescatando-escuelas-covid-a-8-planteles-mas-en-enero\/#primaryimage"},"thumbnailUrl":"https:\/\/www.sonoraenequipo.com.mx\/storage\/2021\/01\/anton.jpg","keywords":["hermosillo","LIMPIEZA"],"articleSection":["Municipios"],"inLanguage":"es","potentialAction":[{"@type":"CommentAction","name":"Comment","target":["https:\/\/www.sonoraenequipo.com.mx\/hermosillo-beneficiara-rescatando-escuelas-covid-a-8-planteles-mas-en-enero\/#respond"]}]},{"@type":"WebPage","@id":"https:\/\/www.sonoraenequipo.com.mx\/hermosillo-beneficiara-rescatando-escuelas-covid-a-8-planteles-mas-en-enero\/","url":"https:\/\/www.sonoraenequipo.com.mx\/hermosillo-beneficiara-rescatando-escuelas-covid-a-8-planteles-mas-en-enero\/","name":"Sonora en Equipo. HERMOSILLO. Beneficiar\u00e1 \u201cRescatando Escuelas Covid\u201d a 8 planteles m\u00e1s en enero Municipios","isPartOf":{"@id":"https:\/\/www.sonoraenequipo.com.mx\/#website"},"primaryImageOfPage":{"@id":"https:\/\/www.sonoraenequipo.com.mx\/hermosillo-beneficiara-rescatando-escuelas-covid-a-8-planteles-mas-en-enero\/#primaryimage"},"image":{"@id":"https:\/\/www.sonoraenequipo.com.mx\/hermosillo-beneficiara-rescatando-escuelas-covid-a-8-planteles-mas-en-enero\/#primaryimage"},"thumbnailUrl":"https:\/\/www.sonoraenequipo.com.mx\/storage\/2021\/01\/anton.jpg","datePublished":"2021-01-17T00:22:33+00:00","description":"&nbsp; &nbsp; HERMOSILLO, SONORA,MX.\u2500\u2500 Por petici\u00f3n de sus respectivos directores, el programa \u201cRescatando Escuelas Covid\u201d lleg\u00f3 este fin de semana a dos En Sonora en Equipo publicamos toda la informaci\u00f3n de Sonora, M\u00e9xico y el Mundo de manera oportuna y busca que la libertad de expresi\u00f3n sea real. Visita nuestro medio informativo publicado desde Hermosillo, Sonora. %","breadcrumb":{"@id":"https:\/\/www.sonoraenequipo.com.mx\/hermosillo-beneficiara-rescatando-escuelas-covid-a-8-planteles-mas-en-enero\/#breadcrumb"},"inLanguage":"es","potentialAction":[{"@type":"ReadAction","target":["https:\/\/www.sonoraenequipo.com.mx\/hermosillo-beneficiara-rescatando-escuelas-covid-a-8-planteles-mas-en-enero\/"]}]},{"@type":"ImageObject","inLanguage":"es","@id":"https:\/\/www.sonoraenequipo.com.mx\/hermosillo-beneficiara-rescatando-escuelas-covid-a-8-planteles-mas-en-enero\/#primaryimage","url":"https:\/\/www.sonoraenequipo.com.mx\/storage\/2021\/01\/anton.jpg","contentUrl":"https:\/\/www.sonoraenequipo.com.mx\/storage\/2021\/01\/anton.jpg","width":500,"height":357},{"@type":"BreadcrumbList","@id":"https:\/\/www.sonoraenequipo.com.mx\/hermosillo-beneficiara-rescatando-escuelas-covid-a-8-planteles-mas-en-enero\/#breadcrumb","itemListElement":[{"@type":"ListItem","position":1,"name":"Portada","item":"https:\/\/www.sonoraenequipo.com.mx\/"},{"@type":"ListItem","position":2,"name":"HERMOSILLO. Beneficiar\u00e1 \u201cRescatando Escuelas Covid\u201d a 8 planteles m\u00e1s en enero"}]},{"@type":"WebSite","@id":"https:\/\/www.sonoraenequipo.com.mx\/#website","url":"https:\/\/www.sonoraenequipo.com.mx\/","name":"Sonora en Equipo.","description":"Diario en l\u00ednea con Noticias desde Hermosillo, Sonora","publisher":{"@id":"https:\/\/www.sonoraenequipo.com.mx\/#organization"},"potentialAction":[{"@type":"SearchAction","target":{"@type":"EntryPoint","urlTemplate":"https:\/\/www.sonoraenequipo.com.mx\/?s={search_term_string}"},"query-input":{"@type":"PropertyValueSpecification","valueRequired":true,"valueName":"search_term_string"}}],"inLanguage":"es"},{"@type":"Organization","@id":"https:\/\/www.sonoraenequipo.com.mx\/#organization","name":"Sonoraenequipo.com.mx","url":"https:\/\/www.sonoraenequipo.com.mx\/","logo":{"@type":"ImageObject","inLanguage":"es","@id":"https:\/\/www.sonoraenequipo.com.mx\/#\/schema\/logo\/image\/","url":"https:\/\/www.sonoraenequipo.com.mx\/storage\/2019\/01\/sonoraenequipo_opt.png","contentUrl":"https:\/\/www.sonoraenequipo.com.mx\/storage\/2019\/01\/sonoraenequipo_opt.png","width":375,"height":125,"caption":"Sonoraenequipo.com.mx"},"image":{"@id":"https:\/\/www.sonoraenequipo.com.mx\/#\/schema\/logo\/image\/"},"sameAs":["https:\/\/www.facebook.com\/SonoraEE\/","https:\/\/x.com\/sonoraenequipo","https:\/\/www.youtube.com\/channel\/UC338nW-lPEYmJQs4ZABQ1SQ"]},{"@type":"Person","@id":"https:\/\/www.sonoraenequipo.com.mx\/#\/schema\/person\/50102df0fb23a8fa9e8effad8fa81386","name":"enequipo","image":{"@type":"ImageObject","inLanguage":"es","@id":"https:\/\/www.sonoraenequipo.com.mx\/#\/schema\/person\/image\/","url":"https:\/\/secure.gravatar.com\/avatar\/049821681b589dabc0bc20695993ccebb09f5b5d4d790cd9251b97faac7c652b?s=96&d=blank&r=g","contentUrl":"https:\/\/secure.gravatar.com\/avatar\/049821681b589dabc0bc20695993ccebb09f5b5d4d790cd9251b97faac7c652b?s=96&d=blank&r=g","caption":"enequipo"},"sameAs":["https:\/\/www.facebook.com\/SonoraEE"]}]}},"jetpack_featured_media_url":"https:\/\/www.sonoraenequipo.com.mx\/storage\/2021\/01\/anton.jpg","_links":{"self":[{"href":"https:\/\/www.sonoraenequipo.com.mx\/api\/wp\/v2\/posts\/104773","targetHints":{"allow":["GET"]}}],"collection":[{"href":"https:\/\/www.sonoraenequipo.com.mx\/api\/wp\/v2\/posts"}],"about":[{"href":"https:\/\/www.sonoraenequipo.com.mx\/api\/wp\/v2\/types\/post"}],"author":[{"embeddable":true,"href":"https:\/\/www.sonoraenequipo.com.mx\/api\/wp\/v2\/users\/1"}],"replies":[{"embeddable":true,"href":"https:\/\/www.sonoraenequipo.com.mx\/api\/wp\/v2\/comments?post=104773"}],"version-history":[{"count":1,"href":"https:\/\/www.sonoraenequipo.com.mx\/api\/wp\/v2\/posts\/104773\/revisions"}],"predecessor-version":[{"id":104775,"href":"https:\/\/www.sonoraenequipo.com.mx\/api\/wp\/v2\/posts\/104773\/revisions\/104775"}],"wp:featuredmedia":[{"embeddable":true,"href":"https:\/\/www.sonoraenequipo.com.mx\/api\/wp\/v2\/media\/104774"}],"wp:attachment":[{"href":"https:\/\/www.sonoraenequipo.com.mx\/api\/wp\/v2\/media?parent=104773"}],"wp:term":[{"taxonomy":"category","embeddable":true,"href":"https:\/\/www.sonoraenequipo.com.mx\/api\/wp\/v2\/categories?post=104773"},{"taxonomy":"post_tag","embeddable":true,"href":"https:\/\/www.sonoraenequipo.com.mx\/api\/wp\/v2\/tags?post=104773"}],"curies":[{"name":"wp","href":"https:\/\/api.w.org\/{rel}","templated":true}]}}