{"id":104785,"date":"2021-01-16T13:50:55","date_gmt":"2021-01-16T20:50:55","guid":{"rendered":"https:\/\/www.sonoraenequipo.com.mx\/?p=104785"},"modified":"2021-01-16T17:39:37","modified_gmt":"2021-01-17T00:39:37","slug":"el-pan-asegura-que-su-carta-para-chihuahua-no-tiene-cola-que-le-pisen","status":"publish","type":"post","link":"https:\/\/www.sonoraenequipo.com.mx\/el-pan-asegura-que-su-carta-para-chihuahua-no-tiene-cola-que-le-pisen\/","title":{"rendered":"El PAN asegura que su carta para Chihuahua no tiene cola que le pisen"},"content":{"rendered":"<p>CHIHUAHUA, CHIHUAHUA. MX. \u2014 El precandidato del PAN a gobernador, Gustavo Madero, dijo hoy que los panistas est\u00e1n frente a la responsabilidad de decidir el domingo 24 de enero qui\u00e9n de los dos contendientes puede impedir el regreso del duartismo y el avance de Morena.<\/p>\n<p>&nbsp;<\/p>\n<p> <\/p>\n<p>En Hidalgo del Parral, Madero plante\u00f3 este dilema y dej\u00f3 en claro que su honestidad, trayectoria en el servicio p\u00fablico, as\u00ed como su experiencia pol\u00edtica y legislativa garantiza ambas cosas.<\/p>\n<p>&nbsp;<\/p>\n<p><em>\u201cYo no tengo cola que me pisen. Yo tengo el compromiso, desde el primer d\u00eda de darle continuidad a la lucha contra la corrupci\u00f3n y el compromiso de seguir con justicia para Chihuahua y eso me vuelve muy fuerte en la primera parte del dilema\u201d<\/em>, apunt\u00f3.<\/p>\n<p>&nbsp;<\/p>\n<p>La segunda parte del dilema, agreg\u00f3 el precandidato panista, \u201c\u00bfqui\u00e9n puede impedir mejor que avance Morena?, pues alguien precisamente que ha tenido ya esta trayectoria a nivel nacional para poder de frente denunciar el populismo, la demagogia de Morena y hacia donde nos lleva\u201d, lo se\u00f1al\u00f3 en su firme posici\u00f3n contra el sistema presidencial autoritario.<\/p>\n<p>&nbsp;<\/p>\n<p>Dijo que estos dos aspectos, que son prioridades en el proyecto que encabeza, han logrado que el panismo reflexione y vea las fortalezas de la propuesta y del equipo que la integra.<\/p>\n<p>&nbsp;<\/p>\n<p><em>\u201cPor eso cada d\u00eda, en cada municipio, m\u00e1s voluntades se suman a este proyecto. Por eso vamos a ganar el 24 de enero\u201d<\/em>, asegur\u00f3.<\/p>\n<p>&nbsp;<\/p>\n<p>Cuestionado sobre su carrera, Madero enunci\u00f3 su desempe\u00f1\u00f3 en las administraciones estatales de Francisco Barrio y Javier Corral, sus actividades empresariales, su trabajo a favor del campo y de causas sociales, as\u00ed como sus acciones cuando fue presidente nacional del PAN, diputado federal y senador.<\/p>\n<p>&nbsp;<\/p>\n<p><em>\u201cDesde muy joven palp\u00e9 la realidad de M\u00e9xico y de Chihuahua, las causas sociales por las que debemos luchar, por eso ingres\u00e9 a la pol\u00edtica y por ello hoy ratifico mi convicci\u00f3n de dar lo mejor de m\u00ed al servicio del PAN y en beneficio de los chihuahuenses. Tengo una trayectoria, forma de pensar y experiencia propia en el servicio p\u00fablico, estoy listo para enfrentar los retos que se avecinan\u201d,<\/em> expres\u00f3.<\/p>\n<p>&nbsp;<\/p>\n<p>&nbsp;<\/p>\n<p>(Publicada el 16\/01\/2021)<\/p>\n","protected":false},"excerpt":{"rendered":"<p>CHIHUAHUA, CHIHUAHUA. MX. \u2014 El precandidato del PAN a gobernador, Gustavo Madero, dijo hoy que&#8230;<\/p>\n","protected":false},"author":1,"featured_media":104786,"comment_status":"open","ping_status":"open","sticky":false,"template":"","format":"standard","meta":{"_monsterinsights_skip_tracking":false,"_monsterinsights_sitenote_active":false,"_monsterinsights_sitenote_note":"","_monsterinsights_sitenote_category":0,"footnotes":""},"categories":[5],"tags":[],"class_list":["post"],"yoast_head":" \n<title>Sonora en Equipo. El PAN asegura que su carta para Chihuahua no tiene cola que le pisen Rep\u00fablica<\/title>\n<meta name=\"description\" content=\"CHIHUAHUA, CHIHUAHUA. MX. \u2014 El precandidato del PAN a gobernador, Gustavo Madero, dijo hoy que los panistas est\u00e1n frente a la responsabilidad de decidir En Sonora en Equipo publicamos toda la informaci\u00f3n de Sonora, M\u00e9xico y el Mundo de manera oportuna y busca que la libertad de expresi\u00f3n sea real. Visita nuestro medio informativo publicado desde Hermosillo, Sonora. %\" \/>\n<meta name=\"robots\" content=\"index, follow, max-snippet:-1, max-image-preview:large, max-video-preview:-1\" \/>\n<link rel=\"canonical\" href=\"https:\/\/www.sonoraenequipo.com.mx\/el-pan-asegura-que-su-carta-para-chihuahua-no-tiene-cola-que-le-pisen\/\" \/>\n<meta property=\"og:locale\" content=\"es_ES\" \/>\n<meta property=\"og:type\" content=\"article\" \/>\n<meta property=\"og:title\" content=\"Sonora en Equipo. El PAN asegura que su carta para Chihuahua no tiene cola que le pisen Rep\u00fablica\" \/>\n<meta property=\"og:description\" content=\"CHIHUAHUA, CHIHUAHUA. MX. \u2014 El precandidato del PAN a gobernador, Gustavo Madero, dijo hoy que los panistas est\u00e1n frente a la responsabilidad de decidir En Sonora en Equipo publicamos toda la informaci\u00f3n de Sonora, M\u00e9xico y el Mundo de manera oportuna y busca que la libertad de expresi\u00f3n sea real. Visita nuestro medio informativo publicado desde Hermosillo, Sonora. %\" \/>\n<meta property=\"og:url\" content=\"https:\/\/www.sonoraenequipo.com.mx\/el-pan-asegura-que-su-carta-para-chihuahua-no-tiene-cola-que-le-pisen\/\" \/>\n<meta property=\"og:site_name\" content=\"Sonora en Equipo.\" \/>\n<meta property=\"article:publisher\" content=\"https:\/\/www.facebook.com\/SonoraEE\/\" \/>\n<meta property=\"article:author\" content=\"https:\/\/www.facebook.com\/SonoraEE\" \/>\n<meta property=\"article:published_time\" content=\"2021-01-16T20:50:55+00:00\" \/>\n<meta property=\"article:modified_time\" content=\"2021-01-17T00:39:37+00:00\" \/>\n<meta property=\"og:image\" content=\"https:\/\/www.sonoraenequipo.com.mx\/storage\/2021\/01\/madero-1_opt.jpg\" \/>\n\t<meta property=\"og:image:width\" content=\"750\" \/>\n\t<meta property=\"og:image:height\" content=\"500\" \/>\n\t<meta property=\"og:image:type\" content=\"image\/jpeg\" \/>\n<meta name=\"author\" content=\"enequipo\" \/>\n<meta name=\"twitter:card\" content=\"summary_large_image\" \/>\n<meta name=\"twitter:creator\" content=\"@sonoraenequipo\" \/>\n<meta name=\"twitter:site\" content=\"@sonoraenequipo\" \/>\n<meta name=\"twitter:label1\" content=\"Escrito por\" \/>\n\t<meta name=\"twitter:data1\" content=\"enequipo\" \/>\n\t<meta name=\"twitter:label2\" content=\"Tiempo de lectura\" \/>\n\t<meta name=\"twitter:data2\" content=\"2 minutos\" \/>\n<script type=\"application\/ld+json\" class=\"yoast-schema-graph\">{\"@context\":\"https:\/\/schema.org\",\"@graph\":[{\"@type\":\"Article\",\"@id\":\"https:\/\/www.sonoraenequipo.com.mx\/el-pan-asegura-que-su-carta-para-chihuahua-no-tiene-cola-que-le-pisen\/#article\",\"isPartOf\":{\"@id\":\"https:\/\/www.sonoraenequipo.com.mx\/el-pan-asegura-que-su-carta-para-chihuahua-no-tiene-cola-que-le-pisen\/\"},\"author\":{\"name\":\"enequipo\",\"@id\":\"https:\/\/www.sonoraenequipo.com.mx\/#\/schema\/person\/50102df0fb23a8fa9e8effad8fa81386\"},\"headline\":\"El PAN asegura que su carta para Chihuahua no tiene cola que le pisen\",\"datePublished\":\"2021-01-16T20:50:55+00:00\",\"dateModified\":\"2021-01-17T00:39:37+00:00\",\"mainEntityOfPage\":{\"@id\":\"https:\/\/www.sonoraenequipo.com.mx\/el-pan-asegura-que-su-carta-para-chihuahua-no-tiene-cola-que-le-pisen\/\"},\"wordCount\":385,\"commentCount\":0,\"publisher\":{\"@id\":\"https:\/\/www.sonoraenequipo.com.mx\/#organization\"},\"image\":{\"@id\":\"https:\/\/www.sonoraenequipo.com.mx\/el-pan-asegura-que-su-carta-para-chihuahua-no-tiene-cola-que-le-pisen\/#primaryimage\"},\"thumbnailUrl\":\"https:\/\/www.sonoraenequipo.com.mx\/storage\/2021\/01\/madero-1_opt.jpg\",\"articleSection\":[\"Rep\u00fablica\"],\"inLanguage\":\"es\",\"potentialAction\":[{\"@type\":\"CommentAction\",\"name\":\"Comment\",\"target\":[\"https:\/\/www.sonoraenequipo.com.mx\/el-pan-asegura-que-su-carta-para-chihuahua-no-tiene-cola-que-le-pisen\/#respond\"]}]},{\"@type\":\"WebPage\",\"@id\":\"https:\/\/www.sonoraenequipo.com.mx\/el-pan-asegura-que-su-carta-para-chihuahua-no-tiene-cola-que-le-pisen\/\",\"url\":\"https:\/\/www.sonoraenequipo.com.mx\/el-pan-asegura-que-su-carta-para-chihuahua-no-tiene-cola-que-le-pisen\/\",\"name\":\"Sonora en Equipo. El PAN asegura que su carta para Chihuahua no tiene cola que le pisen Rep\u00fablica\",\"isPartOf\":{\"@id\":\"https:\/\/www.sonoraenequipo.com.mx\/#website\"},\"primaryImageOfPage\":{\"@id\":\"https:\/\/www.sonoraenequipo.com.mx\/el-pan-asegura-que-su-carta-para-chihuahua-no-tiene-cola-que-le-pisen\/#primaryimage\"},\"image\":{\"@id\":\"https:\/\/www.sonoraenequipo.com.mx\/el-pan-asegura-que-su-carta-para-chihuahua-no-tiene-cola-que-le-pisen\/#primaryimage\"},\"thumbnailUrl\":\"https:\/\/www.sonoraenequipo.com.mx\/storage\/2021\/01\/madero-1_opt.jpg\",\"datePublished\":\"2021-01-16T20:50:55+00:00\",\"dateModified\":\"2021-01-17T00:39:37+00:00\",\"description\":\"CHIHUAHUA, CHIHUAHUA. MX. \u2014 El precandidato del PAN a gobernador, Gustavo Madero, dijo hoy que los panistas est\u00e1n frente a la responsabilidad de decidir En Sonora en Equipo publicamos toda la informaci\u00f3n de Sonora, M\u00e9xico y el Mundo de manera oportuna y busca que la libertad de expresi\u00f3n sea real. Visita nuestro medio informativo publicado desde Hermosillo, Sonora. %\",\"breadcrumb\":{\"@id\":\"https:\/\/www.sonoraenequipo.com.mx\/el-pan-asegura-que-su-carta-para-chihuahua-no-tiene-cola-que-le-pisen\/#breadcrumb\"},\"inLanguage\":\"es\",\"potentialAction\":[{\"@type\":\"ReadAction\",\"target\":[\"https:\/\/www.sonoraenequipo.com.mx\/el-pan-asegura-que-su-carta-para-chihuahua-no-tiene-cola-que-le-pisen\/\"]}]},{\"@type\":\"ImageObject\",\"inLanguage\":\"es\",\"@id\":\"https:\/\/www.sonoraenequipo.com.mx\/el-pan-asegura-que-su-carta-para-chihuahua-no-tiene-cola-que-le-pisen\/#primaryimage\",\"url\":\"https:\/\/www.sonoraenequipo.com.mx\/storage\/2021\/01\/madero-1_opt.jpg\",\"contentUrl\":\"https:\/\/www.sonoraenequipo.com.mx\/storage\/2021\/01\/madero-1_opt.jpg\",\"width\":750,\"height\":500},{\"@type\":\"BreadcrumbList\",\"@id\":\"https:\/\/www.sonoraenequipo.com.mx\/el-pan-asegura-que-su-carta-para-chihuahua-no-tiene-cola-que-le-pisen\/#breadcrumb\",\"itemListElement\":[{\"@type\":\"ListItem\",\"position\":1,\"name\":\"Portada\",\"item\":\"https:\/\/www.sonoraenequipo.com.mx\/\"},{\"@type\":\"ListItem\",\"position\":2,\"name\":\"El PAN asegura que su carta para Chihuahua no tiene cola que le pisen\"}]},{\"@type\":\"WebSite\",\"@id\":\"https:\/\/www.sonoraenequipo.com.mx\/#website\",\"url\":\"https:\/\/www.sonoraenequipo.com.mx\/\",\"name\":\"Sonora en Equipo.\",\"description\":\"Diario en l\u00ednea con Noticias desde Hermosillo, Sonora\",\"publisher\":{\"@id\":\"https:\/\/www.sonoraenequipo.com.mx\/#organization\"},\"potentialAction\":[{\"@type\":\"SearchAction\",\"target\":{\"@type\":\"EntryPoint\",\"urlTemplate\":\"https:\/\/www.sonoraenequipo.com.mx\/?s={search_term_string}\"},\"query-input\":{\"@type\":\"PropertyValueSpecification\",\"valueRequired\":true,\"valueName\":\"search_term_string\"}}],\"inLanguage\":\"es\"},{\"@type\":\"Organization\",\"@id\":\"https:\/\/www.sonoraenequipo.com.mx\/#organization\",\"name\":\"Sonoraenequipo.com.mx\",\"url\":\"https:\/\/www.sonoraenequipo.com.mx\/\",\"logo\":{\"@type\":\"ImageObject\",\"inLanguage\":\"es\",\"@id\":\"https:\/\/www.sonoraenequipo.com.mx\/#\/schema\/logo\/image\/\",\"url\":\"https:\/\/www.sonoraenequipo.com.mx\/storage\/2019\/01\/sonoraenequipo_opt.png\",\"contentUrl\":\"https:\/\/www.sonoraenequipo.com.mx\/storage\/2019\/01\/sonoraenequipo_opt.png\",\"width\":375,\"height\":125,\"caption\":\"Sonoraenequipo.com.mx\"},\"image\":{\"@id\":\"https:\/\/www.sonoraenequipo.com.mx\/#\/schema\/logo\/image\/\"},\"sameAs\":[\"https:\/\/www.facebook.com\/SonoraEE\/\",\"https:\/\/x.com\/sonoraenequipo\",\"https:\/\/www.youtube.com\/channel\/UC338nW-lPEYmJQs4ZABQ1SQ\"]},{\"@type\":\"Person\",\"@id\":\"https:\/\/www.sonoraenequipo.com.mx\/#\/schema\/person\/50102df0fb23a8fa9e8effad8fa81386\",\"name\":\"enequipo\",\"image\":{\"@type\":\"ImageObject\",\"inLanguage\":\"es\",\"@id\":\"https:\/\/www.sonoraenequipo.com.mx\/#\/schema\/person\/image\/\",\"url\":\"https:\/\/secure.gravatar.com\/avatar\/049821681b589dabc0bc20695993ccebb09f5b5d4d790cd9251b97faac7c652b?s=96&d=blank&r=g\",\"contentUrl\":\"https:\/\/secure.gravatar.com\/avatar\/049821681b589dabc0bc20695993ccebb09f5b5d4d790cd9251b97faac7c652b?s=96&d=blank&r=g\",\"caption\":\"enequipo\"},\"sameAs\":[\"https:\/\/www.facebook.com\/SonoraEE\"]}]}<\/script>\n ","yoast_head_json":{"title":"Sonora en Equipo. El PAN asegura que su carta para Chihuahua no tiene cola que le pisen Rep\u00fablica","description":"CHIHUAHUA, CHIHUAHUA. MX. \u2014 El precandidato del PAN a gobernador, Gustavo Madero, dijo hoy que los panistas est\u00e1n frente a la responsabilidad de decidir En Sonora en Equipo publicamos toda la informaci\u00f3n de Sonora, M\u00e9xico y el Mundo de manera oportuna y busca que la libertad de expresi\u00f3n sea real. Visita nuestro medio informativo publicado desde Hermosillo, Sonora. %","robots":{"index":"index","follow":"follow","max-snippet":"max-snippet:-1","max-image-preview":"max-image-preview:large","max-video-preview":"max-video-preview:-1"},"canonical":"https:\/\/www.sonoraenequipo.com.mx\/el-pan-asegura-que-su-carta-para-chihuahua-no-tiene-cola-que-le-pisen\/","og_locale":"es_ES","og_type":"article","og_title":"Sonora en Equipo. El PAN asegura que su carta para Chihuahua no tiene cola que le pisen Rep\u00fablica","og_description":"CHIHUAHUA, CHIHUAHUA. MX. \u2014 El precandidato del PAN a gobernador, Gustavo Madero, dijo hoy que los panistas est\u00e1n frente a la responsabilidad de decidir En Sonora en Equipo publicamos toda la informaci\u00f3n de Sonora, M\u00e9xico y el Mundo de manera oportuna y busca que la libertad de expresi\u00f3n sea real. Visita nuestro medio informativo publicado desde Hermosillo, Sonora. %","og_url":"https:\/\/www.sonoraenequipo.com.mx\/el-pan-asegura-que-su-carta-para-chihuahua-no-tiene-cola-que-le-pisen\/","og_site_name":"Sonora en Equipo.","article_publisher":"https:\/\/www.facebook.com\/SonoraEE\/","article_author":"https:\/\/www.facebook.com\/SonoraEE","article_published_time":"2021-01-16T20:50:55+00:00","article_modified_time":"2021-01-17T00:39:37+00:00","og_image":[{"width":750,"height":500,"url":"https:\/\/www.sonoraenequipo.com.mx\/storage\/2021\/01\/madero-1_opt.jpg","type":"image\/jpeg"}],"author":"enequipo","twitter_card":"summary_large_image","twitter_creator":"@sonoraenequipo","twitter_site":"@sonoraenequipo","twitter_misc":{"Escrito por":"enequipo","Tiempo de lectura":"2 minutos"},"schema":{"@context":"https:\/\/schema.org","@graph":[{"@type":"Article","@id":"https:\/\/www.sonoraenequipo.com.mx\/el-pan-asegura-que-su-carta-para-chihuahua-no-tiene-cola-que-le-pisen\/#article","isPartOf":{"@id":"https:\/\/www.sonoraenequipo.com.mx\/el-pan-asegura-que-su-carta-para-chihuahua-no-tiene-cola-que-le-pisen\/"},"author":{"name":"enequipo","@id":"https:\/\/www.sonoraenequipo.com.mx\/#\/schema\/person\/50102df0fb23a8fa9e8effad8fa81386"},"headline":"El PAN asegura que su carta para Chihuahua no tiene cola que le pisen","datePublished":"2021-01-16T20:50:55+00:00","dateModified":"2021-01-17T00:39:37+00:00","mainEntityOfPage":{"@id":"https:\/\/www.sonoraenequipo.com.mx\/el-pan-asegura-que-su-carta-para-chihuahua-no-tiene-cola-que-le-pisen\/"},"wordCount":385,"commentCount":0,"publisher":{"@id":"https:\/\/www.sonoraenequipo.com.mx\/#organization"},"image":{"@id":"https:\/\/www.sonoraenequipo.com.mx\/el-pan-asegura-que-su-carta-para-chihuahua-no-tiene-cola-que-le-pisen\/#primaryimage"},"thumbnailUrl":"https:\/\/www.sonoraenequipo.com.mx\/storage\/2021\/01\/madero-1_opt.jpg","articleSection":["Rep\u00fablica"],"inLanguage":"es","potentialAction":[{"@type":"CommentAction","name":"Comment","target":["https:\/\/www.sonoraenequipo.com.mx\/el-pan-asegura-que-su-carta-para-chihuahua-no-tiene-cola-que-le-pisen\/#respond"]}]},{"@type":"WebPage","@id":"https:\/\/www.sonoraenequipo.com.mx\/el-pan-asegura-que-su-carta-para-chihuahua-no-tiene-cola-que-le-pisen\/","url":"https:\/\/www.sonoraenequipo.com.mx\/el-pan-asegura-que-su-carta-para-chihuahua-no-tiene-cola-que-le-pisen\/","name":"Sonora en Equipo. El PAN asegura que su carta para Chihuahua no tiene cola que le pisen Rep\u00fablica","isPartOf":{"@id":"https:\/\/www.sonoraenequipo.com.mx\/#website"},"primaryImageOfPage":{"@id":"https:\/\/www.sonoraenequipo.com.mx\/el-pan-asegura-que-su-carta-para-chihuahua-no-tiene-cola-que-le-pisen\/#primaryimage"},"image":{"@id":"https:\/\/www.sonoraenequipo.com.mx\/el-pan-asegura-que-su-carta-para-chihuahua-no-tiene-cola-que-le-pisen\/#primaryimage"},"thumbnailUrl":"https:\/\/www.sonoraenequipo.com.mx\/storage\/2021\/01\/madero-1_opt.jpg","datePublished":"2021-01-16T20:50:55+00:00","dateModified":"2021-01-17T00:39:37+00:00","description":"CHIHUAHUA, CHIHUAHUA. MX. \u2014 El precandidato del PAN a gobernador, Gustavo Madero, dijo hoy que los panistas est\u00e1n frente a la responsabilidad de decidir En Sonora en Equipo publicamos toda la informaci\u00f3n de Sonora, M\u00e9xico y el Mundo de manera oportuna y busca que la libertad de expresi\u00f3n sea real. Visita nuestro medio informativo publicado desde Hermosillo, Sonora. %","breadcrumb":{"@id":"https:\/\/www.sonoraenequipo.com.mx\/el-pan-asegura-que-su-carta-para-chihuahua-no-tiene-cola-que-le-pisen\/#breadcrumb"},"inLanguage":"es","potentialAction":[{"@type":"ReadAction","target":["https:\/\/www.sonoraenequipo.com.mx\/el-pan-asegura-que-su-carta-para-chihuahua-no-tiene-cola-que-le-pisen\/"]}]},{"@type":"ImageObject","inLanguage":"es","@id":"https:\/\/www.sonoraenequipo.com.mx\/el-pan-asegura-que-su-carta-para-chihuahua-no-tiene-cola-que-le-pisen\/#primaryimage","url":"https:\/\/www.sonoraenequipo.com.mx\/storage\/2021\/01\/madero-1_opt.jpg","contentUrl":"https:\/\/www.sonoraenequipo.com.mx\/storage\/2021\/01\/madero-1_opt.jpg","width":750,"height":500},{"@type":"BreadcrumbList","@id":"https:\/\/www.sonoraenequipo.com.mx\/el-pan-asegura-que-su-carta-para-chihuahua-no-tiene-cola-que-le-pisen\/#breadcrumb","itemListElement":[{"@type":"ListItem","position":1,"name":"Portada","item":"https:\/\/www.sonoraenequipo.com.mx\/"},{"@type":"ListItem","position":2,"name":"El PAN asegura que su carta para Chihuahua no tiene cola que le pisen"}]},{"@type":"WebSite","@id":"https:\/\/www.sonoraenequipo.com.mx\/#website","url":"https:\/\/www.sonoraenequipo.com.mx\/","name":"Sonora en Equipo.","description":"Diario en l\u00ednea con Noticias desde Hermosillo, Sonora","publisher":{"@id":"https:\/\/www.sonoraenequipo.com.mx\/#organization"},"potentialAction":[{"@type":"SearchAction","target":{"@type":"EntryPoint","urlTemplate":"https:\/\/www.sonoraenequipo.com.mx\/?s={search_term_string}"},"query-input":{"@type":"PropertyValueSpecification","valueRequired":true,"valueName":"search_term_string"}}],"inLanguage":"es"},{"@type":"Organization","@id":"https:\/\/www.sonoraenequipo.com.mx\/#organization","name":"Sonoraenequipo.com.mx","url":"https:\/\/www.sonoraenequipo.com.mx\/","logo":{"@type":"ImageObject","inLanguage":"es","@id":"https:\/\/www.sonoraenequipo.com.mx\/#\/schema\/logo\/image\/","url":"https:\/\/www.sonoraenequipo.com.mx\/storage\/2019\/01\/sonoraenequipo_opt.png","contentUrl":"https:\/\/www.sonoraenequipo.com.mx\/storage\/2019\/01\/sonoraenequipo_opt.png","width":375,"height":125,"caption":"Sonoraenequipo.com.mx"},"image":{"@id":"https:\/\/www.sonoraenequipo.com.mx\/#\/schema\/logo\/image\/"},"sameAs":["https:\/\/www.facebook.com\/SonoraEE\/","https:\/\/x.com\/sonoraenequipo","https:\/\/www.youtube.com\/channel\/UC338nW-lPEYmJQs4ZABQ1SQ"]},{"@type":"Person","@id":"https:\/\/www.sonoraenequipo.com.mx\/#\/schema\/person\/50102df0fb23a8fa9e8effad8fa81386","name":"enequipo","image":{"@type":"ImageObject","inLanguage":"es","@id":"https:\/\/www.sonoraenequipo.com.mx\/#\/schema\/person\/image\/","url":"https:\/\/secure.gravatar.com\/avatar\/049821681b589dabc0bc20695993ccebb09f5b5d4d790cd9251b97faac7c652b?s=96&d=blank&r=g","contentUrl":"https:\/\/secure.gravatar.com\/avatar\/049821681b589dabc0bc20695993ccebb09f5b5d4d790cd9251b97faac7c652b?s=96&d=blank&r=g","caption":"enequipo"},"sameAs":["https:\/\/www.facebook.com\/SonoraEE"]}]}},"jetpack_featured_media_url":"https:\/\/www.sonoraenequipo.com.mx\/storage\/2021\/01\/madero-1_opt.jpg","_links":{"self":[{"href":"https:\/\/www.sonoraenequipo.com.mx\/api\/wp\/v2\/posts\/104785","targetHints":{"allow":["GET"]}}],"collection":[{"href":"https:\/\/www.sonoraenequipo.com.mx\/api\/wp\/v2\/posts"}],"about":[{"href":"https:\/\/www.sonoraenequipo.com.mx\/api\/wp\/v2\/types\/post"}],"author":[{"embeddable":true,"href":"https:\/\/www.sonoraenequipo.com.mx\/api\/wp\/v2\/users\/1"}],"replies":[{"embeddable":true,"href":"https:\/\/www.sonoraenequipo.com.mx\/api\/wp\/v2\/comments?post=104785"}],"version-history":[{"count":1,"href":"https:\/\/www.sonoraenequipo.com.mx\/api\/wp\/v2\/posts\/104785\/revisions"}],"predecessor-version":[{"id":104787,"href":"https:\/\/www.sonoraenequipo.com.mx\/api\/wp\/v2\/posts\/104785\/revisions\/104787"}],"wp:featuredmedia":[{"embeddable":true,"href":"https:\/\/www.sonoraenequipo.com.mx\/api\/wp\/v2\/media\/104786"}],"wp:attachment":[{"href":"https:\/\/www.sonoraenequipo.com.mx\/api\/wp\/v2\/media?parent=104785"}],"wp:term":[{"taxonomy":"category","embeddable":true,"href":"https:\/\/www.sonoraenequipo.com.mx\/api\/wp\/v2\/categories?post=104785"},{"taxonomy":"post_tag","embeddable":true,"href":"https:\/\/www.sonoraenequipo.com.mx\/api\/wp\/v2\/tags?post=104785"}],"curies":[{"name":"wp","href":"https:\/\/api.w.org\/{rel}","templated":true}]}}