{"id":104791,"date":"2021-01-16T09:15:23","date_gmt":"2021-01-16T16:15:23","guid":{"rendered":"https:\/\/www.sonoraenequipo.com.mx\/?p=104791"},"modified":"2021-01-16T17:56:36","modified_gmt":"2021-01-17T00:56:36","slug":"mexico-finaliza-su-segunda-operacion-de-fondeo-en-mercados-internacionales-de-2021","status":"publish","type":"post","link":"https:\/\/www.sonoraenequipo.com.mx\/mexico-finaliza-su-segunda-operacion-de-fondeo-en-mercados-internacionales-de-2021\/","title":{"rendered":"M\u00e9xico finaliza su segunda operaci\u00f3n de fondeo en mercados internacionales de 2021"},"content":{"rendered":"<p>CIUDAD DE M\u00c9XICO. MX. \u2014\u00a0 M\u00e9xico realiz\u00f3 su segunda operaci\u00f3n internacional de fondeo de 2021, tras finalizar el viernes una emisi\u00f3n de notas globales denominadas en euros, a menos de dos semanas de que el pa\u00eds latinoamericano acudi\u00f3 a los mercados asi\u00e1ticos.<\/p>\n<p>&nbsp;<\/p>\n<p> <\/p>\n<p>&nbsp;<\/p>\n<p>Los papeles listados en la bolsa de Luxemburgo estuvieron divididos en dos tramos, con vencimiento en 2033 y 2051, seg\u00fan el prospecto publicado por la Comisi\u00f3n de Bolsa y Valores (SEC, por sus siglas en ingl\u00e9s) de Estados Unidos.<\/p>\n<p>&nbsp;<\/p>\n<p>A principios de enero, M\u00e9xico emiti\u00f3 bonos globales a 50 a\u00f1os para levantar recursos por US$3.000 millones en un listado simult\u00e1neo en la bolsas de Luxemburgo y, por primera vez, en la de Taiw\u00e1n.<\/p>\n<p>&nbsp;<\/p>\n<p>La operaci\u00f3n, que seg\u00fan el prospecto ser\u00e1 liquidada el 25 de enero, habr\u00eda recaudado unos 1.800 millones de euros, con una demanda por los papeles por hasta 7.000 millones de euros, de acuerdo con informaci\u00f3n del servicio IFR de Thomson Reuters.<\/p>\n<p>&nbsp;<\/p>\n<p>El gobierno de la segunda mayor econom\u00eda de Am\u00e9rica Latina usar\u00e1 los recursos para el retiro de deuda circulante y para el pago anticipado de deuda con vencimiento 2023, as\u00ed como para prop\u00f3sitos generales del gobierno, de acuerdo con el prospecto.<\/p>\n<p>&nbsp;<\/p>\n<p><em>\u00ab(M\u00e9xico) finaliz\u00f3 una operaci\u00f3n en el mercado de euros, reduciendo 36% los vencimientos de 2023 y logrando una menor tasa de inter\u00e9s\u00bb,<\/em> dijo m\u00e1s temprano en su cuenta de Twitter el subsecretario de Hacienda, Gabriel Yorio, sin dar m\u00e1s detalles de la operaci\u00f3n.<\/p>\n<p>&nbsp;<\/p>\n<p>El rendimiento al vencimiento de las notas, seg\u00fan datos de IFR, habr\u00edan quedado establecidos en 1,676% para el tramo con vencimiento en 2033 y de 2,464% para el de 2051.<\/p>\n<p>&nbsp;<\/p>\n<p>(Publicada el 16\/01\/2021)<\/p>\n","protected":false},"excerpt":{"rendered":"<p>CIUDAD DE M\u00c9XICO. MX. \u2014\u00a0 M\u00e9xico realiz\u00f3 su segunda operaci\u00f3n internacional de fondeo de 2021,&#8230;<\/p>\n","protected":false},"author":1,"featured_media":104792,"comment_status":"open","ping_status":"open","sticky":false,"template":"","format":"standard","meta":{"_monsterinsights_skip_tracking":false,"_monsterinsights_sitenote_active":false,"_monsterinsights_sitenote_note":"","_monsterinsights_sitenote_category":0,"footnotes":""},"categories":[5],"tags":[],"class_list":["post"],"yoast_head":" \n<title>Sonora en Equipo. M\u00e9xico finaliza su segunda operaci\u00f3n de fondeo en mercados internacionales de 2021 Rep\u00fablica<\/title>\n<meta name=\"description\" content=\"CIUDAD DE M\u00c9XICO. MX. \u2014\u00a0 M\u00e9xico realiz\u00f3 su segunda operaci\u00f3n internacional de fondeo de 2021, tras finalizar el viernes una emisi\u00f3n de notas globales En Sonora en Equipo publicamos toda la informaci\u00f3n de Sonora, M\u00e9xico y el Mundo de manera oportuna y busca que la libertad de expresi\u00f3n sea real. Visita nuestro medio informativo publicado desde Hermosillo, Sonora. %\" \/>\n<meta name=\"robots\" content=\"index, follow, max-snippet:-1, max-image-preview:large, max-video-preview:-1\" \/>\n<link rel=\"canonical\" href=\"https:\/\/www.sonoraenequipo.com.mx\/mexico-finaliza-su-segunda-operacion-de-fondeo-en-mercados-internacionales-de-2021\/\" \/>\n<meta property=\"og:locale\" content=\"es_ES\" \/>\n<meta property=\"og:type\" content=\"article\" \/>\n<meta property=\"og:title\" content=\"Sonora en Equipo. M\u00e9xico finaliza su segunda operaci\u00f3n de fondeo en mercados internacionales de 2021 Rep\u00fablica\" \/>\n<meta property=\"og:description\" content=\"CIUDAD DE M\u00c9XICO. MX. \u2014\u00a0 M\u00e9xico realiz\u00f3 su segunda operaci\u00f3n internacional de fondeo de 2021, tras finalizar el viernes una emisi\u00f3n de notas globales En Sonora en Equipo publicamos toda la informaci\u00f3n de Sonora, M\u00e9xico y el Mundo de manera oportuna y busca que la libertad de expresi\u00f3n sea real. Visita nuestro medio informativo publicado desde Hermosillo, Sonora. %\" \/>\n<meta property=\"og:url\" content=\"https:\/\/www.sonoraenequipo.com.mx\/mexico-finaliza-su-segunda-operacion-de-fondeo-en-mercados-internacionales-de-2021\/\" \/>\n<meta property=\"og:site_name\" content=\"Sonora en Equipo.\" \/>\n<meta property=\"article:publisher\" content=\"https:\/\/www.facebook.com\/SonoraEE\/\" \/>\n<meta property=\"article:author\" content=\"https:\/\/www.facebook.com\/SonoraEE\" \/>\n<meta property=\"article:published_time\" content=\"2021-01-16T16:15:23+00:00\" \/>\n<meta property=\"article:modified_time\" content=\"2021-01-17T00:56:36+00:00\" \/>\n<meta property=\"og:image\" content=\"https:\/\/www.sonoraenequipo.com.mx\/storage\/2021\/01\/Gabriel_Yorio_opt.jpg\" \/>\n\t<meta property=\"og:image:width\" content=\"941\" \/>\n\t<meta property=\"og:image:height\" content=\"475\" \/>\n\t<meta property=\"og:image:type\" content=\"image\/jpeg\" \/>\n<meta name=\"author\" content=\"enequipo\" \/>\n<meta name=\"twitter:card\" content=\"summary_large_image\" \/>\n<meta name=\"twitter:creator\" content=\"@sonoraenequipo\" \/>\n<meta name=\"twitter:site\" content=\"@sonoraenequipo\" \/>\n<meta name=\"twitter:label1\" content=\"Escrito por\" \/>\n\t<meta name=\"twitter:data1\" content=\"enequipo\" \/>\n\t<meta name=\"twitter:label2\" content=\"Tiempo de lectura\" \/>\n\t<meta name=\"twitter:data2\" content=\"2 minutos\" \/>\n<script type=\"application\/ld+json\" class=\"yoast-schema-graph\">{\"@context\":\"https:\/\/schema.org\",\"@graph\":[{\"@type\":\"Article\",\"@id\":\"https:\/\/www.sonoraenequipo.com.mx\/mexico-finaliza-su-segunda-operacion-de-fondeo-en-mercados-internacionales-de-2021\/#article\",\"isPartOf\":{\"@id\":\"https:\/\/www.sonoraenequipo.com.mx\/mexico-finaliza-su-segunda-operacion-de-fondeo-en-mercados-internacionales-de-2021\/\"},\"author\":{\"name\":\"enequipo\",\"@id\":\"https:\/\/www.sonoraenequipo.com.mx\/#\/schema\/person\/50102df0fb23a8fa9e8effad8fa81386\"},\"headline\":\"M\u00e9xico finaliza su segunda operaci\u00f3n de fondeo en mercados internacionales de 2021\",\"datePublished\":\"2021-01-16T16:15:23+00:00\",\"dateModified\":\"2021-01-17T00:56:36+00:00\",\"mainEntityOfPage\":{\"@id\":\"https:\/\/www.sonoraenequipo.com.mx\/mexico-finaliza-su-segunda-operacion-de-fondeo-en-mercados-internacionales-de-2021\/\"},\"wordCount\":306,\"commentCount\":0,\"publisher\":{\"@id\":\"https:\/\/www.sonoraenequipo.com.mx\/#organization\"},\"image\":{\"@id\":\"https:\/\/www.sonoraenequipo.com.mx\/mexico-finaliza-su-segunda-operacion-de-fondeo-en-mercados-internacionales-de-2021\/#primaryimage\"},\"thumbnailUrl\":\"https:\/\/www.sonoraenequipo.com.mx\/storage\/2021\/01\/Gabriel_Yorio_opt.jpg\",\"articleSection\":[\"Rep\u00fablica\"],\"inLanguage\":\"es\",\"potentialAction\":[{\"@type\":\"CommentAction\",\"name\":\"Comment\",\"target\":[\"https:\/\/www.sonoraenequipo.com.mx\/mexico-finaliza-su-segunda-operacion-de-fondeo-en-mercados-internacionales-de-2021\/#respond\"]}]},{\"@type\":\"WebPage\",\"@id\":\"https:\/\/www.sonoraenequipo.com.mx\/mexico-finaliza-su-segunda-operacion-de-fondeo-en-mercados-internacionales-de-2021\/\",\"url\":\"https:\/\/www.sonoraenequipo.com.mx\/mexico-finaliza-su-segunda-operacion-de-fondeo-en-mercados-internacionales-de-2021\/\",\"name\":\"Sonora en Equipo. M\u00e9xico finaliza su segunda operaci\u00f3n de fondeo en mercados internacionales de 2021 Rep\u00fablica\",\"isPartOf\":{\"@id\":\"https:\/\/www.sonoraenequipo.com.mx\/#website\"},\"primaryImageOfPage\":{\"@id\":\"https:\/\/www.sonoraenequipo.com.mx\/mexico-finaliza-su-segunda-operacion-de-fondeo-en-mercados-internacionales-de-2021\/#primaryimage\"},\"image\":{\"@id\":\"https:\/\/www.sonoraenequipo.com.mx\/mexico-finaliza-su-segunda-operacion-de-fondeo-en-mercados-internacionales-de-2021\/#primaryimage\"},\"thumbnailUrl\":\"https:\/\/www.sonoraenequipo.com.mx\/storage\/2021\/01\/Gabriel_Yorio_opt.jpg\",\"datePublished\":\"2021-01-16T16:15:23+00:00\",\"dateModified\":\"2021-01-17T00:56:36+00:00\",\"description\":\"CIUDAD DE M\u00c9XICO. MX. \u2014\u00a0 M\u00e9xico realiz\u00f3 su segunda operaci\u00f3n internacional de fondeo de 2021, tras finalizar el viernes una emisi\u00f3n de notas globales En Sonora en Equipo publicamos toda la informaci\u00f3n de Sonora, M\u00e9xico y el Mundo de manera oportuna y busca que la libertad de expresi\u00f3n sea real. Visita nuestro medio informativo publicado desde Hermosillo, Sonora. %\",\"breadcrumb\":{\"@id\":\"https:\/\/www.sonoraenequipo.com.mx\/mexico-finaliza-su-segunda-operacion-de-fondeo-en-mercados-internacionales-de-2021\/#breadcrumb\"},\"inLanguage\":\"es\",\"potentialAction\":[{\"@type\":\"ReadAction\",\"target\":[\"https:\/\/www.sonoraenequipo.com.mx\/mexico-finaliza-su-segunda-operacion-de-fondeo-en-mercados-internacionales-de-2021\/\"]}]},{\"@type\":\"ImageObject\",\"inLanguage\":\"es\",\"@id\":\"https:\/\/www.sonoraenequipo.com.mx\/mexico-finaliza-su-segunda-operacion-de-fondeo-en-mercados-internacionales-de-2021\/#primaryimage\",\"url\":\"https:\/\/www.sonoraenequipo.com.mx\/storage\/2021\/01\/Gabriel_Yorio_opt.jpg\",\"contentUrl\":\"https:\/\/www.sonoraenequipo.com.mx\/storage\/2021\/01\/Gabriel_Yorio_opt.jpg\",\"width\":941,\"height\":475},{\"@type\":\"BreadcrumbList\",\"@id\":\"https:\/\/www.sonoraenequipo.com.mx\/mexico-finaliza-su-segunda-operacion-de-fondeo-en-mercados-internacionales-de-2021\/#breadcrumb\",\"itemListElement\":[{\"@type\":\"ListItem\",\"position\":1,\"name\":\"Portada\",\"item\":\"https:\/\/www.sonoraenequipo.com.mx\/\"},{\"@type\":\"ListItem\",\"position\":2,\"name\":\"M\u00e9xico finaliza su segunda operaci\u00f3n de fondeo en mercados internacionales de 2021\"}]},{\"@type\":\"WebSite\",\"@id\":\"https:\/\/www.sonoraenequipo.com.mx\/#website\",\"url\":\"https:\/\/www.sonoraenequipo.com.mx\/\",\"name\":\"Sonora en Equipo.\",\"description\":\"Diario en l\u00ednea con Noticias desde Hermosillo, Sonora\",\"publisher\":{\"@id\":\"https:\/\/www.sonoraenequipo.com.mx\/#organization\"},\"potentialAction\":[{\"@type\":\"SearchAction\",\"target\":{\"@type\":\"EntryPoint\",\"urlTemplate\":\"https:\/\/www.sonoraenequipo.com.mx\/?s={search_term_string}\"},\"query-input\":{\"@type\":\"PropertyValueSpecification\",\"valueRequired\":true,\"valueName\":\"search_term_string\"}}],\"inLanguage\":\"es\"},{\"@type\":\"Organization\",\"@id\":\"https:\/\/www.sonoraenequipo.com.mx\/#organization\",\"name\":\"Sonoraenequipo.com.mx\",\"url\":\"https:\/\/www.sonoraenequipo.com.mx\/\",\"logo\":{\"@type\":\"ImageObject\",\"inLanguage\":\"es\",\"@id\":\"https:\/\/www.sonoraenequipo.com.mx\/#\/schema\/logo\/image\/\",\"url\":\"https:\/\/www.sonoraenequipo.com.mx\/storage\/2019\/01\/sonoraenequipo_opt.png\",\"contentUrl\":\"https:\/\/www.sonoraenequipo.com.mx\/storage\/2019\/01\/sonoraenequipo_opt.png\",\"width\":375,\"height\":125,\"caption\":\"Sonoraenequipo.com.mx\"},\"image\":{\"@id\":\"https:\/\/www.sonoraenequipo.com.mx\/#\/schema\/logo\/image\/\"},\"sameAs\":[\"https:\/\/www.facebook.com\/SonoraEE\/\",\"https:\/\/x.com\/sonoraenequipo\",\"https:\/\/www.youtube.com\/channel\/UC338nW-lPEYmJQs4ZABQ1SQ\"]},{\"@type\":\"Person\",\"@id\":\"https:\/\/www.sonoraenequipo.com.mx\/#\/schema\/person\/50102df0fb23a8fa9e8effad8fa81386\",\"name\":\"enequipo\",\"image\":{\"@type\":\"ImageObject\",\"inLanguage\":\"es\",\"@id\":\"https:\/\/www.sonoraenequipo.com.mx\/#\/schema\/person\/image\/\",\"url\":\"https:\/\/secure.gravatar.com\/avatar\/049821681b589dabc0bc20695993ccebb09f5b5d4d790cd9251b97faac7c652b?s=96&d=blank&r=g\",\"contentUrl\":\"https:\/\/secure.gravatar.com\/avatar\/049821681b589dabc0bc20695993ccebb09f5b5d4d790cd9251b97faac7c652b?s=96&d=blank&r=g\",\"caption\":\"enequipo\"},\"sameAs\":[\"https:\/\/www.facebook.com\/SonoraEE\"]}]}<\/script>\n ","yoast_head_json":{"title":"Sonora en Equipo. M\u00e9xico finaliza su segunda operaci\u00f3n de fondeo en mercados internacionales de 2021 Rep\u00fablica","description":"CIUDAD DE M\u00c9XICO. MX. \u2014\u00a0 M\u00e9xico realiz\u00f3 su segunda operaci\u00f3n internacional de fondeo de 2021, tras finalizar el viernes una emisi\u00f3n de notas globales En Sonora en Equipo publicamos toda la informaci\u00f3n de Sonora, M\u00e9xico y el Mundo de manera oportuna y busca que la libertad de expresi\u00f3n sea real. Visita nuestro medio informativo publicado desde Hermosillo, Sonora. %","robots":{"index":"index","follow":"follow","max-snippet":"max-snippet:-1","max-image-preview":"max-image-preview:large","max-video-preview":"max-video-preview:-1"},"canonical":"https:\/\/www.sonoraenequipo.com.mx\/mexico-finaliza-su-segunda-operacion-de-fondeo-en-mercados-internacionales-de-2021\/","og_locale":"es_ES","og_type":"article","og_title":"Sonora en Equipo. M\u00e9xico finaliza su segunda operaci\u00f3n de fondeo en mercados internacionales de 2021 Rep\u00fablica","og_description":"CIUDAD DE M\u00c9XICO. MX. \u2014\u00a0 M\u00e9xico realiz\u00f3 su segunda operaci\u00f3n internacional de fondeo de 2021, tras finalizar el viernes una emisi\u00f3n de notas globales En Sonora en Equipo publicamos toda la informaci\u00f3n de Sonora, M\u00e9xico y el Mundo de manera oportuna y busca que la libertad de expresi\u00f3n sea real. Visita nuestro medio informativo publicado desde Hermosillo, Sonora. %","og_url":"https:\/\/www.sonoraenequipo.com.mx\/mexico-finaliza-su-segunda-operacion-de-fondeo-en-mercados-internacionales-de-2021\/","og_site_name":"Sonora en Equipo.","article_publisher":"https:\/\/www.facebook.com\/SonoraEE\/","article_author":"https:\/\/www.facebook.com\/SonoraEE","article_published_time":"2021-01-16T16:15:23+00:00","article_modified_time":"2021-01-17T00:56:36+00:00","og_image":[{"width":941,"height":475,"url":"https:\/\/www.sonoraenequipo.com.mx\/storage\/2021\/01\/Gabriel_Yorio_opt.jpg","type":"image\/jpeg"}],"author":"enequipo","twitter_card":"summary_large_image","twitter_creator":"@sonoraenequipo","twitter_site":"@sonoraenequipo","twitter_misc":{"Escrito por":"enequipo","Tiempo de lectura":"2 minutos"},"schema":{"@context":"https:\/\/schema.org","@graph":[{"@type":"Article","@id":"https:\/\/www.sonoraenequipo.com.mx\/mexico-finaliza-su-segunda-operacion-de-fondeo-en-mercados-internacionales-de-2021\/#article","isPartOf":{"@id":"https:\/\/www.sonoraenequipo.com.mx\/mexico-finaliza-su-segunda-operacion-de-fondeo-en-mercados-internacionales-de-2021\/"},"author":{"name":"enequipo","@id":"https:\/\/www.sonoraenequipo.com.mx\/#\/schema\/person\/50102df0fb23a8fa9e8effad8fa81386"},"headline":"M\u00e9xico finaliza su segunda operaci\u00f3n de fondeo en mercados internacionales de 2021","datePublished":"2021-01-16T16:15:23+00:00","dateModified":"2021-01-17T00:56:36+00:00","mainEntityOfPage":{"@id":"https:\/\/www.sonoraenequipo.com.mx\/mexico-finaliza-su-segunda-operacion-de-fondeo-en-mercados-internacionales-de-2021\/"},"wordCount":306,"commentCount":0,"publisher":{"@id":"https:\/\/www.sonoraenequipo.com.mx\/#organization"},"image":{"@id":"https:\/\/www.sonoraenequipo.com.mx\/mexico-finaliza-su-segunda-operacion-de-fondeo-en-mercados-internacionales-de-2021\/#primaryimage"},"thumbnailUrl":"https:\/\/www.sonoraenequipo.com.mx\/storage\/2021\/01\/Gabriel_Yorio_opt.jpg","articleSection":["Rep\u00fablica"],"inLanguage":"es","potentialAction":[{"@type":"CommentAction","name":"Comment","target":["https:\/\/www.sonoraenequipo.com.mx\/mexico-finaliza-su-segunda-operacion-de-fondeo-en-mercados-internacionales-de-2021\/#respond"]}]},{"@type":"WebPage","@id":"https:\/\/www.sonoraenequipo.com.mx\/mexico-finaliza-su-segunda-operacion-de-fondeo-en-mercados-internacionales-de-2021\/","url":"https:\/\/www.sonoraenequipo.com.mx\/mexico-finaliza-su-segunda-operacion-de-fondeo-en-mercados-internacionales-de-2021\/","name":"Sonora en Equipo. M\u00e9xico finaliza su segunda operaci\u00f3n de fondeo en mercados internacionales de 2021 Rep\u00fablica","isPartOf":{"@id":"https:\/\/www.sonoraenequipo.com.mx\/#website"},"primaryImageOfPage":{"@id":"https:\/\/www.sonoraenequipo.com.mx\/mexico-finaliza-su-segunda-operacion-de-fondeo-en-mercados-internacionales-de-2021\/#primaryimage"},"image":{"@id":"https:\/\/www.sonoraenequipo.com.mx\/mexico-finaliza-su-segunda-operacion-de-fondeo-en-mercados-internacionales-de-2021\/#primaryimage"},"thumbnailUrl":"https:\/\/www.sonoraenequipo.com.mx\/storage\/2021\/01\/Gabriel_Yorio_opt.jpg","datePublished":"2021-01-16T16:15:23+00:00","dateModified":"2021-01-17T00:56:36+00:00","description":"CIUDAD DE M\u00c9XICO. MX. \u2014\u00a0 M\u00e9xico realiz\u00f3 su segunda operaci\u00f3n internacional de fondeo de 2021, tras finalizar el viernes una emisi\u00f3n de notas globales En Sonora en Equipo publicamos toda la informaci\u00f3n de Sonora, M\u00e9xico y el Mundo de manera oportuna y busca que la libertad de expresi\u00f3n sea real. Visita nuestro medio informativo publicado desde Hermosillo, Sonora. %","breadcrumb":{"@id":"https:\/\/www.sonoraenequipo.com.mx\/mexico-finaliza-su-segunda-operacion-de-fondeo-en-mercados-internacionales-de-2021\/#breadcrumb"},"inLanguage":"es","potentialAction":[{"@type":"ReadAction","target":["https:\/\/www.sonoraenequipo.com.mx\/mexico-finaliza-su-segunda-operacion-de-fondeo-en-mercados-internacionales-de-2021\/"]}]},{"@type":"ImageObject","inLanguage":"es","@id":"https:\/\/www.sonoraenequipo.com.mx\/mexico-finaliza-su-segunda-operacion-de-fondeo-en-mercados-internacionales-de-2021\/#primaryimage","url":"https:\/\/www.sonoraenequipo.com.mx\/storage\/2021\/01\/Gabriel_Yorio_opt.jpg","contentUrl":"https:\/\/www.sonoraenequipo.com.mx\/storage\/2021\/01\/Gabriel_Yorio_opt.jpg","width":941,"height":475},{"@type":"BreadcrumbList","@id":"https:\/\/www.sonoraenequipo.com.mx\/mexico-finaliza-su-segunda-operacion-de-fondeo-en-mercados-internacionales-de-2021\/#breadcrumb","itemListElement":[{"@type":"ListItem","position":1,"name":"Portada","item":"https:\/\/www.sonoraenequipo.com.mx\/"},{"@type":"ListItem","position":2,"name":"M\u00e9xico finaliza su segunda operaci\u00f3n de fondeo en mercados internacionales de 2021"}]},{"@type":"WebSite","@id":"https:\/\/www.sonoraenequipo.com.mx\/#website","url":"https:\/\/www.sonoraenequipo.com.mx\/","name":"Sonora en Equipo.","description":"Diario en l\u00ednea con Noticias desde Hermosillo, Sonora","publisher":{"@id":"https:\/\/www.sonoraenequipo.com.mx\/#organization"},"potentialAction":[{"@type":"SearchAction","target":{"@type":"EntryPoint","urlTemplate":"https:\/\/www.sonoraenequipo.com.mx\/?s={search_term_string}"},"query-input":{"@type":"PropertyValueSpecification","valueRequired":true,"valueName":"search_term_string"}}],"inLanguage":"es"},{"@type":"Organization","@id":"https:\/\/www.sonoraenequipo.com.mx\/#organization","name":"Sonoraenequipo.com.mx","url":"https:\/\/www.sonoraenequipo.com.mx\/","logo":{"@type":"ImageObject","inLanguage":"es","@id":"https:\/\/www.sonoraenequipo.com.mx\/#\/schema\/logo\/image\/","url":"https:\/\/www.sonoraenequipo.com.mx\/storage\/2019\/01\/sonoraenequipo_opt.png","contentUrl":"https:\/\/www.sonoraenequipo.com.mx\/storage\/2019\/01\/sonoraenequipo_opt.png","width":375,"height":125,"caption":"Sonoraenequipo.com.mx"},"image":{"@id":"https:\/\/www.sonoraenequipo.com.mx\/#\/schema\/logo\/image\/"},"sameAs":["https:\/\/www.facebook.com\/SonoraEE\/","https:\/\/x.com\/sonoraenequipo","https:\/\/www.youtube.com\/channel\/UC338nW-lPEYmJQs4ZABQ1SQ"]},{"@type":"Person","@id":"https:\/\/www.sonoraenequipo.com.mx\/#\/schema\/person\/50102df0fb23a8fa9e8effad8fa81386","name":"enequipo","image":{"@type":"ImageObject","inLanguage":"es","@id":"https:\/\/www.sonoraenequipo.com.mx\/#\/schema\/person\/image\/","url":"https:\/\/secure.gravatar.com\/avatar\/049821681b589dabc0bc20695993ccebb09f5b5d4d790cd9251b97faac7c652b?s=96&d=blank&r=g","contentUrl":"https:\/\/secure.gravatar.com\/avatar\/049821681b589dabc0bc20695993ccebb09f5b5d4d790cd9251b97faac7c652b?s=96&d=blank&r=g","caption":"enequipo"},"sameAs":["https:\/\/www.facebook.com\/SonoraEE"]}]}},"jetpack_featured_media_url":"https:\/\/www.sonoraenequipo.com.mx\/storage\/2021\/01\/Gabriel_Yorio_opt.jpg","_links":{"self":[{"href":"https:\/\/www.sonoraenequipo.com.mx\/api\/wp\/v2\/posts\/104791","targetHints":{"allow":["GET"]}}],"collection":[{"href":"https:\/\/www.sonoraenequipo.com.mx\/api\/wp\/v2\/posts"}],"about":[{"href":"https:\/\/www.sonoraenequipo.com.mx\/api\/wp\/v2\/types\/post"}],"author":[{"embeddable":true,"href":"https:\/\/www.sonoraenequipo.com.mx\/api\/wp\/v2\/users\/1"}],"replies":[{"embeddable":true,"href":"https:\/\/www.sonoraenequipo.com.mx\/api\/wp\/v2\/comments?post=104791"}],"version-history":[{"count":2,"href":"https:\/\/www.sonoraenequipo.com.mx\/api\/wp\/v2\/posts\/104791\/revisions"}],"predecessor-version":[{"id":104794,"href":"https:\/\/www.sonoraenequipo.com.mx\/api\/wp\/v2\/posts\/104791\/revisions\/104794"}],"wp:featuredmedia":[{"embeddable":true,"href":"https:\/\/www.sonoraenequipo.com.mx\/api\/wp\/v2\/media\/104792"}],"wp:attachment":[{"href":"https:\/\/www.sonoraenequipo.com.mx\/api\/wp\/v2\/media?parent=104791"}],"wp:term":[{"taxonomy":"category","embeddable":true,"href":"https:\/\/www.sonoraenequipo.com.mx\/api\/wp\/v2\/categories?post=104791"},{"taxonomy":"post_tag","embeddable":true,"href":"https:\/\/www.sonoraenequipo.com.mx\/api\/wp\/v2\/tags?post=104791"}],"curies":[{"name":"wp","href":"https:\/\/api.w.org\/{rel}","templated":true}]}}