{"id":104915,"date":"2021-01-18T21:36:45","date_gmt":"2021-01-19T04:36:45","guid":{"rendered":"https:\/\/www.sonoraenequipo.com.mx\/?p=104915"},"modified":"2021-01-18T18:48:26","modified_gmt":"2021-01-19T01:48:26","slug":"confianza-y-paz-laboral-permitiran-seguir-atrayendo-inversiones-y-empleos-a-sonora-gobernadora-pavlovich","status":"publish","type":"post","link":"https:\/\/www.sonoraenequipo.com.mx\/confianza-y-paz-laboral-permitiran-seguir-atrayendo-inversiones-y-empleos-a-sonora-gobernadora-pavlovich\/","title":{"rendered":"Confianza y paz laboral permitir\u00e1n seguir atrayendo inversiones y empleos a Sonora: Gobernadora Pavlovich"},"content":{"rendered":"<p>HERMOSILLO, SONORA. MX. \u2014 Para seguir generando empleos y atrayendo inversiones a la entidad es fundamental fortalecer la coordinaci\u00f3n entre el sector privado, la fuerza de trabajo y el sector p\u00fablico estatal, estableci\u00f3 la gobernadora Claudia Pavlovich Arellano al encabezar el encuentro con l\u00edderes empresariales y obreros para refrendar el Pacto Sonora para el Empleo, la Capacitaci\u00f3n, la Productividad, la Competitividad y la Paz laboral.<\/p>\n<p>&nbsp;<\/p>\n<p> <\/p>\n<p>Acompa\u00f1ada por actores del sector productivo y secretarios de su gabinete, la mandataria estatal resalt\u00f3 que ante un a\u00f1o ca\u00f3tico como el 2020, este inicio de 2021 debe significar para todos la voluntad y el compromiso para conducir a Sonora por un camino \u00f3ptimo para el desarrollo y enfrentar las dificultades de la pandemia, por lo que hizo un llamado a seguir trabajando unidos por un mejor Sonora.<\/p>\n<p>&nbsp;<\/p>\n<p><em>\u201cCelebro much\u00edsimo esta reuni\u00f3n, porque creo que m\u00e1s que nunca tenemos que estar unidos, m\u00e1s que nunca el sector obrero y el sector empresarial tienen que caminar en una sola ruta, donde solo sea ganar-ganar y les insisto, es tiempo de ser generosos y ser solidarios\u201d,<\/em> afirm\u00f3.<\/p>\n<p>&nbsp;<\/p>\n<p><img loading=\"lazy\" decoding=\"async\" class=\"  x-center\" src=\"https:\/\/sonmx.mx\/storage\/2021\/01\/Gobernadora-Pavlovich-5_opt.jpg\" alt=\"\" width=\"960\" height=\"553\" \/>La gobernadora Pavlovich puntualiz\u00f3 que desde el inicio de la pandemia en el estado se convoc\u00f3 al Pacto Para Que Siga Sonora, para mantener las oportunidades y el desarrollo en la entidad, por lo que hoy, de nueva cuenta, convoco a redoblar esfuerzos para tener una revisi\u00f3n contractual con paz y armon\u00eda que sea ben\u00e9fica para todos, que siga atrayendo inversiones y proyectos a Sonora.<\/p>\n<p>&nbsp;<\/p>\n<p><em>\u201cAqu\u00ed van a ver muchas empresas que van a llegar, empresas que est\u00e1n creciendo, y eso es gracias a ustedes los trabajadores que hacen posible esto, a los empresarios que han dado lo mejor de s\u00ed mismos, a los organismos empresariales, a sus dirigentes, esto ha sido gracias a todos, porque Sonora sigue, porque Sonora seguir\u00e1 y Sonora seguir\u00e1 abri\u00e9ndose caminos, con mucha fuerza con mucha convicci\u00f3n, con mucha voluntad de seguir adelante, a pesar de los tiempos dif\u00edciles Sonora sigue adelante, Sonora sigue atrayendo empresas, Sonora sigue generando empleos\u201d<\/em>, asegur\u00f3.<\/p>\n<p>&nbsp;<\/p>\n<p>Alfonso Reina Villegas, presidente de CMIC, Delegaci\u00f3n Sonora, agradeci\u00f3 el compromiso de la gobernadora Pavlovich por ser impulsora de estos espacios y se\u00f1al\u00f3 que ante estos retos dif\u00edciles que tienen enfrente se podr\u00e1 salir adelante, como fue en el 2020.<\/p>\n<p>&nbsp;<\/p>\n<p><em>\u201cLa comunicaci\u00f3n con nuestros l\u00edderes sindicales siempre ha sido clara y abierta, nuestra c\u00e1mara siempre ha tenido la apertura y la comunicaci\u00f3n para trabajar con ellos y no tengo la menor duda que llegaremos a acuerdos para un ganar-ganar, a nosotros nos importa much\u00edsimo que nuestros trabajadores puedan realizar su trabajo de forma segura, somos un equipo de trabajo donde por ese lado nosotros no tenemos la menor duda de que seguiremos adelante\u201d<\/em>, puntualiz\u00f3.<\/p>\n<p>&nbsp;<\/p>\n<p>En el mismo sentido, se pronunciaron Arturo Fern\u00e1ndez D\u00edaz Gonz\u00e1lez, presidente de Coparmex Sonora; Gabriel Antonio Zepeda V\u00e1squez, presidente de Canacintra Sonora; Eduardo Portugal Prada, presidente de la Asociaci\u00f3n de Mineros de Sonora; Jorge Maz\u00f3n Salazar, presidente de la Aoans; Wendee Molina, presidenta de Index Nogales; quienes refrendaron su apoyo al Pacto Para Que Siga Sonora y destacaron el compromiso de sus agremiados que estos dif\u00edciles tiempos de pandemia han privilegiado la solidaridad con la base trabajadora y con las y los sonorenses.<\/p>\n<p>&nbsp;<\/p>\n<p>Por su parte, Javier Villareal G\u00e1mez, secretario general de la Confederaci\u00f3n de Trabajadores en M\u00e9xico (CTM) Delegaci\u00f3n Sonora, agradeci\u00f3 y destac\u00f3 el compromiso de la gobernadora Pavlovich con este Pacto para que se tenga un trabajo coordinado donde todos puedan ganar.<\/p>\n<p>&nbsp;<\/p>\n<p><em>\u201cCreo que empresarios, trabajadores y gobierno, debemos poner lo mejor de nosotros mismos para salir adelante, nosotros desde fines de marzo, principios de abril del a\u00f1o pasado, insist\u00edamos en esta figura del di\u00e1logo social porque es muy valioso y en junio se pudo llevar a cabo aquel encuentro llamado Pacto Para Que Siga Sonora, hoy, siete meses despu\u00e9s, renovado, con este di\u00e1logo que me parece muy importante\u201d<\/em>, expres\u00f3.<\/p>\n<p>&nbsp;<\/p>\n<p>Horacio Valenzuela Ibarra, secretario del Trabajo, indic\u00f3 que ante esta pr\u00f3xima revisi\u00f3n contractual, con este Pacto se busca que en todos sentidos haya trabajo coordinado y se privilegie preservar la paz laboral que existe en el estado.<\/p>\n<p><em>\u201cEl prop\u00f3sito de este encuentro es invitarlos a hacer un esfuerzo muy solidario, para que la revisi\u00f3n de los contratos colectivos de trabajo transcurra en un ambiente de mesura, de inteligencia, donde pongamos lo mejor de nosotros para encontrar el justo medio y los trabajadores obtengan los incrementos salariales de acuerdo a las posibilidades reales de las empresas, sin perder de vista que es muy importante el mejoramiento de las condiciones econ\u00f3micas de los trabajadores, pero tambi\u00e9n la estabilidad y crecimiento de las empresas\u201d<\/em>, dijo.<\/p>\n<p>&nbsp;<\/p>\n<p>Jorge Vidal Ahumada, secretario de Econom\u00eda, resalt\u00f3 que a pesar de las dificultades que han presentado la pandemia por el COVID-19, en Sonora producto de la paz laboral, la mano de obra y las estrategias implementadas por el Gobierno del Estado, se han atra\u00eddo nuevas inversiones y proyectos, como BD Medical, ATS Creation, o de la expansi\u00f3n de empresas ya instaladas en el estado como AT Engine, Ford Hermosillo y Carrier, entre otras.<\/p>\n<p>&nbsp;<\/p>\n<p>En este encuentro participaron tambi\u00e9n Natalia Rivera Grijalva, jefa de la Oficina del Ejecutivo Estatal; Iris S\u00e1nchez Chiu, secretaria general del Sindicato Salvador Alvarado, CNC, as\u00ed como diferentes representantes del sector productivo sonorense.<\/p>\n<p>&nbsp;<\/p>\n<p>(Publicada el 18\/01\/2021)<\/p>\n","protected":false},"excerpt":{"rendered":"<p>HERMOSILLO, SONORA. MX. \u2014 Para seguir generando empleos y atrayendo inversiones a la entidad es&#8230;<\/p>\n","protected":false},"author":1,"featured_media":104917,"comment_status":"open","ping_status":"open","sticky":false,"template":"","format":"standard","meta":{"_monsterinsights_skip_tracking":false,"_monsterinsights_sitenote_active":false,"_monsterinsights_sitenote_note":"","_monsterinsights_sitenote_category":0,"footnotes":""},"categories":[22],"tags":[],"class_list":["post"],"yoast_head":" \n<title>Sonora en Equipo. Confianza y paz laboral permitir\u00e1n seguir atrayendo inversiones y empleos a Sonora: Gobernadora Pavlovich Sonora<\/title>\n<meta name=\"description\" content=\"HERMOSILLO, SONORA. MX. \u2014 Para seguir generando empleos y atrayendo inversiones a la entidad es fundamental fortalecer la coordinaci\u00f3n entre el sector En Sonora en Equipo publicamos toda la informaci\u00f3n de Sonora, M\u00e9xico y el Mundo de manera oportuna y busca que la libertad de expresi\u00f3n sea real. Visita nuestro medio informativo publicado desde Hermosillo, Sonora. %\" \/>\n<meta name=\"robots\" content=\"index, follow, max-snippet:-1, max-image-preview:large, max-video-preview:-1\" \/>\n<link rel=\"canonical\" href=\"https:\/\/www.sonoraenequipo.com.mx\/confianza-y-paz-laboral-permitiran-seguir-atrayendo-inversiones-y-empleos-a-sonora-gobernadora-pavlovich\/\" \/>\n<meta property=\"og:locale\" content=\"es_ES\" \/>\n<meta property=\"og:type\" content=\"article\" \/>\n<meta property=\"og:title\" content=\"Sonora en Equipo. Confianza y paz laboral permitir\u00e1n seguir atrayendo inversiones y empleos a Sonora: Gobernadora Pavlovich Sonora\" \/>\n<meta property=\"og:description\" content=\"HERMOSILLO, SONORA. MX. \u2014 Para seguir generando empleos y atrayendo inversiones a la entidad es fundamental fortalecer la coordinaci\u00f3n entre el sector En Sonora en Equipo publicamos toda la informaci\u00f3n de Sonora, M\u00e9xico y el Mundo de manera oportuna y busca que la libertad de expresi\u00f3n sea real. Visita nuestro medio informativo publicado desde Hermosillo, Sonora. %\" \/>\n<meta property=\"og:url\" content=\"https:\/\/www.sonoraenequipo.com.mx\/confianza-y-paz-laboral-permitiran-seguir-atrayendo-inversiones-y-empleos-a-sonora-gobernadora-pavlovich\/\" \/>\n<meta property=\"og:site_name\" content=\"Sonora en Equipo.\" \/>\n<meta property=\"article:publisher\" content=\"https:\/\/www.facebook.com\/SonoraEE\/\" \/>\n<meta property=\"article:author\" content=\"https:\/\/www.facebook.com\/SonoraEE\" \/>\n<meta property=\"article:published_time\" content=\"2021-01-19T04:36:45+00:00\" \/>\n<meta property=\"og:image\" content=\"https:\/\/www.sonoraenequipo.com.mx\/storage\/2021\/01\/Gobernadora-Pavlovich-1_opt.jpg\" \/>\n\t<meta property=\"og:image:width\" content=\"922\" \/>\n\t<meta property=\"og:image:height\" content=\"500\" \/>\n\t<meta property=\"og:image:type\" content=\"image\/jpeg\" \/>\n<meta name=\"author\" content=\"enequipo\" \/>\n<meta name=\"twitter:card\" content=\"summary_large_image\" \/>\n<meta name=\"twitter:creator\" content=\"@sonoraenequipo\" \/>\n<meta name=\"twitter:site\" content=\"@sonoraenequipo\" \/>\n<meta name=\"twitter:label1\" content=\"Escrito por\" \/>\n\t<meta name=\"twitter:data1\" content=\"enequipo\" \/>\n\t<meta name=\"twitter:label2\" content=\"Tiempo de lectura\" \/>\n\t<meta name=\"twitter:data2\" content=\"5 minutos\" \/>\n<script type=\"application\/ld+json\" class=\"yoast-schema-graph\">{\"@context\":\"https:\/\/schema.org\",\"@graph\":[{\"@type\":\"Article\",\"@id\":\"https:\/\/www.sonoraenequipo.com.mx\/confianza-y-paz-laboral-permitiran-seguir-atrayendo-inversiones-y-empleos-a-sonora-gobernadora-pavlovich\/#article\",\"isPartOf\":{\"@id\":\"https:\/\/www.sonoraenequipo.com.mx\/confianza-y-paz-laboral-permitiran-seguir-atrayendo-inversiones-y-empleos-a-sonora-gobernadora-pavlovich\/\"},\"author\":{\"name\":\"enequipo\",\"@id\":\"https:\/\/www.sonoraenequipo.com.mx\/#\/schema\/person\/50102df0fb23a8fa9e8effad8fa81386\"},\"headline\":\"Confianza y paz laboral permitir\u00e1n seguir atrayendo inversiones y empleos a Sonora: Gobernadora Pavlovich\",\"datePublished\":\"2021-01-19T04:36:45+00:00\",\"mainEntityOfPage\":{\"@id\":\"https:\/\/www.sonoraenequipo.com.mx\/confianza-y-paz-laboral-permitiran-seguir-atrayendo-inversiones-y-empleos-a-sonora-gobernadora-pavlovich\/\"},\"wordCount\":949,\"commentCount\":0,\"publisher\":{\"@id\":\"https:\/\/www.sonoraenequipo.com.mx\/#organization\"},\"image\":{\"@id\":\"https:\/\/www.sonoraenequipo.com.mx\/confianza-y-paz-laboral-permitiran-seguir-atrayendo-inversiones-y-empleos-a-sonora-gobernadora-pavlovich\/#primaryimage\"},\"thumbnailUrl\":\"https:\/\/www.sonoraenequipo.com.mx\/storage\/2021\/01\/Gobernadora-Pavlovich-1_opt.jpg\",\"articleSection\":[\"Sonora\"],\"inLanguage\":\"es\",\"potentialAction\":[{\"@type\":\"CommentAction\",\"name\":\"Comment\",\"target\":[\"https:\/\/www.sonoraenequipo.com.mx\/confianza-y-paz-laboral-permitiran-seguir-atrayendo-inversiones-y-empleos-a-sonora-gobernadora-pavlovich\/#respond\"]}]},{\"@type\":\"WebPage\",\"@id\":\"https:\/\/www.sonoraenequipo.com.mx\/confianza-y-paz-laboral-permitiran-seguir-atrayendo-inversiones-y-empleos-a-sonora-gobernadora-pavlovich\/\",\"url\":\"https:\/\/www.sonoraenequipo.com.mx\/confianza-y-paz-laboral-permitiran-seguir-atrayendo-inversiones-y-empleos-a-sonora-gobernadora-pavlovich\/\",\"name\":\"Sonora en Equipo. Confianza y paz laboral permitir\u00e1n seguir atrayendo inversiones y empleos a Sonora: Gobernadora Pavlovich Sonora\",\"isPartOf\":{\"@id\":\"https:\/\/www.sonoraenequipo.com.mx\/#website\"},\"primaryImageOfPage\":{\"@id\":\"https:\/\/www.sonoraenequipo.com.mx\/confianza-y-paz-laboral-permitiran-seguir-atrayendo-inversiones-y-empleos-a-sonora-gobernadora-pavlovich\/#primaryimage\"},\"image\":{\"@id\":\"https:\/\/www.sonoraenequipo.com.mx\/confianza-y-paz-laboral-permitiran-seguir-atrayendo-inversiones-y-empleos-a-sonora-gobernadora-pavlovich\/#primaryimage\"},\"thumbnailUrl\":\"https:\/\/www.sonoraenequipo.com.mx\/storage\/2021\/01\/Gobernadora-Pavlovich-1_opt.jpg\",\"datePublished\":\"2021-01-19T04:36:45+00:00\",\"description\":\"HERMOSILLO, SONORA. MX. \u2014 Para seguir generando empleos y atrayendo inversiones a la entidad es fundamental fortalecer la coordinaci\u00f3n entre el sector En Sonora en Equipo publicamos toda la informaci\u00f3n de Sonora, M\u00e9xico y el Mundo de manera oportuna y busca que la libertad de expresi\u00f3n sea real. Visita nuestro medio informativo publicado desde Hermosillo, Sonora. %\",\"breadcrumb\":{\"@id\":\"https:\/\/www.sonoraenequipo.com.mx\/confianza-y-paz-laboral-permitiran-seguir-atrayendo-inversiones-y-empleos-a-sonora-gobernadora-pavlovich\/#breadcrumb\"},\"inLanguage\":\"es\",\"potentialAction\":[{\"@type\":\"ReadAction\",\"target\":[\"https:\/\/www.sonoraenequipo.com.mx\/confianza-y-paz-laboral-permitiran-seguir-atrayendo-inversiones-y-empleos-a-sonora-gobernadora-pavlovich\/\"]}]},{\"@type\":\"ImageObject\",\"inLanguage\":\"es\",\"@id\":\"https:\/\/www.sonoraenequipo.com.mx\/confianza-y-paz-laboral-permitiran-seguir-atrayendo-inversiones-y-empleos-a-sonora-gobernadora-pavlovich\/#primaryimage\",\"url\":\"https:\/\/www.sonoraenequipo.com.mx\/storage\/2021\/01\/Gobernadora-Pavlovich-1_opt.jpg\",\"contentUrl\":\"https:\/\/www.sonoraenequipo.com.mx\/storage\/2021\/01\/Gobernadora-Pavlovich-1_opt.jpg\",\"width\":922,\"height\":500},{\"@type\":\"BreadcrumbList\",\"@id\":\"https:\/\/www.sonoraenequipo.com.mx\/confianza-y-paz-laboral-permitiran-seguir-atrayendo-inversiones-y-empleos-a-sonora-gobernadora-pavlovich\/#breadcrumb\",\"itemListElement\":[{\"@type\":\"ListItem\",\"position\":1,\"name\":\"Portada\",\"item\":\"https:\/\/www.sonoraenequipo.com.mx\/\"},{\"@type\":\"ListItem\",\"position\":2,\"name\":\"Confianza y paz laboral permitir\u00e1n seguir atrayendo inversiones y empleos a Sonora: Gobernadora Pavlovich\"}]},{\"@type\":\"WebSite\",\"@id\":\"https:\/\/www.sonoraenequipo.com.mx\/#website\",\"url\":\"https:\/\/www.sonoraenequipo.com.mx\/\",\"name\":\"Sonora en Equipo.\",\"description\":\"Diario en l\u00ednea con Noticias desde Hermosillo, Sonora\",\"publisher\":{\"@id\":\"https:\/\/www.sonoraenequipo.com.mx\/#organization\"},\"potentialAction\":[{\"@type\":\"SearchAction\",\"target\":{\"@type\":\"EntryPoint\",\"urlTemplate\":\"https:\/\/www.sonoraenequipo.com.mx\/?s={search_term_string}\"},\"query-input\":{\"@type\":\"PropertyValueSpecification\",\"valueRequired\":true,\"valueName\":\"search_term_string\"}}],\"inLanguage\":\"es\"},{\"@type\":\"Organization\",\"@id\":\"https:\/\/www.sonoraenequipo.com.mx\/#organization\",\"name\":\"Sonoraenequipo.com.mx\",\"url\":\"https:\/\/www.sonoraenequipo.com.mx\/\",\"logo\":{\"@type\":\"ImageObject\",\"inLanguage\":\"es\",\"@id\":\"https:\/\/www.sonoraenequipo.com.mx\/#\/schema\/logo\/image\/\",\"url\":\"https:\/\/www.sonoraenequipo.com.mx\/storage\/2019\/01\/sonoraenequipo_opt.png\",\"contentUrl\":\"https:\/\/www.sonoraenequipo.com.mx\/storage\/2019\/01\/sonoraenequipo_opt.png\",\"width\":375,\"height\":125,\"caption\":\"Sonoraenequipo.com.mx\"},\"image\":{\"@id\":\"https:\/\/www.sonoraenequipo.com.mx\/#\/schema\/logo\/image\/\"},\"sameAs\":[\"https:\/\/www.facebook.com\/SonoraEE\/\",\"https:\/\/x.com\/sonoraenequipo\",\"https:\/\/www.youtube.com\/channel\/UC338nW-lPEYmJQs4ZABQ1SQ\"]},{\"@type\":\"Person\",\"@id\":\"https:\/\/www.sonoraenequipo.com.mx\/#\/schema\/person\/50102df0fb23a8fa9e8effad8fa81386\",\"name\":\"enequipo\",\"image\":{\"@type\":\"ImageObject\",\"inLanguage\":\"es\",\"@id\":\"https:\/\/www.sonoraenequipo.com.mx\/#\/schema\/person\/image\/\",\"url\":\"https:\/\/secure.gravatar.com\/avatar\/049821681b589dabc0bc20695993ccebb09f5b5d4d790cd9251b97faac7c652b?s=96&d=blank&r=g\",\"contentUrl\":\"https:\/\/secure.gravatar.com\/avatar\/049821681b589dabc0bc20695993ccebb09f5b5d4d790cd9251b97faac7c652b?s=96&d=blank&r=g\",\"caption\":\"enequipo\"},\"sameAs\":[\"https:\/\/www.facebook.com\/SonoraEE\"]}]}<\/script>\n ","yoast_head_json":{"title":"Sonora en Equipo. Confianza y paz laboral permitir\u00e1n seguir atrayendo inversiones y empleos a Sonora: Gobernadora Pavlovich Sonora","description":"HERMOSILLO, SONORA. MX. \u2014 Para seguir generando empleos y atrayendo inversiones a la entidad es fundamental fortalecer la coordinaci\u00f3n entre el sector En Sonora en Equipo publicamos toda la informaci\u00f3n de Sonora, M\u00e9xico y el Mundo de manera oportuna y busca que la libertad de expresi\u00f3n sea real. Visita nuestro medio informativo publicado desde Hermosillo, Sonora. %","robots":{"index":"index","follow":"follow","max-snippet":"max-snippet:-1","max-image-preview":"max-image-preview:large","max-video-preview":"max-video-preview:-1"},"canonical":"https:\/\/www.sonoraenequipo.com.mx\/confianza-y-paz-laboral-permitiran-seguir-atrayendo-inversiones-y-empleos-a-sonora-gobernadora-pavlovich\/","og_locale":"es_ES","og_type":"article","og_title":"Sonora en Equipo. Confianza y paz laboral permitir\u00e1n seguir atrayendo inversiones y empleos a Sonora: Gobernadora Pavlovich Sonora","og_description":"HERMOSILLO, SONORA. MX. \u2014 Para seguir generando empleos y atrayendo inversiones a la entidad es fundamental fortalecer la coordinaci\u00f3n entre el sector En Sonora en Equipo publicamos toda la informaci\u00f3n de Sonora, M\u00e9xico y el Mundo de manera oportuna y busca que la libertad de expresi\u00f3n sea real. Visita nuestro medio informativo publicado desde Hermosillo, Sonora. %","og_url":"https:\/\/www.sonoraenequipo.com.mx\/confianza-y-paz-laboral-permitiran-seguir-atrayendo-inversiones-y-empleos-a-sonora-gobernadora-pavlovich\/","og_site_name":"Sonora en Equipo.","article_publisher":"https:\/\/www.facebook.com\/SonoraEE\/","article_author":"https:\/\/www.facebook.com\/SonoraEE","article_published_time":"2021-01-19T04:36:45+00:00","og_image":[{"width":922,"height":500,"url":"https:\/\/www.sonoraenequipo.com.mx\/storage\/2021\/01\/Gobernadora-Pavlovich-1_opt.jpg","type":"image\/jpeg"}],"author":"enequipo","twitter_card":"summary_large_image","twitter_creator":"@sonoraenequipo","twitter_site":"@sonoraenequipo","twitter_misc":{"Escrito por":"enequipo","Tiempo de lectura":"5 minutos"},"schema":{"@context":"https:\/\/schema.org","@graph":[{"@type":"Article","@id":"https:\/\/www.sonoraenequipo.com.mx\/confianza-y-paz-laboral-permitiran-seguir-atrayendo-inversiones-y-empleos-a-sonora-gobernadora-pavlovich\/#article","isPartOf":{"@id":"https:\/\/www.sonoraenequipo.com.mx\/confianza-y-paz-laboral-permitiran-seguir-atrayendo-inversiones-y-empleos-a-sonora-gobernadora-pavlovich\/"},"author":{"name":"enequipo","@id":"https:\/\/www.sonoraenequipo.com.mx\/#\/schema\/person\/50102df0fb23a8fa9e8effad8fa81386"},"headline":"Confianza y paz laboral permitir\u00e1n seguir atrayendo inversiones y empleos a Sonora: Gobernadora Pavlovich","datePublished":"2021-01-19T04:36:45+00:00","mainEntityOfPage":{"@id":"https:\/\/www.sonoraenequipo.com.mx\/confianza-y-paz-laboral-permitiran-seguir-atrayendo-inversiones-y-empleos-a-sonora-gobernadora-pavlovich\/"},"wordCount":949,"commentCount":0,"publisher":{"@id":"https:\/\/www.sonoraenequipo.com.mx\/#organization"},"image":{"@id":"https:\/\/www.sonoraenequipo.com.mx\/confianza-y-paz-laboral-permitiran-seguir-atrayendo-inversiones-y-empleos-a-sonora-gobernadora-pavlovich\/#primaryimage"},"thumbnailUrl":"https:\/\/www.sonoraenequipo.com.mx\/storage\/2021\/01\/Gobernadora-Pavlovich-1_opt.jpg","articleSection":["Sonora"],"inLanguage":"es","potentialAction":[{"@type":"CommentAction","name":"Comment","target":["https:\/\/www.sonoraenequipo.com.mx\/confianza-y-paz-laboral-permitiran-seguir-atrayendo-inversiones-y-empleos-a-sonora-gobernadora-pavlovich\/#respond"]}]},{"@type":"WebPage","@id":"https:\/\/www.sonoraenequipo.com.mx\/confianza-y-paz-laboral-permitiran-seguir-atrayendo-inversiones-y-empleos-a-sonora-gobernadora-pavlovich\/","url":"https:\/\/www.sonoraenequipo.com.mx\/confianza-y-paz-laboral-permitiran-seguir-atrayendo-inversiones-y-empleos-a-sonora-gobernadora-pavlovich\/","name":"Sonora en Equipo. Confianza y paz laboral permitir\u00e1n seguir atrayendo inversiones y empleos a Sonora: Gobernadora Pavlovich Sonora","isPartOf":{"@id":"https:\/\/www.sonoraenequipo.com.mx\/#website"},"primaryImageOfPage":{"@id":"https:\/\/www.sonoraenequipo.com.mx\/confianza-y-paz-laboral-permitiran-seguir-atrayendo-inversiones-y-empleos-a-sonora-gobernadora-pavlovich\/#primaryimage"},"image":{"@id":"https:\/\/www.sonoraenequipo.com.mx\/confianza-y-paz-laboral-permitiran-seguir-atrayendo-inversiones-y-empleos-a-sonora-gobernadora-pavlovich\/#primaryimage"},"thumbnailUrl":"https:\/\/www.sonoraenequipo.com.mx\/storage\/2021\/01\/Gobernadora-Pavlovich-1_opt.jpg","datePublished":"2021-01-19T04:36:45+00:00","description":"HERMOSILLO, SONORA. MX. \u2014 Para seguir generando empleos y atrayendo inversiones a la entidad es fundamental fortalecer la coordinaci\u00f3n entre el sector En Sonora en Equipo publicamos toda la informaci\u00f3n de Sonora, M\u00e9xico y el Mundo de manera oportuna y busca que la libertad de expresi\u00f3n sea real. Visita nuestro medio informativo publicado desde Hermosillo, Sonora. %","breadcrumb":{"@id":"https:\/\/www.sonoraenequipo.com.mx\/confianza-y-paz-laboral-permitiran-seguir-atrayendo-inversiones-y-empleos-a-sonora-gobernadora-pavlovich\/#breadcrumb"},"inLanguage":"es","potentialAction":[{"@type":"ReadAction","target":["https:\/\/www.sonoraenequipo.com.mx\/confianza-y-paz-laboral-permitiran-seguir-atrayendo-inversiones-y-empleos-a-sonora-gobernadora-pavlovich\/"]}]},{"@type":"ImageObject","inLanguage":"es","@id":"https:\/\/www.sonoraenequipo.com.mx\/confianza-y-paz-laboral-permitiran-seguir-atrayendo-inversiones-y-empleos-a-sonora-gobernadora-pavlovich\/#primaryimage","url":"https:\/\/www.sonoraenequipo.com.mx\/storage\/2021\/01\/Gobernadora-Pavlovich-1_opt.jpg","contentUrl":"https:\/\/www.sonoraenequipo.com.mx\/storage\/2021\/01\/Gobernadora-Pavlovich-1_opt.jpg","width":922,"height":500},{"@type":"BreadcrumbList","@id":"https:\/\/www.sonoraenequipo.com.mx\/confianza-y-paz-laboral-permitiran-seguir-atrayendo-inversiones-y-empleos-a-sonora-gobernadora-pavlovich\/#breadcrumb","itemListElement":[{"@type":"ListItem","position":1,"name":"Portada","item":"https:\/\/www.sonoraenequipo.com.mx\/"},{"@type":"ListItem","position":2,"name":"Confianza y paz laboral permitir\u00e1n seguir atrayendo inversiones y empleos a Sonora: Gobernadora Pavlovich"}]},{"@type":"WebSite","@id":"https:\/\/www.sonoraenequipo.com.mx\/#website","url":"https:\/\/www.sonoraenequipo.com.mx\/","name":"Sonora en Equipo.","description":"Diario en l\u00ednea con Noticias desde Hermosillo, Sonora","publisher":{"@id":"https:\/\/www.sonoraenequipo.com.mx\/#organization"},"potentialAction":[{"@type":"SearchAction","target":{"@type":"EntryPoint","urlTemplate":"https:\/\/www.sonoraenequipo.com.mx\/?s={search_term_string}"},"query-input":{"@type":"PropertyValueSpecification","valueRequired":true,"valueName":"search_term_string"}}],"inLanguage":"es"},{"@type":"Organization","@id":"https:\/\/www.sonoraenequipo.com.mx\/#organization","name":"Sonoraenequipo.com.mx","url":"https:\/\/www.sonoraenequipo.com.mx\/","logo":{"@type":"ImageObject","inLanguage":"es","@id":"https:\/\/www.sonoraenequipo.com.mx\/#\/schema\/logo\/image\/","url":"https:\/\/www.sonoraenequipo.com.mx\/storage\/2019\/01\/sonoraenequipo_opt.png","contentUrl":"https:\/\/www.sonoraenequipo.com.mx\/storage\/2019\/01\/sonoraenequipo_opt.png","width":375,"height":125,"caption":"Sonoraenequipo.com.mx"},"image":{"@id":"https:\/\/www.sonoraenequipo.com.mx\/#\/schema\/logo\/image\/"},"sameAs":["https:\/\/www.facebook.com\/SonoraEE\/","https:\/\/x.com\/sonoraenequipo","https:\/\/www.youtube.com\/channel\/UC338nW-lPEYmJQs4ZABQ1SQ"]},{"@type":"Person","@id":"https:\/\/www.sonoraenequipo.com.mx\/#\/schema\/person\/50102df0fb23a8fa9e8effad8fa81386","name":"enequipo","image":{"@type":"ImageObject","inLanguage":"es","@id":"https:\/\/www.sonoraenequipo.com.mx\/#\/schema\/person\/image\/","url":"https:\/\/secure.gravatar.com\/avatar\/049821681b589dabc0bc20695993ccebb09f5b5d4d790cd9251b97faac7c652b?s=96&d=blank&r=g","contentUrl":"https:\/\/secure.gravatar.com\/avatar\/049821681b589dabc0bc20695993ccebb09f5b5d4d790cd9251b97faac7c652b?s=96&d=blank&r=g","caption":"enequipo"},"sameAs":["https:\/\/www.facebook.com\/SonoraEE"]}]}},"jetpack_featured_media_url":"https:\/\/www.sonoraenequipo.com.mx\/storage\/2021\/01\/Gobernadora-Pavlovich-1_opt.jpg","_links":{"self":[{"href":"https:\/\/www.sonoraenequipo.com.mx\/api\/wp\/v2\/posts\/104915","targetHints":{"allow":["GET"]}}],"collection":[{"href":"https:\/\/www.sonoraenequipo.com.mx\/api\/wp\/v2\/posts"}],"about":[{"href":"https:\/\/www.sonoraenequipo.com.mx\/api\/wp\/v2\/types\/post"}],"author":[{"embeddable":true,"href":"https:\/\/www.sonoraenequipo.com.mx\/api\/wp\/v2\/users\/1"}],"replies":[{"embeddable":true,"href":"https:\/\/www.sonoraenequipo.com.mx\/api\/wp\/v2\/comments?post=104915"}],"version-history":[{"count":1,"href":"https:\/\/www.sonoraenequipo.com.mx\/api\/wp\/v2\/posts\/104915\/revisions"}],"predecessor-version":[{"id":104923,"href":"https:\/\/www.sonoraenequipo.com.mx\/api\/wp\/v2\/posts\/104915\/revisions\/104923"}],"wp:featuredmedia":[{"embeddable":true,"href":"https:\/\/www.sonoraenequipo.com.mx\/api\/wp\/v2\/media\/104917"}],"wp:attachment":[{"href":"https:\/\/www.sonoraenequipo.com.mx\/api\/wp\/v2\/media?parent=104915"}],"wp:term":[{"taxonomy":"category","embeddable":true,"href":"https:\/\/www.sonoraenequipo.com.mx\/api\/wp\/v2\/categories?post=104915"},{"taxonomy":"post_tag","embeddable":true,"href":"https:\/\/www.sonoraenequipo.com.mx\/api\/wp\/v2\/tags?post=104915"}],"curies":[{"name":"wp","href":"https:\/\/api.w.org\/{rel}","templated":true}]}}