{"id":104924,"date":"2021-01-18T20:30:23","date_gmt":"2021-01-19T03:30:23","guid":{"rendered":"https:\/\/www.sonoraenequipo.com.mx\/?p=104924"},"modified":"2021-01-18T19:00:11","modified_gmt":"2021-01-19T02:00:11","slug":"inician-en-san-carlos-grabaciones-de-telenovela-luis-nunez","status":"publish","type":"post","link":"https:\/\/www.sonoraenequipo.com.mx\/inician-en-san-carlos-grabaciones-de-telenovela-luis-nunez\/","title":{"rendered":"Inician en San Carlos grabaciones de telenovela: Luis N\u00fa\u00f1ez"},"content":{"rendered":"<p>SAN CARLOS NUEVO GUAYMAS, SONORA. MX. \u2014 Sonora cuenta con una amplia variedad de destinos con locaciones incre\u00edbles para grabar series, novelas y pel\u00edculas de talla nacional e internacional, expres\u00f3 Luis N\u00fa\u00f1ez Noriega durante el inicio de grabaciones de la novela Fuego Ardiente.<\/p>\n<p>&nbsp;<\/p>\n<p> <\/p>\n<p>&nbsp;<\/p>\n<p>El coordinador de la Comisi\u00f3n de Fomento al Turismo, acompa\u00f1ado por el productor de esta telenovela, Carlos Moreno, reconoci\u00f3 la importancia de contar con este tipo de producciones para promocionar los destinos de Sonora en otras regiones del pa\u00eds y del extranjero.<\/p>\n<p>&nbsp;<\/p>\n<p><em>\u00abEstamos muy contentos de darle la bienvenida al estado a esta producci\u00f3n, Sonora siempre los recibe con los brazos abiertos, la intenci\u00f3n de la gobernadora Claudia Pavlovich es generar polos de atracci\u00f3n para este tipo de iniciativas para promocionar nuestros destinos y es algo en lo que nos hemos enfocado\u00bb<\/em>, dijo.<\/p>\n<p>&nbsp;<\/p>\n<p>N\u00fa\u00f1ez Noriega reconoci\u00f3 el esfuerzo que la producci\u00f3n de esta telenovela ha realizado para respetar los lineamientos y protocolos establecidos para evitar contagios por Coronavirus, adem\u00e1s de informar que la propia familia tur\u00edstica de Sonora ha hecho lo correcto y se ha capacitado para atender a los visitantes.<\/p>\n<p>&nbsp;<\/p>\n<p><em>\u00abCelebro que todos pongamos de nuestra parta para evitar al COVID, de esa manera todos nos protegemos, todos nos cuidamos y como una gran familia, todos hacemos nuestro esfuerzo para evitar contagios y podemos seguir adelante trabajando por el bien de la econom\u00eda de Sonora y de M\u00e9xico\u00bb<\/em>, mencion\u00f3.<\/p>\n<p>&nbsp;<\/p>\n<p>El productor de esta telenovela, Carlos Moreno, reconoci\u00f3 el impulso que el Gobierno del Estado y la gobernadora Pavlovich Arellano ha otorgado a los municipios y sus destinos para posicionarlos para realizar este tipo de producciones.<\/p>\n<p>&nbsp;<\/p>\n<p><em>\u00abLo \u00fanico que queremos es retratar este rinc\u00f3n de nuestro M\u00e9xico, que es tan hermoso y espero que la gente cuando vea esta novela se le antoje venir aqu\u00ed\u00bb,<\/em> mencion\u00f3 el productor televisivo.<\/p>\n<p>&nbsp;<\/p>\n<p>Carlos Moreno detall\u00f3 que las locaciones elegidas para esta producci\u00f3n, son San Carlos, en el municipio de Guaymas y Navojoa, al sur de Sonora. Adem\u00e1s reiter\u00f3 su compromiso de continuar trabajando apegados a las recomendaciones emitidas por las autoridades de salud para evitar la propagaci\u00f3n del coronavirus.<\/p>\n<p>&nbsp;<\/p>\n<p>Durante el <em>\u00abclaquetazo\u00bb<\/em> oficial de inicio de grabaciones estuvieron los actores: Kuno Becker, Jos\u00e9 Mar\u00eda de Tavira, Carlos Ferro, Mariana Torres, Claudia Martin y Felipe Carrera.<\/p>\n<p>&nbsp;<\/p>\n<h3>En detalle:<\/h3>\n<p><strong>\u2022 Novela: Fuego Ardiente<\/strong><\/p>\n<p><strong>\u2022 Grabaciones: San Carlos y Navojoa<\/strong><\/p>\n<p><strong>\u2022 Empresa: Televisa<\/strong><\/p>\n<p>&nbsp;<\/p>\n<p>(Publicada el 18\/01\/2021)<\/p>\n","protected":false},"excerpt":{"rendered":"<p>SAN CARLOS NUEVO GUAYMAS, SONORA. MX. \u2014 Sonora cuenta con una amplia variedad de destinos&#8230;<\/p>\n","protected":false},"author":1,"featured_media":104920,"comment_status":"open","ping_status":"open","sticky":false,"template":"","format":"standard","meta":{"_monsterinsights_skip_tracking":false,"_monsterinsights_sitenote_active":false,"_monsterinsights_sitenote_note":"","_monsterinsights_sitenote_category":0,"footnotes":""},"categories":[2987],"tags":[],"class_list":["post"],"yoast_head":" \n<title>Sonora en Equipo. Inician en San Carlos grabaciones de telenovela: Luis N\u00fa\u00f1ez Showbiz<\/title>\n<meta name=\"description\" content=\"SAN CARLOS NUEVO GUAYMAS, SONORA. MX. \u2014 Sonora cuenta con una amplia variedad de destinos con locaciones incre\u00edbles para grabar series, novelas y En Sonora en Equipo publicamos toda la informaci\u00f3n de Sonora, M\u00e9xico y el Mundo de manera oportuna y busca que la libertad de expresi\u00f3n sea real. Visita nuestro medio informativo publicado desde Hermosillo, Sonora. %\" \/>\n<meta name=\"robots\" content=\"index, follow, max-snippet:-1, max-image-preview:large, max-video-preview:-1\" \/>\n<link rel=\"canonical\" href=\"https:\/\/www.sonoraenequipo.com.mx\/inician-en-san-carlos-grabaciones-de-telenovela-luis-nunez\/\" \/>\n<meta property=\"og:locale\" content=\"es_ES\" \/>\n<meta property=\"og:type\" content=\"article\" \/>\n<meta property=\"og:title\" content=\"Sonora en Equipo. Inician en San Carlos grabaciones de telenovela: Luis N\u00fa\u00f1ez Showbiz\" \/>\n<meta property=\"og:description\" content=\"SAN CARLOS NUEVO GUAYMAS, SONORA. MX. \u2014 Sonora cuenta con una amplia variedad de destinos con locaciones incre\u00edbles para grabar series, novelas y En Sonora en Equipo publicamos toda la informaci\u00f3n de Sonora, M\u00e9xico y el Mundo de manera oportuna y busca que la libertad de expresi\u00f3n sea real. Visita nuestro medio informativo publicado desde Hermosillo, Sonora. %\" \/>\n<meta property=\"og:url\" content=\"https:\/\/www.sonoraenequipo.com.mx\/inician-en-san-carlos-grabaciones-de-telenovela-luis-nunez\/\" \/>\n<meta property=\"og:site_name\" content=\"Sonora en Equipo.\" \/>\n<meta property=\"article:publisher\" content=\"https:\/\/www.facebook.com\/SonoraEE\/\" \/>\n<meta property=\"article:author\" content=\"https:\/\/www.facebook.com\/SonoraEE\" \/>\n<meta property=\"article:published_time\" content=\"2021-01-19T03:30:23+00:00\" \/>\n<meta property=\"og:image\" content=\"https:\/\/www.sonoraenequipo.com.mx\/storage\/2021\/01\/grabaciones-de-telenovela-2_opt.jpg\" \/>\n\t<meta property=\"og:image:width\" content=\"684\" \/>\n\t<meta property=\"og:image:height\" content=\"500\" \/>\n\t<meta property=\"og:image:type\" content=\"image\/jpeg\" \/>\n<meta name=\"author\" content=\"enequipo\" \/>\n<meta name=\"twitter:card\" content=\"summary_large_image\" \/>\n<meta name=\"twitter:creator\" content=\"@sonoraenequipo\" \/>\n<meta name=\"twitter:site\" content=\"@sonoraenequipo\" \/>\n<meta name=\"twitter:label1\" content=\"Escrito por\" \/>\n\t<meta name=\"twitter:data1\" content=\"enequipo\" \/>\n\t<meta name=\"twitter:label2\" content=\"Tiempo de lectura\" \/>\n\t<meta name=\"twitter:data2\" content=\"2 minutos\" \/>\n<script type=\"application\/ld+json\" class=\"yoast-schema-graph\">{\"@context\":\"https:\/\/schema.org\",\"@graph\":[{\"@type\":\"Article\",\"@id\":\"https:\/\/www.sonoraenequipo.com.mx\/inician-en-san-carlos-grabaciones-de-telenovela-luis-nunez\/#article\",\"isPartOf\":{\"@id\":\"https:\/\/www.sonoraenequipo.com.mx\/inician-en-san-carlos-grabaciones-de-telenovela-luis-nunez\/\"},\"author\":{\"name\":\"enequipo\",\"@id\":\"https:\/\/www.sonoraenequipo.com.mx\/#\/schema\/person\/50102df0fb23a8fa9e8effad8fa81386\"},\"headline\":\"Inician en San Carlos grabaciones de telenovela: Luis N\u00fa\u00f1ez\",\"datePublished\":\"2021-01-19T03:30:23+00:00\",\"mainEntityOfPage\":{\"@id\":\"https:\/\/www.sonoraenequipo.com.mx\/inician-en-san-carlos-grabaciones-de-telenovela-luis-nunez\/\"},\"wordCount\":430,\"commentCount\":0,\"publisher\":{\"@id\":\"https:\/\/www.sonoraenequipo.com.mx\/#organization\"},\"image\":{\"@id\":\"https:\/\/www.sonoraenequipo.com.mx\/inician-en-san-carlos-grabaciones-de-telenovela-luis-nunez\/#primaryimage\"},\"thumbnailUrl\":\"https:\/\/www.sonoraenequipo.com.mx\/storage\/2021\/01\/grabaciones-de-telenovela-2_opt.jpg\",\"articleSection\":[\"Showbiz\"],\"inLanguage\":\"es\",\"potentialAction\":[{\"@type\":\"CommentAction\",\"name\":\"Comment\",\"target\":[\"https:\/\/www.sonoraenequipo.com.mx\/inician-en-san-carlos-grabaciones-de-telenovela-luis-nunez\/#respond\"]}]},{\"@type\":\"WebPage\",\"@id\":\"https:\/\/www.sonoraenequipo.com.mx\/inician-en-san-carlos-grabaciones-de-telenovela-luis-nunez\/\",\"url\":\"https:\/\/www.sonoraenequipo.com.mx\/inician-en-san-carlos-grabaciones-de-telenovela-luis-nunez\/\",\"name\":\"Sonora en Equipo. Inician en San Carlos grabaciones de telenovela: Luis N\u00fa\u00f1ez Showbiz\",\"isPartOf\":{\"@id\":\"https:\/\/www.sonoraenequipo.com.mx\/#website\"},\"primaryImageOfPage\":{\"@id\":\"https:\/\/www.sonoraenequipo.com.mx\/inician-en-san-carlos-grabaciones-de-telenovela-luis-nunez\/#primaryimage\"},\"image\":{\"@id\":\"https:\/\/www.sonoraenequipo.com.mx\/inician-en-san-carlos-grabaciones-de-telenovela-luis-nunez\/#primaryimage\"},\"thumbnailUrl\":\"https:\/\/www.sonoraenequipo.com.mx\/storage\/2021\/01\/grabaciones-de-telenovela-2_opt.jpg\",\"datePublished\":\"2021-01-19T03:30:23+00:00\",\"description\":\"SAN CARLOS NUEVO GUAYMAS, SONORA. MX. \u2014 Sonora cuenta con una amplia variedad de destinos con locaciones incre\u00edbles para grabar series, novelas y En Sonora en Equipo publicamos toda la informaci\u00f3n de Sonora, M\u00e9xico y el Mundo de manera oportuna y busca que la libertad de expresi\u00f3n sea real. Visita nuestro medio informativo publicado desde Hermosillo, Sonora. %\",\"breadcrumb\":{\"@id\":\"https:\/\/www.sonoraenequipo.com.mx\/inician-en-san-carlos-grabaciones-de-telenovela-luis-nunez\/#breadcrumb\"},\"inLanguage\":\"es\",\"potentialAction\":[{\"@type\":\"ReadAction\",\"target\":[\"https:\/\/www.sonoraenequipo.com.mx\/inician-en-san-carlos-grabaciones-de-telenovela-luis-nunez\/\"]}]},{\"@type\":\"ImageObject\",\"inLanguage\":\"es\",\"@id\":\"https:\/\/www.sonoraenequipo.com.mx\/inician-en-san-carlos-grabaciones-de-telenovela-luis-nunez\/#primaryimage\",\"url\":\"https:\/\/www.sonoraenequipo.com.mx\/storage\/2021\/01\/grabaciones-de-telenovela-2_opt.jpg\",\"contentUrl\":\"https:\/\/www.sonoraenequipo.com.mx\/storage\/2021\/01\/grabaciones-de-telenovela-2_opt.jpg\",\"width\":684,\"height\":500},{\"@type\":\"BreadcrumbList\",\"@id\":\"https:\/\/www.sonoraenequipo.com.mx\/inician-en-san-carlos-grabaciones-de-telenovela-luis-nunez\/#breadcrumb\",\"itemListElement\":[{\"@type\":\"ListItem\",\"position\":1,\"name\":\"Portada\",\"item\":\"https:\/\/www.sonoraenequipo.com.mx\/\"},{\"@type\":\"ListItem\",\"position\":2,\"name\":\"Inician en San Carlos grabaciones de telenovela: Luis N\u00fa\u00f1ez\"}]},{\"@type\":\"WebSite\",\"@id\":\"https:\/\/www.sonoraenequipo.com.mx\/#website\",\"url\":\"https:\/\/www.sonoraenequipo.com.mx\/\",\"name\":\"Sonora en Equipo.\",\"description\":\"Diario en l\u00ednea con Noticias desde Hermosillo, Sonora\",\"publisher\":{\"@id\":\"https:\/\/www.sonoraenequipo.com.mx\/#organization\"},\"potentialAction\":[{\"@type\":\"SearchAction\",\"target\":{\"@type\":\"EntryPoint\",\"urlTemplate\":\"https:\/\/www.sonoraenequipo.com.mx\/?s={search_term_string}\"},\"query-input\":{\"@type\":\"PropertyValueSpecification\",\"valueRequired\":true,\"valueName\":\"search_term_string\"}}],\"inLanguage\":\"es\"},{\"@type\":\"Organization\",\"@id\":\"https:\/\/www.sonoraenequipo.com.mx\/#organization\",\"name\":\"Sonoraenequipo.com.mx\",\"url\":\"https:\/\/www.sonoraenequipo.com.mx\/\",\"logo\":{\"@type\":\"ImageObject\",\"inLanguage\":\"es\",\"@id\":\"https:\/\/www.sonoraenequipo.com.mx\/#\/schema\/logo\/image\/\",\"url\":\"https:\/\/www.sonoraenequipo.com.mx\/storage\/2019\/01\/sonoraenequipo_opt.png\",\"contentUrl\":\"https:\/\/www.sonoraenequipo.com.mx\/storage\/2019\/01\/sonoraenequipo_opt.png\",\"width\":375,\"height\":125,\"caption\":\"Sonoraenequipo.com.mx\"},\"image\":{\"@id\":\"https:\/\/www.sonoraenequipo.com.mx\/#\/schema\/logo\/image\/\"},\"sameAs\":[\"https:\/\/www.facebook.com\/SonoraEE\/\",\"https:\/\/x.com\/sonoraenequipo\",\"https:\/\/www.youtube.com\/channel\/UC338nW-lPEYmJQs4ZABQ1SQ\"]},{\"@type\":\"Person\",\"@id\":\"https:\/\/www.sonoraenequipo.com.mx\/#\/schema\/person\/50102df0fb23a8fa9e8effad8fa81386\",\"name\":\"enequipo\",\"image\":{\"@type\":\"ImageObject\",\"inLanguage\":\"es\",\"@id\":\"https:\/\/www.sonoraenequipo.com.mx\/#\/schema\/person\/image\/\",\"url\":\"https:\/\/secure.gravatar.com\/avatar\/049821681b589dabc0bc20695993ccebb09f5b5d4d790cd9251b97faac7c652b?s=96&d=blank&r=g\",\"contentUrl\":\"https:\/\/secure.gravatar.com\/avatar\/049821681b589dabc0bc20695993ccebb09f5b5d4d790cd9251b97faac7c652b?s=96&d=blank&r=g\",\"caption\":\"enequipo\"},\"sameAs\":[\"https:\/\/www.facebook.com\/SonoraEE\"]}]}<\/script>\n ","yoast_head_json":{"title":"Sonora en Equipo. Inician en San Carlos grabaciones de telenovela: Luis N\u00fa\u00f1ez Showbiz","description":"SAN CARLOS NUEVO GUAYMAS, SONORA. MX. \u2014 Sonora cuenta con una amplia variedad de destinos con locaciones incre\u00edbles para grabar series, novelas y En Sonora en Equipo publicamos toda la informaci\u00f3n de Sonora, M\u00e9xico y el Mundo de manera oportuna y busca que la libertad de expresi\u00f3n sea real. Visita nuestro medio informativo publicado desde Hermosillo, Sonora. %","robots":{"index":"index","follow":"follow","max-snippet":"max-snippet:-1","max-image-preview":"max-image-preview:large","max-video-preview":"max-video-preview:-1"},"canonical":"https:\/\/www.sonoraenequipo.com.mx\/inician-en-san-carlos-grabaciones-de-telenovela-luis-nunez\/","og_locale":"es_ES","og_type":"article","og_title":"Sonora en Equipo. Inician en San Carlos grabaciones de telenovela: Luis N\u00fa\u00f1ez Showbiz","og_description":"SAN CARLOS NUEVO GUAYMAS, SONORA. MX. \u2014 Sonora cuenta con una amplia variedad de destinos con locaciones incre\u00edbles para grabar series, novelas y En Sonora en Equipo publicamos toda la informaci\u00f3n de Sonora, M\u00e9xico y el Mundo de manera oportuna y busca que la libertad de expresi\u00f3n sea real. Visita nuestro medio informativo publicado desde Hermosillo, Sonora. %","og_url":"https:\/\/www.sonoraenequipo.com.mx\/inician-en-san-carlos-grabaciones-de-telenovela-luis-nunez\/","og_site_name":"Sonora en Equipo.","article_publisher":"https:\/\/www.facebook.com\/SonoraEE\/","article_author":"https:\/\/www.facebook.com\/SonoraEE","article_published_time":"2021-01-19T03:30:23+00:00","og_image":[{"width":684,"height":500,"url":"https:\/\/www.sonoraenequipo.com.mx\/storage\/2021\/01\/grabaciones-de-telenovela-2_opt.jpg","type":"image\/jpeg"}],"author":"enequipo","twitter_card":"summary_large_image","twitter_creator":"@sonoraenequipo","twitter_site":"@sonoraenequipo","twitter_misc":{"Escrito por":"enequipo","Tiempo de lectura":"2 minutos"},"schema":{"@context":"https:\/\/schema.org","@graph":[{"@type":"Article","@id":"https:\/\/www.sonoraenequipo.com.mx\/inician-en-san-carlos-grabaciones-de-telenovela-luis-nunez\/#article","isPartOf":{"@id":"https:\/\/www.sonoraenequipo.com.mx\/inician-en-san-carlos-grabaciones-de-telenovela-luis-nunez\/"},"author":{"name":"enequipo","@id":"https:\/\/www.sonoraenequipo.com.mx\/#\/schema\/person\/50102df0fb23a8fa9e8effad8fa81386"},"headline":"Inician en San Carlos grabaciones de telenovela: Luis N\u00fa\u00f1ez","datePublished":"2021-01-19T03:30:23+00:00","mainEntityOfPage":{"@id":"https:\/\/www.sonoraenequipo.com.mx\/inician-en-san-carlos-grabaciones-de-telenovela-luis-nunez\/"},"wordCount":430,"commentCount":0,"publisher":{"@id":"https:\/\/www.sonoraenequipo.com.mx\/#organization"},"image":{"@id":"https:\/\/www.sonoraenequipo.com.mx\/inician-en-san-carlos-grabaciones-de-telenovela-luis-nunez\/#primaryimage"},"thumbnailUrl":"https:\/\/www.sonoraenequipo.com.mx\/storage\/2021\/01\/grabaciones-de-telenovela-2_opt.jpg","articleSection":["Showbiz"],"inLanguage":"es","potentialAction":[{"@type":"CommentAction","name":"Comment","target":["https:\/\/www.sonoraenequipo.com.mx\/inician-en-san-carlos-grabaciones-de-telenovela-luis-nunez\/#respond"]}]},{"@type":"WebPage","@id":"https:\/\/www.sonoraenequipo.com.mx\/inician-en-san-carlos-grabaciones-de-telenovela-luis-nunez\/","url":"https:\/\/www.sonoraenequipo.com.mx\/inician-en-san-carlos-grabaciones-de-telenovela-luis-nunez\/","name":"Sonora en Equipo. Inician en San Carlos grabaciones de telenovela: Luis N\u00fa\u00f1ez Showbiz","isPartOf":{"@id":"https:\/\/www.sonoraenequipo.com.mx\/#website"},"primaryImageOfPage":{"@id":"https:\/\/www.sonoraenequipo.com.mx\/inician-en-san-carlos-grabaciones-de-telenovela-luis-nunez\/#primaryimage"},"image":{"@id":"https:\/\/www.sonoraenequipo.com.mx\/inician-en-san-carlos-grabaciones-de-telenovela-luis-nunez\/#primaryimage"},"thumbnailUrl":"https:\/\/www.sonoraenequipo.com.mx\/storage\/2021\/01\/grabaciones-de-telenovela-2_opt.jpg","datePublished":"2021-01-19T03:30:23+00:00","description":"SAN CARLOS NUEVO GUAYMAS, SONORA. MX. \u2014 Sonora cuenta con una amplia variedad de destinos con locaciones incre\u00edbles para grabar series, novelas y En Sonora en Equipo publicamos toda la informaci\u00f3n de Sonora, M\u00e9xico y el Mundo de manera oportuna y busca que la libertad de expresi\u00f3n sea real. Visita nuestro medio informativo publicado desde Hermosillo, Sonora. %","breadcrumb":{"@id":"https:\/\/www.sonoraenequipo.com.mx\/inician-en-san-carlos-grabaciones-de-telenovela-luis-nunez\/#breadcrumb"},"inLanguage":"es","potentialAction":[{"@type":"ReadAction","target":["https:\/\/www.sonoraenequipo.com.mx\/inician-en-san-carlos-grabaciones-de-telenovela-luis-nunez\/"]}]},{"@type":"ImageObject","inLanguage":"es","@id":"https:\/\/www.sonoraenequipo.com.mx\/inician-en-san-carlos-grabaciones-de-telenovela-luis-nunez\/#primaryimage","url":"https:\/\/www.sonoraenequipo.com.mx\/storage\/2021\/01\/grabaciones-de-telenovela-2_opt.jpg","contentUrl":"https:\/\/www.sonoraenequipo.com.mx\/storage\/2021\/01\/grabaciones-de-telenovela-2_opt.jpg","width":684,"height":500},{"@type":"BreadcrumbList","@id":"https:\/\/www.sonoraenequipo.com.mx\/inician-en-san-carlos-grabaciones-de-telenovela-luis-nunez\/#breadcrumb","itemListElement":[{"@type":"ListItem","position":1,"name":"Portada","item":"https:\/\/www.sonoraenequipo.com.mx\/"},{"@type":"ListItem","position":2,"name":"Inician en San Carlos grabaciones de telenovela: Luis N\u00fa\u00f1ez"}]},{"@type":"WebSite","@id":"https:\/\/www.sonoraenequipo.com.mx\/#website","url":"https:\/\/www.sonoraenequipo.com.mx\/","name":"Sonora en Equipo.","description":"Diario en l\u00ednea con Noticias desde Hermosillo, Sonora","publisher":{"@id":"https:\/\/www.sonoraenequipo.com.mx\/#organization"},"potentialAction":[{"@type":"SearchAction","target":{"@type":"EntryPoint","urlTemplate":"https:\/\/www.sonoraenequipo.com.mx\/?s={search_term_string}"},"query-input":{"@type":"PropertyValueSpecification","valueRequired":true,"valueName":"search_term_string"}}],"inLanguage":"es"},{"@type":"Organization","@id":"https:\/\/www.sonoraenequipo.com.mx\/#organization","name":"Sonoraenequipo.com.mx","url":"https:\/\/www.sonoraenequipo.com.mx\/","logo":{"@type":"ImageObject","inLanguage":"es","@id":"https:\/\/www.sonoraenequipo.com.mx\/#\/schema\/logo\/image\/","url":"https:\/\/www.sonoraenequipo.com.mx\/storage\/2019\/01\/sonoraenequipo_opt.png","contentUrl":"https:\/\/www.sonoraenequipo.com.mx\/storage\/2019\/01\/sonoraenequipo_opt.png","width":375,"height":125,"caption":"Sonoraenequipo.com.mx"},"image":{"@id":"https:\/\/www.sonoraenequipo.com.mx\/#\/schema\/logo\/image\/"},"sameAs":["https:\/\/www.facebook.com\/SonoraEE\/","https:\/\/x.com\/sonoraenequipo","https:\/\/www.youtube.com\/channel\/UC338nW-lPEYmJQs4ZABQ1SQ"]},{"@type":"Person","@id":"https:\/\/www.sonoraenequipo.com.mx\/#\/schema\/person\/50102df0fb23a8fa9e8effad8fa81386","name":"enequipo","image":{"@type":"ImageObject","inLanguage":"es","@id":"https:\/\/www.sonoraenequipo.com.mx\/#\/schema\/person\/image\/","url":"https:\/\/secure.gravatar.com\/avatar\/049821681b589dabc0bc20695993ccebb09f5b5d4d790cd9251b97faac7c652b?s=96&d=blank&r=g","contentUrl":"https:\/\/secure.gravatar.com\/avatar\/049821681b589dabc0bc20695993ccebb09f5b5d4d790cd9251b97faac7c652b?s=96&d=blank&r=g","caption":"enequipo"},"sameAs":["https:\/\/www.facebook.com\/SonoraEE"]}]}},"jetpack_featured_media_url":"https:\/\/www.sonoraenequipo.com.mx\/storage\/2021\/01\/grabaciones-de-telenovela-2_opt.jpg","_links":{"self":[{"href":"https:\/\/www.sonoraenequipo.com.mx\/api\/wp\/v2\/posts\/104924","targetHints":{"allow":["GET"]}}],"collection":[{"href":"https:\/\/www.sonoraenequipo.com.mx\/api\/wp\/v2\/posts"}],"about":[{"href":"https:\/\/www.sonoraenequipo.com.mx\/api\/wp\/v2\/types\/post"}],"author":[{"embeddable":true,"href":"https:\/\/www.sonoraenequipo.com.mx\/api\/wp\/v2\/users\/1"}],"replies":[{"embeddable":true,"href":"https:\/\/www.sonoraenequipo.com.mx\/api\/wp\/v2\/comments?post=104924"}],"version-history":[{"count":1,"href":"https:\/\/www.sonoraenequipo.com.mx\/api\/wp\/v2\/posts\/104924\/revisions"}],"predecessor-version":[{"id":104925,"href":"https:\/\/www.sonoraenequipo.com.mx\/api\/wp\/v2\/posts\/104924\/revisions\/104925"}],"wp:featuredmedia":[{"embeddable":true,"href":"https:\/\/www.sonoraenequipo.com.mx\/api\/wp\/v2\/media\/104920"}],"wp:attachment":[{"href":"https:\/\/www.sonoraenequipo.com.mx\/api\/wp\/v2\/media?parent=104924"}],"wp:term":[{"taxonomy":"category","embeddable":true,"href":"https:\/\/www.sonoraenequipo.com.mx\/api\/wp\/v2\/categories?post=104924"},{"taxonomy":"post_tag","embeddable":true,"href":"https:\/\/www.sonoraenequipo.com.mx\/api\/wp\/v2\/tags?post=104924"}],"curies":[{"name":"wp","href":"https:\/\/api.w.org\/{rel}","templated":true}]}}